{"id":24878,"date":"2018-04-14T09:19:13","date_gmt":"2018-04-14T07:19:13","guid":{"rendered":"https:\/\/guineediversite.com\/?p=24878"},"modified":"2018-04-14T09:19:13","modified_gmt":"2018-04-14T07:19:13","slug":"economie-laccord-sur-la-creation-dune-zone-de-libre-echange-continentale-africaine-deja-signe","status":"publish","type":"post","link":"https:\/\/guineediversite.com\/index.php\/2018\/04\/14\/economie-laccord-sur-la-creation-dune-zone-de-libre-echange-continentale-africaine-deja-signe\/","title":{"rendered":"ECONOMIE : l\u2019accord sur la cr\u00e9ation d\u2019une zone de libre-\u00e9change Continentale Africaine d\u00e9j\u00e0 sign\u00e9."},"content":{"rendered":"<p><strong>\u00a0Le ministre du commerce, Marc Yombouno accompagn\u00e9 de son homologue des affaires \u00e9trang\u00e8res a fait la restitution des n\u00e9gociations commerciales qui ont abouties \u00e0 la signature de l\u2019accord portant cr\u00e9ation de la zone de libre-\u00e9change continentale africaine(ZLECAF). C\u2019\u00e9tait \u00e0 l\u2019occasion d\u2019un point de presse qu\u2019il a anim\u00e9 ce mercredi 11 avril 2018, dans un complexe h\u00f4telier de la capitale.<\/strong><\/p>\n<p>En effet, la signature de cet accord a eu lieu le 21 mars dernier \u00e0 Kigali. Il est le fruit de deux ann\u00e9es de n\u00e9gociations. Quarante quatre Etats membres ont sign\u00e9s l\u2019accord sur la ZLECAF, 43 ont sign\u00e9s la d\u00e9claration de Kigali, et 27 ont sign\u00e9s le protocole sur la circulation des personnes et le passeport africain. Quant \u00e0 la r\u00e9publique de Guin\u00e9e, elle a sign\u00e9e l\u2019accord sur la ZLECAF, le protocole d\u2019accord sur la libre circulation des personnes et le passeport africain, ainsi que la d\u00e9claration de Kigali. Selon le ministre du commerce, cet accord est une \u00e9tape importante que l\u2019Union Africaine vient de franchir.<\/p>\n<p><img loading=\"lazy\" decoding=\"async\" class=\"alignnone  wp-image-24880\" src=\"https:\/\/guineediversite.com.bwjx4292.odns.fr\/wp-content\/uploads\/2018\/04\/30180179_1698550540233672_333543718_n-300x225.jpg\" alt=\"\" width=\"952\" height=\"714\" srcset=\"https:\/\/guineediversite.com\/wp-content\/uploads\/2018\/04\/30180179_1698550540233672_333543718_n-300x225.jpg 300w, https:\/\/guineediversite.com\/wp-content\/uploads\/2018\/04\/30180179_1698550540233672_333543718_n-768x576.jpg 768w, https:\/\/guineediversite.com\/wp-content\/uploads\/2018\/04\/30180179_1698550540233672_333543718_n-1024x768.jpg 1024w, https:\/\/guineediversite.com\/wp-content\/uploads\/2018\/04\/30180179_1698550540233672_333543718_n-600x450.jpg 600w, https:\/\/guineediversite.com\/wp-content\/uploads\/2018\/04\/30180179_1698550540233672_333543718_n-678x509.jpg 678w, https:\/\/guineediversite.com\/wp-content\/uploads\/2018\/04\/30180179_1698550540233672_333543718_n-326x245.jpg 326w, https:\/\/guineediversite.com\/wp-content\/uploads\/2018\/04\/30180179_1698550540233672_333543718_n-80x60.jpg 80w\" sizes=\"(max-width: 952px) 100vw, 952px\" \/><\/p>\n<p>\u00ab <em>C\u2019est un accord historique qui a impliqu\u00e9 toutes les couches guin\u00e9ennes dans son accomplissement et toute l\u2019Afrique. Depuis des ann\u00e9es 95 au sommet d\u2019Abuja, les chefs d\u2019Etats Africains ont pens\u00e9s mettre en place une zone de libre d\u2019\u00e9change. Mais ce n\u2019est qu\u2019en 2012 que les acticit\u00e9s ont \u00e9t\u00e9 vraiment accentu\u00e9es. Et c\u2019est sous la pr\u00e9sidence du Pr Alpha cond\u00e9 en tant que pr\u00e9sident de l\u2019Union Africaine que les choses ont r\u00e9ellement d\u00e9marr\u00e9 et les travaux ont abouti \u00e0 la mise en \u0153uvre de cet accord de libre-\u00e9change continental africaine. Pour la Guin\u00e9e, le gouvernement a d\u00e9cid\u00e9 de mettre en place une commission nationale pluridisciplinaire qui va travailler sur les recommandations et les mesures \u00e0 prendre pour que notre pays soit en phase avec les dispositifs r\u00e9glementaires et tous ceux qui a lieu pour b\u00e9n\u00e9ficier de cet accord historique, <\/em>\u00bb souligne Marc Yombouno.<\/p>\n<p>La ZLECAF vise entre autre le renforcement de la comp\u00e9titive \u00e0 tous les niveaux, sp\u00e9cifiquement au niveau des industries et des entreprises. Cela en exploitant les possibilit\u00e9s d\u2019\u00e9conomie d\u2019\u00e9chelle, en r\u00e9duisant les co\u00fbts qu\u2019elles supportent, en d\u00e9veloppant des industries commerciales en vue de surmonter la d\u00e9pendance \u00e0 l\u2019exportation de produits primaires.<\/p>\n<p>Elle permettra \u00e9galement de promouvoir la transformation sociale et \u00e9conomique pour une croissance inclusive, l\u2019industrialisation et le d\u00e9veloppement durable conform\u00e9ment \u00e0 l\u2019agenda 2063 de l\u2019union africaine. Parlant des avantages, la ZLECAF offrira des opportunit\u00e9s aux agriculteurs, aux secteurs priv\u00e9s, aux femmes et aux jeunes, \u00e0 travers entre autres la cr\u00e9ation des cha\u00eenes de valeur inter\u00e9tatiques, l\u2019expansion et la diversification de la production et du commerce, l\u2019augmentation des possibilit\u00e9s d\u2019emploi dans tous les domaines, la r\u00e9duction des co\u00fbts des transactions de production.<\/p>\n<p>Le d\u00e9fi pour la Guin\u00e9e sera l\u2019ouverture du march\u00e9 guin\u00e9en qui impliquera une concurrence plus forte pour les entreprises sur le march\u00e9 r\u00e9gional de la CEDEAO mais surtout sur le march\u00e9 africain.<\/p>\n","protected":false},"excerpt":{"rendered":"<p>\u00a0Le ministre du commerce, Marc Yombouno accompagn\u00e9 de son homologue des affaires \u00e9trang\u00e8res a fait la restitution des n\u00e9gociations commerciales qui ont abouties \u00e0 la signature de l\u2019accord portant cr\u00e9ation de la zone de libre-\u00e9change continentale africaine(ZLECAF). C\u2019\u00e9tait \u00e0 l\u2019occasion d\u2019un point de presse qu\u2019il a anim\u00e9 ce mercredi 11 avril 2018, dans un complexe [&hellip;]<\/p>\n","protected":false},"author":10,"featured_media":24879,"comment_status":"closed","ping_status":"closed","sticky":false,"template":"","format":"standard","meta":{"_exactmetrics_skip_tracking":false,"_exactmetrics_sitenote_active":false,"_exactmetrics_sitenote_note":"","_exactmetrics_sitenote_category":0,"tdm_status":"","tdm_grid_status":"","footnotes":""},"categories":[15],"tags":[],"class_list":{"0":"post-24878","1":"post","2":"type-post","3":"status-publish","4":"format-standard","5":"has-post-thumbnail","7":"category-economie"},"yoast_head":"<!-- This site is optimized with the Yoast SEO plugin v24.2 - https:\/\/yoast.com\/wordpress\/plugins\/seo\/ -->\n<title>ECONOMIE : l\u2019accord sur la cr\u00e9ation d\u2019une zone de libre-\u00e9change Continentale Africaine d\u00e9j\u00e0 sign\u00e9. | Guin\u00e9e Diversit\u00e9<\/title>\n<meta name=\"robots\" content=\"index, follow, max-snippet:-1, max-image-preview:large, max-video-preview:-1\" \/>\n<link rel=\"canonical\" href=\"https:\/\/guineediversite.com\/index.php\/2018\/04\/14\/economie-laccord-sur-la-creation-dune-zone-de-libre-echange-continentale-africaine-deja-signe\/\" \/>\n<meta property=\"og:locale\" content=\"fr_FR\" \/>\n<meta property=\"og:type\" content=\"article\" \/>\n<meta property=\"og:title\" content=\"ECONOMIE : l\u2019accord sur la cr\u00e9ation d\u2019une zone de libre-\u00e9change Continentale Africaine d\u00e9j\u00e0 sign\u00e9. | Guin\u00e9e Diversit\u00e9\" \/>\n<meta property=\"og:description\" content=\"\u00a0Le ministre du commerce, Marc Yombouno accompagn\u00e9 de son homologue des affaires \u00e9trang\u00e8res a fait la restitution des n\u00e9gociations commerciales qui ont abouties \u00e0 la signature de l\u2019accord portant cr\u00e9ation de la zone de libre-\u00e9change continentale africaine(ZLECAF). C\u2019\u00e9tait \u00e0 l\u2019occasion d\u2019un point de presse qu\u2019il a anim\u00e9 ce mercredi 11 avril 2018, dans un complexe [&hellip;]\" \/>\n<meta property=\"og:url\" content=\"https:\/\/guineediversite.com\/index.php\/2018\/04\/14\/economie-laccord-sur-la-creation-dune-zone-de-libre-echange-continentale-africaine-deja-signe\/\" \/>\n<meta property=\"og:site_name\" content=\"Guin\u00e9e Diversit\u00e9\" \/>\n<meta property=\"article:publisher\" content=\"https:\/\/www.facebook.com\/guineediversite\/\" \/>\n<meta property=\"article:published_time\" content=\"2018-04-14T07:19:13+00:00\" \/>\n<meta property=\"og:image\" content=\"https:\/\/guineediversite.com\/wp-content\/uploads\/2018\/04\/30421607_1698550560233670_1160797301_n.jpg\" \/>\n\t<meta property=\"og:image:width\" content=\"7680\" \/>\n\t<meta property=\"og:image:height\" content=\"5760\" \/>\n\t<meta property=\"og:image:type\" content=\"image\/jpeg\" \/>\n<meta name=\"author\" content=\"Morcire Camara\" \/>\n<meta name=\"twitter:card\" content=\"summary_large_image\" \/>\n<meta name=\"twitter:creator\" content=\"@GuineeDiversite\" \/>\n<meta name=\"twitter:site\" content=\"@GuineeDiversite\" \/>\n<meta name=\"twitter:label1\" content=\"\u00c9crit par\" \/>\n\t<meta name=\"twitter:data1\" content=\"Morcire Camara\" \/>\n\t<meta name=\"twitter:label2\" content=\"Dur\u00e9e de lecture estim\u00e9e\" \/>\n\t<meta name=\"twitter:data2\" content=\"3 minutes\" \/>\n<script type=\"application\/ld+json\" class=\"yoast-schema-graph\">{\"@context\":\"https:\/\/schema.org\",\"@graph\":[{\"@type\":\"Article\",\"@id\":\"https:\/\/guineediversite.com\/index.php\/2018\/04\/14\/economie-laccord-sur-la-creation-dune-zone-de-libre-echange-continentale-africaine-deja-signe\/#article\",\"isPartOf\":{\"@id\":\"https:\/\/guineediversite.com\/index.php\/2018\/04\/14\/economie-laccord-sur-la-creation-dune-zone-de-libre-echange-continentale-africaine-deja-signe\/\"},\"author\":{\"name\":\"Morcire Camara\",\"@id\":\"https:\/\/guineediversite.com\/#\/schema\/person\/fa362494c47202ce4b3adf55abcc9d01\"},\"headline\":\"ECONOMIE : l\u2019accord sur la cr\u00e9ation d\u2019une zone de libre-\u00e9change Continentale Africaine d\u00e9j\u00e0 sign\u00e9.\",\"datePublished\":\"2018-04-14T07:19:13+00:00\",\"dateModified\":\"2018-04-14T07:19:13+00:00\",\"mainEntityOfPage\":{\"@id\":\"https:\/\/guineediversite.com\/index.php\/2018\/04\/14\/economie-laccord-sur-la-creation-dune-zone-de-libre-echange-continentale-africaine-deja-signe\/\"},\"wordCount\":551,\"publisher\":{\"@id\":\"https:\/\/guineediversite.com\/#organization\"},\"image\":{\"@id\":\"https:\/\/guineediversite.com\/index.php\/2018\/04\/14\/economie-laccord-sur-la-creation-dune-zone-de-libre-echange-continentale-africaine-deja-signe\/#primaryimage\"},\"thumbnailUrl\":\"https:\/\/guineediversite.com\/wp-content\/uploads\/2018\/04\/30421607_1698550560233670_1160797301_n.jpg\",\"articleSection\":[\"Economie\"],\"inLanguage\":\"fr-FR\"},{\"@type\":\"WebPage\",\"@id\":\"https:\/\/guineediversite.com\/index.php\/2018\/04\/14\/economie-laccord-sur-la-creation-dune-zone-de-libre-echange-continentale-africaine-deja-signe\/\",\"url\":\"https:\/\/guineediversite.com\/index.php\/2018\/04\/14\/economie-laccord-sur-la-creation-dune-zone-de-libre-echange-continentale-africaine-deja-signe\/\",\"name\":\"ECONOMIE : l\u2019accord sur la cr\u00e9ation d\u2019une zone de libre-\u00e9change Continentale Africaine d\u00e9j\u00e0 sign\u00e9. | Guin\u00e9e Diversit\u00e9\",\"isPartOf\":{\"@id\":\"https:\/\/guineediversite.com\/#website\"},\"primaryImageOfPage\":{\"@id\":\"https:\/\/guineediversite.com\/index.php\/2018\/04\/14\/economie-laccord-sur-la-creation-dune-zone-de-libre-echange-continentale-africaine-deja-signe\/#primaryimage\"},\"image\":{\"@id\":\"https:\/\/guineediversite.com\/index.php\/2018\/04\/14\/economie-laccord-sur-la-creation-dune-zone-de-libre-echange-continentale-africaine-deja-signe\/#primaryimage\"},\"thumbnailUrl\":\"https:\/\/guineediversite.com\/wp-content\/uploads\/2018\/04\/30421607_1698550560233670_1160797301_n.jpg\",\"datePublished\":\"2018-04-14T07:19:13+00:00\",\"dateModified\":\"2018-04-14T07:19:13+00:00\",\"breadcrumb\":{\"@id\":\"https:\/\/guineediversite.com\/index.php\/2018\/04\/14\/economie-laccord-sur-la-creation-dune-zone-de-libre-echange-continentale-africaine-deja-signe\/#breadcrumb\"},\"inLanguage\":\"fr-FR\",\"potentialAction\":[{\"@type\":\"ReadAction\",\"target\":[\"https:\/\/guineediversite.com\/index.php\/2018\/04\/14\/economie-laccord-sur-la-creation-dune-zone-de-libre-echange-continentale-africaine-deja-signe\/\"]}]},{\"@type\":\"ImageObject\",\"inLanguage\":\"fr-FR\",\"@id\":\"https:\/\/guineediversite.com\/index.php\/2018\/04\/14\/economie-laccord-sur-la-creation-dune-zone-de-libre-echange-continentale-africaine-deja-signe\/#primaryimage\",\"url\":\"https:\/\/guineediversite.com\/wp-content\/uploads\/2018\/04\/30421607_1698550560233670_1160797301_n.jpg\",\"contentUrl\":\"https:\/\/guineediversite.com\/wp-content\/uploads\/2018\/04\/30421607_1698550560233670_1160797301_n.jpg\",\"width\":\"7680\",\"height\":\"5760\"},{\"@type\":\"BreadcrumbList\",\"@id\":\"https:\/\/guineediversite.com\/index.php\/2018\/04\/14\/economie-laccord-sur-la-creation-dune-zone-de-libre-echange-continentale-africaine-deja-signe\/#breadcrumb\",\"itemListElement\":[{\"@type\":\"ListItem\",\"position\":1,\"name\":\"Accueil\",\"item\":\"https:\/\/guineediversite.com\/\"},{\"@type\":\"ListItem\",\"position\":2,\"name\":\"ECONOMIE : l\u2019accord sur la cr\u00e9ation d\u2019une zone de libre-\u00e9change Continentale Africaine d\u00e9j\u00e0 sign\u00e9.\"}]},{\"@type\":\"WebSite\",\"@id\":\"https:\/\/guineediversite.com\/#website\",\"url\":\"https:\/\/guineediversite.com\/\",\"name\":\"Guin\u00e9e Diversit\u00e9\",\"description\":\"L&#039;Info dans toute sa diversit\u00e9\",\"publisher\":{\"@id\":\"https:\/\/guineediversite.com\/#organization\"},\"potentialAction\":[{\"@type\":\"SearchAction\",\"target\":{\"@type\":\"EntryPoint\",\"urlTemplate\":\"https:\/\/guineediversite.com\/?s={search_term_string}\"},\"query-input\":{\"@type\":\"PropertyValueSpecification\",\"valueRequired\":true,\"valueName\":\"search_term_string\"}}],\"inLanguage\":\"fr-FR\"},{\"@type\":\"Organization\",\"@id\":\"https:\/\/guineediversite.com\/#organization\",\"name\":\"Guin\u00e9e Diversit\u00e9\",\"url\":\"https:\/\/guineediversite.com\/\",\"logo\":{\"@type\":\"ImageObject\",\"inLanguage\":\"fr-FR\",\"@id\":\"https:\/\/guineediversite.com\/#\/schema\/logo\/image\/\",\"url\":\"https:\/\/guineediversite.com\/wp-content\/uploads\/2017\/04\/cropped-1jojlxEOMkX9Wyqfhe43D6kjPOGqBBKmx3EwWJqZ0cMrFF54yM49.png\",\"contentUrl\":\"https:\/\/guineediversite.com\/wp-content\/uploads\/2017\/04\/cropped-1jojlxEOMkX9Wyqfhe43D6kjPOGqBBKmx3EwWJqZ0cMrFF54yM49.png\",\"width\":186,\"height\":112,\"caption\":\"Guin\u00e9e Diversit\u00e9\"},\"image\":{\"@id\":\"https:\/\/guineediversite.com\/#\/schema\/logo\/image\/\"},\"sameAs\":[\"https:\/\/www.facebook.com\/guineediversite\/\",\"https:\/\/x.com\/GuineeDiversite\",\"https:\/\/www.youtube.com\/channel\/UC8sUY16qelG5ge6_D5SB83g\"]},{\"@type\":\"Person\",\"@id\":\"https:\/\/guineediversite.com\/#\/schema\/person\/fa362494c47202ce4b3adf55abcc9d01\",\"name\":\"Morcire Camara\",\"image\":{\"@type\":\"ImageObject\",\"inLanguage\":\"fr-FR\",\"@id\":\"https:\/\/guineediversite.com\/#\/schema\/person\/image\/\",\"url\":\"https:\/\/secure.gravatar.com\/avatar\/3ec324f02295bbcebe03d99b39330ab4?s=96&d=mm&r=g\",\"contentUrl\":\"https:\/\/secure.gravatar.com\/avatar\/3ec324f02295bbcebe03d99b39330ab4?s=96&d=mm&r=g\",\"caption\":\"Morcire Camara\"},\"url\":\"https:\/\/guineediversite.com\/index.php\/author\/morcire\/\"}]}<\/script>\n<!-- \/ Yoast SEO plugin. -->","yoast_head_json":{"title":"ECONOMIE : l\u2019accord sur la cr\u00e9ation d\u2019une zone de libre-\u00e9change Continentale Africaine d\u00e9j\u00e0 sign\u00e9. | Guin\u00e9e Diversit\u00e9","robots":{"index":"index","follow":"follow","max-snippet":"max-snippet:-1","max-image-preview":"max-image-preview:large","max-video-preview":"max-video-preview:-1"},"canonical":"https:\/\/guineediversite.com\/index.php\/2018\/04\/14\/economie-laccord-sur-la-creation-dune-zone-de-libre-echange-continentale-africaine-deja-signe\/","og_locale":"fr_FR","og_type":"article","og_title":"ECONOMIE : l\u2019accord sur la cr\u00e9ation d\u2019une zone de libre-\u00e9change Continentale Africaine d\u00e9j\u00e0 sign\u00e9. | Guin\u00e9e Diversit\u00e9","og_description":"\u00a0Le ministre du commerce, Marc Yombouno accompagn\u00e9 de son homologue des affaires \u00e9trang\u00e8res a fait la restitution des n\u00e9gociations commerciales qui ont abouties \u00e0 la signature de l\u2019accord portant cr\u00e9ation de la zone de libre-\u00e9change continentale africaine(ZLECAF). C\u2019\u00e9tait \u00e0 l\u2019occasion d\u2019un point de presse qu\u2019il a anim\u00e9 ce mercredi 11 avril 2018, dans un complexe [&hellip;]","og_url":"https:\/\/guineediversite.com\/index.php\/2018\/04\/14\/economie-laccord-sur-la-creation-dune-zone-de-libre-echange-continentale-africaine-deja-signe\/","og_site_name":"Guin\u00e9e Diversit\u00e9","article_publisher":"https:\/\/www.facebook.com\/guineediversite\/","article_published_time":"2018-04-14T07:19:13+00:00","og_image":[{"width":7680,"height":5760,"url":"https:\/\/guineediversite.com\/wp-content\/uploads\/2018\/04\/30421607_1698550560233670_1160797301_n.jpg","type":"image\/jpeg"}],"author":"Morcire Camara","twitter_card":"summary_large_image","twitter_creator":"@GuineeDiversite","twitter_site":"@GuineeDiversite","twitter_misc":{"\u00c9crit par":"Morcire Camara","Dur\u00e9e de lecture estim\u00e9e":"3 minutes"},"schema":{"@context":"https:\/\/schema.org","@graph":[{"@type":"Article","@id":"https:\/\/guineediversite.com\/index.php\/2018\/04\/14\/economie-laccord-sur-la-creation-dune-zone-de-libre-echange-continentale-africaine-deja-signe\/#article","isPartOf":{"@id":"https:\/\/guineediversite.com\/index.php\/2018\/04\/14\/economie-laccord-sur-la-creation-dune-zone-de-libre-echange-continentale-africaine-deja-signe\/"},"author":{"name":"Morcire Camara","@id":"https:\/\/guineediversite.com\/#\/schema\/person\/fa362494c47202ce4b3adf55abcc9d01"},"headline":"ECONOMIE : l\u2019accord sur la cr\u00e9ation d\u2019une zone de libre-\u00e9change Continentale Africaine d\u00e9j\u00e0 sign\u00e9.","datePublished":"2018-04-14T07:19:13+00:00","dateModified":"2018-04-14T07:19:13+00:00","mainEntityOfPage":{"@id":"https:\/\/guineediversite.com\/index.php\/2018\/04\/14\/economie-laccord-sur-la-creation-dune-zone-de-libre-echange-continentale-africaine-deja-signe\/"},"wordCount":551,"publisher":{"@id":"https:\/\/guineediversite.com\/#organization"},"image":{"@id":"https:\/\/guineediversite.com\/index.php\/2018\/04\/14\/economie-laccord-sur-la-creation-dune-zone-de-libre-echange-continentale-africaine-deja-signe\/#primaryimage"},"thumbnailUrl":"https:\/\/guineediversite.com\/wp-content\/uploads\/2018\/04\/30421607_1698550560233670_1160797301_n.jpg","articleSection":["Economie"],"inLanguage":"fr-FR"},{"@type":"WebPage","@id":"https:\/\/guineediversite.com\/index.php\/2018\/04\/14\/economie-laccord-sur-la-creation-dune-zone-de-libre-echange-continentale-africaine-deja-signe\/","url":"https:\/\/guineediversite.com\/index.php\/2018\/04\/14\/economie-laccord-sur-la-creation-dune-zone-de-libre-echange-continentale-africaine-deja-signe\/","name":"ECONOMIE : l\u2019accord sur la cr\u00e9ation d\u2019une zone de libre-\u00e9change Continentale Africaine d\u00e9j\u00e0 sign\u00e9. | Guin\u00e9e Diversit\u00e9","isPartOf":{"@id":"https:\/\/guineediversite.com\/#website"},"primaryImageOfPage":{"@id":"https:\/\/guineediversite.com\/index.php\/2018\/04\/14\/economie-laccord-sur-la-creation-dune-zone-de-libre-echange-continentale-africaine-deja-signe\/#primaryimage"},"image":{"@id":"https:\/\/guineediversite.com\/index.php\/2018\/04\/14\/economie-laccord-sur-la-creation-dune-zone-de-libre-echange-continentale-africaine-deja-signe\/#primaryimage"},"thumbnailUrl":"https:\/\/guineediversite.com\/wp-content\/uploads\/2018\/04\/30421607_1698550560233670_1160797301_n.jpg","datePublished":"2018-04-14T07:19:13+00:00","dateModified":"2018-04-14T07:19:13+00:00","breadcrumb":{"@id":"https:\/\/guineediversite.com\/index.php\/2018\/04\/14\/economie-laccord-sur-la-creation-dune-zone-de-libre-echange-continentale-africaine-deja-signe\/#breadcrumb"},"inLanguage":"fr-FR","potentialAction":[{"@type":"ReadAction","target":["https:\/\/guineediversite.com\/index.php\/2018\/04\/14\/economie-laccord-sur-la-creation-dune-zone-de-libre-echange-continentale-africaine-deja-signe\/"]}]},{"@type":"ImageObject","inLanguage":"fr-FR","@id":"https:\/\/guineediversite.com\/index.php\/2018\/04\/14\/economie-laccord-sur-la-creation-dune-zone-de-libre-echange-continentale-africaine-deja-signe\/#primaryimage","url":"https:\/\/guineediversite.com\/wp-content\/uploads\/2018\/04\/30421607_1698550560233670_1160797301_n.jpg","contentUrl":"https:\/\/guineediversite.com\/wp-content\/uploads\/2018\/04\/30421607_1698550560233670_1160797301_n.jpg","width":"7680","height":"5760"},{"@type":"BreadcrumbList","@id":"https:\/\/guineediversite.com\/index.php\/2018\/04\/14\/economie-laccord-sur-la-creation-dune-zone-de-libre-echange-continentale-africaine-deja-signe\/#breadcrumb","itemListElement":[{"@type":"ListItem","position":1,"name":"Accueil","item":"https:\/\/guineediversite.com\/"},{"@type":"ListItem","position":2,"name":"ECONOMIE : l\u2019accord sur la cr\u00e9ation d\u2019une zone de libre-\u00e9change Continentale Africaine d\u00e9j\u00e0 sign\u00e9."}]},{"@type":"WebSite","@id":"https:\/\/guineediversite.com\/#website","url":"https:\/\/guineediversite.com\/","name":"Guin\u00e9e Diversit\u00e9","description":"L&#039;Info dans toute sa diversit\u00e9","publisher":{"@id":"https:\/\/guineediversite.com\/#organization"},"potentialAction":[{"@type":"SearchAction","target":{"@type":"EntryPoint","urlTemplate":"https:\/\/guineediversite.com\/?s={search_term_string}"},"query-input":{"@type":"PropertyValueSpecification","valueRequired":true,"valueName":"search_term_string"}}],"inLanguage":"fr-FR"},{"@type":"Organization","@id":"https:\/\/guineediversite.com\/#organization","name":"Guin\u00e9e Diversit\u00e9","url":"https:\/\/guineediversite.com\/","logo":{"@type":"ImageObject","inLanguage":"fr-FR","@id":"https:\/\/guineediversite.com\/#\/schema\/logo\/image\/","url":"https:\/\/guineediversite.com\/wp-content\/uploads\/2017\/04\/cropped-1jojlxEOMkX9Wyqfhe43D6kjPOGqBBKmx3EwWJqZ0cMrFF54yM49.png","contentUrl":"https:\/\/guineediversite.com\/wp-content\/uploads\/2017\/04\/cropped-1jojlxEOMkX9Wyqfhe43D6kjPOGqBBKmx3EwWJqZ0cMrFF54yM49.png","width":186,"height":112,"caption":"Guin\u00e9e Diversit\u00e9"},"image":{"@id":"https:\/\/guineediversite.com\/#\/schema\/logo\/image\/"},"sameAs":["https:\/\/www.facebook.com\/guineediversite\/","https:\/\/x.com\/GuineeDiversite","https:\/\/www.youtube.com\/channel\/UC8sUY16qelG5ge6_D5SB83g"]},{"@type":"Person","@id":"https:\/\/guineediversite.com\/#\/schema\/person\/fa362494c47202ce4b3adf55abcc9d01","name":"Morcire Camara","image":{"@type":"ImageObject","inLanguage":"fr-FR","@id":"https:\/\/guineediversite.com\/#\/schema\/person\/image\/","url":"https:\/\/secure.gravatar.com\/avatar\/3ec324f02295bbcebe03d99b39330ab4?s=96&d=mm&r=g","contentUrl":"https:\/\/secure.gravatar.com\/avatar\/3ec324f02295bbcebe03d99b39330ab4?s=96&d=mm&r=g","caption":"Morcire Camara"},"url":"https:\/\/guineediversite.com\/index.php\/author\/morcire\/"}]}},"_links":{"self":[{"href":"https:\/\/guineediversite.com\/index.php\/wp-json\/wp\/v2\/posts\/24878"}],"collection":[{"href":"https:\/\/guineediversite.com\/index.php\/wp-json\/wp\/v2\/posts"}],"about":[{"href":"https:\/\/guineediversite.com\/index.php\/wp-json\/wp\/v2\/types\/post"}],"author":[{"embeddable":true,"href":"https:\/\/guineediversite.com\/index.php\/wp-json\/wp\/v2\/users\/10"}],"replies":[{"embeddable":true,"href":"https:\/\/guineediversite.com\/index.php\/wp-json\/wp\/v2\/comments?post=24878"}],"version-history":[{"count":0,"href":"https:\/\/guineediversite.com\/index.php\/wp-json\/wp\/v2\/posts\/24878\/revisions"}],"wp:featuredmedia":[{"embeddable":true,"href":"https:\/\/guineediversite.com\/index.php\/wp-json\/wp\/v2\/media\/24879"}],"wp:attachment":[{"href":"https:\/\/guineediversite.com\/index.php\/wp-json\/wp\/v2\/media?parent=24878"}],"wp:term":[{"taxonomy":"category","embeddable":true,"href":"https:\/\/guineediversite.com\/index.php\/wp-json\/wp\/v2\/categories?post=24878"},{"taxonomy":"post_tag","embeddable":true,"href":"https:\/\/guineediversite.com\/index.php\/wp-json\/wp\/v2\/tags?post=24878"}],"curies":[{"name":"wp","href":"https:\/\/api.w.org\/{rel}","templated":true}]}}