{"id":24871,"date":"2018-04-13T08:49:48","date_gmt":"2018-04-13T06:49:48","guid":{"rendered":"https:\/\/guineediversite.com\/?p=24871"},"modified":"2018-04-13T17:22:50","modified_gmt":"2018-04-13T15:22:50","slug":"les-boulangers-de-guinee-menacent-daller-en-greve-des-le-16-avril-prochain","status":"publish","type":"post","link":"https:\/\/guineediversite.com\/index.php\/2018\/04\/13\/les-boulangers-de-guinee-menacent-daller-en-greve-des-le-16-avril-prochain\/","title":{"rendered":"Les Boulangers de Guin\u00e9e menacent d\u2019aller en gr\u00e8ve d\u00e8s le 16 avril prochain."},"content":{"rendered":"<p><b>Les boulangers de Guin\u00e9e r\u00e9unis au sein d\u2019une f\u00e9d\u00e9ration forte de plus de quinze mille membres, menacent de cesser toute activit\u00e9 \u00e0 compter du lundi prochain. Ils l\u2019ont fait savoir \u00e0 travers un avis de gr\u00e8ve fait au terme de plusieurs jours de r\u00e9unions tenues \u00e0 Conakry. <\/b><\/p>\n<p>Les boulangers de Guin\u00e9e entendent d\u00e9noncer \u00abla mauvaise qualit\u00e9 de farine fabriqu\u00e9e par certaines minoteries de la place, la quantit\u00e9 insuffisante de farine contenue dans les sacs d\u2019une autre minoterie, la sur taxation douani\u00e8re impos\u00e9e par l\u2019\u00c9tat sur les importations de farine, mais aussi le manque de dialogue entre eux et les usines de farine implant\u00e9es dans le pays.\u00bb<\/p>\n<p>Ce n\u2019est pas tout, ils r\u00e9clament \u00e9galement l\u2019op\u00e9rationnalisation des boulangeries modernes promises par le Chef de l\u2019Etat. Dans cet avis de gr\u00e8ve, il est indiqu\u00e9 que si rien n\u2019est fait, les boulangers de Guin\u00e9e d\u00e9clencheront dans un premier temps une gr\u00e8ve de 3 \u00e0 4 jours sur toute l\u2019\u00e9tendue du territoire, avant de d\u00e9cider d\u2019une augmentation du prix du pain.<\/p>\n<p><i>\u00ab Nous travaillons en perte, on a g\u00e9r\u00e9 jusqu&rsquo;\u00e0 ce qu\u2019on s\u2019est coinc\u00e9 le dos au mur. On ne peut plus g\u00e9rer cette situation. Si on ne se retrouve pas autour de la table avec monsieur le Pr\u00e9sident de la R\u00e9publique et les deux industrielles qui sont l\u00e0, nous irons en gr\u00e8ve dans les prochains jours<\/i>\u00bb, annonce Elhadj Alpha Oumar Sacko, pr\u00e9sident de la f\u00e9d\u00e9ration des boulangers de Guin\u00e9e.<\/p>\n<p>Poursuivant, il a relat\u00e9 les maux dont souffrent les boulangers guin\u00e9ens : \u00ab<i> En 2011, nous avions fix\u00e9s ensemble le prix du pain \u00e0 4000FG, on est revenu \u00e0 3000FG. De cette somme, on est descendu \u00e0 1500FG. Depuis ce jour, on respecte nos productions. M\u00eame dans les moments difficiles nous servons la population. Il y a des boulangers qui sont tu\u00e9s, nous ne sommes pas en s\u00e9curit\u00e9 et on a subi beaucoup de perte. Aujourd\u2019hui, le bois qu\u2019on achetait \u00e0 5 000 FG se vend \u00e0 10.000 FG,<\/i>\u00bb regrette le pr\u00e9sident de la F\u00e9d\u00e9ration des Boulangers de Guin\u00e9e.<\/p>\n<p>Ces boulangers n\u2019entendent plus \u00e9couter le ministre du Commerce sur leurs probl\u00e8mes. Leur dernier espoir soutiennent-ils est de rencontrer le Pr\u00e9sident Alpha Cond\u00e9 pour r\u00e9soudre les probl\u00e8mes qui les assaillent.<\/p>\n","protected":false},"excerpt":{"rendered":"<p>Les boulangers de Guin\u00e9e r\u00e9unis au sein d\u2019une f\u00e9d\u00e9ration forte de plus de quinze mille membres, menacent de cesser toute activit\u00e9 \u00e0 compter du lundi prochain. Ils l\u2019ont fait savoir \u00e0 travers un avis de gr\u00e8ve fait au terme de plusieurs jours de r\u00e9unions tenues \u00e0 Conakry. Les boulangers de Guin\u00e9e entendent d\u00e9noncer \u00abla mauvaise [&hellip;]<\/p>\n","protected":false},"author":16,"featured_media":24873,"comment_status":"closed","ping_status":"closed","sticky":false,"template":"","format":"standard","meta":{"_exactmetrics_skip_tracking":false,"_exactmetrics_sitenote_active":false,"_exactmetrics_sitenote_note":"","_exactmetrics_sitenote_category":0,"tdm_status":"","tdm_grid_status":"","footnotes":""},"categories":[16],"tags":[],"class_list":{"0":"post-24871","1":"post","2":"type-post","3":"status-publish","4":"format-standard","5":"has-post-thumbnail","7":"category-societe"},"yoast_head":"<!-- This site is optimized with the Yoast SEO plugin v24.2 - https:\/\/yoast.com\/wordpress\/plugins\/seo\/ -->\n<title>Les Boulangers de Guin\u00e9e menacent d\u2019aller en gr\u00e8ve d\u00e8s le 16 avril prochain. | Guin\u00e9e Diversit\u00e9<\/title>\n<meta name=\"robots\" content=\"index, follow, max-snippet:-1, max-image-preview:large, max-video-preview:-1\" \/>\n<link rel=\"canonical\" href=\"https:\/\/guineediversite.com\/index.php\/2018\/04\/13\/les-boulangers-de-guinee-menacent-daller-en-greve-des-le-16-avril-prochain\/\" \/>\n<meta property=\"og:locale\" content=\"fr_FR\" \/>\n<meta property=\"og:type\" content=\"article\" \/>\n<meta property=\"og:title\" content=\"Les Boulangers de Guin\u00e9e menacent d\u2019aller en gr\u00e8ve d\u00e8s le 16 avril prochain. | Guin\u00e9e Diversit\u00e9\" \/>\n<meta property=\"og:description\" content=\"Les boulangers de Guin\u00e9e r\u00e9unis au sein d\u2019une f\u00e9d\u00e9ration forte de plus de quinze mille membres, menacent de cesser toute activit\u00e9 \u00e0 compter du lundi prochain. Ils l\u2019ont fait savoir \u00e0 travers un avis de gr\u00e8ve fait au terme de plusieurs jours de r\u00e9unions tenues \u00e0 Conakry. Les boulangers de Guin\u00e9e entendent d\u00e9noncer \u00abla mauvaise [&hellip;]\" \/>\n<meta property=\"og:url\" content=\"https:\/\/guineediversite.com\/index.php\/2018\/04\/13\/les-boulangers-de-guinee-menacent-daller-en-greve-des-le-16-avril-prochain\/\" \/>\n<meta property=\"og:site_name\" content=\"Guin\u00e9e Diversit\u00e9\" \/>\n<meta property=\"article:publisher\" content=\"https:\/\/www.facebook.com\/guineediversite\/\" \/>\n<meta property=\"article:published_time\" content=\"2018-04-13T06:49:48+00:00\" \/>\n<meta property=\"article:modified_time\" content=\"2018-04-13T15:22:50+00:00\" \/>\n<meta property=\"og:image\" content=\"https:\/\/guineediversite.com\/wp-content\/uploads\/2018\/04\/30697980_2015314238730351_7352062126086684672_n-1.jpg\" \/>\n\t<meta property=\"og:image:width\" content=\"3840\" \/>\n\t<meta property=\"og:image:height\" content=\"2000\" \/>\n\t<meta property=\"og:image:type\" content=\"image\/jpeg\" \/>\n<meta name=\"author\" content=\"Moussa Mo\u00efse K\u00e9ita\" \/>\n<meta name=\"twitter:card\" content=\"summary_large_image\" \/>\n<meta name=\"twitter:creator\" content=\"@GuineeDiversite\" \/>\n<meta name=\"twitter:site\" content=\"@GuineeDiversite\" \/>\n<meta name=\"twitter:label1\" content=\"\u00c9crit par\" \/>\n\t<meta name=\"twitter:data1\" content=\"Moussa Mo\u00efse K\u00e9ita\" \/>\n\t<meta name=\"twitter:label2\" content=\"Dur\u00e9e de lecture estim\u00e9e\" \/>\n\t<meta name=\"twitter:data2\" content=\"2 minutes\" \/>\n<script type=\"application\/ld+json\" class=\"yoast-schema-graph\">{\"@context\":\"https:\/\/schema.org\",\"@graph\":[{\"@type\":\"Article\",\"@id\":\"https:\/\/guineediversite.com\/index.php\/2018\/04\/13\/les-boulangers-de-guinee-menacent-daller-en-greve-des-le-16-avril-prochain\/#article\",\"isPartOf\":{\"@id\":\"https:\/\/guineediversite.com\/index.php\/2018\/04\/13\/les-boulangers-de-guinee-menacent-daller-en-greve-des-le-16-avril-prochain\/\"},\"author\":{\"name\":\"Moussa Mo\u00efse K\u00e9ita\",\"@id\":\"https:\/\/guineediversite.com\/#\/schema\/person\/079ec347f72d2acde4b56a50a4fd46dc\"},\"headline\":\"Les Boulangers de Guin\u00e9e menacent d\u2019aller en gr\u00e8ve d\u00e8s le 16 avril prochain.\",\"datePublished\":\"2018-04-13T06:49:48+00:00\",\"dateModified\":\"2018-04-13T15:22:50+00:00\",\"mainEntityOfPage\":{\"@id\":\"https:\/\/guineediversite.com\/index.php\/2018\/04\/13\/les-boulangers-de-guinee-menacent-daller-en-greve-des-le-16-avril-prochain\/\"},\"wordCount\":418,\"publisher\":{\"@id\":\"https:\/\/guineediversite.com\/#organization\"},\"image\":{\"@id\":\"https:\/\/guineediversite.com\/index.php\/2018\/04\/13\/les-boulangers-de-guinee-menacent-daller-en-greve-des-le-16-avril-prochain\/#primaryimage\"},\"thumbnailUrl\":\"https:\/\/guineediversite.com\/wp-content\/uploads\/2018\/04\/30697980_2015314238730351_7352062126086684672_n-1.jpg\",\"articleSection\":[\"Soci\u00e9t\u00e9\"],\"inLanguage\":\"fr-FR\"},{\"@type\":\"WebPage\",\"@id\":\"https:\/\/guineediversite.com\/index.php\/2018\/04\/13\/les-boulangers-de-guinee-menacent-daller-en-greve-des-le-16-avril-prochain\/\",\"url\":\"https:\/\/guineediversite.com\/index.php\/2018\/04\/13\/les-boulangers-de-guinee-menacent-daller-en-greve-des-le-16-avril-prochain\/\",\"name\":\"Les Boulangers de Guin\u00e9e menacent d\u2019aller en gr\u00e8ve d\u00e8s le 16 avril prochain. | Guin\u00e9e Diversit\u00e9\",\"isPartOf\":{\"@id\":\"https:\/\/guineediversite.com\/#website\"},\"primaryImageOfPage\":{\"@id\":\"https:\/\/guineediversite.com\/index.php\/2018\/04\/13\/les-boulangers-de-guinee-menacent-daller-en-greve-des-le-16-avril-prochain\/#primaryimage\"},\"image\":{\"@id\":\"https:\/\/guineediversite.com\/index.php\/2018\/04\/13\/les-boulangers-de-guinee-menacent-daller-en-greve-des-le-16-avril-prochain\/#primaryimage\"},\"thumbnailUrl\":\"https:\/\/guineediversite.com\/wp-content\/uploads\/2018\/04\/30697980_2015314238730351_7352062126086684672_n-1.jpg\",\"datePublished\":\"2018-04-13T06:49:48+00:00\",\"dateModified\":\"2018-04-13T15:22:50+00:00\",\"breadcrumb\":{\"@id\":\"https:\/\/guineediversite.com\/index.php\/2018\/04\/13\/les-boulangers-de-guinee-menacent-daller-en-greve-des-le-16-avril-prochain\/#breadcrumb\"},\"inLanguage\":\"fr-FR\",\"potentialAction\":[{\"@type\":\"ReadAction\",\"target\":[\"https:\/\/guineediversite.com\/index.php\/2018\/04\/13\/les-boulangers-de-guinee-menacent-daller-en-greve-des-le-16-avril-prochain\/\"]}]},{\"@type\":\"ImageObject\",\"inLanguage\":\"fr-FR\",\"@id\":\"https:\/\/guineediversite.com\/index.php\/2018\/04\/13\/les-boulangers-de-guinee-menacent-daller-en-greve-des-le-16-avril-prochain\/#primaryimage\",\"url\":\"https:\/\/guineediversite.com\/wp-content\/uploads\/2018\/04\/30697980_2015314238730351_7352062126086684672_n-1.jpg\",\"contentUrl\":\"https:\/\/guineediversite.com\/wp-content\/uploads\/2018\/04\/30697980_2015314238730351_7352062126086684672_n-1.jpg\",\"width\":\"3840\",\"height\":\"2000\"},{\"@type\":\"BreadcrumbList\",\"@id\":\"https:\/\/guineediversite.com\/index.php\/2018\/04\/13\/les-boulangers-de-guinee-menacent-daller-en-greve-des-le-16-avril-prochain\/#breadcrumb\",\"itemListElement\":[{\"@type\":\"ListItem\",\"position\":1,\"name\":\"Accueil\",\"item\":\"https:\/\/guineediversite.com\/\"},{\"@type\":\"ListItem\",\"position\":2,\"name\":\"Les Boulangers de Guin\u00e9e menacent d\u2019aller en gr\u00e8ve d\u00e8s le 16 avril prochain.\"}]},{\"@type\":\"WebSite\",\"@id\":\"https:\/\/guineediversite.com\/#website\",\"url\":\"https:\/\/guineediversite.com\/\",\"name\":\"Guin\u00e9e Diversit\u00e9\",\"description\":\"L&#039;Info dans toute sa diversit\u00e9\",\"publisher\":{\"@id\":\"https:\/\/guineediversite.com\/#organization\"},\"potentialAction\":[{\"@type\":\"SearchAction\",\"target\":{\"@type\":\"EntryPoint\",\"urlTemplate\":\"https:\/\/guineediversite.com\/?s={search_term_string}\"},\"query-input\":{\"@type\":\"PropertyValueSpecification\",\"valueRequired\":true,\"valueName\":\"search_term_string\"}}],\"inLanguage\":\"fr-FR\"},{\"@type\":\"Organization\",\"@id\":\"https:\/\/guineediversite.com\/#organization\",\"name\":\"Guin\u00e9e Diversit\u00e9\",\"url\":\"https:\/\/guineediversite.com\/\",\"logo\":{\"@type\":\"ImageObject\",\"inLanguage\":\"fr-FR\",\"@id\":\"https:\/\/guineediversite.com\/#\/schema\/logo\/image\/\",\"url\":\"https:\/\/guineediversite.com\/wp-content\/uploads\/2017\/04\/cropped-1jojlxEOMkX9Wyqfhe43D6kjPOGqBBKmx3EwWJqZ0cMrFF54yM49.png\",\"contentUrl\":\"https:\/\/guineediversite.com\/wp-content\/uploads\/2017\/04\/cropped-1jojlxEOMkX9Wyqfhe43D6kjPOGqBBKmx3EwWJqZ0cMrFF54yM49.png\",\"width\":186,\"height\":112,\"caption\":\"Guin\u00e9e Diversit\u00e9\"},\"image\":{\"@id\":\"https:\/\/guineediversite.com\/#\/schema\/logo\/image\/\"},\"sameAs\":[\"https:\/\/www.facebook.com\/guineediversite\/\",\"https:\/\/x.com\/GuineeDiversite\",\"https:\/\/www.youtube.com\/channel\/UC8sUY16qelG5ge6_D5SB83g\"]},{\"@type\":\"Person\",\"@id\":\"https:\/\/guineediversite.com\/#\/schema\/person\/079ec347f72d2acde4b56a50a4fd46dc\",\"name\":\"Moussa Mo\u00efse K\u00e9ita\",\"image\":{\"@type\":\"ImageObject\",\"inLanguage\":\"fr-FR\",\"@id\":\"https:\/\/guineediversite.com\/#\/schema\/person\/image\/\",\"url\":\"https:\/\/secure.gravatar.com\/avatar\/edf1ea2cc01841e6c0b49384bcb1385b?s=96&d=mm&r=g\",\"contentUrl\":\"https:\/\/secure.gravatar.com\/avatar\/edf1ea2cc01841e6c0b49384bcb1385b?s=96&d=mm&r=g\",\"caption\":\"Moussa Mo\u00efse K\u00e9ita\"},\"url\":\"https:\/\/guineediversite.com\/index.php\/author\/moussa-moise\/\"}]}<\/script>\n<!-- \/ Yoast SEO plugin. -->","yoast_head_json":{"title":"Les Boulangers de Guin\u00e9e menacent d\u2019aller en gr\u00e8ve d\u00e8s le 16 avril prochain. | Guin\u00e9e Diversit\u00e9","robots":{"index":"index","follow":"follow","max-snippet":"max-snippet:-1","max-image-preview":"max-image-preview:large","max-video-preview":"max-video-preview:-1"},"canonical":"https:\/\/guineediversite.com\/index.php\/2018\/04\/13\/les-boulangers-de-guinee-menacent-daller-en-greve-des-le-16-avril-prochain\/","og_locale":"fr_FR","og_type":"article","og_title":"Les Boulangers de Guin\u00e9e menacent d\u2019aller en gr\u00e8ve d\u00e8s le 16 avril prochain. | Guin\u00e9e Diversit\u00e9","og_description":"Les boulangers de Guin\u00e9e r\u00e9unis au sein d\u2019une f\u00e9d\u00e9ration forte de plus de quinze mille membres, menacent de cesser toute activit\u00e9 \u00e0 compter du lundi prochain. Ils l\u2019ont fait savoir \u00e0 travers un avis de gr\u00e8ve fait au terme de plusieurs jours de r\u00e9unions tenues \u00e0 Conakry. Les boulangers de Guin\u00e9e entendent d\u00e9noncer \u00abla mauvaise [&hellip;]","og_url":"https:\/\/guineediversite.com\/index.php\/2018\/04\/13\/les-boulangers-de-guinee-menacent-daller-en-greve-des-le-16-avril-prochain\/","og_site_name":"Guin\u00e9e Diversit\u00e9","article_publisher":"https:\/\/www.facebook.com\/guineediversite\/","article_published_time":"2018-04-13T06:49:48+00:00","article_modified_time":"2018-04-13T15:22:50+00:00","og_image":[{"width":3840,"height":2000,"url":"https:\/\/guineediversite.com\/wp-content\/uploads\/2018\/04\/30697980_2015314238730351_7352062126086684672_n-1.jpg","type":"image\/jpeg"}],"author":"Moussa Mo\u00efse K\u00e9ita","twitter_card":"summary_large_image","twitter_creator":"@GuineeDiversite","twitter_site":"@GuineeDiversite","twitter_misc":{"\u00c9crit par":"Moussa Mo\u00efse K\u00e9ita","Dur\u00e9e de lecture estim\u00e9e":"2 minutes"},"schema":{"@context":"https:\/\/schema.org","@graph":[{"@type":"Article","@id":"https:\/\/guineediversite.com\/index.php\/2018\/04\/13\/les-boulangers-de-guinee-menacent-daller-en-greve-des-le-16-avril-prochain\/#article","isPartOf":{"@id":"https:\/\/guineediversite.com\/index.php\/2018\/04\/13\/les-boulangers-de-guinee-menacent-daller-en-greve-des-le-16-avril-prochain\/"},"author":{"name":"Moussa Mo\u00efse K\u00e9ita","@id":"https:\/\/guineediversite.com\/#\/schema\/person\/079ec347f72d2acde4b56a50a4fd46dc"},"headline":"Les Boulangers de Guin\u00e9e menacent d\u2019aller en gr\u00e8ve d\u00e8s le 16 avril prochain.","datePublished":"2018-04-13T06:49:48+00:00","dateModified":"2018-04-13T15:22:50+00:00","mainEntityOfPage":{"@id":"https:\/\/guineediversite.com\/index.php\/2018\/04\/13\/les-boulangers-de-guinee-menacent-daller-en-greve-des-le-16-avril-prochain\/"},"wordCount":418,"publisher":{"@id":"https:\/\/guineediversite.com\/#organization"},"image":{"@id":"https:\/\/guineediversite.com\/index.php\/2018\/04\/13\/les-boulangers-de-guinee-menacent-daller-en-greve-des-le-16-avril-prochain\/#primaryimage"},"thumbnailUrl":"https:\/\/guineediversite.com\/wp-content\/uploads\/2018\/04\/30697980_2015314238730351_7352062126086684672_n-1.jpg","articleSection":["Soci\u00e9t\u00e9"],"inLanguage":"fr-FR"},{"@type":"WebPage","@id":"https:\/\/guineediversite.com\/index.php\/2018\/04\/13\/les-boulangers-de-guinee-menacent-daller-en-greve-des-le-16-avril-prochain\/","url":"https:\/\/guineediversite.com\/index.php\/2018\/04\/13\/les-boulangers-de-guinee-menacent-daller-en-greve-des-le-16-avril-prochain\/","name":"Les Boulangers de Guin\u00e9e menacent d\u2019aller en gr\u00e8ve d\u00e8s le 16 avril prochain. | Guin\u00e9e Diversit\u00e9","isPartOf":{"@id":"https:\/\/guineediversite.com\/#website"},"primaryImageOfPage":{"@id":"https:\/\/guineediversite.com\/index.php\/2018\/04\/13\/les-boulangers-de-guinee-menacent-daller-en-greve-des-le-16-avril-prochain\/#primaryimage"},"image":{"@id":"https:\/\/guineediversite.com\/index.php\/2018\/04\/13\/les-boulangers-de-guinee-menacent-daller-en-greve-des-le-16-avril-prochain\/#primaryimage"},"thumbnailUrl":"https:\/\/guineediversite.com\/wp-content\/uploads\/2018\/04\/30697980_2015314238730351_7352062126086684672_n-1.jpg","datePublished":"2018-04-13T06:49:48+00:00","dateModified":"2018-04-13T15:22:50+00:00","breadcrumb":{"@id":"https:\/\/guineediversite.com\/index.php\/2018\/04\/13\/les-boulangers-de-guinee-menacent-daller-en-greve-des-le-16-avril-prochain\/#breadcrumb"},"inLanguage":"fr-FR","potentialAction":[{"@type":"ReadAction","target":["https:\/\/guineediversite.com\/index.php\/2018\/04\/13\/les-boulangers-de-guinee-menacent-daller-en-greve-des-le-16-avril-prochain\/"]}]},{"@type":"ImageObject","inLanguage":"fr-FR","@id":"https:\/\/guineediversite.com\/index.php\/2018\/04\/13\/les-boulangers-de-guinee-menacent-daller-en-greve-des-le-16-avril-prochain\/#primaryimage","url":"https:\/\/guineediversite.com\/wp-content\/uploads\/2018\/04\/30697980_2015314238730351_7352062126086684672_n-1.jpg","contentUrl":"https:\/\/guineediversite.com\/wp-content\/uploads\/2018\/04\/30697980_2015314238730351_7352062126086684672_n-1.jpg","width":"3840","height":"2000"},{"@type":"BreadcrumbList","@id":"https:\/\/guineediversite.com\/index.php\/2018\/04\/13\/les-boulangers-de-guinee-menacent-daller-en-greve-des-le-16-avril-prochain\/#breadcrumb","itemListElement":[{"@type":"ListItem","position":1,"name":"Accueil","item":"https:\/\/guineediversite.com\/"},{"@type":"ListItem","position":2,"name":"Les Boulangers de Guin\u00e9e menacent d\u2019aller en gr\u00e8ve d\u00e8s le 16 avril prochain."}]},{"@type":"WebSite","@id":"https:\/\/guineediversite.com\/#website","url":"https:\/\/guineediversite.com\/","name":"Guin\u00e9e Diversit\u00e9","description":"L&#039;Info dans toute sa diversit\u00e9","publisher":{"@id":"https:\/\/guineediversite.com\/#organization"},"potentialAction":[{"@type":"SearchAction","target":{"@type":"EntryPoint","urlTemplate":"https:\/\/guineediversite.com\/?s={search_term_string}"},"query-input":{"@type":"PropertyValueSpecification","valueRequired":true,"valueName":"search_term_string"}}],"inLanguage":"fr-FR"},{"@type":"Organization","@id":"https:\/\/guineediversite.com\/#organization","name":"Guin\u00e9e Diversit\u00e9","url":"https:\/\/guineediversite.com\/","logo":{"@type":"ImageObject","inLanguage":"fr-FR","@id":"https:\/\/guineediversite.com\/#\/schema\/logo\/image\/","url":"https:\/\/guineediversite.com\/wp-content\/uploads\/2017\/04\/cropped-1jojlxEOMkX9Wyqfhe43D6kjPOGqBBKmx3EwWJqZ0cMrFF54yM49.png","contentUrl":"https:\/\/guineediversite.com\/wp-content\/uploads\/2017\/04\/cropped-1jojlxEOMkX9Wyqfhe43D6kjPOGqBBKmx3EwWJqZ0cMrFF54yM49.png","width":186,"height":112,"caption":"Guin\u00e9e Diversit\u00e9"},"image":{"@id":"https:\/\/guineediversite.com\/#\/schema\/logo\/image\/"},"sameAs":["https:\/\/www.facebook.com\/guineediversite\/","https:\/\/x.com\/GuineeDiversite","https:\/\/www.youtube.com\/channel\/UC8sUY16qelG5ge6_D5SB83g"]},{"@type":"Person","@id":"https:\/\/guineediversite.com\/#\/schema\/person\/079ec347f72d2acde4b56a50a4fd46dc","name":"Moussa Mo\u00efse K\u00e9ita","image":{"@type":"ImageObject","inLanguage":"fr-FR","@id":"https:\/\/guineediversite.com\/#\/schema\/person\/image\/","url":"https:\/\/secure.gravatar.com\/avatar\/edf1ea2cc01841e6c0b49384bcb1385b?s=96&d=mm&r=g","contentUrl":"https:\/\/secure.gravatar.com\/avatar\/edf1ea2cc01841e6c0b49384bcb1385b?s=96&d=mm&r=g","caption":"Moussa Mo\u00efse K\u00e9ita"},"url":"https:\/\/guineediversite.com\/index.php\/author\/moussa-moise\/"}]}},"_links":{"self":[{"href":"https:\/\/guineediversite.com\/index.php\/wp-json\/wp\/v2\/posts\/24871"}],"collection":[{"href":"https:\/\/guineediversite.com\/index.php\/wp-json\/wp\/v2\/posts"}],"about":[{"href":"https:\/\/guineediversite.com\/index.php\/wp-json\/wp\/v2\/types\/post"}],"author":[{"embeddable":true,"href":"https:\/\/guineediversite.com\/index.php\/wp-json\/wp\/v2\/users\/16"}],"replies":[{"embeddable":true,"href":"https:\/\/guineediversite.com\/index.php\/wp-json\/wp\/v2\/comments?post=24871"}],"version-history":[{"count":0,"href":"https:\/\/guineediversite.com\/index.php\/wp-json\/wp\/v2\/posts\/24871\/revisions"}],"wp:featuredmedia":[{"embeddable":true,"href":"https:\/\/guineediversite.com\/index.php\/wp-json\/wp\/v2\/media\/24873"}],"wp:attachment":[{"href":"https:\/\/guineediversite.com\/index.php\/wp-json\/wp\/v2\/media?parent=24871"}],"wp:term":[{"taxonomy":"category","embeddable":true,"href":"https:\/\/guineediversite.com\/index.php\/wp-json\/wp\/v2\/categories?post=24871"},{"taxonomy":"post_tag","embeddable":true,"href":"https:\/\/guineediversite.com\/index.php\/wp-json\/wp\/v2\/tags?post=24871"}],"curies":[{"name":"wp","href":"https:\/\/api.w.org\/{rel}","templated":true}]}}