{"id":24856,"date":"2018-04-12T18:10:28","date_gmt":"2018-04-12T16:10:28","guid":{"rendered":"https:\/\/guineediversite.com\/?p=24856"},"modified":"2018-04-12T22:51:35","modified_gmt":"2018-04-12T20:51:35","slug":"discours-du-ministre-en-charge-de-la-defense-nationale-dr-mohamed-diane-a-la-viieme-conference-de-moscou-sur-la-securite-internationale","status":"publish","type":"post","link":"https:\/\/guineediversite.com\/index.php\/2018\/04\/12\/discours-du-ministre-en-charge-de-la-defense-nationale-dr-mohamed-diane-a-la-viieme-conference-de-moscou-sur-la-securite-internationale\/","title":{"rendered":"Conf\u00e9rence de Moscou sur la s\u00e9curit\u00e9 internationale: discours du ministre de la D\u00e9fense"},"content":{"rendered":"<p>Le Ministre d\u2019Etat \u00e0 la Pr\u00e9sidence charg\u00e9 de la D\u00e9fense Nationale Dr Mohamed Dian\u00e9 \u00e9tait r\u00e9cemment \u00e0 la VII \u00e8me conf\u00e9rence sur la s\u00e9curit\u00e9 internationale \u00e0 Moscou, en Russie. Dans son discours, Dr Mohamed Dian\u00e9 a situ\u00e9 la s\u00e9curit\u00e9 internationale dans son contexte. Pour lui, \u00ab la s\u00e9curit\u00e9 repr\u00e9sente une pr\u00e9occupation d\u2019enjeu majeur pour le monde entier, tant on observe aujourd\u2019hui l\u2019accroissement et la diversit\u00e9 des conflits d\u00e9coulant des ph\u00e9nom\u00e8nes politiques, \u00e9conomiques et sociaux dans la plupart des \u00c9tats \u00bb. Discours du ministre d\u2019Etat\u2026<\/p>\n<p><strong>Excellence Monsieur le Ministre de la D\u00e9fense de la F\u00e9d\u00e9ration de Russie ;\u00a0<\/strong><\/p>\n<p><strong>Excellence Messieurs les Ministres ;\u00a0<\/strong><\/p>\n<p><strong>Excellences Messieurs les Ambassadeurs et repr\u00e9sentants des organisations internationales ;\u00a0<\/strong><\/p>\n<p><strong>Distingu\u00e9s invit\u00e9s, \u00e0 vos rangs, grades, tout protocole observ\u00e9 ;\u00a0<\/strong><\/p>\n<p><strong>Mesdames, Mesdemoiselles et Messieurs ;\u00a0<\/strong><\/p>\n<p>Avant d\u2019entamer ce modeste discours, je voudrais transmettre les condol\u00e9ances attrist\u00e9es du Pr\u00e9sident de la R\u00e9publique Professeur Alpha CONDE et les miennes \u00e0 son fr\u00e8re et ami le Pr\u00e9sident de la F\u00e9d\u00e9ration de Russie, \u00e0 son peuple ainsi qu\u2019aux familles \u00e9plor\u00e9es suite au terrible incendie survenu en Sib\u00e9rie le dimanche 25 mars 2018, ayant caus\u00e9 la mort de soixante-quatre citoyens de la F\u00e9d\u00e9ration. Que la terre de cette h\u00e9ro\u00efque Russie leur soit l\u00e9g\u00e8re. Nous partageons votre grande douleur !<\/p>\n<p>C\u2019est un grand honneur pour mon pays et pour moi de prendre part \u00e0 la VII\u00e8me conf\u00e9rence de Moscou sur la s\u00e9curit\u00e9 internationale qui se d\u00e9roule dans votre grand et beau pays.<\/p>\n<p>Cet honneur est d\u2019autant plus grand que le privil\u00e8ge m\u2019a \u00e9t\u00e9 accord\u00e9 de prendre la parole devant cette auguste assembl\u00e9e.<\/p>\n<p>En remerciant cordialement Monsieur le Ministre de la D\u00e9fense de la F\u00e9d\u00e9ration de Russie pour l\u2019invitation qu\u2019il a bien voulu m\u2019adresser de participer \u00e0 cette rencontre et pour l\u2019accueil digne de la grande hospitalit\u00e9 Russe qui m\u2019a \u00e9t\u00e9 accord\u00e9e ainsi qu\u2019\u00e0 la d\u00e9l\u00e9gation qui m\u2019accompagne, je voudrais d\u00e8s ici, m\u2019acquitter d\u2019un devoir fraternel.<\/p>\n<p>&nbsp;<\/p>\n<p>Celui de transmettre, \u00e0 travers vous Monsieur le Monsieur de la D\u00e9fense, les tr\u00e8s hautes et fraternelles salutations, mais aussi les vives f\u00e9licitations de Son Excellence Professeur Alpha COND\u00c9 Pr\u00e9sident de la R\u00e9publique de Guin\u00e9e, \u00e0 son Fr\u00e8re et ami Son Excellence Monsieur Vladimir POUTINE, pour sa brillante r\u00e9\u00e9lection en qualit\u00e9 de Pr\u00e9sident de la F\u00e9d\u00e9ration de Russie.<\/p>\n<p>Ce renouv\u00e8lement de la confiance du peuple est le t\u00e9moignage le plus \u00e9loquent de son adh\u00e9sion aux id\u00e9aux pr\u00f4n\u00e9s par le Pr\u00e9sident POUTINE.<\/p>\n<p>C\u2019est aussi sa reconnaissance de l\u2019inestimable contribution de cet illustre chef d\u2019\u00c9tat \u00e0 la paix et \u00e0 la s\u00e9curit\u00e9 en Russie et dans le monde, au progr\u00e8s de son peuple et \u00e0 la stabilit\u00e9 interne et internationale dans un monde de remous aux causes diverses.<\/p>\n<p><strong>Mesdames, Mesdemoiselles et Messieurs les participants ;<\/strong><\/p>\n<p>En Afrique ces derni\u00e8res d\u00e9cennies, la stabilit\u00e9 a \u00e9t\u00e9 mise \u00e0 rude \u00e9preuve par les guerres, les crises et conflits internes, les agressions arm\u00e9es ou des rebellions<\/p>\n<p>De plus en plus, la question de s\u00e9curit\u00e9 repr\u00e9sente une pr\u00e9occupation d\u2019enjeu majeur pour le monde entier, tant on observe aujourd\u2019hui l\u2019accroissement et la diversit\u00e9 des conflits d\u00e9coulant des ph\u00e9nom\u00e8nes politiques, \u00e9conomiques et sociaux dans la plupart des \u00c9tats. Ceci interpelle la communaut\u00e9 internationale, d\u2019o\u00f9 l\u2019importance de cette conf\u00e9rence sur la s\u00e9curit\u00e9 internationale.<\/p>\n<p>En Afrique ces derni\u00e8res d\u00e9cennies, la stabilit\u00e9 a \u00e9t\u00e9 mise \u00e0 rude \u00e9preuve par les guerres, les crises et conflits internes, les agressions arm\u00e9es ou des rebellions qui ont eu lieu au Liberia, en Sierra Leone, en Guin\u00e9e Bissau, en Casamance au S\u00e9n\u00e9gal, en C\u00f4te d\u2019Ivoire, au Rwanda, au Burundi, en RDC, au Soudan, en Somalie, au Burkina-Faso\u2026Leurs cons\u00e9quences d\u00e9sastreuses sur le d\u00e9veloppement socio-politique et \u00e9conomique de nos \u00c9tats ont \u00e9t\u00e9 sans pr\u00e9c\u00e9dent.<\/p>\n<p>Le choc psychologique du terrorisme et ses ravages sont tels que la pr\u00e9occupation n\u2019est plus de savoir aujourd\u2019hui quel pays est concern\u00e9 ou n\u2019est pas concern\u00e9 par sa menace, mais de savoir quand, o\u00f9 et comment il peut \u00eatre frapp\u00e9 et par cons\u00e9quent, comment il faut s\u2019en pr\u00e9venir.<\/p>\n<p>Le terrorisme et le crime organis\u00e9 comme le banditisme transfrontalier, la piraterie maritime, le trafic de stup\u00e9fiants et d\u2019\u00eatres humains, la circulation illicite des armes l\u00e9g\u00e8res\u2026qui ont fait irruption en Somalie, au Nig\u00e9ria et tout r\u00e9cemment au Mali et dans toute la bande Sah\u00e9lo-Saharienne suite aux \u00e9v\u00e8nements qui ont entra\u00een\u00e9 la chute du r\u00e9gime libyen, sont de nos jours les nouvelles menaces qui constituent un v\u00e9ritable d\u00e9fi s\u00e9curitaire auquel notre continent est durement confront\u00e9 \u00e0 l\u2019image des autres continents.<\/p>\n<p>&nbsp;<\/p>\n<p>Le choc psychologique du terrorisme et ses ravages sont tels que la pr\u00e9occupation n\u2019est plus de savoir aujourd\u2019hui quel pays est concern\u00e9 ou n\u2019est pas concern\u00e9 par sa menace, mais de savoir quand, o\u00f9 et comment il peut \u00eatre frapp\u00e9 et par cons\u00e9quent, comment il faut s\u2019en pr\u00e9venir.<\/p>\n<p>Bien entendu, pour faire face aux d\u00e9fis s\u00e9curitaires depuis la recrudescence des d\u00e9stabilisations, l\u2019Union Africaine a institu\u00e9 une architecture de paix et de s\u00e9curit\u00e9, qui comporte la force en attente.<\/p>\n<p>C\u2019est dans ce cadre que la Communaut\u00e9 \u00c9conomique des \u00c9tats de l\u2019Afrique de l\u2019Ouest (CEDEAO) a mis en place un m\u00e9canisme de pr\u00e9vention, de gestion et de r\u00e8glement des conflits qui offre un exemple \u00e0 suivre.<\/p>\n<p>Ce m\u00e9canisme a largement contribu\u00e9 \u00e0 mettre fin ou \u00e0 limiter les conflits qui perduraient dans cette sous-r\u00e9gion.<\/p>\n<p>&nbsp;<\/p>\n<p>En mati\u00e8re d\u2019intervention d\u2019urgence, l\u2019ECOMOG qui est le bras arm\u00e9 de la CEDEAO a fait ses preuves au Lib\u00e9ria, en Sierra Leone, en Guin\u00e9e Bissau et en C\u00f4te d\u2019Ivoire avant le d\u00e9ploiement des forces onusiennes de maintien de la paix dans ces pays. Il en a \u00e9t\u00e9 de m\u00eame au Mali o\u00f9 la Guin\u00e9e et d\u2019autre pays amis sont intervenus \u00e0 travers la MISMA avant le d\u00e9ploiement de la MINUSMA.<\/p>\n<p>Dans la m\u00eame perspective, il faut \u00e9voquer avec fiert\u00e9 l\u2019\u00e9lan de gestion collective que les pays membres de la Commission du Bassin du Lac Tchad ont eu pour prendre leur destin en main en mettant en place la Force Multinationale Mixte (FMM) en vue d\u2019endiguer la menace de Boko Haram. La pertinence de cette initiative a conduit \u00e0 la cr\u00e9ation du G-5 Sahel qui, avec l\u2019appui de la communaut\u00e9 internationale, va constituer une bonne exp\u00e9rience de la r\u00e9alit\u00e9 qui veut que les africains trouvent les solutions \u00e0 leurs propres probl\u00e8mes.<\/p>\n<p>Bien entendu, les difficult\u00e9s d\u2019adaptation des soci\u00e9t\u00e9s d\u00e9mocratiques africaines \u00e0 la menace terroriste sont repr\u00e9sent\u00e9es par le co\u00fbt du terrorisme qui est un fardeau pesant pour leurs \u00e9conomies en pleine mutation, la difficult\u00e9 de mise en place de nouveaux syst\u00e8mes anti-terroristes plus adapt\u00e9s et les probl\u00e8mes de conformit\u00e9 avec les droits de l\u2019homme.<\/p>\n<p>Aucun \u00c9tat, aucun D\u00e9partement, aucune institution ne peut seul pr\u00e9tendre faire face \u00e0 ses d\u00e9fis s\u00e9curitaires de plus en plus prot\u00e9iformes et transnationaux.<\/p>\n<p>Ces difficult\u00e9s et l\u2019ampleur des nouvelles menaces que colporte le terrorisme international exigent plus que jamais des dirigeants du monde, la mutualisation des efforts dans le noble but d\u2019assurer la s\u00e9curit\u00e9 des citoyens et leurs biens dans tous les \u00c9tats, afin d\u2019acc\u00e9l\u00e9rer les processus de d\u00e9veloppement durable, capables de tirer de la pauvret\u00e9 la majorit\u00e9 des populations qui croupissent encore sous la mis\u00e8re, devenue la cause principale de la migration clandestine qui est, elle aussi, un autre sujet de pr\u00e9occupation internationale.<\/p>\n<p>La question de s\u00e9curit\u00e9 est plus que jamais transversale ; elle concerne tous les \u00c9tats et tous les acteurs. Dans ce nouveau contexte g\u00e9opolitique international marqu\u00e9 par la mondialisation des menaces, aucun \u00c9tat, aucun D\u00e9partement, aucune institution ne peut seul pr\u00e9tendre faire face \u00e0 ses d\u00e9fis s\u00e9curitaires de plus en plus prot\u00e9iformes et transnationaux.<\/p>\n<p>Cette r\u00e9alit\u00e9 implique le renforcement du syst\u00e8me d\u2019exploitation et de partage du renseignement, l\u2019\u00e9quipement des forces de d\u00e9fense et de s\u00e9curit\u00e9, l\u2019int\u00e9gration des approches de renforcement des capacit\u00e9s structurelles, institutionnelles et strat\u00e9giques.<\/p>\n<p>&nbsp;<\/p>\n<p>Dans cette perspective, la R\u00e9publique de Guin\u00e9e, qui a une longue et riche exp\u00e9rience d\u2019implication dans la recherche, la pr\u00e9servation de la paix et de la s\u00e9curit\u00e9 en Afrique, apr\u00e8s avoir retrouv\u00e9 sa place d\u2019antan sur la sc\u00e8ne internationale \u00e0 la faveur de la R\u00e9forme du Secteur de s\u00e9curit\u00e9, a b\u00e9n\u00e9fici\u00e9 de l\u2019appui de ses partenaires pour la formation de quatre bataillons successifs de l\u2019arm\u00e9e qui ont \u00e9t\u00e9 d\u00e9ploy\u00e9s en R\u00e9publique du Mali dans le cadre de la Mission multidimensionnelle int\u00e9gr\u00e9e pour la stabilisation au Mali. Il faut \u00e9galement noter le d\u00e9ploiement de plusieurs observateurs dans les missions de paix des Nations Unies \u00e0 travers le monde.<\/p>\n<p>Dans le cadre de la lutte contre l\u2019extr\u00e9misme religieux, la R\u00e9publique de Guin\u00e9e a obtenu un accord avec le Royaume du Maroc pour la formation de cinq cents Imans et pr\u00e9dicateurs d\u2019un islam tol\u00e9rant pour pr\u00e9venir la radicalisation des jeunes dans les milieux d\u00e9favoris\u00e9s.<\/p>\n<p><strong>Mesdames, Mesdemoiselles et Messieurs,<\/strong><\/p>\n<p>En terminant mon intervention, je voudrais humblement m\u2019adresser aux puissances \u00e9conomiques et militaires en disant : vous avez les moyens, nous avons les hommes et la d\u00e9termination, mettons en commun nos ressources. \u00ab Ensemble nous pouvons \u00bb.<\/p>\n<p>La Guin\u00e9e r\u00e9affirme \u00e0 la communaut\u00e9 internationale son engagement \u00e0 dynamiser sa coop\u00e9ration militaire et s\u00e9curitaire avec tous les partenaires en vue de cr\u00e9er un nouvel ordre mondial de s\u00e9curit\u00e9 plus s\u00fbr et solidaire.<\/p>\n<p>Pour sa part, la R\u00e9publique de Guin\u00e9e par ma voix, au nom du Pr\u00e9sident de la R\u00e9publique, r\u00e9affirme \u00e0 la communaut\u00e9 internationale son engagement \u00e0 dynamiser sa coop\u00e9ration militaire et s\u00e9curitaire avec tous les partenaires en vue de cr\u00e9er un nouvel ordre mondial de s\u00e9curit\u00e9 plus s\u00fbr et solidaire contre le terrorisme et toutes les formes de criminalit\u00e9 qui menacent dangereusement la civilisation humaine.<\/p>\n<p><strong>Vive la coop\u00e9ration internationale ;<\/strong><\/p>\n<p><strong>Vive la paix et la s\u00e9curit\u00e9 pour le d\u00e9veloppement humain ;<\/strong><\/p>\n<p><strong>Vive l\u2019amiti\u00e9 entre la F\u00e9d\u00e9ration de Russie et la R\u00e9publique de Guin\u00e9e.<\/strong><\/p>\n<p><strong>Je vous remercie pour votre attention.<\/strong><\/p>\n<p><strong><em>Docteur Mohamed Diane<\/em><\/strong><\/p>\n<p><strong><em>\u00a0<\/em><\/strong><strong><em>Ministre d\u2019Etat aupr\u00e8s du Pr\u00e9sident de la R\u00e9publique charg\u00e9 de la D\u00e9fense Nationale<\/em><\/strong><\/p>\n<p><strong>Transmis par la Cellule de Communication du Gouvernement.\u00a0<\/strong>&#8212;<\/p>\n","protected":false},"excerpt":{"rendered":"<p>Le Ministre d\u2019Etat \u00e0 la Pr\u00e9sidence charg\u00e9 de la D\u00e9fense Nationale Dr Mohamed Dian\u00e9 \u00e9tait r\u00e9cemment \u00e0 la VII \u00e8me conf\u00e9rence sur la s\u00e9curit\u00e9 internationale \u00e0 Moscou, en Russie. Dans son discours, Dr Mohamed Dian\u00e9 a situ\u00e9 la s\u00e9curit\u00e9 internationale dans son contexte. Pour lui, \u00ab la s\u00e9curit\u00e9 repr\u00e9sente une pr\u00e9occupation d\u2019enjeu majeur pour le [&hellip;]<\/p>\n","protected":false},"author":12,"featured_media":24857,"comment_status":"closed","ping_status":"closed","sticky":false,"template":"","format":"standard","meta":{"_exactmetrics_skip_tracking":false,"_exactmetrics_sitenote_active":false,"_exactmetrics_sitenote_note":"","_exactmetrics_sitenote_category":0,"tdm_status":"","tdm_grid_status":"","footnotes":""},"categories":[16],"tags":[],"class_list":{"0":"post-24856","1":"post","2":"type-post","3":"status-publish","4":"format-standard","5":"has-post-thumbnail","7":"category-societe"},"yoast_head":"<!-- This site is optimized with the Yoast SEO plugin v24.2 - https:\/\/yoast.com\/wordpress\/plugins\/seo\/ -->\n<title>Conf\u00e9rence de Moscou sur la s\u00e9curit\u00e9 internationale: discours du ministre de la D\u00e9fense | Guin\u00e9e Diversit\u00e9<\/title>\n<meta name=\"robots\" content=\"index, follow, max-snippet:-1, max-image-preview:large, max-video-preview:-1\" \/>\n<link rel=\"canonical\" href=\"https:\/\/guineediversite.com\/index.php\/2018\/04\/12\/discours-du-ministre-en-charge-de-la-defense-nationale-dr-mohamed-diane-a-la-viieme-conference-de-moscou-sur-la-securite-internationale\/\" \/>\n<meta property=\"og:locale\" content=\"fr_FR\" \/>\n<meta property=\"og:type\" content=\"article\" \/>\n<meta property=\"og:title\" content=\"Conf\u00e9rence de Moscou sur la s\u00e9curit\u00e9 internationale: discours du ministre de la D\u00e9fense | Guin\u00e9e Diversit\u00e9\" \/>\n<meta property=\"og:description\" content=\"Le Ministre d\u2019Etat \u00e0 la Pr\u00e9sidence charg\u00e9 de la D\u00e9fense Nationale Dr Mohamed Dian\u00e9 \u00e9tait r\u00e9cemment \u00e0 la VII \u00e8me conf\u00e9rence sur la s\u00e9curit\u00e9 internationale \u00e0 Moscou, en Russie. Dans son discours, Dr Mohamed Dian\u00e9 a situ\u00e9 la s\u00e9curit\u00e9 internationale dans son contexte. Pour lui, \u00ab la s\u00e9curit\u00e9 repr\u00e9sente une pr\u00e9occupation d\u2019enjeu majeur pour le [&hellip;]\" \/>\n<meta property=\"og:url\" content=\"https:\/\/guineediversite.com\/index.php\/2018\/04\/12\/discours-du-ministre-en-charge-de-la-defense-nationale-dr-mohamed-diane-a-la-viieme-conference-de-moscou-sur-la-securite-internationale\/\" \/>\n<meta property=\"og:site_name\" content=\"Guin\u00e9e Diversit\u00e9\" \/>\n<meta property=\"article:publisher\" content=\"https:\/\/www.facebook.com\/guineediversite\/\" \/>\n<meta property=\"article:published_time\" content=\"2018-04-12T16:10:28+00:00\" \/>\n<meta property=\"article:modified_time\" content=\"2018-04-12T20:51:35+00:00\" \/>\n<meta property=\"og:image\" content=\"https:\/\/guineediversite.com\/wp-content\/uploads\/2018\/04\/312201816717.jpg\" \/>\n\t<meta property=\"og:image:width\" content=\"1024\" \/>\n\t<meta property=\"og:image:height\" content=\"683\" \/>\n\t<meta property=\"og:image:type\" content=\"image\/jpeg\" \/>\n<meta name=\"author\" content=\"Guin\u00e9e Diversit\u00e9\" \/>\n<meta name=\"twitter:card\" content=\"summary_large_image\" \/>\n<meta name=\"twitter:creator\" content=\"@GuineeDiversite\" \/>\n<meta name=\"twitter:site\" content=\"@GuineeDiversite\" \/>\n<meta name=\"twitter:label1\" content=\"\u00c9crit par\" \/>\n\t<meta name=\"twitter:data1\" content=\"Guin\u00e9e Diversit\u00e9\" \/>\n\t<meta name=\"twitter:label2\" content=\"Dur\u00e9e de lecture estim\u00e9e\" \/>\n\t<meta name=\"twitter:data2\" content=\"9 minutes\" \/>\n<script type=\"application\/ld+json\" class=\"yoast-schema-graph\">{\"@context\":\"https:\/\/schema.org\",\"@graph\":[{\"@type\":\"Article\",\"@id\":\"https:\/\/guineediversite.com\/index.php\/2018\/04\/12\/discours-du-ministre-en-charge-de-la-defense-nationale-dr-mohamed-diane-a-la-viieme-conference-de-moscou-sur-la-securite-internationale\/#article\",\"isPartOf\":{\"@id\":\"https:\/\/guineediversite.com\/index.php\/2018\/04\/12\/discours-du-ministre-en-charge-de-la-defense-nationale-dr-mohamed-diane-a-la-viieme-conference-de-moscou-sur-la-securite-internationale\/\"},\"author\":{\"name\":\"Guin\u00e9e Diversit\u00e9\",\"@id\":\"https:\/\/guineediversite.com\/#\/schema\/person\/afa08fb34e7fc6e1feafc892612bc836\"},\"headline\":\"Conf\u00e9rence de Moscou sur la s\u00e9curit\u00e9 internationale: discours du ministre de la D\u00e9fense\",\"datePublished\":\"2018-04-12T16:10:28+00:00\",\"dateModified\":\"2018-04-12T20:51:35+00:00\",\"mainEntityOfPage\":{\"@id\":\"https:\/\/guineediversite.com\/index.php\/2018\/04\/12\/discours-du-ministre-en-charge-de-la-defense-nationale-dr-mohamed-diane-a-la-viieme-conference-de-moscou-sur-la-securite-internationale\/\"},\"wordCount\":1869,\"publisher\":{\"@id\":\"https:\/\/guineediversite.com\/#organization\"},\"image\":{\"@id\":\"https:\/\/guineediversite.com\/index.php\/2018\/04\/12\/discours-du-ministre-en-charge-de-la-defense-nationale-dr-mohamed-diane-a-la-viieme-conference-de-moscou-sur-la-securite-internationale\/#primaryimage\"},\"thumbnailUrl\":\"https:\/\/guineediversite.com\/wp-content\/uploads\/2018\/04\/312201816717.jpg\",\"articleSection\":[\"Soci\u00e9t\u00e9\"],\"inLanguage\":\"fr-FR\"},{\"@type\":\"WebPage\",\"@id\":\"https:\/\/guineediversite.com\/index.php\/2018\/04\/12\/discours-du-ministre-en-charge-de-la-defense-nationale-dr-mohamed-diane-a-la-viieme-conference-de-moscou-sur-la-securite-internationale\/\",\"url\":\"https:\/\/guineediversite.com\/index.php\/2018\/04\/12\/discours-du-ministre-en-charge-de-la-defense-nationale-dr-mohamed-diane-a-la-viieme-conference-de-moscou-sur-la-securite-internationale\/\",\"name\":\"Conf\u00e9rence de Moscou sur la s\u00e9curit\u00e9 internationale: discours du ministre de la D\u00e9fense | Guin\u00e9e Diversit\u00e9\",\"isPartOf\":{\"@id\":\"https:\/\/guineediversite.com\/#website\"},\"primaryImageOfPage\":{\"@id\":\"https:\/\/guineediversite.com\/index.php\/2018\/04\/12\/discours-du-ministre-en-charge-de-la-defense-nationale-dr-mohamed-diane-a-la-viieme-conference-de-moscou-sur-la-securite-internationale\/#primaryimage\"},\"image\":{\"@id\":\"https:\/\/guineediversite.com\/index.php\/2018\/04\/12\/discours-du-ministre-en-charge-de-la-defense-nationale-dr-mohamed-diane-a-la-viieme-conference-de-moscou-sur-la-securite-internationale\/#primaryimage\"},\"thumbnailUrl\":\"https:\/\/guineediversite.com\/wp-content\/uploads\/2018\/04\/312201816717.jpg\",\"datePublished\":\"2018-04-12T16:10:28+00:00\",\"dateModified\":\"2018-04-12T20:51:35+00:00\",\"breadcrumb\":{\"@id\":\"https:\/\/guineediversite.com\/index.php\/2018\/04\/12\/discours-du-ministre-en-charge-de-la-defense-nationale-dr-mohamed-diane-a-la-viieme-conference-de-moscou-sur-la-securite-internationale\/#breadcrumb\"},\"inLanguage\":\"fr-FR\",\"potentialAction\":[{\"@type\":\"ReadAction\",\"target\":[\"https:\/\/guineediversite.com\/index.php\/2018\/04\/12\/discours-du-ministre-en-charge-de-la-defense-nationale-dr-mohamed-diane-a-la-viieme-conference-de-moscou-sur-la-securite-internationale\/\"]}]},{\"@type\":\"ImageObject\",\"inLanguage\":\"fr-FR\",\"@id\":\"https:\/\/guineediversite.com\/index.php\/2018\/04\/12\/discours-du-ministre-en-charge-de-la-defense-nationale-dr-mohamed-diane-a-la-viieme-conference-de-moscou-sur-la-securite-internationale\/#primaryimage\",\"url\":\"https:\/\/guineediversite.com\/wp-content\/uploads\/2018\/04\/312201816717.jpg\",\"contentUrl\":\"https:\/\/guineediversite.com\/wp-content\/uploads\/2018\/04\/312201816717.jpg\",\"width\":\"1024\",\"height\":\"683\"},{\"@type\":\"BreadcrumbList\",\"@id\":\"https:\/\/guineediversite.com\/index.php\/2018\/04\/12\/discours-du-ministre-en-charge-de-la-defense-nationale-dr-mohamed-diane-a-la-viieme-conference-de-moscou-sur-la-securite-internationale\/#breadcrumb\",\"itemListElement\":[{\"@type\":\"ListItem\",\"position\":1,\"name\":\"Accueil\",\"item\":\"https:\/\/guineediversite.com\/\"},{\"@type\":\"ListItem\",\"position\":2,\"name\":\"Conf\u00e9rence de Moscou sur la s\u00e9curit\u00e9 internationale: discours du ministre de la D\u00e9fense\"}]},{\"@type\":\"WebSite\",\"@id\":\"https:\/\/guineediversite.com\/#website\",\"url\":\"https:\/\/guineediversite.com\/\",\"name\":\"Guin\u00e9e Diversit\u00e9\",\"description\":\"L&#039;Info dans toute sa diversit\u00e9\",\"publisher\":{\"@id\":\"https:\/\/guineediversite.com\/#organization\"},\"potentialAction\":[{\"@type\":\"SearchAction\",\"target\":{\"@type\":\"EntryPoint\",\"urlTemplate\":\"https:\/\/guineediversite.com\/?s={search_term_string}\"},\"query-input\":{\"@type\":\"PropertyValueSpecification\",\"valueRequired\":true,\"valueName\":\"search_term_string\"}}],\"inLanguage\":\"fr-FR\"},{\"@type\":\"Organization\",\"@id\":\"https:\/\/guineediversite.com\/#organization\",\"name\":\"Guin\u00e9e Diversit\u00e9\",\"url\":\"https:\/\/guineediversite.com\/\",\"logo\":{\"@type\":\"ImageObject\",\"inLanguage\":\"fr-FR\",\"@id\":\"https:\/\/guineediversite.com\/#\/schema\/logo\/image\/\",\"url\":\"https:\/\/guineediversite.com\/wp-content\/uploads\/2017\/04\/cropped-1jojlxEOMkX9Wyqfhe43D6kjPOGqBBKmx3EwWJqZ0cMrFF54yM49.png\",\"contentUrl\":\"https:\/\/guineediversite.com\/wp-content\/uploads\/2017\/04\/cropped-1jojlxEOMkX9Wyqfhe43D6kjPOGqBBKmx3EwWJqZ0cMrFF54yM49.png\",\"width\":186,\"height\":112,\"caption\":\"Guin\u00e9e Diversit\u00e9\"},\"image\":{\"@id\":\"https:\/\/guineediversite.com\/#\/schema\/logo\/image\/\"},\"sameAs\":[\"https:\/\/www.facebook.com\/guineediversite\/\",\"https:\/\/x.com\/GuineeDiversite\",\"https:\/\/www.youtube.com\/channel\/UC8sUY16qelG5ge6_D5SB83g\"]},{\"@type\":\"Person\",\"@id\":\"https:\/\/guineediversite.com\/#\/schema\/person\/afa08fb34e7fc6e1feafc892612bc836\",\"name\":\"Guin\u00e9e Diversit\u00e9\",\"image\":{\"@type\":\"ImageObject\",\"inLanguage\":\"fr-FR\",\"@id\":\"https:\/\/guineediversite.com\/#\/schema\/person\/image\/\",\"url\":\"https:\/\/secure.gravatar.com\/avatar\/50d5eb5b390f8b65ac30ac6f898eb83a?s=96&d=mm&r=g\",\"contentUrl\":\"https:\/\/secure.gravatar.com\/avatar\/50d5eb5b390f8b65ac30ac6f898eb83a?s=96&d=mm&r=g\",\"caption\":\"Guin\u00e9e Diversit\u00e9\"},\"url\":\"https:\/\/guineediversite.com\/index.php\/author\/guineediversite\/\"}]}<\/script>\n<!-- \/ Yoast SEO plugin. -->","yoast_head_json":{"title":"Conf\u00e9rence de Moscou sur la s\u00e9curit\u00e9 internationale: discours du ministre de la D\u00e9fense | Guin\u00e9e Diversit\u00e9","robots":{"index":"index","follow":"follow","max-snippet":"max-snippet:-1","max-image-preview":"max-image-preview:large","max-video-preview":"max-video-preview:-1"},"canonical":"https:\/\/guineediversite.com\/index.php\/2018\/04\/12\/discours-du-ministre-en-charge-de-la-defense-nationale-dr-mohamed-diane-a-la-viieme-conference-de-moscou-sur-la-securite-internationale\/","og_locale":"fr_FR","og_type":"article","og_title":"Conf\u00e9rence de Moscou sur la s\u00e9curit\u00e9 internationale: discours du ministre de la D\u00e9fense | Guin\u00e9e Diversit\u00e9","og_description":"Le Ministre d\u2019Etat \u00e0 la Pr\u00e9sidence charg\u00e9 de la D\u00e9fense Nationale Dr Mohamed Dian\u00e9 \u00e9tait r\u00e9cemment \u00e0 la VII \u00e8me conf\u00e9rence sur la s\u00e9curit\u00e9 internationale \u00e0 Moscou, en Russie. Dans son discours, Dr Mohamed Dian\u00e9 a situ\u00e9 la s\u00e9curit\u00e9 internationale dans son contexte. Pour lui, \u00ab la s\u00e9curit\u00e9 repr\u00e9sente une pr\u00e9occupation d\u2019enjeu majeur pour le [&hellip;]","og_url":"https:\/\/guineediversite.com\/index.php\/2018\/04\/12\/discours-du-ministre-en-charge-de-la-defense-nationale-dr-mohamed-diane-a-la-viieme-conference-de-moscou-sur-la-securite-internationale\/","og_site_name":"Guin\u00e9e Diversit\u00e9","article_publisher":"https:\/\/www.facebook.com\/guineediversite\/","article_published_time":"2018-04-12T16:10:28+00:00","article_modified_time":"2018-04-12T20:51:35+00:00","og_image":[{"width":1024,"height":683,"url":"https:\/\/guineediversite.com\/wp-content\/uploads\/2018\/04\/312201816717.jpg","type":"image\/jpeg"}],"author":"Guin\u00e9e Diversit\u00e9","twitter_card":"summary_large_image","twitter_creator":"@GuineeDiversite","twitter_site":"@GuineeDiversite","twitter_misc":{"\u00c9crit par":"Guin\u00e9e Diversit\u00e9","Dur\u00e9e de lecture estim\u00e9e":"9 minutes"},"schema":{"@context":"https:\/\/schema.org","@graph":[{"@type":"Article","@id":"https:\/\/guineediversite.com\/index.php\/2018\/04\/12\/discours-du-ministre-en-charge-de-la-defense-nationale-dr-mohamed-diane-a-la-viieme-conference-de-moscou-sur-la-securite-internationale\/#article","isPartOf":{"@id":"https:\/\/guineediversite.com\/index.php\/2018\/04\/12\/discours-du-ministre-en-charge-de-la-defense-nationale-dr-mohamed-diane-a-la-viieme-conference-de-moscou-sur-la-securite-internationale\/"},"author":{"name":"Guin\u00e9e Diversit\u00e9","@id":"https:\/\/guineediversite.com\/#\/schema\/person\/afa08fb34e7fc6e1feafc892612bc836"},"headline":"Conf\u00e9rence de Moscou sur la s\u00e9curit\u00e9 internationale: discours du ministre de la D\u00e9fense","datePublished":"2018-04-12T16:10:28+00:00","dateModified":"2018-04-12T20:51:35+00:00","mainEntityOfPage":{"@id":"https:\/\/guineediversite.com\/index.php\/2018\/04\/12\/discours-du-ministre-en-charge-de-la-defense-nationale-dr-mohamed-diane-a-la-viieme-conference-de-moscou-sur-la-securite-internationale\/"},"wordCount":1869,"publisher":{"@id":"https:\/\/guineediversite.com\/#organization"},"image":{"@id":"https:\/\/guineediversite.com\/index.php\/2018\/04\/12\/discours-du-ministre-en-charge-de-la-defense-nationale-dr-mohamed-diane-a-la-viieme-conference-de-moscou-sur-la-securite-internationale\/#primaryimage"},"thumbnailUrl":"https:\/\/guineediversite.com\/wp-content\/uploads\/2018\/04\/312201816717.jpg","articleSection":["Soci\u00e9t\u00e9"],"inLanguage":"fr-FR"},{"@type":"WebPage","@id":"https:\/\/guineediversite.com\/index.php\/2018\/04\/12\/discours-du-ministre-en-charge-de-la-defense-nationale-dr-mohamed-diane-a-la-viieme-conference-de-moscou-sur-la-securite-internationale\/","url":"https:\/\/guineediversite.com\/index.php\/2018\/04\/12\/discours-du-ministre-en-charge-de-la-defense-nationale-dr-mohamed-diane-a-la-viieme-conference-de-moscou-sur-la-securite-internationale\/","name":"Conf\u00e9rence de Moscou sur la s\u00e9curit\u00e9 internationale: discours du ministre de la D\u00e9fense | Guin\u00e9e Diversit\u00e9","isPartOf":{"@id":"https:\/\/guineediversite.com\/#website"},"primaryImageOfPage":{"@id":"https:\/\/guineediversite.com\/index.php\/2018\/04\/12\/discours-du-ministre-en-charge-de-la-defense-nationale-dr-mohamed-diane-a-la-viieme-conference-de-moscou-sur-la-securite-internationale\/#primaryimage"},"image":{"@id":"https:\/\/guineediversite.com\/index.php\/2018\/04\/12\/discours-du-ministre-en-charge-de-la-defense-nationale-dr-mohamed-diane-a-la-viieme-conference-de-moscou-sur-la-securite-internationale\/#primaryimage"},"thumbnailUrl":"https:\/\/guineediversite.com\/wp-content\/uploads\/2018\/04\/312201816717.jpg","datePublished":"2018-04-12T16:10:28+00:00","dateModified":"2018-04-12T20:51:35+00:00","breadcrumb":{"@id":"https:\/\/guineediversite.com\/index.php\/2018\/04\/12\/discours-du-ministre-en-charge-de-la-defense-nationale-dr-mohamed-diane-a-la-viieme-conference-de-moscou-sur-la-securite-internationale\/#breadcrumb"},"inLanguage":"fr-FR","potentialAction":[{"@type":"ReadAction","target":["https:\/\/guineediversite.com\/index.php\/2018\/04\/12\/discours-du-ministre-en-charge-de-la-defense-nationale-dr-mohamed-diane-a-la-viieme-conference-de-moscou-sur-la-securite-internationale\/"]}]},{"@type":"ImageObject","inLanguage":"fr-FR","@id":"https:\/\/guineediversite.com\/index.php\/2018\/04\/12\/discours-du-ministre-en-charge-de-la-defense-nationale-dr-mohamed-diane-a-la-viieme-conference-de-moscou-sur-la-securite-internationale\/#primaryimage","url":"https:\/\/guineediversite.com\/wp-content\/uploads\/2018\/04\/312201816717.jpg","contentUrl":"https:\/\/guineediversite.com\/wp-content\/uploads\/2018\/04\/312201816717.jpg","width":"1024","height":"683"},{"@type":"BreadcrumbList","@id":"https:\/\/guineediversite.com\/index.php\/2018\/04\/12\/discours-du-ministre-en-charge-de-la-defense-nationale-dr-mohamed-diane-a-la-viieme-conference-de-moscou-sur-la-securite-internationale\/#breadcrumb","itemListElement":[{"@type":"ListItem","position":1,"name":"Accueil","item":"https:\/\/guineediversite.com\/"},{"@type":"ListItem","position":2,"name":"Conf\u00e9rence de Moscou sur la s\u00e9curit\u00e9 internationale: discours du ministre de la D\u00e9fense"}]},{"@type":"WebSite","@id":"https:\/\/guineediversite.com\/#website","url":"https:\/\/guineediversite.com\/","name":"Guin\u00e9e Diversit\u00e9","description":"L&#039;Info dans toute sa diversit\u00e9","publisher":{"@id":"https:\/\/guineediversite.com\/#organization"},"potentialAction":[{"@type":"SearchAction","target":{"@type":"EntryPoint","urlTemplate":"https:\/\/guineediversite.com\/?s={search_term_string}"},"query-input":{"@type":"PropertyValueSpecification","valueRequired":true,"valueName":"search_term_string"}}],"inLanguage":"fr-FR"},{"@type":"Organization","@id":"https:\/\/guineediversite.com\/#organization","name":"Guin\u00e9e Diversit\u00e9","url":"https:\/\/guineediversite.com\/","logo":{"@type":"ImageObject","inLanguage":"fr-FR","@id":"https:\/\/guineediversite.com\/#\/schema\/logo\/image\/","url":"https:\/\/guineediversite.com\/wp-content\/uploads\/2017\/04\/cropped-1jojlxEOMkX9Wyqfhe43D6kjPOGqBBKmx3EwWJqZ0cMrFF54yM49.png","contentUrl":"https:\/\/guineediversite.com\/wp-content\/uploads\/2017\/04\/cropped-1jojlxEOMkX9Wyqfhe43D6kjPOGqBBKmx3EwWJqZ0cMrFF54yM49.png","width":186,"height":112,"caption":"Guin\u00e9e Diversit\u00e9"},"image":{"@id":"https:\/\/guineediversite.com\/#\/schema\/logo\/image\/"},"sameAs":["https:\/\/www.facebook.com\/guineediversite\/","https:\/\/x.com\/GuineeDiversite","https:\/\/www.youtube.com\/channel\/UC8sUY16qelG5ge6_D5SB83g"]},{"@type":"Person","@id":"https:\/\/guineediversite.com\/#\/schema\/person\/afa08fb34e7fc6e1feafc892612bc836","name":"Guin\u00e9e Diversit\u00e9","image":{"@type":"ImageObject","inLanguage":"fr-FR","@id":"https:\/\/guineediversite.com\/#\/schema\/person\/image\/","url":"https:\/\/secure.gravatar.com\/avatar\/50d5eb5b390f8b65ac30ac6f898eb83a?s=96&d=mm&r=g","contentUrl":"https:\/\/secure.gravatar.com\/avatar\/50d5eb5b390f8b65ac30ac6f898eb83a?s=96&d=mm&r=g","caption":"Guin\u00e9e Diversit\u00e9"},"url":"https:\/\/guineediversite.com\/index.php\/author\/guineediversite\/"}]}},"_links":{"self":[{"href":"https:\/\/guineediversite.com\/index.php\/wp-json\/wp\/v2\/posts\/24856"}],"collection":[{"href":"https:\/\/guineediversite.com\/index.php\/wp-json\/wp\/v2\/posts"}],"about":[{"href":"https:\/\/guineediversite.com\/index.php\/wp-json\/wp\/v2\/types\/post"}],"author":[{"embeddable":true,"href":"https:\/\/guineediversite.com\/index.php\/wp-json\/wp\/v2\/users\/12"}],"replies":[{"embeddable":true,"href":"https:\/\/guineediversite.com\/index.php\/wp-json\/wp\/v2\/comments?post=24856"}],"version-history":[{"count":0,"href":"https:\/\/guineediversite.com\/index.php\/wp-json\/wp\/v2\/posts\/24856\/revisions"}],"wp:featuredmedia":[{"embeddable":true,"href":"https:\/\/guineediversite.com\/index.php\/wp-json\/wp\/v2\/media\/24857"}],"wp:attachment":[{"href":"https:\/\/guineediversite.com\/index.php\/wp-json\/wp\/v2\/media?parent=24856"}],"wp:term":[{"taxonomy":"category","embeddable":true,"href":"https:\/\/guineediversite.com\/index.php\/wp-json\/wp\/v2\/categories?post=24856"},{"taxonomy":"post_tag","embeddable":true,"href":"https:\/\/guineediversite.com\/index.php\/wp-json\/wp\/v2\/tags?post=24856"}],"curies":[{"name":"wp","href":"https:\/\/api.w.org\/{rel}","templated":true}]}}