{"id":24853,"date":"2018-04-12T17:52:34","date_gmt":"2018-04-12T15:52:34","guid":{"rendered":"https:\/\/guineediversite.com\/?p=24853"},"modified":"2018-04-12T17:52:34","modified_gmt":"2018-04-12T15:52:34","slug":"compte-rendu-du-conseil-des-ministres-du-12-avril-2018","status":"publish","type":"post","link":"https:\/\/guineediversite.com\/index.php\/2018\/04\/12\/compte-rendu-du-conseil-des-ministres-du-12-avril-2018\/","title":{"rendered":"Compte  rendu du conseil  des ministres  du 12 AVRIL 2018"},"content":{"rendered":"<p>&nbsp;<\/p>\n<p><strong>Conakry, le 12 Avril 2018 &#8211;<\/strong> Sous la pr\u00e9sidence de son Excellence Monsieur le Pr\u00e9sident de la R\u00e9publique, le Conseil des ministres a tenu sa session ordinaire ce jeudi 12 avril 2018 de 10h30 \u00e0 12h, avec l&rsquo;ordre du jour suivant\u00a0:<\/p>\n<p>&nbsp;<\/p>\n<ol>\n<li>Message de son Excellence Monsieur le Pr\u00e9sident de la R\u00e9publique\u00a0;<\/li>\n<\/ol>\n<p>&nbsp;<\/p>\n<ol start=\"2\">\n<li>Compte rendu de la session ordinaire du Conseil interminist\u00e9riel tenue le 10 avril 2018\u00a0;<\/li>\n<\/ol>\n<p>&nbsp;<\/p>\n<ol start=\"3\">\n<li>D\u00e9cisions\u00a0;<\/li>\n<\/ol>\n<p>&nbsp;<\/p>\n<ol start=\"4\">\n<li>Divers.<\/li>\n<\/ol>\n<p>&nbsp;<\/p>\n<p>Au titre du premier point de l\u2019ordre du jour, Monsieur le Pr\u00e9sident de la R\u00e9publique a convoqu\u00e9 une r\u00e9union relative \u00e0 la finalisation des pr\u00e9paratifs du Hadj 2018.<\/p>\n<p>&nbsp;<\/p>\n<p>Le Chef de l\u2019Etat a demand\u00e9 au Ministre de la Ville et de l\u2019Am\u00e9nagement du Territoire de prendre les mesures n\u00e9cessaires pour l\u2019arr\u00eat des constructions et des am\u00e9nagements anarchiques sur les flancs des collines de Kaaka et dans les zones similaires.<\/p>\n<p>&nbsp;<\/p>\n<p>Le Pr\u00e9sident de la R\u00e9publique a invit\u00e9 le Ministre en charge des Affaires \u00e9trang\u00e8res \u00e0 pr\u00e9parer les accords de coop\u00e9ration en attente de ratification afin de les d\u00e9poser lors de la pr\u00e9sente session des lois \u00e0 l\u2019Assembl\u00e9e Nationale. Il s\u2019agit notamment des accords avec les Emirats Arabes Unis pr\u00e9voyant des exemptions de visas pour les passeports diplomatiques et les passeports de service et une facilitation pour les passeports ordinaires.<\/p>\n<p>&nbsp;<\/p>\n<p>Le Chef de l\u2019Etat a instruit les Minist\u00e8res en charge de l\u2019Education, de la Fonction Publique, de l\u2019Administration du Territoire et du Budget d\u2019apporter leur pleine coop\u00e9ration \u00e0 l\u2019op\u00e9ration d\u2019identification biom\u00e9trique des fonctionnaires en cours d\u2019ex\u00e9cution. Cette op\u00e9ration s\u2019impose afin d\u2019identifier les enseignants en situation de classe sur l\u2019ensemble du territoire national.<\/p>\n<p>&nbsp;<\/p>\n<p>Au titre du deuxi\u00e8me point de l\u2019ordre du jour, Monsieur le Premier Ministre a introduit le compte rendu de la session ordinaire du Conseil interminist\u00e9riel tenue le 10 avril 2018.<\/p>\n<p>&nbsp;<\/p>\n<p>Le Conseil a entendu successivement\u00a0:<\/p>\n<p>&nbsp;<\/p>\n<p>&nbsp;<\/p>\n<p><strong>AU TITRE DU COMPTE RENDU<\/strong><\/p>\n<p><strong>\u00a0<\/strong><\/p>\n<p><strong>Le Ministre des Affaires Etrang\u00e8res et des Guin\u00e9ens de l\u2019Etranger <\/strong>a fait le compte rendu de la premi\u00e8re Session de la Commission Mixte de Coop\u00e9ration Guin\u00e9e-Emirats Arabes Unis.<\/p>\n<p><strong>\u00a0<\/strong><\/p>\n<p>Il a inform\u00e9 que la 1\u00e8re <sup>\u00a0<\/sup>session de la Commission mixte de Coop\u00e9ration \u00e9conomique, Guin\u00e9e-Emirats Arabes Unis s\u2019est tenue \u00e0 Abu Dhabi, du 14 au 15 mars\u00a0 2018. La d\u00e9l\u00e9gation guin\u00e9enne \u00e9tait conduite par le Ministre des Affaires Etrang\u00e8res et des Guin\u00e9ens de l\u2019Etranger, accompagn\u00e9 par un groupe d\u2019hommes d\u2019Affaires guin\u00e9ens.<\/p>\n<p>&nbsp;<\/p>\n<p>La partie Emiratie \u00e9tait pr\u00e9sid\u00e9e par la Ministre de la Coop\u00e9ration Internationale.<\/p>\n<p>&nbsp;<\/p>\n<p>Le Ministre a indiqu\u00e9 que les travaux de la Commission Mixte se sont d\u00e9roul\u00e9s en deux \u00e9tapes\u00a0: la r\u00e9union des experts et la r\u00e9union minist\u00e9rielle.<\/p>\n<p><strong>\u00a0<\/strong><\/p>\n<p>Pour ce qui est de la r\u00e9union des Experts, elle a permis de faire un bref rappel de l\u2019\u00e9tat des actions engag\u00e9es depuis la signature de l\u2019Accord Cadre g\u00e9n\u00e9ral et de constituer quatre sous-groupes d\u2019\u00e9changes entre Experts, charg\u00e9s respectivement de\u00a0:<\/p>\n<p>&#8211;\u00a0\u00a0\u00a0\u00a0\u00a0\u00a0\u00a0\u00a0 La coop\u00e9ration, des affaires politiques et consulaires et de la s\u00e9curit\u00e9\u00a0;<\/p>\n<p>&#8211;\u00a0\u00a0\u00a0\u00a0\u00a0\u00a0\u00a0\u00a0 Des questions \u00e9conomiques, des investissements de l\u2019industrie, de la culture et du d\u00e9veloppement\u00a0;<\/p>\n<p>&#8211;\u00a0\u00a0\u00a0\u00a0\u00a0\u00a0\u00a0\u00a0 L\u2019agriculture et aspects connexes\u00a0;<\/p>\n<p>&#8211;\u00a0\u00a0\u00a0\u00a0\u00a0\u00a0\u00a0\u00a0 L\u2019\u00e9nergie et du transport.<\/p>\n<p>&nbsp;<\/p>\n<p>Il a inform\u00e9 que des rencontres Business to Business furent organis\u00e9es durant la mission par l\u2019entremise de l\u2019Ambassadeur de Guin\u00e9e dont le d\u00e9vouement et la disponibilit\u00e9 sont \u00e0 saluer.<\/p>\n<p>&nbsp;<\/p>\n<p>Quant \u00e0 la r\u00e9union Minist\u00e9rielle, elle a enregistr\u00e9 l\u2019entretien bilat\u00e9ral avec la Ministre de la Coop\u00e9ration Internationale portant sur les questions nationales et internationales. Les projets d\u2019accords de coop\u00e9ration examin\u00e9s par les experts ont r\u00e9v\u00e9l\u00e9 une convergence de vue sur les questions soulev\u00e9es et la volont\u00e9 commune de maintenir un m\u00e9canisme de consultations p\u00e9riodiques et la n\u00e9cessit\u00e9 de mettre en \u0153uvre les accords sign\u00e9s.<\/p>\n<p>&nbsp;<\/p>\n<p>Le Ministre a affirm\u00e9 que la 1<sup>\u00e8re<\/sup> session de la Commission mixte s\u2019est achev\u00e9e par la signature de cinq (5) accords importants\u00a0sur :<\/p>\n<p>&nbsp;<\/p>\n<p>&#8211;\u00a0\u00a0\u00a0\u00a0\u00a0\u00a0\u00a0\u00a0 La cr\u00e9ation de la Commission mixte de coop\u00e9ration\u00a0;<\/p>\n<p>&#8211;\u00a0\u00a0\u00a0\u00a0\u00a0L\u2019exemption de visas pour les d\u00e9tenteurs de passeports diplomatiques et de services\u00a0; et les facilit\u00e9s d\u2019obtention de visas pour les d\u00e9tenteurs de passeports ordinaires\u00a0;<\/p>\n<p>&#8211;\u00a0\u00a0\u00a0\u00a0\u00a0\u00a0\u00a0\u00a0 Les consultations politiques entre les deux Minist\u00e8res des Affaires Etrang\u00e8res\u00a0;<\/p>\n<p>&#8211;\u00a0\u00a0\u00a0\u00a0\u00a0\u00a0\u00a0\u00a0 La coop\u00e9ration technique entre les deux Minist\u00e8res des Affaires Etrang\u00e8res\u00a0;<\/p>\n<p>&#8211;\u00a0\u00a0\u00a0\u00a0\u00a0\u00a0\u00a0\u00a0 Les services a\u00e9riens entre et au-del\u00e0 des territoires guin\u00e9ens et des \u00e9mirats.<\/p>\n<p>&nbsp;<\/p>\n<p>Il est \u00e0 signaler qu\u2019aucun accord sur l\u2019agriculture n\u2019a \u00e9t\u00e9 sign\u00e9, compte tenu de l\u2019absence d\u2019expert de ce secteur.<\/p>\n<p><strong>\u00a0<\/strong><\/p>\n<p>Le Ministre a soutenu que la signature des accords contribue \u00e0 l\u2019\u00e9largissement du cadre juridique de notre partenariat strat\u00e9gique et facilitera le mouvement des investisseurs dans les deux pays.<\/p>\n<p>&nbsp;<\/p>\n<p>Pour ce faire, la Guin\u00e9e doit imm\u00e9diatement sensibiliser les acteurs et services concern\u00e9s pour permettre l\u2019application correcte et responsable des engagements, notamment une attention particuli\u00e8re doit \u00eatre accord\u00e9e aux structures de l\u2019a\u00e9roport Gbessia, afin de r\u00e9server aux investisseurs \u00e9trangers en g\u00e9n\u00e9ral et Emiratis en particulier un traitement \u00e0 la hauteur de la volont\u00e9 politique exprim\u00e9e.<\/p>\n<p>&nbsp;<\/p>\n<p><strong>Au cours des d\u00e9bats, <\/strong>les observations essentielles ont port\u00e9 sur\u00a0la n\u00e9cessit\u00e9 de\u00a0:<\/p>\n<p>&nbsp;<\/p>\n<p>&#8211;\u00a0\u00a0\u00a0\u00a0\u00a0\u00a0\u00a0\u00a0 Accorder une diligence aux proc\u00e9dures de saisine pour la ratification des accords et conventions\u00a0;<\/p>\n<p>&#8211;\u00a0 \u00a0 \u00a0\u00a0Veillez \u00e0 l\u2019avenir de transmettre les projets d\u2019accords et conventions de coop\u00e9ration aux d\u00e9partements sectoriels avant les rencontres.<\/p>\n<p><strong>\u00a0<\/strong><\/p>\n<p><strong>Au terme de l\u2019expos\u00e9, <\/strong>le Ministre, compte tenu de la mission d\u00e9volue \u00e0 une commission mixte de coop\u00e9ration, a sollicit\u00e9 que son Secr\u00e9tariat technique comprenant le coordinateur des experts, le rapporteur et le repr\u00e9sentant de la direction des affaires juridiques soit reconduits automatiquement pour mieux couvrir toutes les sessions. Le Conseil a approuv\u00e9 cette recommandation.<\/p>\n<p><strong>\u00a0<\/strong><\/p>\n<p><strong>AU TITRE DE LA COMMUNICATION<\/strong><\/p>\n<p><strong>\u00a0<\/strong><\/p>\n<p><strong>Le Secr\u00e9taire G\u00e9n\u00e9ral des Affaires Religieuses <\/strong>a fait une communication relative aux pr\u00e9paratifs du HADJ 2018.<\/p>\n<p><strong>\u00a0<\/strong><\/p>\n<p>Il a expliqu\u00e9 que le transporteur a\u00e9rien des p\u00e8lerins guin\u00e9ens, est retenu sur la base d\u2019un appel d\u2019offre, d\u00e9pouill\u00e9 par une commission interminist\u00e9rielle souveraine. Ainsi, \u00e0 l\u2019issue du d\u00e9pouillement et de l\u2019analyse objective des offres, le march\u00e9 est attribu\u00e9 \u00e0 Ethiopian Airlines pour le Hadj 2018\u00a0; au tarif unitaire ferme non r\u00e9visable de 1.384 USD hors taxes.<\/p>\n<p>&nbsp;<\/p>\n<p>Le Secr\u00e9taire G\u00e9n\u00e9ral a soutenu qu\u2019en plus d\u2019un prix meilleur, les avantages li\u00e9s \u00e0 cette attribution sont entre autres\u00a0:<\/p>\n<p>&nbsp;<\/p>\n<p>&#8211;\u00a0\u00a0\u00a0\u00a0\u00a0\u00a0\u00a0\u00a0 La date de retour du premier convoi pr\u00e9vue 48H seulement apr\u00e8s Mina contre deux semaines en 2017\u00a0;<\/p>\n<p>&nbsp;<\/p>\n<p>&#8211;\u00a0\u00a0\u00a0\u00a0\u00a0\u00a0\u00a0\u00a0 La franchise de 64 kg pour deux pi\u00e8ces contre 46 kg en 2017.<\/p>\n<p>&nbsp;<\/p>\n<p>Il a inform\u00e9 que la commission interminist\u00e9rielle, les agences priv\u00e9es et les services techniques du SGAR ont fix\u00e9 le tarif individuel du p\u00e8lerinage 2018 \u00e0 40\u00a0942\u00a0200 GNF soit 4\u00a0524 USD, au taux de 1 USD = 9\u00a0050 GNF. Ce co\u00fbt prend en compte les 5% de la TVA (nouvelle mesure prise en Arabie Saoudite) et les nouvelles mesures guin\u00e9ennes concernant l\u2019incorporation des prix du mouton, de l\u2019uniforme et du matelas.<\/p>\n<p>&nbsp;<\/p>\n<p>Le Secr\u00e9taire G\u00e9n\u00e9ral a \u00e9galement inform\u00e9 des dates importantes pour l\u2019organisation du Hadj 2018\u00a0:<\/p>\n<p>&nbsp;<\/p>\n<p>&#8211;\u00a0\u00a0\u00a0\u00a0\u00a0\u00a0\u00a0\u00a0 13 juillet 2018\u00a0: date butoir de la confirmation du quota de 9000 p\u00e8lerins guin\u00e9ens par l\u2019Arabie Saoudite\u00a0;<\/p>\n<p>&nbsp;<\/p>\n<p>&#8211;\u00a0\u00a0\u00a0\u00a0\u00a0\u00a0\u00a0\u00a0 24 juillet 2018\u00a0: d\u00e9part du premier convoi de Conakry pour M\u00e9dine\u00a0;<\/p>\n<p>&nbsp;<\/p>\n<p>&#8211;\u00a0\u00a0\u00a0\u00a0\u00a0\u00a0\u00a0\u00a0 16 ao\u00fbt 2018\u00a0: fermeture de l\u2019A\u00e9roport de M\u00e9dine\u00a0;<\/p>\n<p>&nbsp;<\/p>\n<p>&#8211;\u00a0\u00a0\u00a0\u00a0\u00a0\u00a0\u00a0\u00a0 20 ao\u00fbt 2018\u00a0: mont\u00e9e d\u2019Arafat\u00a0;<\/p>\n<p>&nbsp;<\/p>\n<p>&#8211;\u00a0\u00a0\u00a0\u00a0\u00a0\u00a0\u00a0\u00a0 28 ao\u00fbt 2018\u00a0: retour du premier convoi de Djeddah pour Conakry.<\/p>\n<p>&nbsp;<\/p>\n<p>Il a formul\u00e9 les recommandations suivantes\u00a0:<\/p>\n<p>&nbsp;<\/p>\n<p>&#8211;\u00a0\u00a0\u00a0\u00a0\u00a0\u00a0\u00a0\u00a0 La validation du tarif individuel du Hadj 2018 au plus tard le 13 avril 2018\u00a0;<\/p>\n<p>&nbsp;<\/p>\n<p>&#8211;\u00a0\u00a0\u00a0\u00a0\u00a0\u00a0\u00a0\u00a0 La mise \u00e0 disposition des fonds allou\u00e9s au P\u00e8lerinage\u00a0;<\/p>\n<p>&nbsp;<\/p>\n<p>&#8211;\u00a0\u00a0\u00a0\u00a0\u00a0\u00a0\u00a0L\u2019envoi de la deuxi\u00e8me mission en Arabie Saoudite pour la signature des diff\u00e9rents contrats et l\u2019activation des comptes bancaires\u00a0;<\/p>\n<p>&nbsp;<\/p>\n<p>&#8211;\u00a0\u00a0\u00a0\u00a0\u00a0\u00a0\u00a0\u00a0Le lancement officiel des inscriptions \u00e0 partir du 16 avril 2018\u00a0;<\/p>\n<p>&nbsp;<\/p>\n<p>&#8211;\u00a0\u00a0\u00a0\u00a0\u00a0\u00a0\u00a0\u00a0L\u2019op\u00e9rationnalisation du centre informatique d\u2019enr\u00f4lement des p\u00e8lerins.<\/p>\n<p>&nbsp;<\/p>\n<p><strong>Au cours des d\u00e9bats, <\/strong>l\u2019observation essentielle a port\u00e9 sur\u00a0la prise des dispositions n\u00e9cessaires pour effectuer la commande des vaccins \u00e9tant donn\u00e9 que le d\u00e9lai de livraison est de 3 mois.<\/p>\n<p><strong>\u00a0<\/strong><\/p>\n<p><strong>Au terme de l\u2019expos\u00e9, <\/strong>le SG a sollicit\u00e9 la validation du tarif individuel du Hadj 2018, au plus tard le 13 avril 2018 et la mise \u00e0 disposition des fonds allou\u00e9s au p\u00e8lerinage afin de lancer les inscriptions \u00e0 partir du 16 avril 2018.<\/p>\n<p><strong>AU TITRE DES DECISIONS<\/strong><\/p>\n<p><strong>\u00a0<\/strong><\/p>\n<p><strong>A l\u2019issue des d\u00e9bats sur les diff\u00e9rentes questions suscit\u00e9es, le Conseil a d\u00e9cid\u00e9 ce qui suit\u00a0:<\/strong><\/p>\n<p>&nbsp;<\/p>\n<ol>\n<li>Le Conseil approuve la date du 16 avril 2018 comme date de lancement des inscriptions au Hadj 2018.<\/li>\n<\/ol>\n<p>&nbsp;<\/p>\n<ol start=\"2\">\n<li>Le Conseil demande au Ministre en charge de l\u2019Administration du Territoire d\u2019instruire les autorit\u00e9s d\u00e9centralis\u00e9es et d\u00e9concentr\u00e9es de prendre toutes les dispositions pour l\u2019identification des enseignants en situation de classe par niveau, par \u00e9cole et par collectivit\u00e9.<\/li>\n<\/ol>\n<p>&nbsp;<\/p>\n<p>&nbsp;<\/p>\n<p>&nbsp;<\/p>\n<p><strong>AU TITRE DES DIVERS\u00a0\u00a0\u00a0\u00a0\u00a0<\/strong><\/p>\n<p><strong>\u00a0<\/strong><\/p>\n<p>Le Ministre des Sports, de la Culture et du Patrimoine Historique a inform\u00e9 de la cl\u00f4ture de \u00ab\u00a0Conakry Capitale mondiale du Livre\u00a0\u00bb, le 22 avril 2018.<\/p>\n<p>&nbsp;<\/p>\n<p>&nbsp;<\/p>\n<p>&nbsp;<\/p>\n<p><strong>Le Conseil des Ministres<\/strong><\/p>\n<p><strong>\u00a0<\/strong><\/p>\n<p><strong>Transmis par la Cellule de Communication du Gouvernement<\/strong><\/p>\n<p>&nbsp;<\/p>\n","protected":false},"excerpt":{"rendered":"<p>&nbsp; Conakry, le 12 Avril 2018 &#8211; Sous la pr\u00e9sidence de son Excellence Monsieur le Pr\u00e9sident de la R\u00e9publique, le Conseil des ministres a tenu sa session ordinaire ce jeudi 12 avril 2018 de 10h30 \u00e0 12h, avec l&rsquo;ordre du jour suivant\u00a0: &nbsp; Message de son Excellence Monsieur le Pr\u00e9sident de la R\u00e9publique\u00a0; &nbsp; Compte [&hellip;]<\/p>\n","protected":false},"author":12,"featured_media":24854,"comment_status":"closed","ping_status":"closed","sticky":false,"template":"","format":"standard","meta":{"_exactmetrics_skip_tracking":false,"_exactmetrics_sitenote_active":false,"_exactmetrics_sitenote_note":"","_exactmetrics_sitenote_category":0,"tdm_status":"","tdm_grid_status":"","footnotes":""},"categories":[14],"tags":[],"class_list":{"0":"post-24853","1":"post","2":"type-post","3":"status-publish","4":"format-standard","5":"has-post-thumbnail","7":"category-politique"},"yoast_head":"<!-- This site is optimized with the Yoast SEO plugin v24.2 - https:\/\/yoast.com\/wordpress\/plugins\/seo\/ -->\n<title>Compte rendu du conseil des ministres du 12 AVRIL 2018 | Guin\u00e9e Diversit\u00e9<\/title>\n<meta name=\"robots\" content=\"index, follow, max-snippet:-1, max-image-preview:large, max-video-preview:-1\" \/>\n<link rel=\"canonical\" href=\"https:\/\/guineediversite.com\/index.php\/2018\/04\/12\/compte-rendu-du-conseil-des-ministres-du-12-avril-2018\/\" \/>\n<meta property=\"og:locale\" content=\"fr_FR\" \/>\n<meta property=\"og:type\" content=\"article\" \/>\n<meta property=\"og:title\" content=\"Compte rendu du conseil des ministres du 12 AVRIL 2018 | Guin\u00e9e Diversit\u00e9\" \/>\n<meta property=\"og:description\" content=\"&nbsp; Conakry, le 12 Avril 2018 &#8211; Sous la pr\u00e9sidence de son Excellence Monsieur le Pr\u00e9sident de la R\u00e9publique, le Conseil des ministres a tenu sa session ordinaire ce jeudi 12 avril 2018 de 10h30 \u00e0 12h, avec l&rsquo;ordre du jour suivant\u00a0: &nbsp; Message de son Excellence Monsieur le Pr\u00e9sident de la R\u00e9publique\u00a0; &nbsp; Compte [&hellip;]\" \/>\n<meta property=\"og:url\" content=\"https:\/\/guineediversite.com\/index.php\/2018\/04\/12\/compte-rendu-du-conseil-des-ministres-du-12-avril-2018\/\" \/>\n<meta property=\"og:site_name\" content=\"Guin\u00e9e Diversit\u00e9\" \/>\n<meta property=\"article:publisher\" content=\"https:\/\/www.facebook.com\/guineediversite\/\" \/>\n<meta property=\"article:published_time\" content=\"2018-04-12T15:52:34+00:00\" \/>\n<meta property=\"og:image\" content=\"https:\/\/guineediversite.com\/wp-content\/uploads\/2018\/04\/CRCM-du-12-Avril-2018.jpg\" \/>\n\t<meta property=\"og:image:width\" content=\"1000\" \/>\n\t<meta property=\"og:image:height\" content=\"694\" \/>\n\t<meta property=\"og:image:type\" content=\"image\/jpeg\" \/>\n<meta name=\"author\" content=\"Guin\u00e9e Diversit\u00e9\" \/>\n<meta name=\"twitter:card\" content=\"summary_large_image\" \/>\n<meta name=\"twitter:creator\" content=\"@GuineeDiversite\" \/>\n<meta name=\"twitter:site\" content=\"@GuineeDiversite\" \/>\n<meta name=\"twitter:label1\" content=\"\u00c9crit par\" \/>\n\t<meta name=\"twitter:data1\" content=\"Guin\u00e9e Diversit\u00e9\" \/>\n\t<meta name=\"twitter:label2\" content=\"Dur\u00e9e de lecture estim\u00e9e\" \/>\n\t<meta name=\"twitter:data2\" content=\"8 minutes\" \/>\n<script type=\"application\/ld+json\" class=\"yoast-schema-graph\">{\"@context\":\"https:\/\/schema.org\",\"@graph\":[{\"@type\":\"Article\",\"@id\":\"https:\/\/guineediversite.com\/index.php\/2018\/04\/12\/compte-rendu-du-conseil-des-ministres-du-12-avril-2018\/#article\",\"isPartOf\":{\"@id\":\"https:\/\/guineediversite.com\/index.php\/2018\/04\/12\/compte-rendu-du-conseil-des-ministres-du-12-avril-2018\/\"},\"author\":{\"name\":\"Guin\u00e9e Diversit\u00e9\",\"@id\":\"https:\/\/guineediversite.com\/#\/schema\/person\/afa08fb34e7fc6e1feafc892612bc836\"},\"headline\":\"Compte rendu du conseil des ministres du 12 AVRIL 2018\",\"datePublished\":\"2018-04-12T15:52:34+00:00\",\"dateModified\":\"2018-04-12T15:52:34+00:00\",\"mainEntityOfPage\":{\"@id\":\"https:\/\/guineediversite.com\/index.php\/2018\/04\/12\/compte-rendu-du-conseil-des-ministres-du-12-avril-2018\/\"},\"wordCount\":1631,\"publisher\":{\"@id\":\"https:\/\/guineediversite.com\/#organization\"},\"image\":{\"@id\":\"https:\/\/guineediversite.com\/index.php\/2018\/04\/12\/compte-rendu-du-conseil-des-ministres-du-12-avril-2018\/#primaryimage\"},\"thumbnailUrl\":\"https:\/\/guineediversite.com\/wp-content\/uploads\/2018\/04\/CRCM-du-12-Avril-2018.jpg\",\"articleSection\":[\"Politique\"],\"inLanguage\":\"fr-FR\"},{\"@type\":\"WebPage\",\"@id\":\"https:\/\/guineediversite.com\/index.php\/2018\/04\/12\/compte-rendu-du-conseil-des-ministres-du-12-avril-2018\/\",\"url\":\"https:\/\/guineediversite.com\/index.php\/2018\/04\/12\/compte-rendu-du-conseil-des-ministres-du-12-avril-2018\/\",\"name\":\"Compte rendu du conseil des ministres du 12 AVRIL 2018 | Guin\u00e9e Diversit\u00e9\",\"isPartOf\":{\"@id\":\"https:\/\/guineediversite.com\/#website\"},\"primaryImageOfPage\":{\"@id\":\"https:\/\/guineediversite.com\/index.php\/2018\/04\/12\/compte-rendu-du-conseil-des-ministres-du-12-avril-2018\/#primaryimage\"},\"image\":{\"@id\":\"https:\/\/guineediversite.com\/index.php\/2018\/04\/12\/compte-rendu-du-conseil-des-ministres-du-12-avril-2018\/#primaryimage\"},\"thumbnailUrl\":\"https:\/\/guineediversite.com\/wp-content\/uploads\/2018\/04\/CRCM-du-12-Avril-2018.jpg\",\"datePublished\":\"2018-04-12T15:52:34+00:00\",\"dateModified\":\"2018-04-12T15:52:34+00:00\",\"breadcrumb\":{\"@id\":\"https:\/\/guineediversite.com\/index.php\/2018\/04\/12\/compte-rendu-du-conseil-des-ministres-du-12-avril-2018\/#breadcrumb\"},\"inLanguage\":\"fr-FR\",\"potentialAction\":[{\"@type\":\"ReadAction\",\"target\":[\"https:\/\/guineediversite.com\/index.php\/2018\/04\/12\/compte-rendu-du-conseil-des-ministres-du-12-avril-2018\/\"]}]},{\"@type\":\"ImageObject\",\"inLanguage\":\"fr-FR\",\"@id\":\"https:\/\/guineediversite.com\/index.php\/2018\/04\/12\/compte-rendu-du-conseil-des-ministres-du-12-avril-2018\/#primaryimage\",\"url\":\"https:\/\/guineediversite.com\/wp-content\/uploads\/2018\/04\/CRCM-du-12-Avril-2018.jpg\",\"contentUrl\":\"https:\/\/guineediversite.com\/wp-content\/uploads\/2018\/04\/CRCM-du-12-Avril-2018.jpg\",\"width\":\"1000\",\"height\":\"694\"},{\"@type\":\"BreadcrumbList\",\"@id\":\"https:\/\/guineediversite.com\/index.php\/2018\/04\/12\/compte-rendu-du-conseil-des-ministres-du-12-avril-2018\/#breadcrumb\",\"itemListElement\":[{\"@type\":\"ListItem\",\"position\":1,\"name\":\"Accueil\",\"item\":\"https:\/\/guineediversite.com\/\"},{\"@type\":\"ListItem\",\"position\":2,\"name\":\"Compte rendu du conseil des ministres du 12 AVRIL 2018\"}]},{\"@type\":\"WebSite\",\"@id\":\"https:\/\/guineediversite.com\/#website\",\"url\":\"https:\/\/guineediversite.com\/\",\"name\":\"Guin\u00e9e Diversit\u00e9\",\"description\":\"L&#039;Info dans toute sa diversit\u00e9\",\"publisher\":{\"@id\":\"https:\/\/guineediversite.com\/#organization\"},\"potentialAction\":[{\"@type\":\"SearchAction\",\"target\":{\"@type\":\"EntryPoint\",\"urlTemplate\":\"https:\/\/guineediversite.com\/?s={search_term_string}\"},\"query-input\":{\"@type\":\"PropertyValueSpecification\",\"valueRequired\":true,\"valueName\":\"search_term_string\"}}],\"inLanguage\":\"fr-FR\"},{\"@type\":\"Organization\",\"@id\":\"https:\/\/guineediversite.com\/#organization\",\"name\":\"Guin\u00e9e Diversit\u00e9\",\"url\":\"https:\/\/guineediversite.com\/\",\"logo\":{\"@type\":\"ImageObject\",\"inLanguage\":\"fr-FR\",\"@id\":\"https:\/\/guineediversite.com\/#\/schema\/logo\/image\/\",\"url\":\"https:\/\/guineediversite.com\/wp-content\/uploads\/2017\/04\/cropped-1jojlxEOMkX9Wyqfhe43D6kjPOGqBBKmx3EwWJqZ0cMrFF54yM49.png\",\"contentUrl\":\"https:\/\/guineediversite.com\/wp-content\/uploads\/2017\/04\/cropped-1jojlxEOMkX9Wyqfhe43D6kjPOGqBBKmx3EwWJqZ0cMrFF54yM49.png\",\"width\":186,\"height\":112,\"caption\":\"Guin\u00e9e Diversit\u00e9\"},\"image\":{\"@id\":\"https:\/\/guineediversite.com\/#\/schema\/logo\/image\/\"},\"sameAs\":[\"https:\/\/www.facebook.com\/guineediversite\/\",\"https:\/\/x.com\/GuineeDiversite\",\"https:\/\/www.youtube.com\/channel\/UC8sUY16qelG5ge6_D5SB83g\"]},{\"@type\":\"Person\",\"@id\":\"https:\/\/guineediversite.com\/#\/schema\/person\/afa08fb34e7fc6e1feafc892612bc836\",\"name\":\"Guin\u00e9e Diversit\u00e9\",\"image\":{\"@type\":\"ImageObject\",\"inLanguage\":\"fr-FR\",\"@id\":\"https:\/\/guineediversite.com\/#\/schema\/person\/image\/\",\"url\":\"https:\/\/secure.gravatar.com\/avatar\/50d5eb5b390f8b65ac30ac6f898eb83a?s=96&d=mm&r=g\",\"contentUrl\":\"https:\/\/secure.gravatar.com\/avatar\/50d5eb5b390f8b65ac30ac6f898eb83a?s=96&d=mm&r=g\",\"caption\":\"Guin\u00e9e Diversit\u00e9\"},\"url\":\"https:\/\/guineediversite.com\/index.php\/author\/guineediversite\/\"}]}<\/script>\n<!-- \/ Yoast SEO plugin. -->","yoast_head_json":{"title":"Compte rendu du conseil des ministres du 12 AVRIL 2018 | Guin\u00e9e Diversit\u00e9","robots":{"index":"index","follow":"follow","max-snippet":"max-snippet:-1","max-image-preview":"max-image-preview:large","max-video-preview":"max-video-preview:-1"},"canonical":"https:\/\/guineediversite.com\/index.php\/2018\/04\/12\/compte-rendu-du-conseil-des-ministres-du-12-avril-2018\/","og_locale":"fr_FR","og_type":"article","og_title":"Compte rendu du conseil des ministres du 12 AVRIL 2018 | Guin\u00e9e Diversit\u00e9","og_description":"&nbsp; Conakry, le 12 Avril 2018 &#8211; Sous la pr\u00e9sidence de son Excellence Monsieur le Pr\u00e9sident de la R\u00e9publique, le Conseil des ministres a tenu sa session ordinaire ce jeudi 12 avril 2018 de 10h30 \u00e0 12h, avec l&rsquo;ordre du jour suivant\u00a0: &nbsp; Message de son Excellence Monsieur le Pr\u00e9sident de la R\u00e9publique\u00a0; &nbsp; Compte [&hellip;]","og_url":"https:\/\/guineediversite.com\/index.php\/2018\/04\/12\/compte-rendu-du-conseil-des-ministres-du-12-avril-2018\/","og_site_name":"Guin\u00e9e Diversit\u00e9","article_publisher":"https:\/\/www.facebook.com\/guineediversite\/","article_published_time":"2018-04-12T15:52:34+00:00","og_image":[{"width":1000,"height":694,"url":"https:\/\/guineediversite.com\/wp-content\/uploads\/2018\/04\/CRCM-du-12-Avril-2018.jpg","type":"image\/jpeg"}],"author":"Guin\u00e9e Diversit\u00e9","twitter_card":"summary_large_image","twitter_creator":"@GuineeDiversite","twitter_site":"@GuineeDiversite","twitter_misc":{"\u00c9crit par":"Guin\u00e9e Diversit\u00e9","Dur\u00e9e de lecture estim\u00e9e":"8 minutes"},"schema":{"@context":"https:\/\/schema.org","@graph":[{"@type":"Article","@id":"https:\/\/guineediversite.com\/index.php\/2018\/04\/12\/compte-rendu-du-conseil-des-ministres-du-12-avril-2018\/#article","isPartOf":{"@id":"https:\/\/guineediversite.com\/index.php\/2018\/04\/12\/compte-rendu-du-conseil-des-ministres-du-12-avril-2018\/"},"author":{"name":"Guin\u00e9e Diversit\u00e9","@id":"https:\/\/guineediversite.com\/#\/schema\/person\/afa08fb34e7fc6e1feafc892612bc836"},"headline":"Compte rendu du conseil des ministres du 12 AVRIL 2018","datePublished":"2018-04-12T15:52:34+00:00","dateModified":"2018-04-12T15:52:34+00:00","mainEntityOfPage":{"@id":"https:\/\/guineediversite.com\/index.php\/2018\/04\/12\/compte-rendu-du-conseil-des-ministres-du-12-avril-2018\/"},"wordCount":1631,"publisher":{"@id":"https:\/\/guineediversite.com\/#organization"},"image":{"@id":"https:\/\/guineediversite.com\/index.php\/2018\/04\/12\/compte-rendu-du-conseil-des-ministres-du-12-avril-2018\/#primaryimage"},"thumbnailUrl":"https:\/\/guineediversite.com\/wp-content\/uploads\/2018\/04\/CRCM-du-12-Avril-2018.jpg","articleSection":["Politique"],"inLanguage":"fr-FR"},{"@type":"WebPage","@id":"https:\/\/guineediversite.com\/index.php\/2018\/04\/12\/compte-rendu-du-conseil-des-ministres-du-12-avril-2018\/","url":"https:\/\/guineediversite.com\/index.php\/2018\/04\/12\/compte-rendu-du-conseil-des-ministres-du-12-avril-2018\/","name":"Compte rendu du conseil des ministres du 12 AVRIL 2018 | Guin\u00e9e Diversit\u00e9","isPartOf":{"@id":"https:\/\/guineediversite.com\/#website"},"primaryImageOfPage":{"@id":"https:\/\/guineediversite.com\/index.php\/2018\/04\/12\/compte-rendu-du-conseil-des-ministres-du-12-avril-2018\/#primaryimage"},"image":{"@id":"https:\/\/guineediversite.com\/index.php\/2018\/04\/12\/compte-rendu-du-conseil-des-ministres-du-12-avril-2018\/#primaryimage"},"thumbnailUrl":"https:\/\/guineediversite.com\/wp-content\/uploads\/2018\/04\/CRCM-du-12-Avril-2018.jpg","datePublished":"2018-04-12T15:52:34+00:00","dateModified":"2018-04-12T15:52:34+00:00","breadcrumb":{"@id":"https:\/\/guineediversite.com\/index.php\/2018\/04\/12\/compte-rendu-du-conseil-des-ministres-du-12-avril-2018\/#breadcrumb"},"inLanguage":"fr-FR","potentialAction":[{"@type":"ReadAction","target":["https:\/\/guineediversite.com\/index.php\/2018\/04\/12\/compte-rendu-du-conseil-des-ministres-du-12-avril-2018\/"]}]},{"@type":"ImageObject","inLanguage":"fr-FR","@id":"https:\/\/guineediversite.com\/index.php\/2018\/04\/12\/compte-rendu-du-conseil-des-ministres-du-12-avril-2018\/#primaryimage","url":"https:\/\/guineediversite.com\/wp-content\/uploads\/2018\/04\/CRCM-du-12-Avril-2018.jpg","contentUrl":"https:\/\/guineediversite.com\/wp-content\/uploads\/2018\/04\/CRCM-du-12-Avril-2018.jpg","width":"1000","height":"694"},{"@type":"BreadcrumbList","@id":"https:\/\/guineediversite.com\/index.php\/2018\/04\/12\/compte-rendu-du-conseil-des-ministres-du-12-avril-2018\/#breadcrumb","itemListElement":[{"@type":"ListItem","position":1,"name":"Accueil","item":"https:\/\/guineediversite.com\/"},{"@type":"ListItem","position":2,"name":"Compte rendu du conseil des ministres du 12 AVRIL 2018"}]},{"@type":"WebSite","@id":"https:\/\/guineediversite.com\/#website","url":"https:\/\/guineediversite.com\/","name":"Guin\u00e9e Diversit\u00e9","description":"L&#039;Info dans toute sa diversit\u00e9","publisher":{"@id":"https:\/\/guineediversite.com\/#organization"},"potentialAction":[{"@type":"SearchAction","target":{"@type":"EntryPoint","urlTemplate":"https:\/\/guineediversite.com\/?s={search_term_string}"},"query-input":{"@type":"PropertyValueSpecification","valueRequired":true,"valueName":"search_term_string"}}],"inLanguage":"fr-FR"},{"@type":"Organization","@id":"https:\/\/guineediversite.com\/#organization","name":"Guin\u00e9e Diversit\u00e9","url":"https:\/\/guineediversite.com\/","logo":{"@type":"ImageObject","inLanguage":"fr-FR","@id":"https:\/\/guineediversite.com\/#\/schema\/logo\/image\/","url":"https:\/\/guineediversite.com\/wp-content\/uploads\/2017\/04\/cropped-1jojlxEOMkX9Wyqfhe43D6kjPOGqBBKmx3EwWJqZ0cMrFF54yM49.png","contentUrl":"https:\/\/guineediversite.com\/wp-content\/uploads\/2017\/04\/cropped-1jojlxEOMkX9Wyqfhe43D6kjPOGqBBKmx3EwWJqZ0cMrFF54yM49.png","width":186,"height":112,"caption":"Guin\u00e9e Diversit\u00e9"},"image":{"@id":"https:\/\/guineediversite.com\/#\/schema\/logo\/image\/"},"sameAs":["https:\/\/www.facebook.com\/guineediversite\/","https:\/\/x.com\/GuineeDiversite","https:\/\/www.youtube.com\/channel\/UC8sUY16qelG5ge6_D5SB83g"]},{"@type":"Person","@id":"https:\/\/guineediversite.com\/#\/schema\/person\/afa08fb34e7fc6e1feafc892612bc836","name":"Guin\u00e9e Diversit\u00e9","image":{"@type":"ImageObject","inLanguage":"fr-FR","@id":"https:\/\/guineediversite.com\/#\/schema\/person\/image\/","url":"https:\/\/secure.gravatar.com\/avatar\/50d5eb5b390f8b65ac30ac6f898eb83a?s=96&d=mm&r=g","contentUrl":"https:\/\/secure.gravatar.com\/avatar\/50d5eb5b390f8b65ac30ac6f898eb83a?s=96&d=mm&r=g","caption":"Guin\u00e9e Diversit\u00e9"},"url":"https:\/\/guineediversite.com\/index.php\/author\/guineediversite\/"}]}},"_links":{"self":[{"href":"https:\/\/guineediversite.com\/index.php\/wp-json\/wp\/v2\/posts\/24853"}],"collection":[{"href":"https:\/\/guineediversite.com\/index.php\/wp-json\/wp\/v2\/posts"}],"about":[{"href":"https:\/\/guineediversite.com\/index.php\/wp-json\/wp\/v2\/types\/post"}],"author":[{"embeddable":true,"href":"https:\/\/guineediversite.com\/index.php\/wp-json\/wp\/v2\/users\/12"}],"replies":[{"embeddable":true,"href":"https:\/\/guineediversite.com\/index.php\/wp-json\/wp\/v2\/comments?post=24853"}],"version-history":[{"count":0,"href":"https:\/\/guineediversite.com\/index.php\/wp-json\/wp\/v2\/posts\/24853\/revisions"}],"wp:featuredmedia":[{"embeddable":true,"href":"https:\/\/guineediversite.com\/index.php\/wp-json\/wp\/v2\/media\/24854"}],"wp:attachment":[{"href":"https:\/\/guineediversite.com\/index.php\/wp-json\/wp\/v2\/media?parent=24853"}],"wp:term":[{"taxonomy":"category","embeddable":true,"href":"https:\/\/guineediversite.com\/index.php\/wp-json\/wp\/v2\/categories?post=24853"},{"taxonomy":"post_tag","embeddable":true,"href":"https:\/\/guineediversite.com\/index.php\/wp-json\/wp\/v2\/tags?post=24853"}],"curies":[{"name":"wp","href":"https:\/\/api.w.org\/{rel}","templated":true}]}}