{"id":24850,"date":"2018-04-12T11:24:25","date_gmt":"2018-04-12T09:24:25","guid":{"rendered":"https:\/\/guineediversite.com\/?p=24850"},"modified":"2018-04-13T17:22:53","modified_gmt":"2018-04-13T15:22:53","slug":"mohamed-said-fofana-et-lhonorable-claude-kory-kondiano-oeuvrent-pour-la-reconnaissance-de-linstitution-destinee-a-la-mediation","status":"publish","type":"post","link":"https:\/\/guineediversite.com\/index.php\/2018\/04\/12\/mohamed-said-fofana-et-lhonorable-claude-kory-kondiano-oeuvrent-pour-la-reconnaissance-de-linstitution-destinee-a-la-mediation\/","title":{"rendered":"Mohamed Sa\u00efd Fofana et l\u2019honorable Claude Kory Kondiano \u0153uvrent pour la reconnaissance de l\u2019institution destin\u00e9e \u00e0 la m\u00e9diation."},"content":{"rendered":"<p>Ce mercredi en visite \u00e0 l\u2019Assembl\u00e9e nationale, Mohamed Sa\u00efd Fofana et les membres du bureau du Parlement ont \u00e9chang\u00e9 sur le fonctionnement et le r\u00f4le du m\u00e9diateur.<\/p>\n<p>Sur place, Mohamed Sa\u00efd a tout d\u2019abord fait un bref rappel de la mission qui lui ait d\u00e9volue avant de parler de la m\u00e9connaissance de son institution des citoyens. Les objectifs que s\u2019assigne le m\u00e9diateur de la r\u00e9publique sont nobles.<\/p>\n<p>C\u2019est pourquoi, le pr\u00e9sident de l\u2019Assembl\u00e9e nationale, honorable Claude Kory Kondiano a au nom de ses pairs promis d\u2019\u0153uvrer pour la reconnaissance de cette institution par les citoyens.<\/p>\n<p>Le m\u00e9diateur de la r\u00e9publique est reparti tr\u00e8s satisfait de cette rencontre. Les deux institutions ont assur\u00e9s de travailler ensemble pour le bonheur du peuple de Guin\u00e9e.<\/p>\n","protected":false},"excerpt":{"rendered":"<p>Ce mercredi en visite \u00e0 l\u2019Assembl\u00e9e nationale, Mohamed Sa\u00efd Fofana et les membres du bureau du Parlement ont \u00e9chang\u00e9 sur le fonctionnement et le r\u00f4le du m\u00e9diateur. Sur place, Mohamed Sa\u00efd a tout d\u2019abord fait un bref rappel de la mission qui lui ait d\u00e9volue avant de parler de la m\u00e9connaissance de son institution des [&hellip;]<\/p>\n","protected":false},"author":14,"featured_media":24851,"comment_status":"closed","ping_status":"closed","sticky":false,"template":"","format":"standard","meta":{"_exactmetrics_skip_tracking":false,"_exactmetrics_sitenote_active":false,"_exactmetrics_sitenote_note":"","_exactmetrics_sitenote_category":0,"tdm_status":"","tdm_grid_status":"","footnotes":""},"categories":[16],"tags":[],"class_list":{"0":"post-24850","1":"post","2":"type-post","3":"status-publish","4":"format-standard","5":"has-post-thumbnail","7":"category-societe"},"yoast_head":"<!-- This site is optimized with the Yoast SEO plugin v24.2 - https:\/\/yoast.com\/wordpress\/plugins\/seo\/ -->\n<title>Mohamed Sa\u00efd Fofana et l\u2019honorable Claude Kory Kondiano \u0153uvrent pour la reconnaissance de l\u2019institution destin\u00e9e \u00e0 la m\u00e9diation. | Guin\u00e9e Diversit\u00e9<\/title>\n<meta name=\"robots\" content=\"index, follow, max-snippet:-1, max-image-preview:large, max-video-preview:-1\" \/>\n<link rel=\"canonical\" href=\"https:\/\/guineediversite.com\/index.php\/2018\/04\/12\/mohamed-said-fofana-et-lhonorable-claude-kory-kondiano-oeuvrent-pour-la-reconnaissance-de-linstitution-destinee-a-la-mediation\/\" \/>\n<meta property=\"og:locale\" content=\"fr_FR\" \/>\n<meta property=\"og:type\" content=\"article\" \/>\n<meta property=\"og:title\" content=\"Mohamed Sa\u00efd Fofana et l\u2019honorable Claude Kory Kondiano \u0153uvrent pour la reconnaissance de l\u2019institution destin\u00e9e \u00e0 la m\u00e9diation. | Guin\u00e9e Diversit\u00e9\" \/>\n<meta property=\"og:description\" content=\"Ce mercredi en visite \u00e0 l\u2019Assembl\u00e9e nationale, Mohamed Sa\u00efd Fofana et les membres du bureau du Parlement ont \u00e9chang\u00e9 sur le fonctionnement et le r\u00f4le du m\u00e9diateur. Sur place, Mohamed Sa\u00efd a tout d\u2019abord fait un bref rappel de la mission qui lui ait d\u00e9volue avant de parler de la m\u00e9connaissance de son institution des [&hellip;]\" \/>\n<meta property=\"og:url\" content=\"https:\/\/guineediversite.com\/index.php\/2018\/04\/12\/mohamed-said-fofana-et-lhonorable-claude-kory-kondiano-oeuvrent-pour-la-reconnaissance-de-linstitution-destinee-a-la-mediation\/\" \/>\n<meta property=\"og:site_name\" content=\"Guin\u00e9e Diversit\u00e9\" \/>\n<meta property=\"article:publisher\" content=\"https:\/\/www.facebook.com\/guineediversite\/\" \/>\n<meta property=\"article:published_time\" content=\"2018-04-12T09:24:25+00:00\" \/>\n<meta property=\"article:modified_time\" content=\"2018-04-13T15:22:53+00:00\" \/>\n<meta property=\"og:image\" content=\"https:\/\/guineediversite.com\/wp-content\/uploads\/2018\/04\/IMG_20180411_114419-1024x576.jpg\" \/>\n\t<meta property=\"og:image:width\" content=\"1024\" \/>\n\t<meta property=\"og:image:height\" content=\"576\" \/>\n\t<meta property=\"og:image:type\" content=\"image\/jpeg\" \/>\n<meta name=\"author\" content=\"Lazare Bangoura\" \/>\n<meta name=\"twitter:card\" content=\"summary_large_image\" \/>\n<meta name=\"twitter:creator\" content=\"@GuineeDiversite\" \/>\n<meta name=\"twitter:site\" content=\"@GuineeDiversite\" \/>\n<meta name=\"twitter:label1\" content=\"\u00c9crit par\" \/>\n\t<meta name=\"twitter:data1\" content=\"Lazare Bangoura\" \/>\n\t<meta name=\"twitter:label2\" content=\"Dur\u00e9e de lecture estim\u00e9e\" \/>\n\t<meta name=\"twitter:data2\" content=\"1 minute\" \/>\n<script type=\"application\/ld+json\" class=\"yoast-schema-graph\">{\"@context\":\"https:\/\/schema.org\",\"@graph\":[{\"@type\":\"Article\",\"@id\":\"https:\/\/guineediversite.com\/index.php\/2018\/04\/12\/mohamed-said-fofana-et-lhonorable-claude-kory-kondiano-oeuvrent-pour-la-reconnaissance-de-linstitution-destinee-a-la-mediation\/#article\",\"isPartOf\":{\"@id\":\"https:\/\/guineediversite.com\/index.php\/2018\/04\/12\/mohamed-said-fofana-et-lhonorable-claude-kory-kondiano-oeuvrent-pour-la-reconnaissance-de-linstitution-destinee-a-la-mediation\/\"},\"author\":{\"name\":\"Lazare Bangoura\",\"@id\":\"https:\/\/guineediversite.com\/#\/schema\/person\/c915f4424a17926ee4510e6abdfdc2a5\"},\"headline\":\"Mohamed Sa\u00efd Fofana et l\u2019honorable Claude Kory Kondiano \u0153uvrent pour la reconnaissance de l\u2019institution destin\u00e9e \u00e0 la m\u00e9diation.\",\"datePublished\":\"2018-04-12T09:24:25+00:00\",\"dateModified\":\"2018-04-13T15:22:53+00:00\",\"mainEntityOfPage\":{\"@id\":\"https:\/\/guineediversite.com\/index.php\/2018\/04\/12\/mohamed-said-fofana-et-lhonorable-claude-kory-kondiano-oeuvrent-pour-la-reconnaissance-de-linstitution-destinee-a-la-mediation\/\"},\"wordCount\":165,\"publisher\":{\"@id\":\"https:\/\/guineediversite.com\/#organization\"},\"image\":{\"@id\":\"https:\/\/guineediversite.com\/index.php\/2018\/04\/12\/mohamed-said-fofana-et-lhonorable-claude-kory-kondiano-oeuvrent-pour-la-reconnaissance-de-linstitution-destinee-a-la-mediation\/#primaryimage\"},\"thumbnailUrl\":\"https:\/\/guineediversite.com\/wp-content\/uploads\/2018\/04\/IMG_20180411_114419.jpg\",\"articleSection\":[\"Soci\u00e9t\u00e9\"],\"inLanguage\":\"fr-FR\"},{\"@type\":\"WebPage\",\"@id\":\"https:\/\/guineediversite.com\/index.php\/2018\/04\/12\/mohamed-said-fofana-et-lhonorable-claude-kory-kondiano-oeuvrent-pour-la-reconnaissance-de-linstitution-destinee-a-la-mediation\/\",\"url\":\"https:\/\/guineediversite.com\/index.php\/2018\/04\/12\/mohamed-said-fofana-et-lhonorable-claude-kory-kondiano-oeuvrent-pour-la-reconnaissance-de-linstitution-destinee-a-la-mediation\/\",\"name\":\"Mohamed Sa\u00efd Fofana et l\u2019honorable Claude Kory Kondiano \u0153uvrent pour la reconnaissance de l\u2019institution destin\u00e9e \u00e0 la m\u00e9diation. | Guin\u00e9e Diversit\u00e9\",\"isPartOf\":{\"@id\":\"https:\/\/guineediversite.com\/#website\"},\"primaryImageOfPage\":{\"@id\":\"https:\/\/guineediversite.com\/index.php\/2018\/04\/12\/mohamed-said-fofana-et-lhonorable-claude-kory-kondiano-oeuvrent-pour-la-reconnaissance-de-linstitution-destinee-a-la-mediation\/#primaryimage\"},\"image\":{\"@id\":\"https:\/\/guineediversite.com\/index.php\/2018\/04\/12\/mohamed-said-fofana-et-lhonorable-claude-kory-kondiano-oeuvrent-pour-la-reconnaissance-de-linstitution-destinee-a-la-mediation\/#primaryimage\"},\"thumbnailUrl\":\"https:\/\/guineediversite.com\/wp-content\/uploads\/2018\/04\/IMG_20180411_114419.jpg\",\"datePublished\":\"2018-04-12T09:24:25+00:00\",\"dateModified\":\"2018-04-13T15:22:53+00:00\",\"breadcrumb\":{\"@id\":\"https:\/\/guineediversite.com\/index.php\/2018\/04\/12\/mohamed-said-fofana-et-lhonorable-claude-kory-kondiano-oeuvrent-pour-la-reconnaissance-de-linstitution-destinee-a-la-mediation\/#breadcrumb\"},\"inLanguage\":\"fr-FR\",\"potentialAction\":[{\"@type\":\"ReadAction\",\"target\":[\"https:\/\/guineediversite.com\/index.php\/2018\/04\/12\/mohamed-said-fofana-et-lhonorable-claude-kory-kondiano-oeuvrent-pour-la-reconnaissance-de-linstitution-destinee-a-la-mediation\/\"]}]},{\"@type\":\"ImageObject\",\"inLanguage\":\"fr-FR\",\"@id\":\"https:\/\/guineediversite.com\/index.php\/2018\/04\/12\/mohamed-said-fofana-et-lhonorable-claude-kory-kondiano-oeuvrent-pour-la-reconnaissance-de-linstitution-destinee-a-la-mediation\/#primaryimage\",\"url\":\"https:\/\/guineediversite.com\/wp-content\/uploads\/2018\/04\/IMG_20180411_114419.jpg\",\"contentUrl\":\"https:\/\/guineediversite.com\/wp-content\/uploads\/2018\/04\/IMG_20180411_114419.jpg\",\"width\":\"3840\",\"height\":\"2160\"},{\"@type\":\"BreadcrumbList\",\"@id\":\"https:\/\/guineediversite.com\/index.php\/2018\/04\/12\/mohamed-said-fofana-et-lhonorable-claude-kory-kondiano-oeuvrent-pour-la-reconnaissance-de-linstitution-destinee-a-la-mediation\/#breadcrumb\",\"itemListElement\":[{\"@type\":\"ListItem\",\"position\":1,\"name\":\"Accueil\",\"item\":\"https:\/\/guineediversite.com\/\"},{\"@type\":\"ListItem\",\"position\":2,\"name\":\"Mohamed Sa\u00efd Fofana et l\u2019honorable Claude Kory Kondiano \u0153uvrent pour la reconnaissance de l\u2019institution destin\u00e9e \u00e0 la m\u00e9diation.\"}]},{\"@type\":\"WebSite\",\"@id\":\"https:\/\/guineediversite.com\/#website\",\"url\":\"https:\/\/guineediversite.com\/\",\"name\":\"Guin\u00e9e Diversit\u00e9\",\"description\":\"L&#039;Info dans toute sa diversit\u00e9\",\"publisher\":{\"@id\":\"https:\/\/guineediversite.com\/#organization\"},\"potentialAction\":[{\"@type\":\"SearchAction\",\"target\":{\"@type\":\"EntryPoint\",\"urlTemplate\":\"https:\/\/guineediversite.com\/?s={search_term_string}\"},\"query-input\":{\"@type\":\"PropertyValueSpecification\",\"valueRequired\":true,\"valueName\":\"search_term_string\"}}],\"inLanguage\":\"fr-FR\"},{\"@type\":\"Organization\",\"@id\":\"https:\/\/guineediversite.com\/#organization\",\"name\":\"Guin\u00e9e Diversit\u00e9\",\"url\":\"https:\/\/guineediversite.com\/\",\"logo\":{\"@type\":\"ImageObject\",\"inLanguage\":\"fr-FR\",\"@id\":\"https:\/\/guineediversite.com\/#\/schema\/logo\/image\/\",\"url\":\"https:\/\/guineediversite.com\/wp-content\/uploads\/2017\/04\/cropped-1jojlxEOMkX9Wyqfhe43D6kjPOGqBBKmx3EwWJqZ0cMrFF54yM49.png\",\"contentUrl\":\"https:\/\/guineediversite.com\/wp-content\/uploads\/2017\/04\/cropped-1jojlxEOMkX9Wyqfhe43D6kjPOGqBBKmx3EwWJqZ0cMrFF54yM49.png\",\"width\":186,\"height\":112,\"caption\":\"Guin\u00e9e Diversit\u00e9\"},\"image\":{\"@id\":\"https:\/\/guineediversite.com\/#\/schema\/logo\/image\/\"},\"sameAs\":[\"https:\/\/www.facebook.com\/guineediversite\/\",\"https:\/\/x.com\/GuineeDiversite\",\"https:\/\/www.youtube.com\/channel\/UC8sUY16qelG5ge6_D5SB83g\"]},{\"@type\":\"Person\",\"@id\":\"https:\/\/guineediversite.com\/#\/schema\/person\/c915f4424a17926ee4510e6abdfdc2a5\",\"name\":\"Lazare Bangoura\",\"image\":{\"@type\":\"ImageObject\",\"inLanguage\":\"fr-FR\",\"@id\":\"https:\/\/guineediversite.com\/#\/schema\/person\/image\/\",\"url\":\"https:\/\/secure.gravatar.com\/avatar\/7bab9b6edb46a08bcc394e7e418baf1e?s=96&d=mm&r=g\",\"contentUrl\":\"https:\/\/secure.gravatar.com\/avatar\/7bab9b6edb46a08bcc394e7e418baf1e?s=96&d=mm&r=g\",\"caption\":\"Lazare Bangoura\"},\"url\":\"https:\/\/guineediversite.com\/index.php\/author\/l-bangoura\/\"}]}<\/script>\n<!-- \/ Yoast SEO plugin. -->","yoast_head_json":{"title":"Mohamed Sa\u00efd Fofana et l\u2019honorable Claude Kory Kondiano \u0153uvrent pour la reconnaissance de l\u2019institution destin\u00e9e \u00e0 la m\u00e9diation. | Guin\u00e9e Diversit\u00e9","robots":{"index":"index","follow":"follow","max-snippet":"max-snippet:-1","max-image-preview":"max-image-preview:large","max-video-preview":"max-video-preview:-1"},"canonical":"https:\/\/guineediversite.com\/index.php\/2018\/04\/12\/mohamed-said-fofana-et-lhonorable-claude-kory-kondiano-oeuvrent-pour-la-reconnaissance-de-linstitution-destinee-a-la-mediation\/","og_locale":"fr_FR","og_type":"article","og_title":"Mohamed Sa\u00efd Fofana et l\u2019honorable Claude Kory Kondiano \u0153uvrent pour la reconnaissance de l\u2019institution destin\u00e9e \u00e0 la m\u00e9diation. | Guin\u00e9e Diversit\u00e9","og_description":"Ce mercredi en visite \u00e0 l\u2019Assembl\u00e9e nationale, Mohamed Sa\u00efd Fofana et les membres du bureau du Parlement ont \u00e9chang\u00e9 sur le fonctionnement et le r\u00f4le du m\u00e9diateur. Sur place, Mohamed Sa\u00efd a tout d\u2019abord fait un bref rappel de la mission qui lui ait d\u00e9volue avant de parler de la m\u00e9connaissance de son institution des [&hellip;]","og_url":"https:\/\/guineediversite.com\/index.php\/2018\/04\/12\/mohamed-said-fofana-et-lhonorable-claude-kory-kondiano-oeuvrent-pour-la-reconnaissance-de-linstitution-destinee-a-la-mediation\/","og_site_name":"Guin\u00e9e Diversit\u00e9","article_publisher":"https:\/\/www.facebook.com\/guineediversite\/","article_published_time":"2018-04-12T09:24:25+00:00","article_modified_time":"2018-04-13T15:22:53+00:00","og_image":[{"width":1024,"height":576,"url":"https:\/\/guineediversite.com\/wp-content\/uploads\/2018\/04\/IMG_20180411_114419-1024x576.jpg","type":"image\/jpeg"}],"author":"Lazare Bangoura","twitter_card":"summary_large_image","twitter_creator":"@GuineeDiversite","twitter_site":"@GuineeDiversite","twitter_misc":{"\u00c9crit par":"Lazare Bangoura","Dur\u00e9e de lecture estim\u00e9e":"1 minute"},"schema":{"@context":"https:\/\/schema.org","@graph":[{"@type":"Article","@id":"https:\/\/guineediversite.com\/index.php\/2018\/04\/12\/mohamed-said-fofana-et-lhonorable-claude-kory-kondiano-oeuvrent-pour-la-reconnaissance-de-linstitution-destinee-a-la-mediation\/#article","isPartOf":{"@id":"https:\/\/guineediversite.com\/index.php\/2018\/04\/12\/mohamed-said-fofana-et-lhonorable-claude-kory-kondiano-oeuvrent-pour-la-reconnaissance-de-linstitution-destinee-a-la-mediation\/"},"author":{"name":"Lazare Bangoura","@id":"https:\/\/guineediversite.com\/#\/schema\/person\/c915f4424a17926ee4510e6abdfdc2a5"},"headline":"Mohamed Sa\u00efd Fofana et l\u2019honorable Claude Kory Kondiano \u0153uvrent pour la reconnaissance de l\u2019institution destin\u00e9e \u00e0 la m\u00e9diation.","datePublished":"2018-04-12T09:24:25+00:00","dateModified":"2018-04-13T15:22:53+00:00","mainEntityOfPage":{"@id":"https:\/\/guineediversite.com\/index.php\/2018\/04\/12\/mohamed-said-fofana-et-lhonorable-claude-kory-kondiano-oeuvrent-pour-la-reconnaissance-de-linstitution-destinee-a-la-mediation\/"},"wordCount":165,"publisher":{"@id":"https:\/\/guineediversite.com\/#organization"},"image":{"@id":"https:\/\/guineediversite.com\/index.php\/2018\/04\/12\/mohamed-said-fofana-et-lhonorable-claude-kory-kondiano-oeuvrent-pour-la-reconnaissance-de-linstitution-destinee-a-la-mediation\/#primaryimage"},"thumbnailUrl":"https:\/\/guineediversite.com\/wp-content\/uploads\/2018\/04\/IMG_20180411_114419.jpg","articleSection":["Soci\u00e9t\u00e9"],"inLanguage":"fr-FR"},{"@type":"WebPage","@id":"https:\/\/guineediversite.com\/index.php\/2018\/04\/12\/mohamed-said-fofana-et-lhonorable-claude-kory-kondiano-oeuvrent-pour-la-reconnaissance-de-linstitution-destinee-a-la-mediation\/","url":"https:\/\/guineediversite.com\/index.php\/2018\/04\/12\/mohamed-said-fofana-et-lhonorable-claude-kory-kondiano-oeuvrent-pour-la-reconnaissance-de-linstitution-destinee-a-la-mediation\/","name":"Mohamed Sa\u00efd Fofana et l\u2019honorable Claude Kory Kondiano \u0153uvrent pour la reconnaissance de l\u2019institution destin\u00e9e \u00e0 la m\u00e9diation. | Guin\u00e9e Diversit\u00e9","isPartOf":{"@id":"https:\/\/guineediversite.com\/#website"},"primaryImageOfPage":{"@id":"https:\/\/guineediversite.com\/index.php\/2018\/04\/12\/mohamed-said-fofana-et-lhonorable-claude-kory-kondiano-oeuvrent-pour-la-reconnaissance-de-linstitution-destinee-a-la-mediation\/#primaryimage"},"image":{"@id":"https:\/\/guineediversite.com\/index.php\/2018\/04\/12\/mohamed-said-fofana-et-lhonorable-claude-kory-kondiano-oeuvrent-pour-la-reconnaissance-de-linstitution-destinee-a-la-mediation\/#primaryimage"},"thumbnailUrl":"https:\/\/guineediversite.com\/wp-content\/uploads\/2018\/04\/IMG_20180411_114419.jpg","datePublished":"2018-04-12T09:24:25+00:00","dateModified":"2018-04-13T15:22:53+00:00","breadcrumb":{"@id":"https:\/\/guineediversite.com\/index.php\/2018\/04\/12\/mohamed-said-fofana-et-lhonorable-claude-kory-kondiano-oeuvrent-pour-la-reconnaissance-de-linstitution-destinee-a-la-mediation\/#breadcrumb"},"inLanguage":"fr-FR","potentialAction":[{"@type":"ReadAction","target":["https:\/\/guineediversite.com\/index.php\/2018\/04\/12\/mohamed-said-fofana-et-lhonorable-claude-kory-kondiano-oeuvrent-pour-la-reconnaissance-de-linstitution-destinee-a-la-mediation\/"]}]},{"@type":"ImageObject","inLanguage":"fr-FR","@id":"https:\/\/guineediversite.com\/index.php\/2018\/04\/12\/mohamed-said-fofana-et-lhonorable-claude-kory-kondiano-oeuvrent-pour-la-reconnaissance-de-linstitution-destinee-a-la-mediation\/#primaryimage","url":"https:\/\/guineediversite.com\/wp-content\/uploads\/2018\/04\/IMG_20180411_114419.jpg","contentUrl":"https:\/\/guineediversite.com\/wp-content\/uploads\/2018\/04\/IMG_20180411_114419.jpg","width":"3840","height":"2160"},{"@type":"BreadcrumbList","@id":"https:\/\/guineediversite.com\/index.php\/2018\/04\/12\/mohamed-said-fofana-et-lhonorable-claude-kory-kondiano-oeuvrent-pour-la-reconnaissance-de-linstitution-destinee-a-la-mediation\/#breadcrumb","itemListElement":[{"@type":"ListItem","position":1,"name":"Accueil","item":"https:\/\/guineediversite.com\/"},{"@type":"ListItem","position":2,"name":"Mohamed Sa\u00efd Fofana et l\u2019honorable Claude Kory Kondiano \u0153uvrent pour la reconnaissance de l\u2019institution destin\u00e9e \u00e0 la m\u00e9diation."}]},{"@type":"WebSite","@id":"https:\/\/guineediversite.com\/#website","url":"https:\/\/guineediversite.com\/","name":"Guin\u00e9e Diversit\u00e9","description":"L&#039;Info dans toute sa diversit\u00e9","publisher":{"@id":"https:\/\/guineediversite.com\/#organization"},"potentialAction":[{"@type":"SearchAction","target":{"@type":"EntryPoint","urlTemplate":"https:\/\/guineediversite.com\/?s={search_term_string}"},"query-input":{"@type":"PropertyValueSpecification","valueRequired":true,"valueName":"search_term_string"}}],"inLanguage":"fr-FR"},{"@type":"Organization","@id":"https:\/\/guineediversite.com\/#organization","name":"Guin\u00e9e Diversit\u00e9","url":"https:\/\/guineediversite.com\/","logo":{"@type":"ImageObject","inLanguage":"fr-FR","@id":"https:\/\/guineediversite.com\/#\/schema\/logo\/image\/","url":"https:\/\/guineediversite.com\/wp-content\/uploads\/2017\/04\/cropped-1jojlxEOMkX9Wyqfhe43D6kjPOGqBBKmx3EwWJqZ0cMrFF54yM49.png","contentUrl":"https:\/\/guineediversite.com\/wp-content\/uploads\/2017\/04\/cropped-1jojlxEOMkX9Wyqfhe43D6kjPOGqBBKmx3EwWJqZ0cMrFF54yM49.png","width":186,"height":112,"caption":"Guin\u00e9e Diversit\u00e9"},"image":{"@id":"https:\/\/guineediversite.com\/#\/schema\/logo\/image\/"},"sameAs":["https:\/\/www.facebook.com\/guineediversite\/","https:\/\/x.com\/GuineeDiversite","https:\/\/www.youtube.com\/channel\/UC8sUY16qelG5ge6_D5SB83g"]},{"@type":"Person","@id":"https:\/\/guineediversite.com\/#\/schema\/person\/c915f4424a17926ee4510e6abdfdc2a5","name":"Lazare Bangoura","image":{"@type":"ImageObject","inLanguage":"fr-FR","@id":"https:\/\/guineediversite.com\/#\/schema\/person\/image\/","url":"https:\/\/secure.gravatar.com\/avatar\/7bab9b6edb46a08bcc394e7e418baf1e?s=96&d=mm&r=g","contentUrl":"https:\/\/secure.gravatar.com\/avatar\/7bab9b6edb46a08bcc394e7e418baf1e?s=96&d=mm&r=g","caption":"Lazare Bangoura"},"url":"https:\/\/guineediversite.com\/index.php\/author\/l-bangoura\/"}]}},"_links":{"self":[{"href":"https:\/\/guineediversite.com\/index.php\/wp-json\/wp\/v2\/posts\/24850"}],"collection":[{"href":"https:\/\/guineediversite.com\/index.php\/wp-json\/wp\/v2\/posts"}],"about":[{"href":"https:\/\/guineediversite.com\/index.php\/wp-json\/wp\/v2\/types\/post"}],"author":[{"embeddable":true,"href":"https:\/\/guineediversite.com\/index.php\/wp-json\/wp\/v2\/users\/14"}],"replies":[{"embeddable":true,"href":"https:\/\/guineediversite.com\/index.php\/wp-json\/wp\/v2\/comments?post=24850"}],"version-history":[{"count":0,"href":"https:\/\/guineediversite.com\/index.php\/wp-json\/wp\/v2\/posts\/24850\/revisions"}],"wp:featuredmedia":[{"embeddable":true,"href":"https:\/\/guineediversite.com\/index.php\/wp-json\/wp\/v2\/media\/24851"}],"wp:attachment":[{"href":"https:\/\/guineediversite.com\/index.php\/wp-json\/wp\/v2\/media?parent=24850"}],"wp:term":[{"taxonomy":"category","embeddable":true,"href":"https:\/\/guineediversite.com\/index.php\/wp-json\/wp\/v2\/categories?post=24850"},{"taxonomy":"post_tag","embeddable":true,"href":"https:\/\/guineediversite.com\/index.php\/wp-json\/wp\/v2\/tags?post=24850"}],"curies":[{"name":"wp","href":"https:\/\/api.w.org\/{rel}","templated":true}]}}