{"id":24840,"date":"2018-04-10T19:33:37","date_gmt":"2018-04-10T17:33:37","guid":{"rendered":"https:\/\/guineediversite.com\/?p=24840"},"modified":"2018-04-10T19:33:37","modified_gmt":"2018-04-10T17:33:37","slug":"prix-marc-vivien-foe-voici-les-13-nomines","status":"publish","type":"post","link":"https:\/\/guineediversite.com\/index.php\/2018\/04\/10\/prix-marc-vivien-foe-voici-les-13-nomines\/","title":{"rendered":"Prix Marc Vivien Fo\u00e9 : voici les 13 nomin\u00e9s"},"content":{"rendered":"<p>La t\u00e9l\u00e9vision France 24 \u00a0et la RFI ont d\u00e9voil\u00e9 la liste des 13 joueurs nomin\u00e9s pour le titre Marc Vivien Fo\u00e9 2018 ce lundi. C\u2019est un \u00a0troph\u00e9e qui r\u00e9compense le meilleur joueur africain \u00e9voluant en ligue 1 fran\u00e7aise.<\/p>\n<p>Sur cette liste, plusieurs joueurs connus du grand public sportif \u00e0 savoir le s\u00e9n\u00e9galais Diao Ke\u00efta Bald\u00e9 qui \u00e9volue \u00e0 l\u2019AS Monaco, l\u2019ivoirien Nicolas Pepe du LOSC et le Camerounais de l\u2019OM Zambo Anguissa.<br \/>\nLaur\u00e9at la saison derni\u00e8re, l\u2019\u00e9l\u00e9phant Jean Micka\u00ebl Seri figure \u00e9galement dans cette liste.<br \/>\nMais cette ann\u00e9e les favoris seront Wahbi Kazri et Karl Toko Ekambi. Le tunisien qui est arriv\u00e9 l\u2019\u00e9t\u00e9 dernier \u00e0 Rennes s\u2019est fait d\u00e9j\u00e0 une grande place dans jeu des bretons. De son c\u00f4t\u00e9, le Camerounais est actuellement le meilleur buteur du SCO Angers et il est le 5e meilleur buteur de la ligue 1 avec 17 r\u00e9alisations.<\/p>\n<p>Voici la liste des 13 nomin\u00e9s<\/p>\n<p>1- Jean Michal Seri (Milieu\/ C\u00f4te d\u2019Ivoire\/Nice)<\/p>\n<p>2- Wahbi Khazri (Milieu\/ Tunisie\/Rennes)<\/p>\n<p>3- Moussa Konat\u00e9 (Attaquant\/ S\u00e9n\u00e9gal\/ Amiens)<\/p>\n<p>4- Hamari Traor\u00e9 (D\u00e9fenseur\/ Mali\/Rennes)<\/p>\n<p>5- Karl TOKO EKAMBI (Attaquant\/ Cameroun\/SCO Angers)<\/p>\n<p>6- Mathieu Dossevi (Milieu\/ Togo\/Metz)<\/p>\n<p>7- Max Alain Gradel (Milieu\/ C\u00f4te d\u2019Ivoire\/Toulouse)<\/p>\n<p>8- Zambo Anguissa (Milieu\/ Cameroun\/O. Marseille)<\/p>\n<p>9- Bertrand Traor\u00e9 (Milieu\/ Burkina Faso\/Lyon)<\/p>\n<p>10- Nicolas P\u00e9p\u00e9 (Milieu\/ C\u00f4te d\u2019Ivoire\/Lille)<\/p>\n<p>11- Ga\u00ebl Kakuta ( Attaquant\/RD Congo\/Amiens)<\/p>\n<p>12- Julio Tavares ( Attaquant\/ Cap-Vert\/Dijon FCO)<\/p>\n<p>13- Keita Balde ( Attaquant\/ S\u00e9n\u00e9gal\/Monaco)<\/p>\n","protected":false},"excerpt":{"rendered":"<p>La t\u00e9l\u00e9vision France 24 \u00a0et la RFI ont d\u00e9voil\u00e9 la liste des 13 joueurs nomin\u00e9s pour le titre Marc Vivien Fo\u00e9 2018 ce lundi. C\u2019est un \u00a0troph\u00e9e qui r\u00e9compense le meilleur joueur africain \u00e9voluant en ligue 1 fran\u00e7aise. Sur cette liste, plusieurs joueurs connus du grand public sportif \u00e0 savoir le s\u00e9n\u00e9galais Diao Ke\u00efta Bald\u00e9 [&hellip;]<\/p>\n","protected":false},"author":12,"featured_media":24841,"comment_status":"closed","ping_status":"closed","sticky":false,"template":"","format":"standard","meta":{"_exactmetrics_skip_tracking":false,"_exactmetrics_sitenote_active":false,"_exactmetrics_sitenote_note":"","_exactmetrics_sitenote_category":0,"tdm_status":"","tdm_grid_status":"","footnotes":""},"categories":[18],"tags":[],"class_list":{"0":"post-24840","1":"post","2":"type-post","3":"status-publish","4":"format-standard","5":"has-post-thumbnail","7":"category-sport"},"yoast_head":"<!-- This site is optimized with the Yoast SEO plugin v24.2 - https:\/\/yoast.com\/wordpress\/plugins\/seo\/ -->\n<title>Prix Marc Vivien Fo\u00e9 : voici les 13 nomin\u00e9s | Guin\u00e9e Diversit\u00e9<\/title>\n<meta name=\"robots\" content=\"index, follow, max-snippet:-1, max-image-preview:large, max-video-preview:-1\" \/>\n<link rel=\"canonical\" href=\"https:\/\/guineediversite.com\/index.php\/2018\/04\/10\/prix-marc-vivien-foe-voici-les-13-nomines\/\" \/>\n<meta property=\"og:locale\" content=\"fr_FR\" \/>\n<meta property=\"og:type\" content=\"article\" \/>\n<meta property=\"og:title\" content=\"Prix Marc Vivien Fo\u00e9 : voici les 13 nomin\u00e9s | Guin\u00e9e Diversit\u00e9\" \/>\n<meta property=\"og:description\" content=\"La t\u00e9l\u00e9vision France 24 \u00a0et la RFI ont d\u00e9voil\u00e9 la liste des 13 joueurs nomin\u00e9s pour le titre Marc Vivien Fo\u00e9 2018 ce lundi. C\u2019est un \u00a0troph\u00e9e qui r\u00e9compense le meilleur joueur africain \u00e9voluant en ligue 1 fran\u00e7aise. Sur cette liste, plusieurs joueurs connus du grand public sportif \u00e0 savoir le s\u00e9n\u00e9galais Diao Ke\u00efta Bald\u00e9 [&hellip;]\" \/>\n<meta property=\"og:url\" content=\"https:\/\/guineediversite.com\/index.php\/2018\/04\/10\/prix-marc-vivien-foe-voici-les-13-nomines\/\" \/>\n<meta property=\"og:site_name\" content=\"Guin\u00e9e Diversit\u00e9\" \/>\n<meta property=\"article:publisher\" content=\"https:\/\/www.facebook.com\/guineediversite\/\" \/>\n<meta property=\"article:published_time\" content=\"2018-04-10T17:33:37+00:00\" \/>\n<meta property=\"og:image\" content=\"https:\/\/guineediversite.com\/wp-content\/uploads\/2018\/04\/t\u00e9l\u00e9chargement-2.jpg\" \/>\n\t<meta property=\"og:image:width\" content=\"1960\" \/>\n\t<meta property=\"og:image:height\" content=\"1648\" \/>\n\t<meta property=\"og:image:type\" content=\"image\/jpeg\" \/>\n<meta name=\"author\" content=\"Guin\u00e9e Diversit\u00e9\" \/>\n<meta name=\"twitter:card\" content=\"summary_large_image\" \/>\n<meta name=\"twitter:creator\" content=\"@GuineeDiversite\" \/>\n<meta name=\"twitter:site\" content=\"@GuineeDiversite\" \/>\n<meta name=\"twitter:label1\" content=\"\u00c9crit par\" \/>\n\t<meta name=\"twitter:data1\" content=\"Guin\u00e9e Diversit\u00e9\" \/>\n\t<meta name=\"twitter:label2\" content=\"Dur\u00e9e de lecture estim\u00e9e\" \/>\n\t<meta name=\"twitter:data2\" content=\"1 minute\" \/>\n<script type=\"application\/ld+json\" class=\"yoast-schema-graph\">{\"@context\":\"https:\/\/schema.org\",\"@graph\":[{\"@type\":\"Article\",\"@id\":\"https:\/\/guineediversite.com\/index.php\/2018\/04\/10\/prix-marc-vivien-foe-voici-les-13-nomines\/#article\",\"isPartOf\":{\"@id\":\"https:\/\/guineediversite.com\/index.php\/2018\/04\/10\/prix-marc-vivien-foe-voici-les-13-nomines\/\"},\"author\":{\"name\":\"Guin\u00e9e Diversit\u00e9\",\"@id\":\"https:\/\/guineediversite.com\/#\/schema\/person\/afa08fb34e7fc6e1feafc892612bc836\"},\"headline\":\"Prix Marc Vivien Fo\u00e9 : voici les 13 nomin\u00e9s\",\"datePublished\":\"2018-04-10T17:33:37+00:00\",\"dateModified\":\"2018-04-10T17:33:37+00:00\",\"mainEntityOfPage\":{\"@id\":\"https:\/\/guineediversite.com\/index.php\/2018\/04\/10\/prix-marc-vivien-foe-voici-les-13-nomines\/\"},\"wordCount\":275,\"publisher\":{\"@id\":\"https:\/\/guineediversite.com\/#organization\"},\"image\":{\"@id\":\"https:\/\/guineediversite.com\/index.php\/2018\/04\/10\/prix-marc-vivien-foe-voici-les-13-nomines\/#primaryimage\"},\"thumbnailUrl\":\"https:\/\/guineediversite.com\/wp-content\/uploads\/2018\/04\/t\u00e9l\u00e9chargement-2.jpg\",\"articleSection\":[\"Sport\"],\"inLanguage\":\"fr-FR\"},{\"@type\":\"WebPage\",\"@id\":\"https:\/\/guineediversite.com\/index.php\/2018\/04\/10\/prix-marc-vivien-foe-voici-les-13-nomines\/\",\"url\":\"https:\/\/guineediversite.com\/index.php\/2018\/04\/10\/prix-marc-vivien-foe-voici-les-13-nomines\/\",\"name\":\"Prix Marc Vivien Fo\u00e9 : voici les 13 nomin\u00e9s | Guin\u00e9e Diversit\u00e9\",\"isPartOf\":{\"@id\":\"https:\/\/guineediversite.com\/#website\"},\"primaryImageOfPage\":{\"@id\":\"https:\/\/guineediversite.com\/index.php\/2018\/04\/10\/prix-marc-vivien-foe-voici-les-13-nomines\/#primaryimage\"},\"image\":{\"@id\":\"https:\/\/guineediversite.com\/index.php\/2018\/04\/10\/prix-marc-vivien-foe-voici-les-13-nomines\/#primaryimage\"},\"thumbnailUrl\":\"https:\/\/guineediversite.com\/wp-content\/uploads\/2018\/04\/t\u00e9l\u00e9chargement-2.jpg\",\"datePublished\":\"2018-04-10T17:33:37+00:00\",\"dateModified\":\"2018-04-10T17:33:37+00:00\",\"breadcrumb\":{\"@id\":\"https:\/\/guineediversite.com\/index.php\/2018\/04\/10\/prix-marc-vivien-foe-voici-les-13-nomines\/#breadcrumb\"},\"inLanguage\":\"fr-FR\",\"potentialAction\":[{\"@type\":\"ReadAction\",\"target\":[\"https:\/\/guineediversite.com\/index.php\/2018\/04\/10\/prix-marc-vivien-foe-voici-les-13-nomines\/\"]}]},{\"@type\":\"ImageObject\",\"inLanguage\":\"fr-FR\",\"@id\":\"https:\/\/guineediversite.com\/index.php\/2018\/04\/10\/prix-marc-vivien-foe-voici-les-13-nomines\/#primaryimage\",\"url\":\"https:\/\/guineediversite.com\/wp-content\/uploads\/2018\/04\/t\u00e9l\u00e9chargement-2.jpg\",\"contentUrl\":\"https:\/\/guineediversite.com\/wp-content\/uploads\/2018\/04\/t\u00e9l\u00e9chargement-2.jpg\",\"width\":\"1960\",\"height\":\"1648\"},{\"@type\":\"BreadcrumbList\",\"@id\":\"https:\/\/guineediversite.com\/index.php\/2018\/04\/10\/prix-marc-vivien-foe-voici-les-13-nomines\/#breadcrumb\",\"itemListElement\":[{\"@type\":\"ListItem\",\"position\":1,\"name\":\"Accueil\",\"item\":\"https:\/\/guineediversite.com\/\"},{\"@type\":\"ListItem\",\"position\":2,\"name\":\"Prix Marc Vivien Fo\u00e9 : voici les 13 nomin\u00e9s\"}]},{\"@type\":\"WebSite\",\"@id\":\"https:\/\/guineediversite.com\/#website\",\"url\":\"https:\/\/guineediversite.com\/\",\"name\":\"Guin\u00e9e Diversit\u00e9\",\"description\":\"L&#039;Info dans toute sa diversit\u00e9\",\"publisher\":{\"@id\":\"https:\/\/guineediversite.com\/#organization\"},\"potentialAction\":[{\"@type\":\"SearchAction\",\"target\":{\"@type\":\"EntryPoint\",\"urlTemplate\":\"https:\/\/guineediversite.com\/?s={search_term_string}\"},\"query-input\":{\"@type\":\"PropertyValueSpecification\",\"valueRequired\":true,\"valueName\":\"search_term_string\"}}],\"inLanguage\":\"fr-FR\"},{\"@type\":\"Organization\",\"@id\":\"https:\/\/guineediversite.com\/#organization\",\"name\":\"Guin\u00e9e Diversit\u00e9\",\"url\":\"https:\/\/guineediversite.com\/\",\"logo\":{\"@type\":\"ImageObject\",\"inLanguage\":\"fr-FR\",\"@id\":\"https:\/\/guineediversite.com\/#\/schema\/logo\/image\/\",\"url\":\"https:\/\/guineediversite.com\/wp-content\/uploads\/2017\/04\/cropped-1jojlxEOMkX9Wyqfhe43D6kjPOGqBBKmx3EwWJqZ0cMrFF54yM49.png\",\"contentUrl\":\"https:\/\/guineediversite.com\/wp-content\/uploads\/2017\/04\/cropped-1jojlxEOMkX9Wyqfhe43D6kjPOGqBBKmx3EwWJqZ0cMrFF54yM49.png\",\"width\":186,\"height\":112,\"caption\":\"Guin\u00e9e Diversit\u00e9\"},\"image\":{\"@id\":\"https:\/\/guineediversite.com\/#\/schema\/logo\/image\/\"},\"sameAs\":[\"https:\/\/www.facebook.com\/guineediversite\/\",\"https:\/\/x.com\/GuineeDiversite\",\"https:\/\/www.youtube.com\/channel\/UC8sUY16qelG5ge6_D5SB83g\"]},{\"@type\":\"Person\",\"@id\":\"https:\/\/guineediversite.com\/#\/schema\/person\/afa08fb34e7fc6e1feafc892612bc836\",\"name\":\"Guin\u00e9e Diversit\u00e9\",\"image\":{\"@type\":\"ImageObject\",\"inLanguage\":\"fr-FR\",\"@id\":\"https:\/\/guineediversite.com\/#\/schema\/person\/image\/\",\"url\":\"https:\/\/secure.gravatar.com\/avatar\/50d5eb5b390f8b65ac30ac6f898eb83a?s=96&d=mm&r=g\",\"contentUrl\":\"https:\/\/secure.gravatar.com\/avatar\/50d5eb5b390f8b65ac30ac6f898eb83a?s=96&d=mm&r=g\",\"caption\":\"Guin\u00e9e Diversit\u00e9\"},\"url\":\"https:\/\/guineediversite.com\/index.php\/author\/guineediversite\/\"}]}<\/script>\n<!-- \/ Yoast SEO plugin. -->","yoast_head_json":{"title":"Prix Marc Vivien Fo\u00e9 : voici les 13 nomin\u00e9s | Guin\u00e9e Diversit\u00e9","robots":{"index":"index","follow":"follow","max-snippet":"max-snippet:-1","max-image-preview":"max-image-preview:large","max-video-preview":"max-video-preview:-1"},"canonical":"https:\/\/guineediversite.com\/index.php\/2018\/04\/10\/prix-marc-vivien-foe-voici-les-13-nomines\/","og_locale":"fr_FR","og_type":"article","og_title":"Prix Marc Vivien Fo\u00e9 : voici les 13 nomin\u00e9s | Guin\u00e9e Diversit\u00e9","og_description":"La t\u00e9l\u00e9vision France 24 \u00a0et la RFI ont d\u00e9voil\u00e9 la liste des 13 joueurs nomin\u00e9s pour le titre Marc Vivien Fo\u00e9 2018 ce lundi. C\u2019est un \u00a0troph\u00e9e qui r\u00e9compense le meilleur joueur africain \u00e9voluant en ligue 1 fran\u00e7aise. Sur cette liste, plusieurs joueurs connus du grand public sportif \u00e0 savoir le s\u00e9n\u00e9galais Diao Ke\u00efta Bald\u00e9 [&hellip;]","og_url":"https:\/\/guineediversite.com\/index.php\/2018\/04\/10\/prix-marc-vivien-foe-voici-les-13-nomines\/","og_site_name":"Guin\u00e9e Diversit\u00e9","article_publisher":"https:\/\/www.facebook.com\/guineediversite\/","article_published_time":"2018-04-10T17:33:37+00:00","og_image":[{"width":1960,"height":1648,"url":"https:\/\/guineediversite.com\/wp-content\/uploads\/2018\/04\/t\u00e9l\u00e9chargement-2.jpg","type":"image\/jpeg"}],"author":"Guin\u00e9e Diversit\u00e9","twitter_card":"summary_large_image","twitter_creator":"@GuineeDiversite","twitter_site":"@GuineeDiversite","twitter_misc":{"\u00c9crit par":"Guin\u00e9e Diversit\u00e9","Dur\u00e9e de lecture estim\u00e9e":"1 minute"},"schema":{"@context":"https:\/\/schema.org","@graph":[{"@type":"Article","@id":"https:\/\/guineediversite.com\/index.php\/2018\/04\/10\/prix-marc-vivien-foe-voici-les-13-nomines\/#article","isPartOf":{"@id":"https:\/\/guineediversite.com\/index.php\/2018\/04\/10\/prix-marc-vivien-foe-voici-les-13-nomines\/"},"author":{"name":"Guin\u00e9e Diversit\u00e9","@id":"https:\/\/guineediversite.com\/#\/schema\/person\/afa08fb34e7fc6e1feafc892612bc836"},"headline":"Prix Marc Vivien Fo\u00e9 : voici les 13 nomin\u00e9s","datePublished":"2018-04-10T17:33:37+00:00","dateModified":"2018-04-10T17:33:37+00:00","mainEntityOfPage":{"@id":"https:\/\/guineediversite.com\/index.php\/2018\/04\/10\/prix-marc-vivien-foe-voici-les-13-nomines\/"},"wordCount":275,"publisher":{"@id":"https:\/\/guineediversite.com\/#organization"},"image":{"@id":"https:\/\/guineediversite.com\/index.php\/2018\/04\/10\/prix-marc-vivien-foe-voici-les-13-nomines\/#primaryimage"},"thumbnailUrl":"https:\/\/guineediversite.com\/wp-content\/uploads\/2018\/04\/t\u00e9l\u00e9chargement-2.jpg","articleSection":["Sport"],"inLanguage":"fr-FR"},{"@type":"WebPage","@id":"https:\/\/guineediversite.com\/index.php\/2018\/04\/10\/prix-marc-vivien-foe-voici-les-13-nomines\/","url":"https:\/\/guineediversite.com\/index.php\/2018\/04\/10\/prix-marc-vivien-foe-voici-les-13-nomines\/","name":"Prix Marc Vivien Fo\u00e9 : voici les 13 nomin\u00e9s | Guin\u00e9e Diversit\u00e9","isPartOf":{"@id":"https:\/\/guineediversite.com\/#website"},"primaryImageOfPage":{"@id":"https:\/\/guineediversite.com\/index.php\/2018\/04\/10\/prix-marc-vivien-foe-voici-les-13-nomines\/#primaryimage"},"image":{"@id":"https:\/\/guineediversite.com\/index.php\/2018\/04\/10\/prix-marc-vivien-foe-voici-les-13-nomines\/#primaryimage"},"thumbnailUrl":"https:\/\/guineediversite.com\/wp-content\/uploads\/2018\/04\/t\u00e9l\u00e9chargement-2.jpg","datePublished":"2018-04-10T17:33:37+00:00","dateModified":"2018-04-10T17:33:37+00:00","breadcrumb":{"@id":"https:\/\/guineediversite.com\/index.php\/2018\/04\/10\/prix-marc-vivien-foe-voici-les-13-nomines\/#breadcrumb"},"inLanguage":"fr-FR","potentialAction":[{"@type":"ReadAction","target":["https:\/\/guineediversite.com\/index.php\/2018\/04\/10\/prix-marc-vivien-foe-voici-les-13-nomines\/"]}]},{"@type":"ImageObject","inLanguage":"fr-FR","@id":"https:\/\/guineediversite.com\/index.php\/2018\/04\/10\/prix-marc-vivien-foe-voici-les-13-nomines\/#primaryimage","url":"https:\/\/guineediversite.com\/wp-content\/uploads\/2018\/04\/t\u00e9l\u00e9chargement-2.jpg","contentUrl":"https:\/\/guineediversite.com\/wp-content\/uploads\/2018\/04\/t\u00e9l\u00e9chargement-2.jpg","width":"1960","height":"1648"},{"@type":"BreadcrumbList","@id":"https:\/\/guineediversite.com\/index.php\/2018\/04\/10\/prix-marc-vivien-foe-voici-les-13-nomines\/#breadcrumb","itemListElement":[{"@type":"ListItem","position":1,"name":"Accueil","item":"https:\/\/guineediversite.com\/"},{"@type":"ListItem","position":2,"name":"Prix Marc Vivien Fo\u00e9 : voici les 13 nomin\u00e9s"}]},{"@type":"WebSite","@id":"https:\/\/guineediversite.com\/#website","url":"https:\/\/guineediversite.com\/","name":"Guin\u00e9e Diversit\u00e9","description":"L&#039;Info dans toute sa diversit\u00e9","publisher":{"@id":"https:\/\/guineediversite.com\/#organization"},"potentialAction":[{"@type":"SearchAction","target":{"@type":"EntryPoint","urlTemplate":"https:\/\/guineediversite.com\/?s={search_term_string}"},"query-input":{"@type":"PropertyValueSpecification","valueRequired":true,"valueName":"search_term_string"}}],"inLanguage":"fr-FR"},{"@type":"Organization","@id":"https:\/\/guineediversite.com\/#organization","name":"Guin\u00e9e Diversit\u00e9","url":"https:\/\/guineediversite.com\/","logo":{"@type":"ImageObject","inLanguage":"fr-FR","@id":"https:\/\/guineediversite.com\/#\/schema\/logo\/image\/","url":"https:\/\/guineediversite.com\/wp-content\/uploads\/2017\/04\/cropped-1jojlxEOMkX9Wyqfhe43D6kjPOGqBBKmx3EwWJqZ0cMrFF54yM49.png","contentUrl":"https:\/\/guineediversite.com\/wp-content\/uploads\/2017\/04\/cropped-1jojlxEOMkX9Wyqfhe43D6kjPOGqBBKmx3EwWJqZ0cMrFF54yM49.png","width":186,"height":112,"caption":"Guin\u00e9e Diversit\u00e9"},"image":{"@id":"https:\/\/guineediversite.com\/#\/schema\/logo\/image\/"},"sameAs":["https:\/\/www.facebook.com\/guineediversite\/","https:\/\/x.com\/GuineeDiversite","https:\/\/www.youtube.com\/channel\/UC8sUY16qelG5ge6_D5SB83g"]},{"@type":"Person","@id":"https:\/\/guineediversite.com\/#\/schema\/person\/afa08fb34e7fc6e1feafc892612bc836","name":"Guin\u00e9e Diversit\u00e9","image":{"@type":"ImageObject","inLanguage":"fr-FR","@id":"https:\/\/guineediversite.com\/#\/schema\/person\/image\/","url":"https:\/\/secure.gravatar.com\/avatar\/50d5eb5b390f8b65ac30ac6f898eb83a?s=96&d=mm&r=g","contentUrl":"https:\/\/secure.gravatar.com\/avatar\/50d5eb5b390f8b65ac30ac6f898eb83a?s=96&d=mm&r=g","caption":"Guin\u00e9e Diversit\u00e9"},"url":"https:\/\/guineediversite.com\/index.php\/author\/guineediversite\/"}]}},"_links":{"self":[{"href":"https:\/\/guineediversite.com\/index.php\/wp-json\/wp\/v2\/posts\/24840"}],"collection":[{"href":"https:\/\/guineediversite.com\/index.php\/wp-json\/wp\/v2\/posts"}],"about":[{"href":"https:\/\/guineediversite.com\/index.php\/wp-json\/wp\/v2\/types\/post"}],"author":[{"embeddable":true,"href":"https:\/\/guineediversite.com\/index.php\/wp-json\/wp\/v2\/users\/12"}],"replies":[{"embeddable":true,"href":"https:\/\/guineediversite.com\/index.php\/wp-json\/wp\/v2\/comments?post=24840"}],"version-history":[{"count":0,"href":"https:\/\/guineediversite.com\/index.php\/wp-json\/wp\/v2\/posts\/24840\/revisions"}],"wp:featuredmedia":[{"embeddable":true,"href":"https:\/\/guineediversite.com\/index.php\/wp-json\/wp\/v2\/media\/24841"}],"wp:attachment":[{"href":"https:\/\/guineediversite.com\/index.php\/wp-json\/wp\/v2\/media?parent=24840"}],"wp:term":[{"taxonomy":"category","embeddable":true,"href":"https:\/\/guineediversite.com\/index.php\/wp-json\/wp\/v2\/categories?post=24840"},{"taxonomy":"post_tag","embeddable":true,"href":"https:\/\/guineediversite.com\/index.php\/wp-json\/wp\/v2\/tags?post=24840"}],"curies":[{"name":"wp","href":"https:\/\/api.w.org\/{rel}","templated":true}]}}