{"id":24801,"date":"2018-04-06T21:04:33","date_gmt":"2018-04-06T19:04:33","guid":{"rendered":"https:\/\/guineediversite.com\/?p=24801"},"modified":"2018-04-06T21:04:33","modified_gmt":"2018-04-06T19:04:33","slug":"une-delegation-des-parlementaires-europeens-recue-par-kory-kondiano","status":"publish","type":"post","link":"https:\/\/guineediversite.com\/index.php\/2018\/04\/06\/une-delegation-des-parlementaires-europeens-recue-par-kory-kondiano\/","title":{"rendered":"Une d\u00e9l\u00e9gation des parlementaires europ\u00e9ens re\u00e7ue par Kory\u00a0Kondiano"},"content":{"rendered":"<p><strong><span id=\"p1\">Le Pr\u00e9sident de l\u2019Assembl\u00e9e nationale, honorable Claude\u00a0<span id=\"16\" class=\"s-rg-t\">Kory<\/span>\u00a0<span id=\"17\" class=\"s-rg-t\">Kondiano<\/span>\u00a0a re\u00e7u ce vendredi, une d\u00e9l\u00e9gation des parlementaires venus de l\u2019Allemagne et de la Pologne.<\/span><span id=\"p2\">\u00a0Objectif, s\u2019enqu\u00e9rir du niveau d\u2019avancement des projets financ\u00e9s par\u00a0l&rsquo;Union europ\u00e9enne\u00a0apr\u00e8s l\u2019\u00e9pid\u00e9mie d\u2019<span id=\"23\" class=\"s-rg-t\">Ebola<\/span>.<\/span><span id=\"p3\">\u00a0Il \u00e9tait aussi question d\u2019avoir une id\u00e9e sur les besoins de la Guin\u00e9e en mati\u00e8re de sant\u00e9 et de la protection de l\u2019environnement.<br \/>\n<\/span><\/strong><br \/>\n<span id=\"p41\">C&rsquo;est une d\u00e9l\u00e9gation compos\u00e9e de trois parlementaires accompagn\u00e9s des repr\u00e9sentants r\u00e9sidents de l&rsquo;Union europ\u00e9enne en Guin\u00e9e qui ont \u00e9t\u00e9 re\u00e7us dans un premier temps par le pr\u00e9sident de l&rsquo;Assembl\u00e9e nationale, puis par les membres de la commission mixte parlementaire et du conseil \u00e9conomique et social\u00a0<span id=\"p40\">(CES)<\/span>.<\/span><span id=\"p6\">\u00a0Dans ses explications, le chef de la d\u00e9l\u00e9gation Norbert\u00a0NEUSER a\u00a0indiqu\u00e9 qu&rsquo;ils sont l\u00e0 pour s&rsquo;enqu\u00e9rir de l&rsquo;\u00e9tat des lieux apr\u00e8s le passage de l&rsquo;\u00e9pid\u00e9mie \u00e0 virus\u00a0<span id=\"29\" class=\"s-rg-t\">Ebola<\/span>, mais aussi savoir les projets financ\u00e9s par\u00a0l&rsquo;Union europ\u00e9enne\u00a0et plus loin d\u00e9busquer les secteurs qui sont de plus dans le besoin, comme la sant\u00e9, l&rsquo;\u00e9ducation et\u00a0l&rsquo;agriculture.<br \/>\n<\/span><br \/>\n<span id=\"p7\">Tr\u00e8s satisfaits de cette initiative, les d\u00e9put\u00e9s guin\u00e9ens ont saisi cette opportunit\u00e9 pour exprimer leurs besoins.<\/span><span id=\"p8\">\u00a0Pour le pr\u00e9sident de la commission environnement par exemple, honorable, S\u00e9kou Benna\u00a0<span id=\"35\" class=\"s-rg-t\">Camara<\/span>, il a \u00e9voqu\u00e9 le souci de comment d\u00e9gager la d\u00e9charge de concasseur ou un \u00e9boulement s&rsquo;est produit l&rsquo;ann\u00e9e derni\u00e8re faisant de nombreux cas de morts.<br \/>\n<\/span><br \/>\n<span id=\"p9\">De son cot\u00e9 honorable, Dr Ben Youssouf\u00a0<span id=\"36\" class=\"s-rg-t\">Keita<\/span>\u00a0pr\u00e9sident de la commission sant\u00e9 de l&rsquo;Assembl\u00e9e nationale a manifest\u00e9 le d\u00e9sir d&rsquo;\u00e9changer les exp\u00e9riences avec les autres parlements europ\u00e9ens pour mieux s&rsquo;impr\u00e9gner de la fa\u00e7on dont leurs homologues s&rsquo;en prennent au traitement de certaines questions \u00e9pineuses.<\/span><span id=\"p10\"><br \/>\n<\/span><br \/>\n<span id=\"p11\">\u00c0\u00a0l\u2019issue de ce bref entretien, le pr\u00e9sident de l\u2019Assembl\u00e9e nationale, honorable Claude\u00a0<span id=\"19\" class=\"s-rg-t\">Kory<\/span>\u00a0<span id=\"20\" class=\"s-rg-t\">Kondiano<\/span>\u00a0a invit\u00e9 la commission mixte inter institutionnelle de travailler d\u2019arrache-pied pour la mat\u00e9rialisation de ces projets dans un bref d\u00e9lai.<\/span><span id=\"p12\">\u00a0<\/span><\/p>\n","protected":false},"excerpt":{"rendered":"<p>Le Pr\u00e9sident de l\u2019Assembl\u00e9e nationale, honorable Claude\u00a0Kory\u00a0Kondiano\u00a0a re\u00e7u ce vendredi, une d\u00e9l\u00e9gation des parlementaires venus de l\u2019Allemagne et de la Pologne.\u00a0Objectif, s\u2019enqu\u00e9rir du niveau d\u2019avancement des projets financ\u00e9s par\u00a0l&rsquo;Union europ\u00e9enne\u00a0apr\u00e8s l\u2019\u00e9pid\u00e9mie d\u2019Ebola.\u00a0Il \u00e9tait aussi question d\u2019avoir une id\u00e9e sur les besoins de la Guin\u00e9e en mati\u00e8re de sant\u00e9 et de la protection de l\u2019environnement. C&rsquo;est [&hellip;]<\/p>\n","protected":false},"author":14,"featured_media":24802,"comment_status":"closed","ping_status":"closed","sticky":false,"template":"","format":"standard","meta":{"_exactmetrics_skip_tracking":false,"_exactmetrics_sitenote_active":false,"_exactmetrics_sitenote_note":"","_exactmetrics_sitenote_category":0,"tdm_status":"","tdm_grid_status":"","footnotes":""},"categories":[14],"tags":[],"class_list":{"0":"post-24801","1":"post","2":"type-post","3":"status-publish","4":"format-standard","5":"has-post-thumbnail","7":"category-politique"},"yoast_head":"<!-- This site is optimized with the Yoast SEO plugin v24.2 - https:\/\/yoast.com\/wordpress\/plugins\/seo\/ -->\n<title>Une d\u00e9l\u00e9gation des parlementaires europ\u00e9ens re\u00e7ue par Kory\u00a0Kondiano | Guin\u00e9e Diversit\u00e9<\/title>\n<meta name=\"robots\" content=\"index, follow, max-snippet:-1, max-image-preview:large, max-video-preview:-1\" \/>\n<link rel=\"canonical\" href=\"https:\/\/guineediversite.com\/index.php\/2018\/04\/06\/une-delegation-des-parlementaires-europeens-recue-par-kory-kondiano\/\" \/>\n<meta property=\"og:locale\" content=\"fr_FR\" \/>\n<meta property=\"og:type\" content=\"article\" \/>\n<meta property=\"og:title\" content=\"Une d\u00e9l\u00e9gation des parlementaires europ\u00e9ens re\u00e7ue par Kory\u00a0Kondiano | Guin\u00e9e Diversit\u00e9\" \/>\n<meta property=\"og:description\" content=\"Le Pr\u00e9sident de l\u2019Assembl\u00e9e nationale, honorable Claude\u00a0Kory\u00a0Kondiano\u00a0a re\u00e7u ce vendredi, une d\u00e9l\u00e9gation des parlementaires venus de l\u2019Allemagne et de la Pologne.\u00a0Objectif, s\u2019enqu\u00e9rir du niveau d\u2019avancement des projets financ\u00e9s par\u00a0l&rsquo;Union europ\u00e9enne\u00a0apr\u00e8s l\u2019\u00e9pid\u00e9mie d\u2019Ebola.\u00a0Il \u00e9tait aussi question d\u2019avoir une id\u00e9e sur les besoins de la Guin\u00e9e en mati\u00e8re de sant\u00e9 et de la protection de l\u2019environnement. C&rsquo;est [&hellip;]\" \/>\n<meta property=\"og:url\" content=\"https:\/\/guineediversite.com\/index.php\/2018\/04\/06\/une-delegation-des-parlementaires-europeens-recue-par-kory-kondiano\/\" \/>\n<meta property=\"og:site_name\" content=\"Guin\u00e9e Diversit\u00e9\" \/>\n<meta property=\"article:publisher\" content=\"https:\/\/www.facebook.com\/guineediversite\/\" \/>\n<meta property=\"article:published_time\" content=\"2018-04-06T19:04:33+00:00\" \/>\n<meta property=\"og:image\" content=\"https:\/\/guineediversite.com\/wp-content\/uploads\/2018\/04\/IMG_20161005_115559.jpg\" \/>\n\t<meta property=\"og:image:width\" content=\"1024\" \/>\n\t<meta property=\"og:image:height\" content=\"768\" \/>\n\t<meta property=\"og:image:type\" content=\"image\/jpeg\" \/>\n<meta name=\"author\" content=\"Lazare Bangoura\" \/>\n<meta name=\"twitter:card\" content=\"summary_large_image\" \/>\n<meta name=\"twitter:creator\" content=\"@GuineeDiversite\" \/>\n<meta name=\"twitter:site\" content=\"@GuineeDiversite\" \/>\n<meta name=\"twitter:label1\" content=\"\u00c9crit par\" \/>\n\t<meta name=\"twitter:data1\" content=\"Lazare Bangoura\" \/>\n\t<meta name=\"twitter:label2\" content=\"Dur\u00e9e de lecture estim\u00e9e\" \/>\n\t<meta name=\"twitter:data2\" content=\"2 minutes\" \/>\n<script type=\"application\/ld+json\" class=\"yoast-schema-graph\">{\"@context\":\"https:\/\/schema.org\",\"@graph\":[{\"@type\":\"Article\",\"@id\":\"https:\/\/guineediversite.com\/index.php\/2018\/04\/06\/une-delegation-des-parlementaires-europeens-recue-par-kory-kondiano\/#article\",\"isPartOf\":{\"@id\":\"https:\/\/guineediversite.com\/index.php\/2018\/04\/06\/une-delegation-des-parlementaires-europeens-recue-par-kory-kondiano\/\"},\"author\":{\"name\":\"Lazare Bangoura\",\"@id\":\"https:\/\/guineediversite.com\/#\/schema\/person\/c915f4424a17926ee4510e6abdfdc2a5\"},\"headline\":\"Une d\u00e9l\u00e9gation des parlementaires europ\u00e9ens re\u00e7ue par Kory\u00a0Kondiano\",\"datePublished\":\"2018-04-06T19:04:33+00:00\",\"dateModified\":\"2018-04-06T19:04:33+00:00\",\"mainEntityOfPage\":{\"@id\":\"https:\/\/guineediversite.com\/index.php\/2018\/04\/06\/une-delegation-des-parlementaires-europeens-recue-par-kory-kondiano\/\"},\"wordCount\":390,\"publisher\":{\"@id\":\"https:\/\/guineediversite.com\/#organization\"},\"image\":{\"@id\":\"https:\/\/guineediversite.com\/index.php\/2018\/04\/06\/une-delegation-des-parlementaires-europeens-recue-par-kory-kondiano\/#primaryimage\"},\"thumbnailUrl\":\"https:\/\/guineediversite.com\/wp-content\/uploads\/2018\/04\/IMG_20161005_115559.jpg\",\"articleSection\":[\"Politique\"],\"inLanguage\":\"fr-FR\"},{\"@type\":\"WebPage\",\"@id\":\"https:\/\/guineediversite.com\/index.php\/2018\/04\/06\/une-delegation-des-parlementaires-europeens-recue-par-kory-kondiano\/\",\"url\":\"https:\/\/guineediversite.com\/index.php\/2018\/04\/06\/une-delegation-des-parlementaires-europeens-recue-par-kory-kondiano\/\",\"name\":\"Une d\u00e9l\u00e9gation des parlementaires europ\u00e9ens re\u00e7ue par Kory\u00a0Kondiano | Guin\u00e9e Diversit\u00e9\",\"isPartOf\":{\"@id\":\"https:\/\/guineediversite.com\/#website\"},\"primaryImageOfPage\":{\"@id\":\"https:\/\/guineediversite.com\/index.php\/2018\/04\/06\/une-delegation-des-parlementaires-europeens-recue-par-kory-kondiano\/#primaryimage\"},\"image\":{\"@id\":\"https:\/\/guineediversite.com\/index.php\/2018\/04\/06\/une-delegation-des-parlementaires-europeens-recue-par-kory-kondiano\/#primaryimage\"},\"thumbnailUrl\":\"https:\/\/guineediversite.com\/wp-content\/uploads\/2018\/04\/IMG_20161005_115559.jpg\",\"datePublished\":\"2018-04-06T19:04:33+00:00\",\"dateModified\":\"2018-04-06T19:04:33+00:00\",\"breadcrumb\":{\"@id\":\"https:\/\/guineediversite.com\/index.php\/2018\/04\/06\/une-delegation-des-parlementaires-europeens-recue-par-kory-kondiano\/#breadcrumb\"},\"inLanguage\":\"fr-FR\",\"potentialAction\":[{\"@type\":\"ReadAction\",\"target\":[\"https:\/\/guineediversite.com\/index.php\/2018\/04\/06\/une-delegation-des-parlementaires-europeens-recue-par-kory-kondiano\/\"]}]},{\"@type\":\"ImageObject\",\"inLanguage\":\"fr-FR\",\"@id\":\"https:\/\/guineediversite.com\/index.php\/2018\/04\/06\/une-delegation-des-parlementaires-europeens-recue-par-kory-kondiano\/#primaryimage\",\"url\":\"https:\/\/guineediversite.com\/wp-content\/uploads\/2018\/04\/IMG_20161005_115559.jpg\",\"contentUrl\":\"https:\/\/guineediversite.com\/wp-content\/uploads\/2018\/04\/IMG_20161005_115559.jpg\",\"width\":\"1024\",\"height\":\"768\"},{\"@type\":\"BreadcrumbList\",\"@id\":\"https:\/\/guineediversite.com\/index.php\/2018\/04\/06\/une-delegation-des-parlementaires-europeens-recue-par-kory-kondiano\/#breadcrumb\",\"itemListElement\":[{\"@type\":\"ListItem\",\"position\":1,\"name\":\"Accueil\",\"item\":\"https:\/\/guineediversite.com\/\"},{\"@type\":\"ListItem\",\"position\":2,\"name\":\"Une d\u00e9l\u00e9gation des parlementaires europ\u00e9ens re\u00e7ue par Kory\u00a0Kondiano\"}]},{\"@type\":\"WebSite\",\"@id\":\"https:\/\/guineediversite.com\/#website\",\"url\":\"https:\/\/guineediversite.com\/\",\"name\":\"Guin\u00e9e Diversit\u00e9\",\"description\":\"L&#039;Info dans toute sa diversit\u00e9\",\"publisher\":{\"@id\":\"https:\/\/guineediversite.com\/#organization\"},\"potentialAction\":[{\"@type\":\"SearchAction\",\"target\":{\"@type\":\"EntryPoint\",\"urlTemplate\":\"https:\/\/guineediversite.com\/?s={search_term_string}\"},\"query-input\":{\"@type\":\"PropertyValueSpecification\",\"valueRequired\":true,\"valueName\":\"search_term_string\"}}],\"inLanguage\":\"fr-FR\"},{\"@type\":\"Organization\",\"@id\":\"https:\/\/guineediversite.com\/#organization\",\"name\":\"Guin\u00e9e Diversit\u00e9\",\"url\":\"https:\/\/guineediversite.com\/\",\"logo\":{\"@type\":\"ImageObject\",\"inLanguage\":\"fr-FR\",\"@id\":\"https:\/\/guineediversite.com\/#\/schema\/logo\/image\/\",\"url\":\"https:\/\/guineediversite.com\/wp-content\/uploads\/2017\/04\/cropped-1jojlxEOMkX9Wyqfhe43D6kjPOGqBBKmx3EwWJqZ0cMrFF54yM49.png\",\"contentUrl\":\"https:\/\/guineediversite.com\/wp-content\/uploads\/2017\/04\/cropped-1jojlxEOMkX9Wyqfhe43D6kjPOGqBBKmx3EwWJqZ0cMrFF54yM49.png\",\"width\":186,\"height\":112,\"caption\":\"Guin\u00e9e Diversit\u00e9\"},\"image\":{\"@id\":\"https:\/\/guineediversite.com\/#\/schema\/logo\/image\/\"},\"sameAs\":[\"https:\/\/www.facebook.com\/guineediversite\/\",\"https:\/\/x.com\/GuineeDiversite\",\"https:\/\/www.youtube.com\/channel\/UC8sUY16qelG5ge6_D5SB83g\"]},{\"@type\":\"Person\",\"@id\":\"https:\/\/guineediversite.com\/#\/schema\/person\/c915f4424a17926ee4510e6abdfdc2a5\",\"name\":\"Lazare Bangoura\",\"image\":{\"@type\":\"ImageObject\",\"inLanguage\":\"fr-FR\",\"@id\":\"https:\/\/guineediversite.com\/#\/schema\/person\/image\/\",\"url\":\"https:\/\/secure.gravatar.com\/avatar\/7bab9b6edb46a08bcc394e7e418baf1e?s=96&d=mm&r=g\",\"contentUrl\":\"https:\/\/secure.gravatar.com\/avatar\/7bab9b6edb46a08bcc394e7e418baf1e?s=96&d=mm&r=g\",\"caption\":\"Lazare Bangoura\"},\"url\":\"https:\/\/guineediversite.com\/index.php\/author\/l-bangoura\/\"}]}<\/script>\n<!-- \/ Yoast SEO plugin. -->","yoast_head_json":{"title":"Une d\u00e9l\u00e9gation des parlementaires europ\u00e9ens re\u00e7ue par Kory\u00a0Kondiano | Guin\u00e9e Diversit\u00e9","robots":{"index":"index","follow":"follow","max-snippet":"max-snippet:-1","max-image-preview":"max-image-preview:large","max-video-preview":"max-video-preview:-1"},"canonical":"https:\/\/guineediversite.com\/index.php\/2018\/04\/06\/une-delegation-des-parlementaires-europeens-recue-par-kory-kondiano\/","og_locale":"fr_FR","og_type":"article","og_title":"Une d\u00e9l\u00e9gation des parlementaires europ\u00e9ens re\u00e7ue par Kory\u00a0Kondiano | Guin\u00e9e Diversit\u00e9","og_description":"Le Pr\u00e9sident de l\u2019Assembl\u00e9e nationale, honorable Claude\u00a0Kory\u00a0Kondiano\u00a0a re\u00e7u ce vendredi, une d\u00e9l\u00e9gation des parlementaires venus de l\u2019Allemagne et de la Pologne.\u00a0Objectif, s\u2019enqu\u00e9rir du niveau d\u2019avancement des projets financ\u00e9s par\u00a0l&rsquo;Union europ\u00e9enne\u00a0apr\u00e8s l\u2019\u00e9pid\u00e9mie d\u2019Ebola.\u00a0Il \u00e9tait aussi question d\u2019avoir une id\u00e9e sur les besoins de la Guin\u00e9e en mati\u00e8re de sant\u00e9 et de la protection de l\u2019environnement. C&rsquo;est [&hellip;]","og_url":"https:\/\/guineediversite.com\/index.php\/2018\/04\/06\/une-delegation-des-parlementaires-europeens-recue-par-kory-kondiano\/","og_site_name":"Guin\u00e9e Diversit\u00e9","article_publisher":"https:\/\/www.facebook.com\/guineediversite\/","article_published_time":"2018-04-06T19:04:33+00:00","og_image":[{"width":1024,"height":768,"url":"https:\/\/guineediversite.com\/wp-content\/uploads\/2018\/04\/IMG_20161005_115559.jpg","type":"image\/jpeg"}],"author":"Lazare Bangoura","twitter_card":"summary_large_image","twitter_creator":"@GuineeDiversite","twitter_site":"@GuineeDiversite","twitter_misc":{"\u00c9crit par":"Lazare Bangoura","Dur\u00e9e de lecture estim\u00e9e":"2 minutes"},"schema":{"@context":"https:\/\/schema.org","@graph":[{"@type":"Article","@id":"https:\/\/guineediversite.com\/index.php\/2018\/04\/06\/une-delegation-des-parlementaires-europeens-recue-par-kory-kondiano\/#article","isPartOf":{"@id":"https:\/\/guineediversite.com\/index.php\/2018\/04\/06\/une-delegation-des-parlementaires-europeens-recue-par-kory-kondiano\/"},"author":{"name":"Lazare Bangoura","@id":"https:\/\/guineediversite.com\/#\/schema\/person\/c915f4424a17926ee4510e6abdfdc2a5"},"headline":"Une d\u00e9l\u00e9gation des parlementaires europ\u00e9ens re\u00e7ue par Kory\u00a0Kondiano","datePublished":"2018-04-06T19:04:33+00:00","dateModified":"2018-04-06T19:04:33+00:00","mainEntityOfPage":{"@id":"https:\/\/guineediversite.com\/index.php\/2018\/04\/06\/une-delegation-des-parlementaires-europeens-recue-par-kory-kondiano\/"},"wordCount":390,"publisher":{"@id":"https:\/\/guineediversite.com\/#organization"},"image":{"@id":"https:\/\/guineediversite.com\/index.php\/2018\/04\/06\/une-delegation-des-parlementaires-europeens-recue-par-kory-kondiano\/#primaryimage"},"thumbnailUrl":"https:\/\/guineediversite.com\/wp-content\/uploads\/2018\/04\/IMG_20161005_115559.jpg","articleSection":["Politique"],"inLanguage":"fr-FR"},{"@type":"WebPage","@id":"https:\/\/guineediversite.com\/index.php\/2018\/04\/06\/une-delegation-des-parlementaires-europeens-recue-par-kory-kondiano\/","url":"https:\/\/guineediversite.com\/index.php\/2018\/04\/06\/une-delegation-des-parlementaires-europeens-recue-par-kory-kondiano\/","name":"Une d\u00e9l\u00e9gation des parlementaires europ\u00e9ens re\u00e7ue par Kory\u00a0Kondiano | Guin\u00e9e Diversit\u00e9","isPartOf":{"@id":"https:\/\/guineediversite.com\/#website"},"primaryImageOfPage":{"@id":"https:\/\/guineediversite.com\/index.php\/2018\/04\/06\/une-delegation-des-parlementaires-europeens-recue-par-kory-kondiano\/#primaryimage"},"image":{"@id":"https:\/\/guineediversite.com\/index.php\/2018\/04\/06\/une-delegation-des-parlementaires-europeens-recue-par-kory-kondiano\/#primaryimage"},"thumbnailUrl":"https:\/\/guineediversite.com\/wp-content\/uploads\/2018\/04\/IMG_20161005_115559.jpg","datePublished":"2018-04-06T19:04:33+00:00","dateModified":"2018-04-06T19:04:33+00:00","breadcrumb":{"@id":"https:\/\/guineediversite.com\/index.php\/2018\/04\/06\/une-delegation-des-parlementaires-europeens-recue-par-kory-kondiano\/#breadcrumb"},"inLanguage":"fr-FR","potentialAction":[{"@type":"ReadAction","target":["https:\/\/guineediversite.com\/index.php\/2018\/04\/06\/une-delegation-des-parlementaires-europeens-recue-par-kory-kondiano\/"]}]},{"@type":"ImageObject","inLanguage":"fr-FR","@id":"https:\/\/guineediversite.com\/index.php\/2018\/04\/06\/une-delegation-des-parlementaires-europeens-recue-par-kory-kondiano\/#primaryimage","url":"https:\/\/guineediversite.com\/wp-content\/uploads\/2018\/04\/IMG_20161005_115559.jpg","contentUrl":"https:\/\/guineediversite.com\/wp-content\/uploads\/2018\/04\/IMG_20161005_115559.jpg","width":"1024","height":"768"},{"@type":"BreadcrumbList","@id":"https:\/\/guineediversite.com\/index.php\/2018\/04\/06\/une-delegation-des-parlementaires-europeens-recue-par-kory-kondiano\/#breadcrumb","itemListElement":[{"@type":"ListItem","position":1,"name":"Accueil","item":"https:\/\/guineediversite.com\/"},{"@type":"ListItem","position":2,"name":"Une d\u00e9l\u00e9gation des parlementaires europ\u00e9ens re\u00e7ue par Kory\u00a0Kondiano"}]},{"@type":"WebSite","@id":"https:\/\/guineediversite.com\/#website","url":"https:\/\/guineediversite.com\/","name":"Guin\u00e9e Diversit\u00e9","description":"L&#039;Info dans toute sa diversit\u00e9","publisher":{"@id":"https:\/\/guineediversite.com\/#organization"},"potentialAction":[{"@type":"SearchAction","target":{"@type":"EntryPoint","urlTemplate":"https:\/\/guineediversite.com\/?s={search_term_string}"},"query-input":{"@type":"PropertyValueSpecification","valueRequired":true,"valueName":"search_term_string"}}],"inLanguage":"fr-FR"},{"@type":"Organization","@id":"https:\/\/guineediversite.com\/#organization","name":"Guin\u00e9e Diversit\u00e9","url":"https:\/\/guineediversite.com\/","logo":{"@type":"ImageObject","inLanguage":"fr-FR","@id":"https:\/\/guineediversite.com\/#\/schema\/logo\/image\/","url":"https:\/\/guineediversite.com\/wp-content\/uploads\/2017\/04\/cropped-1jojlxEOMkX9Wyqfhe43D6kjPOGqBBKmx3EwWJqZ0cMrFF54yM49.png","contentUrl":"https:\/\/guineediversite.com\/wp-content\/uploads\/2017\/04\/cropped-1jojlxEOMkX9Wyqfhe43D6kjPOGqBBKmx3EwWJqZ0cMrFF54yM49.png","width":186,"height":112,"caption":"Guin\u00e9e Diversit\u00e9"},"image":{"@id":"https:\/\/guineediversite.com\/#\/schema\/logo\/image\/"},"sameAs":["https:\/\/www.facebook.com\/guineediversite\/","https:\/\/x.com\/GuineeDiversite","https:\/\/www.youtube.com\/channel\/UC8sUY16qelG5ge6_D5SB83g"]},{"@type":"Person","@id":"https:\/\/guineediversite.com\/#\/schema\/person\/c915f4424a17926ee4510e6abdfdc2a5","name":"Lazare Bangoura","image":{"@type":"ImageObject","inLanguage":"fr-FR","@id":"https:\/\/guineediversite.com\/#\/schema\/person\/image\/","url":"https:\/\/secure.gravatar.com\/avatar\/7bab9b6edb46a08bcc394e7e418baf1e?s=96&d=mm&r=g","contentUrl":"https:\/\/secure.gravatar.com\/avatar\/7bab9b6edb46a08bcc394e7e418baf1e?s=96&d=mm&r=g","caption":"Lazare Bangoura"},"url":"https:\/\/guineediversite.com\/index.php\/author\/l-bangoura\/"}]}},"_links":{"self":[{"href":"https:\/\/guineediversite.com\/index.php\/wp-json\/wp\/v2\/posts\/24801"}],"collection":[{"href":"https:\/\/guineediversite.com\/index.php\/wp-json\/wp\/v2\/posts"}],"about":[{"href":"https:\/\/guineediversite.com\/index.php\/wp-json\/wp\/v2\/types\/post"}],"author":[{"embeddable":true,"href":"https:\/\/guineediversite.com\/index.php\/wp-json\/wp\/v2\/users\/14"}],"replies":[{"embeddable":true,"href":"https:\/\/guineediversite.com\/index.php\/wp-json\/wp\/v2\/comments?post=24801"}],"version-history":[{"count":0,"href":"https:\/\/guineediversite.com\/index.php\/wp-json\/wp\/v2\/posts\/24801\/revisions"}],"wp:featuredmedia":[{"embeddable":true,"href":"https:\/\/guineediversite.com\/index.php\/wp-json\/wp\/v2\/media\/24802"}],"wp:attachment":[{"href":"https:\/\/guineediversite.com\/index.php\/wp-json\/wp\/v2\/media?parent=24801"}],"wp:term":[{"taxonomy":"category","embeddable":true,"href":"https:\/\/guineediversite.com\/index.php\/wp-json\/wp\/v2\/categories?post=24801"},{"taxonomy":"post_tag","embeddable":true,"href":"https:\/\/guineediversite.com\/index.php\/wp-json\/wp\/v2\/tags?post=24801"}],"curies":[{"name":"wp","href":"https:\/\/api.w.org\/{rel}","templated":true}]}}