{"id":24794,"date":"2018-04-06T16:30:45","date_gmt":"2018-04-06T14:30:45","guid":{"rendered":"https:\/\/guineediversite.com\/?p=24794"},"modified":"2018-04-08T16:43:31","modified_gmt":"2018-04-08T14:43:31","slug":"le-dossier-du-massacre-du-28-septembre-2009-nest-pas-une-enquete-encore-plutot-dixit-genela-piana-comela","status":"publish","type":"post","link":"https:\/\/guineediversite.com\/index.php\/2018\/04\/06\/le-dossier-du-massacre-du-28-septembre-2009-nest-pas-une-enquete-encore-plutot-dixit-genela-piana-comela\/","title":{"rendered":"\u00ab Le dossier du massacre du 28 Septembre 2009 n\u2019est pas une enqu\u00eate encore, plut\u00f4t\u2026. \u00bb Dixit Genela Piana Comela."},"content":{"rendered":"<p><b>Une mission de la Cour P\u00e9nale Internationale est en  s\u00e9jour \u00e0 Conakry. Objectif, former les membres de la nouvelle Coalition Guin\u00e9enne pour la Cour P\u00e9nale Internationale.  Au cours d\u2019une \u00e9mission radio, la directrice ex\u00e9cutive adjointe  de la coalition mondiale pour la CPI a donn\u00e9 des justificatifs sur l\u2019\u00e9volution du dossier du massacre du 28 Septembre 2009  au stade du m\u00eame nom \u00e0 Conakry.  <\/b><\/p>\n<p>Gelena Piana  Comela explique que <i>\u00ab Le cas de la Guin\u00e9e  n\u2019est pas une enqu\u00eate, c\u2019est un examen pr\u00e9liminaire. La Guin\u00e9e est sous examen pr\u00e9liminaire par la Cour P\u00e9nale Internationale. Alors c\u2019est dans ce sens l\u00e0 qu\u2019il faut expliquer  o\u00f9 la Cour en est. La Cour compte sur la coop\u00e9ration et la mise en \u0153uvre du statut. C\u2019est pourquoi nous tenons  cette formation des membres de la coalition guin\u00e9enne pour la Cour p\u00e9nale internationale .C\u2019est aussi une autre fa\u00e7on de  les accompagner dans le plaidoyer et outiller  les autres ONG, notamment les associations des victimes  pour expliquer quelles sont les avanc\u00e9s, les failles et les limites  de ce sy<\/i>st\u00e8me. \u00bb<\/p>\n<p>Par ailleurs, elle ajoute que l\u2019Afrique est minoritaire dans l\u2019examen pr\u00e9liminaire de la CPI. \u00ab I<i>l faut pr\u00e9ciser que la cour ne s\u2019int\u00e9resse pas \u00e0 tort ou \u00e0 raison au pays africains. Il faut toujours l\u2019encadrer tout en montrant que c\u2019est pour la lutte contre l\u2019impunit\u00e9 et pour donner une lueur d\u2019espoir aux victimes. Mais  sous ces examens pr\u00e9liminaires, l\u2019Afrique est minoritaire. Dans les dix examens pr\u00e9liminaires, vous avez l\u2019Afghanistan, la Colombie, le Gabon, la Guin\u00e9e, l\u2019Irak, le Nigeria, la Palestine, l\u2019Ukraine, les Philippines et le Venezuela.<\/i> \u00bb<\/p>\n","protected":false},"excerpt":{"rendered":"<p>Une mission de la Cour P\u00e9nale Internationale est en s\u00e9jour \u00e0 Conakry. Objectif, former les membres de la nouvelle Coalition Guin\u00e9enne pour la Cour P\u00e9nale Internationale. Au cours d\u2019une \u00e9mission radio, la directrice ex\u00e9cutive adjointe de la coalition mondiale pour la CPI a donn\u00e9 des justificatifs sur l\u2019\u00e9volution du dossier du massacre du 28 Septembre [&hellip;]<\/p>\n","protected":false},"author":12,"featured_media":24795,"comment_status":"closed","ping_status":"closed","sticky":false,"template":"","format":"standard","meta":{"_exactmetrics_skip_tracking":false,"_exactmetrics_sitenote_active":false,"_exactmetrics_sitenote_note":"","_exactmetrics_sitenote_category":0,"tdm_status":"","tdm_grid_status":"","footnotes":""},"categories":[1],"tags":[],"class_list":{"0":"post-24794","1":"post","2":"type-post","3":"status-publish","4":"format-standard","5":"has-post-thumbnail","7":"category-non-classe"},"yoast_head":"<!-- This site is optimized with the Yoast SEO plugin v24.2 - https:\/\/yoast.com\/wordpress\/plugins\/seo\/ -->\n<title>\u00ab Le dossier du massacre du 28 Septembre 2009 n\u2019est pas une enqu\u00eate encore, plut\u00f4t\u2026. \u00bb Dixit Genela Piana Comela. | Guin\u00e9e Diversit\u00e9<\/title>\n<meta name=\"robots\" content=\"index, follow, max-snippet:-1, max-image-preview:large, max-video-preview:-1\" \/>\n<link rel=\"canonical\" href=\"https:\/\/guineediversite.com\/index.php\/2018\/04\/06\/le-dossier-du-massacre-du-28-septembre-2009-nest-pas-une-enquete-encore-plutot-dixit-genela-piana-comela\/\" \/>\n<meta property=\"og:locale\" content=\"fr_FR\" \/>\n<meta property=\"og:type\" content=\"article\" \/>\n<meta property=\"og:title\" content=\"\u00ab Le dossier du massacre du 28 Septembre 2009 n\u2019est pas une enqu\u00eate encore, plut\u00f4t\u2026. \u00bb Dixit Genela Piana Comela. | Guin\u00e9e Diversit\u00e9\" \/>\n<meta property=\"og:description\" content=\"Une mission de la Cour P\u00e9nale Internationale est en s\u00e9jour \u00e0 Conakry. Objectif, former les membres de la nouvelle Coalition Guin\u00e9enne pour la Cour P\u00e9nale Internationale. Au cours d\u2019une \u00e9mission radio, la directrice ex\u00e9cutive adjointe de la coalition mondiale pour la CPI a donn\u00e9 des justificatifs sur l\u2019\u00e9volution du dossier du massacre du 28 Septembre [&hellip;]\" \/>\n<meta property=\"og:url\" content=\"https:\/\/guineediversite.com\/index.php\/2018\/04\/06\/le-dossier-du-massacre-du-28-septembre-2009-nest-pas-une-enquete-encore-plutot-dixit-genela-piana-comela\/\" \/>\n<meta property=\"og:site_name\" content=\"Guin\u00e9e Diversit\u00e9\" \/>\n<meta property=\"article:publisher\" content=\"https:\/\/www.facebook.com\/guineediversite\/\" \/>\n<meta property=\"article:published_time\" content=\"2018-04-06T14:30:45+00:00\" \/>\n<meta property=\"article:modified_time\" content=\"2018-04-08T14:43:31+00:00\" \/>\n<meta property=\"og:image\" content=\"https:\/\/guineediversite.com\/wp-content\/uploads\/2018\/04\/t\u00e9l\u00e9chargement.jpg\" \/>\n\t<meta property=\"og:image:width\" content=\"2392\" \/>\n\t<meta property=\"og:image:height\" content=\"1352\" \/>\n\t<meta property=\"og:image:type\" content=\"image\/jpeg\" \/>\n<meta name=\"author\" content=\"Guin\u00e9e Diversit\u00e9\" \/>\n<meta name=\"twitter:card\" content=\"summary_large_image\" \/>\n<meta name=\"twitter:creator\" content=\"@GuineeDiversite\" \/>\n<meta name=\"twitter:site\" content=\"@GuineeDiversite\" \/>\n<meta name=\"twitter:label1\" content=\"\u00c9crit par\" \/>\n\t<meta name=\"twitter:data1\" content=\"Guin\u00e9e Diversit\u00e9\" \/>\n\t<meta name=\"twitter:label2\" content=\"Dur\u00e9e de lecture estim\u00e9e\" \/>\n\t<meta name=\"twitter:data2\" content=\"1 minute\" \/>\n<script type=\"application\/ld+json\" class=\"yoast-schema-graph\">{\"@context\":\"https:\/\/schema.org\",\"@graph\":[{\"@type\":\"Article\",\"@id\":\"https:\/\/guineediversite.com\/index.php\/2018\/04\/06\/le-dossier-du-massacre-du-28-septembre-2009-nest-pas-une-enquete-encore-plutot-dixit-genela-piana-comela\/#article\",\"isPartOf\":{\"@id\":\"https:\/\/guineediversite.com\/index.php\/2018\/04\/06\/le-dossier-du-massacre-du-28-septembre-2009-nest-pas-une-enquete-encore-plutot-dixit-genela-piana-comela\/\"},\"author\":{\"name\":\"Guin\u00e9e Diversit\u00e9\",\"@id\":\"https:\/\/guineediversite.com\/#\/schema\/person\/afa08fb34e7fc6e1feafc892612bc836\"},\"headline\":\"\u00ab Le dossier du massacre du 28 Septembre 2009 n\u2019est pas une enqu\u00eate encore, plut\u00f4t\u2026. \u00bb Dixit Genela Piana Comela.\",\"datePublished\":\"2018-04-06T14:30:45+00:00\",\"dateModified\":\"2018-04-08T14:43:31+00:00\",\"mainEntityOfPage\":{\"@id\":\"https:\/\/guineediversite.com\/index.php\/2018\/04\/06\/le-dossier-du-massacre-du-28-septembre-2009-nest-pas-une-enquete-encore-plutot-dixit-genela-piana-comela\/\"},\"wordCount\":313,\"publisher\":{\"@id\":\"https:\/\/guineediversite.com\/#organization\"},\"image\":{\"@id\":\"https:\/\/guineediversite.com\/index.php\/2018\/04\/06\/le-dossier-du-massacre-du-28-septembre-2009-nest-pas-une-enquete-encore-plutot-dixit-genela-piana-comela\/#primaryimage\"},\"thumbnailUrl\":\"https:\/\/guineediversite.com\/wp-content\/uploads\/2018\/04\/t\u00e9l\u00e9chargement.jpg\",\"inLanguage\":\"fr-FR\"},{\"@type\":\"WebPage\",\"@id\":\"https:\/\/guineediversite.com\/index.php\/2018\/04\/06\/le-dossier-du-massacre-du-28-septembre-2009-nest-pas-une-enquete-encore-plutot-dixit-genela-piana-comela\/\",\"url\":\"https:\/\/guineediversite.com\/index.php\/2018\/04\/06\/le-dossier-du-massacre-du-28-septembre-2009-nest-pas-une-enquete-encore-plutot-dixit-genela-piana-comela\/\",\"name\":\"\u00ab Le dossier du massacre du 28 Septembre 2009 n\u2019est pas une enqu\u00eate encore, plut\u00f4t\u2026. \u00bb Dixit Genela Piana Comela. | Guin\u00e9e Diversit\u00e9\",\"isPartOf\":{\"@id\":\"https:\/\/guineediversite.com\/#website\"},\"primaryImageOfPage\":{\"@id\":\"https:\/\/guineediversite.com\/index.php\/2018\/04\/06\/le-dossier-du-massacre-du-28-septembre-2009-nest-pas-une-enquete-encore-plutot-dixit-genela-piana-comela\/#primaryimage\"},\"image\":{\"@id\":\"https:\/\/guineediversite.com\/index.php\/2018\/04\/06\/le-dossier-du-massacre-du-28-septembre-2009-nest-pas-une-enquete-encore-plutot-dixit-genela-piana-comela\/#primaryimage\"},\"thumbnailUrl\":\"https:\/\/guineediversite.com\/wp-content\/uploads\/2018\/04\/t\u00e9l\u00e9chargement.jpg\",\"datePublished\":\"2018-04-06T14:30:45+00:00\",\"dateModified\":\"2018-04-08T14:43:31+00:00\",\"breadcrumb\":{\"@id\":\"https:\/\/guineediversite.com\/index.php\/2018\/04\/06\/le-dossier-du-massacre-du-28-septembre-2009-nest-pas-une-enquete-encore-plutot-dixit-genela-piana-comela\/#breadcrumb\"},\"inLanguage\":\"fr-FR\",\"potentialAction\":[{\"@type\":\"ReadAction\",\"target\":[\"https:\/\/guineediversite.com\/index.php\/2018\/04\/06\/le-dossier-du-massacre-du-28-septembre-2009-nest-pas-une-enquete-encore-plutot-dixit-genela-piana-comela\/\"]}]},{\"@type\":\"ImageObject\",\"inLanguage\":\"fr-FR\",\"@id\":\"https:\/\/guineediversite.com\/index.php\/2018\/04\/06\/le-dossier-du-massacre-du-28-septembre-2009-nest-pas-une-enquete-encore-plutot-dixit-genela-piana-comela\/#primaryimage\",\"url\":\"https:\/\/guineediversite.com\/wp-content\/uploads\/2018\/04\/t\u00e9l\u00e9chargement.jpg\",\"contentUrl\":\"https:\/\/guineediversite.com\/wp-content\/uploads\/2018\/04\/t\u00e9l\u00e9chargement.jpg\",\"width\":\"2392\",\"height\":\"1352\"},{\"@type\":\"BreadcrumbList\",\"@id\":\"https:\/\/guineediversite.com\/index.php\/2018\/04\/06\/le-dossier-du-massacre-du-28-septembre-2009-nest-pas-une-enquete-encore-plutot-dixit-genela-piana-comela\/#breadcrumb\",\"itemListElement\":[{\"@type\":\"ListItem\",\"position\":1,\"name\":\"Accueil\",\"item\":\"https:\/\/guineediversite.com\/\"},{\"@type\":\"ListItem\",\"position\":2,\"name\":\"\u00ab Le dossier du massacre du 28 Septembre 2009 n\u2019est pas une enqu\u00eate encore, plut\u00f4t\u2026. \u00bb Dixit Genela Piana Comela.\"}]},{\"@type\":\"WebSite\",\"@id\":\"https:\/\/guineediversite.com\/#website\",\"url\":\"https:\/\/guineediversite.com\/\",\"name\":\"Guin\u00e9e Diversit\u00e9\",\"description\":\"L&#039;Info dans toute sa diversit\u00e9\",\"publisher\":{\"@id\":\"https:\/\/guineediversite.com\/#organization\"},\"potentialAction\":[{\"@type\":\"SearchAction\",\"target\":{\"@type\":\"EntryPoint\",\"urlTemplate\":\"https:\/\/guineediversite.com\/?s={search_term_string}\"},\"query-input\":{\"@type\":\"PropertyValueSpecification\",\"valueRequired\":true,\"valueName\":\"search_term_string\"}}],\"inLanguage\":\"fr-FR\"},{\"@type\":\"Organization\",\"@id\":\"https:\/\/guineediversite.com\/#organization\",\"name\":\"Guin\u00e9e Diversit\u00e9\",\"url\":\"https:\/\/guineediversite.com\/\",\"logo\":{\"@type\":\"ImageObject\",\"inLanguage\":\"fr-FR\",\"@id\":\"https:\/\/guineediversite.com\/#\/schema\/logo\/image\/\",\"url\":\"https:\/\/guineediversite.com\/wp-content\/uploads\/2017\/04\/cropped-1jojlxEOMkX9Wyqfhe43D6kjPOGqBBKmx3EwWJqZ0cMrFF54yM49.png\",\"contentUrl\":\"https:\/\/guineediversite.com\/wp-content\/uploads\/2017\/04\/cropped-1jojlxEOMkX9Wyqfhe43D6kjPOGqBBKmx3EwWJqZ0cMrFF54yM49.png\",\"width\":186,\"height\":112,\"caption\":\"Guin\u00e9e Diversit\u00e9\"},\"image\":{\"@id\":\"https:\/\/guineediversite.com\/#\/schema\/logo\/image\/\"},\"sameAs\":[\"https:\/\/www.facebook.com\/guineediversite\/\",\"https:\/\/x.com\/GuineeDiversite\",\"https:\/\/www.youtube.com\/channel\/UC8sUY16qelG5ge6_D5SB83g\"]},{\"@type\":\"Person\",\"@id\":\"https:\/\/guineediversite.com\/#\/schema\/person\/afa08fb34e7fc6e1feafc892612bc836\",\"name\":\"Guin\u00e9e Diversit\u00e9\",\"image\":{\"@type\":\"ImageObject\",\"inLanguage\":\"fr-FR\",\"@id\":\"https:\/\/guineediversite.com\/#\/schema\/person\/image\/\",\"url\":\"https:\/\/secure.gravatar.com\/avatar\/50d5eb5b390f8b65ac30ac6f898eb83a?s=96&d=mm&r=g\",\"contentUrl\":\"https:\/\/secure.gravatar.com\/avatar\/50d5eb5b390f8b65ac30ac6f898eb83a?s=96&d=mm&r=g\",\"caption\":\"Guin\u00e9e Diversit\u00e9\"},\"url\":\"https:\/\/guineediversite.com\/index.php\/author\/guineediversite\/\"}]}<\/script>\n<!-- \/ Yoast SEO plugin. -->","yoast_head_json":{"title":"\u00ab Le dossier du massacre du 28 Septembre 2009 n\u2019est pas une enqu\u00eate encore, plut\u00f4t\u2026. \u00bb Dixit Genela Piana Comela. | Guin\u00e9e Diversit\u00e9","robots":{"index":"index","follow":"follow","max-snippet":"max-snippet:-1","max-image-preview":"max-image-preview:large","max-video-preview":"max-video-preview:-1"},"canonical":"https:\/\/guineediversite.com\/index.php\/2018\/04\/06\/le-dossier-du-massacre-du-28-septembre-2009-nest-pas-une-enquete-encore-plutot-dixit-genela-piana-comela\/","og_locale":"fr_FR","og_type":"article","og_title":"\u00ab Le dossier du massacre du 28 Septembre 2009 n\u2019est pas une enqu\u00eate encore, plut\u00f4t\u2026. \u00bb Dixit Genela Piana Comela. | Guin\u00e9e Diversit\u00e9","og_description":"Une mission de la Cour P\u00e9nale Internationale est en s\u00e9jour \u00e0 Conakry. Objectif, former les membres de la nouvelle Coalition Guin\u00e9enne pour la Cour P\u00e9nale Internationale. Au cours d\u2019une \u00e9mission radio, la directrice ex\u00e9cutive adjointe de la coalition mondiale pour la CPI a donn\u00e9 des justificatifs sur l\u2019\u00e9volution du dossier du massacre du 28 Septembre [&hellip;]","og_url":"https:\/\/guineediversite.com\/index.php\/2018\/04\/06\/le-dossier-du-massacre-du-28-septembre-2009-nest-pas-une-enquete-encore-plutot-dixit-genela-piana-comela\/","og_site_name":"Guin\u00e9e Diversit\u00e9","article_publisher":"https:\/\/www.facebook.com\/guineediversite\/","article_published_time":"2018-04-06T14:30:45+00:00","article_modified_time":"2018-04-08T14:43:31+00:00","og_image":[{"width":2392,"height":1352,"url":"https:\/\/guineediversite.com\/wp-content\/uploads\/2018\/04\/t\u00e9l\u00e9chargement.jpg","type":"image\/jpeg"}],"author":"Guin\u00e9e Diversit\u00e9","twitter_card":"summary_large_image","twitter_creator":"@GuineeDiversite","twitter_site":"@GuineeDiversite","twitter_misc":{"\u00c9crit par":"Guin\u00e9e Diversit\u00e9","Dur\u00e9e de lecture estim\u00e9e":"1 minute"},"schema":{"@context":"https:\/\/schema.org","@graph":[{"@type":"Article","@id":"https:\/\/guineediversite.com\/index.php\/2018\/04\/06\/le-dossier-du-massacre-du-28-septembre-2009-nest-pas-une-enquete-encore-plutot-dixit-genela-piana-comela\/#article","isPartOf":{"@id":"https:\/\/guineediversite.com\/index.php\/2018\/04\/06\/le-dossier-du-massacre-du-28-septembre-2009-nest-pas-une-enquete-encore-plutot-dixit-genela-piana-comela\/"},"author":{"name":"Guin\u00e9e Diversit\u00e9","@id":"https:\/\/guineediversite.com\/#\/schema\/person\/afa08fb34e7fc6e1feafc892612bc836"},"headline":"\u00ab Le dossier du massacre du 28 Septembre 2009 n\u2019est pas une enqu\u00eate encore, plut\u00f4t\u2026. \u00bb Dixit Genela Piana Comela.","datePublished":"2018-04-06T14:30:45+00:00","dateModified":"2018-04-08T14:43:31+00:00","mainEntityOfPage":{"@id":"https:\/\/guineediversite.com\/index.php\/2018\/04\/06\/le-dossier-du-massacre-du-28-septembre-2009-nest-pas-une-enquete-encore-plutot-dixit-genela-piana-comela\/"},"wordCount":313,"publisher":{"@id":"https:\/\/guineediversite.com\/#organization"},"image":{"@id":"https:\/\/guineediversite.com\/index.php\/2018\/04\/06\/le-dossier-du-massacre-du-28-septembre-2009-nest-pas-une-enquete-encore-plutot-dixit-genela-piana-comela\/#primaryimage"},"thumbnailUrl":"https:\/\/guineediversite.com\/wp-content\/uploads\/2018\/04\/t\u00e9l\u00e9chargement.jpg","inLanguage":"fr-FR"},{"@type":"WebPage","@id":"https:\/\/guineediversite.com\/index.php\/2018\/04\/06\/le-dossier-du-massacre-du-28-septembre-2009-nest-pas-une-enquete-encore-plutot-dixit-genela-piana-comela\/","url":"https:\/\/guineediversite.com\/index.php\/2018\/04\/06\/le-dossier-du-massacre-du-28-septembre-2009-nest-pas-une-enquete-encore-plutot-dixit-genela-piana-comela\/","name":"\u00ab Le dossier du massacre du 28 Septembre 2009 n\u2019est pas une enqu\u00eate encore, plut\u00f4t\u2026. \u00bb Dixit Genela Piana Comela. | Guin\u00e9e Diversit\u00e9","isPartOf":{"@id":"https:\/\/guineediversite.com\/#website"},"primaryImageOfPage":{"@id":"https:\/\/guineediversite.com\/index.php\/2018\/04\/06\/le-dossier-du-massacre-du-28-septembre-2009-nest-pas-une-enquete-encore-plutot-dixit-genela-piana-comela\/#primaryimage"},"image":{"@id":"https:\/\/guineediversite.com\/index.php\/2018\/04\/06\/le-dossier-du-massacre-du-28-septembre-2009-nest-pas-une-enquete-encore-plutot-dixit-genela-piana-comela\/#primaryimage"},"thumbnailUrl":"https:\/\/guineediversite.com\/wp-content\/uploads\/2018\/04\/t\u00e9l\u00e9chargement.jpg","datePublished":"2018-04-06T14:30:45+00:00","dateModified":"2018-04-08T14:43:31+00:00","breadcrumb":{"@id":"https:\/\/guineediversite.com\/index.php\/2018\/04\/06\/le-dossier-du-massacre-du-28-septembre-2009-nest-pas-une-enquete-encore-plutot-dixit-genela-piana-comela\/#breadcrumb"},"inLanguage":"fr-FR","potentialAction":[{"@type":"ReadAction","target":["https:\/\/guineediversite.com\/index.php\/2018\/04\/06\/le-dossier-du-massacre-du-28-septembre-2009-nest-pas-une-enquete-encore-plutot-dixit-genela-piana-comela\/"]}]},{"@type":"ImageObject","inLanguage":"fr-FR","@id":"https:\/\/guineediversite.com\/index.php\/2018\/04\/06\/le-dossier-du-massacre-du-28-septembre-2009-nest-pas-une-enquete-encore-plutot-dixit-genela-piana-comela\/#primaryimage","url":"https:\/\/guineediversite.com\/wp-content\/uploads\/2018\/04\/t\u00e9l\u00e9chargement.jpg","contentUrl":"https:\/\/guineediversite.com\/wp-content\/uploads\/2018\/04\/t\u00e9l\u00e9chargement.jpg","width":"2392","height":"1352"},{"@type":"BreadcrumbList","@id":"https:\/\/guineediversite.com\/index.php\/2018\/04\/06\/le-dossier-du-massacre-du-28-septembre-2009-nest-pas-une-enquete-encore-plutot-dixit-genela-piana-comela\/#breadcrumb","itemListElement":[{"@type":"ListItem","position":1,"name":"Accueil","item":"https:\/\/guineediversite.com\/"},{"@type":"ListItem","position":2,"name":"\u00ab Le dossier du massacre du 28 Septembre 2009 n\u2019est pas une enqu\u00eate encore, plut\u00f4t\u2026. \u00bb Dixit Genela Piana Comela."}]},{"@type":"WebSite","@id":"https:\/\/guineediversite.com\/#website","url":"https:\/\/guineediversite.com\/","name":"Guin\u00e9e Diversit\u00e9","description":"L&#039;Info dans toute sa diversit\u00e9","publisher":{"@id":"https:\/\/guineediversite.com\/#organization"},"potentialAction":[{"@type":"SearchAction","target":{"@type":"EntryPoint","urlTemplate":"https:\/\/guineediversite.com\/?s={search_term_string}"},"query-input":{"@type":"PropertyValueSpecification","valueRequired":true,"valueName":"search_term_string"}}],"inLanguage":"fr-FR"},{"@type":"Organization","@id":"https:\/\/guineediversite.com\/#organization","name":"Guin\u00e9e Diversit\u00e9","url":"https:\/\/guineediversite.com\/","logo":{"@type":"ImageObject","inLanguage":"fr-FR","@id":"https:\/\/guineediversite.com\/#\/schema\/logo\/image\/","url":"https:\/\/guineediversite.com\/wp-content\/uploads\/2017\/04\/cropped-1jojlxEOMkX9Wyqfhe43D6kjPOGqBBKmx3EwWJqZ0cMrFF54yM49.png","contentUrl":"https:\/\/guineediversite.com\/wp-content\/uploads\/2017\/04\/cropped-1jojlxEOMkX9Wyqfhe43D6kjPOGqBBKmx3EwWJqZ0cMrFF54yM49.png","width":186,"height":112,"caption":"Guin\u00e9e Diversit\u00e9"},"image":{"@id":"https:\/\/guineediversite.com\/#\/schema\/logo\/image\/"},"sameAs":["https:\/\/www.facebook.com\/guineediversite\/","https:\/\/x.com\/GuineeDiversite","https:\/\/www.youtube.com\/channel\/UC8sUY16qelG5ge6_D5SB83g"]},{"@type":"Person","@id":"https:\/\/guineediversite.com\/#\/schema\/person\/afa08fb34e7fc6e1feafc892612bc836","name":"Guin\u00e9e Diversit\u00e9","image":{"@type":"ImageObject","inLanguage":"fr-FR","@id":"https:\/\/guineediversite.com\/#\/schema\/person\/image\/","url":"https:\/\/secure.gravatar.com\/avatar\/50d5eb5b390f8b65ac30ac6f898eb83a?s=96&d=mm&r=g","contentUrl":"https:\/\/secure.gravatar.com\/avatar\/50d5eb5b390f8b65ac30ac6f898eb83a?s=96&d=mm&r=g","caption":"Guin\u00e9e Diversit\u00e9"},"url":"https:\/\/guineediversite.com\/index.php\/author\/guineediversite\/"}]}},"_links":{"self":[{"href":"https:\/\/guineediversite.com\/index.php\/wp-json\/wp\/v2\/posts\/24794"}],"collection":[{"href":"https:\/\/guineediversite.com\/index.php\/wp-json\/wp\/v2\/posts"}],"about":[{"href":"https:\/\/guineediversite.com\/index.php\/wp-json\/wp\/v2\/types\/post"}],"author":[{"embeddable":true,"href":"https:\/\/guineediversite.com\/index.php\/wp-json\/wp\/v2\/users\/12"}],"replies":[{"embeddable":true,"href":"https:\/\/guineediversite.com\/index.php\/wp-json\/wp\/v2\/comments?post=24794"}],"version-history":[{"count":0,"href":"https:\/\/guineediversite.com\/index.php\/wp-json\/wp\/v2\/posts\/24794\/revisions"}],"wp:featuredmedia":[{"embeddable":true,"href":"https:\/\/guineediversite.com\/index.php\/wp-json\/wp\/v2\/media\/24795"}],"wp:attachment":[{"href":"https:\/\/guineediversite.com\/index.php\/wp-json\/wp\/v2\/media?parent=24794"}],"wp:term":[{"taxonomy":"category","embeddable":true,"href":"https:\/\/guineediversite.com\/index.php\/wp-json\/wp\/v2\/categories?post=24794"},{"taxonomy":"post_tag","embeddable":true,"href":"https:\/\/guineediversite.com\/index.php\/wp-json\/wp\/v2\/tags?post=24794"}],"curies":[{"name":"wp","href":"https:\/\/api.w.org\/{rel}","templated":true}]}}