{"id":24788,"date":"2018-04-06T10:53:25","date_gmt":"2018-04-06T08:53:25","guid":{"rendered":"https:\/\/guineediversite.com\/?p=24788"},"modified":"2018-04-06T13:05:06","modified_gmt":"2018-04-06T11:05:06","slug":"cest-parti-pour-la-session-des-lois-2018-a-lhemicycle","status":"publish","type":"post","link":"https:\/\/guineediversite.com\/index.php\/2018\/04\/06\/cest-parti-pour-la-session-des-lois-2018-a-lhemicycle\/","title":{"rendered":"C\u2019est parti pour la session des lois 2018 \u00e0 l\u2019h\u00e9micycle."},"content":{"rendered":"<p><b>La c\u00e9r\u00e9monie d\u2019ouverture s\u2019est d\u00e9roul\u00e9e ce jeudi 05 mars au palais du peuple sous l\u2019\u00e9gide du pr\u00e9sident de l\u2019Assembl\u00e9e nationale l\u2019honorable Claude Kory Kondiano .<\/b><\/p>\n<p>La rentr\u00e9e parlementaire a \u00e9t\u00e9 rehauss\u00e9e \u00e9galement par la pr\u00e9sence du premier ministre, Mamady Youla, des membres du gouvernement, notamment le ministre conseiller du pr\u00e9sident de la r\u00e9publique charg\u00e9 des relations avec les institutions r\u00e9publicaines, mais aussi les diplomates accr\u00e9dit\u00e9s en Guin\u00e9e.<\/p>\n<p><img loading=\"lazy\" decoding=\"async\" class=\"alignnone wp-image-24790\" src=\"https:\/\/guineediversite.com.bwjx4292.odns.fr\/wp-content\/uploads\/2018\/04\/parlement-300x226.jpg\" alt=\"\" width=\"954\" height=\"719\" srcset=\"https:\/\/guineediversite.com\/wp-content\/uploads\/2018\/04\/parlement-300x226.jpg 300w, https:\/\/guineediversite.com\/wp-content\/uploads\/2018\/04\/parlement-768x578.jpg 768w, https:\/\/guineediversite.com\/wp-content\/uploads\/2018\/04\/parlement-1024x771.jpg 1024w, https:\/\/guineediversite.com\/wp-content\/uploads\/2018\/04\/parlement-600x452.jpg 600w, https:\/\/guineediversite.com\/wp-content\/uploads\/2018\/04\/parlement-326x245.jpg 326w, https:\/\/guineediversite.com\/wp-content\/uploads\/2018\/04\/parlement-80x60.jpg 80w\" sizes=\"(max-width: 954px) 100vw, 954px\" \/><\/p>\n<p>Cette session des lois permet aux d\u00e9put\u00e9s de passer en revue les propositions et projets de lois. A ce sujet, honorable Claude Kory Kondiano a indiqu\u00e9 que parmi les trente textes d\u00e9pos\u00e9s pour examen, six seulement sont recevables. La session des lois 2018 s\u2019ouvre apr\u00e8s plusieurs semaines de gr\u00e8ve et autres remous sociaux dans le pays. Une situation que d\u00e9plore le pr\u00e9sident de l\u2019assembl\u00e9e nationale.<\/p>\n<p>Pour Claude Kory Kondiano, les effets vicieux qui ont d\u00e9coul\u00e9s de la gr\u00e8ve et autres manifestations dans le pays sont de nature \u00e0 empi\u00e9ter les actions de d\u00e9veloppement engrang\u00e9es par le pouvoir en place, mais aussi \u00e0 emp\u00eacher la libert\u00e9 de circulation des personnes et des biens. Au d\u00e9marrage de cette session de 90 jours l\u2019Honorable Claude Kory Kondiano a invit\u00e9 ses compatriotes au dialogue et \u00e0 mettre fin aux violences que connait le pays pour le bon d\u00e9roulement de la session d\u2019intenses travaux , d\u2019examen et d\u2019adoption des textes de lois soumis aux parlementaires .<\/p>\n","protected":false},"excerpt":{"rendered":"<p>La c\u00e9r\u00e9monie d\u2019ouverture s\u2019est d\u00e9roul\u00e9e ce jeudi 05 mars au palais du peuple sous l\u2019\u00e9gide du pr\u00e9sident de l\u2019Assembl\u00e9e nationale l\u2019honorable Claude Kory Kondiano . La rentr\u00e9e parlementaire a \u00e9t\u00e9 rehauss\u00e9e \u00e9galement par la pr\u00e9sence du premier ministre, Mamady Youla, des membres du gouvernement, notamment le ministre conseiller du pr\u00e9sident de la r\u00e9publique charg\u00e9 des [&hellip;]<\/p>\n","protected":false},"author":14,"featured_media":24789,"comment_status":"closed","ping_status":"closed","sticky":false,"template":"","format":"standard","meta":{"_exactmetrics_skip_tracking":false,"_exactmetrics_sitenote_active":false,"_exactmetrics_sitenote_note":"","_exactmetrics_sitenote_category":0,"tdm_status":"","tdm_grid_status":"","footnotes":""},"categories":[14],"tags":[],"class_list":{"0":"post-24788","1":"post","2":"type-post","3":"status-publish","4":"format-standard","5":"has-post-thumbnail","7":"category-politique"},"yoast_head":"<!-- This site is optimized with the Yoast SEO plugin v24.2 - https:\/\/yoast.com\/wordpress\/plugins\/seo\/ -->\n<title>C\u2019est parti pour la session des lois 2018 \u00e0 l\u2019h\u00e9micycle. | Guin\u00e9e Diversit\u00e9<\/title>\n<meta name=\"robots\" content=\"index, follow, max-snippet:-1, max-image-preview:large, max-video-preview:-1\" \/>\n<link rel=\"canonical\" href=\"https:\/\/guineediversite.com\/index.php\/2018\/04\/06\/cest-parti-pour-la-session-des-lois-2018-a-lhemicycle\/\" \/>\n<meta property=\"og:locale\" content=\"fr_FR\" \/>\n<meta property=\"og:type\" content=\"article\" \/>\n<meta property=\"og:title\" content=\"C\u2019est parti pour la session des lois 2018 \u00e0 l\u2019h\u00e9micycle. | Guin\u00e9e Diversit\u00e9\" \/>\n<meta property=\"og:description\" content=\"La c\u00e9r\u00e9monie d\u2019ouverture s\u2019est d\u00e9roul\u00e9e ce jeudi 05 mars au palais du peuple sous l\u2019\u00e9gide du pr\u00e9sident de l\u2019Assembl\u00e9e nationale l\u2019honorable Claude Kory Kondiano . La rentr\u00e9e parlementaire a \u00e9t\u00e9 rehauss\u00e9e \u00e9galement par la pr\u00e9sence du premier ministre, Mamady Youla, des membres du gouvernement, notamment le ministre conseiller du pr\u00e9sident de la r\u00e9publique charg\u00e9 des [&hellip;]\" \/>\n<meta property=\"og:url\" content=\"https:\/\/guineediversite.com\/index.php\/2018\/04\/06\/cest-parti-pour-la-session-des-lois-2018-a-lhemicycle\/\" \/>\n<meta property=\"og:site_name\" content=\"Guin\u00e9e Diversit\u00e9\" \/>\n<meta property=\"article:publisher\" content=\"https:\/\/www.facebook.com\/guineediversite\/\" \/>\n<meta property=\"article:published_time\" content=\"2018-04-06T08:53:25+00:00\" \/>\n<meta property=\"article:modified_time\" content=\"2018-04-06T11:05:06+00:00\" \/>\n<meta property=\"og:image\" content=\"https:\/\/guineediversite.com\/wp-content\/uploads\/2018\/04\/images.jpg\" \/>\n\t<meta property=\"og:image:width\" content=\"2280\" \/>\n\t<meta property=\"og:image:height\" content=\"1416\" \/>\n\t<meta property=\"og:image:type\" content=\"image\/jpeg\" \/>\n<meta name=\"author\" content=\"Lazare Bangoura\" \/>\n<meta name=\"twitter:card\" content=\"summary_large_image\" \/>\n<meta name=\"twitter:creator\" content=\"@GuineeDiversite\" \/>\n<meta name=\"twitter:site\" content=\"@GuineeDiversite\" \/>\n<meta name=\"twitter:label1\" content=\"\u00c9crit par\" \/>\n\t<meta name=\"twitter:data1\" content=\"Lazare Bangoura\" \/>\n\t<meta name=\"twitter:label2\" content=\"Dur\u00e9e de lecture estim\u00e9e\" \/>\n\t<meta name=\"twitter:data2\" content=\"1 minute\" \/>\n<script type=\"application\/ld+json\" class=\"yoast-schema-graph\">{\"@context\":\"https:\/\/schema.org\",\"@graph\":[{\"@type\":\"Article\",\"@id\":\"https:\/\/guineediversite.com\/index.php\/2018\/04\/06\/cest-parti-pour-la-session-des-lois-2018-a-lhemicycle\/#article\",\"isPartOf\":{\"@id\":\"https:\/\/guineediversite.com\/index.php\/2018\/04\/06\/cest-parti-pour-la-session-des-lois-2018-a-lhemicycle\/\"},\"author\":{\"name\":\"Lazare Bangoura\",\"@id\":\"https:\/\/guineediversite.com\/#\/schema\/person\/c915f4424a17926ee4510e6abdfdc2a5\"},\"headline\":\"C\u2019est parti pour la session des lois 2018 \u00e0 l\u2019h\u00e9micycle.\",\"datePublished\":\"2018-04-06T08:53:25+00:00\",\"dateModified\":\"2018-04-06T11:05:06+00:00\",\"mainEntityOfPage\":{\"@id\":\"https:\/\/guineediversite.com\/index.php\/2018\/04\/06\/cest-parti-pour-la-session-des-lois-2018-a-lhemicycle\/\"},\"wordCount\":274,\"publisher\":{\"@id\":\"https:\/\/guineediversite.com\/#organization\"},\"image\":{\"@id\":\"https:\/\/guineediversite.com\/index.php\/2018\/04\/06\/cest-parti-pour-la-session-des-lois-2018-a-lhemicycle\/#primaryimage\"},\"thumbnailUrl\":\"https:\/\/guineediversite.com\/wp-content\/uploads\/2018\/04\/images.jpg\",\"articleSection\":[\"Politique\"],\"inLanguage\":\"fr-FR\"},{\"@type\":\"WebPage\",\"@id\":\"https:\/\/guineediversite.com\/index.php\/2018\/04\/06\/cest-parti-pour-la-session-des-lois-2018-a-lhemicycle\/\",\"url\":\"https:\/\/guineediversite.com\/index.php\/2018\/04\/06\/cest-parti-pour-la-session-des-lois-2018-a-lhemicycle\/\",\"name\":\"C\u2019est parti pour la session des lois 2018 \u00e0 l\u2019h\u00e9micycle. | Guin\u00e9e Diversit\u00e9\",\"isPartOf\":{\"@id\":\"https:\/\/guineediversite.com\/#website\"},\"primaryImageOfPage\":{\"@id\":\"https:\/\/guineediversite.com\/index.php\/2018\/04\/06\/cest-parti-pour-la-session-des-lois-2018-a-lhemicycle\/#primaryimage\"},\"image\":{\"@id\":\"https:\/\/guineediversite.com\/index.php\/2018\/04\/06\/cest-parti-pour-la-session-des-lois-2018-a-lhemicycle\/#primaryimage\"},\"thumbnailUrl\":\"https:\/\/guineediversite.com\/wp-content\/uploads\/2018\/04\/images.jpg\",\"datePublished\":\"2018-04-06T08:53:25+00:00\",\"dateModified\":\"2018-04-06T11:05:06+00:00\",\"breadcrumb\":{\"@id\":\"https:\/\/guineediversite.com\/index.php\/2018\/04\/06\/cest-parti-pour-la-session-des-lois-2018-a-lhemicycle\/#breadcrumb\"},\"inLanguage\":\"fr-FR\",\"potentialAction\":[{\"@type\":\"ReadAction\",\"target\":[\"https:\/\/guineediversite.com\/index.php\/2018\/04\/06\/cest-parti-pour-la-session-des-lois-2018-a-lhemicycle\/\"]}]},{\"@type\":\"ImageObject\",\"inLanguage\":\"fr-FR\",\"@id\":\"https:\/\/guineediversite.com\/index.php\/2018\/04\/06\/cest-parti-pour-la-session-des-lois-2018-a-lhemicycle\/#primaryimage\",\"url\":\"https:\/\/guineediversite.com\/wp-content\/uploads\/2018\/04\/images.jpg\",\"contentUrl\":\"https:\/\/guineediversite.com\/wp-content\/uploads\/2018\/04\/images.jpg\",\"width\":\"2280\",\"height\":\"1416\"},{\"@type\":\"BreadcrumbList\",\"@id\":\"https:\/\/guineediversite.com\/index.php\/2018\/04\/06\/cest-parti-pour-la-session-des-lois-2018-a-lhemicycle\/#breadcrumb\",\"itemListElement\":[{\"@type\":\"ListItem\",\"position\":1,\"name\":\"Accueil\",\"item\":\"https:\/\/guineediversite.com\/\"},{\"@type\":\"ListItem\",\"position\":2,\"name\":\"C\u2019est parti pour la session des lois 2018 \u00e0 l\u2019h\u00e9micycle.\"}]},{\"@type\":\"WebSite\",\"@id\":\"https:\/\/guineediversite.com\/#website\",\"url\":\"https:\/\/guineediversite.com\/\",\"name\":\"Guin\u00e9e Diversit\u00e9\",\"description\":\"L&#039;Info dans toute sa diversit\u00e9\",\"publisher\":{\"@id\":\"https:\/\/guineediversite.com\/#organization\"},\"potentialAction\":[{\"@type\":\"SearchAction\",\"target\":{\"@type\":\"EntryPoint\",\"urlTemplate\":\"https:\/\/guineediversite.com\/?s={search_term_string}\"},\"query-input\":{\"@type\":\"PropertyValueSpecification\",\"valueRequired\":true,\"valueName\":\"search_term_string\"}}],\"inLanguage\":\"fr-FR\"},{\"@type\":\"Organization\",\"@id\":\"https:\/\/guineediversite.com\/#organization\",\"name\":\"Guin\u00e9e Diversit\u00e9\",\"url\":\"https:\/\/guineediversite.com\/\",\"logo\":{\"@type\":\"ImageObject\",\"inLanguage\":\"fr-FR\",\"@id\":\"https:\/\/guineediversite.com\/#\/schema\/logo\/image\/\",\"url\":\"https:\/\/guineediversite.com\/wp-content\/uploads\/2017\/04\/cropped-1jojlxEOMkX9Wyqfhe43D6kjPOGqBBKmx3EwWJqZ0cMrFF54yM49.png\",\"contentUrl\":\"https:\/\/guineediversite.com\/wp-content\/uploads\/2017\/04\/cropped-1jojlxEOMkX9Wyqfhe43D6kjPOGqBBKmx3EwWJqZ0cMrFF54yM49.png\",\"width\":186,\"height\":112,\"caption\":\"Guin\u00e9e Diversit\u00e9\"},\"image\":{\"@id\":\"https:\/\/guineediversite.com\/#\/schema\/logo\/image\/\"},\"sameAs\":[\"https:\/\/www.facebook.com\/guineediversite\/\",\"https:\/\/x.com\/GuineeDiversite\",\"https:\/\/www.youtube.com\/channel\/UC8sUY16qelG5ge6_D5SB83g\"]},{\"@type\":\"Person\",\"@id\":\"https:\/\/guineediversite.com\/#\/schema\/person\/c915f4424a17926ee4510e6abdfdc2a5\",\"name\":\"Lazare Bangoura\",\"image\":{\"@type\":\"ImageObject\",\"inLanguage\":\"fr-FR\",\"@id\":\"https:\/\/guineediversite.com\/#\/schema\/person\/image\/\",\"url\":\"https:\/\/secure.gravatar.com\/avatar\/7bab9b6edb46a08bcc394e7e418baf1e?s=96&d=mm&r=g\",\"contentUrl\":\"https:\/\/secure.gravatar.com\/avatar\/7bab9b6edb46a08bcc394e7e418baf1e?s=96&d=mm&r=g\",\"caption\":\"Lazare Bangoura\"},\"url\":\"https:\/\/guineediversite.com\/index.php\/author\/l-bangoura\/\"}]}<\/script>\n<!-- \/ Yoast SEO plugin. -->","yoast_head_json":{"title":"C\u2019est parti pour la session des lois 2018 \u00e0 l\u2019h\u00e9micycle. | Guin\u00e9e Diversit\u00e9","robots":{"index":"index","follow":"follow","max-snippet":"max-snippet:-1","max-image-preview":"max-image-preview:large","max-video-preview":"max-video-preview:-1"},"canonical":"https:\/\/guineediversite.com\/index.php\/2018\/04\/06\/cest-parti-pour-la-session-des-lois-2018-a-lhemicycle\/","og_locale":"fr_FR","og_type":"article","og_title":"C\u2019est parti pour la session des lois 2018 \u00e0 l\u2019h\u00e9micycle. | Guin\u00e9e Diversit\u00e9","og_description":"La c\u00e9r\u00e9monie d\u2019ouverture s\u2019est d\u00e9roul\u00e9e ce jeudi 05 mars au palais du peuple sous l\u2019\u00e9gide du pr\u00e9sident de l\u2019Assembl\u00e9e nationale l\u2019honorable Claude Kory Kondiano . La rentr\u00e9e parlementaire a \u00e9t\u00e9 rehauss\u00e9e \u00e9galement par la pr\u00e9sence du premier ministre, Mamady Youla, des membres du gouvernement, notamment le ministre conseiller du pr\u00e9sident de la r\u00e9publique charg\u00e9 des [&hellip;]","og_url":"https:\/\/guineediversite.com\/index.php\/2018\/04\/06\/cest-parti-pour-la-session-des-lois-2018-a-lhemicycle\/","og_site_name":"Guin\u00e9e Diversit\u00e9","article_publisher":"https:\/\/www.facebook.com\/guineediversite\/","article_published_time":"2018-04-06T08:53:25+00:00","article_modified_time":"2018-04-06T11:05:06+00:00","og_image":[{"width":2280,"height":1416,"url":"https:\/\/guineediversite.com\/wp-content\/uploads\/2018\/04\/images.jpg","type":"image\/jpeg"}],"author":"Lazare Bangoura","twitter_card":"summary_large_image","twitter_creator":"@GuineeDiversite","twitter_site":"@GuineeDiversite","twitter_misc":{"\u00c9crit par":"Lazare Bangoura","Dur\u00e9e de lecture estim\u00e9e":"1 minute"},"schema":{"@context":"https:\/\/schema.org","@graph":[{"@type":"Article","@id":"https:\/\/guineediversite.com\/index.php\/2018\/04\/06\/cest-parti-pour-la-session-des-lois-2018-a-lhemicycle\/#article","isPartOf":{"@id":"https:\/\/guineediversite.com\/index.php\/2018\/04\/06\/cest-parti-pour-la-session-des-lois-2018-a-lhemicycle\/"},"author":{"name":"Lazare Bangoura","@id":"https:\/\/guineediversite.com\/#\/schema\/person\/c915f4424a17926ee4510e6abdfdc2a5"},"headline":"C\u2019est parti pour la session des lois 2018 \u00e0 l\u2019h\u00e9micycle.","datePublished":"2018-04-06T08:53:25+00:00","dateModified":"2018-04-06T11:05:06+00:00","mainEntityOfPage":{"@id":"https:\/\/guineediversite.com\/index.php\/2018\/04\/06\/cest-parti-pour-la-session-des-lois-2018-a-lhemicycle\/"},"wordCount":274,"publisher":{"@id":"https:\/\/guineediversite.com\/#organization"},"image":{"@id":"https:\/\/guineediversite.com\/index.php\/2018\/04\/06\/cest-parti-pour-la-session-des-lois-2018-a-lhemicycle\/#primaryimage"},"thumbnailUrl":"https:\/\/guineediversite.com\/wp-content\/uploads\/2018\/04\/images.jpg","articleSection":["Politique"],"inLanguage":"fr-FR"},{"@type":"WebPage","@id":"https:\/\/guineediversite.com\/index.php\/2018\/04\/06\/cest-parti-pour-la-session-des-lois-2018-a-lhemicycle\/","url":"https:\/\/guineediversite.com\/index.php\/2018\/04\/06\/cest-parti-pour-la-session-des-lois-2018-a-lhemicycle\/","name":"C\u2019est parti pour la session des lois 2018 \u00e0 l\u2019h\u00e9micycle. | Guin\u00e9e Diversit\u00e9","isPartOf":{"@id":"https:\/\/guineediversite.com\/#website"},"primaryImageOfPage":{"@id":"https:\/\/guineediversite.com\/index.php\/2018\/04\/06\/cest-parti-pour-la-session-des-lois-2018-a-lhemicycle\/#primaryimage"},"image":{"@id":"https:\/\/guineediversite.com\/index.php\/2018\/04\/06\/cest-parti-pour-la-session-des-lois-2018-a-lhemicycle\/#primaryimage"},"thumbnailUrl":"https:\/\/guineediversite.com\/wp-content\/uploads\/2018\/04\/images.jpg","datePublished":"2018-04-06T08:53:25+00:00","dateModified":"2018-04-06T11:05:06+00:00","breadcrumb":{"@id":"https:\/\/guineediversite.com\/index.php\/2018\/04\/06\/cest-parti-pour-la-session-des-lois-2018-a-lhemicycle\/#breadcrumb"},"inLanguage":"fr-FR","potentialAction":[{"@type":"ReadAction","target":["https:\/\/guineediversite.com\/index.php\/2018\/04\/06\/cest-parti-pour-la-session-des-lois-2018-a-lhemicycle\/"]}]},{"@type":"ImageObject","inLanguage":"fr-FR","@id":"https:\/\/guineediversite.com\/index.php\/2018\/04\/06\/cest-parti-pour-la-session-des-lois-2018-a-lhemicycle\/#primaryimage","url":"https:\/\/guineediversite.com\/wp-content\/uploads\/2018\/04\/images.jpg","contentUrl":"https:\/\/guineediversite.com\/wp-content\/uploads\/2018\/04\/images.jpg","width":"2280","height":"1416"},{"@type":"BreadcrumbList","@id":"https:\/\/guineediversite.com\/index.php\/2018\/04\/06\/cest-parti-pour-la-session-des-lois-2018-a-lhemicycle\/#breadcrumb","itemListElement":[{"@type":"ListItem","position":1,"name":"Accueil","item":"https:\/\/guineediversite.com\/"},{"@type":"ListItem","position":2,"name":"C\u2019est parti pour la session des lois 2018 \u00e0 l\u2019h\u00e9micycle."}]},{"@type":"WebSite","@id":"https:\/\/guineediversite.com\/#website","url":"https:\/\/guineediversite.com\/","name":"Guin\u00e9e Diversit\u00e9","description":"L&#039;Info dans toute sa diversit\u00e9","publisher":{"@id":"https:\/\/guineediversite.com\/#organization"},"potentialAction":[{"@type":"SearchAction","target":{"@type":"EntryPoint","urlTemplate":"https:\/\/guineediversite.com\/?s={search_term_string}"},"query-input":{"@type":"PropertyValueSpecification","valueRequired":true,"valueName":"search_term_string"}}],"inLanguage":"fr-FR"},{"@type":"Organization","@id":"https:\/\/guineediversite.com\/#organization","name":"Guin\u00e9e Diversit\u00e9","url":"https:\/\/guineediversite.com\/","logo":{"@type":"ImageObject","inLanguage":"fr-FR","@id":"https:\/\/guineediversite.com\/#\/schema\/logo\/image\/","url":"https:\/\/guineediversite.com\/wp-content\/uploads\/2017\/04\/cropped-1jojlxEOMkX9Wyqfhe43D6kjPOGqBBKmx3EwWJqZ0cMrFF54yM49.png","contentUrl":"https:\/\/guineediversite.com\/wp-content\/uploads\/2017\/04\/cropped-1jojlxEOMkX9Wyqfhe43D6kjPOGqBBKmx3EwWJqZ0cMrFF54yM49.png","width":186,"height":112,"caption":"Guin\u00e9e Diversit\u00e9"},"image":{"@id":"https:\/\/guineediversite.com\/#\/schema\/logo\/image\/"},"sameAs":["https:\/\/www.facebook.com\/guineediversite\/","https:\/\/x.com\/GuineeDiversite","https:\/\/www.youtube.com\/channel\/UC8sUY16qelG5ge6_D5SB83g"]},{"@type":"Person","@id":"https:\/\/guineediversite.com\/#\/schema\/person\/c915f4424a17926ee4510e6abdfdc2a5","name":"Lazare Bangoura","image":{"@type":"ImageObject","inLanguage":"fr-FR","@id":"https:\/\/guineediversite.com\/#\/schema\/person\/image\/","url":"https:\/\/secure.gravatar.com\/avatar\/7bab9b6edb46a08bcc394e7e418baf1e?s=96&d=mm&r=g","contentUrl":"https:\/\/secure.gravatar.com\/avatar\/7bab9b6edb46a08bcc394e7e418baf1e?s=96&d=mm&r=g","caption":"Lazare Bangoura"},"url":"https:\/\/guineediversite.com\/index.php\/author\/l-bangoura\/"}]}},"_links":{"self":[{"href":"https:\/\/guineediversite.com\/index.php\/wp-json\/wp\/v2\/posts\/24788"}],"collection":[{"href":"https:\/\/guineediversite.com\/index.php\/wp-json\/wp\/v2\/posts"}],"about":[{"href":"https:\/\/guineediversite.com\/index.php\/wp-json\/wp\/v2\/types\/post"}],"author":[{"embeddable":true,"href":"https:\/\/guineediversite.com\/index.php\/wp-json\/wp\/v2\/users\/14"}],"replies":[{"embeddable":true,"href":"https:\/\/guineediversite.com\/index.php\/wp-json\/wp\/v2\/comments?post=24788"}],"version-history":[{"count":0,"href":"https:\/\/guineediversite.com\/index.php\/wp-json\/wp\/v2\/posts\/24788\/revisions"}],"wp:featuredmedia":[{"embeddable":true,"href":"https:\/\/guineediversite.com\/index.php\/wp-json\/wp\/v2\/media\/24789"}],"wp:attachment":[{"href":"https:\/\/guineediversite.com\/index.php\/wp-json\/wp\/v2\/media?parent=24788"}],"wp:term":[{"taxonomy":"category","embeddable":true,"href":"https:\/\/guineediversite.com\/index.php\/wp-json\/wp\/v2\/categories?post=24788"},{"taxonomy":"post_tag","embeddable":true,"href":"https:\/\/guineediversite.com\/index.php\/wp-json\/wp\/v2\/tags?post=24788"}],"curies":[{"name":"wp","href":"https:\/\/api.w.org\/{rel}","templated":true}]}}