{"id":24785,"date":"2018-04-06T10:43:33","date_gmt":"2018-04-06T08:43:33","guid":{"rendered":"https:\/\/guineediversite.com\/?p=24785"},"modified":"2018-04-06T10:43:33","modified_gmt":"2018-04-06T08:43:33","slug":"les-deputes-soutiennent-le-mouvement-contre-le-loyer-inabordable-en-guinee","status":"publish","type":"post","link":"https:\/\/guineediversite.com\/index.php\/2018\/04\/06\/les-deputes-soutiennent-le-mouvement-contre-le-loyer-inabordable-en-guinee\/","title":{"rendered":"Les d\u00e9put\u00e9s soutiennent le mouvement contre le loyer inabordable en Guin\u00e9e."},"content":{"rendered":"<p><strong>Ce jeudi 5 avril 2018 lors de l\u2019ouverture de la session des lois de l\u2019assembl\u00e9e nationale, l\u2019initiative citoyenne constitu\u00e9e de ONG de la soci\u00e9t\u00e9 civile guin\u00e9enne a investie la rentr\u00e9e de l\u2019h\u00e9micycle.<\/strong><\/p>\n<p>L\u2019objectif \u00e9tait d\u2019interpeler les honorables d\u00e9put\u00e9s sur la n\u00e9cessit\u00e9 de lutter contre la chert\u00e9 du prix des loyers en r\u00e9publique de Guin\u00e9e. Avec des slogans comme \u2018\u2019 \u00c9lus du peuple, comprenez la souffrance des citoyens et soutenez la proposition de loi pour r\u00e8glementer ce secteur\u2019\u2019 ; \u2018\u2019 Un toit est un droit \u2018\u2019 ; \u2018\u2019 le loyer co\u00fbte cher \u2019\u2019, le mouvement a pu se faire entendre. Sur place, des \u00e9lus du peuple n\u2019ont pas tard\u00e9 \u00e0 affirmer leur soutient dans le combat d\u00e9j\u00e0 entam\u00e9.<\/p>\n<p>C\u2019est le cas du pr\u00e9sident du parti Nouvelle ForceD\u00e9mocratique, Mouctar Bah qui d\u00e9nonce l\u2019attitude de certains d\u00e9put\u00e9s face \u00e0 ce probl\u00e8me \u00ab <em>La conf\u00e9rence du pr\u00e9sident qui doit programmer cette proposition de loi n\u2019a pas fait son travail et a mit cette proposition dans les tiroirs. Donc, ces d\u00e9put\u00e9s n\u2019ont pas fait leur travail et cela montre que ce n\u2019est pas leur pr\u00e9occupation malheureusement. Ils sont plus concentr\u00e9s sur des dossiers \u00e0 int\u00e9r\u00eat partisan et quelque fois m\u00eame \u00e0 des int\u00e9r\u00eats personnel, individuels et \u00e9go\u00efste .C\u2019est \u00e7a la r\u00e9alit\u00e9 ! Vous vous mobiliser pour une cause aussi juste dans l\u2019int\u00e9r\u00eat des populations cela est hautement salutaire, vous \u00eates f\u00e9licit\u00e9 et continuez nous sommes ensemble<\/em>,\u00bb a-t-il encourag\u00e9 les jeunes manifestants.<\/p>\n<p>Il en \u00e9tait de m\u00eame pour le d\u00e9put\u00e9 Fod\u00e9 Oussou Fofana, pr\u00e9sident du groupe parlementaire \u2018\u2019les lib\u00e9raux d\u00e9mocrates \u2018\u2019 \u00ab <em>Il est inconcevable que des individus prennent la d\u00e9cision de se comporter comme ils le veulent dans un pays qui est g\u00e9r\u00e9. Aujourd\u2019hui, quand vous demandez \u00e0 avoir une chambre et salon on vous donne m\u00eame pas le prix en franc guin\u00e9en, on vous donne en devise. Notre monnaie c\u2019est le franc guin\u00e9en. Mais puis ce qu\u2019il n\u2019y a pas de contr\u00f4le, chacun fait ce qu\u2019il veut. Moi je dis que vous aviez parfaitement raison et je prends l\u2019engagement solennel ici , en temps que pr\u00e9sident du groupe parlementaire que notre groupe se battra par tous les moyens pour vous appuyer et demander \u00e0 ce que les gens ne se permettent pas de faire ce qu\u2019ils veulent comme dans tous les autres pays de la sous r\u00e9gion,<\/em>\u00bb d\u00e9clare t-il.<\/p>\n<p>Ces jeunes ne sont pas \u00e0 leurs premi\u00e8res manifestations devant l\u2019h\u00e9micycle, l\u2019ann\u00e9e derni\u00e8re \u00e9galement ils \u00e9taient au m\u00eame lieu pour les m\u00eames causes .Mais malheureusement jusqu&rsquo;\u00e0 pr\u00e9sent leurs messages ne semblent pas tomber dans de bonnes oreilles.<\/p>\n","protected":false},"excerpt":{"rendered":"<p>Ce jeudi 5 avril 2018 lors de l\u2019ouverture de la session des lois de l\u2019assembl\u00e9e nationale, l\u2019initiative citoyenne constitu\u00e9e de ONG de la soci\u00e9t\u00e9 civile guin\u00e9enne a investie la rentr\u00e9e de l\u2019h\u00e9micycle. L\u2019objectif \u00e9tait d\u2019interpeler les honorables d\u00e9put\u00e9s sur la n\u00e9cessit\u00e9 de lutter contre la chert\u00e9 du prix des loyers en r\u00e9publique de Guin\u00e9e. Avec [&hellip;]<\/p>\n","protected":false},"author":16,"featured_media":24786,"comment_status":"closed","ping_status":"closed","sticky":false,"template":"","format":"standard","meta":{"_exactmetrics_skip_tracking":false,"_exactmetrics_sitenote_active":false,"_exactmetrics_sitenote_note":"","_exactmetrics_sitenote_category":0,"tdm_status":"","tdm_grid_status":"","footnotes":""},"categories":[14],"tags":[],"class_list":{"0":"post-24785","1":"post","2":"type-post","3":"status-publish","4":"format-standard","5":"has-post-thumbnail","7":"category-politique"},"yoast_head":"<!-- This site is optimized with the Yoast SEO plugin v24.2 - https:\/\/yoast.com\/wordpress\/plugins\/seo\/ -->\n<title>Les d\u00e9put\u00e9s soutiennent le mouvement contre le loyer inabordable en Guin\u00e9e. | Guin\u00e9e Diversit\u00e9<\/title>\n<meta name=\"robots\" content=\"index, follow, max-snippet:-1, max-image-preview:large, max-video-preview:-1\" \/>\n<link rel=\"canonical\" href=\"https:\/\/guineediversite.com\/index.php\/2018\/04\/06\/les-deputes-soutiennent-le-mouvement-contre-le-loyer-inabordable-en-guinee\/\" \/>\n<meta property=\"og:locale\" content=\"fr_FR\" \/>\n<meta property=\"og:type\" content=\"article\" \/>\n<meta property=\"og:title\" content=\"Les d\u00e9put\u00e9s soutiennent le mouvement contre le loyer inabordable en Guin\u00e9e. | Guin\u00e9e Diversit\u00e9\" \/>\n<meta property=\"og:description\" content=\"Ce jeudi 5 avril 2018 lors de l\u2019ouverture de la session des lois de l\u2019assembl\u00e9e nationale, l\u2019initiative citoyenne constitu\u00e9e de ONG de la soci\u00e9t\u00e9 civile guin\u00e9enne a investie la rentr\u00e9e de l\u2019h\u00e9micycle. L\u2019objectif \u00e9tait d\u2019interpeler les honorables d\u00e9put\u00e9s sur la n\u00e9cessit\u00e9 de lutter contre la chert\u00e9 du prix des loyers en r\u00e9publique de Guin\u00e9e. Avec [&hellip;]\" \/>\n<meta property=\"og:url\" content=\"https:\/\/guineediversite.com\/index.php\/2018\/04\/06\/les-deputes-soutiennent-le-mouvement-contre-le-loyer-inabordable-en-guinee\/\" \/>\n<meta property=\"og:site_name\" content=\"Guin\u00e9e Diversit\u00e9\" \/>\n<meta property=\"article:publisher\" content=\"https:\/\/www.facebook.com\/guineediversite\/\" \/>\n<meta property=\"article:published_time\" content=\"2018-04-06T08:43:33+00:00\" \/>\n<meta property=\"og:image\" content=\"https:\/\/guineediversite.com\/wp-content\/uploads\/2018\/04\/30124501_2012172462377862_964722956888440832_n.jpg\" \/>\n\t<meta property=\"og:image:width\" content=\"7680\" \/>\n\t<meta property=\"og:image:height\" content=\"4320\" \/>\n\t<meta property=\"og:image:type\" content=\"image\/jpeg\" \/>\n<meta name=\"author\" content=\"Moussa Mo\u00efse K\u00e9ita\" \/>\n<meta name=\"twitter:card\" content=\"summary_large_image\" \/>\n<meta name=\"twitter:creator\" content=\"@GuineeDiversite\" \/>\n<meta name=\"twitter:site\" content=\"@GuineeDiversite\" \/>\n<meta name=\"twitter:label1\" content=\"\u00c9crit par\" \/>\n\t<meta name=\"twitter:data1\" content=\"Moussa Mo\u00efse K\u00e9ita\" \/>\n\t<meta name=\"twitter:label2\" content=\"Dur\u00e9e de lecture estim\u00e9e\" \/>\n\t<meta name=\"twitter:data2\" content=\"2 minutes\" \/>\n<script type=\"application\/ld+json\" class=\"yoast-schema-graph\">{\"@context\":\"https:\/\/schema.org\",\"@graph\":[{\"@type\":\"Article\",\"@id\":\"https:\/\/guineediversite.com\/index.php\/2018\/04\/06\/les-deputes-soutiennent-le-mouvement-contre-le-loyer-inabordable-en-guinee\/#article\",\"isPartOf\":{\"@id\":\"https:\/\/guineediversite.com\/index.php\/2018\/04\/06\/les-deputes-soutiennent-le-mouvement-contre-le-loyer-inabordable-en-guinee\/\"},\"author\":{\"name\":\"Moussa Mo\u00efse K\u00e9ita\",\"@id\":\"https:\/\/guineediversite.com\/#\/schema\/person\/079ec347f72d2acde4b56a50a4fd46dc\"},\"headline\":\"Les d\u00e9put\u00e9s soutiennent le mouvement contre le loyer inabordable en Guin\u00e9e.\",\"datePublished\":\"2018-04-06T08:43:33+00:00\",\"dateModified\":\"2018-04-06T08:43:33+00:00\",\"mainEntityOfPage\":{\"@id\":\"https:\/\/guineediversite.com\/index.php\/2018\/04\/06\/les-deputes-soutiennent-le-mouvement-contre-le-loyer-inabordable-en-guinee\/\"},\"wordCount\":495,\"publisher\":{\"@id\":\"https:\/\/guineediversite.com\/#organization\"},\"image\":{\"@id\":\"https:\/\/guineediversite.com\/index.php\/2018\/04\/06\/les-deputes-soutiennent-le-mouvement-contre-le-loyer-inabordable-en-guinee\/#primaryimage\"},\"thumbnailUrl\":\"https:\/\/guineediversite.com\/wp-content\/uploads\/2018\/04\/30124501_2012172462377862_964722956888440832_n.jpg\",\"articleSection\":[\"Politique\"],\"inLanguage\":\"fr-FR\"},{\"@type\":\"WebPage\",\"@id\":\"https:\/\/guineediversite.com\/index.php\/2018\/04\/06\/les-deputes-soutiennent-le-mouvement-contre-le-loyer-inabordable-en-guinee\/\",\"url\":\"https:\/\/guineediversite.com\/index.php\/2018\/04\/06\/les-deputes-soutiennent-le-mouvement-contre-le-loyer-inabordable-en-guinee\/\",\"name\":\"Les d\u00e9put\u00e9s soutiennent le mouvement contre le loyer inabordable en Guin\u00e9e. | Guin\u00e9e Diversit\u00e9\",\"isPartOf\":{\"@id\":\"https:\/\/guineediversite.com\/#website\"},\"primaryImageOfPage\":{\"@id\":\"https:\/\/guineediversite.com\/index.php\/2018\/04\/06\/les-deputes-soutiennent-le-mouvement-contre-le-loyer-inabordable-en-guinee\/#primaryimage\"},\"image\":{\"@id\":\"https:\/\/guineediversite.com\/index.php\/2018\/04\/06\/les-deputes-soutiennent-le-mouvement-contre-le-loyer-inabordable-en-guinee\/#primaryimage\"},\"thumbnailUrl\":\"https:\/\/guineediversite.com\/wp-content\/uploads\/2018\/04\/30124501_2012172462377862_964722956888440832_n.jpg\",\"datePublished\":\"2018-04-06T08:43:33+00:00\",\"dateModified\":\"2018-04-06T08:43:33+00:00\",\"breadcrumb\":{\"@id\":\"https:\/\/guineediversite.com\/index.php\/2018\/04\/06\/les-deputes-soutiennent-le-mouvement-contre-le-loyer-inabordable-en-guinee\/#breadcrumb\"},\"inLanguage\":\"fr-FR\",\"potentialAction\":[{\"@type\":\"ReadAction\",\"target\":[\"https:\/\/guineediversite.com\/index.php\/2018\/04\/06\/les-deputes-soutiennent-le-mouvement-contre-le-loyer-inabordable-en-guinee\/\"]}]},{\"@type\":\"ImageObject\",\"inLanguage\":\"fr-FR\",\"@id\":\"https:\/\/guineediversite.com\/index.php\/2018\/04\/06\/les-deputes-soutiennent-le-mouvement-contre-le-loyer-inabordable-en-guinee\/#primaryimage\",\"url\":\"https:\/\/guineediversite.com\/wp-content\/uploads\/2018\/04\/30124501_2012172462377862_964722956888440832_n.jpg\",\"contentUrl\":\"https:\/\/guineediversite.com\/wp-content\/uploads\/2018\/04\/30124501_2012172462377862_964722956888440832_n.jpg\",\"width\":\"7680\",\"height\":\"4320\"},{\"@type\":\"BreadcrumbList\",\"@id\":\"https:\/\/guineediversite.com\/index.php\/2018\/04\/06\/les-deputes-soutiennent-le-mouvement-contre-le-loyer-inabordable-en-guinee\/#breadcrumb\",\"itemListElement\":[{\"@type\":\"ListItem\",\"position\":1,\"name\":\"Accueil\",\"item\":\"https:\/\/guineediversite.com\/\"},{\"@type\":\"ListItem\",\"position\":2,\"name\":\"Les d\u00e9put\u00e9s soutiennent le mouvement contre le loyer inabordable en Guin\u00e9e.\"}]},{\"@type\":\"WebSite\",\"@id\":\"https:\/\/guineediversite.com\/#website\",\"url\":\"https:\/\/guineediversite.com\/\",\"name\":\"Guin\u00e9e Diversit\u00e9\",\"description\":\"L&#039;Info dans toute sa diversit\u00e9\",\"publisher\":{\"@id\":\"https:\/\/guineediversite.com\/#organization\"},\"potentialAction\":[{\"@type\":\"SearchAction\",\"target\":{\"@type\":\"EntryPoint\",\"urlTemplate\":\"https:\/\/guineediversite.com\/?s={search_term_string}\"},\"query-input\":{\"@type\":\"PropertyValueSpecification\",\"valueRequired\":true,\"valueName\":\"search_term_string\"}}],\"inLanguage\":\"fr-FR\"},{\"@type\":\"Organization\",\"@id\":\"https:\/\/guineediversite.com\/#organization\",\"name\":\"Guin\u00e9e Diversit\u00e9\",\"url\":\"https:\/\/guineediversite.com\/\",\"logo\":{\"@type\":\"ImageObject\",\"inLanguage\":\"fr-FR\",\"@id\":\"https:\/\/guineediversite.com\/#\/schema\/logo\/image\/\",\"url\":\"https:\/\/guineediversite.com\/wp-content\/uploads\/2017\/04\/cropped-1jojlxEOMkX9Wyqfhe43D6kjPOGqBBKmx3EwWJqZ0cMrFF54yM49.png\",\"contentUrl\":\"https:\/\/guineediversite.com\/wp-content\/uploads\/2017\/04\/cropped-1jojlxEOMkX9Wyqfhe43D6kjPOGqBBKmx3EwWJqZ0cMrFF54yM49.png\",\"width\":186,\"height\":112,\"caption\":\"Guin\u00e9e Diversit\u00e9\"},\"image\":{\"@id\":\"https:\/\/guineediversite.com\/#\/schema\/logo\/image\/\"},\"sameAs\":[\"https:\/\/www.facebook.com\/guineediversite\/\",\"https:\/\/x.com\/GuineeDiversite\",\"https:\/\/www.youtube.com\/channel\/UC8sUY16qelG5ge6_D5SB83g\"]},{\"@type\":\"Person\",\"@id\":\"https:\/\/guineediversite.com\/#\/schema\/person\/079ec347f72d2acde4b56a50a4fd46dc\",\"name\":\"Moussa Mo\u00efse K\u00e9ita\",\"image\":{\"@type\":\"ImageObject\",\"inLanguage\":\"fr-FR\",\"@id\":\"https:\/\/guineediversite.com\/#\/schema\/person\/image\/\",\"url\":\"https:\/\/secure.gravatar.com\/avatar\/edf1ea2cc01841e6c0b49384bcb1385b?s=96&d=mm&r=g\",\"contentUrl\":\"https:\/\/secure.gravatar.com\/avatar\/edf1ea2cc01841e6c0b49384bcb1385b?s=96&d=mm&r=g\",\"caption\":\"Moussa Mo\u00efse K\u00e9ita\"},\"url\":\"https:\/\/guineediversite.com\/index.php\/author\/moussa-moise\/\"}]}<\/script>\n<!-- \/ Yoast SEO plugin. -->","yoast_head_json":{"title":"Les d\u00e9put\u00e9s soutiennent le mouvement contre le loyer inabordable en Guin\u00e9e. | Guin\u00e9e Diversit\u00e9","robots":{"index":"index","follow":"follow","max-snippet":"max-snippet:-1","max-image-preview":"max-image-preview:large","max-video-preview":"max-video-preview:-1"},"canonical":"https:\/\/guineediversite.com\/index.php\/2018\/04\/06\/les-deputes-soutiennent-le-mouvement-contre-le-loyer-inabordable-en-guinee\/","og_locale":"fr_FR","og_type":"article","og_title":"Les d\u00e9put\u00e9s soutiennent le mouvement contre le loyer inabordable en Guin\u00e9e. | Guin\u00e9e Diversit\u00e9","og_description":"Ce jeudi 5 avril 2018 lors de l\u2019ouverture de la session des lois de l\u2019assembl\u00e9e nationale, l\u2019initiative citoyenne constitu\u00e9e de ONG de la soci\u00e9t\u00e9 civile guin\u00e9enne a investie la rentr\u00e9e de l\u2019h\u00e9micycle. L\u2019objectif \u00e9tait d\u2019interpeler les honorables d\u00e9put\u00e9s sur la n\u00e9cessit\u00e9 de lutter contre la chert\u00e9 du prix des loyers en r\u00e9publique de Guin\u00e9e. Avec [&hellip;]","og_url":"https:\/\/guineediversite.com\/index.php\/2018\/04\/06\/les-deputes-soutiennent-le-mouvement-contre-le-loyer-inabordable-en-guinee\/","og_site_name":"Guin\u00e9e Diversit\u00e9","article_publisher":"https:\/\/www.facebook.com\/guineediversite\/","article_published_time":"2018-04-06T08:43:33+00:00","og_image":[{"width":7680,"height":4320,"url":"https:\/\/guineediversite.com\/wp-content\/uploads\/2018\/04\/30124501_2012172462377862_964722956888440832_n.jpg","type":"image\/jpeg"}],"author":"Moussa Mo\u00efse K\u00e9ita","twitter_card":"summary_large_image","twitter_creator":"@GuineeDiversite","twitter_site":"@GuineeDiversite","twitter_misc":{"\u00c9crit par":"Moussa Mo\u00efse K\u00e9ita","Dur\u00e9e de lecture estim\u00e9e":"2 minutes"},"schema":{"@context":"https:\/\/schema.org","@graph":[{"@type":"Article","@id":"https:\/\/guineediversite.com\/index.php\/2018\/04\/06\/les-deputes-soutiennent-le-mouvement-contre-le-loyer-inabordable-en-guinee\/#article","isPartOf":{"@id":"https:\/\/guineediversite.com\/index.php\/2018\/04\/06\/les-deputes-soutiennent-le-mouvement-contre-le-loyer-inabordable-en-guinee\/"},"author":{"name":"Moussa Mo\u00efse K\u00e9ita","@id":"https:\/\/guineediversite.com\/#\/schema\/person\/079ec347f72d2acde4b56a50a4fd46dc"},"headline":"Les d\u00e9put\u00e9s soutiennent le mouvement contre le loyer inabordable en Guin\u00e9e.","datePublished":"2018-04-06T08:43:33+00:00","dateModified":"2018-04-06T08:43:33+00:00","mainEntityOfPage":{"@id":"https:\/\/guineediversite.com\/index.php\/2018\/04\/06\/les-deputes-soutiennent-le-mouvement-contre-le-loyer-inabordable-en-guinee\/"},"wordCount":495,"publisher":{"@id":"https:\/\/guineediversite.com\/#organization"},"image":{"@id":"https:\/\/guineediversite.com\/index.php\/2018\/04\/06\/les-deputes-soutiennent-le-mouvement-contre-le-loyer-inabordable-en-guinee\/#primaryimage"},"thumbnailUrl":"https:\/\/guineediversite.com\/wp-content\/uploads\/2018\/04\/30124501_2012172462377862_964722956888440832_n.jpg","articleSection":["Politique"],"inLanguage":"fr-FR"},{"@type":"WebPage","@id":"https:\/\/guineediversite.com\/index.php\/2018\/04\/06\/les-deputes-soutiennent-le-mouvement-contre-le-loyer-inabordable-en-guinee\/","url":"https:\/\/guineediversite.com\/index.php\/2018\/04\/06\/les-deputes-soutiennent-le-mouvement-contre-le-loyer-inabordable-en-guinee\/","name":"Les d\u00e9put\u00e9s soutiennent le mouvement contre le loyer inabordable en Guin\u00e9e. | Guin\u00e9e Diversit\u00e9","isPartOf":{"@id":"https:\/\/guineediversite.com\/#website"},"primaryImageOfPage":{"@id":"https:\/\/guineediversite.com\/index.php\/2018\/04\/06\/les-deputes-soutiennent-le-mouvement-contre-le-loyer-inabordable-en-guinee\/#primaryimage"},"image":{"@id":"https:\/\/guineediversite.com\/index.php\/2018\/04\/06\/les-deputes-soutiennent-le-mouvement-contre-le-loyer-inabordable-en-guinee\/#primaryimage"},"thumbnailUrl":"https:\/\/guineediversite.com\/wp-content\/uploads\/2018\/04\/30124501_2012172462377862_964722956888440832_n.jpg","datePublished":"2018-04-06T08:43:33+00:00","dateModified":"2018-04-06T08:43:33+00:00","breadcrumb":{"@id":"https:\/\/guineediversite.com\/index.php\/2018\/04\/06\/les-deputes-soutiennent-le-mouvement-contre-le-loyer-inabordable-en-guinee\/#breadcrumb"},"inLanguage":"fr-FR","potentialAction":[{"@type":"ReadAction","target":["https:\/\/guineediversite.com\/index.php\/2018\/04\/06\/les-deputes-soutiennent-le-mouvement-contre-le-loyer-inabordable-en-guinee\/"]}]},{"@type":"ImageObject","inLanguage":"fr-FR","@id":"https:\/\/guineediversite.com\/index.php\/2018\/04\/06\/les-deputes-soutiennent-le-mouvement-contre-le-loyer-inabordable-en-guinee\/#primaryimage","url":"https:\/\/guineediversite.com\/wp-content\/uploads\/2018\/04\/30124501_2012172462377862_964722956888440832_n.jpg","contentUrl":"https:\/\/guineediversite.com\/wp-content\/uploads\/2018\/04\/30124501_2012172462377862_964722956888440832_n.jpg","width":"7680","height":"4320"},{"@type":"BreadcrumbList","@id":"https:\/\/guineediversite.com\/index.php\/2018\/04\/06\/les-deputes-soutiennent-le-mouvement-contre-le-loyer-inabordable-en-guinee\/#breadcrumb","itemListElement":[{"@type":"ListItem","position":1,"name":"Accueil","item":"https:\/\/guineediversite.com\/"},{"@type":"ListItem","position":2,"name":"Les d\u00e9put\u00e9s soutiennent le mouvement contre le loyer inabordable en Guin\u00e9e."}]},{"@type":"WebSite","@id":"https:\/\/guineediversite.com\/#website","url":"https:\/\/guineediversite.com\/","name":"Guin\u00e9e Diversit\u00e9","description":"L&#039;Info dans toute sa diversit\u00e9","publisher":{"@id":"https:\/\/guineediversite.com\/#organization"},"potentialAction":[{"@type":"SearchAction","target":{"@type":"EntryPoint","urlTemplate":"https:\/\/guineediversite.com\/?s={search_term_string}"},"query-input":{"@type":"PropertyValueSpecification","valueRequired":true,"valueName":"search_term_string"}}],"inLanguage":"fr-FR"},{"@type":"Organization","@id":"https:\/\/guineediversite.com\/#organization","name":"Guin\u00e9e Diversit\u00e9","url":"https:\/\/guineediversite.com\/","logo":{"@type":"ImageObject","inLanguage":"fr-FR","@id":"https:\/\/guineediversite.com\/#\/schema\/logo\/image\/","url":"https:\/\/guineediversite.com\/wp-content\/uploads\/2017\/04\/cropped-1jojlxEOMkX9Wyqfhe43D6kjPOGqBBKmx3EwWJqZ0cMrFF54yM49.png","contentUrl":"https:\/\/guineediversite.com\/wp-content\/uploads\/2017\/04\/cropped-1jojlxEOMkX9Wyqfhe43D6kjPOGqBBKmx3EwWJqZ0cMrFF54yM49.png","width":186,"height":112,"caption":"Guin\u00e9e Diversit\u00e9"},"image":{"@id":"https:\/\/guineediversite.com\/#\/schema\/logo\/image\/"},"sameAs":["https:\/\/www.facebook.com\/guineediversite\/","https:\/\/x.com\/GuineeDiversite","https:\/\/www.youtube.com\/channel\/UC8sUY16qelG5ge6_D5SB83g"]},{"@type":"Person","@id":"https:\/\/guineediversite.com\/#\/schema\/person\/079ec347f72d2acde4b56a50a4fd46dc","name":"Moussa Mo\u00efse K\u00e9ita","image":{"@type":"ImageObject","inLanguage":"fr-FR","@id":"https:\/\/guineediversite.com\/#\/schema\/person\/image\/","url":"https:\/\/secure.gravatar.com\/avatar\/edf1ea2cc01841e6c0b49384bcb1385b?s=96&d=mm&r=g","contentUrl":"https:\/\/secure.gravatar.com\/avatar\/edf1ea2cc01841e6c0b49384bcb1385b?s=96&d=mm&r=g","caption":"Moussa Mo\u00efse K\u00e9ita"},"url":"https:\/\/guineediversite.com\/index.php\/author\/moussa-moise\/"}]}},"_links":{"self":[{"href":"https:\/\/guineediversite.com\/index.php\/wp-json\/wp\/v2\/posts\/24785"}],"collection":[{"href":"https:\/\/guineediversite.com\/index.php\/wp-json\/wp\/v2\/posts"}],"about":[{"href":"https:\/\/guineediversite.com\/index.php\/wp-json\/wp\/v2\/types\/post"}],"author":[{"embeddable":true,"href":"https:\/\/guineediversite.com\/index.php\/wp-json\/wp\/v2\/users\/16"}],"replies":[{"embeddable":true,"href":"https:\/\/guineediversite.com\/index.php\/wp-json\/wp\/v2\/comments?post=24785"}],"version-history":[{"count":0,"href":"https:\/\/guineediversite.com\/index.php\/wp-json\/wp\/v2\/posts\/24785\/revisions"}],"wp:featuredmedia":[{"embeddable":true,"href":"https:\/\/guineediversite.com\/index.php\/wp-json\/wp\/v2\/media\/24786"}],"wp:attachment":[{"href":"https:\/\/guineediversite.com\/index.php\/wp-json\/wp\/v2\/media?parent=24785"}],"wp:term":[{"taxonomy":"category","embeddable":true,"href":"https:\/\/guineediversite.com\/index.php\/wp-json\/wp\/v2\/categories?post=24785"},{"taxonomy":"post_tag","embeddable":true,"href":"https:\/\/guineediversite.com\/index.php\/wp-json\/wp\/v2\/tags?post=24785"}],"curies":[{"name":"wp","href":"https:\/\/api.w.org\/{rel}","templated":true}]}}