{"id":24779,"date":"2018-04-05T15:15:40","date_gmt":"2018-04-05T13:15:40","guid":{"rendered":"https:\/\/guineediversite.com\/?p=24779"},"modified":"2018-04-06T00:35:33","modified_gmt":"2018-04-05T22:35:33","slug":"la-guinee-celebre-la-journee-de-langola-a-travers-le-commissariat-general-de-conakry-capitale-mondiale-du-livre","status":"publish","type":"post","link":"https:\/\/guineediversite.com\/index.php\/2018\/04\/05\/la-guinee-celebre-la-journee-de-langola-a-travers-le-commissariat-general-de-conakry-capitale-mondiale-du-livre\/","title":{"rendered":"La Guin\u00e9e c\u00e9l\u00e8bre la journ\u00e9e de l\u2019Angola \u00e0 travers le Commissariat G\u00e9n\u00e9ral de Conakry Capitale Mondiale du Livre"},"content":{"rendered":"<p>Dans le cadre du renforcement de la coop\u00e9ration litt\u00e9raire et culturelle entre Luanda-Conakry, le Ministre de la Culture, des Sports et du Patrimoine Historique a pris part ce jour \u00e0 la c\u00e9l\u00e9bration de la journ\u00e9e de l\u2019Angola. Cette journ\u00e9e de c\u00e9l\u00e9bration a connu la pr\u00e9sence d\u2019une forte d\u00e9l\u00e9gation en provenance de l\u2019Angola compos\u00e9e des hommes de lettre, de culture mais aussi la pr\u00e9sence de certains ambassadeurs accr\u00e9dit\u00e9s en Guin\u00e9e.<br \/>\nApres une pr\u00e9sentation sommaire de la litt\u00e9rature angolaise dans sa g\u00e9n\u00e9ralit\u00e9, une \u00e9quipe mixe compos\u00e9e de jeunes italiens et guin\u00e9ens a pr\u00e9sent\u00e9 au public une sc\u00e8ne de th\u00e9\u00e2tre dans laquelle Italien et Guin\u00e9en disent non au racisme et oui \u00e0 la fraternit\u00e9 entre les deux peuples. Au-del\u00e0 de faire la promotion du livre en Guin\u00e9e, l\u2019\u00e9v\u00e8nement Conakry Capitale Mondiale du Livre se veut \u00eatre un facteur de rapprochement des peuples. C\u2019est pourquoi en organisant cette journ\u00e9e\u00a0 d\u00e9di\u00e9e \u00e0 la litt\u00e9rature angolaise, la Guin\u00e9e \u00e0 travers le Commissariat G\u00e9n\u00e9ral de Conakry Capitale Mondiale du Livre compte gagner le pari du brassage culturel pour le bonheur des deux peuples li\u00e9s par l\u2019histoire.<br \/>\nLe gouvernement Angolais est r\u00e9solu \u00e0 faire la promotion de la litt\u00e9rature angolaise qui est all\u00e9e au-del\u00e0 de leurs imaginations. L\u2019Angola entend communiquer sur l\u2019humanit\u00e9 et sur la participation des peuples africains dans la lutte de lib\u00e9ration du peuple angolais.<br \/>\nPr\u00e9sent \u00e0 cette journ\u00e9e d\u00e9di\u00e9e \u00e0 l\u2019Angola en Guin\u00e9e, le ministre de la Culture, des Sports et du Patrimoine Historique s\u2019est r\u00e9joui de l\u2019organisation de cette rencontre qui permet aux citoyens de faire la d\u00e9couverte de la litt\u00e9rature angolais. Selon Sanoussi Bantama Sow, la Guin\u00e9e a jou\u00e9 un r\u00f4le tr\u00e8s important au c\u00f4t\u00e9 de l&rsquo;Angola et l\u2019organisation de ces journ\u00e9es va donner une position strat\u00e9gique au pays qui compte devenir la capitale africaine du livre. Pour le ministre de la Culture, des Sports et du Patrimoine Historique, la mat\u00e9rialisation de cette volont\u00e9 de faire de la Guin\u00e9e le carrefour du livre sur le continent demande l\u2019implication des \u00e9crivains.<br \/>\nLa Cellule de Communication du Gouvernement<\/p>\n","protected":false},"excerpt":{"rendered":"<p>Dans le cadre du renforcement de la coop\u00e9ration litt\u00e9raire et culturelle entre Luanda-Conakry, le Ministre de la Culture, des Sports et du Patrimoine Historique a pris part ce jour \u00e0 la c\u00e9l\u00e9bration de la journ\u00e9e de l\u2019Angola. Cette journ\u00e9e de c\u00e9l\u00e9bration a connu la pr\u00e9sence d\u2019une forte d\u00e9l\u00e9gation en provenance de l\u2019Angola compos\u00e9e des hommes [&hellip;]<\/p>\n","protected":false},"author":7,"featured_media":24780,"comment_status":"closed","ping_status":"closed","sticky":false,"template":"","format":"standard","meta":{"_exactmetrics_skip_tracking":false,"_exactmetrics_sitenote_active":false,"_exactmetrics_sitenote_note":"","_exactmetrics_sitenote_category":0,"tdm_status":"","tdm_grid_status":"","footnotes":""},"categories":[24],"tags":[],"class_list":{"0":"post-24779","1":"post","2":"type-post","3":"status-publish","4":"format-standard","5":"has-post-thumbnail","7":"category-art-et-culture"},"yoast_head":"<!-- This site is optimized with the Yoast SEO plugin v24.2 - https:\/\/yoast.com\/wordpress\/plugins\/seo\/ -->\n<title>La Guin\u00e9e c\u00e9l\u00e8bre la journ\u00e9e de l\u2019Angola \u00e0 travers le Commissariat G\u00e9n\u00e9ral de Conakry Capitale Mondiale du Livre | Guin\u00e9e Diversit\u00e9<\/title>\n<meta name=\"robots\" content=\"index, follow, max-snippet:-1, max-image-preview:large, max-video-preview:-1\" \/>\n<link rel=\"canonical\" href=\"https:\/\/guineediversite.com\/index.php\/2018\/04\/05\/la-guinee-celebre-la-journee-de-langola-a-travers-le-commissariat-general-de-conakry-capitale-mondiale-du-livre\/\" \/>\n<meta property=\"og:locale\" content=\"fr_FR\" \/>\n<meta property=\"og:type\" content=\"article\" \/>\n<meta property=\"og:title\" content=\"La Guin\u00e9e c\u00e9l\u00e8bre la journ\u00e9e de l\u2019Angola \u00e0 travers le Commissariat G\u00e9n\u00e9ral de Conakry Capitale Mondiale du Livre | Guin\u00e9e Diversit\u00e9\" \/>\n<meta property=\"og:description\" content=\"Dans le cadre du renforcement de la coop\u00e9ration litt\u00e9raire et culturelle entre Luanda-Conakry, le Ministre de la Culture, des Sports et du Patrimoine Historique a pris part ce jour \u00e0 la c\u00e9l\u00e9bration de la journ\u00e9e de l\u2019Angola. Cette journ\u00e9e de c\u00e9l\u00e9bration a connu la pr\u00e9sence d\u2019une forte d\u00e9l\u00e9gation en provenance de l\u2019Angola compos\u00e9e des hommes [&hellip;]\" \/>\n<meta property=\"og:url\" content=\"https:\/\/guineediversite.com\/index.php\/2018\/04\/05\/la-guinee-celebre-la-journee-de-langola-a-travers-le-commissariat-general-de-conakry-capitale-mondiale-du-livre\/\" \/>\n<meta property=\"og:site_name\" content=\"Guin\u00e9e Diversit\u00e9\" \/>\n<meta property=\"article:publisher\" content=\"https:\/\/www.facebook.com\/guineediversite\/\" \/>\n<meta property=\"article:published_time\" content=\"2018-04-05T13:15:40+00:00\" \/>\n<meta property=\"article:modified_time\" content=\"2018-04-05T22:35:33+00:00\" \/>\n<meta property=\"og:image\" content=\"https:\/\/guineediversite.com\/wp-content\/uploads\/2018\/04\/journe\u0301e-de-langola-2018-1.jpg\" \/>\n\t<meta property=\"og:image:width\" content=\"1000\" \/>\n\t<meta property=\"og:image:height\" content=\"667\" \/>\n\t<meta property=\"og:image:type\" content=\"image\/jpeg\" \/>\n<meta name=\"author\" content=\"Bilguissa Diallo\" \/>\n<meta name=\"twitter:card\" content=\"summary_large_image\" \/>\n<meta name=\"twitter:creator\" content=\"@GuineeDiversite\" \/>\n<meta name=\"twitter:site\" content=\"@GuineeDiversite\" \/>\n<meta name=\"twitter:label1\" content=\"\u00c9crit par\" \/>\n\t<meta name=\"twitter:data1\" content=\"Bilguissa Diallo\" \/>\n\t<meta name=\"twitter:label2\" content=\"Dur\u00e9e de lecture estim\u00e9e\" \/>\n\t<meta name=\"twitter:data2\" content=\"2 minutes\" \/>\n<script type=\"application\/ld+json\" class=\"yoast-schema-graph\">{\"@context\":\"https:\/\/schema.org\",\"@graph\":[{\"@type\":\"Article\",\"@id\":\"https:\/\/guineediversite.com\/index.php\/2018\/04\/05\/la-guinee-celebre-la-journee-de-langola-a-travers-le-commissariat-general-de-conakry-capitale-mondiale-du-livre\/#article\",\"isPartOf\":{\"@id\":\"https:\/\/guineediversite.com\/index.php\/2018\/04\/05\/la-guinee-celebre-la-journee-de-langola-a-travers-le-commissariat-general-de-conakry-capitale-mondiale-du-livre\/\"},\"author\":{\"name\":\"Bilguissa Diallo\",\"@id\":\"https:\/\/guineediversite.com\/#\/schema\/person\/0e0e3e424768a50d025ac2218ccca73f\"},\"headline\":\"La Guin\u00e9e c\u00e9l\u00e8bre la journ\u00e9e de l\u2019Angola \u00e0 travers le Commissariat G\u00e9n\u00e9ral de Conakry Capitale Mondiale du Livre\",\"datePublished\":\"2018-04-05T13:15:40+00:00\",\"dateModified\":\"2018-04-05T22:35:33+00:00\",\"mainEntityOfPage\":{\"@id\":\"https:\/\/guineediversite.com\/index.php\/2018\/04\/05\/la-guinee-celebre-la-journee-de-langola-a-travers-le-commissariat-general-de-conakry-capitale-mondiale-du-livre\/\"},\"wordCount\":420,\"publisher\":{\"@id\":\"https:\/\/guineediversite.com\/#organization\"},\"image\":{\"@id\":\"https:\/\/guineediversite.com\/index.php\/2018\/04\/05\/la-guinee-celebre-la-journee-de-langola-a-travers-le-commissariat-general-de-conakry-capitale-mondiale-du-livre\/#primaryimage\"},\"thumbnailUrl\":\"https:\/\/guineediversite.com\/wp-content\/uploads\/2018\/04\/journe\u0301e-de-langola-2018-1.jpg\",\"articleSection\":[\"Culture\"],\"inLanguage\":\"fr-FR\"},{\"@type\":\"WebPage\",\"@id\":\"https:\/\/guineediversite.com\/index.php\/2018\/04\/05\/la-guinee-celebre-la-journee-de-langola-a-travers-le-commissariat-general-de-conakry-capitale-mondiale-du-livre\/\",\"url\":\"https:\/\/guineediversite.com\/index.php\/2018\/04\/05\/la-guinee-celebre-la-journee-de-langola-a-travers-le-commissariat-general-de-conakry-capitale-mondiale-du-livre\/\",\"name\":\"La Guin\u00e9e c\u00e9l\u00e8bre la journ\u00e9e de l\u2019Angola \u00e0 travers le Commissariat G\u00e9n\u00e9ral de Conakry Capitale Mondiale du Livre | Guin\u00e9e Diversit\u00e9\",\"isPartOf\":{\"@id\":\"https:\/\/guineediversite.com\/#website\"},\"primaryImageOfPage\":{\"@id\":\"https:\/\/guineediversite.com\/index.php\/2018\/04\/05\/la-guinee-celebre-la-journee-de-langola-a-travers-le-commissariat-general-de-conakry-capitale-mondiale-du-livre\/#primaryimage\"},\"image\":{\"@id\":\"https:\/\/guineediversite.com\/index.php\/2018\/04\/05\/la-guinee-celebre-la-journee-de-langola-a-travers-le-commissariat-general-de-conakry-capitale-mondiale-du-livre\/#primaryimage\"},\"thumbnailUrl\":\"https:\/\/guineediversite.com\/wp-content\/uploads\/2018\/04\/journe\u0301e-de-langola-2018-1.jpg\",\"datePublished\":\"2018-04-05T13:15:40+00:00\",\"dateModified\":\"2018-04-05T22:35:33+00:00\",\"breadcrumb\":{\"@id\":\"https:\/\/guineediversite.com\/index.php\/2018\/04\/05\/la-guinee-celebre-la-journee-de-langola-a-travers-le-commissariat-general-de-conakry-capitale-mondiale-du-livre\/#breadcrumb\"},\"inLanguage\":\"fr-FR\",\"potentialAction\":[{\"@type\":\"ReadAction\",\"target\":[\"https:\/\/guineediversite.com\/index.php\/2018\/04\/05\/la-guinee-celebre-la-journee-de-langola-a-travers-le-commissariat-general-de-conakry-capitale-mondiale-du-livre\/\"]}]},{\"@type\":\"ImageObject\",\"inLanguage\":\"fr-FR\",\"@id\":\"https:\/\/guineediversite.com\/index.php\/2018\/04\/05\/la-guinee-celebre-la-journee-de-langola-a-travers-le-commissariat-general-de-conakry-capitale-mondiale-du-livre\/#primaryimage\",\"url\":\"https:\/\/guineediversite.com\/wp-content\/uploads\/2018\/04\/journe\u0301e-de-langola-2018-1.jpg\",\"contentUrl\":\"https:\/\/guineediversite.com\/wp-content\/uploads\/2018\/04\/journe\u0301e-de-langola-2018-1.jpg\",\"width\":\"1000\",\"height\":\"667\"},{\"@type\":\"BreadcrumbList\",\"@id\":\"https:\/\/guineediversite.com\/index.php\/2018\/04\/05\/la-guinee-celebre-la-journee-de-langola-a-travers-le-commissariat-general-de-conakry-capitale-mondiale-du-livre\/#breadcrumb\",\"itemListElement\":[{\"@type\":\"ListItem\",\"position\":1,\"name\":\"Accueil\",\"item\":\"https:\/\/guineediversite.com\/\"},{\"@type\":\"ListItem\",\"position\":2,\"name\":\"La Guin\u00e9e c\u00e9l\u00e8bre la journ\u00e9e de l\u2019Angola \u00e0 travers le Commissariat G\u00e9n\u00e9ral de Conakry Capitale Mondiale du Livre\"}]},{\"@type\":\"WebSite\",\"@id\":\"https:\/\/guineediversite.com\/#website\",\"url\":\"https:\/\/guineediversite.com\/\",\"name\":\"Guin\u00e9e Diversit\u00e9\",\"description\":\"L&#039;Info dans toute sa diversit\u00e9\",\"publisher\":{\"@id\":\"https:\/\/guineediversite.com\/#organization\"},\"potentialAction\":[{\"@type\":\"SearchAction\",\"target\":{\"@type\":\"EntryPoint\",\"urlTemplate\":\"https:\/\/guineediversite.com\/?s={search_term_string}\"},\"query-input\":{\"@type\":\"PropertyValueSpecification\",\"valueRequired\":true,\"valueName\":\"search_term_string\"}}],\"inLanguage\":\"fr-FR\"},{\"@type\":\"Organization\",\"@id\":\"https:\/\/guineediversite.com\/#organization\",\"name\":\"Guin\u00e9e Diversit\u00e9\",\"url\":\"https:\/\/guineediversite.com\/\",\"logo\":{\"@type\":\"ImageObject\",\"inLanguage\":\"fr-FR\",\"@id\":\"https:\/\/guineediversite.com\/#\/schema\/logo\/image\/\",\"url\":\"https:\/\/guineediversite.com\/wp-content\/uploads\/2017\/04\/cropped-1jojlxEOMkX9Wyqfhe43D6kjPOGqBBKmx3EwWJqZ0cMrFF54yM49.png\",\"contentUrl\":\"https:\/\/guineediversite.com\/wp-content\/uploads\/2017\/04\/cropped-1jojlxEOMkX9Wyqfhe43D6kjPOGqBBKmx3EwWJqZ0cMrFF54yM49.png\",\"width\":186,\"height\":112,\"caption\":\"Guin\u00e9e Diversit\u00e9\"},\"image\":{\"@id\":\"https:\/\/guineediversite.com\/#\/schema\/logo\/image\/\"},\"sameAs\":[\"https:\/\/www.facebook.com\/guineediversite\/\",\"https:\/\/x.com\/GuineeDiversite\",\"https:\/\/www.youtube.com\/channel\/UC8sUY16qelG5ge6_D5SB83g\"]},{\"@type\":\"Person\",\"@id\":\"https:\/\/guineediversite.com\/#\/schema\/person\/0e0e3e424768a50d025ac2218ccca73f\",\"name\":\"Bilguissa Diallo\",\"image\":{\"@type\":\"ImageObject\",\"inLanguage\":\"fr-FR\",\"@id\":\"https:\/\/guineediversite.com\/#\/schema\/person\/image\/\",\"url\":\"https:\/\/secure.gravatar.com\/avatar\/49bbbd2420ee34d62b1b191791f4b5df?s=96&d=mm&r=g\",\"contentUrl\":\"https:\/\/secure.gravatar.com\/avatar\/49bbbd2420ee34d62b1b191791f4b5df?s=96&d=mm&r=g\",\"caption\":\"Bilguissa Diallo\"},\"url\":\"https:\/\/guineediversite.com\/index.php\/author\/bilguissa\/\"}]}<\/script>\n<!-- \/ Yoast SEO plugin. -->","yoast_head_json":{"title":"La Guin\u00e9e c\u00e9l\u00e8bre la journ\u00e9e de l\u2019Angola \u00e0 travers le Commissariat G\u00e9n\u00e9ral de Conakry Capitale Mondiale du Livre | Guin\u00e9e Diversit\u00e9","robots":{"index":"index","follow":"follow","max-snippet":"max-snippet:-1","max-image-preview":"max-image-preview:large","max-video-preview":"max-video-preview:-1"},"canonical":"https:\/\/guineediversite.com\/index.php\/2018\/04\/05\/la-guinee-celebre-la-journee-de-langola-a-travers-le-commissariat-general-de-conakry-capitale-mondiale-du-livre\/","og_locale":"fr_FR","og_type":"article","og_title":"La Guin\u00e9e c\u00e9l\u00e8bre la journ\u00e9e de l\u2019Angola \u00e0 travers le Commissariat G\u00e9n\u00e9ral de Conakry Capitale Mondiale du Livre | Guin\u00e9e Diversit\u00e9","og_description":"Dans le cadre du renforcement de la coop\u00e9ration litt\u00e9raire et culturelle entre Luanda-Conakry, le Ministre de la Culture, des Sports et du Patrimoine Historique a pris part ce jour \u00e0 la c\u00e9l\u00e9bration de la journ\u00e9e de l\u2019Angola. Cette journ\u00e9e de c\u00e9l\u00e9bration a connu la pr\u00e9sence d\u2019une forte d\u00e9l\u00e9gation en provenance de l\u2019Angola compos\u00e9e des hommes [&hellip;]","og_url":"https:\/\/guineediversite.com\/index.php\/2018\/04\/05\/la-guinee-celebre-la-journee-de-langola-a-travers-le-commissariat-general-de-conakry-capitale-mondiale-du-livre\/","og_site_name":"Guin\u00e9e Diversit\u00e9","article_publisher":"https:\/\/www.facebook.com\/guineediversite\/","article_published_time":"2018-04-05T13:15:40+00:00","article_modified_time":"2018-04-05T22:35:33+00:00","og_image":[{"width":1000,"height":667,"url":"https:\/\/guineediversite.com\/wp-content\/uploads\/2018\/04\/journe\u0301e-de-langola-2018-1.jpg","type":"image\/jpeg"}],"author":"Bilguissa Diallo","twitter_card":"summary_large_image","twitter_creator":"@GuineeDiversite","twitter_site":"@GuineeDiversite","twitter_misc":{"\u00c9crit par":"Bilguissa Diallo","Dur\u00e9e de lecture estim\u00e9e":"2 minutes"},"schema":{"@context":"https:\/\/schema.org","@graph":[{"@type":"Article","@id":"https:\/\/guineediversite.com\/index.php\/2018\/04\/05\/la-guinee-celebre-la-journee-de-langola-a-travers-le-commissariat-general-de-conakry-capitale-mondiale-du-livre\/#article","isPartOf":{"@id":"https:\/\/guineediversite.com\/index.php\/2018\/04\/05\/la-guinee-celebre-la-journee-de-langola-a-travers-le-commissariat-general-de-conakry-capitale-mondiale-du-livre\/"},"author":{"name":"Bilguissa Diallo","@id":"https:\/\/guineediversite.com\/#\/schema\/person\/0e0e3e424768a50d025ac2218ccca73f"},"headline":"La Guin\u00e9e c\u00e9l\u00e8bre la journ\u00e9e de l\u2019Angola \u00e0 travers le Commissariat G\u00e9n\u00e9ral de Conakry Capitale Mondiale du Livre","datePublished":"2018-04-05T13:15:40+00:00","dateModified":"2018-04-05T22:35:33+00:00","mainEntityOfPage":{"@id":"https:\/\/guineediversite.com\/index.php\/2018\/04\/05\/la-guinee-celebre-la-journee-de-langola-a-travers-le-commissariat-general-de-conakry-capitale-mondiale-du-livre\/"},"wordCount":420,"publisher":{"@id":"https:\/\/guineediversite.com\/#organization"},"image":{"@id":"https:\/\/guineediversite.com\/index.php\/2018\/04\/05\/la-guinee-celebre-la-journee-de-langola-a-travers-le-commissariat-general-de-conakry-capitale-mondiale-du-livre\/#primaryimage"},"thumbnailUrl":"https:\/\/guineediversite.com\/wp-content\/uploads\/2018\/04\/journe\u0301e-de-langola-2018-1.jpg","articleSection":["Culture"],"inLanguage":"fr-FR"},{"@type":"WebPage","@id":"https:\/\/guineediversite.com\/index.php\/2018\/04\/05\/la-guinee-celebre-la-journee-de-langola-a-travers-le-commissariat-general-de-conakry-capitale-mondiale-du-livre\/","url":"https:\/\/guineediversite.com\/index.php\/2018\/04\/05\/la-guinee-celebre-la-journee-de-langola-a-travers-le-commissariat-general-de-conakry-capitale-mondiale-du-livre\/","name":"La Guin\u00e9e c\u00e9l\u00e8bre la journ\u00e9e de l\u2019Angola \u00e0 travers le Commissariat G\u00e9n\u00e9ral de Conakry Capitale Mondiale du Livre | Guin\u00e9e Diversit\u00e9","isPartOf":{"@id":"https:\/\/guineediversite.com\/#website"},"primaryImageOfPage":{"@id":"https:\/\/guineediversite.com\/index.php\/2018\/04\/05\/la-guinee-celebre-la-journee-de-langola-a-travers-le-commissariat-general-de-conakry-capitale-mondiale-du-livre\/#primaryimage"},"image":{"@id":"https:\/\/guineediversite.com\/index.php\/2018\/04\/05\/la-guinee-celebre-la-journee-de-langola-a-travers-le-commissariat-general-de-conakry-capitale-mondiale-du-livre\/#primaryimage"},"thumbnailUrl":"https:\/\/guineediversite.com\/wp-content\/uploads\/2018\/04\/journe\u0301e-de-langola-2018-1.jpg","datePublished":"2018-04-05T13:15:40+00:00","dateModified":"2018-04-05T22:35:33+00:00","breadcrumb":{"@id":"https:\/\/guineediversite.com\/index.php\/2018\/04\/05\/la-guinee-celebre-la-journee-de-langola-a-travers-le-commissariat-general-de-conakry-capitale-mondiale-du-livre\/#breadcrumb"},"inLanguage":"fr-FR","potentialAction":[{"@type":"ReadAction","target":["https:\/\/guineediversite.com\/index.php\/2018\/04\/05\/la-guinee-celebre-la-journee-de-langola-a-travers-le-commissariat-general-de-conakry-capitale-mondiale-du-livre\/"]}]},{"@type":"ImageObject","inLanguage":"fr-FR","@id":"https:\/\/guineediversite.com\/index.php\/2018\/04\/05\/la-guinee-celebre-la-journee-de-langola-a-travers-le-commissariat-general-de-conakry-capitale-mondiale-du-livre\/#primaryimage","url":"https:\/\/guineediversite.com\/wp-content\/uploads\/2018\/04\/journe\u0301e-de-langola-2018-1.jpg","contentUrl":"https:\/\/guineediversite.com\/wp-content\/uploads\/2018\/04\/journe\u0301e-de-langola-2018-1.jpg","width":"1000","height":"667"},{"@type":"BreadcrumbList","@id":"https:\/\/guineediversite.com\/index.php\/2018\/04\/05\/la-guinee-celebre-la-journee-de-langola-a-travers-le-commissariat-general-de-conakry-capitale-mondiale-du-livre\/#breadcrumb","itemListElement":[{"@type":"ListItem","position":1,"name":"Accueil","item":"https:\/\/guineediversite.com\/"},{"@type":"ListItem","position":2,"name":"La Guin\u00e9e c\u00e9l\u00e8bre la journ\u00e9e de l\u2019Angola \u00e0 travers le Commissariat G\u00e9n\u00e9ral de Conakry Capitale Mondiale du Livre"}]},{"@type":"WebSite","@id":"https:\/\/guineediversite.com\/#website","url":"https:\/\/guineediversite.com\/","name":"Guin\u00e9e Diversit\u00e9","description":"L&#039;Info dans toute sa diversit\u00e9","publisher":{"@id":"https:\/\/guineediversite.com\/#organization"},"potentialAction":[{"@type":"SearchAction","target":{"@type":"EntryPoint","urlTemplate":"https:\/\/guineediversite.com\/?s={search_term_string}"},"query-input":{"@type":"PropertyValueSpecification","valueRequired":true,"valueName":"search_term_string"}}],"inLanguage":"fr-FR"},{"@type":"Organization","@id":"https:\/\/guineediversite.com\/#organization","name":"Guin\u00e9e Diversit\u00e9","url":"https:\/\/guineediversite.com\/","logo":{"@type":"ImageObject","inLanguage":"fr-FR","@id":"https:\/\/guineediversite.com\/#\/schema\/logo\/image\/","url":"https:\/\/guineediversite.com\/wp-content\/uploads\/2017\/04\/cropped-1jojlxEOMkX9Wyqfhe43D6kjPOGqBBKmx3EwWJqZ0cMrFF54yM49.png","contentUrl":"https:\/\/guineediversite.com\/wp-content\/uploads\/2017\/04\/cropped-1jojlxEOMkX9Wyqfhe43D6kjPOGqBBKmx3EwWJqZ0cMrFF54yM49.png","width":186,"height":112,"caption":"Guin\u00e9e Diversit\u00e9"},"image":{"@id":"https:\/\/guineediversite.com\/#\/schema\/logo\/image\/"},"sameAs":["https:\/\/www.facebook.com\/guineediversite\/","https:\/\/x.com\/GuineeDiversite","https:\/\/www.youtube.com\/channel\/UC8sUY16qelG5ge6_D5SB83g"]},{"@type":"Person","@id":"https:\/\/guineediversite.com\/#\/schema\/person\/0e0e3e424768a50d025ac2218ccca73f","name":"Bilguissa Diallo","image":{"@type":"ImageObject","inLanguage":"fr-FR","@id":"https:\/\/guineediversite.com\/#\/schema\/person\/image\/","url":"https:\/\/secure.gravatar.com\/avatar\/49bbbd2420ee34d62b1b191791f4b5df?s=96&d=mm&r=g","contentUrl":"https:\/\/secure.gravatar.com\/avatar\/49bbbd2420ee34d62b1b191791f4b5df?s=96&d=mm&r=g","caption":"Bilguissa Diallo"},"url":"https:\/\/guineediversite.com\/index.php\/author\/bilguissa\/"}]}},"_links":{"self":[{"href":"https:\/\/guineediversite.com\/index.php\/wp-json\/wp\/v2\/posts\/24779"}],"collection":[{"href":"https:\/\/guineediversite.com\/index.php\/wp-json\/wp\/v2\/posts"}],"about":[{"href":"https:\/\/guineediversite.com\/index.php\/wp-json\/wp\/v2\/types\/post"}],"author":[{"embeddable":true,"href":"https:\/\/guineediversite.com\/index.php\/wp-json\/wp\/v2\/users\/7"}],"replies":[{"embeddable":true,"href":"https:\/\/guineediversite.com\/index.php\/wp-json\/wp\/v2\/comments?post=24779"}],"version-history":[{"count":0,"href":"https:\/\/guineediversite.com\/index.php\/wp-json\/wp\/v2\/posts\/24779\/revisions"}],"wp:featuredmedia":[{"embeddable":true,"href":"https:\/\/guineediversite.com\/index.php\/wp-json\/wp\/v2\/media\/24780"}],"wp:attachment":[{"href":"https:\/\/guineediversite.com\/index.php\/wp-json\/wp\/v2\/media?parent=24779"}],"wp:term":[{"taxonomy":"category","embeddable":true,"href":"https:\/\/guineediversite.com\/index.php\/wp-json\/wp\/v2\/categories?post=24779"},{"taxonomy":"post_tag","embeddable":true,"href":"https:\/\/guineediversite.com\/index.php\/wp-json\/wp\/v2\/tags?post=24779"}],"curies":[{"name":"wp","href":"https:\/\/api.w.org\/{rel}","templated":true}]}}