{"id":23679,"date":"2018-01-09T10:49:56","date_gmt":"2018-01-09T09:49:56","guid":{"rendered":"https:\/\/guineediversite.com\/?p=23679"},"modified":"2018-01-09T10:55:20","modified_gmt":"2018-01-09T09:55:20","slug":"bientot-fond-social-police-nationale","status":"publish","type":"post","link":"https:\/\/guineediversite.com\/index.php\/2018\/01\/09\/bientot-fond-social-police-nationale\/","title":{"rendered":"Bient\u00f4t un fond social pour la police nationale"},"content":{"rendered":"<p><strong><span id=\"p1\">C\u2019est Me Abdoul K<span id=\"16\">abele<\/span>\u00a0<span id=\"17\">Camara<\/span>\u00a0qui a fait l\u2019annonce de la cr\u00e9ation\u00a0<span id=\"18\">d\u2019n<\/span>\u00a0fond social pour la police nationale.<\/span><span id=\"p2\">\u00a0C\u2019\u00e9tait \u00e0 l&rsquo;occasion de la pr\u00e9sentation par les unit\u00e9s de la police et de la protection civile leurs v\u0153ux de nouvel an.<\/span><span id=\"p3\">\u00a0<\/span><\/strong><\/p>\n<p><span id=\"p4\">C&rsquo;est sans doute une bonne nouvelle pour la Police et les agents de la protection civile.<\/span><span id=\"p5\">\u00a0Le fond social, un organe qui n&rsquo;a jamais vu le jour en guin\u00e9e sera une des priorit\u00e9s en 2018 du d\u00e9partement de la s\u00e9curit\u00e9 et de la protection civile.<\/span><span id=\"p6\">\u00a0C&rsquo;est en tout cas ce qu&rsquo;a laiss\u00e9 entendre le patron de ce d\u00e9partement.<\/span><span id=\"p7\">\u00a0Pour lui, les agents des forces de maintien d&rsquo;ordre sont expos\u00e9s \u00e0 tous les risques et ils doivent b\u00e9n\u00e9ficier d&rsquo;une prise en charge.<\/span><span id=\"p30\">\u00a0\u00ab <em>Combien de policiers sont bless\u00e9s \u00e0 l&rsquo;occasion du maintenant d&rsquo;ordre, combien de policiers trouvent des d\u00e9sagr\u00e9ments dans l&rsquo;accomplissement de leur mission et comment faire face lorsqu&rsquo;un policier est bless\u00e9 ?<\/em><\/span><span id=\"p31\">\u00a0\u00bb S\u2019interroge le Ministre avant de regretter l\u2019absence de syst\u00e8me \u00ab<em> nous permettant de les \u00e9vacuer rapidement<\/em> \u00bb.<\/span><span id=\"p10\">\u00a0<\/span><\/p>\n<p><span id=\"p11\">Pour Me Abdoul\u00a0<span id=\"19\" class=\"s-rg-t\">Kabele<\/span>\u00a0<span id=\"20\" class=\"s-rg-t\">Camara<\/span>, ce fond sera mis en place pour palier \u00e0 tous ces probl\u00e8mes.<\/span><span id=\"p12\">\u00a0Il a pr\u00e9cis\u00e9 cependant que ce fond concerne tous les corps de la police et de la protection civile tout en les rassurant de la transparence dans la gestion de l&rsquo;organe.<\/span><span id=\"p13\">\u00a0\u00ab <em>Le fond\u00a0<span id=\"21\">social c<\/span>&lsquo;est votre protection, c&rsquo;est la vie de tous les policiers\u00a0<span id=\"22\">quelque<\/span>\u00a0soient leurs niveaux, du brigadier jusqu&rsquo;au contr\u00f4leur g\u00e9n\u00e9ral sans exception \u00bb<\/em> pr\u00e9cise\u00a0<span id=\"23\">t-il<\/span><\/span><\/p>\n<p><span id=\"p14\">Quant \u00e0 la gestion du fond, Me Abdoul\u00a0<span id=\"24\" class=\"s-rg-t\">Kabele<\/span>\u00a0<span id=\"25\" class=\"s-rg-t\">Camara<\/span>\u00a0a d\u00e9clar\u00e9 que les 5% qui\u00a0seront pr\u00e9lev\u00e9s\u00a0sur le salaire des policiers seront utilis\u00e9s dans la transparence et aux fins exclusifs du fond social.<\/span><span id=\"p15\">\u00a0<\/span><\/p>\n","protected":false},"excerpt":{"rendered":"<p>C\u2019est Me Abdoul Kabele\u00a0Camara\u00a0qui a fait l\u2019annonce de la cr\u00e9ation\u00a0d\u2019n\u00a0fond social pour la police nationale.\u00a0C\u2019\u00e9tait \u00e0 l&rsquo;occasion de la pr\u00e9sentation par les unit\u00e9s de la police et de la protection civile leurs v\u0153ux de nouvel an.\u00a0 C&rsquo;est sans doute une bonne nouvelle pour la Police et les agents de la protection civile.\u00a0Le fond social, un [&hellip;]<\/p>\n","protected":false},"author":20,"featured_media":23682,"comment_status":"closed","ping_status":"closed","sticky":false,"template":"","format":"standard","meta":{"_exactmetrics_skip_tracking":false,"_exactmetrics_sitenote_active":false,"_exactmetrics_sitenote_note":"","_exactmetrics_sitenote_category":0,"tdm_status":"","tdm_grid_status":"","footnotes":""},"categories":[14],"tags":[],"class_list":{"0":"post-23679","1":"post","2":"type-post","3":"status-publish","4":"format-standard","5":"has-post-thumbnail","7":"category-politique"},"yoast_head":"<!-- This site is optimized with the Yoast SEO plugin v24.2 - https:\/\/yoast.com\/wordpress\/plugins\/seo\/ -->\n<title>Bient\u00f4t un fond social pour la police nationale | Guin\u00e9e Diversit\u00e9<\/title>\n<meta name=\"robots\" content=\"index, follow, max-snippet:-1, max-image-preview:large, max-video-preview:-1\" \/>\n<link rel=\"canonical\" href=\"https:\/\/guineediversite.com\/index.php\/2018\/01\/09\/bientot-fond-social-police-nationale\/\" \/>\n<meta property=\"og:locale\" content=\"fr_FR\" \/>\n<meta property=\"og:type\" content=\"article\" \/>\n<meta property=\"og:title\" content=\"Bient\u00f4t un fond social pour la police nationale | Guin\u00e9e Diversit\u00e9\" \/>\n<meta property=\"og:description\" content=\"C\u2019est Me Abdoul Kabele\u00a0Camara\u00a0qui a fait l\u2019annonce de la cr\u00e9ation\u00a0d\u2019n\u00a0fond social pour la police nationale.\u00a0C\u2019\u00e9tait \u00e0 l&rsquo;occasion de la pr\u00e9sentation par les unit\u00e9s de la police et de la protection civile leurs v\u0153ux de nouvel an.\u00a0 C&rsquo;est sans doute une bonne nouvelle pour la Police et les agents de la protection civile.\u00a0Le fond social, un [&hellip;]\" \/>\n<meta property=\"og:url\" content=\"https:\/\/guineediversite.com\/index.php\/2018\/01\/09\/bientot-fond-social-police-nationale\/\" \/>\n<meta property=\"og:site_name\" content=\"Guin\u00e9e Diversit\u00e9\" \/>\n<meta property=\"article:publisher\" content=\"https:\/\/www.facebook.com\/guineediversite\/\" \/>\n<meta property=\"article:published_time\" content=\"2018-01-09T09:49:56+00:00\" \/>\n<meta property=\"article:modified_time\" content=\"2018-01-09T09:55:20+00:00\" \/>\n<meta property=\"og:image\" content=\"https:\/\/guineediversite.com\/wp-content\/uploads\/2018\/01\/IMG_20180105_101824.jpg\" \/>\n\t<meta property=\"og:image:width\" content=\"2560\" \/>\n\t<meta property=\"og:image:height\" content=\"1920\" \/>\n\t<meta property=\"og:image:type\" content=\"image\/jpeg\" \/>\n<meta name=\"author\" content=\"Mamadou Aliou Bangoura\" \/>\n<meta name=\"twitter:card\" content=\"summary_large_image\" \/>\n<meta name=\"twitter:creator\" content=\"@GuineeDiversite\" \/>\n<meta name=\"twitter:site\" content=\"@GuineeDiversite\" \/>\n<meta name=\"twitter:label1\" content=\"\u00c9crit par\" \/>\n\t<meta name=\"twitter:data1\" content=\"Mamadou Aliou Bangoura\" \/>\n\t<meta name=\"twitter:label2\" content=\"Dur\u00e9e de lecture estim\u00e9e\" \/>\n\t<meta name=\"twitter:data2\" content=\"2 minutes\" \/>\n<script type=\"application\/ld+json\" class=\"yoast-schema-graph\">{\"@context\":\"https:\/\/schema.org\",\"@graph\":[{\"@type\":\"Article\",\"@id\":\"https:\/\/guineediversite.com\/index.php\/2018\/01\/09\/bientot-fond-social-police-nationale\/#article\",\"isPartOf\":{\"@id\":\"https:\/\/guineediversite.com\/index.php\/2018\/01\/09\/bientot-fond-social-police-nationale\/\"},\"author\":{\"name\":\"Mamadou Aliou Bangoura\",\"@id\":\"https:\/\/guineediversite.com\/#\/schema\/person\/44977d8da0d7cda56c449f0952a6ccc2\"},\"headline\":\"Bient\u00f4t un fond social pour la police nationale\",\"datePublished\":\"2018-01-09T09:49:56+00:00\",\"dateModified\":\"2018-01-09T09:55:20+00:00\",\"mainEntityOfPage\":{\"@id\":\"https:\/\/guineediversite.com\/index.php\/2018\/01\/09\/bientot-fond-social-police-nationale\/\"},\"wordCount\":324,\"publisher\":{\"@id\":\"https:\/\/guineediversite.com\/#organization\"},\"image\":{\"@id\":\"https:\/\/guineediversite.com\/index.php\/2018\/01\/09\/bientot-fond-social-police-nationale\/#primaryimage\"},\"thumbnailUrl\":\"https:\/\/guineediversite.com\/wp-content\/uploads\/2018\/01\/IMG_20180105_101824.jpg\",\"articleSection\":[\"Politique\"],\"inLanguage\":\"fr-FR\"},{\"@type\":\"WebPage\",\"@id\":\"https:\/\/guineediversite.com\/index.php\/2018\/01\/09\/bientot-fond-social-police-nationale\/\",\"url\":\"https:\/\/guineediversite.com\/index.php\/2018\/01\/09\/bientot-fond-social-police-nationale\/\",\"name\":\"Bient\u00f4t un fond social pour la police nationale | Guin\u00e9e Diversit\u00e9\",\"isPartOf\":{\"@id\":\"https:\/\/guineediversite.com\/#website\"},\"primaryImageOfPage\":{\"@id\":\"https:\/\/guineediversite.com\/index.php\/2018\/01\/09\/bientot-fond-social-police-nationale\/#primaryimage\"},\"image\":{\"@id\":\"https:\/\/guineediversite.com\/index.php\/2018\/01\/09\/bientot-fond-social-police-nationale\/#primaryimage\"},\"thumbnailUrl\":\"https:\/\/guineediversite.com\/wp-content\/uploads\/2018\/01\/IMG_20180105_101824.jpg\",\"datePublished\":\"2018-01-09T09:49:56+00:00\",\"dateModified\":\"2018-01-09T09:55:20+00:00\",\"breadcrumb\":{\"@id\":\"https:\/\/guineediversite.com\/index.php\/2018\/01\/09\/bientot-fond-social-police-nationale\/#breadcrumb\"},\"inLanguage\":\"fr-FR\",\"potentialAction\":[{\"@type\":\"ReadAction\",\"target\":[\"https:\/\/guineediversite.com\/index.php\/2018\/01\/09\/bientot-fond-social-police-nationale\/\"]}]},{\"@type\":\"ImageObject\",\"inLanguage\":\"fr-FR\",\"@id\":\"https:\/\/guineediversite.com\/index.php\/2018\/01\/09\/bientot-fond-social-police-nationale\/#primaryimage\",\"url\":\"https:\/\/guineediversite.com\/wp-content\/uploads\/2018\/01\/IMG_20180105_101824.jpg\",\"contentUrl\":\"https:\/\/guineediversite.com\/wp-content\/uploads\/2018\/01\/IMG_20180105_101824.jpg\",\"width\":2560,\"height\":1920},{\"@type\":\"BreadcrumbList\",\"@id\":\"https:\/\/guineediversite.com\/index.php\/2018\/01\/09\/bientot-fond-social-police-nationale\/#breadcrumb\",\"itemListElement\":[{\"@type\":\"ListItem\",\"position\":1,\"name\":\"Accueil\",\"item\":\"https:\/\/guineediversite.com\/\"},{\"@type\":\"ListItem\",\"position\":2,\"name\":\"Bient\u00f4t un fond social pour la police nationale\"}]},{\"@type\":\"WebSite\",\"@id\":\"https:\/\/guineediversite.com\/#website\",\"url\":\"https:\/\/guineediversite.com\/\",\"name\":\"Guin\u00e9e Diversit\u00e9\",\"description\":\"L&#039;Info dans toute sa diversit\u00e9\",\"publisher\":{\"@id\":\"https:\/\/guineediversite.com\/#organization\"},\"potentialAction\":[{\"@type\":\"SearchAction\",\"target\":{\"@type\":\"EntryPoint\",\"urlTemplate\":\"https:\/\/guineediversite.com\/?s={search_term_string}\"},\"query-input\":{\"@type\":\"PropertyValueSpecification\",\"valueRequired\":true,\"valueName\":\"search_term_string\"}}],\"inLanguage\":\"fr-FR\"},{\"@type\":\"Organization\",\"@id\":\"https:\/\/guineediversite.com\/#organization\",\"name\":\"Guin\u00e9e Diversit\u00e9\",\"url\":\"https:\/\/guineediversite.com\/\",\"logo\":{\"@type\":\"ImageObject\",\"inLanguage\":\"fr-FR\",\"@id\":\"https:\/\/guineediversite.com\/#\/schema\/logo\/image\/\",\"url\":\"https:\/\/guineediversite.com\/wp-content\/uploads\/2017\/04\/cropped-1jojlxEOMkX9Wyqfhe43D6kjPOGqBBKmx3EwWJqZ0cMrFF54yM49.png\",\"contentUrl\":\"https:\/\/guineediversite.com\/wp-content\/uploads\/2017\/04\/cropped-1jojlxEOMkX9Wyqfhe43D6kjPOGqBBKmx3EwWJqZ0cMrFF54yM49.png\",\"width\":186,\"height\":112,\"caption\":\"Guin\u00e9e Diversit\u00e9\"},\"image\":{\"@id\":\"https:\/\/guineediversite.com\/#\/schema\/logo\/image\/\"},\"sameAs\":[\"https:\/\/www.facebook.com\/guineediversite\/\",\"https:\/\/x.com\/GuineeDiversite\",\"https:\/\/www.youtube.com\/channel\/UC8sUY16qelG5ge6_D5SB83g\"]},{\"@type\":\"Person\",\"@id\":\"https:\/\/guineediversite.com\/#\/schema\/person\/44977d8da0d7cda56c449f0952a6ccc2\",\"name\":\"Mamadou Aliou Bangoura\",\"image\":{\"@type\":\"ImageObject\",\"inLanguage\":\"fr-FR\",\"@id\":\"https:\/\/guineediversite.com\/#\/schema\/person\/image\/\",\"url\":\"https:\/\/secure.gravatar.com\/avatar\/f229587ae09344b9ff840bf6d59fe333?s=96&d=mm&r=g\",\"contentUrl\":\"https:\/\/secure.gravatar.com\/avatar\/f229587ae09344b9ff840bf6d59fe333?s=96&d=mm&r=g\",\"caption\":\"Mamadou Aliou Bangoura\"},\"url\":\"https:\/\/guineediversite.com\/index.php\/author\/mamadou-aliou\/\"}]}<\/script>\n<!-- \/ Yoast SEO plugin. -->","yoast_head_json":{"title":"Bient\u00f4t un fond social pour la police nationale | Guin\u00e9e Diversit\u00e9","robots":{"index":"index","follow":"follow","max-snippet":"max-snippet:-1","max-image-preview":"max-image-preview:large","max-video-preview":"max-video-preview:-1"},"canonical":"https:\/\/guineediversite.com\/index.php\/2018\/01\/09\/bientot-fond-social-police-nationale\/","og_locale":"fr_FR","og_type":"article","og_title":"Bient\u00f4t un fond social pour la police nationale | Guin\u00e9e Diversit\u00e9","og_description":"C\u2019est Me Abdoul Kabele\u00a0Camara\u00a0qui a fait l\u2019annonce de la cr\u00e9ation\u00a0d\u2019n\u00a0fond social pour la police nationale.\u00a0C\u2019\u00e9tait \u00e0 l&rsquo;occasion de la pr\u00e9sentation par les unit\u00e9s de la police et de la protection civile leurs v\u0153ux de nouvel an.\u00a0 C&rsquo;est sans doute une bonne nouvelle pour la Police et les agents de la protection civile.\u00a0Le fond social, un [&hellip;]","og_url":"https:\/\/guineediversite.com\/index.php\/2018\/01\/09\/bientot-fond-social-police-nationale\/","og_site_name":"Guin\u00e9e Diversit\u00e9","article_publisher":"https:\/\/www.facebook.com\/guineediversite\/","article_published_time":"2018-01-09T09:49:56+00:00","article_modified_time":"2018-01-09T09:55:20+00:00","og_image":[{"width":2560,"height":1920,"url":"https:\/\/guineediversite.com\/wp-content\/uploads\/2018\/01\/IMG_20180105_101824.jpg","type":"image\/jpeg"}],"author":"Mamadou Aliou Bangoura","twitter_card":"summary_large_image","twitter_creator":"@GuineeDiversite","twitter_site":"@GuineeDiversite","twitter_misc":{"\u00c9crit par":"Mamadou Aliou Bangoura","Dur\u00e9e de lecture estim\u00e9e":"2 minutes"},"schema":{"@context":"https:\/\/schema.org","@graph":[{"@type":"Article","@id":"https:\/\/guineediversite.com\/index.php\/2018\/01\/09\/bientot-fond-social-police-nationale\/#article","isPartOf":{"@id":"https:\/\/guineediversite.com\/index.php\/2018\/01\/09\/bientot-fond-social-police-nationale\/"},"author":{"name":"Mamadou Aliou Bangoura","@id":"https:\/\/guineediversite.com\/#\/schema\/person\/44977d8da0d7cda56c449f0952a6ccc2"},"headline":"Bient\u00f4t un fond social pour la police nationale","datePublished":"2018-01-09T09:49:56+00:00","dateModified":"2018-01-09T09:55:20+00:00","mainEntityOfPage":{"@id":"https:\/\/guineediversite.com\/index.php\/2018\/01\/09\/bientot-fond-social-police-nationale\/"},"wordCount":324,"publisher":{"@id":"https:\/\/guineediversite.com\/#organization"},"image":{"@id":"https:\/\/guineediversite.com\/index.php\/2018\/01\/09\/bientot-fond-social-police-nationale\/#primaryimage"},"thumbnailUrl":"https:\/\/guineediversite.com\/wp-content\/uploads\/2018\/01\/IMG_20180105_101824.jpg","articleSection":["Politique"],"inLanguage":"fr-FR"},{"@type":"WebPage","@id":"https:\/\/guineediversite.com\/index.php\/2018\/01\/09\/bientot-fond-social-police-nationale\/","url":"https:\/\/guineediversite.com\/index.php\/2018\/01\/09\/bientot-fond-social-police-nationale\/","name":"Bient\u00f4t un fond social pour la police nationale | Guin\u00e9e Diversit\u00e9","isPartOf":{"@id":"https:\/\/guineediversite.com\/#website"},"primaryImageOfPage":{"@id":"https:\/\/guineediversite.com\/index.php\/2018\/01\/09\/bientot-fond-social-police-nationale\/#primaryimage"},"image":{"@id":"https:\/\/guineediversite.com\/index.php\/2018\/01\/09\/bientot-fond-social-police-nationale\/#primaryimage"},"thumbnailUrl":"https:\/\/guineediversite.com\/wp-content\/uploads\/2018\/01\/IMG_20180105_101824.jpg","datePublished":"2018-01-09T09:49:56+00:00","dateModified":"2018-01-09T09:55:20+00:00","breadcrumb":{"@id":"https:\/\/guineediversite.com\/index.php\/2018\/01\/09\/bientot-fond-social-police-nationale\/#breadcrumb"},"inLanguage":"fr-FR","potentialAction":[{"@type":"ReadAction","target":["https:\/\/guineediversite.com\/index.php\/2018\/01\/09\/bientot-fond-social-police-nationale\/"]}]},{"@type":"ImageObject","inLanguage":"fr-FR","@id":"https:\/\/guineediversite.com\/index.php\/2018\/01\/09\/bientot-fond-social-police-nationale\/#primaryimage","url":"https:\/\/guineediversite.com\/wp-content\/uploads\/2018\/01\/IMG_20180105_101824.jpg","contentUrl":"https:\/\/guineediversite.com\/wp-content\/uploads\/2018\/01\/IMG_20180105_101824.jpg","width":2560,"height":1920},{"@type":"BreadcrumbList","@id":"https:\/\/guineediversite.com\/index.php\/2018\/01\/09\/bientot-fond-social-police-nationale\/#breadcrumb","itemListElement":[{"@type":"ListItem","position":1,"name":"Accueil","item":"https:\/\/guineediversite.com\/"},{"@type":"ListItem","position":2,"name":"Bient\u00f4t un fond social pour la police nationale"}]},{"@type":"WebSite","@id":"https:\/\/guineediversite.com\/#website","url":"https:\/\/guineediversite.com\/","name":"Guin\u00e9e Diversit\u00e9","description":"L&#039;Info dans toute sa diversit\u00e9","publisher":{"@id":"https:\/\/guineediversite.com\/#organization"},"potentialAction":[{"@type":"SearchAction","target":{"@type":"EntryPoint","urlTemplate":"https:\/\/guineediversite.com\/?s={search_term_string}"},"query-input":{"@type":"PropertyValueSpecification","valueRequired":true,"valueName":"search_term_string"}}],"inLanguage":"fr-FR"},{"@type":"Organization","@id":"https:\/\/guineediversite.com\/#organization","name":"Guin\u00e9e Diversit\u00e9","url":"https:\/\/guineediversite.com\/","logo":{"@type":"ImageObject","inLanguage":"fr-FR","@id":"https:\/\/guineediversite.com\/#\/schema\/logo\/image\/","url":"https:\/\/guineediversite.com\/wp-content\/uploads\/2017\/04\/cropped-1jojlxEOMkX9Wyqfhe43D6kjPOGqBBKmx3EwWJqZ0cMrFF54yM49.png","contentUrl":"https:\/\/guineediversite.com\/wp-content\/uploads\/2017\/04\/cropped-1jojlxEOMkX9Wyqfhe43D6kjPOGqBBKmx3EwWJqZ0cMrFF54yM49.png","width":186,"height":112,"caption":"Guin\u00e9e Diversit\u00e9"},"image":{"@id":"https:\/\/guineediversite.com\/#\/schema\/logo\/image\/"},"sameAs":["https:\/\/www.facebook.com\/guineediversite\/","https:\/\/x.com\/GuineeDiversite","https:\/\/www.youtube.com\/channel\/UC8sUY16qelG5ge6_D5SB83g"]},{"@type":"Person","@id":"https:\/\/guineediversite.com\/#\/schema\/person\/44977d8da0d7cda56c449f0952a6ccc2","name":"Mamadou Aliou Bangoura","image":{"@type":"ImageObject","inLanguage":"fr-FR","@id":"https:\/\/guineediversite.com\/#\/schema\/person\/image\/","url":"https:\/\/secure.gravatar.com\/avatar\/f229587ae09344b9ff840bf6d59fe333?s=96&d=mm&r=g","contentUrl":"https:\/\/secure.gravatar.com\/avatar\/f229587ae09344b9ff840bf6d59fe333?s=96&d=mm&r=g","caption":"Mamadou Aliou Bangoura"},"url":"https:\/\/guineediversite.com\/index.php\/author\/mamadou-aliou\/"}]}},"_links":{"self":[{"href":"https:\/\/guineediversite.com\/index.php\/wp-json\/wp\/v2\/posts\/23679"}],"collection":[{"href":"https:\/\/guineediversite.com\/index.php\/wp-json\/wp\/v2\/posts"}],"about":[{"href":"https:\/\/guineediversite.com\/index.php\/wp-json\/wp\/v2\/types\/post"}],"author":[{"embeddable":true,"href":"https:\/\/guineediversite.com\/index.php\/wp-json\/wp\/v2\/users\/20"}],"replies":[{"embeddable":true,"href":"https:\/\/guineediversite.com\/index.php\/wp-json\/wp\/v2\/comments?post=23679"}],"version-history":[{"count":0,"href":"https:\/\/guineediversite.com\/index.php\/wp-json\/wp\/v2\/posts\/23679\/revisions"}],"wp:featuredmedia":[{"embeddable":true,"href":"https:\/\/guineediversite.com\/index.php\/wp-json\/wp\/v2\/media\/23682"}],"wp:attachment":[{"href":"https:\/\/guineediversite.com\/index.php\/wp-json\/wp\/v2\/media?parent=23679"}],"wp:term":[{"taxonomy":"category","embeddable":true,"href":"https:\/\/guineediversite.com\/index.php\/wp-json\/wp\/v2\/categories?post=23679"},{"taxonomy":"post_tag","embeddable":true,"href":"https:\/\/guineediversite.com\/index.php\/wp-json\/wp\/v2\/tags?post=23679"}],"curies":[{"name":"wp","href":"https:\/\/api.w.org\/{rel}","templated":true}]}}