{"id":23675,"date":"2018-01-08T19:32:31","date_gmt":"2018-01-08T18:32:31","guid":{"rendered":"https:\/\/guineediversite.com\/?p=23675"},"modified":"2018-01-09T10:07:02","modified_gmt":"2018-01-09T09:07:02","slug":"23675","status":"publish","type":"post","link":"https:\/\/guineediversite.com\/index.php\/2018\/01\/08\/23675\/","title":{"rendered":"Conakry: Symposium pour Naby Laye Papa Camara"},"content":{"rendered":"<p><strong><span id=\"p2\">L&rsquo;ancien footballeur guin\u00e9en\u00a0<span id=\"29\" class=\"s-rg-t\">Naby<\/span>\u00a0Laye\u00a0<span id=\"30\" class=\"s-rg-t\">Camara<\/span>\u00a0connu sous le nom de Papa\u00a0<span id=\"31\" class=\"s-rg-t\">Camara<\/span>, a rejoint sa derni\u00e8re demeure dimanche 7 janvier 2018 au cimeti\u00e8re de Cameroun.<\/span><span id=\"p45\">\u00a0Un dernier hommage lui a \u00e9t\u00e9 rendu lors d\u2019un symposium.<\/span><\/strong><\/p>\n<p><span id=\"p4\">Apr\u00e8s la lev\u00e9e du corps \u00e0 la morgue de l&rsquo;h\u00f4pital Ignace\u00a0<span id=\"34\" class=\"s-bl-t\">Deen\u00a0<\/span>, la d\u00e9pouille a \u00e9t\u00e9 expos\u00e9e au Palais des sports du stade du 28 septembre en pr\u00e9sence du pr\u00e9sident Alpha Cond\u00e9.<\/span><span id=\"p5\">\u00a0Plusieurs personnalit\u00e9s pr\u00e9sentes sur les lieux ont fait des t\u00e9moignages.<\/span><span id=\"p6\">\u00a0Papa\u00a0<span id=\"36\" class=\"s-rg-t\">Camara<\/span>\u00a0a \u00e9t\u00e9 \u00e0 l&rsquo;origine du tripl\u00e9 de\u00a0<span id=\"37\" class=\"s-rg-t\">Hafia<\/span>\u00a077, t\u00e9moigne Moussa\u00a0<span id=\"38\" class=\"s-rg-t\">Suler<\/span>\u00a0Camara \u00ab <em>\u00e0 ce match, nous avons marqu\u00e9 trois\u00a0buts, mais\u00a0le but le plus\u00a0important, c&rsquo;\u00e9tait le troisi\u00e8me but et Dieu l&rsquo;avait donn\u00e9 \u00e0 Papa.<\/em><\/span><span id=\"p7\"><em>\u00a0C&rsquo;\u00e9tait l&rsquo;\u0153uvre de tout le\u00a0monde, mais\u00a0c&rsquo;est Papa qui a inscrit le but de la victoire \u00bb,<\/em> se souvient cet ancien co\u00e9quipier de Papa\u00a0<span id=\"42\" class=\"s-rg-t\">Camara<\/span>.<\/span><span id=\"p8\"><br \/>\n<\/span><br \/>\n<span id=\"p9\">Le grand du\u00a0<span id=\"43\" class=\"s-rg-t\">Hafia<\/span>\u00a077 est d\u00e9c\u00e9d\u00e9 au terme d&rsquo;une longue maladie comme d&rsquo;ailleurs plusieurs anciennes gloires du\u00a0<span id=\"44\" class=\"s-rg-t\">Hafia<\/span>\u00a077.<\/span><span id=\"p10\">\u00a0Une situation que d\u00e9plore\u00a0<span id=\"20\" class=\"s-rg-t\">Gaoussou<\/span>\u00a0<span id=\"21\" class=\"s-rg-t\">Diaby<\/span>\u00a0:<\/span><span id=\"p11\">\u00a0\u00ab <em>Papa\u00a0<span id=\"22\" class=\"s-rg-t\">Camara<\/span>\u00a0comme beaucoup d&rsquo;autres du\u00a0<span id=\"23\" class=\"s-rg-t\">Hafia<\/span>\u00a0ont eu des temps difficiles.<\/em><\/span><span id=\"p12\"><em>\u00a0Ils ont gal\u00e9r\u00e9 \u00e0 mourir sans b\u00e9n\u00e9ficier de soutien \u00bb<\/em> regrette cet ancien journaliste sportif.<\/span><span id=\"p13\"><br \/>\n<\/span><br \/>\n<span id=\"p14\"><span id=\"24\">Naby<\/span>\u00a0Laye Papa\u00a0Camara a\u00a0\u00e9galement eu droit \u00e0 tous les honneurs d\u00fb en son rang,\u00a0avant\u00a0de rejoindre sa derni\u00e8re demeure au cimeti\u00e8re de Cameroun.<\/span><\/p>\n","protected":false},"excerpt":{"rendered":"<p>L&rsquo;ancien footballeur guin\u00e9en\u00a0Naby\u00a0Laye\u00a0Camara\u00a0connu sous le nom de Papa\u00a0Camara, a rejoint sa derni\u00e8re demeure dimanche 7 janvier 2018 au cimeti\u00e8re de Cameroun.\u00a0Un dernier hommage lui a \u00e9t\u00e9 rendu lors d\u2019un symposium. Apr\u00e8s la lev\u00e9e du corps \u00e0 la morgue de l&rsquo;h\u00f4pital Ignace\u00a0Deen\u00a0, la d\u00e9pouille a \u00e9t\u00e9 expos\u00e9e au Palais des sports du stade du 28 septembre [&hellip;]<\/p>\n","protected":false},"author":20,"featured_media":23676,"comment_status":"closed","ping_status":"closed","sticky":false,"template":"","format":"standard","meta":{"_exactmetrics_skip_tracking":false,"_exactmetrics_sitenote_active":false,"_exactmetrics_sitenote_note":"","_exactmetrics_sitenote_category":0,"tdm_status":"","tdm_grid_status":"","footnotes":""},"categories":[18],"tags":[],"class_list":{"0":"post-23675","1":"post","2":"type-post","3":"status-publish","4":"format-standard","5":"has-post-thumbnail","7":"category-sport"},"yoast_head":"<!-- This site is optimized with the Yoast SEO plugin v24.2 - https:\/\/yoast.com\/wordpress\/plugins\/seo\/ -->\n<title>Conakry: Symposium pour Naby Laye Papa Camara | Guin\u00e9e Diversit\u00e9<\/title>\n<meta name=\"robots\" content=\"index, follow, max-snippet:-1, max-image-preview:large, max-video-preview:-1\" \/>\n<link rel=\"canonical\" href=\"https:\/\/guineediversite.com\/index.php\/2018\/01\/08\/23675\/\" \/>\n<meta property=\"og:locale\" content=\"fr_FR\" \/>\n<meta property=\"og:type\" content=\"article\" \/>\n<meta property=\"og:title\" content=\"Conakry: Symposium pour Naby Laye Papa Camara | Guin\u00e9e Diversit\u00e9\" \/>\n<meta property=\"og:description\" content=\"L&rsquo;ancien footballeur guin\u00e9en\u00a0Naby\u00a0Laye\u00a0Camara\u00a0connu sous le nom de Papa\u00a0Camara, a rejoint sa derni\u00e8re demeure dimanche 7 janvier 2018 au cimeti\u00e8re de Cameroun.\u00a0Un dernier hommage lui a \u00e9t\u00e9 rendu lors d\u2019un symposium. Apr\u00e8s la lev\u00e9e du corps \u00e0 la morgue de l&rsquo;h\u00f4pital Ignace\u00a0Deen\u00a0, la d\u00e9pouille a \u00e9t\u00e9 expos\u00e9e au Palais des sports du stade du 28 septembre [&hellip;]\" \/>\n<meta property=\"og:url\" content=\"https:\/\/guineediversite.com\/index.php\/2018\/01\/08\/23675\/\" \/>\n<meta property=\"og:site_name\" content=\"Guin\u00e9e Diversit\u00e9\" \/>\n<meta property=\"article:publisher\" content=\"https:\/\/www.facebook.com\/guineediversite\/\" \/>\n<meta property=\"article:published_time\" content=\"2018-01-08T18:32:31+00:00\" \/>\n<meta property=\"article:modified_time\" content=\"2018-01-09T09:07:02+00:00\" \/>\n<meta property=\"og:image\" content=\"https:\/\/guineediversite.com\/wp-content\/uploads\/2018\/01\/2662604717315575374843252488188403614322119790n.jpg\" \/>\n\t<meta property=\"og:image:width\" content=\"1098\" \/>\n\t<meta property=\"og:image:height\" content=\"1271\" \/>\n\t<meta property=\"og:image:type\" content=\"image\/jpeg\" \/>\n<meta name=\"author\" content=\"Mamadou Aliou Bangoura\" \/>\n<meta name=\"twitter:card\" content=\"summary_large_image\" \/>\n<meta name=\"twitter:creator\" content=\"@GuineeDiversite\" \/>\n<meta name=\"twitter:site\" content=\"@GuineeDiversite\" \/>\n<meta name=\"twitter:label1\" content=\"\u00c9crit par\" \/>\n\t<meta name=\"twitter:data1\" content=\"Mamadou Aliou Bangoura\" \/>\n\t<meta name=\"twitter:label2\" content=\"Dur\u00e9e de lecture estim\u00e9e\" \/>\n\t<meta name=\"twitter:data2\" content=\"1 minute\" \/>\n<script type=\"application\/ld+json\" class=\"yoast-schema-graph\">{\"@context\":\"https:\/\/schema.org\",\"@graph\":[{\"@type\":\"Article\",\"@id\":\"https:\/\/guineediversite.com\/index.php\/2018\/01\/08\/23675\/#article\",\"isPartOf\":{\"@id\":\"https:\/\/guineediversite.com\/index.php\/2018\/01\/08\/23675\/\"},\"author\":{\"name\":\"Mamadou Aliou Bangoura\",\"@id\":\"https:\/\/guineediversite.com\/#\/schema\/person\/44977d8da0d7cda56c449f0952a6ccc2\"},\"headline\":\"Conakry: Symposium pour Naby Laye Papa Camara\",\"datePublished\":\"2018-01-08T18:32:31+00:00\",\"dateModified\":\"2018-01-09T09:07:02+00:00\",\"mainEntityOfPage\":{\"@id\":\"https:\/\/guineediversite.com\/index.php\/2018\/01\/08\/23675\/\"},\"wordCount\":251,\"publisher\":{\"@id\":\"https:\/\/guineediversite.com\/#organization\"},\"image\":{\"@id\":\"https:\/\/guineediversite.com\/index.php\/2018\/01\/08\/23675\/#primaryimage\"},\"thumbnailUrl\":\"https:\/\/guineediversite.com\/wp-content\/uploads\/2018\/01\/2662604717315575374843252488188403614322119790n.jpg\",\"articleSection\":[\"Sport\"],\"inLanguage\":\"fr-FR\"},{\"@type\":\"WebPage\",\"@id\":\"https:\/\/guineediversite.com\/index.php\/2018\/01\/08\/23675\/\",\"url\":\"https:\/\/guineediversite.com\/index.php\/2018\/01\/08\/23675\/\",\"name\":\"Conakry: Symposium pour Naby Laye Papa Camara | Guin\u00e9e Diversit\u00e9\",\"isPartOf\":{\"@id\":\"https:\/\/guineediversite.com\/#website\"},\"primaryImageOfPage\":{\"@id\":\"https:\/\/guineediversite.com\/index.php\/2018\/01\/08\/23675\/#primaryimage\"},\"image\":{\"@id\":\"https:\/\/guineediversite.com\/index.php\/2018\/01\/08\/23675\/#primaryimage\"},\"thumbnailUrl\":\"https:\/\/guineediversite.com\/wp-content\/uploads\/2018\/01\/2662604717315575374843252488188403614322119790n.jpg\",\"datePublished\":\"2018-01-08T18:32:31+00:00\",\"dateModified\":\"2018-01-09T09:07:02+00:00\",\"breadcrumb\":{\"@id\":\"https:\/\/guineediversite.com\/index.php\/2018\/01\/08\/23675\/#breadcrumb\"},\"inLanguage\":\"fr-FR\",\"potentialAction\":[{\"@type\":\"ReadAction\",\"target\":[\"https:\/\/guineediversite.com\/index.php\/2018\/01\/08\/23675\/\"]}]},{\"@type\":\"ImageObject\",\"inLanguage\":\"fr-FR\",\"@id\":\"https:\/\/guineediversite.com\/index.php\/2018\/01\/08\/23675\/#primaryimage\",\"url\":\"https:\/\/guineediversite.com\/wp-content\/uploads\/2018\/01\/2662604717315575374843252488188403614322119790n.jpg\",\"contentUrl\":\"https:\/\/guineediversite.com\/wp-content\/uploads\/2018\/01\/2662604717315575374843252488188403614322119790n.jpg\",\"width\":1098,\"height\":1271},{\"@type\":\"BreadcrumbList\",\"@id\":\"https:\/\/guineediversite.com\/index.php\/2018\/01\/08\/23675\/#breadcrumb\",\"itemListElement\":[{\"@type\":\"ListItem\",\"position\":1,\"name\":\"Accueil\",\"item\":\"https:\/\/guineediversite.com\/\"},{\"@type\":\"ListItem\",\"position\":2,\"name\":\"Conakry: Symposium pour Naby Laye Papa Camara\"}]},{\"@type\":\"WebSite\",\"@id\":\"https:\/\/guineediversite.com\/#website\",\"url\":\"https:\/\/guineediversite.com\/\",\"name\":\"Guin\u00e9e Diversit\u00e9\",\"description\":\"L&#039;Info dans toute sa diversit\u00e9\",\"publisher\":{\"@id\":\"https:\/\/guineediversite.com\/#organization\"},\"potentialAction\":[{\"@type\":\"SearchAction\",\"target\":{\"@type\":\"EntryPoint\",\"urlTemplate\":\"https:\/\/guineediversite.com\/?s={search_term_string}\"},\"query-input\":{\"@type\":\"PropertyValueSpecification\",\"valueRequired\":true,\"valueName\":\"search_term_string\"}}],\"inLanguage\":\"fr-FR\"},{\"@type\":\"Organization\",\"@id\":\"https:\/\/guineediversite.com\/#organization\",\"name\":\"Guin\u00e9e Diversit\u00e9\",\"url\":\"https:\/\/guineediversite.com\/\",\"logo\":{\"@type\":\"ImageObject\",\"inLanguage\":\"fr-FR\",\"@id\":\"https:\/\/guineediversite.com\/#\/schema\/logo\/image\/\",\"url\":\"https:\/\/guineediversite.com\/wp-content\/uploads\/2017\/04\/cropped-1jojlxEOMkX9Wyqfhe43D6kjPOGqBBKmx3EwWJqZ0cMrFF54yM49.png\",\"contentUrl\":\"https:\/\/guineediversite.com\/wp-content\/uploads\/2017\/04\/cropped-1jojlxEOMkX9Wyqfhe43D6kjPOGqBBKmx3EwWJqZ0cMrFF54yM49.png\",\"width\":186,\"height\":112,\"caption\":\"Guin\u00e9e Diversit\u00e9\"},\"image\":{\"@id\":\"https:\/\/guineediversite.com\/#\/schema\/logo\/image\/\"},\"sameAs\":[\"https:\/\/www.facebook.com\/guineediversite\/\",\"https:\/\/x.com\/GuineeDiversite\",\"https:\/\/www.youtube.com\/channel\/UC8sUY16qelG5ge6_D5SB83g\"]},{\"@type\":\"Person\",\"@id\":\"https:\/\/guineediversite.com\/#\/schema\/person\/44977d8da0d7cda56c449f0952a6ccc2\",\"name\":\"Mamadou Aliou Bangoura\",\"image\":{\"@type\":\"ImageObject\",\"inLanguage\":\"fr-FR\",\"@id\":\"https:\/\/guineediversite.com\/#\/schema\/person\/image\/\",\"url\":\"https:\/\/secure.gravatar.com\/avatar\/f229587ae09344b9ff840bf6d59fe333?s=96&d=mm&r=g\",\"contentUrl\":\"https:\/\/secure.gravatar.com\/avatar\/f229587ae09344b9ff840bf6d59fe333?s=96&d=mm&r=g\",\"caption\":\"Mamadou Aliou Bangoura\"},\"url\":\"https:\/\/guineediversite.com\/index.php\/author\/mamadou-aliou\/\"}]}<\/script>\n<!-- \/ Yoast SEO plugin. -->","yoast_head_json":{"title":"Conakry: Symposium pour Naby Laye Papa Camara | Guin\u00e9e Diversit\u00e9","robots":{"index":"index","follow":"follow","max-snippet":"max-snippet:-1","max-image-preview":"max-image-preview:large","max-video-preview":"max-video-preview:-1"},"canonical":"https:\/\/guineediversite.com\/index.php\/2018\/01\/08\/23675\/","og_locale":"fr_FR","og_type":"article","og_title":"Conakry: Symposium pour Naby Laye Papa Camara | Guin\u00e9e Diversit\u00e9","og_description":"L&rsquo;ancien footballeur guin\u00e9en\u00a0Naby\u00a0Laye\u00a0Camara\u00a0connu sous le nom de Papa\u00a0Camara, a rejoint sa derni\u00e8re demeure dimanche 7 janvier 2018 au cimeti\u00e8re de Cameroun.\u00a0Un dernier hommage lui a \u00e9t\u00e9 rendu lors d\u2019un symposium. Apr\u00e8s la lev\u00e9e du corps \u00e0 la morgue de l&rsquo;h\u00f4pital Ignace\u00a0Deen\u00a0, la d\u00e9pouille a \u00e9t\u00e9 expos\u00e9e au Palais des sports du stade du 28 septembre [&hellip;]","og_url":"https:\/\/guineediversite.com\/index.php\/2018\/01\/08\/23675\/","og_site_name":"Guin\u00e9e Diversit\u00e9","article_publisher":"https:\/\/www.facebook.com\/guineediversite\/","article_published_time":"2018-01-08T18:32:31+00:00","article_modified_time":"2018-01-09T09:07:02+00:00","og_image":[{"width":1098,"height":1271,"url":"https:\/\/guineediversite.com\/wp-content\/uploads\/2018\/01\/2662604717315575374843252488188403614322119790n.jpg","type":"image\/jpeg"}],"author":"Mamadou Aliou Bangoura","twitter_card":"summary_large_image","twitter_creator":"@GuineeDiversite","twitter_site":"@GuineeDiversite","twitter_misc":{"\u00c9crit par":"Mamadou Aliou Bangoura","Dur\u00e9e de lecture estim\u00e9e":"1 minute"},"schema":{"@context":"https:\/\/schema.org","@graph":[{"@type":"Article","@id":"https:\/\/guineediversite.com\/index.php\/2018\/01\/08\/23675\/#article","isPartOf":{"@id":"https:\/\/guineediversite.com\/index.php\/2018\/01\/08\/23675\/"},"author":{"name":"Mamadou Aliou Bangoura","@id":"https:\/\/guineediversite.com\/#\/schema\/person\/44977d8da0d7cda56c449f0952a6ccc2"},"headline":"Conakry: Symposium pour Naby Laye Papa Camara","datePublished":"2018-01-08T18:32:31+00:00","dateModified":"2018-01-09T09:07:02+00:00","mainEntityOfPage":{"@id":"https:\/\/guineediversite.com\/index.php\/2018\/01\/08\/23675\/"},"wordCount":251,"publisher":{"@id":"https:\/\/guineediversite.com\/#organization"},"image":{"@id":"https:\/\/guineediversite.com\/index.php\/2018\/01\/08\/23675\/#primaryimage"},"thumbnailUrl":"https:\/\/guineediversite.com\/wp-content\/uploads\/2018\/01\/2662604717315575374843252488188403614322119790n.jpg","articleSection":["Sport"],"inLanguage":"fr-FR"},{"@type":"WebPage","@id":"https:\/\/guineediversite.com\/index.php\/2018\/01\/08\/23675\/","url":"https:\/\/guineediversite.com\/index.php\/2018\/01\/08\/23675\/","name":"Conakry: Symposium pour Naby Laye Papa Camara | Guin\u00e9e Diversit\u00e9","isPartOf":{"@id":"https:\/\/guineediversite.com\/#website"},"primaryImageOfPage":{"@id":"https:\/\/guineediversite.com\/index.php\/2018\/01\/08\/23675\/#primaryimage"},"image":{"@id":"https:\/\/guineediversite.com\/index.php\/2018\/01\/08\/23675\/#primaryimage"},"thumbnailUrl":"https:\/\/guineediversite.com\/wp-content\/uploads\/2018\/01\/2662604717315575374843252488188403614322119790n.jpg","datePublished":"2018-01-08T18:32:31+00:00","dateModified":"2018-01-09T09:07:02+00:00","breadcrumb":{"@id":"https:\/\/guineediversite.com\/index.php\/2018\/01\/08\/23675\/#breadcrumb"},"inLanguage":"fr-FR","potentialAction":[{"@type":"ReadAction","target":["https:\/\/guineediversite.com\/index.php\/2018\/01\/08\/23675\/"]}]},{"@type":"ImageObject","inLanguage":"fr-FR","@id":"https:\/\/guineediversite.com\/index.php\/2018\/01\/08\/23675\/#primaryimage","url":"https:\/\/guineediversite.com\/wp-content\/uploads\/2018\/01\/2662604717315575374843252488188403614322119790n.jpg","contentUrl":"https:\/\/guineediversite.com\/wp-content\/uploads\/2018\/01\/2662604717315575374843252488188403614322119790n.jpg","width":1098,"height":1271},{"@type":"BreadcrumbList","@id":"https:\/\/guineediversite.com\/index.php\/2018\/01\/08\/23675\/#breadcrumb","itemListElement":[{"@type":"ListItem","position":1,"name":"Accueil","item":"https:\/\/guineediversite.com\/"},{"@type":"ListItem","position":2,"name":"Conakry: Symposium pour Naby Laye Papa Camara"}]},{"@type":"WebSite","@id":"https:\/\/guineediversite.com\/#website","url":"https:\/\/guineediversite.com\/","name":"Guin\u00e9e Diversit\u00e9","description":"L&#039;Info dans toute sa diversit\u00e9","publisher":{"@id":"https:\/\/guineediversite.com\/#organization"},"potentialAction":[{"@type":"SearchAction","target":{"@type":"EntryPoint","urlTemplate":"https:\/\/guineediversite.com\/?s={search_term_string}"},"query-input":{"@type":"PropertyValueSpecification","valueRequired":true,"valueName":"search_term_string"}}],"inLanguage":"fr-FR"},{"@type":"Organization","@id":"https:\/\/guineediversite.com\/#organization","name":"Guin\u00e9e Diversit\u00e9","url":"https:\/\/guineediversite.com\/","logo":{"@type":"ImageObject","inLanguage":"fr-FR","@id":"https:\/\/guineediversite.com\/#\/schema\/logo\/image\/","url":"https:\/\/guineediversite.com\/wp-content\/uploads\/2017\/04\/cropped-1jojlxEOMkX9Wyqfhe43D6kjPOGqBBKmx3EwWJqZ0cMrFF54yM49.png","contentUrl":"https:\/\/guineediversite.com\/wp-content\/uploads\/2017\/04\/cropped-1jojlxEOMkX9Wyqfhe43D6kjPOGqBBKmx3EwWJqZ0cMrFF54yM49.png","width":186,"height":112,"caption":"Guin\u00e9e Diversit\u00e9"},"image":{"@id":"https:\/\/guineediversite.com\/#\/schema\/logo\/image\/"},"sameAs":["https:\/\/www.facebook.com\/guineediversite\/","https:\/\/x.com\/GuineeDiversite","https:\/\/www.youtube.com\/channel\/UC8sUY16qelG5ge6_D5SB83g"]},{"@type":"Person","@id":"https:\/\/guineediversite.com\/#\/schema\/person\/44977d8da0d7cda56c449f0952a6ccc2","name":"Mamadou Aliou Bangoura","image":{"@type":"ImageObject","inLanguage":"fr-FR","@id":"https:\/\/guineediversite.com\/#\/schema\/person\/image\/","url":"https:\/\/secure.gravatar.com\/avatar\/f229587ae09344b9ff840bf6d59fe333?s=96&d=mm&r=g","contentUrl":"https:\/\/secure.gravatar.com\/avatar\/f229587ae09344b9ff840bf6d59fe333?s=96&d=mm&r=g","caption":"Mamadou Aliou Bangoura"},"url":"https:\/\/guineediversite.com\/index.php\/author\/mamadou-aliou\/"}]}},"_links":{"self":[{"href":"https:\/\/guineediversite.com\/index.php\/wp-json\/wp\/v2\/posts\/23675"}],"collection":[{"href":"https:\/\/guineediversite.com\/index.php\/wp-json\/wp\/v2\/posts"}],"about":[{"href":"https:\/\/guineediversite.com\/index.php\/wp-json\/wp\/v2\/types\/post"}],"author":[{"embeddable":true,"href":"https:\/\/guineediversite.com\/index.php\/wp-json\/wp\/v2\/users\/20"}],"replies":[{"embeddable":true,"href":"https:\/\/guineediversite.com\/index.php\/wp-json\/wp\/v2\/comments?post=23675"}],"version-history":[{"count":0,"href":"https:\/\/guineediversite.com\/index.php\/wp-json\/wp\/v2\/posts\/23675\/revisions"}],"wp:featuredmedia":[{"embeddable":true,"href":"https:\/\/guineediversite.com\/index.php\/wp-json\/wp\/v2\/media\/23676"}],"wp:attachment":[{"href":"https:\/\/guineediversite.com\/index.php\/wp-json\/wp\/v2\/media?parent=23675"}],"wp:term":[{"taxonomy":"category","embeddable":true,"href":"https:\/\/guineediversite.com\/index.php\/wp-json\/wp\/v2\/categories?post=23675"},{"taxonomy":"post_tag","embeddable":true,"href":"https:\/\/guineediversite.com\/index.php\/wp-json\/wp\/v2\/tags?post=23675"}],"curies":[{"name":"wp","href":"https:\/\/api.w.org\/{rel}","templated":true}]}}