{"id":23671,"date":"2018-01-08T16:23:43","date_gmt":"2018-01-08T15:23:43","guid":{"rendered":"https:\/\/guineediversite.com\/?p=23671"},"modified":"2018-01-08T16:23:43","modified_gmt":"2018-01-08T15:23:43","slug":"presse-guineenne-divisee-a-cause-de-100-millions-de-gnf-offerts-alpha-conde","status":"publish","type":"post","link":"https:\/\/guineediversite.com\/index.php\/2018\/01\/08\/presse-guineenne-divisee-a-cause-de-100-millions-de-gnf-offerts-alpha-conde\/","title":{"rendered":"La presse guin\u00e9enne divis\u00e9e \u00e0 cause de 100 millions de\u00a0GNF\u00a0offerts par Alpha Cond\u00e9"},"content":{"rendered":"<p><span id=\"p1\">Le\u00a0pr\u00e9sident de la R\u00e9publique\u00a0Alpha Cond\u00e9 a\u00a0invit\u00e9 vendredi\u00a05 janvier les journalistes des organes priv\u00e9s et publics, ainsi que les associations de\u00a0presse \u00e0\u00a0un d\u00eener au palais\u00a0<span id=\"23\" class=\"s-rg-t\">S\u00e9khoutour\u00e9ya<\/span>.<\/span><span id=\"p57\">\u00a0Un d\u00eener auquel, bon nombre de journalistes ne voulaient pas assister, pour cause des agissements qui ont eu lieu ces derniers temps entre le pouvoir en place et la presse guin\u00e9enne.<\/span><span id=\"p3\"><\/p>\n<p>Parmi les retissant pour r\u00e9pondre pr\u00e9sent \u00e0 ce d\u00eener, il y avait Sidi\u00a0<span id=\"41\" class=\"s-rg-t\">Diallo<\/span>\u00a0secr\u00e9taire g\u00e9n\u00e9rale de la presse priv\u00e9e :<\/span><span id=\"p58\">\u00a0\u00ab<em> La raison de notre pr\u00e9sence est simple, nous avons r\u00e9dig\u00e9 une d\u00e9claration dans laquelle beaucoup de nos pr\u00e9occupations ont \u00e9t\u00e9 \u00e9voqu\u00e9es, voil\u00e0 ce qui a fait qu\u2019on a accept\u00e9 l\u2019invitation du chef de l\u2019Etat.<\/em><\/span><span id=\"p5\"><em>\u00a0Alors, ce\u00a0d\u00eener\u00a0nous a permis de lire notre d\u00e9claration devant le pr\u00e9sident et apr\u00e8s, le doyen Boubacar Yacine\u00a0<span id=\"44\" class=\"s-rg-t\">Diallo<\/span>\u00a0a sollicit\u00e9 la r\u00e9ouverture des radios priv\u00e9es\u00a0ferm\u00e9e suite\u00a0au\u00a0non-paiement\u00a0de la\u00a0redevance \u00e0\u00a0l\u2019Etat<\/em> \u00bb, explique-t-il.<\/span><span id=\"p6\"><br \/>\n<\/span><br \/>\n<span id=\"p7\">\u00c0\u00a0la fin de ce\u00a0d\u00eener\u00a0de presse, il y a eu une cacophonie entre les journalistes qui \u00e9taient\u00a0pr\u00e9sentes\u00a0au palais\u00a0<span id=\"54\" class=\"s-rg-t\">S\u00e9khoutour\u00e9ya<\/span>, sur le partage de la somme d\u2019argent offerte aux journalistes par le pr\u00e9sident Alpha Cond\u00e9.<\/span><span id=\"p59\">\u00a0\u00ab <em>Il y a des frustr\u00e9s, parce qu\u2019apr\u00e8s le d\u00eener, le chef de l\u2019Etat est rentr\u00e9 et apr\u00e8s, ils l\u2019ont interpell\u00e9 pour qu\u2019il donne le transport aux journalistes, et c\u2019est ce qui fut fait.<\/em><\/span><em><span id=\"p9\">\u00a0Il aurait donn\u00e9 100 millions de francs guin\u00e9ens \u00e0 un groupe de journaliste pour l\u2019ensemble des hommes de medias pr\u00e9sents.<\/span><span id=\"p10\">\u00a0Pendant ce temps, une bonne partie des journalistes \u00e9taient d\u00e9j\u00e0 rentr\u00e9s chez eux.<\/span><span id=\"p11\">\u00a0J\u2019ai re\u00e7u un coup de fil d\u2019un journaliste au moment o\u00f9 je me trouvais \u00e0 la sortie du palais m\u2019informant que le pr\u00e9sident a donn\u00e9 de l\u2019argent comme transport des journalistes qui ont \u00e9t\u00e9 invit\u00e9.<\/span><span id=\"p60\">\u00a0Je me suis retourn\u00e9 comme certains journalistes et du coup, j\u2019ai demand\u00e9 s\u2019ils vont partager l\u2019argent ?<\/span><span id=\"p13\">\u00a0Ils m\u2019ont r\u00e9pondu oui.<\/span><span id=\"p14\">\u00a0Ensuite, j\u2019ai pos\u00e9 la question de savoir et ceux qui sont rentr\u00e9s qu\u2019<span id=\"30\">allez -vous<\/span>\u00a0faire pour qu\u2019ils re\u00e7oivent leur part ?<\/span><span id=\"p15\">\u00a0Ils m\u2019ont ensuite dit que ceux-ci n\u2019auront rien.<\/span><span id=\"p61\">\u00a0C\u2019est ainsi que je me suis retir\u00e9 en leur demandant de ne rien me donner ;<\/span><span id=\"p17\">\u00a0que je n\u2019en voulais pas tant que ceux qui sont rentr\u00e9s n\u2019ont pas leurs parts.<\/span><span id=\"p18\">\u00a0Selon mes sources, une soixantaine de\u00a0journalistes\u00a0ont re\u00e7u un million chacun et le reste des 100 millions a \u00e9t\u00e9 g\u00e9r\u00e9 par d\u2019autres confr\u00e8res \u00e0 savoir\u00a0<span id=\"33\" class=\"s-rg-t\">Soriba<\/span>\u00a0<span id=\"34\" class=\"s-rg-t\">Kolentin<\/span>, Sita\u00a0<span id=\"35\" class=\"s-rg-t\">Ciss\u00e9<\/span>\u00a0dit \u2018\u2019\u00a0<span id=\"36\" class=\"s-rg-t\">Sitanium<\/span>\u2019\u2019, Ibrahima\u00a0<span id=\"37\" class=\"s-rg-t\">Diallo<\/span>\u00a0et un b\u00e9ret rouge.<\/span><\/em><span id=\"p19\"><em>\u00a0<\/em>\u00bb<br \/>\n<\/span><br \/>\n<span id=\"p64\">Pour le secr\u00e9taire g\u00e9n\u00e9ral des syndicats de la presse priv\u00e9e, ils entendent mener des enqu\u00eates pour faire toute la lumi\u00e8re sur cette pratique qui ternit l\u2019image de la presse guin\u00e9enne.<\/span><\/p>\n","protected":false},"excerpt":{"rendered":"<p>Le\u00a0pr\u00e9sident de la R\u00e9publique\u00a0Alpha Cond\u00e9 a\u00a0invit\u00e9 vendredi\u00a05 janvier les journalistes des organes priv\u00e9s et publics, ainsi que les associations de\u00a0presse \u00e0\u00a0un d\u00eener au palais\u00a0S\u00e9khoutour\u00e9ya.\u00a0Un d\u00eener auquel, bon nombre de journalistes ne voulaient pas assister, pour cause des agissements qui ont eu lieu ces derniers temps entre le pouvoir en place et la presse guin\u00e9enne. Parmi [&hellip;]<\/p>\n","protected":false},"author":10,"featured_media":23672,"comment_status":"closed","ping_status":"closed","sticky":false,"template":"","format":"standard","meta":{"_exactmetrics_skip_tracking":false,"_exactmetrics_sitenote_active":false,"_exactmetrics_sitenote_note":"","_exactmetrics_sitenote_category":0,"tdm_status":"","tdm_grid_status":"","footnotes":""},"categories":[14,16],"tags":[226,41,65],"class_list":{"0":"post-23671","1":"post","2":"type-post","3":"status-publish","4":"format-standard","5":"has-post-thumbnail","7":"category-politique","8":"category-societe","9":"tag-alpha-conde","10":"tag-guinee","11":"tag-presse"},"yoast_head":"<!-- This site is optimized with the Yoast SEO plugin v24.2 - https:\/\/yoast.com\/wordpress\/plugins\/seo\/ -->\n<title>La presse guin\u00e9enne divis\u00e9e \u00e0 cause de 100 millions de\u00a0GNF\u00a0offerts par Alpha Cond\u00e9 | Guin\u00e9e Diversit\u00e9<\/title>\n<meta name=\"robots\" content=\"index, follow, max-snippet:-1, max-image-preview:large, max-video-preview:-1\" \/>\n<link rel=\"canonical\" href=\"https:\/\/guineediversite.com\/index.php\/2018\/01\/08\/presse-guineenne-divisee-a-cause-de-100-millions-de-gnf-offerts-alpha-conde\/\" \/>\n<meta property=\"og:locale\" content=\"fr_FR\" \/>\n<meta property=\"og:type\" content=\"article\" \/>\n<meta property=\"og:title\" content=\"La presse guin\u00e9enne divis\u00e9e \u00e0 cause de 100 millions de\u00a0GNF\u00a0offerts par Alpha Cond\u00e9 | Guin\u00e9e Diversit\u00e9\" \/>\n<meta property=\"og:description\" content=\"Le\u00a0pr\u00e9sident de la R\u00e9publique\u00a0Alpha Cond\u00e9 a\u00a0invit\u00e9 vendredi\u00a05 janvier les journalistes des organes priv\u00e9s et publics, ainsi que les associations de\u00a0presse \u00e0\u00a0un d\u00eener au palais\u00a0S\u00e9khoutour\u00e9ya.\u00a0Un d\u00eener auquel, bon nombre de journalistes ne voulaient pas assister, pour cause des agissements qui ont eu lieu ces derniers temps entre le pouvoir en place et la presse guin\u00e9enne. Parmi [&hellip;]\" \/>\n<meta property=\"og:url\" content=\"https:\/\/guineediversite.com\/index.php\/2018\/01\/08\/presse-guineenne-divisee-a-cause-de-100-millions-de-gnf-offerts-alpha-conde\/\" \/>\n<meta property=\"og:site_name\" content=\"Guin\u00e9e Diversit\u00e9\" \/>\n<meta property=\"article:publisher\" content=\"https:\/\/www.facebook.com\/guineediversite\/\" \/>\n<meta property=\"article:published_time\" content=\"2018-01-08T15:23:43+00:00\" \/>\n<meta property=\"og:image\" content=\"https:\/\/guineediversite.com\/wp-content\/uploads\/2018\/01\/image-83.jpeg\" \/>\n\t<meta property=\"og:image:width\" content=\"2048\" \/>\n\t<meta property=\"og:image:height\" content=\"2048\" \/>\n\t<meta property=\"og:image:type\" content=\"image\/jpeg\" \/>\n<meta name=\"author\" content=\"Morcire Camara\" \/>\n<meta name=\"twitter:card\" content=\"summary_large_image\" \/>\n<meta name=\"twitter:creator\" content=\"@GuineeDiversite\" \/>\n<meta name=\"twitter:site\" content=\"@GuineeDiversite\" \/>\n<meta name=\"twitter:label1\" content=\"\u00c9crit par\" \/>\n\t<meta name=\"twitter:data1\" content=\"Morcire Camara\" \/>\n\t<meta name=\"twitter:label2\" content=\"Dur\u00e9e de lecture estim\u00e9e\" \/>\n\t<meta name=\"twitter:data2\" content=\"3 minutes\" \/>\n<script type=\"application\/ld+json\" class=\"yoast-schema-graph\">{\"@context\":\"https:\/\/schema.org\",\"@graph\":[{\"@type\":\"Article\",\"@id\":\"https:\/\/guineediversite.com\/index.php\/2018\/01\/08\/presse-guineenne-divisee-a-cause-de-100-millions-de-gnf-offerts-alpha-conde\/#article\",\"isPartOf\":{\"@id\":\"https:\/\/guineediversite.com\/index.php\/2018\/01\/08\/presse-guineenne-divisee-a-cause-de-100-millions-de-gnf-offerts-alpha-conde\/\"},\"author\":{\"name\":\"Morcire Camara\",\"@id\":\"https:\/\/guineediversite.com\/#\/schema\/person\/fa362494c47202ce4b3adf55abcc9d01\"},\"headline\":\"La presse guin\u00e9enne divis\u00e9e \u00e0 cause de 100 millions de\u00a0GNF\u00a0offerts par Alpha Cond\u00e9\",\"datePublished\":\"2018-01-08T15:23:43+00:00\",\"dateModified\":\"2018-01-08T15:23:43+00:00\",\"mainEntityOfPage\":{\"@id\":\"https:\/\/guineediversite.com\/index.php\/2018\/01\/08\/presse-guineenne-divisee-a-cause-de-100-millions-de-gnf-offerts-alpha-conde\/\"},\"wordCount\":529,\"publisher\":{\"@id\":\"https:\/\/guineediversite.com\/#organization\"},\"image\":{\"@id\":\"https:\/\/guineediversite.com\/index.php\/2018\/01\/08\/presse-guineenne-divisee-a-cause-de-100-millions-de-gnf-offerts-alpha-conde\/#primaryimage\"},\"thumbnailUrl\":\"https:\/\/guineediversite.com\/wp-content\/uploads\/2018\/01\/image-83.jpeg\",\"keywords\":[\"Alpha Cond\u00e9\",\"Guin\u00e9e\",\"presse\"],\"articleSection\":[\"Politique\",\"Soci\u00e9t\u00e9\"],\"inLanguage\":\"fr-FR\"},{\"@type\":\"WebPage\",\"@id\":\"https:\/\/guineediversite.com\/index.php\/2018\/01\/08\/presse-guineenne-divisee-a-cause-de-100-millions-de-gnf-offerts-alpha-conde\/\",\"url\":\"https:\/\/guineediversite.com\/index.php\/2018\/01\/08\/presse-guineenne-divisee-a-cause-de-100-millions-de-gnf-offerts-alpha-conde\/\",\"name\":\"La presse guin\u00e9enne divis\u00e9e \u00e0 cause de 100 millions de\u00a0GNF\u00a0offerts par Alpha Cond\u00e9 | Guin\u00e9e Diversit\u00e9\",\"isPartOf\":{\"@id\":\"https:\/\/guineediversite.com\/#website\"},\"primaryImageOfPage\":{\"@id\":\"https:\/\/guineediversite.com\/index.php\/2018\/01\/08\/presse-guineenne-divisee-a-cause-de-100-millions-de-gnf-offerts-alpha-conde\/#primaryimage\"},\"image\":{\"@id\":\"https:\/\/guineediversite.com\/index.php\/2018\/01\/08\/presse-guineenne-divisee-a-cause-de-100-millions-de-gnf-offerts-alpha-conde\/#primaryimage\"},\"thumbnailUrl\":\"https:\/\/guineediversite.com\/wp-content\/uploads\/2018\/01\/image-83.jpeg\",\"datePublished\":\"2018-01-08T15:23:43+00:00\",\"dateModified\":\"2018-01-08T15:23:43+00:00\",\"breadcrumb\":{\"@id\":\"https:\/\/guineediversite.com\/index.php\/2018\/01\/08\/presse-guineenne-divisee-a-cause-de-100-millions-de-gnf-offerts-alpha-conde\/#breadcrumb\"},\"inLanguage\":\"fr-FR\",\"potentialAction\":[{\"@type\":\"ReadAction\",\"target\":[\"https:\/\/guineediversite.com\/index.php\/2018\/01\/08\/presse-guineenne-divisee-a-cause-de-100-millions-de-gnf-offerts-alpha-conde\/\"]}]},{\"@type\":\"ImageObject\",\"inLanguage\":\"fr-FR\",\"@id\":\"https:\/\/guineediversite.com\/index.php\/2018\/01\/08\/presse-guineenne-divisee-a-cause-de-100-millions-de-gnf-offerts-alpha-conde\/#primaryimage\",\"url\":\"https:\/\/guineediversite.com\/wp-content\/uploads\/2018\/01\/image-83.jpeg\",\"contentUrl\":\"https:\/\/guineediversite.com\/wp-content\/uploads\/2018\/01\/image-83.jpeg\",\"width\":2048,\"height\":2048},{\"@type\":\"BreadcrumbList\",\"@id\":\"https:\/\/guineediversite.com\/index.php\/2018\/01\/08\/presse-guineenne-divisee-a-cause-de-100-millions-de-gnf-offerts-alpha-conde\/#breadcrumb\",\"itemListElement\":[{\"@type\":\"ListItem\",\"position\":1,\"name\":\"Accueil\",\"item\":\"https:\/\/guineediversite.com\/\"},{\"@type\":\"ListItem\",\"position\":2,\"name\":\"La presse guin\u00e9enne divis\u00e9e \u00e0 cause de 100 millions de\u00a0GNF\u00a0offerts par Alpha Cond\u00e9\"}]},{\"@type\":\"WebSite\",\"@id\":\"https:\/\/guineediversite.com\/#website\",\"url\":\"https:\/\/guineediversite.com\/\",\"name\":\"Guin\u00e9e Diversit\u00e9\",\"description\":\"L&#039;Info dans toute sa diversit\u00e9\",\"publisher\":{\"@id\":\"https:\/\/guineediversite.com\/#organization\"},\"potentialAction\":[{\"@type\":\"SearchAction\",\"target\":{\"@type\":\"EntryPoint\",\"urlTemplate\":\"https:\/\/guineediversite.com\/?s={search_term_string}\"},\"query-input\":{\"@type\":\"PropertyValueSpecification\",\"valueRequired\":true,\"valueName\":\"search_term_string\"}}],\"inLanguage\":\"fr-FR\"},{\"@type\":\"Organization\",\"@id\":\"https:\/\/guineediversite.com\/#organization\",\"name\":\"Guin\u00e9e Diversit\u00e9\",\"url\":\"https:\/\/guineediversite.com\/\",\"logo\":{\"@type\":\"ImageObject\",\"inLanguage\":\"fr-FR\",\"@id\":\"https:\/\/guineediversite.com\/#\/schema\/logo\/image\/\",\"url\":\"https:\/\/guineediversite.com\/wp-content\/uploads\/2017\/04\/cropped-1jojlxEOMkX9Wyqfhe43D6kjPOGqBBKmx3EwWJqZ0cMrFF54yM49.png\",\"contentUrl\":\"https:\/\/guineediversite.com\/wp-content\/uploads\/2017\/04\/cropped-1jojlxEOMkX9Wyqfhe43D6kjPOGqBBKmx3EwWJqZ0cMrFF54yM49.png\",\"width\":186,\"height\":112,\"caption\":\"Guin\u00e9e Diversit\u00e9\"},\"image\":{\"@id\":\"https:\/\/guineediversite.com\/#\/schema\/logo\/image\/\"},\"sameAs\":[\"https:\/\/www.facebook.com\/guineediversite\/\",\"https:\/\/x.com\/GuineeDiversite\",\"https:\/\/www.youtube.com\/channel\/UC8sUY16qelG5ge6_D5SB83g\"]},{\"@type\":\"Person\",\"@id\":\"https:\/\/guineediversite.com\/#\/schema\/person\/fa362494c47202ce4b3adf55abcc9d01\",\"name\":\"Morcire Camara\",\"image\":{\"@type\":\"ImageObject\",\"inLanguage\":\"fr-FR\",\"@id\":\"https:\/\/guineediversite.com\/#\/schema\/person\/image\/\",\"url\":\"https:\/\/secure.gravatar.com\/avatar\/3ec324f02295bbcebe03d99b39330ab4?s=96&d=mm&r=g\",\"contentUrl\":\"https:\/\/secure.gravatar.com\/avatar\/3ec324f02295bbcebe03d99b39330ab4?s=96&d=mm&r=g\",\"caption\":\"Morcire Camara\"},\"url\":\"https:\/\/guineediversite.com\/index.php\/author\/morcire\/\"}]}<\/script>\n<!-- \/ Yoast SEO plugin. -->","yoast_head_json":{"title":"La presse guin\u00e9enne divis\u00e9e \u00e0 cause de 100 millions de\u00a0GNF\u00a0offerts par Alpha Cond\u00e9 | Guin\u00e9e Diversit\u00e9","robots":{"index":"index","follow":"follow","max-snippet":"max-snippet:-1","max-image-preview":"max-image-preview:large","max-video-preview":"max-video-preview:-1"},"canonical":"https:\/\/guineediversite.com\/index.php\/2018\/01\/08\/presse-guineenne-divisee-a-cause-de-100-millions-de-gnf-offerts-alpha-conde\/","og_locale":"fr_FR","og_type":"article","og_title":"La presse guin\u00e9enne divis\u00e9e \u00e0 cause de 100 millions de\u00a0GNF\u00a0offerts par Alpha Cond\u00e9 | Guin\u00e9e Diversit\u00e9","og_description":"Le\u00a0pr\u00e9sident de la R\u00e9publique\u00a0Alpha Cond\u00e9 a\u00a0invit\u00e9 vendredi\u00a05 janvier les journalistes des organes priv\u00e9s et publics, ainsi que les associations de\u00a0presse \u00e0\u00a0un d\u00eener au palais\u00a0S\u00e9khoutour\u00e9ya.\u00a0Un d\u00eener auquel, bon nombre de journalistes ne voulaient pas assister, pour cause des agissements qui ont eu lieu ces derniers temps entre le pouvoir en place et la presse guin\u00e9enne. Parmi [&hellip;]","og_url":"https:\/\/guineediversite.com\/index.php\/2018\/01\/08\/presse-guineenne-divisee-a-cause-de-100-millions-de-gnf-offerts-alpha-conde\/","og_site_name":"Guin\u00e9e Diversit\u00e9","article_publisher":"https:\/\/www.facebook.com\/guineediversite\/","article_published_time":"2018-01-08T15:23:43+00:00","og_image":[{"width":2048,"height":2048,"url":"https:\/\/guineediversite.com\/wp-content\/uploads\/2018\/01\/image-83.jpeg","type":"image\/jpeg"}],"author":"Morcire Camara","twitter_card":"summary_large_image","twitter_creator":"@GuineeDiversite","twitter_site":"@GuineeDiversite","twitter_misc":{"\u00c9crit par":"Morcire Camara","Dur\u00e9e de lecture estim\u00e9e":"3 minutes"},"schema":{"@context":"https:\/\/schema.org","@graph":[{"@type":"Article","@id":"https:\/\/guineediversite.com\/index.php\/2018\/01\/08\/presse-guineenne-divisee-a-cause-de-100-millions-de-gnf-offerts-alpha-conde\/#article","isPartOf":{"@id":"https:\/\/guineediversite.com\/index.php\/2018\/01\/08\/presse-guineenne-divisee-a-cause-de-100-millions-de-gnf-offerts-alpha-conde\/"},"author":{"name":"Morcire Camara","@id":"https:\/\/guineediversite.com\/#\/schema\/person\/fa362494c47202ce4b3adf55abcc9d01"},"headline":"La presse guin\u00e9enne divis\u00e9e \u00e0 cause de 100 millions de\u00a0GNF\u00a0offerts par Alpha Cond\u00e9","datePublished":"2018-01-08T15:23:43+00:00","dateModified":"2018-01-08T15:23:43+00:00","mainEntityOfPage":{"@id":"https:\/\/guineediversite.com\/index.php\/2018\/01\/08\/presse-guineenne-divisee-a-cause-de-100-millions-de-gnf-offerts-alpha-conde\/"},"wordCount":529,"publisher":{"@id":"https:\/\/guineediversite.com\/#organization"},"image":{"@id":"https:\/\/guineediversite.com\/index.php\/2018\/01\/08\/presse-guineenne-divisee-a-cause-de-100-millions-de-gnf-offerts-alpha-conde\/#primaryimage"},"thumbnailUrl":"https:\/\/guineediversite.com\/wp-content\/uploads\/2018\/01\/image-83.jpeg","keywords":["Alpha Cond\u00e9","Guin\u00e9e","presse"],"articleSection":["Politique","Soci\u00e9t\u00e9"],"inLanguage":"fr-FR"},{"@type":"WebPage","@id":"https:\/\/guineediversite.com\/index.php\/2018\/01\/08\/presse-guineenne-divisee-a-cause-de-100-millions-de-gnf-offerts-alpha-conde\/","url":"https:\/\/guineediversite.com\/index.php\/2018\/01\/08\/presse-guineenne-divisee-a-cause-de-100-millions-de-gnf-offerts-alpha-conde\/","name":"La presse guin\u00e9enne divis\u00e9e \u00e0 cause de 100 millions de\u00a0GNF\u00a0offerts par Alpha Cond\u00e9 | Guin\u00e9e Diversit\u00e9","isPartOf":{"@id":"https:\/\/guineediversite.com\/#website"},"primaryImageOfPage":{"@id":"https:\/\/guineediversite.com\/index.php\/2018\/01\/08\/presse-guineenne-divisee-a-cause-de-100-millions-de-gnf-offerts-alpha-conde\/#primaryimage"},"image":{"@id":"https:\/\/guineediversite.com\/index.php\/2018\/01\/08\/presse-guineenne-divisee-a-cause-de-100-millions-de-gnf-offerts-alpha-conde\/#primaryimage"},"thumbnailUrl":"https:\/\/guineediversite.com\/wp-content\/uploads\/2018\/01\/image-83.jpeg","datePublished":"2018-01-08T15:23:43+00:00","dateModified":"2018-01-08T15:23:43+00:00","breadcrumb":{"@id":"https:\/\/guineediversite.com\/index.php\/2018\/01\/08\/presse-guineenne-divisee-a-cause-de-100-millions-de-gnf-offerts-alpha-conde\/#breadcrumb"},"inLanguage":"fr-FR","potentialAction":[{"@type":"ReadAction","target":["https:\/\/guineediversite.com\/index.php\/2018\/01\/08\/presse-guineenne-divisee-a-cause-de-100-millions-de-gnf-offerts-alpha-conde\/"]}]},{"@type":"ImageObject","inLanguage":"fr-FR","@id":"https:\/\/guineediversite.com\/index.php\/2018\/01\/08\/presse-guineenne-divisee-a-cause-de-100-millions-de-gnf-offerts-alpha-conde\/#primaryimage","url":"https:\/\/guineediversite.com\/wp-content\/uploads\/2018\/01\/image-83.jpeg","contentUrl":"https:\/\/guineediversite.com\/wp-content\/uploads\/2018\/01\/image-83.jpeg","width":2048,"height":2048},{"@type":"BreadcrumbList","@id":"https:\/\/guineediversite.com\/index.php\/2018\/01\/08\/presse-guineenne-divisee-a-cause-de-100-millions-de-gnf-offerts-alpha-conde\/#breadcrumb","itemListElement":[{"@type":"ListItem","position":1,"name":"Accueil","item":"https:\/\/guineediversite.com\/"},{"@type":"ListItem","position":2,"name":"La presse guin\u00e9enne divis\u00e9e \u00e0 cause de 100 millions de\u00a0GNF\u00a0offerts par Alpha Cond\u00e9"}]},{"@type":"WebSite","@id":"https:\/\/guineediversite.com\/#website","url":"https:\/\/guineediversite.com\/","name":"Guin\u00e9e Diversit\u00e9","description":"L&#039;Info dans toute sa diversit\u00e9","publisher":{"@id":"https:\/\/guineediversite.com\/#organization"},"potentialAction":[{"@type":"SearchAction","target":{"@type":"EntryPoint","urlTemplate":"https:\/\/guineediversite.com\/?s={search_term_string}"},"query-input":{"@type":"PropertyValueSpecification","valueRequired":true,"valueName":"search_term_string"}}],"inLanguage":"fr-FR"},{"@type":"Organization","@id":"https:\/\/guineediversite.com\/#organization","name":"Guin\u00e9e Diversit\u00e9","url":"https:\/\/guineediversite.com\/","logo":{"@type":"ImageObject","inLanguage":"fr-FR","@id":"https:\/\/guineediversite.com\/#\/schema\/logo\/image\/","url":"https:\/\/guineediversite.com\/wp-content\/uploads\/2017\/04\/cropped-1jojlxEOMkX9Wyqfhe43D6kjPOGqBBKmx3EwWJqZ0cMrFF54yM49.png","contentUrl":"https:\/\/guineediversite.com\/wp-content\/uploads\/2017\/04\/cropped-1jojlxEOMkX9Wyqfhe43D6kjPOGqBBKmx3EwWJqZ0cMrFF54yM49.png","width":186,"height":112,"caption":"Guin\u00e9e Diversit\u00e9"},"image":{"@id":"https:\/\/guineediversite.com\/#\/schema\/logo\/image\/"},"sameAs":["https:\/\/www.facebook.com\/guineediversite\/","https:\/\/x.com\/GuineeDiversite","https:\/\/www.youtube.com\/channel\/UC8sUY16qelG5ge6_D5SB83g"]},{"@type":"Person","@id":"https:\/\/guineediversite.com\/#\/schema\/person\/fa362494c47202ce4b3adf55abcc9d01","name":"Morcire Camara","image":{"@type":"ImageObject","inLanguage":"fr-FR","@id":"https:\/\/guineediversite.com\/#\/schema\/person\/image\/","url":"https:\/\/secure.gravatar.com\/avatar\/3ec324f02295bbcebe03d99b39330ab4?s=96&d=mm&r=g","contentUrl":"https:\/\/secure.gravatar.com\/avatar\/3ec324f02295bbcebe03d99b39330ab4?s=96&d=mm&r=g","caption":"Morcire Camara"},"url":"https:\/\/guineediversite.com\/index.php\/author\/morcire\/"}]}},"_links":{"self":[{"href":"https:\/\/guineediversite.com\/index.php\/wp-json\/wp\/v2\/posts\/23671"}],"collection":[{"href":"https:\/\/guineediversite.com\/index.php\/wp-json\/wp\/v2\/posts"}],"about":[{"href":"https:\/\/guineediversite.com\/index.php\/wp-json\/wp\/v2\/types\/post"}],"author":[{"embeddable":true,"href":"https:\/\/guineediversite.com\/index.php\/wp-json\/wp\/v2\/users\/10"}],"replies":[{"embeddable":true,"href":"https:\/\/guineediversite.com\/index.php\/wp-json\/wp\/v2\/comments?post=23671"}],"version-history":[{"count":0,"href":"https:\/\/guineediversite.com\/index.php\/wp-json\/wp\/v2\/posts\/23671\/revisions"}],"wp:featuredmedia":[{"embeddable":true,"href":"https:\/\/guineediversite.com\/index.php\/wp-json\/wp\/v2\/media\/23672"}],"wp:attachment":[{"href":"https:\/\/guineediversite.com\/index.php\/wp-json\/wp\/v2\/media?parent=23671"}],"wp:term":[{"taxonomy":"category","embeddable":true,"href":"https:\/\/guineediversite.com\/index.php\/wp-json\/wp\/v2\/categories?post=23671"},{"taxonomy":"post_tag","embeddable":true,"href":"https:\/\/guineediversite.com\/index.php\/wp-json\/wp\/v2\/tags?post=23671"}],"curies":[{"name":"wp","href":"https:\/\/api.w.org\/{rel}","templated":true}]}}