{"id":23402,"date":"2017-12-16T13:52:01","date_gmt":"2017-12-16T12:52:01","guid":{"rendered":"https:\/\/guineediversite.com\/?p=23402"},"modified":"2017-12-16T13:52:01","modified_gmt":"2017-12-16T12:52:01","slug":"france-responsable-damnesty-poursuivie-aide-deux-mineurs-guineens","status":"publish","type":"post","link":"https:\/\/guineediversite.com\/index.php\/2017\/12\/16\/france-responsable-damnesty-poursuivie-aide-deux-mineurs-guineens\/","title":{"rendered":"France: une responsable d&rsquo;Amnesty poursuivie pour avoir aid\u00e9 deux mineurs guin\u00e9ens"},"content":{"rendered":"<p><strong>Une responsable d&rsquo;Amnesty International, en charge pour cette organisation d&rsquo;une mission d&rsquo;observation \u00e0 la fronti\u00e8re franco-italienne, est poursuivie pour avoir aid\u00e9 des migrants en situation irr\u00e9guli\u00e8re, a annonc\u00e9 vendredi Amnesty.<\/strong><\/p>\n<p>Dans un communiqu\u00e9 publi\u00e9 conjointement avec l&rsquo;Association nationale d&rsquo;assistance aux fronti\u00e8res pour les \u00e9trangers (Anaf\u00e9), dont Martine Landry, la responsable en question, est \u00e9galement membre, Amnesty pr\u00e9cise qu&rsquo;il lui est reproch\u00e9 d&rsquo;avoir, le 28 juillet dernier, \u00ab<em>facilit\u00e9 l&rsquo;entr\u00e9e de deux mineurs en situation irr\u00e9guli\u00e8re (&#8230;), en ayant pris en charge et convoy\u00e9 p\u00e9destrement ces deux mineurs du poste fronti\u00e8re c\u00f4t\u00e9 Italie au poste fronti\u00e8re c\u00f4t\u00e9 France<\/em>\u00bb.<\/p>\n<p>Elle doit pour ces faits \u00eatre jug\u00e9e devant le tribunal correctionnel de Nice le 8 janvier prochain. Elle risque jusqu&rsquo;\u00e0 cinq ans d&#8217;emprisonnement et 30 000 euros d&rsquo;amende.<\/p>\n<p>Selon ces organisations, Martine Landry \u00e9tait \u00ab<em>munie des documents attestant de leur demande de prise en charge par l&rsquo;Aide sociale \u00e0 l&rsquo;enfance (ASE)\u00bb<\/em>. Toujours selon Amnesty International et l&rsquo;Anaf\u00e9, \u00ab<em>les deux mineurs, tous deux \u00e2g\u00e9s de 15 ans et d&rsquo;origine guin\u00e9enne, ont par la suite \u00e9t\u00e9 pris en charge par l&rsquo;ASE<\/em>\u00bb.<\/p>\n<p>Cette annonce intervient alors qu&rsquo;une manifestation est pr\u00e9vue ce samedi \u00e0 Menton, le long de la fronti\u00e8re franco-italienne, \u00e0 l&rsquo;appel de nombreuses organisations humanitaires, sous le mot d&rsquo;ordre \u00ab<em>Libert\u00e9 pour tous et solidarit\u00e9 avec les migrants : ouvrez les fronti\u00e8res!<\/em>\u00bb. Ces organisations demandent notamment \u00ab<em>l&rsquo;abrogation de tout d\u00e9lit de solidarit\u00e9<\/em>\u00bb et \u00ab<em>l&rsquo;abandon de toutes les poursuites contre les citoyens solidaires\u00bb<\/em>.<\/p>\n<p>Le 13 d\u00e9cembre, quatre retrait\u00e9s poursuivis pour avoir transport\u00e9 en janvier des migrants en situation irr\u00e9guli\u00e8re pr\u00e8s de la fronti\u00e8re italienne avaient vu leur condamnation \u00e0 une amende de 800 euros avec sursis confirm\u00e9e mercredi par la cour d&rsquo;appel d&rsquo;Aix-en-Provence.<\/p>\n<p>Ces derniers mois, plusieurs autres militants associatifs, dont C\u00e9dric Herrou, figure de l&rsquo;association Roya Citoyenne, ont \u00e9t\u00e9 condamn\u00e9s en appel pour le m\u00eame type de d\u00e9lit \u00e0 des peines d&#8217;emprisonnement ou d&rsquo;amende avec sursis.<\/p>\n<p>Ces poursuites interviennent dans un contexte de pression migratoire in\u00e9dite, l&rsquo;ann\u00e9e 2017 devant se conclure, selon les d\u00e9clarations de la pr\u00e9fecture des Alpes maritimes \u00e0 diff\u00e9rents m\u00e9dias, par le chiffre record de 50.000 interpellations d&rsquo;\u00e9trangers en situation irr\u00e9guli\u00e8re dans les Alpes-Maritimes, avec un taux de reconduite en Italie de l&rsquo;ordre de 98%.<\/p>\n<p><strong>AFP<\/strong><\/p>\n","protected":false},"excerpt":{"rendered":"<p>Une responsable d&rsquo;Amnesty International, en charge pour cette organisation d&rsquo;une mission d&rsquo;observation \u00e0 la fronti\u00e8re franco-italienne, est poursuivie pour avoir aid\u00e9 des migrants en situation irr\u00e9guli\u00e8re, a annonc\u00e9 vendredi Amnesty. Dans un communiqu\u00e9 publi\u00e9 conjointement avec l&rsquo;Association nationale d&rsquo;assistance aux fronti\u00e8res pour les \u00e9trangers (Anaf\u00e9), dont Martine Landry, la responsable en question, est \u00e9galement membre, [&hellip;]<\/p>\n","protected":false},"author":12,"featured_media":23403,"comment_status":"closed","ping_status":"closed","sticky":false,"template":"","format":"standard","meta":{"_exactmetrics_skip_tracking":false,"_exactmetrics_sitenote_active":false,"_exactmetrics_sitenote_note":"","_exactmetrics_sitenote_category":0,"tdm_status":"","tdm_grid_status":"","footnotes":""},"categories":[21],"tags":[368,41,367,369],"class_list":{"0":"post-23402","1":"post","2":"type-post","3":"status-publish","4":"format-standard","5":"has-post-thumbnail","7":"category-international","8":"tag-france","9":"tag-guinee","10":"tag-immigration","11":"tag-italie"},"yoast_head":"<!-- This site is optimized with the Yoast SEO plugin v24.2 - https:\/\/yoast.com\/wordpress\/plugins\/seo\/ -->\n<title>France: une responsable d&#039;Amnesty poursuivie pour avoir aid\u00e9 deux mineurs guin\u00e9ens | Guin\u00e9e Diversit\u00e9<\/title>\n<meta name=\"robots\" content=\"index, follow, max-snippet:-1, max-image-preview:large, max-video-preview:-1\" \/>\n<link rel=\"canonical\" href=\"https:\/\/guineediversite.com\/index.php\/2017\/12\/16\/france-responsable-damnesty-poursuivie-aide-deux-mineurs-guineens\/\" \/>\n<meta property=\"og:locale\" content=\"fr_FR\" \/>\n<meta property=\"og:type\" content=\"article\" \/>\n<meta property=\"og:title\" content=\"France: une responsable d&#039;Amnesty poursuivie pour avoir aid\u00e9 deux mineurs guin\u00e9ens | Guin\u00e9e Diversit\u00e9\" \/>\n<meta property=\"og:description\" content=\"Une responsable d&rsquo;Amnesty International, en charge pour cette organisation d&rsquo;une mission d&rsquo;observation \u00e0 la fronti\u00e8re franco-italienne, est poursuivie pour avoir aid\u00e9 des migrants en situation irr\u00e9guli\u00e8re, a annonc\u00e9 vendredi Amnesty. Dans un communiqu\u00e9 publi\u00e9 conjointement avec l&rsquo;Association nationale d&rsquo;assistance aux fronti\u00e8res pour les \u00e9trangers (Anaf\u00e9), dont Martine Landry, la responsable en question, est \u00e9galement membre, [&hellip;]\" \/>\n<meta property=\"og:url\" content=\"https:\/\/guineediversite.com\/index.php\/2017\/12\/16\/france-responsable-damnesty-poursuivie-aide-deux-mineurs-guineens\/\" \/>\n<meta property=\"og:site_name\" content=\"Guin\u00e9e Diversit\u00e9\" \/>\n<meta property=\"article:publisher\" content=\"https:\/\/www.facebook.com\/guineediversite\/\" \/>\n<meta property=\"article:published_time\" content=\"2017-12-16T12:52:01+00:00\" \/>\n<meta property=\"og:image\" content=\"https:\/\/guineediversite.com\/wp-content\/uploads\/2017\/12\/Evacuation-d-un-camp-de-migrants-a-la-frontiere-franco-italienne.jpg\" \/>\n\t<meta property=\"og:image:width\" content=\"1280\" \/>\n\t<meta property=\"og:image:height\" content=\"640\" \/>\n\t<meta property=\"og:image:type\" content=\"image\/jpeg\" \/>\n<meta name=\"author\" content=\"Guin\u00e9e Diversit\u00e9\" \/>\n<meta name=\"twitter:card\" content=\"summary_large_image\" \/>\n<meta name=\"twitter:creator\" content=\"@GuineeDiversite\" \/>\n<meta name=\"twitter:site\" content=\"@GuineeDiversite\" \/>\n<meta name=\"twitter:label1\" content=\"\u00c9crit par\" \/>\n\t<meta name=\"twitter:data1\" content=\"Guin\u00e9e Diversit\u00e9\" \/>\n\t<meta name=\"twitter:label2\" content=\"Dur\u00e9e de lecture estim\u00e9e\" \/>\n\t<meta name=\"twitter:data2\" content=\"2 minutes\" \/>\n<script type=\"application\/ld+json\" class=\"yoast-schema-graph\">{\"@context\":\"https:\/\/schema.org\",\"@graph\":[{\"@type\":\"Article\",\"@id\":\"https:\/\/guineediversite.com\/index.php\/2017\/12\/16\/france-responsable-damnesty-poursuivie-aide-deux-mineurs-guineens\/#article\",\"isPartOf\":{\"@id\":\"https:\/\/guineediversite.com\/index.php\/2017\/12\/16\/france-responsable-damnesty-poursuivie-aide-deux-mineurs-guineens\/\"},\"author\":{\"name\":\"Guin\u00e9e Diversit\u00e9\",\"@id\":\"https:\/\/guineediversite.com\/#\/schema\/person\/afa08fb34e7fc6e1feafc892612bc836\"},\"headline\":\"France: une responsable d&rsquo;Amnesty poursuivie pour avoir aid\u00e9 deux mineurs guin\u00e9ens\",\"datePublished\":\"2017-12-16T12:52:01+00:00\",\"dateModified\":\"2017-12-16T12:52:01+00:00\",\"mainEntityOfPage\":{\"@id\":\"https:\/\/guineediversite.com\/index.php\/2017\/12\/16\/france-responsable-damnesty-poursuivie-aide-deux-mineurs-guineens\/\"},\"wordCount\":423,\"publisher\":{\"@id\":\"https:\/\/guineediversite.com\/#organization\"},\"image\":{\"@id\":\"https:\/\/guineediversite.com\/index.php\/2017\/12\/16\/france-responsable-damnesty-poursuivie-aide-deux-mineurs-guineens\/#primaryimage\"},\"thumbnailUrl\":\"https:\/\/guineediversite.com\/wp-content\/uploads\/2017\/12\/Evacuation-d-un-camp-de-migrants-a-la-frontiere-franco-italienne.jpg\",\"keywords\":[\"France\",\"Guin\u00e9e\",\"Immigration\",\"Italie\"],\"articleSection\":[\"International\"],\"inLanguage\":\"fr-FR\"},{\"@type\":\"WebPage\",\"@id\":\"https:\/\/guineediversite.com\/index.php\/2017\/12\/16\/france-responsable-damnesty-poursuivie-aide-deux-mineurs-guineens\/\",\"url\":\"https:\/\/guineediversite.com\/index.php\/2017\/12\/16\/france-responsable-damnesty-poursuivie-aide-deux-mineurs-guineens\/\",\"name\":\"France: une responsable d'Amnesty poursuivie pour avoir aid\u00e9 deux mineurs guin\u00e9ens | Guin\u00e9e Diversit\u00e9\",\"isPartOf\":{\"@id\":\"https:\/\/guineediversite.com\/#website\"},\"primaryImageOfPage\":{\"@id\":\"https:\/\/guineediversite.com\/index.php\/2017\/12\/16\/france-responsable-damnesty-poursuivie-aide-deux-mineurs-guineens\/#primaryimage\"},\"image\":{\"@id\":\"https:\/\/guineediversite.com\/index.php\/2017\/12\/16\/france-responsable-damnesty-poursuivie-aide-deux-mineurs-guineens\/#primaryimage\"},\"thumbnailUrl\":\"https:\/\/guineediversite.com\/wp-content\/uploads\/2017\/12\/Evacuation-d-un-camp-de-migrants-a-la-frontiere-franco-italienne.jpg\",\"datePublished\":\"2017-12-16T12:52:01+00:00\",\"dateModified\":\"2017-12-16T12:52:01+00:00\",\"breadcrumb\":{\"@id\":\"https:\/\/guineediversite.com\/index.php\/2017\/12\/16\/france-responsable-damnesty-poursuivie-aide-deux-mineurs-guineens\/#breadcrumb\"},\"inLanguage\":\"fr-FR\",\"potentialAction\":[{\"@type\":\"ReadAction\",\"target\":[\"https:\/\/guineediversite.com\/index.php\/2017\/12\/16\/france-responsable-damnesty-poursuivie-aide-deux-mineurs-guineens\/\"]}]},{\"@type\":\"ImageObject\",\"inLanguage\":\"fr-FR\",\"@id\":\"https:\/\/guineediversite.com\/index.php\/2017\/12\/16\/france-responsable-damnesty-poursuivie-aide-deux-mineurs-guineens\/#primaryimage\",\"url\":\"https:\/\/guineediversite.com\/wp-content\/uploads\/2017\/12\/Evacuation-d-un-camp-de-migrants-a-la-frontiere-franco-italienne.jpg\",\"contentUrl\":\"https:\/\/guineediversite.com\/wp-content\/uploads\/2017\/12\/Evacuation-d-un-camp-de-migrants-a-la-frontiere-franco-italienne.jpg\",\"width\":1280,\"height\":640},{\"@type\":\"BreadcrumbList\",\"@id\":\"https:\/\/guineediversite.com\/index.php\/2017\/12\/16\/france-responsable-damnesty-poursuivie-aide-deux-mineurs-guineens\/#breadcrumb\",\"itemListElement\":[{\"@type\":\"ListItem\",\"position\":1,\"name\":\"Accueil\",\"item\":\"https:\/\/guineediversite.com\/\"},{\"@type\":\"ListItem\",\"position\":2,\"name\":\"France: une responsable d&rsquo;Amnesty poursuivie pour avoir aid\u00e9 deux mineurs guin\u00e9ens\"}]},{\"@type\":\"WebSite\",\"@id\":\"https:\/\/guineediversite.com\/#website\",\"url\":\"https:\/\/guineediversite.com\/\",\"name\":\"Guin\u00e9e Diversit\u00e9\",\"description\":\"L&#039;Info dans toute sa diversit\u00e9\",\"publisher\":{\"@id\":\"https:\/\/guineediversite.com\/#organization\"},\"potentialAction\":[{\"@type\":\"SearchAction\",\"target\":{\"@type\":\"EntryPoint\",\"urlTemplate\":\"https:\/\/guineediversite.com\/?s={search_term_string}\"},\"query-input\":{\"@type\":\"PropertyValueSpecification\",\"valueRequired\":true,\"valueName\":\"search_term_string\"}}],\"inLanguage\":\"fr-FR\"},{\"@type\":\"Organization\",\"@id\":\"https:\/\/guineediversite.com\/#organization\",\"name\":\"Guin\u00e9e Diversit\u00e9\",\"url\":\"https:\/\/guineediversite.com\/\",\"logo\":{\"@type\":\"ImageObject\",\"inLanguage\":\"fr-FR\",\"@id\":\"https:\/\/guineediversite.com\/#\/schema\/logo\/image\/\",\"url\":\"https:\/\/guineediversite.com\/wp-content\/uploads\/2017\/04\/cropped-1jojlxEOMkX9Wyqfhe43D6kjPOGqBBKmx3EwWJqZ0cMrFF54yM49.png\",\"contentUrl\":\"https:\/\/guineediversite.com\/wp-content\/uploads\/2017\/04\/cropped-1jojlxEOMkX9Wyqfhe43D6kjPOGqBBKmx3EwWJqZ0cMrFF54yM49.png\",\"width\":186,\"height\":112,\"caption\":\"Guin\u00e9e Diversit\u00e9\"},\"image\":{\"@id\":\"https:\/\/guineediversite.com\/#\/schema\/logo\/image\/\"},\"sameAs\":[\"https:\/\/www.facebook.com\/guineediversite\/\",\"https:\/\/x.com\/GuineeDiversite\",\"https:\/\/www.youtube.com\/channel\/UC8sUY16qelG5ge6_D5SB83g\"]},{\"@type\":\"Person\",\"@id\":\"https:\/\/guineediversite.com\/#\/schema\/person\/afa08fb34e7fc6e1feafc892612bc836\",\"name\":\"Guin\u00e9e Diversit\u00e9\",\"image\":{\"@type\":\"ImageObject\",\"inLanguage\":\"fr-FR\",\"@id\":\"https:\/\/guineediversite.com\/#\/schema\/person\/image\/\",\"url\":\"https:\/\/secure.gravatar.com\/avatar\/50d5eb5b390f8b65ac30ac6f898eb83a?s=96&d=mm&r=g\",\"contentUrl\":\"https:\/\/secure.gravatar.com\/avatar\/50d5eb5b390f8b65ac30ac6f898eb83a?s=96&d=mm&r=g\",\"caption\":\"Guin\u00e9e Diversit\u00e9\"},\"url\":\"https:\/\/guineediversite.com\/index.php\/author\/guineediversite\/\"}]}<\/script>\n<!-- \/ Yoast SEO plugin. -->","yoast_head_json":{"title":"France: une responsable d'Amnesty poursuivie pour avoir aid\u00e9 deux mineurs guin\u00e9ens | Guin\u00e9e Diversit\u00e9","robots":{"index":"index","follow":"follow","max-snippet":"max-snippet:-1","max-image-preview":"max-image-preview:large","max-video-preview":"max-video-preview:-1"},"canonical":"https:\/\/guineediversite.com\/index.php\/2017\/12\/16\/france-responsable-damnesty-poursuivie-aide-deux-mineurs-guineens\/","og_locale":"fr_FR","og_type":"article","og_title":"France: une responsable d'Amnesty poursuivie pour avoir aid\u00e9 deux mineurs guin\u00e9ens | Guin\u00e9e Diversit\u00e9","og_description":"Une responsable d&rsquo;Amnesty International, en charge pour cette organisation d&rsquo;une mission d&rsquo;observation \u00e0 la fronti\u00e8re franco-italienne, est poursuivie pour avoir aid\u00e9 des migrants en situation irr\u00e9guli\u00e8re, a annonc\u00e9 vendredi Amnesty. Dans un communiqu\u00e9 publi\u00e9 conjointement avec l&rsquo;Association nationale d&rsquo;assistance aux fronti\u00e8res pour les \u00e9trangers (Anaf\u00e9), dont Martine Landry, la responsable en question, est \u00e9galement membre, [&hellip;]","og_url":"https:\/\/guineediversite.com\/index.php\/2017\/12\/16\/france-responsable-damnesty-poursuivie-aide-deux-mineurs-guineens\/","og_site_name":"Guin\u00e9e Diversit\u00e9","article_publisher":"https:\/\/www.facebook.com\/guineediversite\/","article_published_time":"2017-12-16T12:52:01+00:00","og_image":[{"width":1280,"height":640,"url":"https:\/\/guineediversite.com\/wp-content\/uploads\/2017\/12\/Evacuation-d-un-camp-de-migrants-a-la-frontiere-franco-italienne.jpg","type":"image\/jpeg"}],"author":"Guin\u00e9e Diversit\u00e9","twitter_card":"summary_large_image","twitter_creator":"@GuineeDiversite","twitter_site":"@GuineeDiversite","twitter_misc":{"\u00c9crit par":"Guin\u00e9e Diversit\u00e9","Dur\u00e9e de lecture estim\u00e9e":"2 minutes"},"schema":{"@context":"https:\/\/schema.org","@graph":[{"@type":"Article","@id":"https:\/\/guineediversite.com\/index.php\/2017\/12\/16\/france-responsable-damnesty-poursuivie-aide-deux-mineurs-guineens\/#article","isPartOf":{"@id":"https:\/\/guineediversite.com\/index.php\/2017\/12\/16\/france-responsable-damnesty-poursuivie-aide-deux-mineurs-guineens\/"},"author":{"name":"Guin\u00e9e Diversit\u00e9","@id":"https:\/\/guineediversite.com\/#\/schema\/person\/afa08fb34e7fc6e1feafc892612bc836"},"headline":"France: une responsable d&rsquo;Amnesty poursuivie pour avoir aid\u00e9 deux mineurs guin\u00e9ens","datePublished":"2017-12-16T12:52:01+00:00","dateModified":"2017-12-16T12:52:01+00:00","mainEntityOfPage":{"@id":"https:\/\/guineediversite.com\/index.php\/2017\/12\/16\/france-responsable-damnesty-poursuivie-aide-deux-mineurs-guineens\/"},"wordCount":423,"publisher":{"@id":"https:\/\/guineediversite.com\/#organization"},"image":{"@id":"https:\/\/guineediversite.com\/index.php\/2017\/12\/16\/france-responsable-damnesty-poursuivie-aide-deux-mineurs-guineens\/#primaryimage"},"thumbnailUrl":"https:\/\/guineediversite.com\/wp-content\/uploads\/2017\/12\/Evacuation-d-un-camp-de-migrants-a-la-frontiere-franco-italienne.jpg","keywords":["France","Guin\u00e9e","Immigration","Italie"],"articleSection":["International"],"inLanguage":"fr-FR"},{"@type":"WebPage","@id":"https:\/\/guineediversite.com\/index.php\/2017\/12\/16\/france-responsable-damnesty-poursuivie-aide-deux-mineurs-guineens\/","url":"https:\/\/guineediversite.com\/index.php\/2017\/12\/16\/france-responsable-damnesty-poursuivie-aide-deux-mineurs-guineens\/","name":"France: une responsable d'Amnesty poursuivie pour avoir aid\u00e9 deux mineurs guin\u00e9ens | Guin\u00e9e Diversit\u00e9","isPartOf":{"@id":"https:\/\/guineediversite.com\/#website"},"primaryImageOfPage":{"@id":"https:\/\/guineediversite.com\/index.php\/2017\/12\/16\/france-responsable-damnesty-poursuivie-aide-deux-mineurs-guineens\/#primaryimage"},"image":{"@id":"https:\/\/guineediversite.com\/index.php\/2017\/12\/16\/france-responsable-damnesty-poursuivie-aide-deux-mineurs-guineens\/#primaryimage"},"thumbnailUrl":"https:\/\/guineediversite.com\/wp-content\/uploads\/2017\/12\/Evacuation-d-un-camp-de-migrants-a-la-frontiere-franco-italienne.jpg","datePublished":"2017-12-16T12:52:01+00:00","dateModified":"2017-12-16T12:52:01+00:00","breadcrumb":{"@id":"https:\/\/guineediversite.com\/index.php\/2017\/12\/16\/france-responsable-damnesty-poursuivie-aide-deux-mineurs-guineens\/#breadcrumb"},"inLanguage":"fr-FR","potentialAction":[{"@type":"ReadAction","target":["https:\/\/guineediversite.com\/index.php\/2017\/12\/16\/france-responsable-damnesty-poursuivie-aide-deux-mineurs-guineens\/"]}]},{"@type":"ImageObject","inLanguage":"fr-FR","@id":"https:\/\/guineediversite.com\/index.php\/2017\/12\/16\/france-responsable-damnesty-poursuivie-aide-deux-mineurs-guineens\/#primaryimage","url":"https:\/\/guineediversite.com\/wp-content\/uploads\/2017\/12\/Evacuation-d-un-camp-de-migrants-a-la-frontiere-franco-italienne.jpg","contentUrl":"https:\/\/guineediversite.com\/wp-content\/uploads\/2017\/12\/Evacuation-d-un-camp-de-migrants-a-la-frontiere-franco-italienne.jpg","width":1280,"height":640},{"@type":"BreadcrumbList","@id":"https:\/\/guineediversite.com\/index.php\/2017\/12\/16\/france-responsable-damnesty-poursuivie-aide-deux-mineurs-guineens\/#breadcrumb","itemListElement":[{"@type":"ListItem","position":1,"name":"Accueil","item":"https:\/\/guineediversite.com\/"},{"@type":"ListItem","position":2,"name":"France: une responsable d&rsquo;Amnesty poursuivie pour avoir aid\u00e9 deux mineurs guin\u00e9ens"}]},{"@type":"WebSite","@id":"https:\/\/guineediversite.com\/#website","url":"https:\/\/guineediversite.com\/","name":"Guin\u00e9e Diversit\u00e9","description":"L&#039;Info dans toute sa diversit\u00e9","publisher":{"@id":"https:\/\/guineediversite.com\/#organization"},"potentialAction":[{"@type":"SearchAction","target":{"@type":"EntryPoint","urlTemplate":"https:\/\/guineediversite.com\/?s={search_term_string}"},"query-input":{"@type":"PropertyValueSpecification","valueRequired":true,"valueName":"search_term_string"}}],"inLanguage":"fr-FR"},{"@type":"Organization","@id":"https:\/\/guineediversite.com\/#organization","name":"Guin\u00e9e Diversit\u00e9","url":"https:\/\/guineediversite.com\/","logo":{"@type":"ImageObject","inLanguage":"fr-FR","@id":"https:\/\/guineediversite.com\/#\/schema\/logo\/image\/","url":"https:\/\/guineediversite.com\/wp-content\/uploads\/2017\/04\/cropped-1jojlxEOMkX9Wyqfhe43D6kjPOGqBBKmx3EwWJqZ0cMrFF54yM49.png","contentUrl":"https:\/\/guineediversite.com\/wp-content\/uploads\/2017\/04\/cropped-1jojlxEOMkX9Wyqfhe43D6kjPOGqBBKmx3EwWJqZ0cMrFF54yM49.png","width":186,"height":112,"caption":"Guin\u00e9e Diversit\u00e9"},"image":{"@id":"https:\/\/guineediversite.com\/#\/schema\/logo\/image\/"},"sameAs":["https:\/\/www.facebook.com\/guineediversite\/","https:\/\/x.com\/GuineeDiversite","https:\/\/www.youtube.com\/channel\/UC8sUY16qelG5ge6_D5SB83g"]},{"@type":"Person","@id":"https:\/\/guineediversite.com\/#\/schema\/person\/afa08fb34e7fc6e1feafc892612bc836","name":"Guin\u00e9e Diversit\u00e9","image":{"@type":"ImageObject","inLanguage":"fr-FR","@id":"https:\/\/guineediversite.com\/#\/schema\/person\/image\/","url":"https:\/\/secure.gravatar.com\/avatar\/50d5eb5b390f8b65ac30ac6f898eb83a?s=96&d=mm&r=g","contentUrl":"https:\/\/secure.gravatar.com\/avatar\/50d5eb5b390f8b65ac30ac6f898eb83a?s=96&d=mm&r=g","caption":"Guin\u00e9e Diversit\u00e9"},"url":"https:\/\/guineediversite.com\/index.php\/author\/guineediversite\/"}]}},"_links":{"self":[{"href":"https:\/\/guineediversite.com\/index.php\/wp-json\/wp\/v2\/posts\/23402"}],"collection":[{"href":"https:\/\/guineediversite.com\/index.php\/wp-json\/wp\/v2\/posts"}],"about":[{"href":"https:\/\/guineediversite.com\/index.php\/wp-json\/wp\/v2\/types\/post"}],"author":[{"embeddable":true,"href":"https:\/\/guineediversite.com\/index.php\/wp-json\/wp\/v2\/users\/12"}],"replies":[{"embeddable":true,"href":"https:\/\/guineediversite.com\/index.php\/wp-json\/wp\/v2\/comments?post=23402"}],"version-history":[{"count":0,"href":"https:\/\/guineediversite.com\/index.php\/wp-json\/wp\/v2\/posts\/23402\/revisions"}],"wp:featuredmedia":[{"embeddable":true,"href":"https:\/\/guineediversite.com\/index.php\/wp-json\/wp\/v2\/media\/23403"}],"wp:attachment":[{"href":"https:\/\/guineediversite.com\/index.php\/wp-json\/wp\/v2\/media?parent=23402"}],"wp:term":[{"taxonomy":"category","embeddable":true,"href":"https:\/\/guineediversite.com\/index.php\/wp-json\/wp\/v2\/categories?post=23402"},{"taxonomy":"post_tag","embeddable":true,"href":"https:\/\/guineediversite.com\/index.php\/wp-json\/wp\/v2\/tags?post=23402"}],"curies":[{"name":"wp","href":"https:\/\/api.w.org\/{rel}","templated":true}]}}