{"id":23202,"date":"2017-12-01T18:05:39","date_gmt":"2017-12-01T17:05:39","guid":{"rendered":"https:\/\/guineediversite.com\/?p=23202"},"modified":"2017-12-01T18:05:39","modified_gmt":"2017-12-01T17:05:39","slug":"journee-mondiale-de-lutte-contre-vih-sida-celebree-guinee","status":"publish","type":"post","link":"https:\/\/guineediversite.com\/index.php\/2017\/12\/01\/journee-mondiale-de-lutte-contre-vih-sida-celebree-guinee\/","title":{"rendered":"La journ\u00e9e mondiale de lutte contre le VIH\/SIDA  c\u00e9l\u00e9br\u00e9e en Guin\u00e9e"},"content":{"rendered":"<p>La Guin\u00e9e \u00e0 l\u2019instar des autre pays du monde \u00e0 c\u00e9l\u00e9br\u00e9 aujourd\u2019hui la journ\u00e9e mondiale de lutte contre le VIH\/SIDA \u00e0 Conakry. Le droit \u00e0 la sant\u00e9 est le th\u00e8me retenu par l\u2019ONUSIDA pour cette ann\u00e9e 2017. Selon des statistiques, en Guin\u00e9e plus de 120 milles personnes sont affect\u00e9es par le VIH\/SIDA.<\/p>\n<p>Cette c\u00e9r\u00e9monie est une occasion pour l\u2019humanit\u00e9 de faire le bilan des actions men\u00e9es dans la \u00a0lutte contre le VIH\/SIDA au cours des derniers mois. S\u00e9raphine Wakana coordinatrice r\u00e9sidente du syst\u00e8me des nations unis en Guin\u00e9e, a indiqu\u00e9 que\u00a0: \u00ab\u00a0cette ann\u00e9es des \u00e9tapes significatives ont \u00e9t\u00e9 franchie sur la voie des objectifs de traitement et de r\u00e9alisation des objectifs 90\u00a0, 90. Pr\u00e9s de 21 millions de personnes vivant avec le VIH\/SIDA sont d\u00e9sormais sous traitement. Les nouvelles infections du VIH, ainsi que le d\u00e9c\u00e8s li\u00e9 au sida sont entrain de baisser dans de nombreux partis du monde.\u00a0\u00bb<\/p>\n<p>Pour le maintient de ce cap S\u00e9raphine Wakana souligne\u00a0: \u00ab\u00a0Nous devons inlassablement renforcer les moyens de pr\u00e9vention et de sensibilisation. En Guin\u00e9e, plus de 120 milles personnes sont affect\u00e9s et seulement 35% ont acc\u00e8s au traitement anti r\u00e9trovirale\u00a0\u00bb.<\/p>\n<p>Mamady Youla premier ministre guin\u00e9en, a rappeler l\u2019engagement de son gouvernement \u00e0 lutter contre le VIH\u00a0\/SIDA\u00a0: \u00ab\u00a0l\u2019\u00e9radication de l\u2019\u00e9pid\u00e9mie VIH\/SIDA figure en bonne place dans les nouveaux objectifs du d\u00e9veloppement que la communaut\u00e9 internationale s\u2019est assign\u00e9, notre pays ne sera pas en marge de cette lutte pour vaincre rapidement ce fl\u00e9au, a travers l\u2019engagement de mon service et l\u2019appui de nos partenaires, le m\u00e9canisme de riposte dans notre pays figure au rang du priorit\u00e9 du gouvernent de la troisi\u00e8me r\u00e9publique pour une Guin\u00e9e sans Sida \u00e0 l\u2019horizon 2020\u00a0.<\/p>\n<p>A pr\u00e9ciser que, tout le mois de d\u00e9cembre est consacr\u00e9 a la lutte\u00a0contre le VIH\/SIDA. Et la bataille pour vaincre le vih\/sida doit \u00eatre l\u2019affaire de tous.<\/p>\n","protected":false},"excerpt":{"rendered":"<p>La Guin\u00e9e \u00e0 l\u2019instar des autre pays du monde \u00e0 c\u00e9l\u00e9br\u00e9 aujourd\u2019hui la journ\u00e9e mondiale de lutte contre le VIH\/SIDA \u00e0 Conakry. Le droit \u00e0 la sant\u00e9 est le th\u00e8me retenu par l\u2019ONUSIDA pour cette ann\u00e9e 2017. Selon des statistiques, en Guin\u00e9e plus de 120 milles personnes sont affect\u00e9es par le VIH\/SIDA. Cette c\u00e9r\u00e9monie est [&hellip;]<\/p>\n","protected":false},"author":10,"featured_media":23203,"comment_status":"closed","ping_status":"closed","sticky":false,"template":"","format":"standard","meta":{"_exactmetrics_skip_tracking":false,"_exactmetrics_sitenote_active":false,"_exactmetrics_sitenote_note":"","_exactmetrics_sitenote_category":0,"tdm_status":"","tdm_grid_status":"","footnotes":""},"categories":[16],"tags":[],"class_list":{"0":"post-23202","1":"post","2":"type-post","3":"status-publish","4":"format-standard","5":"has-post-thumbnail","7":"category-societe"},"yoast_head":"<!-- This site is optimized with the Yoast SEO plugin v24.2 - https:\/\/yoast.com\/wordpress\/plugins\/seo\/ -->\n<title>La journ\u00e9e mondiale de lutte contre le VIH\/SIDA c\u00e9l\u00e9br\u00e9e en Guin\u00e9e | Guin\u00e9e Diversit\u00e9<\/title>\n<meta name=\"robots\" content=\"index, follow, max-snippet:-1, max-image-preview:large, max-video-preview:-1\" \/>\n<link rel=\"canonical\" href=\"https:\/\/guineediversite.com\/index.php\/2017\/12\/01\/journee-mondiale-de-lutte-contre-vih-sida-celebree-guinee\/\" \/>\n<meta property=\"og:locale\" content=\"fr_FR\" \/>\n<meta property=\"og:type\" content=\"article\" \/>\n<meta property=\"og:title\" content=\"La journ\u00e9e mondiale de lutte contre le VIH\/SIDA c\u00e9l\u00e9br\u00e9e en Guin\u00e9e | Guin\u00e9e Diversit\u00e9\" \/>\n<meta property=\"og:description\" content=\"La Guin\u00e9e \u00e0 l\u2019instar des autre pays du monde \u00e0 c\u00e9l\u00e9br\u00e9 aujourd\u2019hui la journ\u00e9e mondiale de lutte contre le VIH\/SIDA \u00e0 Conakry. Le droit \u00e0 la sant\u00e9 est le th\u00e8me retenu par l\u2019ONUSIDA pour cette ann\u00e9e 2017. Selon des statistiques, en Guin\u00e9e plus de 120 milles personnes sont affect\u00e9es par le VIH\/SIDA. Cette c\u00e9r\u00e9monie est [&hellip;]\" \/>\n<meta property=\"og:url\" content=\"https:\/\/guineediversite.com\/index.php\/2017\/12\/01\/journee-mondiale-de-lutte-contre-vih-sida-celebree-guinee\/\" \/>\n<meta property=\"og:site_name\" content=\"Guin\u00e9e Diversit\u00e9\" \/>\n<meta property=\"article:publisher\" content=\"https:\/\/www.facebook.com\/guineediversite\/\" \/>\n<meta property=\"article:published_time\" content=\"2017-12-01T17:05:39+00:00\" \/>\n<meta property=\"og:image\" content=\"https:\/\/guineediversite.com\/wp-content\/uploads\/2017\/12\/24281993_2476008282624764_693564673_o.jpg\" \/>\n\t<meta property=\"og:image:width\" content=\"1024\" \/>\n\t<meta property=\"og:image:height\" content=\"768\" \/>\n\t<meta property=\"og:image:type\" content=\"image\/jpeg\" \/>\n<meta name=\"author\" content=\"Morcire Camara\" \/>\n<meta name=\"twitter:card\" content=\"summary_large_image\" \/>\n<meta name=\"twitter:creator\" content=\"@GuineeDiversite\" \/>\n<meta name=\"twitter:site\" content=\"@GuineeDiversite\" \/>\n<meta name=\"twitter:label1\" content=\"\u00c9crit par\" \/>\n\t<meta name=\"twitter:data1\" content=\"Morcire Camara\" \/>\n\t<meta name=\"twitter:label2\" content=\"Dur\u00e9e de lecture estim\u00e9e\" \/>\n\t<meta name=\"twitter:data2\" content=\"2 minutes\" \/>\n<script type=\"application\/ld+json\" class=\"yoast-schema-graph\">{\"@context\":\"https:\/\/schema.org\",\"@graph\":[{\"@type\":\"Article\",\"@id\":\"https:\/\/guineediversite.com\/index.php\/2017\/12\/01\/journee-mondiale-de-lutte-contre-vih-sida-celebree-guinee\/#article\",\"isPartOf\":{\"@id\":\"https:\/\/guineediversite.com\/index.php\/2017\/12\/01\/journee-mondiale-de-lutte-contre-vih-sida-celebree-guinee\/\"},\"author\":{\"name\":\"Morcire Camara\",\"@id\":\"https:\/\/guineediversite.com\/#\/schema\/person\/fa362494c47202ce4b3adf55abcc9d01\"},\"headline\":\"La journ\u00e9e mondiale de lutte contre le VIH\/SIDA c\u00e9l\u00e9br\u00e9e en Guin\u00e9e\",\"datePublished\":\"2017-12-01T17:05:39+00:00\",\"dateModified\":\"2017-12-01T17:05:39+00:00\",\"mainEntityOfPage\":{\"@id\":\"https:\/\/guineediversite.com\/index.php\/2017\/12\/01\/journee-mondiale-de-lutte-contre-vih-sida-celebree-guinee\/\"},\"wordCount\":363,\"publisher\":{\"@id\":\"https:\/\/guineediversite.com\/#organization\"},\"image\":{\"@id\":\"https:\/\/guineediversite.com\/index.php\/2017\/12\/01\/journee-mondiale-de-lutte-contre-vih-sida-celebree-guinee\/#primaryimage\"},\"thumbnailUrl\":\"https:\/\/guineediversite.com\/wp-content\/uploads\/2017\/12\/24281993_2476008282624764_693564673_o.jpg\",\"articleSection\":[\"Soci\u00e9t\u00e9\"],\"inLanguage\":\"fr-FR\"},{\"@type\":\"WebPage\",\"@id\":\"https:\/\/guineediversite.com\/index.php\/2017\/12\/01\/journee-mondiale-de-lutte-contre-vih-sida-celebree-guinee\/\",\"url\":\"https:\/\/guineediversite.com\/index.php\/2017\/12\/01\/journee-mondiale-de-lutte-contre-vih-sida-celebree-guinee\/\",\"name\":\"La journ\u00e9e mondiale de lutte contre le VIH\/SIDA c\u00e9l\u00e9br\u00e9e en Guin\u00e9e | Guin\u00e9e Diversit\u00e9\",\"isPartOf\":{\"@id\":\"https:\/\/guineediversite.com\/#website\"},\"primaryImageOfPage\":{\"@id\":\"https:\/\/guineediversite.com\/index.php\/2017\/12\/01\/journee-mondiale-de-lutte-contre-vih-sida-celebree-guinee\/#primaryimage\"},\"image\":{\"@id\":\"https:\/\/guineediversite.com\/index.php\/2017\/12\/01\/journee-mondiale-de-lutte-contre-vih-sida-celebree-guinee\/#primaryimage\"},\"thumbnailUrl\":\"https:\/\/guineediversite.com\/wp-content\/uploads\/2017\/12\/24281993_2476008282624764_693564673_o.jpg\",\"datePublished\":\"2017-12-01T17:05:39+00:00\",\"dateModified\":\"2017-12-01T17:05:39+00:00\",\"breadcrumb\":{\"@id\":\"https:\/\/guineediversite.com\/index.php\/2017\/12\/01\/journee-mondiale-de-lutte-contre-vih-sida-celebree-guinee\/#breadcrumb\"},\"inLanguage\":\"fr-FR\",\"potentialAction\":[{\"@type\":\"ReadAction\",\"target\":[\"https:\/\/guineediversite.com\/index.php\/2017\/12\/01\/journee-mondiale-de-lutte-contre-vih-sida-celebree-guinee\/\"]}]},{\"@type\":\"ImageObject\",\"inLanguage\":\"fr-FR\",\"@id\":\"https:\/\/guineediversite.com\/index.php\/2017\/12\/01\/journee-mondiale-de-lutte-contre-vih-sida-celebree-guinee\/#primaryimage\",\"url\":\"https:\/\/guineediversite.com\/wp-content\/uploads\/2017\/12\/24281993_2476008282624764_693564673_o.jpg\",\"contentUrl\":\"https:\/\/guineediversite.com\/wp-content\/uploads\/2017\/12\/24281993_2476008282624764_693564673_o.jpg\",\"width\":1024,\"height\":768},{\"@type\":\"BreadcrumbList\",\"@id\":\"https:\/\/guineediversite.com\/index.php\/2017\/12\/01\/journee-mondiale-de-lutte-contre-vih-sida-celebree-guinee\/#breadcrumb\",\"itemListElement\":[{\"@type\":\"ListItem\",\"position\":1,\"name\":\"Accueil\",\"item\":\"https:\/\/guineediversite.com\/\"},{\"@type\":\"ListItem\",\"position\":2,\"name\":\"La journ\u00e9e mondiale de lutte contre le VIH\/SIDA c\u00e9l\u00e9br\u00e9e en Guin\u00e9e\"}]},{\"@type\":\"WebSite\",\"@id\":\"https:\/\/guineediversite.com\/#website\",\"url\":\"https:\/\/guineediversite.com\/\",\"name\":\"Guin\u00e9e Diversit\u00e9\",\"description\":\"L&#039;Info dans toute sa diversit\u00e9\",\"publisher\":{\"@id\":\"https:\/\/guineediversite.com\/#organization\"},\"potentialAction\":[{\"@type\":\"SearchAction\",\"target\":{\"@type\":\"EntryPoint\",\"urlTemplate\":\"https:\/\/guineediversite.com\/?s={search_term_string}\"},\"query-input\":{\"@type\":\"PropertyValueSpecification\",\"valueRequired\":true,\"valueName\":\"search_term_string\"}}],\"inLanguage\":\"fr-FR\"},{\"@type\":\"Organization\",\"@id\":\"https:\/\/guineediversite.com\/#organization\",\"name\":\"Guin\u00e9e Diversit\u00e9\",\"url\":\"https:\/\/guineediversite.com\/\",\"logo\":{\"@type\":\"ImageObject\",\"inLanguage\":\"fr-FR\",\"@id\":\"https:\/\/guineediversite.com\/#\/schema\/logo\/image\/\",\"url\":\"https:\/\/guineediversite.com\/wp-content\/uploads\/2017\/04\/cropped-1jojlxEOMkX9Wyqfhe43D6kjPOGqBBKmx3EwWJqZ0cMrFF54yM49.png\",\"contentUrl\":\"https:\/\/guineediversite.com\/wp-content\/uploads\/2017\/04\/cropped-1jojlxEOMkX9Wyqfhe43D6kjPOGqBBKmx3EwWJqZ0cMrFF54yM49.png\",\"width\":186,\"height\":112,\"caption\":\"Guin\u00e9e Diversit\u00e9\"},\"image\":{\"@id\":\"https:\/\/guineediversite.com\/#\/schema\/logo\/image\/\"},\"sameAs\":[\"https:\/\/www.facebook.com\/guineediversite\/\",\"https:\/\/x.com\/GuineeDiversite\",\"https:\/\/www.youtube.com\/channel\/UC8sUY16qelG5ge6_D5SB83g\"]},{\"@type\":\"Person\",\"@id\":\"https:\/\/guineediversite.com\/#\/schema\/person\/fa362494c47202ce4b3adf55abcc9d01\",\"name\":\"Morcire Camara\",\"image\":{\"@type\":\"ImageObject\",\"inLanguage\":\"fr-FR\",\"@id\":\"https:\/\/guineediversite.com\/#\/schema\/person\/image\/\",\"url\":\"https:\/\/secure.gravatar.com\/avatar\/3ec324f02295bbcebe03d99b39330ab4?s=96&d=mm&r=g\",\"contentUrl\":\"https:\/\/secure.gravatar.com\/avatar\/3ec324f02295bbcebe03d99b39330ab4?s=96&d=mm&r=g\",\"caption\":\"Morcire Camara\"},\"url\":\"https:\/\/guineediversite.com\/index.php\/author\/morcire\/\"}]}<\/script>\n<!-- \/ Yoast SEO plugin. -->","yoast_head_json":{"title":"La journ\u00e9e mondiale de lutte contre le VIH\/SIDA c\u00e9l\u00e9br\u00e9e en Guin\u00e9e | Guin\u00e9e Diversit\u00e9","robots":{"index":"index","follow":"follow","max-snippet":"max-snippet:-1","max-image-preview":"max-image-preview:large","max-video-preview":"max-video-preview:-1"},"canonical":"https:\/\/guineediversite.com\/index.php\/2017\/12\/01\/journee-mondiale-de-lutte-contre-vih-sida-celebree-guinee\/","og_locale":"fr_FR","og_type":"article","og_title":"La journ\u00e9e mondiale de lutte contre le VIH\/SIDA c\u00e9l\u00e9br\u00e9e en Guin\u00e9e | Guin\u00e9e Diversit\u00e9","og_description":"La Guin\u00e9e \u00e0 l\u2019instar des autre pays du monde \u00e0 c\u00e9l\u00e9br\u00e9 aujourd\u2019hui la journ\u00e9e mondiale de lutte contre le VIH\/SIDA \u00e0 Conakry. Le droit \u00e0 la sant\u00e9 est le th\u00e8me retenu par l\u2019ONUSIDA pour cette ann\u00e9e 2017. Selon des statistiques, en Guin\u00e9e plus de 120 milles personnes sont affect\u00e9es par le VIH\/SIDA. Cette c\u00e9r\u00e9monie est [&hellip;]","og_url":"https:\/\/guineediversite.com\/index.php\/2017\/12\/01\/journee-mondiale-de-lutte-contre-vih-sida-celebree-guinee\/","og_site_name":"Guin\u00e9e Diversit\u00e9","article_publisher":"https:\/\/www.facebook.com\/guineediversite\/","article_published_time":"2017-12-01T17:05:39+00:00","og_image":[{"width":1024,"height":768,"url":"https:\/\/guineediversite.com\/wp-content\/uploads\/2017\/12\/24281993_2476008282624764_693564673_o.jpg","type":"image\/jpeg"}],"author":"Morcire Camara","twitter_card":"summary_large_image","twitter_creator":"@GuineeDiversite","twitter_site":"@GuineeDiversite","twitter_misc":{"\u00c9crit par":"Morcire Camara","Dur\u00e9e de lecture estim\u00e9e":"2 minutes"},"schema":{"@context":"https:\/\/schema.org","@graph":[{"@type":"Article","@id":"https:\/\/guineediversite.com\/index.php\/2017\/12\/01\/journee-mondiale-de-lutte-contre-vih-sida-celebree-guinee\/#article","isPartOf":{"@id":"https:\/\/guineediversite.com\/index.php\/2017\/12\/01\/journee-mondiale-de-lutte-contre-vih-sida-celebree-guinee\/"},"author":{"name":"Morcire Camara","@id":"https:\/\/guineediversite.com\/#\/schema\/person\/fa362494c47202ce4b3adf55abcc9d01"},"headline":"La journ\u00e9e mondiale de lutte contre le VIH\/SIDA c\u00e9l\u00e9br\u00e9e en Guin\u00e9e","datePublished":"2017-12-01T17:05:39+00:00","dateModified":"2017-12-01T17:05:39+00:00","mainEntityOfPage":{"@id":"https:\/\/guineediversite.com\/index.php\/2017\/12\/01\/journee-mondiale-de-lutte-contre-vih-sida-celebree-guinee\/"},"wordCount":363,"publisher":{"@id":"https:\/\/guineediversite.com\/#organization"},"image":{"@id":"https:\/\/guineediversite.com\/index.php\/2017\/12\/01\/journee-mondiale-de-lutte-contre-vih-sida-celebree-guinee\/#primaryimage"},"thumbnailUrl":"https:\/\/guineediversite.com\/wp-content\/uploads\/2017\/12\/24281993_2476008282624764_693564673_o.jpg","articleSection":["Soci\u00e9t\u00e9"],"inLanguage":"fr-FR"},{"@type":"WebPage","@id":"https:\/\/guineediversite.com\/index.php\/2017\/12\/01\/journee-mondiale-de-lutte-contre-vih-sida-celebree-guinee\/","url":"https:\/\/guineediversite.com\/index.php\/2017\/12\/01\/journee-mondiale-de-lutte-contre-vih-sida-celebree-guinee\/","name":"La journ\u00e9e mondiale de lutte contre le VIH\/SIDA c\u00e9l\u00e9br\u00e9e en Guin\u00e9e | Guin\u00e9e Diversit\u00e9","isPartOf":{"@id":"https:\/\/guineediversite.com\/#website"},"primaryImageOfPage":{"@id":"https:\/\/guineediversite.com\/index.php\/2017\/12\/01\/journee-mondiale-de-lutte-contre-vih-sida-celebree-guinee\/#primaryimage"},"image":{"@id":"https:\/\/guineediversite.com\/index.php\/2017\/12\/01\/journee-mondiale-de-lutte-contre-vih-sida-celebree-guinee\/#primaryimage"},"thumbnailUrl":"https:\/\/guineediversite.com\/wp-content\/uploads\/2017\/12\/24281993_2476008282624764_693564673_o.jpg","datePublished":"2017-12-01T17:05:39+00:00","dateModified":"2017-12-01T17:05:39+00:00","breadcrumb":{"@id":"https:\/\/guineediversite.com\/index.php\/2017\/12\/01\/journee-mondiale-de-lutte-contre-vih-sida-celebree-guinee\/#breadcrumb"},"inLanguage":"fr-FR","potentialAction":[{"@type":"ReadAction","target":["https:\/\/guineediversite.com\/index.php\/2017\/12\/01\/journee-mondiale-de-lutte-contre-vih-sida-celebree-guinee\/"]}]},{"@type":"ImageObject","inLanguage":"fr-FR","@id":"https:\/\/guineediversite.com\/index.php\/2017\/12\/01\/journee-mondiale-de-lutte-contre-vih-sida-celebree-guinee\/#primaryimage","url":"https:\/\/guineediversite.com\/wp-content\/uploads\/2017\/12\/24281993_2476008282624764_693564673_o.jpg","contentUrl":"https:\/\/guineediversite.com\/wp-content\/uploads\/2017\/12\/24281993_2476008282624764_693564673_o.jpg","width":1024,"height":768},{"@type":"BreadcrumbList","@id":"https:\/\/guineediversite.com\/index.php\/2017\/12\/01\/journee-mondiale-de-lutte-contre-vih-sida-celebree-guinee\/#breadcrumb","itemListElement":[{"@type":"ListItem","position":1,"name":"Accueil","item":"https:\/\/guineediversite.com\/"},{"@type":"ListItem","position":2,"name":"La journ\u00e9e mondiale de lutte contre le VIH\/SIDA c\u00e9l\u00e9br\u00e9e en Guin\u00e9e"}]},{"@type":"WebSite","@id":"https:\/\/guineediversite.com\/#website","url":"https:\/\/guineediversite.com\/","name":"Guin\u00e9e Diversit\u00e9","description":"L&#039;Info dans toute sa diversit\u00e9","publisher":{"@id":"https:\/\/guineediversite.com\/#organization"},"potentialAction":[{"@type":"SearchAction","target":{"@type":"EntryPoint","urlTemplate":"https:\/\/guineediversite.com\/?s={search_term_string}"},"query-input":{"@type":"PropertyValueSpecification","valueRequired":true,"valueName":"search_term_string"}}],"inLanguage":"fr-FR"},{"@type":"Organization","@id":"https:\/\/guineediversite.com\/#organization","name":"Guin\u00e9e Diversit\u00e9","url":"https:\/\/guineediversite.com\/","logo":{"@type":"ImageObject","inLanguage":"fr-FR","@id":"https:\/\/guineediversite.com\/#\/schema\/logo\/image\/","url":"https:\/\/guineediversite.com\/wp-content\/uploads\/2017\/04\/cropped-1jojlxEOMkX9Wyqfhe43D6kjPOGqBBKmx3EwWJqZ0cMrFF54yM49.png","contentUrl":"https:\/\/guineediversite.com\/wp-content\/uploads\/2017\/04\/cropped-1jojlxEOMkX9Wyqfhe43D6kjPOGqBBKmx3EwWJqZ0cMrFF54yM49.png","width":186,"height":112,"caption":"Guin\u00e9e Diversit\u00e9"},"image":{"@id":"https:\/\/guineediversite.com\/#\/schema\/logo\/image\/"},"sameAs":["https:\/\/www.facebook.com\/guineediversite\/","https:\/\/x.com\/GuineeDiversite","https:\/\/www.youtube.com\/channel\/UC8sUY16qelG5ge6_D5SB83g"]},{"@type":"Person","@id":"https:\/\/guineediversite.com\/#\/schema\/person\/fa362494c47202ce4b3adf55abcc9d01","name":"Morcire Camara","image":{"@type":"ImageObject","inLanguage":"fr-FR","@id":"https:\/\/guineediversite.com\/#\/schema\/person\/image\/","url":"https:\/\/secure.gravatar.com\/avatar\/3ec324f02295bbcebe03d99b39330ab4?s=96&d=mm&r=g","contentUrl":"https:\/\/secure.gravatar.com\/avatar\/3ec324f02295bbcebe03d99b39330ab4?s=96&d=mm&r=g","caption":"Morcire Camara"},"url":"https:\/\/guineediversite.com\/index.php\/author\/morcire\/"}]}},"_links":{"self":[{"href":"https:\/\/guineediversite.com\/index.php\/wp-json\/wp\/v2\/posts\/23202"}],"collection":[{"href":"https:\/\/guineediversite.com\/index.php\/wp-json\/wp\/v2\/posts"}],"about":[{"href":"https:\/\/guineediversite.com\/index.php\/wp-json\/wp\/v2\/types\/post"}],"author":[{"embeddable":true,"href":"https:\/\/guineediversite.com\/index.php\/wp-json\/wp\/v2\/users\/10"}],"replies":[{"embeddable":true,"href":"https:\/\/guineediversite.com\/index.php\/wp-json\/wp\/v2\/comments?post=23202"}],"version-history":[{"count":0,"href":"https:\/\/guineediversite.com\/index.php\/wp-json\/wp\/v2\/posts\/23202\/revisions"}],"wp:featuredmedia":[{"embeddable":true,"href":"https:\/\/guineediversite.com\/index.php\/wp-json\/wp\/v2\/media\/23203"}],"wp:attachment":[{"href":"https:\/\/guineediversite.com\/index.php\/wp-json\/wp\/v2\/media?parent=23202"}],"wp:term":[{"taxonomy":"category","embeddable":true,"href":"https:\/\/guineediversite.com\/index.php\/wp-json\/wp\/v2\/categories?post=23202"},{"taxonomy":"post_tag","embeddable":true,"href":"https:\/\/guineediversite.com\/index.php\/wp-json\/wp\/v2\/tags?post=23202"}],"curies":[{"name":"wp","href":"https:\/\/api.w.org\/{rel}","templated":true}]}}