{"id":23188,"date":"2017-12-01T15:13:13","date_gmt":"2017-12-01T14:13:13","guid":{"rendered":"https:\/\/guineediversite.com\/?p=23188"},"modified":"2017-12-01T15:13:13","modified_gmt":"2017-12-01T14:13:13","slug":"ministere-de-communication-budget-sectoriel-presse-privee-oubliee","status":"publish","type":"post","link":"https:\/\/guineediversite.com\/index.php\/2017\/12\/01\/ministere-de-communication-budget-sectoriel-presse-privee-oubliee\/","title":{"rendered":"Minist\u00e8re de la communication : Le budget sectoriel, la presse priv\u00e9e  oubli\u00e9e"},"content":{"rendered":"<p>Le ministre de la communication \u00e9tait ce Jeudi a l\u2019assembl\u00e9e pour d\u00e9fendre le budget sectoriel de son d\u00e9partement \u00a0pour l&rsquo;ann\u00e9e 2018.\u00a0 44 107 818 000, C\u2019est le montant qui servira au fonctionnement de son minist\u00e8re l&rsquo;ann\u00e9e prochaine. Un fond qui permettra selon les dits du ministre \u00e0 son d\u00e9partement\u00a0 de migrer\u00a0 vers le num\u00e9rique.<\/p>\n<p>Il s&rsquo;agit pour le chef de ce d\u00e9partement d&rsquo;\u0153uvrer\u00a0 pour le renforcement de la professionnalisation des m\u00e9dias du service public par l&rsquo;am\u00e9lioration des capacit\u00e9s de collecte, de traitement et de diffusion de l&rsquo;information par des journalistes.<\/p>\n<p>Pour Rachid N&rsquo;Diaye, le budget allou\u00e9 pour le fonctionnement de son d\u00e9partement vise \u00e0 acc\u00e9l\u00e9rer la construction d&rsquo;un syst\u00e8me national de communication articul\u00e9 autour des valeurs essentielles qui caract\u00e9rise la Guin\u00e9e.<\/p>\n<p>Le premier responsable du minist\u00e8re de la communication ambitionne de passer du dispositif technique\u00a0 digital au dispositif technique\u00a0 num\u00e9rique, avec une couverture de la t\u00e9l\u00e9vision et de la radio sur toute l&rsquo;\u00e9tendue du territoire national.<\/p>\n<p>Au cours de leurs interventions quelques pr\u00e9occupations majeures ont \u00e9t\u00e9 soulev\u00e9es par les d\u00e9put\u00e9s relatives \u00e0 quelques pr\u00e9fectures en mati\u00e8re de communication, en occurrence les honorables \u00a0Christian\u00a0 Sinata\u00a0 Tour\u00e9\u00a0 et Alpha Sila Bah, qui ont respectivement \u00e9voqu\u00e9s l&rsquo;inexistence d&rsquo;une radio rurale dans la pr\u00e9fecture de Lola, mais aussi de la mobilisation des recettes dans ce secteur.<\/p>\n<p>En r\u00e9ponse le ministre de la communication a rassur\u00e9 de prendre en compte les pr\u00e9occupations soulev\u00e9es par ces d\u00e9put\u00e9s. Rachid N&rsquo;Diaye\u00a0 a par la suite expliqu\u00e9 cet \u00e9tat de fait est du \u00e0 des probl\u00e8mes techniques qui seront r\u00e9solus \u00e0 l&rsquo;aide du reste du budget de fonctionnement 2017.<\/p>\n","protected":false},"excerpt":{"rendered":"<p>Le ministre de la communication \u00e9tait ce Jeudi a l\u2019assembl\u00e9e pour d\u00e9fendre le budget sectoriel de son d\u00e9partement \u00a0pour l&rsquo;ann\u00e9e 2018.\u00a0 44 107 818 000, C\u2019est le montant qui servira au fonctionnement de son minist\u00e8re l&rsquo;ann\u00e9e prochaine. Un fond qui permettra selon les dits du ministre \u00e0 son d\u00e9partement\u00a0 de migrer\u00a0 vers le num\u00e9rique. Il [&hellip;]<\/p>\n","protected":false},"author":14,"featured_media":23187,"comment_status":"closed","ping_status":"closed","sticky":false,"template":"","format":"standard","meta":{"_exactmetrics_skip_tracking":false,"_exactmetrics_sitenote_active":false,"_exactmetrics_sitenote_note":"","_exactmetrics_sitenote_category":0,"tdm_status":"","tdm_grid_status":"","footnotes":""},"categories":[15],"tags":[355],"class_list":{"0":"post-23188","1":"post","2":"type-post","3":"status-publish","4":"format-standard","5":"has-post-thumbnail","7":"category-economie","8":"tag-rachid-ndiaye"},"yoast_head":"<!-- This site is optimized with the Yoast SEO plugin v24.2 - https:\/\/yoast.com\/wordpress\/plugins\/seo\/ -->\n<title>Minist\u00e8re de la communication : Le budget sectoriel, la presse priv\u00e9e oubli\u00e9e | Guin\u00e9e Diversit\u00e9<\/title>\n<meta name=\"robots\" content=\"index, follow, max-snippet:-1, max-image-preview:large, max-video-preview:-1\" \/>\n<link rel=\"canonical\" href=\"https:\/\/guineediversite.com\/index.php\/2017\/12\/01\/ministere-de-communication-budget-sectoriel-presse-privee-oubliee\/\" \/>\n<meta property=\"og:locale\" content=\"fr_FR\" \/>\n<meta property=\"og:type\" content=\"article\" \/>\n<meta property=\"og:title\" content=\"Minist\u00e8re de la communication : Le budget sectoriel, la presse priv\u00e9e oubli\u00e9e | Guin\u00e9e Diversit\u00e9\" \/>\n<meta property=\"og:description\" content=\"Le ministre de la communication \u00e9tait ce Jeudi a l\u2019assembl\u00e9e pour d\u00e9fendre le budget sectoriel de son d\u00e9partement \u00a0pour l&rsquo;ann\u00e9e 2018.\u00a0 44 107 818 000, C\u2019est le montant qui servira au fonctionnement de son minist\u00e8re l&rsquo;ann\u00e9e prochaine. Un fond qui permettra selon les dits du ministre \u00e0 son d\u00e9partement\u00a0 de migrer\u00a0 vers le num\u00e9rique. Il [&hellip;]\" \/>\n<meta property=\"og:url\" content=\"https:\/\/guineediversite.com\/index.php\/2017\/12\/01\/ministere-de-communication-budget-sectoriel-presse-privee-oubliee\/\" \/>\n<meta property=\"og:site_name\" content=\"Guin\u00e9e Diversit\u00e9\" \/>\n<meta property=\"article:publisher\" content=\"https:\/\/www.facebook.com\/guineediversite\/\" \/>\n<meta property=\"article:published_time\" content=\"2017-12-01T14:13:13+00:00\" \/>\n<meta property=\"og:image\" content=\"https:\/\/guineediversite.com\/wp-content\/uploads\/2017\/12\/t\u00e9l\u00e9chargement.jpg\" \/>\n\t<meta property=\"og:image:width\" content=\"1024\" \/>\n\t<meta property=\"og:image:height\" content=\"624\" \/>\n\t<meta property=\"og:image:type\" content=\"image\/jpeg\" \/>\n<meta name=\"author\" content=\"Lazare Bangoura\" \/>\n<meta name=\"twitter:card\" content=\"summary_large_image\" \/>\n<meta name=\"twitter:creator\" content=\"@GuineeDiversite\" \/>\n<meta name=\"twitter:site\" content=\"@GuineeDiversite\" \/>\n<meta name=\"twitter:label1\" content=\"\u00c9crit par\" \/>\n\t<meta name=\"twitter:data1\" content=\"Lazare Bangoura\" \/>\n\t<meta name=\"twitter:label2\" content=\"Dur\u00e9e de lecture estim\u00e9e\" \/>\n\t<meta name=\"twitter:data2\" content=\"1 minute\" \/>\n<script type=\"application\/ld+json\" class=\"yoast-schema-graph\">{\"@context\":\"https:\/\/schema.org\",\"@graph\":[{\"@type\":\"Article\",\"@id\":\"https:\/\/guineediversite.com\/index.php\/2017\/12\/01\/ministere-de-communication-budget-sectoriel-presse-privee-oubliee\/#article\",\"isPartOf\":{\"@id\":\"https:\/\/guineediversite.com\/index.php\/2017\/12\/01\/ministere-de-communication-budget-sectoriel-presse-privee-oubliee\/\"},\"author\":{\"name\":\"Lazare Bangoura\",\"@id\":\"https:\/\/guineediversite.com\/#\/schema\/person\/c915f4424a17926ee4510e6abdfdc2a5\"},\"headline\":\"Minist\u00e8re de la communication : Le budget sectoriel, la presse priv\u00e9e oubli\u00e9e\",\"datePublished\":\"2017-12-01T14:13:13+00:00\",\"dateModified\":\"2017-12-01T14:13:13+00:00\",\"mainEntityOfPage\":{\"@id\":\"https:\/\/guineediversite.com\/index.php\/2017\/12\/01\/ministere-de-communication-budget-sectoriel-presse-privee-oubliee\/\"},\"wordCount\":315,\"publisher\":{\"@id\":\"https:\/\/guineediversite.com\/#organization\"},\"image\":{\"@id\":\"https:\/\/guineediversite.com\/index.php\/2017\/12\/01\/ministere-de-communication-budget-sectoriel-presse-privee-oubliee\/#primaryimage\"},\"thumbnailUrl\":\"https:\/\/guineediversite.com\/wp-content\/uploads\/2017\/12\/t\u00e9l\u00e9chargement.jpg\",\"keywords\":[\"rachid n'diaye\"],\"articleSection\":[\"Economie\"],\"inLanguage\":\"fr-FR\"},{\"@type\":\"WebPage\",\"@id\":\"https:\/\/guineediversite.com\/index.php\/2017\/12\/01\/ministere-de-communication-budget-sectoriel-presse-privee-oubliee\/\",\"url\":\"https:\/\/guineediversite.com\/index.php\/2017\/12\/01\/ministere-de-communication-budget-sectoriel-presse-privee-oubliee\/\",\"name\":\"Minist\u00e8re de la communication : Le budget sectoriel, la presse priv\u00e9e oubli\u00e9e | Guin\u00e9e Diversit\u00e9\",\"isPartOf\":{\"@id\":\"https:\/\/guineediversite.com\/#website\"},\"primaryImageOfPage\":{\"@id\":\"https:\/\/guineediversite.com\/index.php\/2017\/12\/01\/ministere-de-communication-budget-sectoriel-presse-privee-oubliee\/#primaryimage\"},\"image\":{\"@id\":\"https:\/\/guineediversite.com\/index.php\/2017\/12\/01\/ministere-de-communication-budget-sectoriel-presse-privee-oubliee\/#primaryimage\"},\"thumbnailUrl\":\"https:\/\/guineediversite.com\/wp-content\/uploads\/2017\/12\/t\u00e9l\u00e9chargement.jpg\",\"datePublished\":\"2017-12-01T14:13:13+00:00\",\"dateModified\":\"2017-12-01T14:13:13+00:00\",\"breadcrumb\":{\"@id\":\"https:\/\/guineediversite.com\/index.php\/2017\/12\/01\/ministere-de-communication-budget-sectoriel-presse-privee-oubliee\/#breadcrumb\"},\"inLanguage\":\"fr-FR\",\"potentialAction\":[{\"@type\":\"ReadAction\",\"target\":[\"https:\/\/guineediversite.com\/index.php\/2017\/12\/01\/ministere-de-communication-budget-sectoriel-presse-privee-oubliee\/\"]}]},{\"@type\":\"ImageObject\",\"inLanguage\":\"fr-FR\",\"@id\":\"https:\/\/guineediversite.com\/index.php\/2017\/12\/01\/ministere-de-communication-budget-sectoriel-presse-privee-oubliee\/#primaryimage\",\"url\":\"https:\/\/guineediversite.com\/wp-content\/uploads\/2017\/12\/t\u00e9l\u00e9chargement.jpg\",\"contentUrl\":\"https:\/\/guineediversite.com\/wp-content\/uploads\/2017\/12\/t\u00e9l\u00e9chargement.jpg\",\"width\":1024,\"height\":624},{\"@type\":\"BreadcrumbList\",\"@id\":\"https:\/\/guineediversite.com\/index.php\/2017\/12\/01\/ministere-de-communication-budget-sectoriel-presse-privee-oubliee\/#breadcrumb\",\"itemListElement\":[{\"@type\":\"ListItem\",\"position\":1,\"name\":\"Accueil\",\"item\":\"https:\/\/guineediversite.com\/\"},{\"@type\":\"ListItem\",\"position\":2,\"name\":\"Minist\u00e8re de la communication : Le budget sectoriel, la presse priv\u00e9e oubli\u00e9e\"}]},{\"@type\":\"WebSite\",\"@id\":\"https:\/\/guineediversite.com\/#website\",\"url\":\"https:\/\/guineediversite.com\/\",\"name\":\"Guin\u00e9e Diversit\u00e9\",\"description\":\"L&#039;Info dans toute sa diversit\u00e9\",\"publisher\":{\"@id\":\"https:\/\/guineediversite.com\/#organization\"},\"potentialAction\":[{\"@type\":\"SearchAction\",\"target\":{\"@type\":\"EntryPoint\",\"urlTemplate\":\"https:\/\/guineediversite.com\/?s={search_term_string}\"},\"query-input\":{\"@type\":\"PropertyValueSpecification\",\"valueRequired\":true,\"valueName\":\"search_term_string\"}}],\"inLanguage\":\"fr-FR\"},{\"@type\":\"Organization\",\"@id\":\"https:\/\/guineediversite.com\/#organization\",\"name\":\"Guin\u00e9e Diversit\u00e9\",\"url\":\"https:\/\/guineediversite.com\/\",\"logo\":{\"@type\":\"ImageObject\",\"inLanguage\":\"fr-FR\",\"@id\":\"https:\/\/guineediversite.com\/#\/schema\/logo\/image\/\",\"url\":\"https:\/\/guineediversite.com\/wp-content\/uploads\/2017\/04\/cropped-1jojlxEOMkX9Wyqfhe43D6kjPOGqBBKmx3EwWJqZ0cMrFF54yM49.png\",\"contentUrl\":\"https:\/\/guineediversite.com\/wp-content\/uploads\/2017\/04\/cropped-1jojlxEOMkX9Wyqfhe43D6kjPOGqBBKmx3EwWJqZ0cMrFF54yM49.png\",\"width\":186,\"height\":112,\"caption\":\"Guin\u00e9e Diversit\u00e9\"},\"image\":{\"@id\":\"https:\/\/guineediversite.com\/#\/schema\/logo\/image\/\"},\"sameAs\":[\"https:\/\/www.facebook.com\/guineediversite\/\",\"https:\/\/x.com\/GuineeDiversite\",\"https:\/\/www.youtube.com\/channel\/UC8sUY16qelG5ge6_D5SB83g\"]},{\"@type\":\"Person\",\"@id\":\"https:\/\/guineediversite.com\/#\/schema\/person\/c915f4424a17926ee4510e6abdfdc2a5\",\"name\":\"Lazare Bangoura\",\"image\":{\"@type\":\"ImageObject\",\"inLanguage\":\"fr-FR\",\"@id\":\"https:\/\/guineediversite.com\/#\/schema\/person\/image\/\",\"url\":\"https:\/\/secure.gravatar.com\/avatar\/7bab9b6edb46a08bcc394e7e418baf1e?s=96&d=mm&r=g\",\"contentUrl\":\"https:\/\/secure.gravatar.com\/avatar\/7bab9b6edb46a08bcc394e7e418baf1e?s=96&d=mm&r=g\",\"caption\":\"Lazare Bangoura\"},\"url\":\"https:\/\/guineediversite.com\/index.php\/author\/l-bangoura\/\"}]}<\/script>\n<!-- \/ Yoast SEO plugin. -->","yoast_head_json":{"title":"Minist\u00e8re de la communication : Le budget sectoriel, la presse priv\u00e9e oubli\u00e9e | Guin\u00e9e Diversit\u00e9","robots":{"index":"index","follow":"follow","max-snippet":"max-snippet:-1","max-image-preview":"max-image-preview:large","max-video-preview":"max-video-preview:-1"},"canonical":"https:\/\/guineediversite.com\/index.php\/2017\/12\/01\/ministere-de-communication-budget-sectoriel-presse-privee-oubliee\/","og_locale":"fr_FR","og_type":"article","og_title":"Minist\u00e8re de la communication : Le budget sectoriel, la presse priv\u00e9e oubli\u00e9e | Guin\u00e9e Diversit\u00e9","og_description":"Le ministre de la communication \u00e9tait ce Jeudi a l\u2019assembl\u00e9e pour d\u00e9fendre le budget sectoriel de son d\u00e9partement \u00a0pour l&rsquo;ann\u00e9e 2018.\u00a0 44 107 818 000, C\u2019est le montant qui servira au fonctionnement de son minist\u00e8re l&rsquo;ann\u00e9e prochaine. Un fond qui permettra selon les dits du ministre \u00e0 son d\u00e9partement\u00a0 de migrer\u00a0 vers le num\u00e9rique. Il [&hellip;]","og_url":"https:\/\/guineediversite.com\/index.php\/2017\/12\/01\/ministere-de-communication-budget-sectoriel-presse-privee-oubliee\/","og_site_name":"Guin\u00e9e Diversit\u00e9","article_publisher":"https:\/\/www.facebook.com\/guineediversite\/","article_published_time":"2017-12-01T14:13:13+00:00","og_image":[{"width":1024,"height":624,"url":"https:\/\/guineediversite.com\/wp-content\/uploads\/2017\/12\/t\u00e9l\u00e9chargement.jpg","type":"image\/jpeg"}],"author":"Lazare Bangoura","twitter_card":"summary_large_image","twitter_creator":"@GuineeDiversite","twitter_site":"@GuineeDiversite","twitter_misc":{"\u00c9crit par":"Lazare Bangoura","Dur\u00e9e de lecture estim\u00e9e":"1 minute"},"schema":{"@context":"https:\/\/schema.org","@graph":[{"@type":"Article","@id":"https:\/\/guineediversite.com\/index.php\/2017\/12\/01\/ministere-de-communication-budget-sectoriel-presse-privee-oubliee\/#article","isPartOf":{"@id":"https:\/\/guineediversite.com\/index.php\/2017\/12\/01\/ministere-de-communication-budget-sectoriel-presse-privee-oubliee\/"},"author":{"name":"Lazare Bangoura","@id":"https:\/\/guineediversite.com\/#\/schema\/person\/c915f4424a17926ee4510e6abdfdc2a5"},"headline":"Minist\u00e8re de la communication : Le budget sectoriel, la presse priv\u00e9e oubli\u00e9e","datePublished":"2017-12-01T14:13:13+00:00","dateModified":"2017-12-01T14:13:13+00:00","mainEntityOfPage":{"@id":"https:\/\/guineediversite.com\/index.php\/2017\/12\/01\/ministere-de-communication-budget-sectoriel-presse-privee-oubliee\/"},"wordCount":315,"publisher":{"@id":"https:\/\/guineediversite.com\/#organization"},"image":{"@id":"https:\/\/guineediversite.com\/index.php\/2017\/12\/01\/ministere-de-communication-budget-sectoriel-presse-privee-oubliee\/#primaryimage"},"thumbnailUrl":"https:\/\/guineediversite.com\/wp-content\/uploads\/2017\/12\/t\u00e9l\u00e9chargement.jpg","keywords":["rachid n'diaye"],"articleSection":["Economie"],"inLanguage":"fr-FR"},{"@type":"WebPage","@id":"https:\/\/guineediversite.com\/index.php\/2017\/12\/01\/ministere-de-communication-budget-sectoriel-presse-privee-oubliee\/","url":"https:\/\/guineediversite.com\/index.php\/2017\/12\/01\/ministere-de-communication-budget-sectoriel-presse-privee-oubliee\/","name":"Minist\u00e8re de la communication : Le budget sectoriel, la presse priv\u00e9e oubli\u00e9e | Guin\u00e9e Diversit\u00e9","isPartOf":{"@id":"https:\/\/guineediversite.com\/#website"},"primaryImageOfPage":{"@id":"https:\/\/guineediversite.com\/index.php\/2017\/12\/01\/ministere-de-communication-budget-sectoriel-presse-privee-oubliee\/#primaryimage"},"image":{"@id":"https:\/\/guineediversite.com\/index.php\/2017\/12\/01\/ministere-de-communication-budget-sectoriel-presse-privee-oubliee\/#primaryimage"},"thumbnailUrl":"https:\/\/guineediversite.com\/wp-content\/uploads\/2017\/12\/t\u00e9l\u00e9chargement.jpg","datePublished":"2017-12-01T14:13:13+00:00","dateModified":"2017-12-01T14:13:13+00:00","breadcrumb":{"@id":"https:\/\/guineediversite.com\/index.php\/2017\/12\/01\/ministere-de-communication-budget-sectoriel-presse-privee-oubliee\/#breadcrumb"},"inLanguage":"fr-FR","potentialAction":[{"@type":"ReadAction","target":["https:\/\/guineediversite.com\/index.php\/2017\/12\/01\/ministere-de-communication-budget-sectoriel-presse-privee-oubliee\/"]}]},{"@type":"ImageObject","inLanguage":"fr-FR","@id":"https:\/\/guineediversite.com\/index.php\/2017\/12\/01\/ministere-de-communication-budget-sectoriel-presse-privee-oubliee\/#primaryimage","url":"https:\/\/guineediversite.com\/wp-content\/uploads\/2017\/12\/t\u00e9l\u00e9chargement.jpg","contentUrl":"https:\/\/guineediversite.com\/wp-content\/uploads\/2017\/12\/t\u00e9l\u00e9chargement.jpg","width":1024,"height":624},{"@type":"BreadcrumbList","@id":"https:\/\/guineediversite.com\/index.php\/2017\/12\/01\/ministere-de-communication-budget-sectoriel-presse-privee-oubliee\/#breadcrumb","itemListElement":[{"@type":"ListItem","position":1,"name":"Accueil","item":"https:\/\/guineediversite.com\/"},{"@type":"ListItem","position":2,"name":"Minist\u00e8re de la communication : Le budget sectoriel, la presse priv\u00e9e oubli\u00e9e"}]},{"@type":"WebSite","@id":"https:\/\/guineediversite.com\/#website","url":"https:\/\/guineediversite.com\/","name":"Guin\u00e9e Diversit\u00e9","description":"L&#039;Info dans toute sa diversit\u00e9","publisher":{"@id":"https:\/\/guineediversite.com\/#organization"},"potentialAction":[{"@type":"SearchAction","target":{"@type":"EntryPoint","urlTemplate":"https:\/\/guineediversite.com\/?s={search_term_string}"},"query-input":{"@type":"PropertyValueSpecification","valueRequired":true,"valueName":"search_term_string"}}],"inLanguage":"fr-FR"},{"@type":"Organization","@id":"https:\/\/guineediversite.com\/#organization","name":"Guin\u00e9e Diversit\u00e9","url":"https:\/\/guineediversite.com\/","logo":{"@type":"ImageObject","inLanguage":"fr-FR","@id":"https:\/\/guineediversite.com\/#\/schema\/logo\/image\/","url":"https:\/\/guineediversite.com\/wp-content\/uploads\/2017\/04\/cropped-1jojlxEOMkX9Wyqfhe43D6kjPOGqBBKmx3EwWJqZ0cMrFF54yM49.png","contentUrl":"https:\/\/guineediversite.com\/wp-content\/uploads\/2017\/04\/cropped-1jojlxEOMkX9Wyqfhe43D6kjPOGqBBKmx3EwWJqZ0cMrFF54yM49.png","width":186,"height":112,"caption":"Guin\u00e9e Diversit\u00e9"},"image":{"@id":"https:\/\/guineediversite.com\/#\/schema\/logo\/image\/"},"sameAs":["https:\/\/www.facebook.com\/guineediversite\/","https:\/\/x.com\/GuineeDiversite","https:\/\/www.youtube.com\/channel\/UC8sUY16qelG5ge6_D5SB83g"]},{"@type":"Person","@id":"https:\/\/guineediversite.com\/#\/schema\/person\/c915f4424a17926ee4510e6abdfdc2a5","name":"Lazare Bangoura","image":{"@type":"ImageObject","inLanguage":"fr-FR","@id":"https:\/\/guineediversite.com\/#\/schema\/person\/image\/","url":"https:\/\/secure.gravatar.com\/avatar\/7bab9b6edb46a08bcc394e7e418baf1e?s=96&d=mm&r=g","contentUrl":"https:\/\/secure.gravatar.com\/avatar\/7bab9b6edb46a08bcc394e7e418baf1e?s=96&d=mm&r=g","caption":"Lazare Bangoura"},"url":"https:\/\/guineediversite.com\/index.php\/author\/l-bangoura\/"}]}},"_links":{"self":[{"href":"https:\/\/guineediversite.com\/index.php\/wp-json\/wp\/v2\/posts\/23188"}],"collection":[{"href":"https:\/\/guineediversite.com\/index.php\/wp-json\/wp\/v2\/posts"}],"about":[{"href":"https:\/\/guineediversite.com\/index.php\/wp-json\/wp\/v2\/types\/post"}],"author":[{"embeddable":true,"href":"https:\/\/guineediversite.com\/index.php\/wp-json\/wp\/v2\/users\/14"}],"replies":[{"embeddable":true,"href":"https:\/\/guineediversite.com\/index.php\/wp-json\/wp\/v2\/comments?post=23188"}],"version-history":[{"count":0,"href":"https:\/\/guineediversite.com\/index.php\/wp-json\/wp\/v2\/posts\/23188\/revisions"}],"wp:featuredmedia":[{"embeddable":true,"href":"https:\/\/guineediversite.com\/index.php\/wp-json\/wp\/v2\/media\/23187"}],"wp:attachment":[{"href":"https:\/\/guineediversite.com\/index.php\/wp-json\/wp\/v2\/media?parent=23188"}],"wp:term":[{"taxonomy":"category","embeddable":true,"href":"https:\/\/guineediversite.com\/index.php\/wp-json\/wp\/v2\/categories?post=23188"},{"taxonomy":"post_tag","embeddable":true,"href":"https:\/\/guineediversite.com\/index.php\/wp-json\/wp\/v2\/tags?post=23188"}],"curies":[{"name":"wp","href":"https:\/\/api.w.org\/{rel}","templated":true}]}}