{"id":23174,"date":"2017-11-30T18:31:20","date_gmt":"2017-11-30T17:31:20","guid":{"rendered":"https:\/\/guineediversite.com\/?p=23174"},"modified":"2017-11-30T18:31:20","modified_gmt":"2017-11-30T17:31:20","slug":"troubles-enregistres-a-frontiere-guineo-malienne-communique-ministre-de-ladministration-territoire-de-decentralisation","status":"publish","type":"post","link":"https:\/\/guineediversite.com\/index.php\/2017\/11\/30\/troubles-enregistres-a-frontiere-guineo-malienne-communique-ministre-de-ladministration-territoire-de-decentralisation\/","title":{"rendered":"Troubles enregistr\u00e9s \u00e0 la fronti\u00e8re guin\u00e9o-malienne : communiqu\u00e9 du ministre de l&rsquo;administration du territoire et de la d\u00e9centralisation"},"content":{"rendered":"<p>Suite aux violents affrontements enregistr\u00e9s ces derniers jours entre Guin\u00e9ens et Maliens aux abords des deux fronti\u00e8res, ayant caus\u00e9 des pertes en vies humaines des deux c\u00f4t\u00e9s, le Gouvernement Guin\u00e9en par la voix du Ministre de l&rsquo;Administration du Territoire et de la D\u00e9centralisation, G\u00e9n\u00e9ral Bour\u00e9ma Cond\u00e9, a exprim\u00e9 son profond regret face \u00e0 ce qu&rsquo;il a qualifi\u00e9 de situation d\u00e9plorable.<\/p>\n<p>Le Ministre de l&rsquo;Administration du Territoire et de la D\u00e9centralisation a rappel\u00e9 les hauts faits historiques qui lient les deux pays et les sacrifices qu&rsquo;ils ne cessent de consentir dans la vie de leur peuple, notamment par la pr\u00e9sence militaire guin\u00e9enne au Mali pour lutter contre les attaques djihadistes et terroristes.<\/p>\n<p>Tenant compte de cette situation, le Ministre Bour\u00e9ma Cond\u00e9 a indiqu\u00e9 que ces incidents n\u2019auraient jamais d\u00fb arriver car explique-t-il, ils ne refl\u00e8tent ni la volont\u00e9 des deux peuples, encore moins celles des deux pr\u00e9sidents.<\/p>\n<p>Bour\u00e9ma Cond\u00e9 a rappel\u00e9 que les \u00e9v\u00e9nements violents de m\u00eame type se r\u00e9p\u00e8tent depuis trois ans au m\u00eame endroit, pr\u00e9cis\u00e9ment sur la ligne frontali\u00e8re situ\u00e9e dans la sous-pr\u00e9fecture de Dialok\u00f6r\u00f6, pr\u00e9fecture de Mandiana, dans le district de Kantedougou Balandou, secteur de K\u00eadiana. Les derniers affrontements qui se sont produits du dimanche 26 au lundi 27 Novembre ont fait une dizaine de morts des deux c\u00f4t\u00e9s.<\/p>\n<p>Pour r\u00e9soudre d\u00e9finitivement ce conflit frontalier qui oppose les deux peuples, les autorit\u00e9s guin\u00e9ennes et maliennes, par l&rsquo;interm\u00e9diaire des deux ministres de l&rsquo;Administration du Territoire et de la D\u00e9centralisation, comptent se rencontrer \u00e0 Kankan dans 48 heures pour aplanir les divergences, avant de rendre visite aux diff\u00e9rentes familles \u00e9plor\u00e9es des deux c\u00f4t\u00e9s de la fronti\u00e8re.<\/p>\n<p>Toujours est-il que, depuis une dizaine de jours, une d\u00e9l\u00e9gation malienne est pr\u00e9sente en Guin\u00e9e pour travailler sur la mat\u00e9rialisation des fronti\u00e8res en vue de trouver une issue heureuse \u00e0 cette crise.<\/p>\n<p>Attach\u00e9 aux valeurs de paix, au respect de l&rsquo;int\u00e9grit\u00e9 territoriale et de la qui\u00e9tude sociale, le Gouvernement Guin\u00e9en pr\u00e9sente ses sinc\u00e8res condol\u00e9ances \u00e0 toutes les familles touch\u00e9es par ces violences.<\/p>\n<p>&nbsp;<\/p>\n<p><strong>Ministre de l\u2019Administration du Territoire et de la D\u00e9centralisation<\/strong><\/p>\n<p>&nbsp;<\/p>\n<p>Bour\u00e9ma Cond\u00e9<\/p>\n<p><strong>\u00a0<\/strong><\/p>\n<p><strong>Transmis par la Cellule de Communication du Gouvernement<\/strong><\/p>\n<p>&nbsp;<\/p>\n","protected":false},"excerpt":{"rendered":"<p>Suite aux violents affrontements enregistr\u00e9s ces derniers jours entre Guin\u00e9ens et Maliens aux abords des deux fronti\u00e8res, ayant caus\u00e9 des pertes en vies humaines des deux c\u00f4t\u00e9s, le Gouvernement Guin\u00e9en par la voix du Ministre de l&rsquo;Administration du Territoire et de la D\u00e9centralisation, G\u00e9n\u00e9ral Bour\u00e9ma Cond\u00e9, a exprim\u00e9 son profond regret face \u00e0 ce qu&rsquo;il [&hellip;]<\/p>\n","protected":false},"author":12,"featured_media":23175,"comment_status":"closed","ping_status":"closed","sticky":false,"template":"","format":"standard","meta":{"_exactmetrics_skip_tracking":false,"_exactmetrics_sitenote_active":false,"_exactmetrics_sitenote_note":"","_exactmetrics_sitenote_category":0,"tdm_status":"","tdm_grid_status":"","footnotes":""},"categories":[16],"tags":[],"class_list":{"0":"post-23174","1":"post","2":"type-post","3":"status-publish","4":"format-standard","5":"has-post-thumbnail","7":"category-societe"},"yoast_head":"<!-- This site is optimized with the Yoast SEO plugin v24.2 - https:\/\/yoast.com\/wordpress\/plugins\/seo\/ -->\n<title>Troubles enregistr\u00e9s \u00e0 la fronti\u00e8re guin\u00e9o-malienne : communiqu\u00e9 du ministre de l&#039;administration du territoire et de la d\u00e9centralisation | Guin\u00e9e Diversit\u00e9<\/title>\n<meta name=\"robots\" content=\"index, follow, max-snippet:-1, max-image-preview:large, max-video-preview:-1\" \/>\n<link rel=\"canonical\" href=\"https:\/\/guineediversite.com\/index.php\/2017\/11\/30\/troubles-enregistres-a-frontiere-guineo-malienne-communique-ministre-de-ladministration-territoire-de-decentralisation\/\" \/>\n<meta property=\"og:locale\" content=\"fr_FR\" \/>\n<meta property=\"og:type\" content=\"article\" \/>\n<meta property=\"og:title\" content=\"Troubles enregistr\u00e9s \u00e0 la fronti\u00e8re guin\u00e9o-malienne : communiqu\u00e9 du ministre de l&#039;administration du territoire et de la d\u00e9centralisation | Guin\u00e9e Diversit\u00e9\" \/>\n<meta property=\"og:description\" content=\"Suite aux violents affrontements enregistr\u00e9s ces derniers jours entre Guin\u00e9ens et Maliens aux abords des deux fronti\u00e8res, ayant caus\u00e9 des pertes en vies humaines des deux c\u00f4t\u00e9s, le Gouvernement Guin\u00e9en par la voix du Ministre de l&rsquo;Administration du Territoire et de la D\u00e9centralisation, G\u00e9n\u00e9ral Bour\u00e9ma Cond\u00e9, a exprim\u00e9 son profond regret face \u00e0 ce qu&rsquo;il [&hellip;]\" \/>\n<meta property=\"og:url\" content=\"https:\/\/guineediversite.com\/index.php\/2017\/11\/30\/troubles-enregistres-a-frontiere-guineo-malienne-communique-ministre-de-ladministration-territoire-de-decentralisation\/\" \/>\n<meta property=\"og:site_name\" content=\"Guin\u00e9e Diversit\u00e9\" \/>\n<meta property=\"article:publisher\" content=\"https:\/\/www.facebook.com\/guineediversite\/\" \/>\n<meta property=\"article:published_time\" content=\"2017-11-30T17:31:20+00:00\" \/>\n<meta property=\"og:image\" content=\"https:\/\/guineediversite.com\/wp-content\/uploads\/2017\/11\/D\u00e9claration-du-Ministre-de-lAdministration-du-T\u00e9rritoire-et-de-la-D\u00e9centralisation.jpg\" \/>\n\t<meta property=\"og:image:width\" content=\"1500\" \/>\n\t<meta property=\"og:image:height\" content=\"996\" \/>\n\t<meta property=\"og:image:type\" content=\"image\/jpeg\" \/>\n<meta name=\"author\" content=\"Guin\u00e9e Diversit\u00e9\" \/>\n<meta name=\"twitter:card\" content=\"summary_large_image\" \/>\n<meta name=\"twitter:creator\" content=\"@GuineeDiversite\" \/>\n<meta name=\"twitter:site\" content=\"@GuineeDiversite\" \/>\n<meta name=\"twitter:label1\" content=\"\u00c9crit par\" \/>\n\t<meta name=\"twitter:data1\" content=\"Guin\u00e9e Diversit\u00e9\" \/>\n\t<meta name=\"twitter:label2\" content=\"Dur\u00e9e de lecture estim\u00e9e\" \/>\n\t<meta name=\"twitter:data2\" content=\"2 minutes\" \/>\n<script type=\"application\/ld+json\" class=\"yoast-schema-graph\">{\"@context\":\"https:\/\/schema.org\",\"@graph\":[{\"@type\":\"Article\",\"@id\":\"https:\/\/guineediversite.com\/index.php\/2017\/11\/30\/troubles-enregistres-a-frontiere-guineo-malienne-communique-ministre-de-ladministration-territoire-de-decentralisation\/#article\",\"isPartOf\":{\"@id\":\"https:\/\/guineediversite.com\/index.php\/2017\/11\/30\/troubles-enregistres-a-frontiere-guineo-malienne-communique-ministre-de-ladministration-territoire-de-decentralisation\/\"},\"author\":{\"name\":\"Guin\u00e9e Diversit\u00e9\",\"@id\":\"https:\/\/guineediversite.com\/#\/schema\/person\/afa08fb34e7fc6e1feafc892612bc836\"},\"headline\":\"Troubles enregistr\u00e9s \u00e0 la fronti\u00e8re guin\u00e9o-malienne : communiqu\u00e9 du ministre de l&rsquo;administration du territoire et de la d\u00e9centralisation\",\"datePublished\":\"2017-11-30T17:31:20+00:00\",\"dateModified\":\"2017-11-30T17:31:20+00:00\",\"mainEntityOfPage\":{\"@id\":\"https:\/\/guineediversite.com\/index.php\/2017\/11\/30\/troubles-enregistres-a-frontiere-guineo-malienne-communique-ministre-de-ladministration-territoire-de-decentralisation\/\"},\"wordCount\":432,\"publisher\":{\"@id\":\"https:\/\/guineediversite.com\/#organization\"},\"image\":{\"@id\":\"https:\/\/guineediversite.com\/index.php\/2017\/11\/30\/troubles-enregistres-a-frontiere-guineo-malienne-communique-ministre-de-ladministration-territoire-de-decentralisation\/#primaryimage\"},\"thumbnailUrl\":\"https:\/\/guineediversite.com\/wp-content\/uploads\/2017\/11\/D\u00e9claration-du-Ministre-de-lAdministration-du-T\u00e9rritoire-et-de-la-D\u00e9centralisation.jpg\",\"articleSection\":[\"Soci\u00e9t\u00e9\"],\"inLanguage\":\"fr-FR\"},{\"@type\":\"WebPage\",\"@id\":\"https:\/\/guineediversite.com\/index.php\/2017\/11\/30\/troubles-enregistres-a-frontiere-guineo-malienne-communique-ministre-de-ladministration-territoire-de-decentralisation\/\",\"url\":\"https:\/\/guineediversite.com\/index.php\/2017\/11\/30\/troubles-enregistres-a-frontiere-guineo-malienne-communique-ministre-de-ladministration-territoire-de-decentralisation\/\",\"name\":\"Troubles enregistr\u00e9s \u00e0 la fronti\u00e8re guin\u00e9o-malienne : communiqu\u00e9 du ministre de l'administration du territoire et de la d\u00e9centralisation | Guin\u00e9e Diversit\u00e9\",\"isPartOf\":{\"@id\":\"https:\/\/guineediversite.com\/#website\"},\"primaryImageOfPage\":{\"@id\":\"https:\/\/guineediversite.com\/index.php\/2017\/11\/30\/troubles-enregistres-a-frontiere-guineo-malienne-communique-ministre-de-ladministration-territoire-de-decentralisation\/#primaryimage\"},\"image\":{\"@id\":\"https:\/\/guineediversite.com\/index.php\/2017\/11\/30\/troubles-enregistres-a-frontiere-guineo-malienne-communique-ministre-de-ladministration-territoire-de-decentralisation\/#primaryimage\"},\"thumbnailUrl\":\"https:\/\/guineediversite.com\/wp-content\/uploads\/2017\/11\/D\u00e9claration-du-Ministre-de-lAdministration-du-T\u00e9rritoire-et-de-la-D\u00e9centralisation.jpg\",\"datePublished\":\"2017-11-30T17:31:20+00:00\",\"dateModified\":\"2017-11-30T17:31:20+00:00\",\"breadcrumb\":{\"@id\":\"https:\/\/guineediversite.com\/index.php\/2017\/11\/30\/troubles-enregistres-a-frontiere-guineo-malienne-communique-ministre-de-ladministration-territoire-de-decentralisation\/#breadcrumb\"},\"inLanguage\":\"fr-FR\",\"potentialAction\":[{\"@type\":\"ReadAction\",\"target\":[\"https:\/\/guineediversite.com\/index.php\/2017\/11\/30\/troubles-enregistres-a-frontiere-guineo-malienne-communique-ministre-de-ladministration-territoire-de-decentralisation\/\"]}]},{\"@type\":\"ImageObject\",\"inLanguage\":\"fr-FR\",\"@id\":\"https:\/\/guineediversite.com\/index.php\/2017\/11\/30\/troubles-enregistres-a-frontiere-guineo-malienne-communique-ministre-de-ladministration-territoire-de-decentralisation\/#primaryimage\",\"url\":\"https:\/\/guineediversite.com\/wp-content\/uploads\/2017\/11\/D\u00e9claration-du-Ministre-de-lAdministration-du-T\u00e9rritoire-et-de-la-D\u00e9centralisation.jpg\",\"contentUrl\":\"https:\/\/guineediversite.com\/wp-content\/uploads\/2017\/11\/D\u00e9claration-du-Ministre-de-lAdministration-du-T\u00e9rritoire-et-de-la-D\u00e9centralisation.jpg\",\"width\":1500,\"height\":996},{\"@type\":\"BreadcrumbList\",\"@id\":\"https:\/\/guineediversite.com\/index.php\/2017\/11\/30\/troubles-enregistres-a-frontiere-guineo-malienne-communique-ministre-de-ladministration-territoire-de-decentralisation\/#breadcrumb\",\"itemListElement\":[{\"@type\":\"ListItem\",\"position\":1,\"name\":\"Accueil\",\"item\":\"https:\/\/guineediversite.com\/\"},{\"@type\":\"ListItem\",\"position\":2,\"name\":\"Troubles enregistr\u00e9s \u00e0 la fronti\u00e8re guin\u00e9o-malienne : communiqu\u00e9 du ministre de l&rsquo;administration du territoire et de la d\u00e9centralisation\"}]},{\"@type\":\"WebSite\",\"@id\":\"https:\/\/guineediversite.com\/#website\",\"url\":\"https:\/\/guineediversite.com\/\",\"name\":\"Guin\u00e9e Diversit\u00e9\",\"description\":\"L&#039;Info dans toute sa diversit\u00e9\",\"publisher\":{\"@id\":\"https:\/\/guineediversite.com\/#organization\"},\"potentialAction\":[{\"@type\":\"SearchAction\",\"target\":{\"@type\":\"EntryPoint\",\"urlTemplate\":\"https:\/\/guineediversite.com\/?s={search_term_string}\"},\"query-input\":{\"@type\":\"PropertyValueSpecification\",\"valueRequired\":true,\"valueName\":\"search_term_string\"}}],\"inLanguage\":\"fr-FR\"},{\"@type\":\"Organization\",\"@id\":\"https:\/\/guineediversite.com\/#organization\",\"name\":\"Guin\u00e9e Diversit\u00e9\",\"url\":\"https:\/\/guineediversite.com\/\",\"logo\":{\"@type\":\"ImageObject\",\"inLanguage\":\"fr-FR\",\"@id\":\"https:\/\/guineediversite.com\/#\/schema\/logo\/image\/\",\"url\":\"https:\/\/guineediversite.com\/wp-content\/uploads\/2017\/04\/cropped-1jojlxEOMkX9Wyqfhe43D6kjPOGqBBKmx3EwWJqZ0cMrFF54yM49.png\",\"contentUrl\":\"https:\/\/guineediversite.com\/wp-content\/uploads\/2017\/04\/cropped-1jojlxEOMkX9Wyqfhe43D6kjPOGqBBKmx3EwWJqZ0cMrFF54yM49.png\",\"width\":186,\"height\":112,\"caption\":\"Guin\u00e9e Diversit\u00e9\"},\"image\":{\"@id\":\"https:\/\/guineediversite.com\/#\/schema\/logo\/image\/\"},\"sameAs\":[\"https:\/\/www.facebook.com\/guineediversite\/\",\"https:\/\/x.com\/GuineeDiversite\",\"https:\/\/www.youtube.com\/channel\/UC8sUY16qelG5ge6_D5SB83g\"]},{\"@type\":\"Person\",\"@id\":\"https:\/\/guineediversite.com\/#\/schema\/person\/afa08fb34e7fc6e1feafc892612bc836\",\"name\":\"Guin\u00e9e Diversit\u00e9\",\"image\":{\"@type\":\"ImageObject\",\"inLanguage\":\"fr-FR\",\"@id\":\"https:\/\/guineediversite.com\/#\/schema\/person\/image\/\",\"url\":\"https:\/\/secure.gravatar.com\/avatar\/50d5eb5b390f8b65ac30ac6f898eb83a?s=96&d=mm&r=g\",\"contentUrl\":\"https:\/\/secure.gravatar.com\/avatar\/50d5eb5b390f8b65ac30ac6f898eb83a?s=96&d=mm&r=g\",\"caption\":\"Guin\u00e9e Diversit\u00e9\"},\"url\":\"https:\/\/guineediversite.com\/index.php\/author\/guineediversite\/\"}]}<\/script>\n<!-- \/ Yoast SEO plugin. -->","yoast_head_json":{"title":"Troubles enregistr\u00e9s \u00e0 la fronti\u00e8re guin\u00e9o-malienne : communiqu\u00e9 du ministre de l'administration du territoire et de la d\u00e9centralisation | Guin\u00e9e Diversit\u00e9","robots":{"index":"index","follow":"follow","max-snippet":"max-snippet:-1","max-image-preview":"max-image-preview:large","max-video-preview":"max-video-preview:-1"},"canonical":"https:\/\/guineediversite.com\/index.php\/2017\/11\/30\/troubles-enregistres-a-frontiere-guineo-malienne-communique-ministre-de-ladministration-territoire-de-decentralisation\/","og_locale":"fr_FR","og_type":"article","og_title":"Troubles enregistr\u00e9s \u00e0 la fronti\u00e8re guin\u00e9o-malienne : communiqu\u00e9 du ministre de l'administration du territoire et de la d\u00e9centralisation | Guin\u00e9e Diversit\u00e9","og_description":"Suite aux violents affrontements enregistr\u00e9s ces derniers jours entre Guin\u00e9ens et Maliens aux abords des deux fronti\u00e8res, ayant caus\u00e9 des pertes en vies humaines des deux c\u00f4t\u00e9s, le Gouvernement Guin\u00e9en par la voix du Ministre de l&rsquo;Administration du Territoire et de la D\u00e9centralisation, G\u00e9n\u00e9ral Bour\u00e9ma Cond\u00e9, a exprim\u00e9 son profond regret face \u00e0 ce qu&rsquo;il [&hellip;]","og_url":"https:\/\/guineediversite.com\/index.php\/2017\/11\/30\/troubles-enregistres-a-frontiere-guineo-malienne-communique-ministre-de-ladministration-territoire-de-decentralisation\/","og_site_name":"Guin\u00e9e Diversit\u00e9","article_publisher":"https:\/\/www.facebook.com\/guineediversite\/","article_published_time":"2017-11-30T17:31:20+00:00","og_image":[{"width":1500,"height":996,"url":"https:\/\/guineediversite.com\/wp-content\/uploads\/2017\/11\/D\u00e9claration-du-Ministre-de-lAdministration-du-T\u00e9rritoire-et-de-la-D\u00e9centralisation.jpg","type":"image\/jpeg"}],"author":"Guin\u00e9e Diversit\u00e9","twitter_card":"summary_large_image","twitter_creator":"@GuineeDiversite","twitter_site":"@GuineeDiversite","twitter_misc":{"\u00c9crit par":"Guin\u00e9e Diversit\u00e9","Dur\u00e9e de lecture estim\u00e9e":"2 minutes"},"schema":{"@context":"https:\/\/schema.org","@graph":[{"@type":"Article","@id":"https:\/\/guineediversite.com\/index.php\/2017\/11\/30\/troubles-enregistres-a-frontiere-guineo-malienne-communique-ministre-de-ladministration-territoire-de-decentralisation\/#article","isPartOf":{"@id":"https:\/\/guineediversite.com\/index.php\/2017\/11\/30\/troubles-enregistres-a-frontiere-guineo-malienne-communique-ministre-de-ladministration-territoire-de-decentralisation\/"},"author":{"name":"Guin\u00e9e Diversit\u00e9","@id":"https:\/\/guineediversite.com\/#\/schema\/person\/afa08fb34e7fc6e1feafc892612bc836"},"headline":"Troubles enregistr\u00e9s \u00e0 la fronti\u00e8re guin\u00e9o-malienne : communiqu\u00e9 du ministre de l&rsquo;administration du territoire et de la d\u00e9centralisation","datePublished":"2017-11-30T17:31:20+00:00","dateModified":"2017-11-30T17:31:20+00:00","mainEntityOfPage":{"@id":"https:\/\/guineediversite.com\/index.php\/2017\/11\/30\/troubles-enregistres-a-frontiere-guineo-malienne-communique-ministre-de-ladministration-territoire-de-decentralisation\/"},"wordCount":432,"publisher":{"@id":"https:\/\/guineediversite.com\/#organization"},"image":{"@id":"https:\/\/guineediversite.com\/index.php\/2017\/11\/30\/troubles-enregistres-a-frontiere-guineo-malienne-communique-ministre-de-ladministration-territoire-de-decentralisation\/#primaryimage"},"thumbnailUrl":"https:\/\/guineediversite.com\/wp-content\/uploads\/2017\/11\/D\u00e9claration-du-Ministre-de-lAdministration-du-T\u00e9rritoire-et-de-la-D\u00e9centralisation.jpg","articleSection":["Soci\u00e9t\u00e9"],"inLanguage":"fr-FR"},{"@type":"WebPage","@id":"https:\/\/guineediversite.com\/index.php\/2017\/11\/30\/troubles-enregistres-a-frontiere-guineo-malienne-communique-ministre-de-ladministration-territoire-de-decentralisation\/","url":"https:\/\/guineediversite.com\/index.php\/2017\/11\/30\/troubles-enregistres-a-frontiere-guineo-malienne-communique-ministre-de-ladministration-territoire-de-decentralisation\/","name":"Troubles enregistr\u00e9s \u00e0 la fronti\u00e8re guin\u00e9o-malienne : communiqu\u00e9 du ministre de l'administration du territoire et de la d\u00e9centralisation | Guin\u00e9e Diversit\u00e9","isPartOf":{"@id":"https:\/\/guineediversite.com\/#website"},"primaryImageOfPage":{"@id":"https:\/\/guineediversite.com\/index.php\/2017\/11\/30\/troubles-enregistres-a-frontiere-guineo-malienne-communique-ministre-de-ladministration-territoire-de-decentralisation\/#primaryimage"},"image":{"@id":"https:\/\/guineediversite.com\/index.php\/2017\/11\/30\/troubles-enregistres-a-frontiere-guineo-malienne-communique-ministre-de-ladministration-territoire-de-decentralisation\/#primaryimage"},"thumbnailUrl":"https:\/\/guineediversite.com\/wp-content\/uploads\/2017\/11\/D\u00e9claration-du-Ministre-de-lAdministration-du-T\u00e9rritoire-et-de-la-D\u00e9centralisation.jpg","datePublished":"2017-11-30T17:31:20+00:00","dateModified":"2017-11-30T17:31:20+00:00","breadcrumb":{"@id":"https:\/\/guineediversite.com\/index.php\/2017\/11\/30\/troubles-enregistres-a-frontiere-guineo-malienne-communique-ministre-de-ladministration-territoire-de-decentralisation\/#breadcrumb"},"inLanguage":"fr-FR","potentialAction":[{"@type":"ReadAction","target":["https:\/\/guineediversite.com\/index.php\/2017\/11\/30\/troubles-enregistres-a-frontiere-guineo-malienne-communique-ministre-de-ladministration-territoire-de-decentralisation\/"]}]},{"@type":"ImageObject","inLanguage":"fr-FR","@id":"https:\/\/guineediversite.com\/index.php\/2017\/11\/30\/troubles-enregistres-a-frontiere-guineo-malienne-communique-ministre-de-ladministration-territoire-de-decentralisation\/#primaryimage","url":"https:\/\/guineediversite.com\/wp-content\/uploads\/2017\/11\/D\u00e9claration-du-Ministre-de-lAdministration-du-T\u00e9rritoire-et-de-la-D\u00e9centralisation.jpg","contentUrl":"https:\/\/guineediversite.com\/wp-content\/uploads\/2017\/11\/D\u00e9claration-du-Ministre-de-lAdministration-du-T\u00e9rritoire-et-de-la-D\u00e9centralisation.jpg","width":1500,"height":996},{"@type":"BreadcrumbList","@id":"https:\/\/guineediversite.com\/index.php\/2017\/11\/30\/troubles-enregistres-a-frontiere-guineo-malienne-communique-ministre-de-ladministration-territoire-de-decentralisation\/#breadcrumb","itemListElement":[{"@type":"ListItem","position":1,"name":"Accueil","item":"https:\/\/guineediversite.com\/"},{"@type":"ListItem","position":2,"name":"Troubles enregistr\u00e9s \u00e0 la fronti\u00e8re guin\u00e9o-malienne : communiqu\u00e9 du ministre de l&rsquo;administration du territoire et de la d\u00e9centralisation"}]},{"@type":"WebSite","@id":"https:\/\/guineediversite.com\/#website","url":"https:\/\/guineediversite.com\/","name":"Guin\u00e9e Diversit\u00e9","description":"L&#039;Info dans toute sa diversit\u00e9","publisher":{"@id":"https:\/\/guineediversite.com\/#organization"},"potentialAction":[{"@type":"SearchAction","target":{"@type":"EntryPoint","urlTemplate":"https:\/\/guineediversite.com\/?s={search_term_string}"},"query-input":{"@type":"PropertyValueSpecification","valueRequired":true,"valueName":"search_term_string"}}],"inLanguage":"fr-FR"},{"@type":"Organization","@id":"https:\/\/guineediversite.com\/#organization","name":"Guin\u00e9e Diversit\u00e9","url":"https:\/\/guineediversite.com\/","logo":{"@type":"ImageObject","inLanguage":"fr-FR","@id":"https:\/\/guineediversite.com\/#\/schema\/logo\/image\/","url":"https:\/\/guineediversite.com\/wp-content\/uploads\/2017\/04\/cropped-1jojlxEOMkX9Wyqfhe43D6kjPOGqBBKmx3EwWJqZ0cMrFF54yM49.png","contentUrl":"https:\/\/guineediversite.com\/wp-content\/uploads\/2017\/04\/cropped-1jojlxEOMkX9Wyqfhe43D6kjPOGqBBKmx3EwWJqZ0cMrFF54yM49.png","width":186,"height":112,"caption":"Guin\u00e9e Diversit\u00e9"},"image":{"@id":"https:\/\/guineediversite.com\/#\/schema\/logo\/image\/"},"sameAs":["https:\/\/www.facebook.com\/guineediversite\/","https:\/\/x.com\/GuineeDiversite","https:\/\/www.youtube.com\/channel\/UC8sUY16qelG5ge6_D5SB83g"]},{"@type":"Person","@id":"https:\/\/guineediversite.com\/#\/schema\/person\/afa08fb34e7fc6e1feafc892612bc836","name":"Guin\u00e9e Diversit\u00e9","image":{"@type":"ImageObject","inLanguage":"fr-FR","@id":"https:\/\/guineediversite.com\/#\/schema\/person\/image\/","url":"https:\/\/secure.gravatar.com\/avatar\/50d5eb5b390f8b65ac30ac6f898eb83a?s=96&d=mm&r=g","contentUrl":"https:\/\/secure.gravatar.com\/avatar\/50d5eb5b390f8b65ac30ac6f898eb83a?s=96&d=mm&r=g","caption":"Guin\u00e9e Diversit\u00e9"},"url":"https:\/\/guineediversite.com\/index.php\/author\/guineediversite\/"}]}},"_links":{"self":[{"href":"https:\/\/guineediversite.com\/index.php\/wp-json\/wp\/v2\/posts\/23174"}],"collection":[{"href":"https:\/\/guineediversite.com\/index.php\/wp-json\/wp\/v2\/posts"}],"about":[{"href":"https:\/\/guineediversite.com\/index.php\/wp-json\/wp\/v2\/types\/post"}],"author":[{"embeddable":true,"href":"https:\/\/guineediversite.com\/index.php\/wp-json\/wp\/v2\/users\/12"}],"replies":[{"embeddable":true,"href":"https:\/\/guineediversite.com\/index.php\/wp-json\/wp\/v2\/comments?post=23174"}],"version-history":[{"count":0,"href":"https:\/\/guineediversite.com\/index.php\/wp-json\/wp\/v2\/posts\/23174\/revisions"}],"wp:featuredmedia":[{"embeddable":true,"href":"https:\/\/guineediversite.com\/index.php\/wp-json\/wp\/v2\/media\/23175"}],"wp:attachment":[{"href":"https:\/\/guineediversite.com\/index.php\/wp-json\/wp\/v2\/media?parent=23174"}],"wp:term":[{"taxonomy":"category","embeddable":true,"href":"https:\/\/guineediversite.com\/index.php\/wp-json\/wp\/v2\/categories?post=23174"},{"taxonomy":"post_tag","embeddable":true,"href":"https:\/\/guineediversite.com\/index.php\/wp-json\/wp\/v2\/tags?post=23174"}],"curies":[{"name":"wp","href":"https:\/\/api.w.org\/{rel}","templated":true}]}}