{"id":23163,"date":"2017-11-30T17:59:08","date_gmt":"2017-11-30T16:59:08","guid":{"rendered":"https:\/\/guineediversite.com\/?p=23163"},"modified":"2017-12-01T00:50:39","modified_gmt":"2017-11-30T23:50:39","slug":"communique-conjoint-ministres-charge-de-fonction-publique-travail-relatif-a-journee-feriee-vendredi-1er-decembre-2017","status":"publish","type":"post","link":"https:\/\/guineediversite.com\/index.php\/2017\/11\/30\/communique-conjoint-ministres-charge-de-fonction-publique-travail-relatif-a-journee-feriee-vendredi-1er-decembre-2017\/","title":{"rendered":"Communiqu\u00e9 conjoint des ministres en charge de la fonction publique et du travail relatif \u00e0 la journ\u00e9e f\u00e9ri\u00e9e du vendredi 1er d\u00e9cembre 2017"},"content":{"rendered":"<p><strong>Conakry, le 30 Novembre 2017 &#8211;<\/strong>\u00a0Conform\u00e9ment aux dispositions du D\u00e9cret\u00a0 n\u00b0D\/95\/250\/PRG\/SGG du 1<sup>er<\/sup>\u00a0Ao\u00fbt 1995, instituant les f\u00eates l\u00e9gales en R\u00e9publique de Guin\u00e9e, les Ministres en charge de la Fonction Publique et du Travail portent \u00e0 la connaissance des Travailleuses, Travailleurs et Agents des secteurs public, mixte et priv\u00e9, que la journ\u00e9e\u00a0du\u00a0Vendredi 1<sup>er<\/sup>\u00a0 D\u00e9cembre 2017, lendemain de la\u00a0date anniversaire de la naissance du Proph\u00e8te Mohamed (Paix et Salut sur Lui),\u00a0est d\u00e9clar\u00e9e f\u00e9ri\u00e9e, ch\u00f4m\u00e9e et pay\u00e9e sur toute l\u2019\u00e9tendue du territoire national.<\/p>\n<p>&nbsp;<\/p>\n<p>Les Ministres en charge de la Fonction Publique et du Travail,\u00a0profitent de cette heureuse occasion pour souhaiter bonne f\u00eate \u00e0 tous les fid\u00e8les musulmans de Guin\u00e9e.<\/p>\n<p>&nbsp;<\/p>\n<p><strong><em>Ministre de la Fonction Publique, de la R\u00e9forme de l\u2019Etat et de la Modernisation de l\u2019Administration<\/em><\/strong><\/p>\n<p><strong><em>\u00a0<\/em><\/strong><em>Billy Nankouma Doumbouya\u00a0<strong>\u00a0\u00a0\u00a0\u00a0\u00a0\u00a0\u00a0\u00a0\u00a0\u00a0<\/strong><\/em><\/p>\n<p><strong><em>\u00a0<img loading=\"lazy\" decoding=\"async\" class=\"alignnone wp-image-23165\" src=\"\/\/guineediversite.com.bwjx4292.odns.fr\/wp-content\/uploads\/2017\/11\/Billy-Nankouman-Doumbouya-Ministre-de-la-fonction-publique-300x171.jpg\" alt=\"\" width=\"942\" height=\"537\" srcset=\"https:\/\/guineediversite.com\/wp-content\/uploads\/2017\/11\/Billy-Nankouman-Doumbouya-Ministre-de-la-fonction-publique-300x171.jpg 300w, https:\/\/guineediversite.com\/wp-content\/uploads\/2017\/11\/Billy-Nankouman-Doumbouya-Ministre-de-la-fonction-publique-768x439.jpg 768w, https:\/\/guineediversite.com\/wp-content\/uploads\/2017\/11\/Billy-Nankouman-Doumbouya-Ministre-de-la-fonction-publique.jpg 1024w, https:\/\/guineediversite.com\/wp-content\/uploads\/2017\/11\/Billy-Nankouman-Doumbouya-Ministre-de-la-fonction-publique-600x343.jpg 600w\" sizes=\"(max-width: 942px) 100vw, 942px\" \/><\/em><\/strong><\/p>\n<p><strong><em>\u00a0<\/em><\/strong><\/p>\n<p><strong><em>Ministre de l\u2019Enseignement Technique, de la Formation Professionnelle, de l\u2019Emploi et du Travail, Porte-Parole du Gouvernement<\/em><\/strong><\/p>\n<p><strong><em>\u00a0<\/em><\/strong><\/p>\n<p><em>Damantang Albert Camara<\/em><\/p>\n<p><img loading=\"lazy\" decoding=\"async\" class=\"alignnone wp-image-23164\" src=\"\/\/guineediversite.com.bwjx4292.odns.fr\/wp-content\/uploads\/2017\/11\/Damantang-Albert-Camara-300x171.jpg\" alt=\"\" width=\"853\" height=\"486\" srcset=\"https:\/\/guineediversite.com\/wp-content\/uploads\/2017\/11\/Damantang-Albert-Camara-300x171.jpg 300w, https:\/\/guineediversite.com\/wp-content\/uploads\/2017\/11\/Damantang-Albert-Camara-768x439.jpg 768w, https:\/\/guineediversite.com\/wp-content\/uploads\/2017\/11\/Damantang-Albert-Camara.jpg 1024w, https:\/\/guineediversite.com\/wp-content\/uploads\/2017\/11\/Damantang-Albert-Camara-600x343.jpg 600w\" sizes=\"(max-width: 853px) 100vw, 853px\" \/><\/p>\n<p><strong>Transmis par la Cellule de Communication du Gouvernement<\/strong><\/p>\n","protected":false},"excerpt":{"rendered":"<p>Conakry, le 30 Novembre 2017 &#8211;\u00a0Conform\u00e9ment aux dispositions du D\u00e9cret\u00a0 n\u00b0D\/95\/250\/PRG\/SGG du 1er\u00a0Ao\u00fbt 1995, instituant les f\u00eates l\u00e9gales en R\u00e9publique de Guin\u00e9e, les Ministres en charge de la Fonction Publique et du Travail portent \u00e0 la connaissance des Travailleuses, Travailleurs et Agents des secteurs public, mixte et priv\u00e9, que la journ\u00e9e\u00a0du\u00a0Vendredi 1er\u00a0 D\u00e9cembre 2017, lendemain [&hellip;]<\/p>\n","protected":false},"author":12,"featured_media":23165,"comment_status":"closed","ping_status":"closed","sticky":false,"template":"","format":"standard","meta":{"_exactmetrics_skip_tracking":false,"_exactmetrics_sitenote_active":false,"_exactmetrics_sitenote_note":"","_exactmetrics_sitenote_category":0,"tdm_status":"","tdm_grid_status":"","footnotes":""},"categories":[1],"tags":[354],"class_list":{"0":"post-23163","1":"post","2":"type-post","3":"status-publish","4":"format-standard","5":"has-post-thumbnail","7":"category-non-classe","8":"tag-fete-de-maouloud"},"yoast_head":"<!-- This site is optimized with the Yoast SEO plugin v24.2 - https:\/\/yoast.com\/wordpress\/plugins\/seo\/ -->\n<title>Communiqu\u00e9 conjoint des ministres en charge de la fonction publique et du travail relatif \u00e0 la journ\u00e9e f\u00e9ri\u00e9e du vendredi 1er d\u00e9cembre 2017 | Guin\u00e9e Diversit\u00e9<\/title>\n<meta name=\"robots\" content=\"index, follow, max-snippet:-1, max-image-preview:large, max-video-preview:-1\" \/>\n<link rel=\"canonical\" href=\"https:\/\/guineediversite.com\/index.php\/2017\/11\/30\/communique-conjoint-ministres-charge-de-fonction-publique-travail-relatif-a-journee-feriee-vendredi-1er-decembre-2017\/\" \/>\n<meta property=\"og:locale\" content=\"fr_FR\" \/>\n<meta property=\"og:type\" content=\"article\" \/>\n<meta property=\"og:title\" content=\"Communiqu\u00e9 conjoint des ministres en charge de la fonction publique et du travail relatif \u00e0 la journ\u00e9e f\u00e9ri\u00e9e du vendredi 1er d\u00e9cembre 2017 | Guin\u00e9e Diversit\u00e9\" \/>\n<meta property=\"og:description\" content=\"Conakry, le 30 Novembre 2017 &#8211;\u00a0Conform\u00e9ment aux dispositions du D\u00e9cret\u00a0 n\u00b0D\/95\/250\/PRG\/SGG du 1er\u00a0Ao\u00fbt 1995, instituant les f\u00eates l\u00e9gales en R\u00e9publique de Guin\u00e9e, les Ministres en charge de la Fonction Publique et du Travail portent \u00e0 la connaissance des Travailleuses, Travailleurs et Agents des secteurs public, mixte et priv\u00e9, que la journ\u00e9e\u00a0du\u00a0Vendredi 1er\u00a0 D\u00e9cembre 2017, lendemain [&hellip;]\" \/>\n<meta property=\"og:url\" content=\"https:\/\/guineediversite.com\/index.php\/2017\/11\/30\/communique-conjoint-ministres-charge-de-fonction-publique-travail-relatif-a-journee-feriee-vendredi-1er-decembre-2017\/\" \/>\n<meta property=\"og:site_name\" content=\"Guin\u00e9e Diversit\u00e9\" \/>\n<meta property=\"article:publisher\" content=\"https:\/\/www.facebook.com\/guineediversite\/\" \/>\n<meta property=\"article:published_time\" content=\"2017-11-30T16:59:08+00:00\" \/>\n<meta property=\"article:modified_time\" content=\"2017-11-30T23:50:39+00:00\" \/>\n<meta property=\"og:image\" content=\"https:\/\/guineediversite.com\/wp-content\/uploads\/2017\/11\/Billy-Nankouman-Doumbouya-Ministre-de-la-fonction-publique.jpg\" \/>\n\t<meta property=\"og:image:width\" content=\"1024\" \/>\n\t<meta property=\"og:image:height\" content=\"585\" \/>\n\t<meta property=\"og:image:type\" content=\"image\/jpeg\" \/>\n<meta name=\"author\" content=\"Guin\u00e9e Diversit\u00e9\" \/>\n<meta name=\"twitter:card\" content=\"summary_large_image\" \/>\n<meta name=\"twitter:creator\" content=\"@GuineeDiversite\" \/>\n<meta name=\"twitter:site\" content=\"@GuineeDiversite\" \/>\n<meta name=\"twitter:label1\" content=\"\u00c9crit par\" \/>\n\t<meta name=\"twitter:data1\" content=\"Guin\u00e9e Diversit\u00e9\" \/>\n\t<meta name=\"twitter:label2\" content=\"Dur\u00e9e de lecture estim\u00e9e\" \/>\n\t<meta name=\"twitter:data2\" content=\"1 minute\" \/>\n<script type=\"application\/ld+json\" class=\"yoast-schema-graph\">{\"@context\":\"https:\/\/schema.org\",\"@graph\":[{\"@type\":\"Article\",\"@id\":\"https:\/\/guineediversite.com\/index.php\/2017\/11\/30\/communique-conjoint-ministres-charge-de-fonction-publique-travail-relatif-a-journee-feriee-vendredi-1er-decembre-2017\/#article\",\"isPartOf\":{\"@id\":\"https:\/\/guineediversite.com\/index.php\/2017\/11\/30\/communique-conjoint-ministres-charge-de-fonction-publique-travail-relatif-a-journee-feriee-vendredi-1er-decembre-2017\/\"},\"author\":{\"name\":\"Guin\u00e9e Diversit\u00e9\",\"@id\":\"https:\/\/guineediversite.com\/#\/schema\/person\/afa08fb34e7fc6e1feafc892612bc836\"},\"headline\":\"Communiqu\u00e9 conjoint des ministres en charge de la fonction publique et du travail relatif \u00e0 la journ\u00e9e f\u00e9ri\u00e9e du vendredi 1er d\u00e9cembre 2017\",\"datePublished\":\"2017-11-30T16:59:08+00:00\",\"dateModified\":\"2017-11-30T23:50:39+00:00\",\"mainEntityOfPage\":{\"@id\":\"https:\/\/guineediversite.com\/index.php\/2017\/11\/30\/communique-conjoint-ministres-charge-de-fonction-publique-travail-relatif-a-journee-feriee-vendredi-1er-decembre-2017\/\"},\"wordCount\":209,\"publisher\":{\"@id\":\"https:\/\/guineediversite.com\/#organization\"},\"image\":{\"@id\":\"https:\/\/guineediversite.com\/index.php\/2017\/11\/30\/communique-conjoint-ministres-charge-de-fonction-publique-travail-relatif-a-journee-feriee-vendredi-1er-decembre-2017\/#primaryimage\"},\"thumbnailUrl\":\"https:\/\/guineediversite.com\/wp-content\/uploads\/2017\/11\/Billy-Nankouman-Doumbouya-Ministre-de-la-fonction-publique.jpg\",\"keywords\":[\"fete de maouloud\"],\"inLanguage\":\"fr-FR\"},{\"@type\":\"WebPage\",\"@id\":\"https:\/\/guineediversite.com\/index.php\/2017\/11\/30\/communique-conjoint-ministres-charge-de-fonction-publique-travail-relatif-a-journee-feriee-vendredi-1er-decembre-2017\/\",\"url\":\"https:\/\/guineediversite.com\/index.php\/2017\/11\/30\/communique-conjoint-ministres-charge-de-fonction-publique-travail-relatif-a-journee-feriee-vendredi-1er-decembre-2017\/\",\"name\":\"Communiqu\u00e9 conjoint des ministres en charge de la fonction publique et du travail relatif \u00e0 la journ\u00e9e f\u00e9ri\u00e9e du vendredi 1er d\u00e9cembre 2017 | Guin\u00e9e Diversit\u00e9\",\"isPartOf\":{\"@id\":\"https:\/\/guineediversite.com\/#website\"},\"primaryImageOfPage\":{\"@id\":\"https:\/\/guineediversite.com\/index.php\/2017\/11\/30\/communique-conjoint-ministres-charge-de-fonction-publique-travail-relatif-a-journee-feriee-vendredi-1er-decembre-2017\/#primaryimage\"},\"image\":{\"@id\":\"https:\/\/guineediversite.com\/index.php\/2017\/11\/30\/communique-conjoint-ministres-charge-de-fonction-publique-travail-relatif-a-journee-feriee-vendredi-1er-decembre-2017\/#primaryimage\"},\"thumbnailUrl\":\"https:\/\/guineediversite.com\/wp-content\/uploads\/2017\/11\/Billy-Nankouman-Doumbouya-Ministre-de-la-fonction-publique.jpg\",\"datePublished\":\"2017-11-30T16:59:08+00:00\",\"dateModified\":\"2017-11-30T23:50:39+00:00\",\"breadcrumb\":{\"@id\":\"https:\/\/guineediversite.com\/index.php\/2017\/11\/30\/communique-conjoint-ministres-charge-de-fonction-publique-travail-relatif-a-journee-feriee-vendredi-1er-decembre-2017\/#breadcrumb\"},\"inLanguage\":\"fr-FR\",\"potentialAction\":[{\"@type\":\"ReadAction\",\"target\":[\"https:\/\/guineediversite.com\/index.php\/2017\/11\/30\/communique-conjoint-ministres-charge-de-fonction-publique-travail-relatif-a-journee-feriee-vendredi-1er-decembre-2017\/\"]}]},{\"@type\":\"ImageObject\",\"inLanguage\":\"fr-FR\",\"@id\":\"https:\/\/guineediversite.com\/index.php\/2017\/11\/30\/communique-conjoint-ministres-charge-de-fonction-publique-travail-relatif-a-journee-feriee-vendredi-1er-decembre-2017\/#primaryimage\",\"url\":\"https:\/\/guineediversite.com\/wp-content\/uploads\/2017\/11\/Billy-Nankouman-Doumbouya-Ministre-de-la-fonction-publique.jpg\",\"contentUrl\":\"https:\/\/guineediversite.com\/wp-content\/uploads\/2017\/11\/Billy-Nankouman-Doumbouya-Ministre-de-la-fonction-publique.jpg\",\"width\":1024,\"height\":585},{\"@type\":\"BreadcrumbList\",\"@id\":\"https:\/\/guineediversite.com\/index.php\/2017\/11\/30\/communique-conjoint-ministres-charge-de-fonction-publique-travail-relatif-a-journee-feriee-vendredi-1er-decembre-2017\/#breadcrumb\",\"itemListElement\":[{\"@type\":\"ListItem\",\"position\":1,\"name\":\"Accueil\",\"item\":\"https:\/\/guineediversite.com\/\"},{\"@type\":\"ListItem\",\"position\":2,\"name\":\"Communiqu\u00e9 conjoint des ministres en charge de la fonction publique et du travail relatif \u00e0 la journ\u00e9e f\u00e9ri\u00e9e du vendredi 1er d\u00e9cembre 2017\"}]},{\"@type\":\"WebSite\",\"@id\":\"https:\/\/guineediversite.com\/#website\",\"url\":\"https:\/\/guineediversite.com\/\",\"name\":\"Guin\u00e9e Diversit\u00e9\",\"description\":\"L&#039;Info dans toute sa diversit\u00e9\",\"publisher\":{\"@id\":\"https:\/\/guineediversite.com\/#organization\"},\"potentialAction\":[{\"@type\":\"SearchAction\",\"target\":{\"@type\":\"EntryPoint\",\"urlTemplate\":\"https:\/\/guineediversite.com\/?s={search_term_string}\"},\"query-input\":{\"@type\":\"PropertyValueSpecification\",\"valueRequired\":true,\"valueName\":\"search_term_string\"}}],\"inLanguage\":\"fr-FR\"},{\"@type\":\"Organization\",\"@id\":\"https:\/\/guineediversite.com\/#organization\",\"name\":\"Guin\u00e9e Diversit\u00e9\",\"url\":\"https:\/\/guineediversite.com\/\",\"logo\":{\"@type\":\"ImageObject\",\"inLanguage\":\"fr-FR\",\"@id\":\"https:\/\/guineediversite.com\/#\/schema\/logo\/image\/\",\"url\":\"https:\/\/guineediversite.com\/wp-content\/uploads\/2017\/04\/cropped-1jojlxEOMkX9Wyqfhe43D6kjPOGqBBKmx3EwWJqZ0cMrFF54yM49.png\",\"contentUrl\":\"https:\/\/guineediversite.com\/wp-content\/uploads\/2017\/04\/cropped-1jojlxEOMkX9Wyqfhe43D6kjPOGqBBKmx3EwWJqZ0cMrFF54yM49.png\",\"width\":186,\"height\":112,\"caption\":\"Guin\u00e9e Diversit\u00e9\"},\"image\":{\"@id\":\"https:\/\/guineediversite.com\/#\/schema\/logo\/image\/\"},\"sameAs\":[\"https:\/\/www.facebook.com\/guineediversite\/\",\"https:\/\/x.com\/GuineeDiversite\",\"https:\/\/www.youtube.com\/channel\/UC8sUY16qelG5ge6_D5SB83g\"]},{\"@type\":\"Person\",\"@id\":\"https:\/\/guineediversite.com\/#\/schema\/person\/afa08fb34e7fc6e1feafc892612bc836\",\"name\":\"Guin\u00e9e Diversit\u00e9\",\"image\":{\"@type\":\"ImageObject\",\"inLanguage\":\"fr-FR\",\"@id\":\"https:\/\/guineediversite.com\/#\/schema\/person\/image\/\",\"url\":\"https:\/\/secure.gravatar.com\/avatar\/50d5eb5b390f8b65ac30ac6f898eb83a?s=96&d=mm&r=g\",\"contentUrl\":\"https:\/\/secure.gravatar.com\/avatar\/50d5eb5b390f8b65ac30ac6f898eb83a?s=96&d=mm&r=g\",\"caption\":\"Guin\u00e9e Diversit\u00e9\"},\"url\":\"https:\/\/guineediversite.com\/index.php\/author\/guineediversite\/\"}]}<\/script>\n<!-- \/ Yoast SEO plugin. -->","yoast_head_json":{"title":"Communiqu\u00e9 conjoint des ministres en charge de la fonction publique et du travail relatif \u00e0 la journ\u00e9e f\u00e9ri\u00e9e du vendredi 1er d\u00e9cembre 2017 | Guin\u00e9e Diversit\u00e9","robots":{"index":"index","follow":"follow","max-snippet":"max-snippet:-1","max-image-preview":"max-image-preview:large","max-video-preview":"max-video-preview:-1"},"canonical":"https:\/\/guineediversite.com\/index.php\/2017\/11\/30\/communique-conjoint-ministres-charge-de-fonction-publique-travail-relatif-a-journee-feriee-vendredi-1er-decembre-2017\/","og_locale":"fr_FR","og_type":"article","og_title":"Communiqu\u00e9 conjoint des ministres en charge de la fonction publique et du travail relatif \u00e0 la journ\u00e9e f\u00e9ri\u00e9e du vendredi 1er d\u00e9cembre 2017 | Guin\u00e9e Diversit\u00e9","og_description":"Conakry, le 30 Novembre 2017 &#8211;\u00a0Conform\u00e9ment aux dispositions du D\u00e9cret\u00a0 n\u00b0D\/95\/250\/PRG\/SGG du 1er\u00a0Ao\u00fbt 1995, instituant les f\u00eates l\u00e9gales en R\u00e9publique de Guin\u00e9e, les Ministres en charge de la Fonction Publique et du Travail portent \u00e0 la connaissance des Travailleuses, Travailleurs et Agents des secteurs public, mixte et priv\u00e9, que la journ\u00e9e\u00a0du\u00a0Vendredi 1er\u00a0 D\u00e9cembre 2017, lendemain [&hellip;]","og_url":"https:\/\/guineediversite.com\/index.php\/2017\/11\/30\/communique-conjoint-ministres-charge-de-fonction-publique-travail-relatif-a-journee-feriee-vendredi-1er-decembre-2017\/","og_site_name":"Guin\u00e9e Diversit\u00e9","article_publisher":"https:\/\/www.facebook.com\/guineediversite\/","article_published_time":"2017-11-30T16:59:08+00:00","article_modified_time":"2017-11-30T23:50:39+00:00","og_image":[{"width":1024,"height":585,"url":"https:\/\/guineediversite.com\/wp-content\/uploads\/2017\/11\/Billy-Nankouman-Doumbouya-Ministre-de-la-fonction-publique.jpg","type":"image\/jpeg"}],"author":"Guin\u00e9e Diversit\u00e9","twitter_card":"summary_large_image","twitter_creator":"@GuineeDiversite","twitter_site":"@GuineeDiversite","twitter_misc":{"\u00c9crit par":"Guin\u00e9e Diversit\u00e9","Dur\u00e9e de lecture estim\u00e9e":"1 minute"},"schema":{"@context":"https:\/\/schema.org","@graph":[{"@type":"Article","@id":"https:\/\/guineediversite.com\/index.php\/2017\/11\/30\/communique-conjoint-ministres-charge-de-fonction-publique-travail-relatif-a-journee-feriee-vendredi-1er-decembre-2017\/#article","isPartOf":{"@id":"https:\/\/guineediversite.com\/index.php\/2017\/11\/30\/communique-conjoint-ministres-charge-de-fonction-publique-travail-relatif-a-journee-feriee-vendredi-1er-decembre-2017\/"},"author":{"name":"Guin\u00e9e Diversit\u00e9","@id":"https:\/\/guineediversite.com\/#\/schema\/person\/afa08fb34e7fc6e1feafc892612bc836"},"headline":"Communiqu\u00e9 conjoint des ministres en charge de la fonction publique et du travail relatif \u00e0 la journ\u00e9e f\u00e9ri\u00e9e du vendredi 1er d\u00e9cembre 2017","datePublished":"2017-11-30T16:59:08+00:00","dateModified":"2017-11-30T23:50:39+00:00","mainEntityOfPage":{"@id":"https:\/\/guineediversite.com\/index.php\/2017\/11\/30\/communique-conjoint-ministres-charge-de-fonction-publique-travail-relatif-a-journee-feriee-vendredi-1er-decembre-2017\/"},"wordCount":209,"publisher":{"@id":"https:\/\/guineediversite.com\/#organization"},"image":{"@id":"https:\/\/guineediversite.com\/index.php\/2017\/11\/30\/communique-conjoint-ministres-charge-de-fonction-publique-travail-relatif-a-journee-feriee-vendredi-1er-decembre-2017\/#primaryimage"},"thumbnailUrl":"https:\/\/guineediversite.com\/wp-content\/uploads\/2017\/11\/Billy-Nankouman-Doumbouya-Ministre-de-la-fonction-publique.jpg","keywords":["fete de maouloud"],"inLanguage":"fr-FR"},{"@type":"WebPage","@id":"https:\/\/guineediversite.com\/index.php\/2017\/11\/30\/communique-conjoint-ministres-charge-de-fonction-publique-travail-relatif-a-journee-feriee-vendredi-1er-decembre-2017\/","url":"https:\/\/guineediversite.com\/index.php\/2017\/11\/30\/communique-conjoint-ministres-charge-de-fonction-publique-travail-relatif-a-journee-feriee-vendredi-1er-decembre-2017\/","name":"Communiqu\u00e9 conjoint des ministres en charge de la fonction publique et du travail relatif \u00e0 la journ\u00e9e f\u00e9ri\u00e9e du vendredi 1er d\u00e9cembre 2017 | Guin\u00e9e Diversit\u00e9","isPartOf":{"@id":"https:\/\/guineediversite.com\/#website"},"primaryImageOfPage":{"@id":"https:\/\/guineediversite.com\/index.php\/2017\/11\/30\/communique-conjoint-ministres-charge-de-fonction-publique-travail-relatif-a-journee-feriee-vendredi-1er-decembre-2017\/#primaryimage"},"image":{"@id":"https:\/\/guineediversite.com\/index.php\/2017\/11\/30\/communique-conjoint-ministres-charge-de-fonction-publique-travail-relatif-a-journee-feriee-vendredi-1er-decembre-2017\/#primaryimage"},"thumbnailUrl":"https:\/\/guineediversite.com\/wp-content\/uploads\/2017\/11\/Billy-Nankouman-Doumbouya-Ministre-de-la-fonction-publique.jpg","datePublished":"2017-11-30T16:59:08+00:00","dateModified":"2017-11-30T23:50:39+00:00","breadcrumb":{"@id":"https:\/\/guineediversite.com\/index.php\/2017\/11\/30\/communique-conjoint-ministres-charge-de-fonction-publique-travail-relatif-a-journee-feriee-vendredi-1er-decembre-2017\/#breadcrumb"},"inLanguage":"fr-FR","potentialAction":[{"@type":"ReadAction","target":["https:\/\/guineediversite.com\/index.php\/2017\/11\/30\/communique-conjoint-ministres-charge-de-fonction-publique-travail-relatif-a-journee-feriee-vendredi-1er-decembre-2017\/"]}]},{"@type":"ImageObject","inLanguage":"fr-FR","@id":"https:\/\/guineediversite.com\/index.php\/2017\/11\/30\/communique-conjoint-ministres-charge-de-fonction-publique-travail-relatif-a-journee-feriee-vendredi-1er-decembre-2017\/#primaryimage","url":"https:\/\/guineediversite.com\/wp-content\/uploads\/2017\/11\/Billy-Nankouman-Doumbouya-Ministre-de-la-fonction-publique.jpg","contentUrl":"https:\/\/guineediversite.com\/wp-content\/uploads\/2017\/11\/Billy-Nankouman-Doumbouya-Ministre-de-la-fonction-publique.jpg","width":1024,"height":585},{"@type":"BreadcrumbList","@id":"https:\/\/guineediversite.com\/index.php\/2017\/11\/30\/communique-conjoint-ministres-charge-de-fonction-publique-travail-relatif-a-journee-feriee-vendredi-1er-decembre-2017\/#breadcrumb","itemListElement":[{"@type":"ListItem","position":1,"name":"Accueil","item":"https:\/\/guineediversite.com\/"},{"@type":"ListItem","position":2,"name":"Communiqu\u00e9 conjoint des ministres en charge de la fonction publique et du travail relatif \u00e0 la journ\u00e9e f\u00e9ri\u00e9e du vendredi 1er d\u00e9cembre 2017"}]},{"@type":"WebSite","@id":"https:\/\/guineediversite.com\/#website","url":"https:\/\/guineediversite.com\/","name":"Guin\u00e9e Diversit\u00e9","description":"L&#039;Info dans toute sa diversit\u00e9","publisher":{"@id":"https:\/\/guineediversite.com\/#organization"},"potentialAction":[{"@type":"SearchAction","target":{"@type":"EntryPoint","urlTemplate":"https:\/\/guineediversite.com\/?s={search_term_string}"},"query-input":{"@type":"PropertyValueSpecification","valueRequired":true,"valueName":"search_term_string"}}],"inLanguage":"fr-FR"},{"@type":"Organization","@id":"https:\/\/guineediversite.com\/#organization","name":"Guin\u00e9e Diversit\u00e9","url":"https:\/\/guineediversite.com\/","logo":{"@type":"ImageObject","inLanguage":"fr-FR","@id":"https:\/\/guineediversite.com\/#\/schema\/logo\/image\/","url":"https:\/\/guineediversite.com\/wp-content\/uploads\/2017\/04\/cropped-1jojlxEOMkX9Wyqfhe43D6kjPOGqBBKmx3EwWJqZ0cMrFF54yM49.png","contentUrl":"https:\/\/guineediversite.com\/wp-content\/uploads\/2017\/04\/cropped-1jojlxEOMkX9Wyqfhe43D6kjPOGqBBKmx3EwWJqZ0cMrFF54yM49.png","width":186,"height":112,"caption":"Guin\u00e9e Diversit\u00e9"},"image":{"@id":"https:\/\/guineediversite.com\/#\/schema\/logo\/image\/"},"sameAs":["https:\/\/www.facebook.com\/guineediversite\/","https:\/\/x.com\/GuineeDiversite","https:\/\/www.youtube.com\/channel\/UC8sUY16qelG5ge6_D5SB83g"]},{"@type":"Person","@id":"https:\/\/guineediversite.com\/#\/schema\/person\/afa08fb34e7fc6e1feafc892612bc836","name":"Guin\u00e9e Diversit\u00e9","image":{"@type":"ImageObject","inLanguage":"fr-FR","@id":"https:\/\/guineediversite.com\/#\/schema\/person\/image\/","url":"https:\/\/secure.gravatar.com\/avatar\/50d5eb5b390f8b65ac30ac6f898eb83a?s=96&d=mm&r=g","contentUrl":"https:\/\/secure.gravatar.com\/avatar\/50d5eb5b390f8b65ac30ac6f898eb83a?s=96&d=mm&r=g","caption":"Guin\u00e9e Diversit\u00e9"},"url":"https:\/\/guineediversite.com\/index.php\/author\/guineediversite\/"}]}},"_links":{"self":[{"href":"https:\/\/guineediversite.com\/index.php\/wp-json\/wp\/v2\/posts\/23163"}],"collection":[{"href":"https:\/\/guineediversite.com\/index.php\/wp-json\/wp\/v2\/posts"}],"about":[{"href":"https:\/\/guineediversite.com\/index.php\/wp-json\/wp\/v2\/types\/post"}],"author":[{"embeddable":true,"href":"https:\/\/guineediversite.com\/index.php\/wp-json\/wp\/v2\/users\/12"}],"replies":[{"embeddable":true,"href":"https:\/\/guineediversite.com\/index.php\/wp-json\/wp\/v2\/comments?post=23163"}],"version-history":[{"count":0,"href":"https:\/\/guineediversite.com\/index.php\/wp-json\/wp\/v2\/posts\/23163\/revisions"}],"wp:featuredmedia":[{"embeddable":true,"href":"https:\/\/guineediversite.com\/index.php\/wp-json\/wp\/v2\/media\/23165"}],"wp:attachment":[{"href":"https:\/\/guineediversite.com\/index.php\/wp-json\/wp\/v2\/media?parent=23163"}],"wp:term":[{"taxonomy":"category","embeddable":true,"href":"https:\/\/guineediversite.com\/index.php\/wp-json\/wp\/v2\/categories?post=23163"},{"taxonomy":"post_tag","embeddable":true,"href":"https:\/\/guineediversite.com\/index.php\/wp-json\/wp\/v2\/tags?post=23163"}],"curies":[{"name":"wp","href":"https:\/\/api.w.org\/{rel}","templated":true}]}}