{"id":23160,"date":"2017-12-01T08:30:08","date_gmt":"2017-12-01T07:30:08","guid":{"rendered":"https:\/\/guineediversite.com\/?p=23160"},"modified":"2017-12-01T00:50:14","modified_gmt":"2017-11-30T23:50:14","slug":"5eme-sommet-ua-ue-a-pris-fin-jeudi-a-abidjan-cote-divoire-deux-continents-raffermissent-liens-de-partenariat","status":"publish","type":"post","link":"https:\/\/guineediversite.com\/index.php\/2017\/12\/01\/5eme-sommet-ua-ue-a-pris-fin-jeudi-a-abidjan-cote-divoire-deux-continents-raffermissent-liens-de-partenariat\/","title":{"rendered":"Le 5eme sommet UA-UE a pris fin ce jeudi \u00e0 Abidjan, en cote d\u2019ivoire : Les deux continents raffermissent les liens de partenariat."},"content":{"rendered":"<p>A l&rsquo;issue de ce sommet, plusieurs domaines prioritaires ont \u00e9t\u00e9 \u00e9voqu\u00e9s. Parmi ces priorit\u00e9s, la jeunesse, l&rsquo;\u00e9ducation, la paix et la s\u00e9curit\u00e9, les investissements et la migration et la mobilit\u00e9. Pendant deux jours, les dirigeants africains et europ\u00e9ens se sont pench\u00e9 sur la n\u00e9cessit\u00e9 de raffermir davantage le partenariat gagnant-gagnant entre les deux continents. Par la m\u00eame occasion, les deux parties ont identifi\u00e9 des domaines prioritaires sur lesquels leur partenariat doit s\u2019accentu\u00e9 notamment, la cr\u00e9ation d\u2019investissements pour la transformation structurelle de l\u2019Afrique.<\/p>\n<p>Alpha cond\u00e9 le pr\u00e9sident de l\u2019union Africaine dira que\u00a0:\u00ab Il ne s\u2019agit plus d\u2019aide ou d\u2019assistance, mais de b\u00e2tir une coop\u00e9ration qui permet de r\u00e9gler les probl\u00e8mes \u00e0 la base dans l\u2019int\u00e9r\u00eat mutuel des populations et des \u00e9conomies des deux continents. A l\u2019instar des autres continents du monde, il est \u00e9vident aussi que l\u2019Afrique aspire \u00e0 la paix, au d\u00e9veloppement et \u00e0 la prosp\u00e9rit\u00e9. \u00bb<\/p>\n<p>L\u2019Afrique ne manque pas d\u2019atout pour r\u00e9aliser son aspiration de d\u00e9veloppement inscrit dans son agenda 2063 poursuit le pr\u00e9sident de l\u2019union africaine. \u00ab A l\u2019avenir, les richesses naturelles doivent offrir des opportunit\u00e9s pour cr\u00e9er de la valeur ajout\u00e9e. Nous voulons que nos produits miniers et agricoles soient transform\u00e9s sur place en Afrique. Cela va cr\u00e9er de l\u2019emploie et emp\u00eacher que les jeunes africains n\u2019aillent pas mourir dans la m\u00e9diterran\u00e9e. \u00bb<\/p>\n<p>Autre domaine prioritaire d\u00e9fini \u00e0 ce sommet, est la migration et la mobilit\u00e9. Sur ce point, les parties prenantes ont pris \u00e9galement des d\u00e9cisions : \u00abFace au drame survenu en Libye, nous avons d\u00e9cid\u00e9 \u00e0 l\u2019issue de ce sommet d\u2019\u00e9vacuer imm\u00e9diatement les refugi\u00e9s en Libye ,la mise en place d\u2019une commission dirig\u00e9e par la commission des droits de l\u2019homme de l\u2019union Africaine \u00e9paul\u00e9e par l\u2019union Europ\u00e9enne, la poursuite des trafiquants d\u2019\u00eatres humains et ensuite, les diff\u00e9rents pays doivent mettre en place des forces sp\u00e9ciales charg\u00e9es sp\u00e9cialement de lutter contre ces trafiquants, enfin, nous devons saisir les comptes bancaires de ces trafiquants partout ou ils sont ouverts. \u00bb<\/p>\n<p>Par rapport aux nombreux d\u00e9fis identifi\u00e9s, des approches de solutions ont \u00e9t\u00e9 propos\u00e9es dans une d\u00e9claration politique adopt\u00e9e conjointement lors de ce sommet.<\/p>\n","protected":false},"excerpt":{"rendered":"<p>A l&rsquo;issue de ce sommet, plusieurs domaines prioritaires ont \u00e9t\u00e9 \u00e9voqu\u00e9s. Parmi ces priorit\u00e9s, la jeunesse, l&rsquo;\u00e9ducation, la paix et la s\u00e9curit\u00e9, les investissements et la migration et la mobilit\u00e9. Pendant deux jours, les dirigeants africains et europ\u00e9ens se sont pench\u00e9 sur la n\u00e9cessit\u00e9 de raffermir davantage le partenariat gagnant-gagnant entre les deux continents. Par [&hellip;]<\/p>\n","protected":false},"author":17,"featured_media":23161,"comment_status":"closed","ping_status":"closed","sticky":false,"template":"","format":"standard","meta":{"_exactmetrics_skip_tracking":false,"_exactmetrics_sitenote_active":false,"_exactmetrics_sitenote_note":"","_exactmetrics_sitenote_category":0,"tdm_status":"","tdm_grid_status":"","footnotes":""},"categories":[21,14],"tags":[352],"class_list":{"0":"post-23160","1":"post","2":"type-post","3":"status-publish","4":"format-standard","5":"has-post-thumbnail","7":"category-international","8":"category-politique","9":"tag-sommet-ua-ue"},"yoast_head":"<!-- This site is optimized with the Yoast SEO plugin v24.2 - https:\/\/yoast.com\/wordpress\/plugins\/seo\/ -->\n<title>Le 5eme sommet UA-UE a pris fin ce jeudi \u00e0 Abidjan, en cote d\u2019ivoire : Les deux continents raffermissent les liens de partenariat. | Guin\u00e9e Diversit\u00e9<\/title>\n<meta name=\"robots\" content=\"index, follow, max-snippet:-1, max-image-preview:large, max-video-preview:-1\" \/>\n<link rel=\"canonical\" href=\"https:\/\/guineediversite.com\/index.php\/2017\/12\/01\/5eme-sommet-ua-ue-a-pris-fin-jeudi-a-abidjan-cote-divoire-deux-continents-raffermissent-liens-de-partenariat\/\" \/>\n<meta property=\"og:locale\" content=\"fr_FR\" \/>\n<meta property=\"og:type\" content=\"article\" \/>\n<meta property=\"og:title\" content=\"Le 5eme sommet UA-UE a pris fin ce jeudi \u00e0 Abidjan, en cote d\u2019ivoire : Les deux continents raffermissent les liens de partenariat. | Guin\u00e9e Diversit\u00e9\" \/>\n<meta property=\"og:description\" content=\"A l&rsquo;issue de ce sommet, plusieurs domaines prioritaires ont \u00e9t\u00e9 \u00e9voqu\u00e9s. Parmi ces priorit\u00e9s, la jeunesse, l&rsquo;\u00e9ducation, la paix et la s\u00e9curit\u00e9, les investissements et la migration et la mobilit\u00e9. Pendant deux jours, les dirigeants africains et europ\u00e9ens se sont pench\u00e9 sur la n\u00e9cessit\u00e9 de raffermir davantage le partenariat gagnant-gagnant entre les deux continents. Par [&hellip;]\" \/>\n<meta property=\"og:url\" content=\"https:\/\/guineediversite.com\/index.php\/2017\/12\/01\/5eme-sommet-ua-ue-a-pris-fin-jeudi-a-abidjan-cote-divoire-deux-continents-raffermissent-liens-de-partenariat\/\" \/>\n<meta property=\"og:site_name\" content=\"Guin\u00e9e Diversit\u00e9\" \/>\n<meta property=\"article:publisher\" content=\"https:\/\/www.facebook.com\/guineediversite\/\" \/>\n<meta property=\"article:published_time\" content=\"2017-12-01T07:30:08+00:00\" \/>\n<meta property=\"article:modified_time\" content=\"2017-11-30T23:50:14+00:00\" \/>\n<meta property=\"og:image\" content=\"https:\/\/guineediversite.com\/wp-content\/uploads\/2017\/11\/SOMMET-UA-UE-NOVEMBRE-2017-conf-de-presse-2.jpg\" \/>\n\t<meta property=\"og:image:width\" content=\"1367\" \/>\n\t<meta property=\"og:image:height\" content=\"1199\" \/>\n\t<meta property=\"og:image:type\" content=\"image\/jpeg\" \/>\n<meta name=\"author\" content=\"Diaraye Guirassy\" \/>\n<meta name=\"twitter:card\" content=\"summary_large_image\" \/>\n<meta name=\"twitter:creator\" content=\"@GuineeDiversite\" \/>\n<meta name=\"twitter:site\" content=\"@GuineeDiversite\" \/>\n<meta name=\"twitter:label1\" content=\"\u00c9crit par\" \/>\n\t<meta name=\"twitter:data1\" content=\"Diaraye Guirassy\" \/>\n\t<meta name=\"twitter:label2\" content=\"Dur\u00e9e de lecture estim\u00e9e\" \/>\n\t<meta name=\"twitter:data2\" content=\"2 minutes\" \/>\n<script type=\"application\/ld+json\" class=\"yoast-schema-graph\">{\"@context\":\"https:\/\/schema.org\",\"@graph\":[{\"@type\":\"Article\",\"@id\":\"https:\/\/guineediversite.com\/index.php\/2017\/12\/01\/5eme-sommet-ua-ue-a-pris-fin-jeudi-a-abidjan-cote-divoire-deux-continents-raffermissent-liens-de-partenariat\/#article\",\"isPartOf\":{\"@id\":\"https:\/\/guineediversite.com\/index.php\/2017\/12\/01\/5eme-sommet-ua-ue-a-pris-fin-jeudi-a-abidjan-cote-divoire-deux-continents-raffermissent-liens-de-partenariat\/\"},\"author\":{\"name\":\"Diaraye Guirassy\",\"@id\":\"https:\/\/guineediversite.com\/#\/schema\/person\/f69ebb1835c8052ac00dfe4d0ae488a8\"},\"headline\":\"Le 5eme sommet UA-UE a pris fin ce jeudi \u00e0 Abidjan, en cote d\u2019ivoire : Les deux continents raffermissent les liens de partenariat.\",\"datePublished\":\"2017-12-01T07:30:08+00:00\",\"dateModified\":\"2017-11-30T23:50:14+00:00\",\"mainEntityOfPage\":{\"@id\":\"https:\/\/guineediversite.com\/index.php\/2017\/12\/01\/5eme-sommet-ua-ue-a-pris-fin-jeudi-a-abidjan-cote-divoire-deux-continents-raffermissent-liens-de-partenariat\/\"},\"wordCount\":427,\"publisher\":{\"@id\":\"https:\/\/guineediversite.com\/#organization\"},\"image\":{\"@id\":\"https:\/\/guineediversite.com\/index.php\/2017\/12\/01\/5eme-sommet-ua-ue-a-pris-fin-jeudi-a-abidjan-cote-divoire-deux-continents-raffermissent-liens-de-partenariat\/#primaryimage\"},\"thumbnailUrl\":\"https:\/\/guineediversite.com\/wp-content\/uploads\/2017\/11\/SOMMET-UA-UE-NOVEMBRE-2017-conf-de-presse-2.jpg\",\"keywords\":[\"SOMMET UA\/UE\"],\"articleSection\":[\"International\",\"Politique\"],\"inLanguage\":\"fr-FR\"},{\"@type\":\"WebPage\",\"@id\":\"https:\/\/guineediversite.com\/index.php\/2017\/12\/01\/5eme-sommet-ua-ue-a-pris-fin-jeudi-a-abidjan-cote-divoire-deux-continents-raffermissent-liens-de-partenariat\/\",\"url\":\"https:\/\/guineediversite.com\/index.php\/2017\/12\/01\/5eme-sommet-ua-ue-a-pris-fin-jeudi-a-abidjan-cote-divoire-deux-continents-raffermissent-liens-de-partenariat\/\",\"name\":\"Le 5eme sommet UA-UE a pris fin ce jeudi \u00e0 Abidjan, en cote d\u2019ivoire : Les deux continents raffermissent les liens de partenariat. | Guin\u00e9e Diversit\u00e9\",\"isPartOf\":{\"@id\":\"https:\/\/guineediversite.com\/#website\"},\"primaryImageOfPage\":{\"@id\":\"https:\/\/guineediversite.com\/index.php\/2017\/12\/01\/5eme-sommet-ua-ue-a-pris-fin-jeudi-a-abidjan-cote-divoire-deux-continents-raffermissent-liens-de-partenariat\/#primaryimage\"},\"image\":{\"@id\":\"https:\/\/guineediversite.com\/index.php\/2017\/12\/01\/5eme-sommet-ua-ue-a-pris-fin-jeudi-a-abidjan-cote-divoire-deux-continents-raffermissent-liens-de-partenariat\/#primaryimage\"},\"thumbnailUrl\":\"https:\/\/guineediversite.com\/wp-content\/uploads\/2017\/11\/SOMMET-UA-UE-NOVEMBRE-2017-conf-de-presse-2.jpg\",\"datePublished\":\"2017-12-01T07:30:08+00:00\",\"dateModified\":\"2017-11-30T23:50:14+00:00\",\"breadcrumb\":{\"@id\":\"https:\/\/guineediversite.com\/index.php\/2017\/12\/01\/5eme-sommet-ua-ue-a-pris-fin-jeudi-a-abidjan-cote-divoire-deux-continents-raffermissent-liens-de-partenariat\/#breadcrumb\"},\"inLanguage\":\"fr-FR\",\"potentialAction\":[{\"@type\":\"ReadAction\",\"target\":[\"https:\/\/guineediversite.com\/index.php\/2017\/12\/01\/5eme-sommet-ua-ue-a-pris-fin-jeudi-a-abidjan-cote-divoire-deux-continents-raffermissent-liens-de-partenariat\/\"]}]},{\"@type\":\"ImageObject\",\"inLanguage\":\"fr-FR\",\"@id\":\"https:\/\/guineediversite.com\/index.php\/2017\/12\/01\/5eme-sommet-ua-ue-a-pris-fin-jeudi-a-abidjan-cote-divoire-deux-continents-raffermissent-liens-de-partenariat\/#primaryimage\",\"url\":\"https:\/\/guineediversite.com\/wp-content\/uploads\/2017\/11\/SOMMET-UA-UE-NOVEMBRE-2017-conf-de-presse-2.jpg\",\"contentUrl\":\"https:\/\/guineediversite.com\/wp-content\/uploads\/2017\/11\/SOMMET-UA-UE-NOVEMBRE-2017-conf-de-presse-2.jpg\",\"width\":1367,\"height\":1199},{\"@type\":\"BreadcrumbList\",\"@id\":\"https:\/\/guineediversite.com\/index.php\/2017\/12\/01\/5eme-sommet-ua-ue-a-pris-fin-jeudi-a-abidjan-cote-divoire-deux-continents-raffermissent-liens-de-partenariat\/#breadcrumb\",\"itemListElement\":[{\"@type\":\"ListItem\",\"position\":1,\"name\":\"Accueil\",\"item\":\"https:\/\/guineediversite.com\/\"},{\"@type\":\"ListItem\",\"position\":2,\"name\":\"Le 5eme sommet UA-UE a pris fin ce jeudi \u00e0 Abidjan, en cote d\u2019ivoire : Les deux continents raffermissent les liens de partenariat.\"}]},{\"@type\":\"WebSite\",\"@id\":\"https:\/\/guineediversite.com\/#website\",\"url\":\"https:\/\/guineediversite.com\/\",\"name\":\"Guin\u00e9e Diversit\u00e9\",\"description\":\"L&#039;Info dans toute sa diversit\u00e9\",\"publisher\":{\"@id\":\"https:\/\/guineediversite.com\/#organization\"},\"potentialAction\":[{\"@type\":\"SearchAction\",\"target\":{\"@type\":\"EntryPoint\",\"urlTemplate\":\"https:\/\/guineediversite.com\/?s={search_term_string}\"},\"query-input\":{\"@type\":\"PropertyValueSpecification\",\"valueRequired\":true,\"valueName\":\"search_term_string\"}}],\"inLanguage\":\"fr-FR\"},{\"@type\":\"Organization\",\"@id\":\"https:\/\/guineediversite.com\/#organization\",\"name\":\"Guin\u00e9e Diversit\u00e9\",\"url\":\"https:\/\/guineediversite.com\/\",\"logo\":{\"@type\":\"ImageObject\",\"inLanguage\":\"fr-FR\",\"@id\":\"https:\/\/guineediversite.com\/#\/schema\/logo\/image\/\",\"url\":\"https:\/\/guineediversite.com\/wp-content\/uploads\/2017\/04\/cropped-1jojlxEOMkX9Wyqfhe43D6kjPOGqBBKmx3EwWJqZ0cMrFF54yM49.png\",\"contentUrl\":\"https:\/\/guineediversite.com\/wp-content\/uploads\/2017\/04\/cropped-1jojlxEOMkX9Wyqfhe43D6kjPOGqBBKmx3EwWJqZ0cMrFF54yM49.png\",\"width\":186,\"height\":112,\"caption\":\"Guin\u00e9e Diversit\u00e9\"},\"image\":{\"@id\":\"https:\/\/guineediversite.com\/#\/schema\/logo\/image\/\"},\"sameAs\":[\"https:\/\/www.facebook.com\/guineediversite\/\",\"https:\/\/x.com\/GuineeDiversite\",\"https:\/\/www.youtube.com\/channel\/UC8sUY16qelG5ge6_D5SB83g\"]},{\"@type\":\"Person\",\"@id\":\"https:\/\/guineediversite.com\/#\/schema\/person\/f69ebb1835c8052ac00dfe4d0ae488a8\",\"name\":\"Diaraye Guirassy\",\"image\":{\"@type\":\"ImageObject\",\"inLanguage\":\"fr-FR\",\"@id\":\"https:\/\/guineediversite.com\/#\/schema\/person\/image\/\",\"url\":\"https:\/\/secure.gravatar.com\/avatar\/d72966230e92113cba29ea060394d485?s=96&d=mm&r=g\",\"contentUrl\":\"https:\/\/secure.gravatar.com\/avatar\/d72966230e92113cba29ea060394d485?s=96&d=mm&r=g\",\"caption\":\"Diaraye Guirassy\"},\"url\":\"https:\/\/guineediversite.com\/index.php\/author\/diaraye\/\"}]}<\/script>\n<!-- \/ Yoast SEO plugin. -->","yoast_head_json":{"title":"Le 5eme sommet UA-UE a pris fin ce jeudi \u00e0 Abidjan, en cote d\u2019ivoire : Les deux continents raffermissent les liens de partenariat. | Guin\u00e9e Diversit\u00e9","robots":{"index":"index","follow":"follow","max-snippet":"max-snippet:-1","max-image-preview":"max-image-preview:large","max-video-preview":"max-video-preview:-1"},"canonical":"https:\/\/guineediversite.com\/index.php\/2017\/12\/01\/5eme-sommet-ua-ue-a-pris-fin-jeudi-a-abidjan-cote-divoire-deux-continents-raffermissent-liens-de-partenariat\/","og_locale":"fr_FR","og_type":"article","og_title":"Le 5eme sommet UA-UE a pris fin ce jeudi \u00e0 Abidjan, en cote d\u2019ivoire : Les deux continents raffermissent les liens de partenariat. | Guin\u00e9e Diversit\u00e9","og_description":"A l&rsquo;issue de ce sommet, plusieurs domaines prioritaires ont \u00e9t\u00e9 \u00e9voqu\u00e9s. Parmi ces priorit\u00e9s, la jeunesse, l&rsquo;\u00e9ducation, la paix et la s\u00e9curit\u00e9, les investissements et la migration et la mobilit\u00e9. Pendant deux jours, les dirigeants africains et europ\u00e9ens se sont pench\u00e9 sur la n\u00e9cessit\u00e9 de raffermir davantage le partenariat gagnant-gagnant entre les deux continents. Par [&hellip;]","og_url":"https:\/\/guineediversite.com\/index.php\/2017\/12\/01\/5eme-sommet-ua-ue-a-pris-fin-jeudi-a-abidjan-cote-divoire-deux-continents-raffermissent-liens-de-partenariat\/","og_site_name":"Guin\u00e9e Diversit\u00e9","article_publisher":"https:\/\/www.facebook.com\/guineediversite\/","article_published_time":"2017-12-01T07:30:08+00:00","article_modified_time":"2017-11-30T23:50:14+00:00","og_image":[{"width":1367,"height":1199,"url":"https:\/\/guineediversite.com\/wp-content\/uploads\/2017\/11\/SOMMET-UA-UE-NOVEMBRE-2017-conf-de-presse-2.jpg","type":"image\/jpeg"}],"author":"Diaraye Guirassy","twitter_card":"summary_large_image","twitter_creator":"@GuineeDiversite","twitter_site":"@GuineeDiversite","twitter_misc":{"\u00c9crit par":"Diaraye Guirassy","Dur\u00e9e de lecture estim\u00e9e":"2 minutes"},"schema":{"@context":"https:\/\/schema.org","@graph":[{"@type":"Article","@id":"https:\/\/guineediversite.com\/index.php\/2017\/12\/01\/5eme-sommet-ua-ue-a-pris-fin-jeudi-a-abidjan-cote-divoire-deux-continents-raffermissent-liens-de-partenariat\/#article","isPartOf":{"@id":"https:\/\/guineediversite.com\/index.php\/2017\/12\/01\/5eme-sommet-ua-ue-a-pris-fin-jeudi-a-abidjan-cote-divoire-deux-continents-raffermissent-liens-de-partenariat\/"},"author":{"name":"Diaraye Guirassy","@id":"https:\/\/guineediversite.com\/#\/schema\/person\/f69ebb1835c8052ac00dfe4d0ae488a8"},"headline":"Le 5eme sommet UA-UE a pris fin ce jeudi \u00e0 Abidjan, en cote d\u2019ivoire : Les deux continents raffermissent les liens de partenariat.","datePublished":"2017-12-01T07:30:08+00:00","dateModified":"2017-11-30T23:50:14+00:00","mainEntityOfPage":{"@id":"https:\/\/guineediversite.com\/index.php\/2017\/12\/01\/5eme-sommet-ua-ue-a-pris-fin-jeudi-a-abidjan-cote-divoire-deux-continents-raffermissent-liens-de-partenariat\/"},"wordCount":427,"publisher":{"@id":"https:\/\/guineediversite.com\/#organization"},"image":{"@id":"https:\/\/guineediversite.com\/index.php\/2017\/12\/01\/5eme-sommet-ua-ue-a-pris-fin-jeudi-a-abidjan-cote-divoire-deux-continents-raffermissent-liens-de-partenariat\/#primaryimage"},"thumbnailUrl":"https:\/\/guineediversite.com\/wp-content\/uploads\/2017\/11\/SOMMET-UA-UE-NOVEMBRE-2017-conf-de-presse-2.jpg","keywords":["SOMMET UA\/UE"],"articleSection":["International","Politique"],"inLanguage":"fr-FR"},{"@type":"WebPage","@id":"https:\/\/guineediversite.com\/index.php\/2017\/12\/01\/5eme-sommet-ua-ue-a-pris-fin-jeudi-a-abidjan-cote-divoire-deux-continents-raffermissent-liens-de-partenariat\/","url":"https:\/\/guineediversite.com\/index.php\/2017\/12\/01\/5eme-sommet-ua-ue-a-pris-fin-jeudi-a-abidjan-cote-divoire-deux-continents-raffermissent-liens-de-partenariat\/","name":"Le 5eme sommet UA-UE a pris fin ce jeudi \u00e0 Abidjan, en cote d\u2019ivoire : Les deux continents raffermissent les liens de partenariat. | Guin\u00e9e Diversit\u00e9","isPartOf":{"@id":"https:\/\/guineediversite.com\/#website"},"primaryImageOfPage":{"@id":"https:\/\/guineediversite.com\/index.php\/2017\/12\/01\/5eme-sommet-ua-ue-a-pris-fin-jeudi-a-abidjan-cote-divoire-deux-continents-raffermissent-liens-de-partenariat\/#primaryimage"},"image":{"@id":"https:\/\/guineediversite.com\/index.php\/2017\/12\/01\/5eme-sommet-ua-ue-a-pris-fin-jeudi-a-abidjan-cote-divoire-deux-continents-raffermissent-liens-de-partenariat\/#primaryimage"},"thumbnailUrl":"https:\/\/guineediversite.com\/wp-content\/uploads\/2017\/11\/SOMMET-UA-UE-NOVEMBRE-2017-conf-de-presse-2.jpg","datePublished":"2017-12-01T07:30:08+00:00","dateModified":"2017-11-30T23:50:14+00:00","breadcrumb":{"@id":"https:\/\/guineediversite.com\/index.php\/2017\/12\/01\/5eme-sommet-ua-ue-a-pris-fin-jeudi-a-abidjan-cote-divoire-deux-continents-raffermissent-liens-de-partenariat\/#breadcrumb"},"inLanguage":"fr-FR","potentialAction":[{"@type":"ReadAction","target":["https:\/\/guineediversite.com\/index.php\/2017\/12\/01\/5eme-sommet-ua-ue-a-pris-fin-jeudi-a-abidjan-cote-divoire-deux-continents-raffermissent-liens-de-partenariat\/"]}]},{"@type":"ImageObject","inLanguage":"fr-FR","@id":"https:\/\/guineediversite.com\/index.php\/2017\/12\/01\/5eme-sommet-ua-ue-a-pris-fin-jeudi-a-abidjan-cote-divoire-deux-continents-raffermissent-liens-de-partenariat\/#primaryimage","url":"https:\/\/guineediversite.com\/wp-content\/uploads\/2017\/11\/SOMMET-UA-UE-NOVEMBRE-2017-conf-de-presse-2.jpg","contentUrl":"https:\/\/guineediversite.com\/wp-content\/uploads\/2017\/11\/SOMMET-UA-UE-NOVEMBRE-2017-conf-de-presse-2.jpg","width":1367,"height":1199},{"@type":"BreadcrumbList","@id":"https:\/\/guineediversite.com\/index.php\/2017\/12\/01\/5eme-sommet-ua-ue-a-pris-fin-jeudi-a-abidjan-cote-divoire-deux-continents-raffermissent-liens-de-partenariat\/#breadcrumb","itemListElement":[{"@type":"ListItem","position":1,"name":"Accueil","item":"https:\/\/guineediversite.com\/"},{"@type":"ListItem","position":2,"name":"Le 5eme sommet UA-UE a pris fin ce jeudi \u00e0 Abidjan, en cote d\u2019ivoire : Les deux continents raffermissent les liens de partenariat."}]},{"@type":"WebSite","@id":"https:\/\/guineediversite.com\/#website","url":"https:\/\/guineediversite.com\/","name":"Guin\u00e9e Diversit\u00e9","description":"L&#039;Info dans toute sa diversit\u00e9","publisher":{"@id":"https:\/\/guineediversite.com\/#organization"},"potentialAction":[{"@type":"SearchAction","target":{"@type":"EntryPoint","urlTemplate":"https:\/\/guineediversite.com\/?s={search_term_string}"},"query-input":{"@type":"PropertyValueSpecification","valueRequired":true,"valueName":"search_term_string"}}],"inLanguage":"fr-FR"},{"@type":"Organization","@id":"https:\/\/guineediversite.com\/#organization","name":"Guin\u00e9e Diversit\u00e9","url":"https:\/\/guineediversite.com\/","logo":{"@type":"ImageObject","inLanguage":"fr-FR","@id":"https:\/\/guineediversite.com\/#\/schema\/logo\/image\/","url":"https:\/\/guineediversite.com\/wp-content\/uploads\/2017\/04\/cropped-1jojlxEOMkX9Wyqfhe43D6kjPOGqBBKmx3EwWJqZ0cMrFF54yM49.png","contentUrl":"https:\/\/guineediversite.com\/wp-content\/uploads\/2017\/04\/cropped-1jojlxEOMkX9Wyqfhe43D6kjPOGqBBKmx3EwWJqZ0cMrFF54yM49.png","width":186,"height":112,"caption":"Guin\u00e9e Diversit\u00e9"},"image":{"@id":"https:\/\/guineediversite.com\/#\/schema\/logo\/image\/"},"sameAs":["https:\/\/www.facebook.com\/guineediversite\/","https:\/\/x.com\/GuineeDiversite","https:\/\/www.youtube.com\/channel\/UC8sUY16qelG5ge6_D5SB83g"]},{"@type":"Person","@id":"https:\/\/guineediversite.com\/#\/schema\/person\/f69ebb1835c8052ac00dfe4d0ae488a8","name":"Diaraye Guirassy","image":{"@type":"ImageObject","inLanguage":"fr-FR","@id":"https:\/\/guineediversite.com\/#\/schema\/person\/image\/","url":"https:\/\/secure.gravatar.com\/avatar\/d72966230e92113cba29ea060394d485?s=96&d=mm&r=g","contentUrl":"https:\/\/secure.gravatar.com\/avatar\/d72966230e92113cba29ea060394d485?s=96&d=mm&r=g","caption":"Diaraye Guirassy"},"url":"https:\/\/guineediversite.com\/index.php\/author\/diaraye\/"}]}},"_links":{"self":[{"href":"https:\/\/guineediversite.com\/index.php\/wp-json\/wp\/v2\/posts\/23160"}],"collection":[{"href":"https:\/\/guineediversite.com\/index.php\/wp-json\/wp\/v2\/posts"}],"about":[{"href":"https:\/\/guineediversite.com\/index.php\/wp-json\/wp\/v2\/types\/post"}],"author":[{"embeddable":true,"href":"https:\/\/guineediversite.com\/index.php\/wp-json\/wp\/v2\/users\/17"}],"replies":[{"embeddable":true,"href":"https:\/\/guineediversite.com\/index.php\/wp-json\/wp\/v2\/comments?post=23160"}],"version-history":[{"count":0,"href":"https:\/\/guineediversite.com\/index.php\/wp-json\/wp\/v2\/posts\/23160\/revisions"}],"wp:featuredmedia":[{"embeddable":true,"href":"https:\/\/guineediversite.com\/index.php\/wp-json\/wp\/v2\/media\/23161"}],"wp:attachment":[{"href":"https:\/\/guineediversite.com\/index.php\/wp-json\/wp\/v2\/media?parent=23160"}],"wp:term":[{"taxonomy":"category","embeddable":true,"href":"https:\/\/guineediversite.com\/index.php\/wp-json\/wp\/v2\/categories?post=23160"},{"taxonomy":"post_tag","embeddable":true,"href":"https:\/\/guineediversite.com\/index.php\/wp-json\/wp\/v2\/tags?post=23160"}],"curies":[{"name":"wp","href":"https:\/\/api.w.org\/{rel}","templated":true}]}}