{"id":23146,"date":"2017-11-30T14:45:08","date_gmt":"2017-11-30T13:45:08","guid":{"rendered":"https:\/\/guineediversite.com\/?p=23146"},"modified":"2017-11-30T14:45:08","modified_gmt":"2017-11-30T13:45:08","slug":"sommet-ua-ue-dirigeants-sinsurgent-contre-traite-migrants-libye","status":"publish","type":"post","link":"https:\/\/guineediversite.com\/index.php\/2017\/11\/30\/sommet-ua-ue-dirigeants-sinsurgent-contre-traite-migrants-libye\/","title":{"rendered":"Sommet UA-UE : les dirigeants s&rsquo;insurgent contre la traite des migrants en Libye"},"content":{"rendered":"<p>Les probl\u00e8mes qui assaillent la jeunesse africaine, le terrorisme, la s\u00e9curit\u00e9 et les relations \u00e9conomiques entre les continents sont entre autres des questions abord\u00e9es \u00e0 ce sommet.<\/p>\n<p>Pour le pr\u00e9sident ivoirien Alhassane Ouattara, pour pouvoir se projeter dans le futur avec espoir, le continent europ\u00e9en et celui africain doivent prendre des engagements face \u00e0 certains d\u00e9fis notamment celui concernant la jeunesse. \u00ab Aujourd\u2019hui, moins d\u2019un jeune sur deux acc\u00e8dent au coll\u00e8ge et moins d\u2019un jeune sur quatre acc\u00e8dent au lyc\u00e9e, l\u2019enseignement technique et professionnel accueille en moyenne moins de 10% des effectifs. Ces difficult\u00e9s du syst\u00e8me de formation, ont pour cons\u00e9quences, une incapacit\u00e9 des milliers de jeunes \u00e0 trouver un emploi et donc \u00e0 s\u2019\u00e9panouir. \u00bb<\/p>\n<p>S\u2019exprimant sur la question li\u00e9e \u00e0 l\u2019immigration et ses cons\u00e9quences sur la jeunesse africaine, le pr\u00e9sident Ouattara assure que la s\u00e9curit\u00e9 de l\u2019Afrique d\u00e9pendra de la capacit\u00e9 de ces pays \u00e0 r\u00e9gler la crise en Libye et \u00e0 mettre fin aux pratiques inhumaines infliger aux migrants. \u00ab L\u2019actualit\u00e9 nous offre un triste exemple en Libye et nous interpelle sur une situation qui est devenue totalement inacceptable. Et donc, notre s\u00e9curit\u00e9 d\u00e9pend de notre capacit\u00e9 \u00e0 g\u00e9rer la crise dans ce pays. \u00bb Comme lui, plusieurs autres dirigeants d\u00e9plorent et condamnent la vid\u00e9o montrant des migrants subsahariens vendus comme esclaves.<\/p>\n<p>\u00ab Pour mettre fin \u00e0 cette pratique indigne d\u2019un autre \u00e2ge, nous devons intensifier nos efforts pour d\u00e9manteler les r\u00e9seaux de passeurs et de trafiquants d\u2019\u00eatres humains. \u00bb s\u2019insurge-t-il<\/p>\n<p>\u00ab Nous ne mettrons pas fin aux trag\u00e9dies en m\u00e9diterran\u00e9e, si nous ne cr\u00e9ons pas d\u2019opportunit\u00e9s significatives de migration l\u00e9gale. Et il faut aussi que les politiques de coop\u00e9ration pour le d\u00e9veloppement contribuent \u00e0 offrir aux gens de trouver un avenir digne et meilleur chez eux. Ces deux conditions sont essentielles pour combattre les trafiquants, les passeurs ou les criminels les plus horribles de notre moment. \u00bb Ajoute Antonio Guterres, pr\u00e9sident du conseil de s\u00e9curit\u00e9 de l\u2019ONU<\/p>\n<p>\u00ab Je m\u2019adresse \u00e0 vous, horrifier et hant\u00e9. Combien d\u2019autres citoyens du monde sont dans le m\u00eame \u00e9tat que moi, par les images d\u2019immigrants africains vendus aux ench\u00e8res comme esclaves en Libye ? Notre sommet doit \u00eatre le point de d\u00e9part d\u2019une action r\u00e9solue visant \u00e0 trouver une r\u00e9ponse \u00e0 ces trag\u00e9dies et aux sources d\u2019angoisse de la jeunesse africaine \u00bb affirme Moussa Faki Mahammat, pr\u00e9sident de la commission africaine.<\/p>\n<p>Ils demandent de ce fait \u00e0 la communaut\u00e9 internationale de prendre ses responsabilit\u00e9s face \u00e0 cette pratique qui rappelle les pires moments de l\u2019histoire de l\u2019humanit\u00e9.<\/p>\n","protected":false},"excerpt":{"rendered":"<p>Les probl\u00e8mes qui assaillent la jeunesse africaine, le terrorisme, la s\u00e9curit\u00e9 et les relations \u00e9conomiques entre les continents sont entre autres des questions abord\u00e9es \u00e0 ce sommet. Pour le pr\u00e9sident ivoirien Alhassane Ouattara, pour pouvoir se projeter dans le futur avec espoir, le continent europ\u00e9en et celui africain doivent prendre des engagements face \u00e0 certains [&hellip;]<\/p>\n","protected":false},"author":17,"featured_media":23137,"comment_status":"closed","ping_status":"closed","sticky":false,"template":"","format":"standard","meta":{"_exactmetrics_skip_tracking":false,"_exactmetrics_sitenote_active":false,"_exactmetrics_sitenote_note":"","_exactmetrics_sitenote_category":0,"tdm_status":"","tdm_grid_status":"","footnotes":""},"categories":[21,16],"tags":[352],"class_list":{"0":"post-23146","1":"post","2":"type-post","3":"status-publish","4":"format-standard","5":"has-post-thumbnail","7":"category-international","8":"category-societe","9":"tag-sommet-ua-ue"},"yoast_head":"<!-- This site is optimized with the Yoast SEO plugin v24.2 - https:\/\/yoast.com\/wordpress\/plugins\/seo\/ -->\n<title>Sommet UA-UE : les dirigeants s&#039;insurgent contre la traite des migrants en Libye | Guin\u00e9e Diversit\u00e9<\/title>\n<meta name=\"robots\" content=\"index, follow, max-snippet:-1, max-image-preview:large, max-video-preview:-1\" \/>\n<link rel=\"canonical\" href=\"https:\/\/guineediversite.com\/index.php\/2017\/11\/30\/sommet-ua-ue-dirigeants-sinsurgent-contre-traite-migrants-libye\/\" \/>\n<meta property=\"og:locale\" content=\"fr_FR\" \/>\n<meta property=\"og:type\" content=\"article\" \/>\n<meta property=\"og:title\" content=\"Sommet UA-UE : les dirigeants s&#039;insurgent contre la traite des migrants en Libye | Guin\u00e9e Diversit\u00e9\" \/>\n<meta property=\"og:description\" content=\"Les probl\u00e8mes qui assaillent la jeunesse africaine, le terrorisme, la s\u00e9curit\u00e9 et les relations \u00e9conomiques entre les continents sont entre autres des questions abord\u00e9es \u00e0 ce sommet. Pour le pr\u00e9sident ivoirien Alhassane Ouattara, pour pouvoir se projeter dans le futur avec espoir, le continent europ\u00e9en et celui africain doivent prendre des engagements face \u00e0 certains [&hellip;]\" \/>\n<meta property=\"og:url\" content=\"https:\/\/guineediversite.com\/index.php\/2017\/11\/30\/sommet-ua-ue-dirigeants-sinsurgent-contre-traite-migrants-libye\/\" \/>\n<meta property=\"og:site_name\" content=\"Guin\u00e9e Diversit\u00e9\" \/>\n<meta property=\"article:publisher\" content=\"https:\/\/www.facebook.com\/guineediversite\/\" \/>\n<meta property=\"article:published_time\" content=\"2017-11-30T13:45:08+00:00\" \/>\n<meta property=\"og:image\" content=\"https:\/\/guineediversite.com\/wp-content\/uploads\/2017\/11\/Photo-de-famille-SOMMET-UA-UE-NOVEMBRE-2017.jpg\" \/>\n\t<meta property=\"og:image:width\" content=\"2187\" \/>\n\t<meta property=\"og:image:height\" content=\"1368\" \/>\n\t<meta property=\"og:image:type\" content=\"image\/jpeg\" \/>\n<meta name=\"author\" content=\"Diaraye Guirassy\" \/>\n<meta name=\"twitter:card\" content=\"summary_large_image\" \/>\n<meta name=\"twitter:creator\" content=\"@GuineeDiversite\" \/>\n<meta name=\"twitter:site\" content=\"@GuineeDiversite\" \/>\n<meta name=\"twitter:label1\" content=\"\u00c9crit par\" \/>\n\t<meta name=\"twitter:data1\" content=\"Diaraye Guirassy\" \/>\n\t<meta name=\"twitter:label2\" content=\"Dur\u00e9e de lecture estim\u00e9e\" \/>\n\t<meta name=\"twitter:data2\" content=\"2 minutes\" \/>\n<script type=\"application\/ld+json\" class=\"yoast-schema-graph\">{\"@context\":\"https:\/\/schema.org\",\"@graph\":[{\"@type\":\"Article\",\"@id\":\"https:\/\/guineediversite.com\/index.php\/2017\/11\/30\/sommet-ua-ue-dirigeants-sinsurgent-contre-traite-migrants-libye\/#article\",\"isPartOf\":{\"@id\":\"https:\/\/guineediversite.com\/index.php\/2017\/11\/30\/sommet-ua-ue-dirigeants-sinsurgent-contre-traite-migrants-libye\/\"},\"author\":{\"name\":\"Diaraye Guirassy\",\"@id\":\"https:\/\/guineediversite.com\/#\/schema\/person\/f69ebb1835c8052ac00dfe4d0ae488a8\"},\"headline\":\"Sommet UA-UE : les dirigeants s&rsquo;insurgent contre la traite des migrants en Libye\",\"datePublished\":\"2017-11-30T13:45:08+00:00\",\"dateModified\":\"2017-11-30T13:45:08+00:00\",\"mainEntityOfPage\":{\"@id\":\"https:\/\/guineediversite.com\/index.php\/2017\/11\/30\/sommet-ua-ue-dirigeants-sinsurgent-contre-traite-migrants-libye\/\"},\"wordCount\":468,\"publisher\":{\"@id\":\"https:\/\/guineediversite.com\/#organization\"},\"image\":{\"@id\":\"https:\/\/guineediversite.com\/index.php\/2017\/11\/30\/sommet-ua-ue-dirigeants-sinsurgent-contre-traite-migrants-libye\/#primaryimage\"},\"thumbnailUrl\":\"https:\/\/guineediversite.com\/wp-content\/uploads\/2017\/11\/Photo-de-famille-SOMMET-UA-UE-NOVEMBRE-2017.jpg\",\"keywords\":[\"SOMMET UA\/UE\"],\"articleSection\":[\"International\",\"Soci\u00e9t\u00e9\"],\"inLanguage\":\"fr-FR\"},{\"@type\":\"WebPage\",\"@id\":\"https:\/\/guineediversite.com\/index.php\/2017\/11\/30\/sommet-ua-ue-dirigeants-sinsurgent-contre-traite-migrants-libye\/\",\"url\":\"https:\/\/guineediversite.com\/index.php\/2017\/11\/30\/sommet-ua-ue-dirigeants-sinsurgent-contre-traite-migrants-libye\/\",\"name\":\"Sommet UA-UE : les dirigeants s'insurgent contre la traite des migrants en Libye | Guin\u00e9e Diversit\u00e9\",\"isPartOf\":{\"@id\":\"https:\/\/guineediversite.com\/#website\"},\"primaryImageOfPage\":{\"@id\":\"https:\/\/guineediversite.com\/index.php\/2017\/11\/30\/sommet-ua-ue-dirigeants-sinsurgent-contre-traite-migrants-libye\/#primaryimage\"},\"image\":{\"@id\":\"https:\/\/guineediversite.com\/index.php\/2017\/11\/30\/sommet-ua-ue-dirigeants-sinsurgent-contre-traite-migrants-libye\/#primaryimage\"},\"thumbnailUrl\":\"https:\/\/guineediversite.com\/wp-content\/uploads\/2017\/11\/Photo-de-famille-SOMMET-UA-UE-NOVEMBRE-2017.jpg\",\"datePublished\":\"2017-11-30T13:45:08+00:00\",\"dateModified\":\"2017-11-30T13:45:08+00:00\",\"breadcrumb\":{\"@id\":\"https:\/\/guineediversite.com\/index.php\/2017\/11\/30\/sommet-ua-ue-dirigeants-sinsurgent-contre-traite-migrants-libye\/#breadcrumb\"},\"inLanguage\":\"fr-FR\",\"potentialAction\":[{\"@type\":\"ReadAction\",\"target\":[\"https:\/\/guineediversite.com\/index.php\/2017\/11\/30\/sommet-ua-ue-dirigeants-sinsurgent-contre-traite-migrants-libye\/\"]}]},{\"@type\":\"ImageObject\",\"inLanguage\":\"fr-FR\",\"@id\":\"https:\/\/guineediversite.com\/index.php\/2017\/11\/30\/sommet-ua-ue-dirigeants-sinsurgent-contre-traite-migrants-libye\/#primaryimage\",\"url\":\"https:\/\/guineediversite.com\/wp-content\/uploads\/2017\/11\/Photo-de-famille-SOMMET-UA-UE-NOVEMBRE-2017.jpg\",\"contentUrl\":\"https:\/\/guineediversite.com\/wp-content\/uploads\/2017\/11\/Photo-de-famille-SOMMET-UA-UE-NOVEMBRE-2017.jpg\",\"width\":2187,\"height\":1368},{\"@type\":\"BreadcrumbList\",\"@id\":\"https:\/\/guineediversite.com\/index.php\/2017\/11\/30\/sommet-ua-ue-dirigeants-sinsurgent-contre-traite-migrants-libye\/#breadcrumb\",\"itemListElement\":[{\"@type\":\"ListItem\",\"position\":1,\"name\":\"Accueil\",\"item\":\"https:\/\/guineediversite.com\/\"},{\"@type\":\"ListItem\",\"position\":2,\"name\":\"Sommet UA-UE : les dirigeants s&rsquo;insurgent contre la traite des migrants en Libye\"}]},{\"@type\":\"WebSite\",\"@id\":\"https:\/\/guineediversite.com\/#website\",\"url\":\"https:\/\/guineediversite.com\/\",\"name\":\"Guin\u00e9e Diversit\u00e9\",\"description\":\"L&#039;Info dans toute sa diversit\u00e9\",\"publisher\":{\"@id\":\"https:\/\/guineediversite.com\/#organization\"},\"potentialAction\":[{\"@type\":\"SearchAction\",\"target\":{\"@type\":\"EntryPoint\",\"urlTemplate\":\"https:\/\/guineediversite.com\/?s={search_term_string}\"},\"query-input\":{\"@type\":\"PropertyValueSpecification\",\"valueRequired\":true,\"valueName\":\"search_term_string\"}}],\"inLanguage\":\"fr-FR\"},{\"@type\":\"Organization\",\"@id\":\"https:\/\/guineediversite.com\/#organization\",\"name\":\"Guin\u00e9e Diversit\u00e9\",\"url\":\"https:\/\/guineediversite.com\/\",\"logo\":{\"@type\":\"ImageObject\",\"inLanguage\":\"fr-FR\",\"@id\":\"https:\/\/guineediversite.com\/#\/schema\/logo\/image\/\",\"url\":\"https:\/\/guineediversite.com\/wp-content\/uploads\/2017\/04\/cropped-1jojlxEOMkX9Wyqfhe43D6kjPOGqBBKmx3EwWJqZ0cMrFF54yM49.png\",\"contentUrl\":\"https:\/\/guineediversite.com\/wp-content\/uploads\/2017\/04\/cropped-1jojlxEOMkX9Wyqfhe43D6kjPOGqBBKmx3EwWJqZ0cMrFF54yM49.png\",\"width\":186,\"height\":112,\"caption\":\"Guin\u00e9e Diversit\u00e9\"},\"image\":{\"@id\":\"https:\/\/guineediversite.com\/#\/schema\/logo\/image\/\"},\"sameAs\":[\"https:\/\/www.facebook.com\/guineediversite\/\",\"https:\/\/x.com\/GuineeDiversite\",\"https:\/\/www.youtube.com\/channel\/UC8sUY16qelG5ge6_D5SB83g\"]},{\"@type\":\"Person\",\"@id\":\"https:\/\/guineediversite.com\/#\/schema\/person\/f69ebb1835c8052ac00dfe4d0ae488a8\",\"name\":\"Diaraye Guirassy\",\"image\":{\"@type\":\"ImageObject\",\"inLanguage\":\"fr-FR\",\"@id\":\"https:\/\/guineediversite.com\/#\/schema\/person\/image\/\",\"url\":\"https:\/\/secure.gravatar.com\/avatar\/d72966230e92113cba29ea060394d485?s=96&d=mm&r=g\",\"contentUrl\":\"https:\/\/secure.gravatar.com\/avatar\/d72966230e92113cba29ea060394d485?s=96&d=mm&r=g\",\"caption\":\"Diaraye Guirassy\"},\"url\":\"https:\/\/guineediversite.com\/index.php\/author\/diaraye\/\"}]}<\/script>\n<!-- \/ Yoast SEO plugin. -->","yoast_head_json":{"title":"Sommet UA-UE : les dirigeants s'insurgent contre la traite des migrants en Libye | Guin\u00e9e Diversit\u00e9","robots":{"index":"index","follow":"follow","max-snippet":"max-snippet:-1","max-image-preview":"max-image-preview:large","max-video-preview":"max-video-preview:-1"},"canonical":"https:\/\/guineediversite.com\/index.php\/2017\/11\/30\/sommet-ua-ue-dirigeants-sinsurgent-contre-traite-migrants-libye\/","og_locale":"fr_FR","og_type":"article","og_title":"Sommet UA-UE : les dirigeants s'insurgent contre la traite des migrants en Libye | Guin\u00e9e Diversit\u00e9","og_description":"Les probl\u00e8mes qui assaillent la jeunesse africaine, le terrorisme, la s\u00e9curit\u00e9 et les relations \u00e9conomiques entre les continents sont entre autres des questions abord\u00e9es \u00e0 ce sommet. Pour le pr\u00e9sident ivoirien Alhassane Ouattara, pour pouvoir se projeter dans le futur avec espoir, le continent europ\u00e9en et celui africain doivent prendre des engagements face \u00e0 certains [&hellip;]","og_url":"https:\/\/guineediversite.com\/index.php\/2017\/11\/30\/sommet-ua-ue-dirigeants-sinsurgent-contre-traite-migrants-libye\/","og_site_name":"Guin\u00e9e Diversit\u00e9","article_publisher":"https:\/\/www.facebook.com\/guineediversite\/","article_published_time":"2017-11-30T13:45:08+00:00","og_image":[{"width":2187,"height":1368,"url":"https:\/\/guineediversite.com\/wp-content\/uploads\/2017\/11\/Photo-de-famille-SOMMET-UA-UE-NOVEMBRE-2017.jpg","type":"image\/jpeg"}],"author":"Diaraye Guirassy","twitter_card":"summary_large_image","twitter_creator":"@GuineeDiversite","twitter_site":"@GuineeDiversite","twitter_misc":{"\u00c9crit par":"Diaraye Guirassy","Dur\u00e9e de lecture estim\u00e9e":"2 minutes"},"schema":{"@context":"https:\/\/schema.org","@graph":[{"@type":"Article","@id":"https:\/\/guineediversite.com\/index.php\/2017\/11\/30\/sommet-ua-ue-dirigeants-sinsurgent-contre-traite-migrants-libye\/#article","isPartOf":{"@id":"https:\/\/guineediversite.com\/index.php\/2017\/11\/30\/sommet-ua-ue-dirigeants-sinsurgent-contre-traite-migrants-libye\/"},"author":{"name":"Diaraye Guirassy","@id":"https:\/\/guineediversite.com\/#\/schema\/person\/f69ebb1835c8052ac00dfe4d0ae488a8"},"headline":"Sommet UA-UE : les dirigeants s&rsquo;insurgent contre la traite des migrants en Libye","datePublished":"2017-11-30T13:45:08+00:00","dateModified":"2017-11-30T13:45:08+00:00","mainEntityOfPage":{"@id":"https:\/\/guineediversite.com\/index.php\/2017\/11\/30\/sommet-ua-ue-dirigeants-sinsurgent-contre-traite-migrants-libye\/"},"wordCount":468,"publisher":{"@id":"https:\/\/guineediversite.com\/#organization"},"image":{"@id":"https:\/\/guineediversite.com\/index.php\/2017\/11\/30\/sommet-ua-ue-dirigeants-sinsurgent-contre-traite-migrants-libye\/#primaryimage"},"thumbnailUrl":"https:\/\/guineediversite.com\/wp-content\/uploads\/2017\/11\/Photo-de-famille-SOMMET-UA-UE-NOVEMBRE-2017.jpg","keywords":["SOMMET UA\/UE"],"articleSection":["International","Soci\u00e9t\u00e9"],"inLanguage":"fr-FR"},{"@type":"WebPage","@id":"https:\/\/guineediversite.com\/index.php\/2017\/11\/30\/sommet-ua-ue-dirigeants-sinsurgent-contre-traite-migrants-libye\/","url":"https:\/\/guineediversite.com\/index.php\/2017\/11\/30\/sommet-ua-ue-dirigeants-sinsurgent-contre-traite-migrants-libye\/","name":"Sommet UA-UE : les dirigeants s'insurgent contre la traite des migrants en Libye | Guin\u00e9e Diversit\u00e9","isPartOf":{"@id":"https:\/\/guineediversite.com\/#website"},"primaryImageOfPage":{"@id":"https:\/\/guineediversite.com\/index.php\/2017\/11\/30\/sommet-ua-ue-dirigeants-sinsurgent-contre-traite-migrants-libye\/#primaryimage"},"image":{"@id":"https:\/\/guineediversite.com\/index.php\/2017\/11\/30\/sommet-ua-ue-dirigeants-sinsurgent-contre-traite-migrants-libye\/#primaryimage"},"thumbnailUrl":"https:\/\/guineediversite.com\/wp-content\/uploads\/2017\/11\/Photo-de-famille-SOMMET-UA-UE-NOVEMBRE-2017.jpg","datePublished":"2017-11-30T13:45:08+00:00","dateModified":"2017-11-30T13:45:08+00:00","breadcrumb":{"@id":"https:\/\/guineediversite.com\/index.php\/2017\/11\/30\/sommet-ua-ue-dirigeants-sinsurgent-contre-traite-migrants-libye\/#breadcrumb"},"inLanguage":"fr-FR","potentialAction":[{"@type":"ReadAction","target":["https:\/\/guineediversite.com\/index.php\/2017\/11\/30\/sommet-ua-ue-dirigeants-sinsurgent-contre-traite-migrants-libye\/"]}]},{"@type":"ImageObject","inLanguage":"fr-FR","@id":"https:\/\/guineediversite.com\/index.php\/2017\/11\/30\/sommet-ua-ue-dirigeants-sinsurgent-contre-traite-migrants-libye\/#primaryimage","url":"https:\/\/guineediversite.com\/wp-content\/uploads\/2017\/11\/Photo-de-famille-SOMMET-UA-UE-NOVEMBRE-2017.jpg","contentUrl":"https:\/\/guineediversite.com\/wp-content\/uploads\/2017\/11\/Photo-de-famille-SOMMET-UA-UE-NOVEMBRE-2017.jpg","width":2187,"height":1368},{"@type":"BreadcrumbList","@id":"https:\/\/guineediversite.com\/index.php\/2017\/11\/30\/sommet-ua-ue-dirigeants-sinsurgent-contre-traite-migrants-libye\/#breadcrumb","itemListElement":[{"@type":"ListItem","position":1,"name":"Accueil","item":"https:\/\/guineediversite.com\/"},{"@type":"ListItem","position":2,"name":"Sommet UA-UE : les dirigeants s&rsquo;insurgent contre la traite des migrants en Libye"}]},{"@type":"WebSite","@id":"https:\/\/guineediversite.com\/#website","url":"https:\/\/guineediversite.com\/","name":"Guin\u00e9e Diversit\u00e9","description":"L&#039;Info dans toute sa diversit\u00e9","publisher":{"@id":"https:\/\/guineediversite.com\/#organization"},"potentialAction":[{"@type":"SearchAction","target":{"@type":"EntryPoint","urlTemplate":"https:\/\/guineediversite.com\/?s={search_term_string}"},"query-input":{"@type":"PropertyValueSpecification","valueRequired":true,"valueName":"search_term_string"}}],"inLanguage":"fr-FR"},{"@type":"Organization","@id":"https:\/\/guineediversite.com\/#organization","name":"Guin\u00e9e Diversit\u00e9","url":"https:\/\/guineediversite.com\/","logo":{"@type":"ImageObject","inLanguage":"fr-FR","@id":"https:\/\/guineediversite.com\/#\/schema\/logo\/image\/","url":"https:\/\/guineediversite.com\/wp-content\/uploads\/2017\/04\/cropped-1jojlxEOMkX9Wyqfhe43D6kjPOGqBBKmx3EwWJqZ0cMrFF54yM49.png","contentUrl":"https:\/\/guineediversite.com\/wp-content\/uploads\/2017\/04\/cropped-1jojlxEOMkX9Wyqfhe43D6kjPOGqBBKmx3EwWJqZ0cMrFF54yM49.png","width":186,"height":112,"caption":"Guin\u00e9e Diversit\u00e9"},"image":{"@id":"https:\/\/guineediversite.com\/#\/schema\/logo\/image\/"},"sameAs":["https:\/\/www.facebook.com\/guineediversite\/","https:\/\/x.com\/GuineeDiversite","https:\/\/www.youtube.com\/channel\/UC8sUY16qelG5ge6_D5SB83g"]},{"@type":"Person","@id":"https:\/\/guineediversite.com\/#\/schema\/person\/f69ebb1835c8052ac00dfe4d0ae488a8","name":"Diaraye Guirassy","image":{"@type":"ImageObject","inLanguage":"fr-FR","@id":"https:\/\/guineediversite.com\/#\/schema\/person\/image\/","url":"https:\/\/secure.gravatar.com\/avatar\/d72966230e92113cba29ea060394d485?s=96&d=mm&r=g","contentUrl":"https:\/\/secure.gravatar.com\/avatar\/d72966230e92113cba29ea060394d485?s=96&d=mm&r=g","caption":"Diaraye Guirassy"},"url":"https:\/\/guineediversite.com\/index.php\/author\/diaraye\/"}]}},"_links":{"self":[{"href":"https:\/\/guineediversite.com\/index.php\/wp-json\/wp\/v2\/posts\/23146"}],"collection":[{"href":"https:\/\/guineediversite.com\/index.php\/wp-json\/wp\/v2\/posts"}],"about":[{"href":"https:\/\/guineediversite.com\/index.php\/wp-json\/wp\/v2\/types\/post"}],"author":[{"embeddable":true,"href":"https:\/\/guineediversite.com\/index.php\/wp-json\/wp\/v2\/users\/17"}],"replies":[{"embeddable":true,"href":"https:\/\/guineediversite.com\/index.php\/wp-json\/wp\/v2\/comments?post=23146"}],"version-history":[{"count":0,"href":"https:\/\/guineediversite.com\/index.php\/wp-json\/wp\/v2\/posts\/23146\/revisions"}],"wp:featuredmedia":[{"embeddable":true,"href":"https:\/\/guineediversite.com\/index.php\/wp-json\/wp\/v2\/media\/23137"}],"wp:attachment":[{"href":"https:\/\/guineediversite.com\/index.php\/wp-json\/wp\/v2\/media?parent=23146"}],"wp:term":[{"taxonomy":"category","embeddable":true,"href":"https:\/\/guineediversite.com\/index.php\/wp-json\/wp\/v2\/categories?post=23146"},{"taxonomy":"post_tag","embeddable":true,"href":"https:\/\/guineediversite.com\/index.php\/wp-json\/wp\/v2\/tags?post=23146"}],"curies":[{"name":"wp","href":"https:\/\/api.w.org\/{rel}","templated":true}]}}