{"id":23130,"date":"2017-11-30T13:09:05","date_gmt":"2017-11-30T12:09:05","guid":{"rendered":"https:\/\/guineediversite.com\/?p=23130"},"modified":"2017-11-30T13:09:05","modified_gmt":"2017-11-30T12:09:05","slug":"sommet-ua-ue-president-alpha-conde-strategies-mecanismes-destines-a-promouvoir-lepanouissement-jeunes-lautonomisation-femmes-protection-jeunes-f","status":"publish","type":"post","link":"https:\/\/guineediversite.com\/index.php\/2017\/11\/30\/sommet-ua-ue-president-alpha-conde-strategies-mecanismes-destines-a-promouvoir-lepanouissement-jeunes-lautonomisation-femmes-protection-jeunes-f\/","title":{"rendered":"SOMMET UA\/UE &#8211; Pr\u00e9sident Alpha Cond\u00e9 : \u00ab Des strat\u00e9gies et m\u00e9canismes destin\u00e9s \u00e0 promouvoir l\u2019\u00e9panouissement des jeunes, l\u2019autonomisation des femmes, et la protection des jeunes filles sont plus que jamais n\u00e9cessaires \u00bb (Discours int\u00e9gral)"},"content":{"rendered":"<p>\u00d8\u00a0<strong>Abidjan, le 29 Novembre 2017<\/strong>\u00a0\u2013<\/p>\n<p><strong>Excellence Monsieur le Pr\u00e9sident de la R\u00e9publique de C\u00f4te d\u2019Ivoire,<\/strong><\/p>\n<p>\u00d8\u00a0<strong>Excellence Monsieur le Pr\u00e9sident du Conseil Europ\u00e9en, Co-Pr\u00e9sident du 5<sup>\u00e8me<\/sup>\u00a0Sommet Union Africaine \u2013Union Europ\u00e9enne,<\/strong><\/p>\n<p>\u00d8\u00a0<strong>Vos Majest\u00e9s,<\/strong><\/p>\n<p>\u00d8\u00a0<strong>Excellences Mesdames et Messieurs les Chefs d\u2019Etats et de Gouvernements,<\/strong><\/p>\n<p>\u00d8\u00a0<strong>Excellence Monsieur le Secr\u00e9taire G\u00e9n\u00e9ral de l\u2019Organisation des Nations-Unies,<\/strong><\/p>\n<p>\u00d8\u00a0<strong>Excellence Monsieur le Pr\u00e9sident de la Commission de l\u2019Union europ\u00e9enne,<\/strong><\/p>\n<p>\u00d8\u00a0<strong>Excellence Monsieur le Pr\u00e9sident de la Commission de l\u2019Union Africaine,<\/strong><\/p>\n<p>\u00d8\u00a0<strong>Mesdames et Messieurs les Ministres,<\/strong><\/p>\n<p>\u00d8\u00a0<strong>Mesdames et Messieurs les Repr\u00e9sentants des Organisations Internationales,<\/strong><\/p>\n<p>\u00d8\u00a0<strong>Mesdames et Messieurs les membres du Corps Diplomatiques et Consulaires,<\/strong><\/p>\n<p>\u00d8\u00a0<strong>Mesdames et Messieurs,<\/strong><\/p>\n<p><strong>\u00a0<\/strong><\/p>\n<p>J\u2019\u00e9prouve toujours un immense plaisir \u00e0 me retrouver dans cette belle ville d\u2019Abidjan, capitale d\u2019un pays fr\u00e8re et voisin dont la g\u00e9n\u00e9reuse hospitalit\u00e9 toute africaine m\u00e9rite notre profonde gratitude.<\/p>\n<p>Je suis d\u2019autant heureux que je me retrouve avec mon fr\u00e8re et ami le Pr\u00e9sident Alassane Dramane OUATTARA sous la conduite duquel, la C\u00f4te d\u2019Ivoire s\u2019affirme sur le chemin du d\u00e9veloppement et de l\u2019int\u00e9gration africaine.<\/p>\n<p>En ma qualit\u00e9 de Pr\u00e9sident en exercice de l\u2019Union africaine, je voudrais dire toute mon appr\u00e9ciation des dispositions idoines prises par les autorit\u00e9s ivoiriennes pour cr\u00e9er le cadre id\u00e9al nous permettant de faire face au devoir qui nous interpelle\u00a0; celui d\u2019assurer le renouveau du partenariat Union europ\u00e9enne-Union africaine.<\/p>\n<p><strong>Mesdames et Messieurs<\/strong>,<\/p>\n<p>Lors de notre \u00a04<sup>\u00e8me<\/sup>\u00a0Sommet qui s\u2019est tenu\u00a0 \u00e0 Bruxelles, en avril 2014, nous avons pris des engagements dans le cadre d\u2019une d\u00e9claration politique assortie d\u2019une feuille de route pour la p\u00e9riode\u00a0 2014-2017.<\/p>\n<p>En d\u00e9pit des progr\u00e8s ind\u00e9niables r\u00e9alis\u00e9s dans notre coop\u00e9ration, l\u2019atteinte de nos objectifs est compromise par des d\u00e9fis s\u00e9curitaires et humanitaires, la persistance des conflits et la recrudescence des activit\u00e9s terroristes,\u00a0 sans occulter bien \u00e9videmment les changements climatiques et la question cruciale du financement du d\u00e9veloppement.<\/p>\n<p>Ensemble, l\u2019Union europ\u00e9enne et l\u2019Union africaine se sont investies pour apporter des r\u00e9ponses appropri\u00e9es \u00e0 ces pr\u00e9occupations majeures dans le cadre du G5 Sahel, du Sommet de La Valette sur la migration, des\u00a0<strong>Cop 21, 22 et 23,\u00a0<\/strong>\u00a0de la Conf\u00e9rence de New-York sur les\u00a0<strong>ODD<\/strong>\u00a0et de celle d\u2019Addis-Abeba sur le financement du d\u00e9veloppement.<\/p>\n<p>Voil\u00e0 pourquoi, nous abordons\u00a0 avec un optimisme fond\u00e9\u00a0 ce 5<sup>\u00e8me<\/sup>\u00a0Sommet\u00a0 Union Africaine-Union Europ\u00e9enne qui a pour th\u00e8me\u00a0<strong>\u00ab\u00a0investir dans la jeunesse pour une croissance inclusive acc\u00e9l\u00e9r\u00e9e et un d\u00e9veloppement durable<\/strong>\u00a0<strong>\u00bb.<\/strong><\/p>\n<p>Ce th\u00e8me est d\u2019autant d\u2019actualit\u00e9 que l\u2019Union africaine consid\u00e8re le dividende d\u00e9mographique comme le facteur essentiel du d\u00e9veloppement.<\/p>\n<p>En 2014 \u00e0 Bruxelles, l\u2019atmosph\u00e8re \u00e9tait clairement \u00e0 l\u2019optimisme.<\/p>\n<p>Ces deux derni\u00e8res ann\u00e9es ont, h\u00e9las, beaucoup chang\u00e9 les perspectives concernant l\u2019Afrique. On ne pouvait pas, en effet, imaginer \u00e0 Bruxelles que les prix des mati\u00e8res premi\u00e8res et la demande internationale concernant ces ressources allaient diminuer de mani\u00e8re significative. On ne pouvait pas imaginer aussi que le recentrage du mod\u00e8le de d\u00e9veloppement chinois allait secouer l\u2019ensemble des indicateurs \u00e9conomiques globaux. On pouvait tout au plus pr\u00e9voir que le syst\u00e8me financier provoquerait des taux d\u2019int\u00e9r\u00eat n\u00e9gatifs, ou encore la volatilit\u00e9 des taux de change et une diminution de la consommation globale. On n\u2019avait pas \u00e0 l\u2019esprit que l\u2019irruption du populisme pouvait d\u00e9boucher sur de violentes r\u00e9actions \u00e0 l\u2019\u00e9gard des migrants. On n\u2019imaginait pas que l\u2019acc\u00e9l\u00e9ration des changements technologiques irait de pair avec une acc\u00e9l\u00e9ration accentu\u00e9e des in\u00e9galit\u00e9s.<\/p>\n<p><strong>Mesdames\u00a0 et Messieurs<\/strong>,<\/p>\n<p>L\u2019Afrique a connu en 2015 et 2016, tout comme d\u2019autres r\u00e9gions du monde, les pires ann\u00e9es depuis le d\u00e9but du si\u00e8cle. Qu\u2019il s\u2019agisse du recul des progr\u00e8s dans les domaines sociopolitiques, de l\u2019apparition du terrorisme dans le Sahel et les zones arides. A cette violence est venue s\u2019ajouter la d\u00e9t\u00e9rioration des indicateurs macro\u00e9conomiques, au cours des deux derni\u00e8res ann\u00e9es. Le contexte mondial ne nous a pas aid\u00e9s non plus.<\/p>\n<p>La Conf\u00e9rence d\u2019Adis-Abeba sur le financement du d\u00e9veloppement ou la Cop21, notre continent s\u2019est pr\u00e9sent\u00e9 plus pr\u00e9par\u00e9 que jamais.<\/p>\n<p>Au niveau continental, nous avons bien avanc\u00e9 sur des dossiers majeurs, comme la mise sur pied de notre Fonds de Paix, l\u2019\u00e9tablissement d\u2019une zone de libre \u00e9change ou la r\u00e9forme de notre organisation continentale.<\/p>\n<p>Ce que je veux dire, c\u2019est que nous avons progress\u00e9 dans les domaines o\u00f9 il \u00e9tait possible d\u2019avancer. Les difficult\u00e9s ne nous ont pas \u00e9pargn\u00e9 mais aujourd\u2019hui on peut se f\u00e9liciter de ne pas avoir baiss\u00e9 les bras.<\/p>\n<p>Comme vous le savez, l\u2019Afrique comptera en 2050, pr\u00e8s de 2,4 milliards d\u2019habitants majoritairement compos\u00e9s de jeunes.<\/p>\n<p>Des strat\u00e9gies et m\u00e9canismes destin\u00e9s \u00e0 promouvoir l\u2019\u00e9panouissement des jeunes, l\u2019autonomisation des femmes, et la protection des jeunes filles sont plus que\u00a0 jamais n\u00e9cessaires en vue de faire de cette explosion d\u00e9mographique, une opportunit\u00e9 \u00e9conomique assurant \u00a0une croissance soutenue et durable.<\/p>\n<p>Il va sans dire que la prosp\u00e9rit\u00e9 que nous ambitionnons passera n\u00e9cessairement, d\u2019abord par le d\u00e9veloppement du secteur rural, principale source de revenus et\u00a0 gage de la s\u00e9curit\u00e9 alimentaire\u00a0 de nos populations. Il nous appartient de mobiliser les financements n\u00e9cessaires pour l\u2019am\u00e9nagement des terres et la maitrise de la gestion de l\u2019eau.<\/p>\n<p>La prosp\u00e9rit\u00e9 de l\u2019Afrique passera aussi par le d\u00e9veloppement des infrastructures, notamment \u00e9nerg\u00e9tiques, base de l\u2019industrialisation du continent, source de\u00a0 valeur ajout\u00e9e et de cr\u00e9ation de milliers d\u2019emplois pour les jeunes.<\/p>\n<p>Je voudrais ici saluer la coop\u00e9ration entre l\u2019Union europ\u00e9enne et l\u2019Union africaine pour la mise en \u0153uvre de l\u2019Initiative Africaine pour les Energies Renouvelables (AREI),\u00a0con\u00e7ue par les africains, pour les africains.<\/p>\n<p>Enfin, l\u2019on ne saurait parler de v\u00e9ritable prosp\u00e9rit\u00e9 si on ne donnait \u00e0 nos jeunes les comp\u00e9tences ad\u00e9quates pour\u00a0 acc\u00e9der\u00a0 au march\u00e9 du travail. C\u2019est pourquoi, je tiens \u00e0 mettre un accent particulier sur le soutien\u00a0 \u00e0 la sant\u00e9, \u00e0 l\u2019\u00e9ducation et \u00e0 la formation professionnelle.<\/p>\n<p>&nbsp;<\/p>\n<p>Je souhaiterais \u00e9galement souligner l\u2019importance de promouvoir le secteur priv\u00e9 en Afrique en raison de sa capacit\u00e9 d\u2019absorber le plus grand nombre de demande d\u2019emplois en particulier chez les jeunes. Il me semble par cons\u00e9quent indispensable de promouvoir des investissements priv\u00e9s en Afrique tout en cr\u00e9ant les conditions favorables pour l\u2019investisseur et surtout d\u2019approfondir le processus d\u2019int\u00e9gration \u00e9conomique de notre continent.<\/p>\n<p>&nbsp;<\/p>\n<p><strong>Mesdames et Messieurs,<\/strong><\/p>\n<p>Comme je l\u2019ai toujours dit l\u2019Afrique a d\u00e9cid\u00e9 de parler d\u2019une m\u00eame voix et \u00a0de prendre en main son destin. Notre int\u00e9gration politique, \u00e9conomique et financi\u00e8re ne peut que renforcer notre cr\u00e9dibilit\u00e9. Le partenariat Union europ\u00e9enne-Union africaine se fonde sur un nouveau paradigme \u00ab\u00a0gagnant \u2013 gagnant\u00a0\u00bb dans la perspective de la mise en \u0153uvre de l\u2019Agenda 2030 des ODD qui rime avec la Vision 2063 de l\u2019Afrique\u00a0.<\/p>\n<p>Les progr\u00e8s ind\u00e9niables enregistr\u00e9s par l\u2019Afrique dans le cadre de la bonne gouvernance et de la croissance, montre \u00e0 suffisance, la capacit\u00e9 de notre continent \u00e0 entretenir des partenariats \u00e9quitables et viables.<\/p>\n<p>En ce qui concerne la bonne gestion notre R\u00e9gion a encore battu tous les records de progr\u00e8s de l\u2019indice de climat de la Banque Mondiale. Notre dette a certes augment\u00e9 mais elle est toujours en dessous de 50% par rapport au PIB, c\u2019est-\u00e0-dire un des taux les plus bas du monde. Par ailleurs notre inflation en g\u00e9n\u00e9ral est ma\u00eetris\u00e9e.<\/p>\n<p>Nos investissements en infrastructures sont ambitieux. On ne compte plus les grandes inaugurations de grands travaux. La forte croissance de la demande d\u2019\u00e9lectricit\u00e9 en Afrique durant les prochaines d\u00e9cennies, cons\u00e9cutive \u00e0 la progression de sa population, demande davantage d\u2019investissements dans ce secteur strat\u00e9gique. D\u2019o\u00f9 la priorit\u00e9 qu\u2019il convient d\u2019accorder \u00e0 ce secteur.<\/p>\n<p>J\u2019ai la ferme conviction qu\u2019ensemble nous pourrons juguler la pauvret\u00e9 en luttant contre ses causes profondes. L\u2019interd\u00e9pendance entre l\u2019Europe et l\u2019Afrique nous commande\u00a0 \u00e0 \u0153uvrer pour la mise en place d\u2019un espace de coop\u00e9ration solidaire capable de sceller davantage les relations qui ont uni nos peuples tout au long de l\u2019histoire. La paix, la s\u00e9curit\u00e9 et le\u00a0 d\u00e9veloppement durable demeurent le fondement de notre partenariat.<\/p>\n<p>Nous serons ensemble pour relever les d\u00e9fis s\u00e9curitaire et humanitaire notamment dans le Sahel. Nous conjuguerons nos efforts dans la lutte implacable\u00a0 \u00a0contre le terrorisme, le trafic de drogue et\u00a0 la traite des \u00eatres humains. Donnons-nous la main pour apporter des solutions plus\u00a0 humaines \u00e0 cette crise migratoire qui vicie les relations entre le Nord et le Sud.<\/p>\n<p>Nous condamnons \u00e9nergiquement les actes abominables commis dans certains pays de la route migratoire de l\u2019Afrique vers l\u2019Europe notamment en Libye. Ces faits sont intol\u00e9rables et inacceptables. La communaut\u00e9 internationale doit prendre des mesures fermes pour mettre fin \u00e0 ces crimes d\u2019un autre \u00e2ge.<\/p>\n<p><strong>Mesdames et Messieurs,<\/strong><\/p>\n<p>Au moment o\u00f9 nous nous engageons vers la mise en place d\u2019un nouveau partenariat, je voudrais d\u00e9j\u00e0 me f\u00e9liciter de l\u2019appui constant de l\u2019Union europ\u00e9enne qui demeure l\u2019un des\u00a0 partenaires privil\u00e9gi\u00e9s de notre continent. Je tiens \u00e0 mettre en exergue le Fonds fiduciaire d\u2019urgence pour la lutte contre les causes profondes de la migration irr\u00e9guli\u00e8re comprenant un volet pour le financement de l\u2019emploi des jeunes en Afrique\u00a0; le \u00ab\u00a0plan d\u2019investissement ext\u00e9rieur\u00a0\u00bb mis en place\u00a0 pour financer le d\u00e9veloppement durable en Afrique ainsi que les opportunit\u00e9s offertes par l\u2019UE pour faire face aux m\u00e9faits des changements climatiques sur le continent.<\/p>\n<p><strong>\u00a0<\/strong><\/p>\n<p><strong>Mesdames et Messieurs<\/strong>,<\/p>\n<p>Je reste confiant en l\u2019avenir radieux de la coop\u00e9ration Union-europ\u00e9enne &#8211; Union africaine car les priorit\u00e9s du nouveau partenariat ont \u00e9t\u00e9 choisies par l\u2019Afrique et traduisent\u00a0 les attentes\u00a0 de ses populations notamment en mati\u00e8re de paix et de s\u00e9curit\u00e9, de d\u00e9veloppement \u00e9conomique et social ainsi que\u00a0 de la bonne gouvernance. L\u2019atteinte de ces objectifs profitera avant tout bien naturellement \u00e0 la jeunesse qui trouvera, en Afrique, la cl\u00e9 de son bien-\u00eatre et de son \u00e9panouissement, dans des Etats d\u00e9sormais plus r\u00e9silient.<\/p>\n<p><strong>Vive la Coop\u00e9ration entre l\u2019Union Africaine \u00a0et l\u2019Union europ\u00e9enne.<\/strong><\/p>\n<p><strong>Vive la Coop\u00e9ration Internationale<\/strong><\/p>\n<p><strong>\u00a0<\/strong><\/p>\n<p><strong>Je vous remercie.<\/strong><\/p>\n<p><strong>\u00a0<\/strong><\/p>\n<p><strong>Transmis par la\u00a0<\/strong><strong>Cellule de Communication du Gouvernement<\/strong><\/p>\n","protected":false},"excerpt":{"rendered":"<p>\u00d8\u00a0Abidjan, le 29 Novembre 2017\u00a0\u2013 Excellence Monsieur le Pr\u00e9sident de la R\u00e9publique de C\u00f4te d\u2019Ivoire, \u00d8\u00a0Excellence Monsieur le Pr\u00e9sident du Conseil Europ\u00e9en, Co-Pr\u00e9sident du 5\u00e8me\u00a0Sommet Union Africaine \u2013Union Europ\u00e9enne, \u00d8\u00a0Vos Majest\u00e9s, \u00d8\u00a0Excellences Mesdames et Messieurs les Chefs d\u2019Etats et de Gouvernements, \u00d8\u00a0Excellence Monsieur le Secr\u00e9taire G\u00e9n\u00e9ral de l\u2019Organisation des Nations-Unies, \u00d8\u00a0Excellence Monsieur le Pr\u00e9sident de [&hellip;]<\/p>\n","protected":false},"author":12,"featured_media":23137,"comment_status":"closed","ping_status":"closed","sticky":false,"template":"","format":"standard","meta":{"_exactmetrics_skip_tracking":false,"_exactmetrics_sitenote_active":false,"_exactmetrics_sitenote_note":"","_exactmetrics_sitenote_category":0,"tdm_status":"","tdm_grid_status":"","footnotes":""},"categories":[21,14],"tags":[352],"class_list":{"0":"post-23130","1":"post","2":"type-post","3":"status-publish","4":"format-standard","5":"has-post-thumbnail","7":"category-international","8":"category-politique","9":"tag-sommet-ua-ue"},"yoast_head":"<!-- This site is optimized with the Yoast SEO plugin v24.2 - https:\/\/yoast.com\/wordpress\/plugins\/seo\/ -->\n<title>SOMMET UA\/UE - Pr\u00e9sident Alpha Cond\u00e9 : \u00ab Des strat\u00e9gies et m\u00e9canismes destin\u00e9s \u00e0 promouvoir l\u2019\u00e9panouissement des jeunes, l\u2019autonomisation des femmes, et la protection des jeunes filles sont plus que jamais n\u00e9cessaires \u00bb (Discours int\u00e9gral) | Guin\u00e9e Diversit\u00e9<\/title>\n<meta name=\"robots\" content=\"index, follow, max-snippet:-1, max-image-preview:large, max-video-preview:-1\" \/>\n<link rel=\"canonical\" href=\"https:\/\/guineediversite.com\/index.php\/2017\/11\/30\/sommet-ua-ue-president-alpha-conde-strategies-mecanismes-destines-a-promouvoir-lepanouissement-jeunes-lautonomisation-femmes-protection-jeunes-f\/\" \/>\n<meta property=\"og:locale\" content=\"fr_FR\" \/>\n<meta property=\"og:type\" content=\"article\" \/>\n<meta property=\"og:title\" content=\"SOMMET UA\/UE - Pr\u00e9sident Alpha Cond\u00e9 : \u00ab Des strat\u00e9gies et m\u00e9canismes destin\u00e9s \u00e0 promouvoir l\u2019\u00e9panouissement des jeunes, l\u2019autonomisation des femmes, et la protection des jeunes filles sont plus que jamais n\u00e9cessaires \u00bb (Discours int\u00e9gral) | Guin\u00e9e Diversit\u00e9\" \/>\n<meta property=\"og:description\" content=\"\u00d8\u00a0Abidjan, le 29 Novembre 2017\u00a0\u2013 Excellence Monsieur le Pr\u00e9sident de la R\u00e9publique de C\u00f4te d\u2019Ivoire, \u00d8\u00a0Excellence Monsieur le Pr\u00e9sident du Conseil Europ\u00e9en, Co-Pr\u00e9sident du 5\u00e8me\u00a0Sommet Union Africaine \u2013Union Europ\u00e9enne, \u00d8\u00a0Vos Majest\u00e9s, \u00d8\u00a0Excellences Mesdames et Messieurs les Chefs d\u2019Etats et de Gouvernements, \u00d8\u00a0Excellence Monsieur le Secr\u00e9taire G\u00e9n\u00e9ral de l\u2019Organisation des Nations-Unies, \u00d8\u00a0Excellence Monsieur le Pr\u00e9sident de [&hellip;]\" \/>\n<meta property=\"og:url\" content=\"https:\/\/guineediversite.com\/index.php\/2017\/11\/30\/sommet-ua-ue-president-alpha-conde-strategies-mecanismes-destines-a-promouvoir-lepanouissement-jeunes-lautonomisation-femmes-protection-jeunes-f\/\" \/>\n<meta property=\"og:site_name\" content=\"Guin\u00e9e Diversit\u00e9\" \/>\n<meta property=\"article:publisher\" content=\"https:\/\/www.facebook.com\/guineediversite\/\" \/>\n<meta property=\"article:published_time\" content=\"2017-11-30T12:09:05+00:00\" \/>\n<meta property=\"og:image\" content=\"https:\/\/guineediversite.com\/wp-content\/uploads\/2017\/11\/Photo-de-famille-SOMMET-UA-UE-NOVEMBRE-2017.jpg\" \/>\n\t<meta property=\"og:image:width\" content=\"2187\" \/>\n\t<meta property=\"og:image:height\" content=\"1368\" \/>\n\t<meta property=\"og:image:type\" content=\"image\/jpeg\" \/>\n<meta name=\"author\" content=\"Guin\u00e9e Diversit\u00e9\" \/>\n<meta name=\"twitter:card\" content=\"summary_large_image\" \/>\n<meta name=\"twitter:creator\" content=\"@GuineeDiversite\" \/>\n<meta name=\"twitter:site\" content=\"@GuineeDiversite\" \/>\n<meta name=\"twitter:label1\" content=\"\u00c9crit par\" \/>\n\t<meta name=\"twitter:data1\" content=\"Guin\u00e9e Diversit\u00e9\" \/>\n\t<meta name=\"twitter:label2\" content=\"Dur\u00e9e de lecture estim\u00e9e\" \/>\n\t<meta name=\"twitter:data2\" content=\"9 minutes\" \/>\n<script type=\"application\/ld+json\" class=\"yoast-schema-graph\">{\"@context\":\"https:\/\/schema.org\",\"@graph\":[{\"@type\":\"Article\",\"@id\":\"https:\/\/guineediversite.com\/index.php\/2017\/11\/30\/sommet-ua-ue-president-alpha-conde-strategies-mecanismes-destines-a-promouvoir-lepanouissement-jeunes-lautonomisation-femmes-protection-jeunes-f\/#article\",\"isPartOf\":{\"@id\":\"https:\/\/guineediversite.com\/index.php\/2017\/11\/30\/sommet-ua-ue-president-alpha-conde-strategies-mecanismes-destines-a-promouvoir-lepanouissement-jeunes-lautonomisation-femmes-protection-jeunes-f\/\"},\"author\":{\"name\":\"Guin\u00e9e Diversit\u00e9\",\"@id\":\"https:\/\/guineediversite.com\/#\/schema\/person\/afa08fb34e7fc6e1feafc892612bc836\"},\"headline\":\"SOMMET UA\/UE &#8211; Pr\u00e9sident Alpha Cond\u00e9 : \u00ab Des strat\u00e9gies et m\u00e9canismes destin\u00e9s \u00e0 promouvoir l\u2019\u00e9panouissement des jeunes, l\u2019autonomisation des femmes, et la protection des jeunes filles sont plus que jamais n\u00e9cessaires \u00bb (Discours int\u00e9gral)\",\"datePublished\":\"2017-11-30T12:09:05+00:00\",\"dateModified\":\"2017-11-30T12:09:05+00:00\",\"mainEntityOfPage\":{\"@id\":\"https:\/\/guineediversite.com\/index.php\/2017\/11\/30\/sommet-ua-ue-president-alpha-conde-strategies-mecanismes-destines-a-promouvoir-lepanouissement-jeunes-lautonomisation-femmes-protection-jeunes-f\/\"},\"wordCount\":1851,\"publisher\":{\"@id\":\"https:\/\/guineediversite.com\/#organization\"},\"image\":{\"@id\":\"https:\/\/guineediversite.com\/index.php\/2017\/11\/30\/sommet-ua-ue-president-alpha-conde-strategies-mecanismes-destines-a-promouvoir-lepanouissement-jeunes-lautonomisation-femmes-protection-jeunes-f\/#primaryimage\"},\"thumbnailUrl\":\"https:\/\/guineediversite.com\/wp-content\/uploads\/2017\/11\/Photo-de-famille-SOMMET-UA-UE-NOVEMBRE-2017.jpg\",\"keywords\":[\"SOMMET UA\/UE\"],\"articleSection\":[\"International\",\"Politique\"],\"inLanguage\":\"fr-FR\"},{\"@type\":\"WebPage\",\"@id\":\"https:\/\/guineediversite.com\/index.php\/2017\/11\/30\/sommet-ua-ue-president-alpha-conde-strategies-mecanismes-destines-a-promouvoir-lepanouissement-jeunes-lautonomisation-femmes-protection-jeunes-f\/\",\"url\":\"https:\/\/guineediversite.com\/index.php\/2017\/11\/30\/sommet-ua-ue-president-alpha-conde-strategies-mecanismes-destines-a-promouvoir-lepanouissement-jeunes-lautonomisation-femmes-protection-jeunes-f\/\",\"name\":\"SOMMET UA\/UE - Pr\u00e9sident Alpha Cond\u00e9 : \u00ab Des strat\u00e9gies et m\u00e9canismes destin\u00e9s \u00e0 promouvoir l\u2019\u00e9panouissement des jeunes, l\u2019autonomisation des femmes, et la protection des jeunes filles sont plus que jamais n\u00e9cessaires \u00bb (Discours int\u00e9gral) | Guin\u00e9e Diversit\u00e9\",\"isPartOf\":{\"@id\":\"https:\/\/guineediversite.com\/#website\"},\"primaryImageOfPage\":{\"@id\":\"https:\/\/guineediversite.com\/index.php\/2017\/11\/30\/sommet-ua-ue-president-alpha-conde-strategies-mecanismes-destines-a-promouvoir-lepanouissement-jeunes-lautonomisation-femmes-protection-jeunes-f\/#primaryimage\"},\"image\":{\"@id\":\"https:\/\/guineediversite.com\/index.php\/2017\/11\/30\/sommet-ua-ue-president-alpha-conde-strategies-mecanismes-destines-a-promouvoir-lepanouissement-jeunes-lautonomisation-femmes-protection-jeunes-f\/#primaryimage\"},\"thumbnailUrl\":\"https:\/\/guineediversite.com\/wp-content\/uploads\/2017\/11\/Photo-de-famille-SOMMET-UA-UE-NOVEMBRE-2017.jpg\",\"datePublished\":\"2017-11-30T12:09:05+00:00\",\"dateModified\":\"2017-11-30T12:09:05+00:00\",\"breadcrumb\":{\"@id\":\"https:\/\/guineediversite.com\/index.php\/2017\/11\/30\/sommet-ua-ue-president-alpha-conde-strategies-mecanismes-destines-a-promouvoir-lepanouissement-jeunes-lautonomisation-femmes-protection-jeunes-f\/#breadcrumb\"},\"inLanguage\":\"fr-FR\",\"potentialAction\":[{\"@type\":\"ReadAction\",\"target\":[\"https:\/\/guineediversite.com\/index.php\/2017\/11\/30\/sommet-ua-ue-president-alpha-conde-strategies-mecanismes-destines-a-promouvoir-lepanouissement-jeunes-lautonomisation-femmes-protection-jeunes-f\/\"]}]},{\"@type\":\"ImageObject\",\"inLanguage\":\"fr-FR\",\"@id\":\"https:\/\/guineediversite.com\/index.php\/2017\/11\/30\/sommet-ua-ue-president-alpha-conde-strategies-mecanismes-destines-a-promouvoir-lepanouissement-jeunes-lautonomisation-femmes-protection-jeunes-f\/#primaryimage\",\"url\":\"https:\/\/guineediversite.com\/wp-content\/uploads\/2017\/11\/Photo-de-famille-SOMMET-UA-UE-NOVEMBRE-2017.jpg\",\"contentUrl\":\"https:\/\/guineediversite.com\/wp-content\/uploads\/2017\/11\/Photo-de-famille-SOMMET-UA-UE-NOVEMBRE-2017.jpg\",\"width\":2187,\"height\":1368},{\"@type\":\"BreadcrumbList\",\"@id\":\"https:\/\/guineediversite.com\/index.php\/2017\/11\/30\/sommet-ua-ue-president-alpha-conde-strategies-mecanismes-destines-a-promouvoir-lepanouissement-jeunes-lautonomisation-femmes-protection-jeunes-f\/#breadcrumb\",\"itemListElement\":[{\"@type\":\"ListItem\",\"position\":1,\"name\":\"Accueil\",\"item\":\"https:\/\/guineediversite.com\/\"},{\"@type\":\"ListItem\",\"position\":2,\"name\":\"SOMMET UA\/UE &#8211; Pr\u00e9sident Alpha Cond\u00e9 : \u00ab Des strat\u00e9gies et m\u00e9canismes destin\u00e9s \u00e0 promouvoir l\u2019\u00e9panouissement des jeunes, l\u2019autonomisation des femmes, et la protection des jeunes filles sont plus que jamais n\u00e9cessaires \u00bb (Discours int\u00e9gral)\"}]},{\"@type\":\"WebSite\",\"@id\":\"https:\/\/guineediversite.com\/#website\",\"url\":\"https:\/\/guineediversite.com\/\",\"name\":\"Guin\u00e9e Diversit\u00e9\",\"description\":\"L&#039;Info dans toute sa diversit\u00e9\",\"publisher\":{\"@id\":\"https:\/\/guineediversite.com\/#organization\"},\"potentialAction\":[{\"@type\":\"SearchAction\",\"target\":{\"@type\":\"EntryPoint\",\"urlTemplate\":\"https:\/\/guineediversite.com\/?s={search_term_string}\"},\"query-input\":{\"@type\":\"PropertyValueSpecification\",\"valueRequired\":true,\"valueName\":\"search_term_string\"}}],\"inLanguage\":\"fr-FR\"},{\"@type\":\"Organization\",\"@id\":\"https:\/\/guineediversite.com\/#organization\",\"name\":\"Guin\u00e9e Diversit\u00e9\",\"url\":\"https:\/\/guineediversite.com\/\",\"logo\":{\"@type\":\"ImageObject\",\"inLanguage\":\"fr-FR\",\"@id\":\"https:\/\/guineediversite.com\/#\/schema\/logo\/image\/\",\"url\":\"https:\/\/guineediversite.com\/wp-content\/uploads\/2017\/04\/cropped-1jojlxEOMkX9Wyqfhe43D6kjPOGqBBKmx3EwWJqZ0cMrFF54yM49.png\",\"contentUrl\":\"https:\/\/guineediversite.com\/wp-content\/uploads\/2017\/04\/cropped-1jojlxEOMkX9Wyqfhe43D6kjPOGqBBKmx3EwWJqZ0cMrFF54yM49.png\",\"width\":186,\"height\":112,\"caption\":\"Guin\u00e9e Diversit\u00e9\"},\"image\":{\"@id\":\"https:\/\/guineediversite.com\/#\/schema\/logo\/image\/\"},\"sameAs\":[\"https:\/\/www.facebook.com\/guineediversite\/\",\"https:\/\/x.com\/GuineeDiversite\",\"https:\/\/www.youtube.com\/channel\/UC8sUY16qelG5ge6_D5SB83g\"]},{\"@type\":\"Person\",\"@id\":\"https:\/\/guineediversite.com\/#\/schema\/person\/afa08fb34e7fc6e1feafc892612bc836\",\"name\":\"Guin\u00e9e Diversit\u00e9\",\"image\":{\"@type\":\"ImageObject\",\"inLanguage\":\"fr-FR\",\"@id\":\"https:\/\/guineediversite.com\/#\/schema\/person\/image\/\",\"url\":\"https:\/\/secure.gravatar.com\/avatar\/50d5eb5b390f8b65ac30ac6f898eb83a?s=96&d=mm&r=g\",\"contentUrl\":\"https:\/\/secure.gravatar.com\/avatar\/50d5eb5b390f8b65ac30ac6f898eb83a?s=96&d=mm&r=g\",\"caption\":\"Guin\u00e9e Diversit\u00e9\"},\"url\":\"https:\/\/guineediversite.com\/index.php\/author\/guineediversite\/\"}]}<\/script>\n<!-- \/ Yoast SEO plugin. -->","yoast_head_json":{"title":"SOMMET UA\/UE - Pr\u00e9sident Alpha Cond\u00e9 : \u00ab Des strat\u00e9gies et m\u00e9canismes destin\u00e9s \u00e0 promouvoir l\u2019\u00e9panouissement des jeunes, l\u2019autonomisation des femmes, et la protection des jeunes filles sont plus que jamais n\u00e9cessaires \u00bb (Discours int\u00e9gral) | Guin\u00e9e Diversit\u00e9","robots":{"index":"index","follow":"follow","max-snippet":"max-snippet:-1","max-image-preview":"max-image-preview:large","max-video-preview":"max-video-preview:-1"},"canonical":"https:\/\/guineediversite.com\/index.php\/2017\/11\/30\/sommet-ua-ue-president-alpha-conde-strategies-mecanismes-destines-a-promouvoir-lepanouissement-jeunes-lautonomisation-femmes-protection-jeunes-f\/","og_locale":"fr_FR","og_type":"article","og_title":"SOMMET UA\/UE - Pr\u00e9sident Alpha Cond\u00e9 : \u00ab Des strat\u00e9gies et m\u00e9canismes destin\u00e9s \u00e0 promouvoir l\u2019\u00e9panouissement des jeunes, l\u2019autonomisation des femmes, et la protection des jeunes filles sont plus que jamais n\u00e9cessaires \u00bb (Discours int\u00e9gral) | Guin\u00e9e Diversit\u00e9","og_description":"\u00d8\u00a0Abidjan, le 29 Novembre 2017\u00a0\u2013 Excellence Monsieur le Pr\u00e9sident de la R\u00e9publique de C\u00f4te d\u2019Ivoire, \u00d8\u00a0Excellence Monsieur le Pr\u00e9sident du Conseil Europ\u00e9en, Co-Pr\u00e9sident du 5\u00e8me\u00a0Sommet Union Africaine \u2013Union Europ\u00e9enne, \u00d8\u00a0Vos Majest\u00e9s, \u00d8\u00a0Excellences Mesdames et Messieurs les Chefs d\u2019Etats et de Gouvernements, \u00d8\u00a0Excellence Monsieur le Secr\u00e9taire G\u00e9n\u00e9ral de l\u2019Organisation des Nations-Unies, \u00d8\u00a0Excellence Monsieur le Pr\u00e9sident de [&hellip;]","og_url":"https:\/\/guineediversite.com\/index.php\/2017\/11\/30\/sommet-ua-ue-president-alpha-conde-strategies-mecanismes-destines-a-promouvoir-lepanouissement-jeunes-lautonomisation-femmes-protection-jeunes-f\/","og_site_name":"Guin\u00e9e Diversit\u00e9","article_publisher":"https:\/\/www.facebook.com\/guineediversite\/","article_published_time":"2017-11-30T12:09:05+00:00","og_image":[{"width":2187,"height":1368,"url":"https:\/\/guineediversite.com\/wp-content\/uploads\/2017\/11\/Photo-de-famille-SOMMET-UA-UE-NOVEMBRE-2017.jpg","type":"image\/jpeg"}],"author":"Guin\u00e9e Diversit\u00e9","twitter_card":"summary_large_image","twitter_creator":"@GuineeDiversite","twitter_site":"@GuineeDiversite","twitter_misc":{"\u00c9crit par":"Guin\u00e9e Diversit\u00e9","Dur\u00e9e de lecture estim\u00e9e":"9 minutes"},"schema":{"@context":"https:\/\/schema.org","@graph":[{"@type":"Article","@id":"https:\/\/guineediversite.com\/index.php\/2017\/11\/30\/sommet-ua-ue-president-alpha-conde-strategies-mecanismes-destines-a-promouvoir-lepanouissement-jeunes-lautonomisation-femmes-protection-jeunes-f\/#article","isPartOf":{"@id":"https:\/\/guineediversite.com\/index.php\/2017\/11\/30\/sommet-ua-ue-president-alpha-conde-strategies-mecanismes-destines-a-promouvoir-lepanouissement-jeunes-lautonomisation-femmes-protection-jeunes-f\/"},"author":{"name":"Guin\u00e9e Diversit\u00e9","@id":"https:\/\/guineediversite.com\/#\/schema\/person\/afa08fb34e7fc6e1feafc892612bc836"},"headline":"SOMMET UA\/UE &#8211; Pr\u00e9sident Alpha Cond\u00e9 : \u00ab Des strat\u00e9gies et m\u00e9canismes destin\u00e9s \u00e0 promouvoir l\u2019\u00e9panouissement des jeunes, l\u2019autonomisation des femmes, et la protection des jeunes filles sont plus que jamais n\u00e9cessaires \u00bb (Discours int\u00e9gral)","datePublished":"2017-11-30T12:09:05+00:00","dateModified":"2017-11-30T12:09:05+00:00","mainEntityOfPage":{"@id":"https:\/\/guineediversite.com\/index.php\/2017\/11\/30\/sommet-ua-ue-president-alpha-conde-strategies-mecanismes-destines-a-promouvoir-lepanouissement-jeunes-lautonomisation-femmes-protection-jeunes-f\/"},"wordCount":1851,"publisher":{"@id":"https:\/\/guineediversite.com\/#organization"},"image":{"@id":"https:\/\/guineediversite.com\/index.php\/2017\/11\/30\/sommet-ua-ue-president-alpha-conde-strategies-mecanismes-destines-a-promouvoir-lepanouissement-jeunes-lautonomisation-femmes-protection-jeunes-f\/#primaryimage"},"thumbnailUrl":"https:\/\/guineediversite.com\/wp-content\/uploads\/2017\/11\/Photo-de-famille-SOMMET-UA-UE-NOVEMBRE-2017.jpg","keywords":["SOMMET UA\/UE"],"articleSection":["International","Politique"],"inLanguage":"fr-FR"},{"@type":"WebPage","@id":"https:\/\/guineediversite.com\/index.php\/2017\/11\/30\/sommet-ua-ue-president-alpha-conde-strategies-mecanismes-destines-a-promouvoir-lepanouissement-jeunes-lautonomisation-femmes-protection-jeunes-f\/","url":"https:\/\/guineediversite.com\/index.php\/2017\/11\/30\/sommet-ua-ue-president-alpha-conde-strategies-mecanismes-destines-a-promouvoir-lepanouissement-jeunes-lautonomisation-femmes-protection-jeunes-f\/","name":"SOMMET UA\/UE - Pr\u00e9sident Alpha Cond\u00e9 : \u00ab Des strat\u00e9gies et m\u00e9canismes destin\u00e9s \u00e0 promouvoir l\u2019\u00e9panouissement des jeunes, l\u2019autonomisation des femmes, et la protection des jeunes filles sont plus que jamais n\u00e9cessaires \u00bb (Discours int\u00e9gral) | Guin\u00e9e Diversit\u00e9","isPartOf":{"@id":"https:\/\/guineediversite.com\/#website"},"primaryImageOfPage":{"@id":"https:\/\/guineediversite.com\/index.php\/2017\/11\/30\/sommet-ua-ue-president-alpha-conde-strategies-mecanismes-destines-a-promouvoir-lepanouissement-jeunes-lautonomisation-femmes-protection-jeunes-f\/#primaryimage"},"image":{"@id":"https:\/\/guineediversite.com\/index.php\/2017\/11\/30\/sommet-ua-ue-president-alpha-conde-strategies-mecanismes-destines-a-promouvoir-lepanouissement-jeunes-lautonomisation-femmes-protection-jeunes-f\/#primaryimage"},"thumbnailUrl":"https:\/\/guineediversite.com\/wp-content\/uploads\/2017\/11\/Photo-de-famille-SOMMET-UA-UE-NOVEMBRE-2017.jpg","datePublished":"2017-11-30T12:09:05+00:00","dateModified":"2017-11-30T12:09:05+00:00","breadcrumb":{"@id":"https:\/\/guineediversite.com\/index.php\/2017\/11\/30\/sommet-ua-ue-president-alpha-conde-strategies-mecanismes-destines-a-promouvoir-lepanouissement-jeunes-lautonomisation-femmes-protection-jeunes-f\/#breadcrumb"},"inLanguage":"fr-FR","potentialAction":[{"@type":"ReadAction","target":["https:\/\/guineediversite.com\/index.php\/2017\/11\/30\/sommet-ua-ue-president-alpha-conde-strategies-mecanismes-destines-a-promouvoir-lepanouissement-jeunes-lautonomisation-femmes-protection-jeunes-f\/"]}]},{"@type":"ImageObject","inLanguage":"fr-FR","@id":"https:\/\/guineediversite.com\/index.php\/2017\/11\/30\/sommet-ua-ue-president-alpha-conde-strategies-mecanismes-destines-a-promouvoir-lepanouissement-jeunes-lautonomisation-femmes-protection-jeunes-f\/#primaryimage","url":"https:\/\/guineediversite.com\/wp-content\/uploads\/2017\/11\/Photo-de-famille-SOMMET-UA-UE-NOVEMBRE-2017.jpg","contentUrl":"https:\/\/guineediversite.com\/wp-content\/uploads\/2017\/11\/Photo-de-famille-SOMMET-UA-UE-NOVEMBRE-2017.jpg","width":2187,"height":1368},{"@type":"BreadcrumbList","@id":"https:\/\/guineediversite.com\/index.php\/2017\/11\/30\/sommet-ua-ue-president-alpha-conde-strategies-mecanismes-destines-a-promouvoir-lepanouissement-jeunes-lautonomisation-femmes-protection-jeunes-f\/#breadcrumb","itemListElement":[{"@type":"ListItem","position":1,"name":"Accueil","item":"https:\/\/guineediversite.com\/"},{"@type":"ListItem","position":2,"name":"SOMMET UA\/UE &#8211; Pr\u00e9sident Alpha Cond\u00e9 : \u00ab Des strat\u00e9gies et m\u00e9canismes destin\u00e9s \u00e0 promouvoir l\u2019\u00e9panouissement des jeunes, l\u2019autonomisation des femmes, et la protection des jeunes filles sont plus que jamais n\u00e9cessaires \u00bb (Discours int\u00e9gral)"}]},{"@type":"WebSite","@id":"https:\/\/guineediversite.com\/#website","url":"https:\/\/guineediversite.com\/","name":"Guin\u00e9e Diversit\u00e9","description":"L&#039;Info dans toute sa diversit\u00e9","publisher":{"@id":"https:\/\/guineediversite.com\/#organization"},"potentialAction":[{"@type":"SearchAction","target":{"@type":"EntryPoint","urlTemplate":"https:\/\/guineediversite.com\/?s={search_term_string}"},"query-input":{"@type":"PropertyValueSpecification","valueRequired":true,"valueName":"search_term_string"}}],"inLanguage":"fr-FR"},{"@type":"Organization","@id":"https:\/\/guineediversite.com\/#organization","name":"Guin\u00e9e Diversit\u00e9","url":"https:\/\/guineediversite.com\/","logo":{"@type":"ImageObject","inLanguage":"fr-FR","@id":"https:\/\/guineediversite.com\/#\/schema\/logo\/image\/","url":"https:\/\/guineediversite.com\/wp-content\/uploads\/2017\/04\/cropped-1jojlxEOMkX9Wyqfhe43D6kjPOGqBBKmx3EwWJqZ0cMrFF54yM49.png","contentUrl":"https:\/\/guineediversite.com\/wp-content\/uploads\/2017\/04\/cropped-1jojlxEOMkX9Wyqfhe43D6kjPOGqBBKmx3EwWJqZ0cMrFF54yM49.png","width":186,"height":112,"caption":"Guin\u00e9e Diversit\u00e9"},"image":{"@id":"https:\/\/guineediversite.com\/#\/schema\/logo\/image\/"},"sameAs":["https:\/\/www.facebook.com\/guineediversite\/","https:\/\/x.com\/GuineeDiversite","https:\/\/www.youtube.com\/channel\/UC8sUY16qelG5ge6_D5SB83g"]},{"@type":"Person","@id":"https:\/\/guineediversite.com\/#\/schema\/person\/afa08fb34e7fc6e1feafc892612bc836","name":"Guin\u00e9e Diversit\u00e9","image":{"@type":"ImageObject","inLanguage":"fr-FR","@id":"https:\/\/guineediversite.com\/#\/schema\/person\/image\/","url":"https:\/\/secure.gravatar.com\/avatar\/50d5eb5b390f8b65ac30ac6f898eb83a?s=96&d=mm&r=g","contentUrl":"https:\/\/secure.gravatar.com\/avatar\/50d5eb5b390f8b65ac30ac6f898eb83a?s=96&d=mm&r=g","caption":"Guin\u00e9e Diversit\u00e9"},"url":"https:\/\/guineediversite.com\/index.php\/author\/guineediversite\/"}]}},"_links":{"self":[{"href":"https:\/\/guineediversite.com\/index.php\/wp-json\/wp\/v2\/posts\/23130"}],"collection":[{"href":"https:\/\/guineediversite.com\/index.php\/wp-json\/wp\/v2\/posts"}],"about":[{"href":"https:\/\/guineediversite.com\/index.php\/wp-json\/wp\/v2\/types\/post"}],"author":[{"embeddable":true,"href":"https:\/\/guineediversite.com\/index.php\/wp-json\/wp\/v2\/users\/12"}],"replies":[{"embeddable":true,"href":"https:\/\/guineediversite.com\/index.php\/wp-json\/wp\/v2\/comments?post=23130"}],"version-history":[{"count":0,"href":"https:\/\/guineediversite.com\/index.php\/wp-json\/wp\/v2\/posts\/23130\/revisions"}],"wp:featuredmedia":[{"embeddable":true,"href":"https:\/\/guineediversite.com\/index.php\/wp-json\/wp\/v2\/media\/23137"}],"wp:attachment":[{"href":"https:\/\/guineediversite.com\/index.php\/wp-json\/wp\/v2\/media?parent=23130"}],"wp:term":[{"taxonomy":"category","embeddable":true,"href":"https:\/\/guineediversite.com\/index.php\/wp-json\/wp\/v2\/categories?post=23130"},{"taxonomy":"post_tag","embeddable":true,"href":"https:\/\/guineediversite.com\/index.php\/wp-json\/wp\/v2\/tags?post=23130"}],"curies":[{"name":"wp","href":"https:\/\/api.w.org\/{rel}","templated":true}]}}