{"id":23127,"date":"2017-11-30T01:34:14","date_gmt":"2017-11-30T00:34:14","guid":{"rendered":"https:\/\/guineediversite.com\/?p=23127"},"modified":"2017-11-30T01:34:14","modified_gmt":"2017-11-30T00:34:14","slug":"emmanuel-macron-annonce-operations-devacuation-durgence-de-migrants-esclaves-libye","status":"publish","type":"post","link":"https:\/\/guineediversite.com\/index.php\/2017\/11\/30\/emmanuel-macron-annonce-operations-devacuation-durgence-de-migrants-esclaves-libye\/","title":{"rendered":"Emmanuel Macron annonce des \u00ab\u00a0op\u00e9rations d&rsquo;\u00e9vacuation d&rsquo;urgence\u00a0\u00bb de migrants esclaves en Libye"},"content":{"rendered":"<p><strong>Cette d\u00e9cision a \u00e9t\u00e9 prise conjointement par neuf pays, dont la France et la Libye, ainsi que l&rsquo;ONU, l&rsquo;Union europ\u00e9enne et l&rsquo;Union africaine<\/strong><\/p>\n<p>Des\u00a0<em>\u00ab\u00a0op\u00e9rations d&rsquo;\u00e9vacuation d&rsquo;urgence\u00a0\u00bb\u00a0<\/em>vont \u00eatre organis\u00e9es pour\u00a0des migrants\u00a0victimes des trafiquants d&rsquo;\u00eatres humains\u00a0en Libye, a annonc\u00e9 Emmanuel Macron mercredi 29 novembre. La d\u00e9cision a \u00e9t\u00e9 prise lors d&rsquo;une r\u00e9union r\u00e9unissant\u00a0l&rsquo;ONU, l&rsquo;Union europ\u00e9enne, l&rsquo;Union africaine et neuf pays, dont la France, \u00e0 Abidjan (C\u00f4te d&rsquo;Ivoire). Ces op\u00e9rations doivent avoir lieu \u00ab\u00a0<em>dans les prochains jours ou semaines\u00a0\u00bb<\/em>, selon le pr\u00e9sident fran\u00e7ais.<\/p>\n<p>La r\u00e9union d&rsquo;urgence dans laquelle cette d\u00e9cision a \u00e9t\u00e9 prise r\u00e9unissait, outre l&rsquo;UE, l&rsquo;Union africaine et l&rsquo;ONU, neuf pays : la France, l&rsquo;Allemagne, l&rsquo;Italie, l&rsquo;Espagne, le Tchad, le Niger, la Libye, le Maroc et le Congo.<\/p>\n<p>Des mesures d&rsquo;\u00e9vacuation et de lutte contre le trafic<\/p>\n<p>Les dirigeants pr\u00e9sents ont\u00a0<em>\u00ab\u00a0d\u00e9cid\u00e9 une action d&rsquo;extr\u00eame urgence pour \u00e9vacuer de Libye ceux qui veulent l&rsquo;\u00eatre\u00a0\u00bb<\/em>, a expliqu\u00e9 Emmanuel Macron.<em>\u00a0\u00ab\u00a0La Libye a r\u00e9affirm\u00e9 son accord pour identifier\u00a0les camps o\u00f9 des sc\u00e8nes de barbarie ont \u00e9t\u00e9 identifi\u00e9es. (&#8230;) Le pr\u00e9sident Sarraj a donn\u00e9 son accord pour qu&rsquo;un acc\u00e8s puisse \u00eatre assur\u00e9\u00a0\u00bb.<\/em><\/p>\n<p>L&rsquo;UE, l&rsquo;Union africaine et les Nations unies ont\u00a0\u00e9galement\u00a0convenu d&rsquo;un\u00a0<em>\u00ab\u00a0soutien accru \u00e0 l&rsquo;Office international des migrations pour aider au retour des Africains qui le souhaitent vers leur pays d&rsquo;origine\u00a0\u00bb<\/em>, d\u00e8s les prochains jours.<\/p>\n<p>Les pays pr\u00e9sents vont mettre en place\u00a0<em>\u00ab\u00a0une coop\u00e9ration \u00e9troite\u00a0\u00bb\u00a0<\/em>de leurs services de police et de renseignement\u00a0<em>\u00ab\u00a0pour d\u00e9manteler les r\u00e9seaux et leur financement et interpeler les trafiquants\u00a0\u00bb<\/em>. L&rsquo;UE, l&rsquo;ONU et l&rsquo;Union africaine se sont engag\u00e9es \u00e0 geler les avoirs des trafiquants identifi\u00e9s, et cette derni\u00e8re va mettre en place une commission d&rsquo;enqu\u00eate.<\/p>\n<p>Une communication pour d\u00e9courager les migrants<\/p>\n<p>Enfin, les participants veulent aussi mettre en place une communication destin\u00e9e aux Africains, pour\u00a0<em>\u00ab\u00a0d\u00e9noncer la traite des humains en Libye\u00a0\u00bb\u00a0<\/em>et\u00a0<em>\u00ab\u00a0d\u00e9courager ceux qui c\u00e8dent aux sir\u00e8nes des passeurs\u00a0\u00bb<\/em>.<\/p>\n<p>Dans\u00a0une interview \u00e0 France 24 et et RFI, quelques heures plus t\u00f4t, Emmanuel Macron expliquait d\u00e9j\u00e0 que l&rsquo;objectif de ce sommet \u00e9tait de\u00a0<em>\u00ab\u00a0lancer des actions concr\u00e8tes militaires et polici\u00e8res sur le terrain\u00a0\u00bb<\/em>\u00a0pour remonter les fili\u00e8res de passeurs, mais aussi aider \u00e0 ramener les migrants de Libye dans leur pays d&rsquo;origine, ou dans un pays susceptible de leur offrir l&rsquo;asile.<\/p>\n<p><strong>Avec France Info et AFP<\/strong><\/p>\n","protected":false},"excerpt":{"rendered":"<p>Cette d\u00e9cision a \u00e9t\u00e9 prise conjointement par neuf pays, dont la France et la Libye, ainsi que l&rsquo;ONU, l&rsquo;Union europ\u00e9enne et l&rsquo;Union africaine Des\u00a0\u00ab\u00a0op\u00e9rations d&rsquo;\u00e9vacuation d&rsquo;urgence\u00a0\u00bb\u00a0vont \u00eatre organis\u00e9es pour\u00a0des migrants\u00a0victimes des trafiquants d&rsquo;\u00eatres humains\u00a0en Libye, a annonc\u00e9 Emmanuel Macron mercredi 29 novembre. La d\u00e9cision a \u00e9t\u00e9 prise lors d&rsquo;une r\u00e9union r\u00e9unissant\u00a0l&rsquo;ONU, l&rsquo;Union europ\u00e9enne, l&rsquo;Union africaine [&hellip;]<\/p>\n","protected":false},"author":12,"featured_media":23128,"comment_status":"closed","ping_status":"closed","sticky":false,"template":"","format":"standard","meta":{"_exactmetrics_skip_tracking":false,"_exactmetrics_sitenote_active":false,"_exactmetrics_sitenote_note":"","_exactmetrics_sitenote_category":0,"tdm_status":"","tdm_grid_status":"","footnotes":""},"categories":[21],"tags":[351,350,349],"class_list":{"0":"post-23127","1":"post","2":"type-post","3":"status-publish","4":"format-standard","5":"has-post-thumbnail","7":"category-international","8":"tag-exclavage","9":"tag-libye","10":"tag-migrants"},"yoast_head":"<!-- This site is optimized with the Yoast SEO plugin v24.2 - https:\/\/yoast.com\/wordpress\/plugins\/seo\/ -->\n<title>Emmanuel Macron annonce des &quot;op\u00e9rations d&#039;\u00e9vacuation d&#039;urgence&quot; de migrants esclaves en Libye | Guin\u00e9e Diversit\u00e9<\/title>\n<meta name=\"robots\" content=\"index, follow, max-snippet:-1, max-image-preview:large, max-video-preview:-1\" \/>\n<link rel=\"canonical\" href=\"https:\/\/guineediversite.com\/index.php\/2017\/11\/30\/emmanuel-macron-annonce-operations-devacuation-durgence-de-migrants-esclaves-libye\/\" \/>\n<meta property=\"og:locale\" content=\"fr_FR\" \/>\n<meta property=\"og:type\" content=\"article\" \/>\n<meta property=\"og:title\" content=\"Emmanuel Macron annonce des &quot;op\u00e9rations d&#039;\u00e9vacuation d&#039;urgence&quot; de migrants esclaves en Libye | Guin\u00e9e Diversit\u00e9\" \/>\n<meta property=\"og:description\" content=\"Cette d\u00e9cision a \u00e9t\u00e9 prise conjointement par neuf pays, dont la France et la Libye, ainsi que l&rsquo;ONU, l&rsquo;Union europ\u00e9enne et l&rsquo;Union africaine Des\u00a0\u00ab\u00a0op\u00e9rations d&rsquo;\u00e9vacuation d&rsquo;urgence\u00a0\u00bb\u00a0vont \u00eatre organis\u00e9es pour\u00a0des migrants\u00a0victimes des trafiquants d&rsquo;\u00eatres humains\u00a0en Libye, a annonc\u00e9 Emmanuel Macron mercredi 29 novembre. La d\u00e9cision a \u00e9t\u00e9 prise lors d&rsquo;une r\u00e9union r\u00e9unissant\u00a0l&rsquo;ONU, l&rsquo;Union europ\u00e9enne, l&rsquo;Union africaine [&hellip;]\" \/>\n<meta property=\"og:url\" content=\"https:\/\/guineediversite.com\/index.php\/2017\/11\/30\/emmanuel-macron-annonce-operations-devacuation-durgence-de-migrants-esclaves-libye\/\" \/>\n<meta property=\"og:site_name\" content=\"Guin\u00e9e Diversit\u00e9\" \/>\n<meta property=\"article:publisher\" content=\"https:\/\/www.facebook.com\/guineediversite\/\" \/>\n<meta property=\"article:published_time\" content=\"2017-11-30T00:34:14+00:00\" \/>\n<meta property=\"og:image\" content=\"https:\/\/guineediversite.com\/wp-content\/uploads\/2017\/11\/Des-migrants-vendus-aux-encheres-le-marche-de-la-honte-en-Libye.jpg\" \/>\n\t<meta property=\"og:image:width\" content=\"2000\" \/>\n\t<meta property=\"og:image:height\" content=\"1332\" \/>\n\t<meta property=\"og:image:type\" content=\"image\/jpeg\" \/>\n<meta name=\"author\" content=\"Guin\u00e9e Diversit\u00e9\" \/>\n<meta name=\"twitter:card\" content=\"summary_large_image\" \/>\n<meta name=\"twitter:creator\" content=\"@GuineeDiversite\" \/>\n<meta name=\"twitter:site\" content=\"@GuineeDiversite\" \/>\n<meta name=\"twitter:label1\" content=\"\u00c9crit par\" \/>\n\t<meta name=\"twitter:data1\" content=\"Guin\u00e9e Diversit\u00e9\" \/>\n\t<meta name=\"twitter:label2\" content=\"Dur\u00e9e de lecture estim\u00e9e\" \/>\n\t<meta name=\"twitter:data2\" content=\"2 minutes\" \/>\n<script type=\"application\/ld+json\" class=\"yoast-schema-graph\">{\"@context\":\"https:\/\/schema.org\",\"@graph\":[{\"@type\":\"Article\",\"@id\":\"https:\/\/guineediversite.com\/index.php\/2017\/11\/30\/emmanuel-macron-annonce-operations-devacuation-durgence-de-migrants-esclaves-libye\/#article\",\"isPartOf\":{\"@id\":\"https:\/\/guineediversite.com\/index.php\/2017\/11\/30\/emmanuel-macron-annonce-operations-devacuation-durgence-de-migrants-esclaves-libye\/\"},\"author\":{\"name\":\"Guin\u00e9e Diversit\u00e9\",\"@id\":\"https:\/\/guineediversite.com\/#\/schema\/person\/afa08fb34e7fc6e1feafc892612bc836\"},\"headline\":\"Emmanuel Macron annonce des \u00ab\u00a0op\u00e9rations d&rsquo;\u00e9vacuation d&rsquo;urgence\u00a0\u00bb de migrants esclaves en Libye\",\"datePublished\":\"2017-11-30T00:34:14+00:00\",\"dateModified\":\"2017-11-30T00:34:14+00:00\",\"mainEntityOfPage\":{\"@id\":\"https:\/\/guineediversite.com\/index.php\/2017\/11\/30\/emmanuel-macron-annonce-operations-devacuation-durgence-de-migrants-esclaves-libye\/\"},\"wordCount\":459,\"publisher\":{\"@id\":\"https:\/\/guineediversite.com\/#organization\"},\"image\":{\"@id\":\"https:\/\/guineediversite.com\/index.php\/2017\/11\/30\/emmanuel-macron-annonce-operations-devacuation-durgence-de-migrants-esclaves-libye\/#primaryimage\"},\"thumbnailUrl\":\"https:\/\/guineediversite.com\/wp-content\/uploads\/2017\/11\/Des-migrants-vendus-aux-encheres-le-marche-de-la-honte-en-Libye.jpg\",\"keywords\":[\"Exclavage\",\"Libye\",\"Migrants\"],\"articleSection\":[\"International\"],\"inLanguage\":\"fr-FR\"},{\"@type\":\"WebPage\",\"@id\":\"https:\/\/guineediversite.com\/index.php\/2017\/11\/30\/emmanuel-macron-annonce-operations-devacuation-durgence-de-migrants-esclaves-libye\/\",\"url\":\"https:\/\/guineediversite.com\/index.php\/2017\/11\/30\/emmanuel-macron-annonce-operations-devacuation-durgence-de-migrants-esclaves-libye\/\",\"name\":\"Emmanuel Macron annonce des \\\"op\u00e9rations d'\u00e9vacuation d'urgence\\\" de migrants esclaves en Libye | Guin\u00e9e Diversit\u00e9\",\"isPartOf\":{\"@id\":\"https:\/\/guineediversite.com\/#website\"},\"primaryImageOfPage\":{\"@id\":\"https:\/\/guineediversite.com\/index.php\/2017\/11\/30\/emmanuel-macron-annonce-operations-devacuation-durgence-de-migrants-esclaves-libye\/#primaryimage\"},\"image\":{\"@id\":\"https:\/\/guineediversite.com\/index.php\/2017\/11\/30\/emmanuel-macron-annonce-operations-devacuation-durgence-de-migrants-esclaves-libye\/#primaryimage\"},\"thumbnailUrl\":\"https:\/\/guineediversite.com\/wp-content\/uploads\/2017\/11\/Des-migrants-vendus-aux-encheres-le-marche-de-la-honte-en-Libye.jpg\",\"datePublished\":\"2017-11-30T00:34:14+00:00\",\"dateModified\":\"2017-11-30T00:34:14+00:00\",\"breadcrumb\":{\"@id\":\"https:\/\/guineediversite.com\/index.php\/2017\/11\/30\/emmanuel-macron-annonce-operations-devacuation-durgence-de-migrants-esclaves-libye\/#breadcrumb\"},\"inLanguage\":\"fr-FR\",\"potentialAction\":[{\"@type\":\"ReadAction\",\"target\":[\"https:\/\/guineediversite.com\/index.php\/2017\/11\/30\/emmanuel-macron-annonce-operations-devacuation-durgence-de-migrants-esclaves-libye\/\"]}]},{\"@type\":\"ImageObject\",\"inLanguage\":\"fr-FR\",\"@id\":\"https:\/\/guineediversite.com\/index.php\/2017\/11\/30\/emmanuel-macron-annonce-operations-devacuation-durgence-de-migrants-esclaves-libye\/#primaryimage\",\"url\":\"https:\/\/guineediversite.com\/wp-content\/uploads\/2017\/11\/Des-migrants-vendus-aux-encheres-le-marche-de-la-honte-en-Libye.jpg\",\"contentUrl\":\"https:\/\/guineediversite.com\/wp-content\/uploads\/2017\/11\/Des-migrants-vendus-aux-encheres-le-marche-de-la-honte-en-Libye.jpg\",\"width\":2000,\"height\":1332},{\"@type\":\"BreadcrumbList\",\"@id\":\"https:\/\/guineediversite.com\/index.php\/2017\/11\/30\/emmanuel-macron-annonce-operations-devacuation-durgence-de-migrants-esclaves-libye\/#breadcrumb\",\"itemListElement\":[{\"@type\":\"ListItem\",\"position\":1,\"name\":\"Accueil\",\"item\":\"https:\/\/guineediversite.com\/\"},{\"@type\":\"ListItem\",\"position\":2,\"name\":\"Emmanuel Macron annonce des \u00ab\u00a0op\u00e9rations d&rsquo;\u00e9vacuation d&rsquo;urgence\u00a0\u00bb de migrants esclaves en Libye\"}]},{\"@type\":\"WebSite\",\"@id\":\"https:\/\/guineediversite.com\/#website\",\"url\":\"https:\/\/guineediversite.com\/\",\"name\":\"Guin\u00e9e Diversit\u00e9\",\"description\":\"L&#039;Info dans toute sa diversit\u00e9\",\"publisher\":{\"@id\":\"https:\/\/guineediversite.com\/#organization\"},\"potentialAction\":[{\"@type\":\"SearchAction\",\"target\":{\"@type\":\"EntryPoint\",\"urlTemplate\":\"https:\/\/guineediversite.com\/?s={search_term_string}\"},\"query-input\":{\"@type\":\"PropertyValueSpecification\",\"valueRequired\":true,\"valueName\":\"search_term_string\"}}],\"inLanguage\":\"fr-FR\"},{\"@type\":\"Organization\",\"@id\":\"https:\/\/guineediversite.com\/#organization\",\"name\":\"Guin\u00e9e Diversit\u00e9\",\"url\":\"https:\/\/guineediversite.com\/\",\"logo\":{\"@type\":\"ImageObject\",\"inLanguage\":\"fr-FR\",\"@id\":\"https:\/\/guineediversite.com\/#\/schema\/logo\/image\/\",\"url\":\"https:\/\/guineediversite.com\/wp-content\/uploads\/2017\/04\/cropped-1jojlxEOMkX9Wyqfhe43D6kjPOGqBBKmx3EwWJqZ0cMrFF54yM49.png\",\"contentUrl\":\"https:\/\/guineediversite.com\/wp-content\/uploads\/2017\/04\/cropped-1jojlxEOMkX9Wyqfhe43D6kjPOGqBBKmx3EwWJqZ0cMrFF54yM49.png\",\"width\":186,\"height\":112,\"caption\":\"Guin\u00e9e Diversit\u00e9\"},\"image\":{\"@id\":\"https:\/\/guineediversite.com\/#\/schema\/logo\/image\/\"},\"sameAs\":[\"https:\/\/www.facebook.com\/guineediversite\/\",\"https:\/\/x.com\/GuineeDiversite\",\"https:\/\/www.youtube.com\/channel\/UC8sUY16qelG5ge6_D5SB83g\"]},{\"@type\":\"Person\",\"@id\":\"https:\/\/guineediversite.com\/#\/schema\/person\/afa08fb34e7fc6e1feafc892612bc836\",\"name\":\"Guin\u00e9e Diversit\u00e9\",\"image\":{\"@type\":\"ImageObject\",\"inLanguage\":\"fr-FR\",\"@id\":\"https:\/\/guineediversite.com\/#\/schema\/person\/image\/\",\"url\":\"https:\/\/secure.gravatar.com\/avatar\/50d5eb5b390f8b65ac30ac6f898eb83a?s=96&d=mm&r=g\",\"contentUrl\":\"https:\/\/secure.gravatar.com\/avatar\/50d5eb5b390f8b65ac30ac6f898eb83a?s=96&d=mm&r=g\",\"caption\":\"Guin\u00e9e Diversit\u00e9\"},\"url\":\"https:\/\/guineediversite.com\/index.php\/author\/guineediversite\/\"}]}<\/script>\n<!-- \/ Yoast SEO plugin. -->","yoast_head_json":{"title":"Emmanuel Macron annonce des \"op\u00e9rations d'\u00e9vacuation d'urgence\" de migrants esclaves en Libye | Guin\u00e9e Diversit\u00e9","robots":{"index":"index","follow":"follow","max-snippet":"max-snippet:-1","max-image-preview":"max-image-preview:large","max-video-preview":"max-video-preview:-1"},"canonical":"https:\/\/guineediversite.com\/index.php\/2017\/11\/30\/emmanuel-macron-annonce-operations-devacuation-durgence-de-migrants-esclaves-libye\/","og_locale":"fr_FR","og_type":"article","og_title":"Emmanuel Macron annonce des \"op\u00e9rations d'\u00e9vacuation d'urgence\" de migrants esclaves en Libye | Guin\u00e9e Diversit\u00e9","og_description":"Cette d\u00e9cision a \u00e9t\u00e9 prise conjointement par neuf pays, dont la France et la Libye, ainsi que l&rsquo;ONU, l&rsquo;Union europ\u00e9enne et l&rsquo;Union africaine Des\u00a0\u00ab\u00a0op\u00e9rations d&rsquo;\u00e9vacuation d&rsquo;urgence\u00a0\u00bb\u00a0vont \u00eatre organis\u00e9es pour\u00a0des migrants\u00a0victimes des trafiquants d&rsquo;\u00eatres humains\u00a0en Libye, a annonc\u00e9 Emmanuel Macron mercredi 29 novembre. La d\u00e9cision a \u00e9t\u00e9 prise lors d&rsquo;une r\u00e9union r\u00e9unissant\u00a0l&rsquo;ONU, l&rsquo;Union europ\u00e9enne, l&rsquo;Union africaine [&hellip;]","og_url":"https:\/\/guineediversite.com\/index.php\/2017\/11\/30\/emmanuel-macron-annonce-operations-devacuation-durgence-de-migrants-esclaves-libye\/","og_site_name":"Guin\u00e9e Diversit\u00e9","article_publisher":"https:\/\/www.facebook.com\/guineediversite\/","article_published_time":"2017-11-30T00:34:14+00:00","og_image":[{"width":2000,"height":1332,"url":"https:\/\/guineediversite.com\/wp-content\/uploads\/2017\/11\/Des-migrants-vendus-aux-encheres-le-marche-de-la-honte-en-Libye.jpg","type":"image\/jpeg"}],"author":"Guin\u00e9e Diversit\u00e9","twitter_card":"summary_large_image","twitter_creator":"@GuineeDiversite","twitter_site":"@GuineeDiversite","twitter_misc":{"\u00c9crit par":"Guin\u00e9e Diversit\u00e9","Dur\u00e9e de lecture estim\u00e9e":"2 minutes"},"schema":{"@context":"https:\/\/schema.org","@graph":[{"@type":"Article","@id":"https:\/\/guineediversite.com\/index.php\/2017\/11\/30\/emmanuel-macron-annonce-operations-devacuation-durgence-de-migrants-esclaves-libye\/#article","isPartOf":{"@id":"https:\/\/guineediversite.com\/index.php\/2017\/11\/30\/emmanuel-macron-annonce-operations-devacuation-durgence-de-migrants-esclaves-libye\/"},"author":{"name":"Guin\u00e9e Diversit\u00e9","@id":"https:\/\/guineediversite.com\/#\/schema\/person\/afa08fb34e7fc6e1feafc892612bc836"},"headline":"Emmanuel Macron annonce des \u00ab\u00a0op\u00e9rations d&rsquo;\u00e9vacuation d&rsquo;urgence\u00a0\u00bb de migrants esclaves en Libye","datePublished":"2017-11-30T00:34:14+00:00","dateModified":"2017-11-30T00:34:14+00:00","mainEntityOfPage":{"@id":"https:\/\/guineediversite.com\/index.php\/2017\/11\/30\/emmanuel-macron-annonce-operations-devacuation-durgence-de-migrants-esclaves-libye\/"},"wordCount":459,"publisher":{"@id":"https:\/\/guineediversite.com\/#organization"},"image":{"@id":"https:\/\/guineediversite.com\/index.php\/2017\/11\/30\/emmanuel-macron-annonce-operations-devacuation-durgence-de-migrants-esclaves-libye\/#primaryimage"},"thumbnailUrl":"https:\/\/guineediversite.com\/wp-content\/uploads\/2017\/11\/Des-migrants-vendus-aux-encheres-le-marche-de-la-honte-en-Libye.jpg","keywords":["Exclavage","Libye","Migrants"],"articleSection":["International"],"inLanguage":"fr-FR"},{"@type":"WebPage","@id":"https:\/\/guineediversite.com\/index.php\/2017\/11\/30\/emmanuel-macron-annonce-operations-devacuation-durgence-de-migrants-esclaves-libye\/","url":"https:\/\/guineediversite.com\/index.php\/2017\/11\/30\/emmanuel-macron-annonce-operations-devacuation-durgence-de-migrants-esclaves-libye\/","name":"Emmanuel Macron annonce des \"op\u00e9rations d'\u00e9vacuation d'urgence\" de migrants esclaves en Libye | Guin\u00e9e Diversit\u00e9","isPartOf":{"@id":"https:\/\/guineediversite.com\/#website"},"primaryImageOfPage":{"@id":"https:\/\/guineediversite.com\/index.php\/2017\/11\/30\/emmanuel-macron-annonce-operations-devacuation-durgence-de-migrants-esclaves-libye\/#primaryimage"},"image":{"@id":"https:\/\/guineediversite.com\/index.php\/2017\/11\/30\/emmanuel-macron-annonce-operations-devacuation-durgence-de-migrants-esclaves-libye\/#primaryimage"},"thumbnailUrl":"https:\/\/guineediversite.com\/wp-content\/uploads\/2017\/11\/Des-migrants-vendus-aux-encheres-le-marche-de-la-honte-en-Libye.jpg","datePublished":"2017-11-30T00:34:14+00:00","dateModified":"2017-11-30T00:34:14+00:00","breadcrumb":{"@id":"https:\/\/guineediversite.com\/index.php\/2017\/11\/30\/emmanuel-macron-annonce-operations-devacuation-durgence-de-migrants-esclaves-libye\/#breadcrumb"},"inLanguage":"fr-FR","potentialAction":[{"@type":"ReadAction","target":["https:\/\/guineediversite.com\/index.php\/2017\/11\/30\/emmanuel-macron-annonce-operations-devacuation-durgence-de-migrants-esclaves-libye\/"]}]},{"@type":"ImageObject","inLanguage":"fr-FR","@id":"https:\/\/guineediversite.com\/index.php\/2017\/11\/30\/emmanuel-macron-annonce-operations-devacuation-durgence-de-migrants-esclaves-libye\/#primaryimage","url":"https:\/\/guineediversite.com\/wp-content\/uploads\/2017\/11\/Des-migrants-vendus-aux-encheres-le-marche-de-la-honte-en-Libye.jpg","contentUrl":"https:\/\/guineediversite.com\/wp-content\/uploads\/2017\/11\/Des-migrants-vendus-aux-encheres-le-marche-de-la-honte-en-Libye.jpg","width":2000,"height":1332},{"@type":"BreadcrumbList","@id":"https:\/\/guineediversite.com\/index.php\/2017\/11\/30\/emmanuel-macron-annonce-operations-devacuation-durgence-de-migrants-esclaves-libye\/#breadcrumb","itemListElement":[{"@type":"ListItem","position":1,"name":"Accueil","item":"https:\/\/guineediversite.com\/"},{"@type":"ListItem","position":2,"name":"Emmanuel Macron annonce des \u00ab\u00a0op\u00e9rations d&rsquo;\u00e9vacuation d&rsquo;urgence\u00a0\u00bb de migrants esclaves en Libye"}]},{"@type":"WebSite","@id":"https:\/\/guineediversite.com\/#website","url":"https:\/\/guineediversite.com\/","name":"Guin\u00e9e Diversit\u00e9","description":"L&#039;Info dans toute sa diversit\u00e9","publisher":{"@id":"https:\/\/guineediversite.com\/#organization"},"potentialAction":[{"@type":"SearchAction","target":{"@type":"EntryPoint","urlTemplate":"https:\/\/guineediversite.com\/?s={search_term_string}"},"query-input":{"@type":"PropertyValueSpecification","valueRequired":true,"valueName":"search_term_string"}}],"inLanguage":"fr-FR"},{"@type":"Organization","@id":"https:\/\/guineediversite.com\/#organization","name":"Guin\u00e9e Diversit\u00e9","url":"https:\/\/guineediversite.com\/","logo":{"@type":"ImageObject","inLanguage":"fr-FR","@id":"https:\/\/guineediversite.com\/#\/schema\/logo\/image\/","url":"https:\/\/guineediversite.com\/wp-content\/uploads\/2017\/04\/cropped-1jojlxEOMkX9Wyqfhe43D6kjPOGqBBKmx3EwWJqZ0cMrFF54yM49.png","contentUrl":"https:\/\/guineediversite.com\/wp-content\/uploads\/2017\/04\/cropped-1jojlxEOMkX9Wyqfhe43D6kjPOGqBBKmx3EwWJqZ0cMrFF54yM49.png","width":186,"height":112,"caption":"Guin\u00e9e Diversit\u00e9"},"image":{"@id":"https:\/\/guineediversite.com\/#\/schema\/logo\/image\/"},"sameAs":["https:\/\/www.facebook.com\/guineediversite\/","https:\/\/x.com\/GuineeDiversite","https:\/\/www.youtube.com\/channel\/UC8sUY16qelG5ge6_D5SB83g"]},{"@type":"Person","@id":"https:\/\/guineediversite.com\/#\/schema\/person\/afa08fb34e7fc6e1feafc892612bc836","name":"Guin\u00e9e Diversit\u00e9","image":{"@type":"ImageObject","inLanguage":"fr-FR","@id":"https:\/\/guineediversite.com\/#\/schema\/person\/image\/","url":"https:\/\/secure.gravatar.com\/avatar\/50d5eb5b390f8b65ac30ac6f898eb83a?s=96&d=mm&r=g","contentUrl":"https:\/\/secure.gravatar.com\/avatar\/50d5eb5b390f8b65ac30ac6f898eb83a?s=96&d=mm&r=g","caption":"Guin\u00e9e Diversit\u00e9"},"url":"https:\/\/guineediversite.com\/index.php\/author\/guineediversite\/"}]}},"_links":{"self":[{"href":"https:\/\/guineediversite.com\/index.php\/wp-json\/wp\/v2\/posts\/23127"}],"collection":[{"href":"https:\/\/guineediversite.com\/index.php\/wp-json\/wp\/v2\/posts"}],"about":[{"href":"https:\/\/guineediversite.com\/index.php\/wp-json\/wp\/v2\/types\/post"}],"author":[{"embeddable":true,"href":"https:\/\/guineediversite.com\/index.php\/wp-json\/wp\/v2\/users\/12"}],"replies":[{"embeddable":true,"href":"https:\/\/guineediversite.com\/index.php\/wp-json\/wp\/v2\/comments?post=23127"}],"version-history":[{"count":0,"href":"https:\/\/guineediversite.com\/index.php\/wp-json\/wp\/v2\/posts\/23127\/revisions"}],"wp:featuredmedia":[{"embeddable":true,"href":"https:\/\/guineediversite.com\/index.php\/wp-json\/wp\/v2\/media\/23128"}],"wp:attachment":[{"href":"https:\/\/guineediversite.com\/index.php\/wp-json\/wp\/v2\/media?parent=23127"}],"wp:term":[{"taxonomy":"category","embeddable":true,"href":"https:\/\/guineediversite.com\/index.php\/wp-json\/wp\/v2\/categories?post=23127"},{"taxonomy":"post_tag","embeddable":true,"href":"https:\/\/guineediversite.com\/index.php\/wp-json\/wp\/v2\/tags?post=23127"}],"curies":[{"name":"wp","href":"https:\/\/api.w.org\/{rel}","templated":true}]}}