{"id":23032,"date":"2017-11-23T13:59:02","date_gmt":"2017-11-23T12:59:02","guid":{"rendered":"https:\/\/guineediversite.com\/?p=23032"},"modified":"2017-11-23T13:59:02","modified_gmt":"2017-11-23T12:59:02","slug":"guinee-parquet-reclame-larret-de-greve-enseignants","status":"publish","type":"post","link":"https:\/\/guineediversite.com\/index.php\/2017\/11\/23\/guinee-parquet-reclame-larret-de-greve-enseignants\/","title":{"rendered":"Guin\u00e9e : le parquet r\u00e9clame l\u2019arr\u00eat de la gr\u00e8ve des enseignants"},"content":{"rendered":"<p class=\"lead\">Le parquet guin\u00e9en a demand\u00e9 ce 22 novembre \u00e0 des syndicalistes de l&rsquo;enseignement d&rsquo;arr\u00eater leur mouvement de gr\u00e8ve, \u00e9maill\u00e9 de manifestations violentes qui ont fait deux morts cette semaine.<\/p>\n<p>Le calme \u00e9tait revenu ce 22 novembre dans les rues de Conakry, apr\u00e8s deux jours de heurts entre jeunes manifestants et forces de l\u2019ordre, qui ont co\u00fbt\u00e9 la vie \u00e0 deux adolescents. Quatre responsables du Syndicat libre des enseignants et chercheurs de Guin\u00e9e (SLECG), \u00e0 l\u2019origine de cette gr\u00e8ve illimit\u00e9e, ont \u00e9t\u00e9 rel\u00e2ch\u00e9s le 20 novembre apr\u00e8s deux jours de d\u00e9tention. Ils ont \u00e9t\u00e9 pr\u00e9sent\u00e9s le 22 novembre devant le procureur du tribunal de premi\u00e8re instance de Kaloum, \u00e0 Conakry.<\/p>\n<p>Le procureur \u00ab nous a re\u00e7us, il nous a dit : \u00ab\u00a0En fin de compte, rentrez chez vous, je compte sur vous pour continuer les n\u00e9gociations et mettre un terme \u00e0 cette gr\u00e8ve qui n\u2019a que trop dur\u00e9\u00a0\u00bb\u00bb, a d\u00e9clar\u00e9 leur avocat, Salifou B\u00e9avogui.<\/p>\n<p>Le ministre de la Justice, Cheick Sako, a d\u00e9nonc\u00e9 une gr\u00e8ve \u00ab sauvage \u00bb, sans respect du pr\u00e9avis pr\u00e9vu par la loi. En visite \u00e0 Paris, le pr\u00e9sident guin\u00e9en\u00a0<a href=\"http:\/\/www.jeuneafrique.com\/mag\/483281\/politique\/diplomatie-togo-unesco-sahara-alpha-conde-sur-tous-les-fronts\/\">Alpha Cond\u00e9<\/a>\u00a0a lui aussi qualifi\u00e9 la gr\u00e8ve de \u00ab sauvage \u00bb et d\u2019\u00ab ill\u00e9gale \u00bb. Il a assur\u00e9 que \u00ab les probl\u00e8mes allaient \u00eatre r\u00e9gl\u00e9s \u00bb \u00e0 son retour ce 23 novembre.<\/p>\n<h3>\u00ab Le combat continue \u00bb<\/h3>\n<p>\u00ab Nous nous battons pour l\u2019am\u00e9lioration de nos conditions de vie, ce qui n\u2019est pas un crime, a r\u00e9affirm\u00e9 le porte-parole des syndicalistes, Aboubacar Kaba. Nous sommes des syndicalistes et notre action est garantie par la Constitution, qu\u2019il dise ce qu\u2019il veut \u00bb.<\/p>\n<p>\u00ab Le combat continue jusqu\u2019\u00e0 la satisfaction totale de nos revendications, a-t-il assur\u00e9, estimant que le syndicat n\u2019\u00e9tait pour rien dans les violences. Nous avons simplement demand\u00e9 aux enseignants de rester chez eux, nous ne g\u00e9rons pas les \u00e9l\u00e8ves, c\u2019est aux parents et au gouvernement de prendre leurs responsabilit\u00e9s \u00bb.<\/p>\n<p>En f\u00e9vrier, huit personnes avaient d\u00e9j\u00e0 \u00e9t\u00e9 tu\u00e9es en Guin\u00e9e, dont plusieurs par balle,\u00a0<a href=\"http:\/\/www.jeuneafrique.com\/404617\/societe\/guinee-enseignants-greve\/\" target=\"_blank\" rel=\"noopener noreferrer\">lors des manifestations li\u00e9es \u00e0 une gr\u00e8ve des enseignants.<\/a><\/p>\n<p>JA<\/p>\n","protected":false},"excerpt":{"rendered":"<p>Le parquet guin\u00e9en a demand\u00e9 ce 22 novembre \u00e0 des syndicalistes de l&rsquo;enseignement d&rsquo;arr\u00eater leur mouvement de gr\u00e8ve, \u00e9maill\u00e9 de manifestations violentes qui ont fait deux morts cette semaine. Le calme \u00e9tait revenu ce 22 novembre dans les rues de Conakry, apr\u00e8s deux jours de heurts entre jeunes manifestants et forces de l\u2019ordre, qui ont [&hellip;]<\/p>\n","protected":false},"author":12,"featured_media":23033,"comment_status":"closed","ping_status":"closed","sticky":false,"template":"","format":"standard","meta":{"_exactmetrics_skip_tracking":false,"_exactmetrics_sitenote_active":false,"_exactmetrics_sitenote_note":"","_exactmetrics_sitenote_category":0,"tdm_status":"","tdm_grid_status":"","footnotes":""},"categories":[16],"tags":[],"class_list":{"0":"post-23032","1":"post","2":"type-post","3":"status-publish","4":"format-standard","5":"has-post-thumbnail","7":"category-societe"},"yoast_head":"<!-- This site is optimized with the Yoast SEO plugin v24.2 - https:\/\/yoast.com\/wordpress\/plugins\/seo\/ -->\n<title>Guin\u00e9e : le parquet r\u00e9clame l\u2019arr\u00eat de la gr\u00e8ve des enseignants | Guin\u00e9e Diversit\u00e9<\/title>\n<meta name=\"robots\" content=\"index, follow, max-snippet:-1, max-image-preview:large, max-video-preview:-1\" \/>\n<link rel=\"canonical\" href=\"https:\/\/guineediversite.com\/index.php\/2017\/11\/23\/guinee-parquet-reclame-larret-de-greve-enseignants\/\" \/>\n<meta property=\"og:locale\" content=\"fr_FR\" \/>\n<meta property=\"og:type\" content=\"article\" \/>\n<meta property=\"og:title\" content=\"Guin\u00e9e : le parquet r\u00e9clame l\u2019arr\u00eat de la gr\u00e8ve des enseignants | Guin\u00e9e Diversit\u00e9\" \/>\n<meta property=\"og:description\" content=\"Le parquet guin\u00e9en a demand\u00e9 ce 22 novembre \u00e0 des syndicalistes de l&rsquo;enseignement d&rsquo;arr\u00eater leur mouvement de gr\u00e8ve, \u00e9maill\u00e9 de manifestations violentes qui ont fait deux morts cette semaine. Le calme \u00e9tait revenu ce 22 novembre dans les rues de Conakry, apr\u00e8s deux jours de heurts entre jeunes manifestants et forces de l\u2019ordre, qui ont [&hellip;]\" \/>\n<meta property=\"og:url\" content=\"https:\/\/guineediversite.com\/index.php\/2017\/11\/23\/guinee-parquet-reclame-larret-de-greve-enseignants\/\" \/>\n<meta property=\"og:site_name\" content=\"Guin\u00e9e Diversit\u00e9\" \/>\n<meta property=\"article:publisher\" content=\"https:\/\/www.facebook.com\/guineediversite\/\" \/>\n<meta property=\"article:published_time\" content=\"2017-11-23T12:59:02+00:00\" \/>\n<meta property=\"og:image\" content=\"https:\/\/guineediversite.com\/wp-content\/uploads\/2017\/11\/14605329215_c070e80ae2_o-1-592x296.jpg\" \/>\n\t<meta property=\"og:image:width\" content=\"1024\" \/>\n\t<meta property=\"og:image:height\" content=\"512\" \/>\n\t<meta property=\"og:image:type\" content=\"image\/jpeg\" \/>\n<meta name=\"author\" content=\"Guin\u00e9e Diversit\u00e9\" \/>\n<meta name=\"twitter:card\" content=\"summary_large_image\" \/>\n<meta name=\"twitter:creator\" content=\"@GuineeDiversite\" \/>\n<meta name=\"twitter:site\" content=\"@GuineeDiversite\" \/>\n<meta name=\"twitter:label1\" content=\"\u00c9crit par\" \/>\n\t<meta name=\"twitter:data1\" content=\"Guin\u00e9e Diversit\u00e9\" \/>\n\t<meta name=\"twitter:label2\" content=\"Dur\u00e9e de lecture estim\u00e9e\" \/>\n\t<meta name=\"twitter:data2\" content=\"2 minutes\" \/>\n<script type=\"application\/ld+json\" class=\"yoast-schema-graph\">{\"@context\":\"https:\/\/schema.org\",\"@graph\":[{\"@type\":\"Article\",\"@id\":\"https:\/\/guineediversite.com\/index.php\/2017\/11\/23\/guinee-parquet-reclame-larret-de-greve-enseignants\/#article\",\"isPartOf\":{\"@id\":\"https:\/\/guineediversite.com\/index.php\/2017\/11\/23\/guinee-parquet-reclame-larret-de-greve-enseignants\/\"},\"author\":{\"name\":\"Guin\u00e9e Diversit\u00e9\",\"@id\":\"https:\/\/guineediversite.com\/#\/schema\/person\/afa08fb34e7fc6e1feafc892612bc836\"},\"headline\":\"Guin\u00e9e : le parquet r\u00e9clame l\u2019arr\u00eat de la gr\u00e8ve des enseignants\",\"datePublished\":\"2017-11-23T12:59:02+00:00\",\"dateModified\":\"2017-11-23T12:59:02+00:00\",\"mainEntityOfPage\":{\"@id\":\"https:\/\/guineediversite.com\/index.php\/2017\/11\/23\/guinee-parquet-reclame-larret-de-greve-enseignants\/\"},\"wordCount\":377,\"publisher\":{\"@id\":\"https:\/\/guineediversite.com\/#organization\"},\"image\":{\"@id\":\"https:\/\/guineediversite.com\/index.php\/2017\/11\/23\/guinee-parquet-reclame-larret-de-greve-enseignants\/#primaryimage\"},\"thumbnailUrl\":\"https:\/\/guineediversite.com\/wp-content\/uploads\/2017\/11\/14605329215_c070e80ae2_o-1-592x296.jpg\",\"articleSection\":[\"Soci\u00e9t\u00e9\"],\"inLanguage\":\"fr-FR\"},{\"@type\":\"WebPage\",\"@id\":\"https:\/\/guineediversite.com\/index.php\/2017\/11\/23\/guinee-parquet-reclame-larret-de-greve-enseignants\/\",\"url\":\"https:\/\/guineediversite.com\/index.php\/2017\/11\/23\/guinee-parquet-reclame-larret-de-greve-enseignants\/\",\"name\":\"Guin\u00e9e : le parquet r\u00e9clame l\u2019arr\u00eat de la gr\u00e8ve des enseignants | Guin\u00e9e Diversit\u00e9\",\"isPartOf\":{\"@id\":\"https:\/\/guineediversite.com\/#website\"},\"primaryImageOfPage\":{\"@id\":\"https:\/\/guineediversite.com\/index.php\/2017\/11\/23\/guinee-parquet-reclame-larret-de-greve-enseignants\/#primaryimage\"},\"image\":{\"@id\":\"https:\/\/guineediversite.com\/index.php\/2017\/11\/23\/guinee-parquet-reclame-larret-de-greve-enseignants\/#primaryimage\"},\"thumbnailUrl\":\"https:\/\/guineediversite.com\/wp-content\/uploads\/2017\/11\/14605329215_c070e80ae2_o-1-592x296.jpg\",\"datePublished\":\"2017-11-23T12:59:02+00:00\",\"dateModified\":\"2017-11-23T12:59:02+00:00\",\"breadcrumb\":{\"@id\":\"https:\/\/guineediversite.com\/index.php\/2017\/11\/23\/guinee-parquet-reclame-larret-de-greve-enseignants\/#breadcrumb\"},\"inLanguage\":\"fr-FR\",\"potentialAction\":[{\"@type\":\"ReadAction\",\"target\":[\"https:\/\/guineediversite.com\/index.php\/2017\/11\/23\/guinee-parquet-reclame-larret-de-greve-enseignants\/\"]}]},{\"@type\":\"ImageObject\",\"inLanguage\":\"fr-FR\",\"@id\":\"https:\/\/guineediversite.com\/index.php\/2017\/11\/23\/guinee-parquet-reclame-larret-de-greve-enseignants\/#primaryimage\",\"url\":\"https:\/\/guineediversite.com\/wp-content\/uploads\/2017\/11\/14605329215_c070e80ae2_o-1-592x296.jpg\",\"contentUrl\":\"https:\/\/guineediversite.com\/wp-content\/uploads\/2017\/11\/14605329215_c070e80ae2_o-1-592x296.jpg\",\"width\":1024,\"height\":512},{\"@type\":\"BreadcrumbList\",\"@id\":\"https:\/\/guineediversite.com\/index.php\/2017\/11\/23\/guinee-parquet-reclame-larret-de-greve-enseignants\/#breadcrumb\",\"itemListElement\":[{\"@type\":\"ListItem\",\"position\":1,\"name\":\"Accueil\",\"item\":\"https:\/\/guineediversite.com\/\"},{\"@type\":\"ListItem\",\"position\":2,\"name\":\"Guin\u00e9e : le parquet r\u00e9clame l\u2019arr\u00eat de la gr\u00e8ve des enseignants\"}]},{\"@type\":\"WebSite\",\"@id\":\"https:\/\/guineediversite.com\/#website\",\"url\":\"https:\/\/guineediversite.com\/\",\"name\":\"Guin\u00e9e Diversit\u00e9\",\"description\":\"L&#039;Info dans toute sa diversit\u00e9\",\"publisher\":{\"@id\":\"https:\/\/guineediversite.com\/#organization\"},\"potentialAction\":[{\"@type\":\"SearchAction\",\"target\":{\"@type\":\"EntryPoint\",\"urlTemplate\":\"https:\/\/guineediversite.com\/?s={search_term_string}\"},\"query-input\":{\"@type\":\"PropertyValueSpecification\",\"valueRequired\":true,\"valueName\":\"search_term_string\"}}],\"inLanguage\":\"fr-FR\"},{\"@type\":\"Organization\",\"@id\":\"https:\/\/guineediversite.com\/#organization\",\"name\":\"Guin\u00e9e Diversit\u00e9\",\"url\":\"https:\/\/guineediversite.com\/\",\"logo\":{\"@type\":\"ImageObject\",\"inLanguage\":\"fr-FR\",\"@id\":\"https:\/\/guineediversite.com\/#\/schema\/logo\/image\/\",\"url\":\"https:\/\/guineediversite.com\/wp-content\/uploads\/2017\/04\/cropped-1jojlxEOMkX9Wyqfhe43D6kjPOGqBBKmx3EwWJqZ0cMrFF54yM49.png\",\"contentUrl\":\"https:\/\/guineediversite.com\/wp-content\/uploads\/2017\/04\/cropped-1jojlxEOMkX9Wyqfhe43D6kjPOGqBBKmx3EwWJqZ0cMrFF54yM49.png\",\"width\":186,\"height\":112,\"caption\":\"Guin\u00e9e Diversit\u00e9\"},\"image\":{\"@id\":\"https:\/\/guineediversite.com\/#\/schema\/logo\/image\/\"},\"sameAs\":[\"https:\/\/www.facebook.com\/guineediversite\/\",\"https:\/\/x.com\/GuineeDiversite\",\"https:\/\/www.youtube.com\/channel\/UC8sUY16qelG5ge6_D5SB83g\"]},{\"@type\":\"Person\",\"@id\":\"https:\/\/guineediversite.com\/#\/schema\/person\/afa08fb34e7fc6e1feafc892612bc836\",\"name\":\"Guin\u00e9e Diversit\u00e9\",\"image\":{\"@type\":\"ImageObject\",\"inLanguage\":\"fr-FR\",\"@id\":\"https:\/\/guineediversite.com\/#\/schema\/person\/image\/\",\"url\":\"https:\/\/secure.gravatar.com\/avatar\/50d5eb5b390f8b65ac30ac6f898eb83a?s=96&d=mm&r=g\",\"contentUrl\":\"https:\/\/secure.gravatar.com\/avatar\/50d5eb5b390f8b65ac30ac6f898eb83a?s=96&d=mm&r=g\",\"caption\":\"Guin\u00e9e Diversit\u00e9\"},\"url\":\"https:\/\/guineediversite.com\/index.php\/author\/guineediversite\/\"}]}<\/script>\n<!-- \/ Yoast SEO plugin. -->","yoast_head_json":{"title":"Guin\u00e9e : le parquet r\u00e9clame l\u2019arr\u00eat de la gr\u00e8ve des enseignants | Guin\u00e9e Diversit\u00e9","robots":{"index":"index","follow":"follow","max-snippet":"max-snippet:-1","max-image-preview":"max-image-preview:large","max-video-preview":"max-video-preview:-1"},"canonical":"https:\/\/guineediversite.com\/index.php\/2017\/11\/23\/guinee-parquet-reclame-larret-de-greve-enseignants\/","og_locale":"fr_FR","og_type":"article","og_title":"Guin\u00e9e : le parquet r\u00e9clame l\u2019arr\u00eat de la gr\u00e8ve des enseignants | Guin\u00e9e Diversit\u00e9","og_description":"Le parquet guin\u00e9en a demand\u00e9 ce 22 novembre \u00e0 des syndicalistes de l&rsquo;enseignement d&rsquo;arr\u00eater leur mouvement de gr\u00e8ve, \u00e9maill\u00e9 de manifestations violentes qui ont fait deux morts cette semaine. Le calme \u00e9tait revenu ce 22 novembre dans les rues de Conakry, apr\u00e8s deux jours de heurts entre jeunes manifestants et forces de l\u2019ordre, qui ont [&hellip;]","og_url":"https:\/\/guineediversite.com\/index.php\/2017\/11\/23\/guinee-parquet-reclame-larret-de-greve-enseignants\/","og_site_name":"Guin\u00e9e Diversit\u00e9","article_publisher":"https:\/\/www.facebook.com\/guineediversite\/","article_published_time":"2017-11-23T12:59:02+00:00","og_image":[{"width":1024,"height":512,"url":"https:\/\/guineediversite.com\/wp-content\/uploads\/2017\/11\/14605329215_c070e80ae2_o-1-592x296.jpg","type":"image\/jpeg"}],"author":"Guin\u00e9e Diversit\u00e9","twitter_card":"summary_large_image","twitter_creator":"@GuineeDiversite","twitter_site":"@GuineeDiversite","twitter_misc":{"\u00c9crit par":"Guin\u00e9e Diversit\u00e9","Dur\u00e9e de lecture estim\u00e9e":"2 minutes"},"schema":{"@context":"https:\/\/schema.org","@graph":[{"@type":"Article","@id":"https:\/\/guineediversite.com\/index.php\/2017\/11\/23\/guinee-parquet-reclame-larret-de-greve-enseignants\/#article","isPartOf":{"@id":"https:\/\/guineediversite.com\/index.php\/2017\/11\/23\/guinee-parquet-reclame-larret-de-greve-enseignants\/"},"author":{"name":"Guin\u00e9e Diversit\u00e9","@id":"https:\/\/guineediversite.com\/#\/schema\/person\/afa08fb34e7fc6e1feafc892612bc836"},"headline":"Guin\u00e9e : le parquet r\u00e9clame l\u2019arr\u00eat de la gr\u00e8ve des enseignants","datePublished":"2017-11-23T12:59:02+00:00","dateModified":"2017-11-23T12:59:02+00:00","mainEntityOfPage":{"@id":"https:\/\/guineediversite.com\/index.php\/2017\/11\/23\/guinee-parquet-reclame-larret-de-greve-enseignants\/"},"wordCount":377,"publisher":{"@id":"https:\/\/guineediversite.com\/#organization"},"image":{"@id":"https:\/\/guineediversite.com\/index.php\/2017\/11\/23\/guinee-parquet-reclame-larret-de-greve-enseignants\/#primaryimage"},"thumbnailUrl":"https:\/\/guineediversite.com\/wp-content\/uploads\/2017\/11\/14605329215_c070e80ae2_o-1-592x296.jpg","articleSection":["Soci\u00e9t\u00e9"],"inLanguage":"fr-FR"},{"@type":"WebPage","@id":"https:\/\/guineediversite.com\/index.php\/2017\/11\/23\/guinee-parquet-reclame-larret-de-greve-enseignants\/","url":"https:\/\/guineediversite.com\/index.php\/2017\/11\/23\/guinee-parquet-reclame-larret-de-greve-enseignants\/","name":"Guin\u00e9e : le parquet r\u00e9clame l\u2019arr\u00eat de la gr\u00e8ve des enseignants | Guin\u00e9e Diversit\u00e9","isPartOf":{"@id":"https:\/\/guineediversite.com\/#website"},"primaryImageOfPage":{"@id":"https:\/\/guineediversite.com\/index.php\/2017\/11\/23\/guinee-parquet-reclame-larret-de-greve-enseignants\/#primaryimage"},"image":{"@id":"https:\/\/guineediversite.com\/index.php\/2017\/11\/23\/guinee-parquet-reclame-larret-de-greve-enseignants\/#primaryimage"},"thumbnailUrl":"https:\/\/guineediversite.com\/wp-content\/uploads\/2017\/11\/14605329215_c070e80ae2_o-1-592x296.jpg","datePublished":"2017-11-23T12:59:02+00:00","dateModified":"2017-11-23T12:59:02+00:00","breadcrumb":{"@id":"https:\/\/guineediversite.com\/index.php\/2017\/11\/23\/guinee-parquet-reclame-larret-de-greve-enseignants\/#breadcrumb"},"inLanguage":"fr-FR","potentialAction":[{"@type":"ReadAction","target":["https:\/\/guineediversite.com\/index.php\/2017\/11\/23\/guinee-parquet-reclame-larret-de-greve-enseignants\/"]}]},{"@type":"ImageObject","inLanguage":"fr-FR","@id":"https:\/\/guineediversite.com\/index.php\/2017\/11\/23\/guinee-parquet-reclame-larret-de-greve-enseignants\/#primaryimage","url":"https:\/\/guineediversite.com\/wp-content\/uploads\/2017\/11\/14605329215_c070e80ae2_o-1-592x296.jpg","contentUrl":"https:\/\/guineediversite.com\/wp-content\/uploads\/2017\/11\/14605329215_c070e80ae2_o-1-592x296.jpg","width":1024,"height":512},{"@type":"BreadcrumbList","@id":"https:\/\/guineediversite.com\/index.php\/2017\/11\/23\/guinee-parquet-reclame-larret-de-greve-enseignants\/#breadcrumb","itemListElement":[{"@type":"ListItem","position":1,"name":"Accueil","item":"https:\/\/guineediversite.com\/"},{"@type":"ListItem","position":2,"name":"Guin\u00e9e : le parquet r\u00e9clame l\u2019arr\u00eat de la gr\u00e8ve des enseignants"}]},{"@type":"WebSite","@id":"https:\/\/guineediversite.com\/#website","url":"https:\/\/guineediversite.com\/","name":"Guin\u00e9e Diversit\u00e9","description":"L&#039;Info dans toute sa diversit\u00e9","publisher":{"@id":"https:\/\/guineediversite.com\/#organization"},"potentialAction":[{"@type":"SearchAction","target":{"@type":"EntryPoint","urlTemplate":"https:\/\/guineediversite.com\/?s={search_term_string}"},"query-input":{"@type":"PropertyValueSpecification","valueRequired":true,"valueName":"search_term_string"}}],"inLanguage":"fr-FR"},{"@type":"Organization","@id":"https:\/\/guineediversite.com\/#organization","name":"Guin\u00e9e Diversit\u00e9","url":"https:\/\/guineediversite.com\/","logo":{"@type":"ImageObject","inLanguage":"fr-FR","@id":"https:\/\/guineediversite.com\/#\/schema\/logo\/image\/","url":"https:\/\/guineediversite.com\/wp-content\/uploads\/2017\/04\/cropped-1jojlxEOMkX9Wyqfhe43D6kjPOGqBBKmx3EwWJqZ0cMrFF54yM49.png","contentUrl":"https:\/\/guineediversite.com\/wp-content\/uploads\/2017\/04\/cropped-1jojlxEOMkX9Wyqfhe43D6kjPOGqBBKmx3EwWJqZ0cMrFF54yM49.png","width":186,"height":112,"caption":"Guin\u00e9e Diversit\u00e9"},"image":{"@id":"https:\/\/guineediversite.com\/#\/schema\/logo\/image\/"},"sameAs":["https:\/\/www.facebook.com\/guineediversite\/","https:\/\/x.com\/GuineeDiversite","https:\/\/www.youtube.com\/channel\/UC8sUY16qelG5ge6_D5SB83g"]},{"@type":"Person","@id":"https:\/\/guineediversite.com\/#\/schema\/person\/afa08fb34e7fc6e1feafc892612bc836","name":"Guin\u00e9e Diversit\u00e9","image":{"@type":"ImageObject","inLanguage":"fr-FR","@id":"https:\/\/guineediversite.com\/#\/schema\/person\/image\/","url":"https:\/\/secure.gravatar.com\/avatar\/50d5eb5b390f8b65ac30ac6f898eb83a?s=96&d=mm&r=g","contentUrl":"https:\/\/secure.gravatar.com\/avatar\/50d5eb5b390f8b65ac30ac6f898eb83a?s=96&d=mm&r=g","caption":"Guin\u00e9e Diversit\u00e9"},"url":"https:\/\/guineediversite.com\/index.php\/author\/guineediversite\/"}]}},"_links":{"self":[{"href":"https:\/\/guineediversite.com\/index.php\/wp-json\/wp\/v2\/posts\/23032"}],"collection":[{"href":"https:\/\/guineediversite.com\/index.php\/wp-json\/wp\/v2\/posts"}],"about":[{"href":"https:\/\/guineediversite.com\/index.php\/wp-json\/wp\/v2\/types\/post"}],"author":[{"embeddable":true,"href":"https:\/\/guineediversite.com\/index.php\/wp-json\/wp\/v2\/users\/12"}],"replies":[{"embeddable":true,"href":"https:\/\/guineediversite.com\/index.php\/wp-json\/wp\/v2\/comments?post=23032"}],"version-history":[{"count":0,"href":"https:\/\/guineediversite.com\/index.php\/wp-json\/wp\/v2\/posts\/23032\/revisions"}],"wp:featuredmedia":[{"embeddable":true,"href":"https:\/\/guineediversite.com\/index.php\/wp-json\/wp\/v2\/media\/23033"}],"wp:attachment":[{"href":"https:\/\/guineediversite.com\/index.php\/wp-json\/wp\/v2\/media?parent=23032"}],"wp:term":[{"taxonomy":"category","embeddable":true,"href":"https:\/\/guineediversite.com\/index.php\/wp-json\/wp\/v2\/categories?post=23032"},{"taxonomy":"post_tag","embeddable":true,"href":"https:\/\/guineediversite.com\/index.php\/wp-json\/wp\/v2\/tags?post=23032"}],"curies":[{"name":"wp","href":"https:\/\/api.w.org\/{rel}","templated":true}]}}