{"id":23029,"date":"2017-11-23T13:48:09","date_gmt":"2017-11-23T12:48:09","guid":{"rendered":"https:\/\/guineediversite.com\/?p=23029"},"modified":"2017-11-23T13:48:09","modified_gmt":"2017-11-23T12:48:09","slug":"marche-aux-esclaves-libye-rwanda-pret-a-accueillir-30-000-migrants-africains","status":"publish","type":"post","link":"https:\/\/guineediversite.com\/index.php\/2017\/11\/23\/marche-aux-esclaves-libye-rwanda-pret-a-accueillir-30-000-migrants-africains\/","title":{"rendered":"March\u00e9 aux esclaves en Libye : le Rwanda pr\u00eat \u00e0 accueillir 30 000 migrants africains"},"content":{"rendered":"<p class=\"lead\">Le Rwanda s&rsquo;est dit pr\u00eat \u00e0 accueillir jusqu&rsquo;\u00e0 30 000 migrants africains vivant dans des conditions inhumaines en Libye, o\u00f9 une r\u00e9cente vente d&rsquo;esclaves noirs \u00e0 suscit\u00e9 l&rsquo;indignation dans le monde.<\/p>\n<p>\u00ab Le Rwanda discute actuellement pour voir comment il peut aider \u00e0 accueillir des migrants prisonniers en Libye, a d\u00e9clar\u00e9 ce 22 novembre la ministre rwandaise des Affaires \u00e9trang\u00e8res, Louise Mushikiwabo. Le nombre et les moyens sont encore en discussion, mais le Rwanda estime \u00e0 environ 30 000 le nombre de migrants pouvant \u00eatre accueillis \u00bb.<\/p>\n<p>\u00c0 la suite de\u00a0<a href=\"http:\/\/www.jeuneafrique.com\/493603\/societe\/libye-une-video-desclaves-subsahariens-vendus-aux-encheres-suscite-colere-et-indignation\/\" target=\"_blank\" rel=\"noopener noreferrer\">la diffusion le 14 novembre par la cha\u00eene de t\u00e9l\u00e9vision am\u00e9ricaine CNN d\u2019images montrant un march\u00e9 aux esclaves<\/a>\u00a0o\u00f9 \u00e9taient vendus aux ench\u00e8res des migrants noirs d\u2019Afrique subsaharienne, le pr\u00e9sident de la commission de l\u2019Union Africaine (UA), Moussa Faki Mahamat,<a href=\"http:\/\/www.jeuneafrique.com\/495532\/societe\/esclavage-en-libye-mais-que-fait-lunion-africaine\/\" target=\"_blank\" rel=\"noopener noreferrer\">\u00a0a appel\u00e9 \u00e0 l\u2019aide les pays du continent.<\/a><\/p>\n<p>\u00ab Le Rwanda, comme le reste du monde, a \u00e9t\u00e9 horrifi\u00e9 par la trag\u00e9die actuellement en cours en Libye o\u00f9 des hommes, des femmes et des enfants africains qui \u00e9taient sur la route de l\u2019exil, ont \u00e9t\u00e9 arr\u00eat\u00e9s et transform\u00e9s en esclaves \u00bb, a d\u00e9clar\u00e9 Louise Mushikiwabo.<\/p>\n<h3>\u00ab Crimes contre l\u2019humanit\u00e9\u00bb<\/h3>\n<p>\u00ab \u00c9tant donn\u00e9 la philosophie politique du Rwanda et notre propre histoire, nous ne pouvons pas rester silencieux quand des \u00eatres humains sont maltrait\u00e9s et vendus aux ench\u00e8res comme du b\u00e9tail \u00bb, a-t-elle ajout\u00e9.<\/p>\n<p>Ce 22 novembre,\u00a0<a href=\"http:\/\/www.jeuneafrique.com\/494954\/societe\/esclavage-en-libye-le-burkina-faso-rappelle-son-ambassadeur-antonio-guterres-se-dit-horrifie\/\" target=\"_blank\" rel=\"noopener noreferrer\">la France a qualifi\u00e9 de \u00ab crimes contre l\u2019Humanit\u00e9 \u00bb<\/a>\u00a0les ventes de migrants africains comme esclaves en Libye et demand\u00e9 une r\u00e9union expresse du Conseil de s\u00e9curit\u00e9 des Nations unies sur ce sujet.<\/p>\n<p>Cette pratique \u00ab rel\u00e8ve de la traite des \u00eatres humains \u00bb, a d\u00e9clar\u00e9 le pr\u00e9sident fran\u00e7ais Emmanuel Macron \u00e0 l\u2019issue d\u2019une rencontre avec son homologue guin\u00e9en Alpha Cond\u00e9. \u00ab Ce qui s\u2019est pass\u00e9 est scandaleux, inacceptable \u00bb, a d\u00e9clar\u00e9 ce dernier, qui est aussi pr\u00e9sident en exercice de l\u2019UA.<\/p>\n<p>JA<\/p>\n","protected":false},"excerpt":{"rendered":"<p>Le Rwanda s&rsquo;est dit pr\u00eat \u00e0 accueillir jusqu&rsquo;\u00e0 30 000 migrants africains vivant dans des conditions inhumaines en Libye, o\u00f9 une r\u00e9cente vente d&rsquo;esclaves noirs \u00e0 suscit\u00e9 l&rsquo;indignation dans le monde. \u00ab Le Rwanda discute actuellement pour voir comment il peut aider \u00e0 accueillir des migrants prisonniers en Libye, a d\u00e9clar\u00e9 ce 22 novembre la [&hellip;]<\/p>\n","protected":false},"author":12,"featured_media":23030,"comment_status":"closed","ping_status":"closed","sticky":false,"template":"","format":"standard","meta":{"_exactmetrics_skip_tracking":false,"_exactmetrics_sitenote_active":false,"_exactmetrics_sitenote_note":"","_exactmetrics_sitenote_category":0,"tdm_status":"","tdm_grid_status":"","footnotes":""},"categories":[21],"tags":[340],"class_list":{"0":"post-23029","1":"post","2":"type-post","3":"status-publish","4":"format-standard","5":"has-post-thumbnail","7":"category-international","8":"tag-esclave-libye"},"yoast_head":"<!-- This site is optimized with the Yoast SEO plugin v24.2 - https:\/\/yoast.com\/wordpress\/plugins\/seo\/ -->\n<title>March\u00e9 aux esclaves en Libye : le Rwanda pr\u00eat \u00e0 accueillir 30 000 migrants africains | Guin\u00e9e Diversit\u00e9<\/title>\n<meta name=\"robots\" content=\"index, follow, max-snippet:-1, max-image-preview:large, max-video-preview:-1\" \/>\n<link rel=\"canonical\" href=\"https:\/\/guineediversite.com\/index.php\/2017\/11\/23\/marche-aux-esclaves-libye-rwanda-pret-a-accueillir-30-000-migrants-africains\/\" \/>\n<meta property=\"og:locale\" content=\"fr_FR\" \/>\n<meta property=\"og:type\" content=\"article\" \/>\n<meta property=\"og:title\" content=\"March\u00e9 aux esclaves en Libye : le Rwanda pr\u00eat \u00e0 accueillir 30 000 migrants africains | Guin\u00e9e Diversit\u00e9\" \/>\n<meta property=\"og:description\" content=\"Le Rwanda s&rsquo;est dit pr\u00eat \u00e0 accueillir jusqu&rsquo;\u00e0 30 000 migrants africains vivant dans des conditions inhumaines en Libye, o\u00f9 une r\u00e9cente vente d&rsquo;esclaves noirs \u00e0 suscit\u00e9 l&rsquo;indignation dans le monde. \u00ab Le Rwanda discute actuellement pour voir comment il peut aider \u00e0 accueillir des migrants prisonniers en Libye, a d\u00e9clar\u00e9 ce 22 novembre la [&hellip;]\" \/>\n<meta property=\"og:url\" content=\"https:\/\/guineediversite.com\/index.php\/2017\/11\/23\/marche-aux-esclaves-libye-rwanda-pret-a-accueillir-30-000-migrants-africains\/\" \/>\n<meta property=\"og:site_name\" content=\"Guin\u00e9e Diversit\u00e9\" \/>\n<meta property=\"article:publisher\" content=\"https:\/\/www.facebook.com\/guineediversite\/\" \/>\n<meta property=\"article:published_time\" content=\"2017-11-23T12:48:09+00:00\" \/>\n<meta property=\"og:image\" content=\"https:\/\/guineediversite.com\/wp-content\/uploads\/2017\/11\/sipa_ap21724700_000001-592x296-1511438532.jpg\" \/>\n\t<meta property=\"og:image:width\" content=\"1024\" \/>\n\t<meta property=\"og:image:height\" content=\"512\" \/>\n\t<meta property=\"og:image:type\" content=\"image\/jpeg\" \/>\n<meta name=\"author\" content=\"Guin\u00e9e Diversit\u00e9\" \/>\n<meta name=\"twitter:card\" content=\"summary_large_image\" \/>\n<meta name=\"twitter:creator\" content=\"@GuineeDiversite\" \/>\n<meta name=\"twitter:site\" content=\"@GuineeDiversite\" \/>\n<meta name=\"twitter:label1\" content=\"\u00c9crit par\" \/>\n\t<meta name=\"twitter:data1\" content=\"Guin\u00e9e Diversit\u00e9\" \/>\n\t<meta name=\"twitter:label2\" content=\"Dur\u00e9e de lecture estim\u00e9e\" \/>\n\t<meta name=\"twitter:data2\" content=\"2 minutes\" \/>\n<script type=\"application\/ld+json\" class=\"yoast-schema-graph\">{\"@context\":\"https:\/\/schema.org\",\"@graph\":[{\"@type\":\"Article\",\"@id\":\"https:\/\/guineediversite.com\/index.php\/2017\/11\/23\/marche-aux-esclaves-libye-rwanda-pret-a-accueillir-30-000-migrants-africains\/#article\",\"isPartOf\":{\"@id\":\"https:\/\/guineediversite.com\/index.php\/2017\/11\/23\/marche-aux-esclaves-libye-rwanda-pret-a-accueillir-30-000-migrants-africains\/\"},\"author\":{\"name\":\"Guin\u00e9e Diversit\u00e9\",\"@id\":\"https:\/\/guineediversite.com\/#\/schema\/person\/afa08fb34e7fc6e1feafc892612bc836\"},\"headline\":\"March\u00e9 aux esclaves en Libye : le Rwanda pr\u00eat \u00e0 accueillir 30 000 migrants africains\",\"datePublished\":\"2017-11-23T12:48:09+00:00\",\"dateModified\":\"2017-11-23T12:48:09+00:00\",\"mainEntityOfPage\":{\"@id\":\"https:\/\/guineediversite.com\/index.php\/2017\/11\/23\/marche-aux-esclaves-libye-rwanda-pret-a-accueillir-30-000-migrants-africains\/\"},\"wordCount\":337,\"publisher\":{\"@id\":\"https:\/\/guineediversite.com\/#organization\"},\"image\":{\"@id\":\"https:\/\/guineediversite.com\/index.php\/2017\/11\/23\/marche-aux-esclaves-libye-rwanda-pret-a-accueillir-30-000-migrants-africains\/#primaryimage\"},\"thumbnailUrl\":\"https:\/\/guineediversite.com\/wp-content\/uploads\/2017\/11\/sipa_ap21724700_000001-592x296-1511438532.jpg\",\"keywords\":[\"ESCLAVE LIBYE\"],\"articleSection\":[\"International\"],\"inLanguage\":\"fr-FR\"},{\"@type\":\"WebPage\",\"@id\":\"https:\/\/guineediversite.com\/index.php\/2017\/11\/23\/marche-aux-esclaves-libye-rwanda-pret-a-accueillir-30-000-migrants-africains\/\",\"url\":\"https:\/\/guineediversite.com\/index.php\/2017\/11\/23\/marche-aux-esclaves-libye-rwanda-pret-a-accueillir-30-000-migrants-africains\/\",\"name\":\"March\u00e9 aux esclaves en Libye : le Rwanda pr\u00eat \u00e0 accueillir 30 000 migrants africains | Guin\u00e9e Diversit\u00e9\",\"isPartOf\":{\"@id\":\"https:\/\/guineediversite.com\/#website\"},\"primaryImageOfPage\":{\"@id\":\"https:\/\/guineediversite.com\/index.php\/2017\/11\/23\/marche-aux-esclaves-libye-rwanda-pret-a-accueillir-30-000-migrants-africains\/#primaryimage\"},\"image\":{\"@id\":\"https:\/\/guineediversite.com\/index.php\/2017\/11\/23\/marche-aux-esclaves-libye-rwanda-pret-a-accueillir-30-000-migrants-africains\/#primaryimage\"},\"thumbnailUrl\":\"https:\/\/guineediversite.com\/wp-content\/uploads\/2017\/11\/sipa_ap21724700_000001-592x296-1511438532.jpg\",\"datePublished\":\"2017-11-23T12:48:09+00:00\",\"dateModified\":\"2017-11-23T12:48:09+00:00\",\"breadcrumb\":{\"@id\":\"https:\/\/guineediversite.com\/index.php\/2017\/11\/23\/marche-aux-esclaves-libye-rwanda-pret-a-accueillir-30-000-migrants-africains\/#breadcrumb\"},\"inLanguage\":\"fr-FR\",\"potentialAction\":[{\"@type\":\"ReadAction\",\"target\":[\"https:\/\/guineediversite.com\/index.php\/2017\/11\/23\/marche-aux-esclaves-libye-rwanda-pret-a-accueillir-30-000-migrants-africains\/\"]}]},{\"@type\":\"ImageObject\",\"inLanguage\":\"fr-FR\",\"@id\":\"https:\/\/guineediversite.com\/index.php\/2017\/11\/23\/marche-aux-esclaves-libye-rwanda-pret-a-accueillir-30-000-migrants-africains\/#primaryimage\",\"url\":\"https:\/\/guineediversite.com\/wp-content\/uploads\/2017\/11\/sipa_ap21724700_000001-592x296-1511438532.jpg\",\"contentUrl\":\"https:\/\/guineediversite.com\/wp-content\/uploads\/2017\/11\/sipa_ap21724700_000001-592x296-1511438532.jpg\",\"width\":1024,\"height\":512},{\"@type\":\"BreadcrumbList\",\"@id\":\"https:\/\/guineediversite.com\/index.php\/2017\/11\/23\/marche-aux-esclaves-libye-rwanda-pret-a-accueillir-30-000-migrants-africains\/#breadcrumb\",\"itemListElement\":[{\"@type\":\"ListItem\",\"position\":1,\"name\":\"Accueil\",\"item\":\"https:\/\/guineediversite.com\/\"},{\"@type\":\"ListItem\",\"position\":2,\"name\":\"March\u00e9 aux esclaves en Libye : le Rwanda pr\u00eat \u00e0 accueillir 30 000 migrants africains\"}]},{\"@type\":\"WebSite\",\"@id\":\"https:\/\/guineediversite.com\/#website\",\"url\":\"https:\/\/guineediversite.com\/\",\"name\":\"Guin\u00e9e Diversit\u00e9\",\"description\":\"L&#039;Info dans toute sa diversit\u00e9\",\"publisher\":{\"@id\":\"https:\/\/guineediversite.com\/#organization\"},\"potentialAction\":[{\"@type\":\"SearchAction\",\"target\":{\"@type\":\"EntryPoint\",\"urlTemplate\":\"https:\/\/guineediversite.com\/?s={search_term_string}\"},\"query-input\":{\"@type\":\"PropertyValueSpecification\",\"valueRequired\":true,\"valueName\":\"search_term_string\"}}],\"inLanguage\":\"fr-FR\"},{\"@type\":\"Organization\",\"@id\":\"https:\/\/guineediversite.com\/#organization\",\"name\":\"Guin\u00e9e Diversit\u00e9\",\"url\":\"https:\/\/guineediversite.com\/\",\"logo\":{\"@type\":\"ImageObject\",\"inLanguage\":\"fr-FR\",\"@id\":\"https:\/\/guineediversite.com\/#\/schema\/logo\/image\/\",\"url\":\"https:\/\/guineediversite.com\/wp-content\/uploads\/2017\/04\/cropped-1jojlxEOMkX9Wyqfhe43D6kjPOGqBBKmx3EwWJqZ0cMrFF54yM49.png\",\"contentUrl\":\"https:\/\/guineediversite.com\/wp-content\/uploads\/2017\/04\/cropped-1jojlxEOMkX9Wyqfhe43D6kjPOGqBBKmx3EwWJqZ0cMrFF54yM49.png\",\"width\":186,\"height\":112,\"caption\":\"Guin\u00e9e Diversit\u00e9\"},\"image\":{\"@id\":\"https:\/\/guineediversite.com\/#\/schema\/logo\/image\/\"},\"sameAs\":[\"https:\/\/www.facebook.com\/guineediversite\/\",\"https:\/\/x.com\/GuineeDiversite\",\"https:\/\/www.youtube.com\/channel\/UC8sUY16qelG5ge6_D5SB83g\"]},{\"@type\":\"Person\",\"@id\":\"https:\/\/guineediversite.com\/#\/schema\/person\/afa08fb34e7fc6e1feafc892612bc836\",\"name\":\"Guin\u00e9e Diversit\u00e9\",\"image\":{\"@type\":\"ImageObject\",\"inLanguage\":\"fr-FR\",\"@id\":\"https:\/\/guineediversite.com\/#\/schema\/person\/image\/\",\"url\":\"https:\/\/secure.gravatar.com\/avatar\/50d5eb5b390f8b65ac30ac6f898eb83a?s=96&d=mm&r=g\",\"contentUrl\":\"https:\/\/secure.gravatar.com\/avatar\/50d5eb5b390f8b65ac30ac6f898eb83a?s=96&d=mm&r=g\",\"caption\":\"Guin\u00e9e Diversit\u00e9\"},\"url\":\"https:\/\/guineediversite.com\/index.php\/author\/guineediversite\/\"}]}<\/script>\n<!-- \/ Yoast SEO plugin. -->","yoast_head_json":{"title":"March\u00e9 aux esclaves en Libye : le Rwanda pr\u00eat \u00e0 accueillir 30 000 migrants africains | Guin\u00e9e Diversit\u00e9","robots":{"index":"index","follow":"follow","max-snippet":"max-snippet:-1","max-image-preview":"max-image-preview:large","max-video-preview":"max-video-preview:-1"},"canonical":"https:\/\/guineediversite.com\/index.php\/2017\/11\/23\/marche-aux-esclaves-libye-rwanda-pret-a-accueillir-30-000-migrants-africains\/","og_locale":"fr_FR","og_type":"article","og_title":"March\u00e9 aux esclaves en Libye : le Rwanda pr\u00eat \u00e0 accueillir 30 000 migrants africains | Guin\u00e9e Diversit\u00e9","og_description":"Le Rwanda s&rsquo;est dit pr\u00eat \u00e0 accueillir jusqu&rsquo;\u00e0 30 000 migrants africains vivant dans des conditions inhumaines en Libye, o\u00f9 une r\u00e9cente vente d&rsquo;esclaves noirs \u00e0 suscit\u00e9 l&rsquo;indignation dans le monde. \u00ab Le Rwanda discute actuellement pour voir comment il peut aider \u00e0 accueillir des migrants prisonniers en Libye, a d\u00e9clar\u00e9 ce 22 novembre la [&hellip;]","og_url":"https:\/\/guineediversite.com\/index.php\/2017\/11\/23\/marche-aux-esclaves-libye-rwanda-pret-a-accueillir-30-000-migrants-africains\/","og_site_name":"Guin\u00e9e Diversit\u00e9","article_publisher":"https:\/\/www.facebook.com\/guineediversite\/","article_published_time":"2017-11-23T12:48:09+00:00","og_image":[{"width":1024,"height":512,"url":"https:\/\/guineediversite.com\/wp-content\/uploads\/2017\/11\/sipa_ap21724700_000001-592x296-1511438532.jpg","type":"image\/jpeg"}],"author":"Guin\u00e9e Diversit\u00e9","twitter_card":"summary_large_image","twitter_creator":"@GuineeDiversite","twitter_site":"@GuineeDiversite","twitter_misc":{"\u00c9crit par":"Guin\u00e9e Diversit\u00e9","Dur\u00e9e de lecture estim\u00e9e":"2 minutes"},"schema":{"@context":"https:\/\/schema.org","@graph":[{"@type":"Article","@id":"https:\/\/guineediversite.com\/index.php\/2017\/11\/23\/marche-aux-esclaves-libye-rwanda-pret-a-accueillir-30-000-migrants-africains\/#article","isPartOf":{"@id":"https:\/\/guineediversite.com\/index.php\/2017\/11\/23\/marche-aux-esclaves-libye-rwanda-pret-a-accueillir-30-000-migrants-africains\/"},"author":{"name":"Guin\u00e9e Diversit\u00e9","@id":"https:\/\/guineediversite.com\/#\/schema\/person\/afa08fb34e7fc6e1feafc892612bc836"},"headline":"March\u00e9 aux esclaves en Libye : le Rwanda pr\u00eat \u00e0 accueillir 30 000 migrants africains","datePublished":"2017-11-23T12:48:09+00:00","dateModified":"2017-11-23T12:48:09+00:00","mainEntityOfPage":{"@id":"https:\/\/guineediversite.com\/index.php\/2017\/11\/23\/marche-aux-esclaves-libye-rwanda-pret-a-accueillir-30-000-migrants-africains\/"},"wordCount":337,"publisher":{"@id":"https:\/\/guineediversite.com\/#organization"},"image":{"@id":"https:\/\/guineediversite.com\/index.php\/2017\/11\/23\/marche-aux-esclaves-libye-rwanda-pret-a-accueillir-30-000-migrants-africains\/#primaryimage"},"thumbnailUrl":"https:\/\/guineediversite.com\/wp-content\/uploads\/2017\/11\/sipa_ap21724700_000001-592x296-1511438532.jpg","keywords":["ESCLAVE LIBYE"],"articleSection":["International"],"inLanguage":"fr-FR"},{"@type":"WebPage","@id":"https:\/\/guineediversite.com\/index.php\/2017\/11\/23\/marche-aux-esclaves-libye-rwanda-pret-a-accueillir-30-000-migrants-africains\/","url":"https:\/\/guineediversite.com\/index.php\/2017\/11\/23\/marche-aux-esclaves-libye-rwanda-pret-a-accueillir-30-000-migrants-africains\/","name":"March\u00e9 aux esclaves en Libye : le Rwanda pr\u00eat \u00e0 accueillir 30 000 migrants africains | Guin\u00e9e Diversit\u00e9","isPartOf":{"@id":"https:\/\/guineediversite.com\/#website"},"primaryImageOfPage":{"@id":"https:\/\/guineediversite.com\/index.php\/2017\/11\/23\/marche-aux-esclaves-libye-rwanda-pret-a-accueillir-30-000-migrants-africains\/#primaryimage"},"image":{"@id":"https:\/\/guineediversite.com\/index.php\/2017\/11\/23\/marche-aux-esclaves-libye-rwanda-pret-a-accueillir-30-000-migrants-africains\/#primaryimage"},"thumbnailUrl":"https:\/\/guineediversite.com\/wp-content\/uploads\/2017\/11\/sipa_ap21724700_000001-592x296-1511438532.jpg","datePublished":"2017-11-23T12:48:09+00:00","dateModified":"2017-11-23T12:48:09+00:00","breadcrumb":{"@id":"https:\/\/guineediversite.com\/index.php\/2017\/11\/23\/marche-aux-esclaves-libye-rwanda-pret-a-accueillir-30-000-migrants-africains\/#breadcrumb"},"inLanguage":"fr-FR","potentialAction":[{"@type":"ReadAction","target":["https:\/\/guineediversite.com\/index.php\/2017\/11\/23\/marche-aux-esclaves-libye-rwanda-pret-a-accueillir-30-000-migrants-africains\/"]}]},{"@type":"ImageObject","inLanguage":"fr-FR","@id":"https:\/\/guineediversite.com\/index.php\/2017\/11\/23\/marche-aux-esclaves-libye-rwanda-pret-a-accueillir-30-000-migrants-africains\/#primaryimage","url":"https:\/\/guineediversite.com\/wp-content\/uploads\/2017\/11\/sipa_ap21724700_000001-592x296-1511438532.jpg","contentUrl":"https:\/\/guineediversite.com\/wp-content\/uploads\/2017\/11\/sipa_ap21724700_000001-592x296-1511438532.jpg","width":1024,"height":512},{"@type":"BreadcrumbList","@id":"https:\/\/guineediversite.com\/index.php\/2017\/11\/23\/marche-aux-esclaves-libye-rwanda-pret-a-accueillir-30-000-migrants-africains\/#breadcrumb","itemListElement":[{"@type":"ListItem","position":1,"name":"Accueil","item":"https:\/\/guineediversite.com\/"},{"@type":"ListItem","position":2,"name":"March\u00e9 aux esclaves en Libye : le Rwanda pr\u00eat \u00e0 accueillir 30 000 migrants africains"}]},{"@type":"WebSite","@id":"https:\/\/guineediversite.com\/#website","url":"https:\/\/guineediversite.com\/","name":"Guin\u00e9e Diversit\u00e9","description":"L&#039;Info dans toute sa diversit\u00e9","publisher":{"@id":"https:\/\/guineediversite.com\/#organization"},"potentialAction":[{"@type":"SearchAction","target":{"@type":"EntryPoint","urlTemplate":"https:\/\/guineediversite.com\/?s={search_term_string}"},"query-input":{"@type":"PropertyValueSpecification","valueRequired":true,"valueName":"search_term_string"}}],"inLanguage":"fr-FR"},{"@type":"Organization","@id":"https:\/\/guineediversite.com\/#organization","name":"Guin\u00e9e Diversit\u00e9","url":"https:\/\/guineediversite.com\/","logo":{"@type":"ImageObject","inLanguage":"fr-FR","@id":"https:\/\/guineediversite.com\/#\/schema\/logo\/image\/","url":"https:\/\/guineediversite.com\/wp-content\/uploads\/2017\/04\/cropped-1jojlxEOMkX9Wyqfhe43D6kjPOGqBBKmx3EwWJqZ0cMrFF54yM49.png","contentUrl":"https:\/\/guineediversite.com\/wp-content\/uploads\/2017\/04\/cropped-1jojlxEOMkX9Wyqfhe43D6kjPOGqBBKmx3EwWJqZ0cMrFF54yM49.png","width":186,"height":112,"caption":"Guin\u00e9e Diversit\u00e9"},"image":{"@id":"https:\/\/guineediversite.com\/#\/schema\/logo\/image\/"},"sameAs":["https:\/\/www.facebook.com\/guineediversite\/","https:\/\/x.com\/GuineeDiversite","https:\/\/www.youtube.com\/channel\/UC8sUY16qelG5ge6_D5SB83g"]},{"@type":"Person","@id":"https:\/\/guineediversite.com\/#\/schema\/person\/afa08fb34e7fc6e1feafc892612bc836","name":"Guin\u00e9e Diversit\u00e9","image":{"@type":"ImageObject","inLanguage":"fr-FR","@id":"https:\/\/guineediversite.com\/#\/schema\/person\/image\/","url":"https:\/\/secure.gravatar.com\/avatar\/50d5eb5b390f8b65ac30ac6f898eb83a?s=96&d=mm&r=g","contentUrl":"https:\/\/secure.gravatar.com\/avatar\/50d5eb5b390f8b65ac30ac6f898eb83a?s=96&d=mm&r=g","caption":"Guin\u00e9e Diversit\u00e9"},"url":"https:\/\/guineediversite.com\/index.php\/author\/guineediversite\/"}]}},"_links":{"self":[{"href":"https:\/\/guineediversite.com\/index.php\/wp-json\/wp\/v2\/posts\/23029"}],"collection":[{"href":"https:\/\/guineediversite.com\/index.php\/wp-json\/wp\/v2\/posts"}],"about":[{"href":"https:\/\/guineediversite.com\/index.php\/wp-json\/wp\/v2\/types\/post"}],"author":[{"embeddable":true,"href":"https:\/\/guineediversite.com\/index.php\/wp-json\/wp\/v2\/users\/12"}],"replies":[{"embeddable":true,"href":"https:\/\/guineediversite.com\/index.php\/wp-json\/wp\/v2\/comments?post=23029"}],"version-history":[{"count":0,"href":"https:\/\/guineediversite.com\/index.php\/wp-json\/wp\/v2\/posts\/23029\/revisions"}],"wp:featuredmedia":[{"embeddable":true,"href":"https:\/\/guineediversite.com\/index.php\/wp-json\/wp\/v2\/media\/23030"}],"wp:attachment":[{"href":"https:\/\/guineediversite.com\/index.php\/wp-json\/wp\/v2\/media?parent=23029"}],"wp:term":[{"taxonomy":"category","embeddable":true,"href":"https:\/\/guineediversite.com\/index.php\/wp-json\/wp\/v2\/categories?post=23029"},{"taxonomy":"post_tag","embeddable":true,"href":"https:\/\/guineediversite.com\/index.php\/wp-json\/wp\/v2\/tags?post=23029"}],"curies":[{"name":"wp","href":"https:\/\/api.w.org\/{rel}","templated":true}]}}