{"id":23013,"date":"2017-11-23T00:13:39","date_gmt":"2017-11-22T23:13:39","guid":{"rendered":"https:\/\/guineediversite.com\/?p=23013"},"modified":"2017-11-23T00:13:39","modified_gmt":"2017-11-22T23:13:39","slug":"greve-enseignants-kindia-danse","status":"publish","type":"post","link":"https:\/\/guineediversite.com\/index.php\/2017\/11\/23\/greve-enseignants-kindia-danse\/","title":{"rendered":"Gr\u00e8ve des enseignants :\u00a0Kindia\u00a0aussi dans la danse"},"content":{"rendered":"<p><strong><span id=\"p2\">Les enseignants de\u00a0<span id=\"46\" class=\"s-rg-t\">Kindia<\/span>\u00a0veulent \u00eatre sur la m\u00eame longueur d&rsquo;onde que ceux de Conakry et des autres villes du Pays.<\/span><span id=\"p3\">\u00a0Ils ont tenu une r\u00e9union mardi 21 novembre 2017 au cours de laquelle ils ont d\u00e9cid\u00e9 de d\u00e9clencher la gr\u00e8ve \u00e0\u00a0<span id=\"66\" class=\"s-rg-t\">Kindia<\/span>\u00a0ce mercredi 22 novembre 2017.<\/span><span id=\"p4\">\u00a0<\/span><\/strong><\/p>\n<p><span id=\"p5\">L&rsquo; appel \u00e0 la gr\u00e8ve a \u00e9t\u00e9 suivi aujourd&rsquo;hui malgr\u00e9 la tentative des autorit\u00e9s \u00e9ducatives de l&rsquo;interdire.<\/span><span id=\"p6\">\u00a0Mercredi, les \u00e9coles ont ferm\u00e9 leurs portes.<\/span><span id=\"p7\">\u00a0Certains \u00e9l\u00e8ves sont all\u00e9s jeter des pierres au coll\u00e8ge\u00a0<span id=\"74\" class=\"s-rg-t\">Sarakoleah<\/span>\u00a0et le lyc\u00e9e\u00a0franco-arabe\u00a0pour faire sortir les \u00e9l\u00e8ves.<br \/>\n<\/span><br \/>\n<span id=\"p8\">\u00c0\u00a0la veille, les responsables de l&rsquo;\u00e9ducation de\u00a0<span id=\"77\" class=\"s-rg-t\">Kindia<\/span>\u00a0ont invit\u00e9 les parents d&rsquo;\u00e9l\u00e8ves \u00e0 laisser leurs enfants aller \u00e0 l&rsquo;\u00e9cole en les assurant que toutes les mesures de s\u00e9curit\u00e9 sont prises.<\/span><span id=\"p9\">\u00a0<\/span><br \/>\n<span id=\"p78\">Ils ont aussi menac\u00e9 les enseignants qui ne se rendront pas \u00e0 l&rsquo;\u00e9cole pour dispenser les cours tout en arguant le caract\u00e8re ill\u00e9gal de cette gr\u00e8ve.<br \/>\n<\/span><br \/>\n<span id=\"p11\">Le secr\u00e9taire g\u00e9n\u00e9ral du syndicat libre des enseignants et chercheurs libres de guin\u00e9e, Oumar\u00a0<span id=\"42\" class=\"s-rg-t\">Tounkara<\/span>\u00a0a demand\u00e9 les enseignants de respecter le mot d&rsquo;ordre de gr\u00e8ve.<\/span><span id=\"p12\">\u00a0Il a exhort\u00e9 ses pairs \u00e0 rester \u00e0 la maison jusqu&rsquo;\u00e0 la satisfaction de leurs revendications.<\/span><span id=\"p13\">\u00a0\u00ab <em>Nous ne nous battons pas pour les int\u00e9r\u00eats personnels.<\/em><\/span><em><span id=\"p14\">\u00a0Nous nous battons pour le bonheur de tous les enseignants.<\/span><\/em><span id=\"p15\"><em>\u00a0Nous nous battons pour l&rsquo;am\u00e9lioration de nos conditions de vie et de travail \u00bb,<\/em> a d\u00e9clar\u00e9 Oumar\u00a0<span id=\"43\" class=\"s-rg-t\">Tounkara<\/span>.<br \/>\n<\/span><br \/>\n<span id=\"p16\">Cette gr\u00e8ve banalis\u00e9e par le gouvernement guin\u00e9en gagne du terrain.<\/span><span id=\"p17\">\u00a0Plusieurs personnes accusent les syndicalistes d&rsquo;\u00eatre les instigateurs de troubles dans la cit\u00e9.<\/span><span id=\"p18\">\u00a0Ces derniers affirment qu&rsquo;ils r\u00e9clament leurs droits et que cela n&rsquo;a rien \u00e0 voir avec la politique.<\/span><\/p>\n","protected":false},"excerpt":{"rendered":"<p>Les enseignants de\u00a0Kindia\u00a0veulent \u00eatre sur la m\u00eame longueur d&rsquo;onde que ceux de Conakry et des autres villes du Pays.\u00a0Ils ont tenu une r\u00e9union mardi 21 novembre 2017 au cours de laquelle ils ont d\u00e9cid\u00e9 de d\u00e9clencher la gr\u00e8ve \u00e0\u00a0Kindia\u00a0ce mercredi 22 novembre 2017.\u00a0 L&rsquo; appel \u00e0 la gr\u00e8ve a \u00e9t\u00e9 suivi aujourd&rsquo;hui malgr\u00e9 la tentative [&hellip;]<\/p>\n","protected":false},"author":15,"featured_media":23014,"comment_status":"closed","ping_status":"closed","sticky":false,"template":"","format":"standard","meta":{"_exactmetrics_skip_tracking":false,"_exactmetrics_sitenote_active":false,"_exactmetrics_sitenote_note":"","_exactmetrics_sitenote_category":0,"tdm_status":"","tdm_grid_status":"","footnotes":""},"categories":[16],"tags":[],"class_list":{"0":"post-23013","1":"post","2":"type-post","3":"status-publish","4":"format-standard","5":"has-post-thumbnail","7":"category-societe"},"yoast_head":"<!-- This site is optimized with the Yoast SEO plugin v24.2 - https:\/\/yoast.com\/wordpress\/plugins\/seo\/ -->\n<title>Gr\u00e8ve des enseignants :\u00a0Kindia\u00a0aussi dans la danse | Guin\u00e9e Diversit\u00e9<\/title>\n<meta name=\"robots\" content=\"index, follow, max-snippet:-1, max-image-preview:large, max-video-preview:-1\" \/>\n<link rel=\"canonical\" href=\"https:\/\/guineediversite.com\/index.php\/2017\/11\/23\/greve-enseignants-kindia-danse\/\" \/>\n<meta property=\"og:locale\" content=\"fr_FR\" \/>\n<meta property=\"og:type\" content=\"article\" \/>\n<meta property=\"og:title\" content=\"Gr\u00e8ve des enseignants :\u00a0Kindia\u00a0aussi dans la danse | Guin\u00e9e Diversit\u00e9\" \/>\n<meta property=\"og:description\" content=\"Les enseignants de\u00a0Kindia\u00a0veulent \u00eatre sur la m\u00eame longueur d&rsquo;onde que ceux de Conakry et des autres villes du Pays.\u00a0Ils ont tenu une r\u00e9union mardi 21 novembre 2017 au cours de laquelle ils ont d\u00e9cid\u00e9 de d\u00e9clencher la gr\u00e8ve \u00e0\u00a0Kindia\u00a0ce mercredi 22 novembre 2017.\u00a0 L&rsquo; appel \u00e0 la gr\u00e8ve a \u00e9t\u00e9 suivi aujourd&rsquo;hui malgr\u00e9 la tentative [&hellip;]\" \/>\n<meta property=\"og:url\" content=\"https:\/\/guineediversite.com\/index.php\/2017\/11\/23\/greve-enseignants-kindia-danse\/\" \/>\n<meta property=\"og:site_name\" content=\"Guin\u00e9e Diversit\u00e9\" \/>\n<meta property=\"article:publisher\" content=\"https:\/\/www.facebook.com\/guineediversite\/\" \/>\n<meta property=\"article:published_time\" content=\"2017-11-22T23:13:39+00:00\" \/>\n<meta property=\"og:image\" content=\"https:\/\/guineediversite.com\/wp-content\/uploads\/2017\/11\/ECOLE.jpg\" \/>\n\t<meta property=\"og:image:width\" content=\"3264\" \/>\n\t<meta property=\"og:image:height\" content=\"1836\" \/>\n\t<meta property=\"og:image:type\" content=\"image\/jpeg\" \/>\n<meta name=\"author\" content=\"Ibrahima Sory Traor\u00e9\" \/>\n<meta name=\"twitter:card\" content=\"summary_large_image\" \/>\n<meta name=\"twitter:creator\" content=\"@GuineeDiversite\" \/>\n<meta name=\"twitter:site\" content=\"@GuineeDiversite\" \/>\n<meta name=\"twitter:label1\" content=\"\u00c9crit par\" \/>\n\t<meta name=\"twitter:data1\" content=\"Ibrahima Sory Traor\u00e9\" \/>\n\t<meta name=\"twitter:label2\" content=\"Dur\u00e9e de lecture estim\u00e9e\" \/>\n\t<meta name=\"twitter:data2\" content=\"1 minute\" \/>\n<script type=\"application\/ld+json\" class=\"yoast-schema-graph\">{\"@context\":\"https:\/\/schema.org\",\"@graph\":[{\"@type\":\"Article\",\"@id\":\"https:\/\/guineediversite.com\/index.php\/2017\/11\/23\/greve-enseignants-kindia-danse\/#article\",\"isPartOf\":{\"@id\":\"https:\/\/guineediversite.com\/index.php\/2017\/11\/23\/greve-enseignants-kindia-danse\/\"},\"author\":{\"name\":\"Ibrahima Sory Traor\u00e9\",\"@id\":\"https:\/\/guineediversite.com\/#\/schema\/person\/6aed6f5eb17d6b9f9afeb7ca914370c7\"},\"headline\":\"Gr\u00e8ve des enseignants :\u00a0Kindia\u00a0aussi dans la danse\",\"datePublished\":\"2017-11-22T23:13:39+00:00\",\"dateModified\":\"2017-11-22T23:13:39+00:00\",\"mainEntityOfPage\":{\"@id\":\"https:\/\/guineediversite.com\/index.php\/2017\/11\/23\/greve-enseignants-kindia-danse\/\"},\"wordCount\":305,\"publisher\":{\"@id\":\"https:\/\/guineediversite.com\/#organization\"},\"image\":{\"@id\":\"https:\/\/guineediversite.com\/index.php\/2017\/11\/23\/greve-enseignants-kindia-danse\/#primaryimage\"},\"thumbnailUrl\":\"https:\/\/guineediversite.com\/wp-content\/uploads\/2017\/11\/ECOLE.jpg\",\"articleSection\":[\"Soci\u00e9t\u00e9\"],\"inLanguage\":\"fr-FR\"},{\"@type\":\"WebPage\",\"@id\":\"https:\/\/guineediversite.com\/index.php\/2017\/11\/23\/greve-enseignants-kindia-danse\/\",\"url\":\"https:\/\/guineediversite.com\/index.php\/2017\/11\/23\/greve-enseignants-kindia-danse\/\",\"name\":\"Gr\u00e8ve des enseignants :\u00a0Kindia\u00a0aussi dans la danse | Guin\u00e9e Diversit\u00e9\",\"isPartOf\":{\"@id\":\"https:\/\/guineediversite.com\/#website\"},\"primaryImageOfPage\":{\"@id\":\"https:\/\/guineediversite.com\/index.php\/2017\/11\/23\/greve-enseignants-kindia-danse\/#primaryimage\"},\"image\":{\"@id\":\"https:\/\/guineediversite.com\/index.php\/2017\/11\/23\/greve-enseignants-kindia-danse\/#primaryimage\"},\"thumbnailUrl\":\"https:\/\/guineediversite.com\/wp-content\/uploads\/2017\/11\/ECOLE.jpg\",\"datePublished\":\"2017-11-22T23:13:39+00:00\",\"dateModified\":\"2017-11-22T23:13:39+00:00\",\"breadcrumb\":{\"@id\":\"https:\/\/guineediversite.com\/index.php\/2017\/11\/23\/greve-enseignants-kindia-danse\/#breadcrumb\"},\"inLanguage\":\"fr-FR\",\"potentialAction\":[{\"@type\":\"ReadAction\",\"target\":[\"https:\/\/guineediversite.com\/index.php\/2017\/11\/23\/greve-enseignants-kindia-danse\/\"]}]},{\"@type\":\"ImageObject\",\"inLanguage\":\"fr-FR\",\"@id\":\"https:\/\/guineediversite.com\/index.php\/2017\/11\/23\/greve-enseignants-kindia-danse\/#primaryimage\",\"url\":\"https:\/\/guineediversite.com\/wp-content\/uploads\/2017\/11\/ECOLE.jpg\",\"contentUrl\":\"https:\/\/guineediversite.com\/wp-content\/uploads\/2017\/11\/ECOLE.jpg\",\"width\":3264,\"height\":1836,\"caption\":\"?\"},{\"@type\":\"BreadcrumbList\",\"@id\":\"https:\/\/guineediversite.com\/index.php\/2017\/11\/23\/greve-enseignants-kindia-danse\/#breadcrumb\",\"itemListElement\":[{\"@type\":\"ListItem\",\"position\":1,\"name\":\"Accueil\",\"item\":\"https:\/\/guineediversite.com\/\"},{\"@type\":\"ListItem\",\"position\":2,\"name\":\"Gr\u00e8ve des enseignants :\u00a0Kindia\u00a0aussi dans la danse\"}]},{\"@type\":\"WebSite\",\"@id\":\"https:\/\/guineediversite.com\/#website\",\"url\":\"https:\/\/guineediversite.com\/\",\"name\":\"Guin\u00e9e Diversit\u00e9\",\"description\":\"L&#039;Info dans toute sa diversit\u00e9\",\"publisher\":{\"@id\":\"https:\/\/guineediversite.com\/#organization\"},\"potentialAction\":[{\"@type\":\"SearchAction\",\"target\":{\"@type\":\"EntryPoint\",\"urlTemplate\":\"https:\/\/guineediversite.com\/?s={search_term_string}\"},\"query-input\":{\"@type\":\"PropertyValueSpecification\",\"valueRequired\":true,\"valueName\":\"search_term_string\"}}],\"inLanguage\":\"fr-FR\"},{\"@type\":\"Organization\",\"@id\":\"https:\/\/guineediversite.com\/#organization\",\"name\":\"Guin\u00e9e Diversit\u00e9\",\"url\":\"https:\/\/guineediversite.com\/\",\"logo\":{\"@type\":\"ImageObject\",\"inLanguage\":\"fr-FR\",\"@id\":\"https:\/\/guineediversite.com\/#\/schema\/logo\/image\/\",\"url\":\"https:\/\/guineediversite.com\/wp-content\/uploads\/2017\/04\/cropped-1jojlxEOMkX9Wyqfhe43D6kjPOGqBBKmx3EwWJqZ0cMrFF54yM49.png\",\"contentUrl\":\"https:\/\/guineediversite.com\/wp-content\/uploads\/2017\/04\/cropped-1jojlxEOMkX9Wyqfhe43D6kjPOGqBBKmx3EwWJqZ0cMrFF54yM49.png\",\"width\":186,\"height\":112,\"caption\":\"Guin\u00e9e Diversit\u00e9\"},\"image\":{\"@id\":\"https:\/\/guineediversite.com\/#\/schema\/logo\/image\/\"},\"sameAs\":[\"https:\/\/www.facebook.com\/guineediversite\/\",\"https:\/\/x.com\/GuineeDiversite\",\"https:\/\/www.youtube.com\/channel\/UC8sUY16qelG5ge6_D5SB83g\"]},{\"@type\":\"Person\",\"@id\":\"https:\/\/guineediversite.com\/#\/schema\/person\/6aed6f5eb17d6b9f9afeb7ca914370c7\",\"name\":\"Ibrahima Sory Traor\u00e9\",\"image\":{\"@type\":\"ImageObject\",\"inLanguage\":\"fr-FR\",\"@id\":\"https:\/\/guineediversite.com\/#\/schema\/person\/image\/\",\"url\":\"https:\/\/secure.gravatar.com\/avatar\/51156bdc75af4a2c26800dc367e55341?s=96&d=mm&r=g\",\"contentUrl\":\"https:\/\/secure.gravatar.com\/avatar\/51156bdc75af4a2c26800dc367e55341?s=96&d=mm&r=g\",\"caption\":\"Ibrahima Sory Traor\u00e9\"},\"url\":\"https:\/\/guineediversite.com\/index.php\/author\/ibrahima\/\"}]}<\/script>\n<!-- \/ Yoast SEO plugin. -->","yoast_head_json":{"title":"Gr\u00e8ve des enseignants :\u00a0Kindia\u00a0aussi dans la danse | Guin\u00e9e Diversit\u00e9","robots":{"index":"index","follow":"follow","max-snippet":"max-snippet:-1","max-image-preview":"max-image-preview:large","max-video-preview":"max-video-preview:-1"},"canonical":"https:\/\/guineediversite.com\/index.php\/2017\/11\/23\/greve-enseignants-kindia-danse\/","og_locale":"fr_FR","og_type":"article","og_title":"Gr\u00e8ve des enseignants :\u00a0Kindia\u00a0aussi dans la danse | Guin\u00e9e Diversit\u00e9","og_description":"Les enseignants de\u00a0Kindia\u00a0veulent \u00eatre sur la m\u00eame longueur d&rsquo;onde que ceux de Conakry et des autres villes du Pays.\u00a0Ils ont tenu une r\u00e9union mardi 21 novembre 2017 au cours de laquelle ils ont d\u00e9cid\u00e9 de d\u00e9clencher la gr\u00e8ve \u00e0\u00a0Kindia\u00a0ce mercredi 22 novembre 2017.\u00a0 L&rsquo; appel \u00e0 la gr\u00e8ve a \u00e9t\u00e9 suivi aujourd&rsquo;hui malgr\u00e9 la tentative [&hellip;]","og_url":"https:\/\/guineediversite.com\/index.php\/2017\/11\/23\/greve-enseignants-kindia-danse\/","og_site_name":"Guin\u00e9e Diversit\u00e9","article_publisher":"https:\/\/www.facebook.com\/guineediversite\/","article_published_time":"2017-11-22T23:13:39+00:00","og_image":[{"width":3264,"height":1836,"url":"https:\/\/guineediversite.com\/wp-content\/uploads\/2017\/11\/ECOLE.jpg","type":"image\/jpeg"}],"author":"Ibrahima Sory Traor\u00e9","twitter_card":"summary_large_image","twitter_creator":"@GuineeDiversite","twitter_site":"@GuineeDiversite","twitter_misc":{"\u00c9crit par":"Ibrahima Sory Traor\u00e9","Dur\u00e9e de lecture estim\u00e9e":"1 minute"},"schema":{"@context":"https:\/\/schema.org","@graph":[{"@type":"Article","@id":"https:\/\/guineediversite.com\/index.php\/2017\/11\/23\/greve-enseignants-kindia-danse\/#article","isPartOf":{"@id":"https:\/\/guineediversite.com\/index.php\/2017\/11\/23\/greve-enseignants-kindia-danse\/"},"author":{"name":"Ibrahima Sory Traor\u00e9","@id":"https:\/\/guineediversite.com\/#\/schema\/person\/6aed6f5eb17d6b9f9afeb7ca914370c7"},"headline":"Gr\u00e8ve des enseignants :\u00a0Kindia\u00a0aussi dans la danse","datePublished":"2017-11-22T23:13:39+00:00","dateModified":"2017-11-22T23:13:39+00:00","mainEntityOfPage":{"@id":"https:\/\/guineediversite.com\/index.php\/2017\/11\/23\/greve-enseignants-kindia-danse\/"},"wordCount":305,"publisher":{"@id":"https:\/\/guineediversite.com\/#organization"},"image":{"@id":"https:\/\/guineediversite.com\/index.php\/2017\/11\/23\/greve-enseignants-kindia-danse\/#primaryimage"},"thumbnailUrl":"https:\/\/guineediversite.com\/wp-content\/uploads\/2017\/11\/ECOLE.jpg","articleSection":["Soci\u00e9t\u00e9"],"inLanguage":"fr-FR"},{"@type":"WebPage","@id":"https:\/\/guineediversite.com\/index.php\/2017\/11\/23\/greve-enseignants-kindia-danse\/","url":"https:\/\/guineediversite.com\/index.php\/2017\/11\/23\/greve-enseignants-kindia-danse\/","name":"Gr\u00e8ve des enseignants :\u00a0Kindia\u00a0aussi dans la danse | Guin\u00e9e Diversit\u00e9","isPartOf":{"@id":"https:\/\/guineediversite.com\/#website"},"primaryImageOfPage":{"@id":"https:\/\/guineediversite.com\/index.php\/2017\/11\/23\/greve-enseignants-kindia-danse\/#primaryimage"},"image":{"@id":"https:\/\/guineediversite.com\/index.php\/2017\/11\/23\/greve-enseignants-kindia-danse\/#primaryimage"},"thumbnailUrl":"https:\/\/guineediversite.com\/wp-content\/uploads\/2017\/11\/ECOLE.jpg","datePublished":"2017-11-22T23:13:39+00:00","dateModified":"2017-11-22T23:13:39+00:00","breadcrumb":{"@id":"https:\/\/guineediversite.com\/index.php\/2017\/11\/23\/greve-enseignants-kindia-danse\/#breadcrumb"},"inLanguage":"fr-FR","potentialAction":[{"@type":"ReadAction","target":["https:\/\/guineediversite.com\/index.php\/2017\/11\/23\/greve-enseignants-kindia-danse\/"]}]},{"@type":"ImageObject","inLanguage":"fr-FR","@id":"https:\/\/guineediversite.com\/index.php\/2017\/11\/23\/greve-enseignants-kindia-danse\/#primaryimage","url":"https:\/\/guineediversite.com\/wp-content\/uploads\/2017\/11\/ECOLE.jpg","contentUrl":"https:\/\/guineediversite.com\/wp-content\/uploads\/2017\/11\/ECOLE.jpg","width":3264,"height":1836,"caption":"?"},{"@type":"BreadcrumbList","@id":"https:\/\/guineediversite.com\/index.php\/2017\/11\/23\/greve-enseignants-kindia-danse\/#breadcrumb","itemListElement":[{"@type":"ListItem","position":1,"name":"Accueil","item":"https:\/\/guineediversite.com\/"},{"@type":"ListItem","position":2,"name":"Gr\u00e8ve des enseignants :\u00a0Kindia\u00a0aussi dans la danse"}]},{"@type":"WebSite","@id":"https:\/\/guineediversite.com\/#website","url":"https:\/\/guineediversite.com\/","name":"Guin\u00e9e Diversit\u00e9","description":"L&#039;Info dans toute sa diversit\u00e9","publisher":{"@id":"https:\/\/guineediversite.com\/#organization"},"potentialAction":[{"@type":"SearchAction","target":{"@type":"EntryPoint","urlTemplate":"https:\/\/guineediversite.com\/?s={search_term_string}"},"query-input":{"@type":"PropertyValueSpecification","valueRequired":true,"valueName":"search_term_string"}}],"inLanguage":"fr-FR"},{"@type":"Organization","@id":"https:\/\/guineediversite.com\/#organization","name":"Guin\u00e9e Diversit\u00e9","url":"https:\/\/guineediversite.com\/","logo":{"@type":"ImageObject","inLanguage":"fr-FR","@id":"https:\/\/guineediversite.com\/#\/schema\/logo\/image\/","url":"https:\/\/guineediversite.com\/wp-content\/uploads\/2017\/04\/cropped-1jojlxEOMkX9Wyqfhe43D6kjPOGqBBKmx3EwWJqZ0cMrFF54yM49.png","contentUrl":"https:\/\/guineediversite.com\/wp-content\/uploads\/2017\/04\/cropped-1jojlxEOMkX9Wyqfhe43D6kjPOGqBBKmx3EwWJqZ0cMrFF54yM49.png","width":186,"height":112,"caption":"Guin\u00e9e Diversit\u00e9"},"image":{"@id":"https:\/\/guineediversite.com\/#\/schema\/logo\/image\/"},"sameAs":["https:\/\/www.facebook.com\/guineediversite\/","https:\/\/x.com\/GuineeDiversite","https:\/\/www.youtube.com\/channel\/UC8sUY16qelG5ge6_D5SB83g"]},{"@type":"Person","@id":"https:\/\/guineediversite.com\/#\/schema\/person\/6aed6f5eb17d6b9f9afeb7ca914370c7","name":"Ibrahima Sory Traor\u00e9","image":{"@type":"ImageObject","inLanguage":"fr-FR","@id":"https:\/\/guineediversite.com\/#\/schema\/person\/image\/","url":"https:\/\/secure.gravatar.com\/avatar\/51156bdc75af4a2c26800dc367e55341?s=96&d=mm&r=g","contentUrl":"https:\/\/secure.gravatar.com\/avatar\/51156bdc75af4a2c26800dc367e55341?s=96&d=mm&r=g","caption":"Ibrahima Sory Traor\u00e9"},"url":"https:\/\/guineediversite.com\/index.php\/author\/ibrahima\/"}]}},"_links":{"self":[{"href":"https:\/\/guineediversite.com\/index.php\/wp-json\/wp\/v2\/posts\/23013"}],"collection":[{"href":"https:\/\/guineediversite.com\/index.php\/wp-json\/wp\/v2\/posts"}],"about":[{"href":"https:\/\/guineediversite.com\/index.php\/wp-json\/wp\/v2\/types\/post"}],"author":[{"embeddable":true,"href":"https:\/\/guineediversite.com\/index.php\/wp-json\/wp\/v2\/users\/15"}],"replies":[{"embeddable":true,"href":"https:\/\/guineediversite.com\/index.php\/wp-json\/wp\/v2\/comments?post=23013"}],"version-history":[{"count":0,"href":"https:\/\/guineediversite.com\/index.php\/wp-json\/wp\/v2\/posts\/23013\/revisions"}],"wp:featuredmedia":[{"embeddable":true,"href":"https:\/\/guineediversite.com\/index.php\/wp-json\/wp\/v2\/media\/23014"}],"wp:attachment":[{"href":"https:\/\/guineediversite.com\/index.php\/wp-json\/wp\/v2\/media?parent=23013"}],"wp:term":[{"taxonomy":"category","embeddable":true,"href":"https:\/\/guineediversite.com\/index.php\/wp-json\/wp\/v2\/categories?post=23013"},{"taxonomy":"post_tag","embeddable":true,"href":"https:\/\/guineediversite.com\/index.php\/wp-json\/wp\/v2\/tags?post=23013"}],"curies":[{"name":"wp","href":"https:\/\/api.w.org\/{rel}","templated":true}]}}