{"id":22969,"date":"2017-11-19T08:23:34","date_gmt":"2017-11-19T07:23:34","guid":{"rendered":"https:\/\/guineediversite.com\/?p=22969"},"modified":"2017-11-19T01:34:52","modified_gmt":"2017-11-19T00:34:52","slug":"greve-enseignants-voici-position-ministere-de-leducation","status":"publish","type":"post","link":"https:\/\/guineediversite.com\/index.php\/2017\/11\/19\/greve-enseignants-voici-position-ministere-de-leducation\/","title":{"rendered":"Gr\u00e8ve des enseignants : voici la position du minist\u00e8re de l&rsquo;\u00c9ducation"},"content":{"rendered":"<p><strong>Des dispositions sont prises pour \u00e9viter toutes perturbations prochaines des cours dans les \u00e9tablissements. D\u00e9claration faite ce vendredi 17 novembre 2017 par le secr\u00e9taire g\u00e9n\u00e9ral du minist\u00e8re de l\u2019\u00c9ducation nationale et de l\u2019Alphab\u00e9tisation, Casimir Diaora pr\u00e9cise par ailleurs le salaire de 8 millions que pr\u00e9tend obtenir les gr\u00e9vistes ne figure sur aucun accord.<br \/>\n<\/strong><br \/>\nDepuis quelques jours, des perturbations sont enregistr\u00e9es dans certains \u00e9tablissements de la capitale. Le mouvement de gr\u00e8ve d\u00e9clench\u00e9 par une partie du Syndicat Libres des Enseignants Chercheurs de Guin\u00e9e est suivi par certains enseignants malgr\u00e9 que cette frange gr\u00e9viste est consid\u00e9r\u00e9 comme ill\u00e9gitime par la centrale syndicale \u00e0 la quelle elle est affili\u00e9e.<br \/>\nL\u2019absence de ces derniers dans les salles de classe irrite les \u00e9l\u00e8ves qui prennent d\u2019assaut les rues pour montrer leurs amertumes. Pour le minist\u00e8re de l\u2019\u00c9ducation nationale, ce mouvement qui prend une autre tournure est ill\u00e9gal affirme Casimir Diaora, secr\u00e9taire g\u00e9n\u00e9ral du dit minist\u00e8re.<br \/>\n\u00ab <em>Le devoir de l\u2019\u00e9ducation nationale est d\u2019\u00e9duquer, de faire enseigner les enfants et si y a des perturbations qui sont port\u00e9es a cette action, donc, nous sommes frustr\u00e9s. Concernant le mouvement, nous le trouvons ill\u00e9gal, parce qu\u2019il ne vient pas d\u2019un syndicat reconnu. S\u2019il y a une dissidence, ceci concerne les syndicats, mais quand deux personnes membres d\u2019un bureau de vingt-et-un d\u00e9cident de contester les acquis syndicaux et qui de surcroit lance une gr\u00e8ve sauvage, il va s\u2019en dire que nous ne les soutenons pas et nous les combattons pas non plus mais nous souhaitons les raisonn\u00e9s pour les ramener \u00e0 des meilleurs sentiments \u00bb<\/em>, Casimir Diaora.<\/p>\n<p>Pour lui, des n\u00e9gociations sont en cours. Elles seraient men\u00e9es par des personnes de bonne volont\u00e9 pour faire revenir les gr\u00e9vistes \u00e0 de meilleurs sentiments. \u00ab <em>Nous pensons que toutes les voies sont \u00e0 utiliser pour que la paix revienne dans nos \u00e9coles, parce que nous voulons que l\u2019ann\u00e9e soit s\u00e9rieuse, que les examens soient aussi s\u00e9rieux et que nos \u00e9l\u00e8ves \u00e9tudient et qu\u2019ils finissent tout le programme \u00bb<\/em>, a indiqu\u00e9 le SG du minist\u00e8re de l\u2019\u00c9ducation, avant d\u2019annoncer que des dispositions sont prises par le d\u00e9partement et le gouvernorat de la ville de Conakry pour emp\u00eacher toute perturbation dans les \u00e9tablissements.<\/p>\n<p>\u00ab<em> Il y a des loubards recrut\u00e9s qui viennent aux abords des concessions, d\u00e9mobilisent quelques enfants qui sont autour et vont jeter les pierres dans les concessions quand les enfants sont en classe(\u2026) Est-ce que \u00e7a, c\u2019est un mouvement de gr\u00e8ve ? Je dis non \u00bb<\/em> s\u2019exclame Casimir Diaora.<br \/>\nPar ailleurs, il invite tous les enseignants gr\u00e9vistes de vite rejoindre les salles de classe pour l\u2019int\u00e9r\u00eat de la nation.<\/p>\n","protected":false},"excerpt":{"rendered":"<p>Des dispositions sont prises pour \u00e9viter toutes perturbations prochaines des cours dans les \u00e9tablissements. D\u00e9claration faite ce vendredi 17 novembre 2017 par le secr\u00e9taire g\u00e9n\u00e9ral du minist\u00e8re de l\u2019\u00c9ducation nationale et de l\u2019Alphab\u00e9tisation, Casimir Diaora pr\u00e9cise par ailleurs le salaire de 8 millions que pr\u00e9tend obtenir les gr\u00e9vistes ne figure sur aucun accord. Depuis quelques [&hellip;]<\/p>\n","protected":false},"author":16,"featured_media":22971,"comment_status":"closed","ping_status":"closed","sticky":false,"template":"","format":"standard","meta":{"_exactmetrics_skip_tracking":false,"_exactmetrics_sitenote_active":false,"_exactmetrics_sitenote_note":"","_exactmetrics_sitenote_category":0,"tdm_status":"","tdm_grid_status":"","footnotes":""},"categories":[16],"tags":[],"class_list":{"0":"post-22969","1":"post","2":"type-post","3":"status-publish","4":"format-standard","5":"has-post-thumbnail","7":"category-societe"},"yoast_head":"<!-- This site is optimized with the Yoast SEO plugin v24.2 - https:\/\/yoast.com\/wordpress\/plugins\/seo\/ -->\n<title>Gr\u00e8ve des enseignants : voici la position du minist\u00e8re de l&#039;\u00c9ducation | Guin\u00e9e Diversit\u00e9<\/title>\n<meta name=\"robots\" content=\"index, follow, max-snippet:-1, max-image-preview:large, max-video-preview:-1\" \/>\n<link rel=\"canonical\" href=\"https:\/\/guineediversite.com\/index.php\/2017\/11\/19\/greve-enseignants-voici-position-ministere-de-leducation\/\" \/>\n<meta property=\"og:locale\" content=\"fr_FR\" \/>\n<meta property=\"og:type\" content=\"article\" \/>\n<meta property=\"og:title\" content=\"Gr\u00e8ve des enseignants : voici la position du minist\u00e8re de l&#039;\u00c9ducation | Guin\u00e9e Diversit\u00e9\" \/>\n<meta property=\"og:description\" content=\"Des dispositions sont prises pour \u00e9viter toutes perturbations prochaines des cours dans les \u00e9tablissements. D\u00e9claration faite ce vendredi 17 novembre 2017 par le secr\u00e9taire g\u00e9n\u00e9ral du minist\u00e8re de l\u2019\u00c9ducation nationale et de l\u2019Alphab\u00e9tisation, Casimir Diaora pr\u00e9cise par ailleurs le salaire de 8 millions que pr\u00e9tend obtenir les gr\u00e9vistes ne figure sur aucun accord. Depuis quelques [&hellip;]\" \/>\n<meta property=\"og:url\" content=\"https:\/\/guineediversite.com\/index.php\/2017\/11\/19\/greve-enseignants-voici-position-ministere-de-leducation\/\" \/>\n<meta property=\"og:site_name\" content=\"Guin\u00e9e Diversit\u00e9\" \/>\n<meta property=\"article:publisher\" content=\"https:\/\/www.facebook.com\/guineediversite\/\" \/>\n<meta property=\"article:published_time\" content=\"2017-11-19T07:23:34+00:00\" \/>\n<meta property=\"article:modified_time\" content=\"2017-11-19T00:34:52+00:00\" \/>\n<meta property=\"og:image\" content=\"https:\/\/guineediversite.com\/wp-content\/uploads\/2017\/11\/min-educ-1.jpg\" \/>\n\t<meta property=\"og:image:width\" content=\"1024\" \/>\n\t<meta property=\"og:image:height\" content=\"573\" \/>\n\t<meta property=\"og:image:type\" content=\"image\/jpeg\" \/>\n<meta name=\"author\" content=\"Moussa Mo\u00efse K\u00e9ita\" \/>\n<meta name=\"twitter:card\" content=\"summary_large_image\" \/>\n<meta name=\"twitter:creator\" content=\"@GuineeDiversite\" \/>\n<meta name=\"twitter:site\" content=\"@GuineeDiversite\" \/>\n<meta name=\"twitter:label1\" content=\"\u00c9crit par\" \/>\n\t<meta name=\"twitter:data1\" content=\"Moussa Mo\u00efse K\u00e9ita\" \/>\n\t<meta name=\"twitter:label2\" content=\"Dur\u00e9e de lecture estim\u00e9e\" \/>\n\t<meta name=\"twitter:data2\" content=\"2 minutes\" \/>\n<script type=\"application\/ld+json\" class=\"yoast-schema-graph\">{\"@context\":\"https:\/\/schema.org\",\"@graph\":[{\"@type\":\"Article\",\"@id\":\"https:\/\/guineediversite.com\/index.php\/2017\/11\/19\/greve-enseignants-voici-position-ministere-de-leducation\/#article\",\"isPartOf\":{\"@id\":\"https:\/\/guineediversite.com\/index.php\/2017\/11\/19\/greve-enseignants-voici-position-ministere-de-leducation\/\"},\"author\":{\"name\":\"Moussa Mo\u00efse K\u00e9ita\",\"@id\":\"https:\/\/guineediversite.com\/#\/schema\/person\/079ec347f72d2acde4b56a50a4fd46dc\"},\"headline\":\"Gr\u00e8ve des enseignants : voici la position du minist\u00e8re de l&rsquo;\u00c9ducation\",\"datePublished\":\"2017-11-19T07:23:34+00:00\",\"dateModified\":\"2017-11-19T00:34:52+00:00\",\"mainEntityOfPage\":{\"@id\":\"https:\/\/guineediversite.com\/index.php\/2017\/11\/19\/greve-enseignants-voici-position-ministere-de-leducation\/\"},\"wordCount\":493,\"publisher\":{\"@id\":\"https:\/\/guineediversite.com\/#organization\"},\"image\":{\"@id\":\"https:\/\/guineediversite.com\/index.php\/2017\/11\/19\/greve-enseignants-voici-position-ministere-de-leducation\/#primaryimage\"},\"thumbnailUrl\":\"https:\/\/guineediversite.com\/wp-content\/uploads\/2017\/11\/min-educ-1.jpg\",\"articleSection\":[\"Soci\u00e9t\u00e9\"],\"inLanguage\":\"fr-FR\"},{\"@type\":\"WebPage\",\"@id\":\"https:\/\/guineediversite.com\/index.php\/2017\/11\/19\/greve-enseignants-voici-position-ministere-de-leducation\/\",\"url\":\"https:\/\/guineediversite.com\/index.php\/2017\/11\/19\/greve-enseignants-voici-position-ministere-de-leducation\/\",\"name\":\"Gr\u00e8ve des enseignants : voici la position du minist\u00e8re de l'\u00c9ducation | Guin\u00e9e Diversit\u00e9\",\"isPartOf\":{\"@id\":\"https:\/\/guineediversite.com\/#website\"},\"primaryImageOfPage\":{\"@id\":\"https:\/\/guineediversite.com\/index.php\/2017\/11\/19\/greve-enseignants-voici-position-ministere-de-leducation\/#primaryimage\"},\"image\":{\"@id\":\"https:\/\/guineediversite.com\/index.php\/2017\/11\/19\/greve-enseignants-voici-position-ministere-de-leducation\/#primaryimage\"},\"thumbnailUrl\":\"https:\/\/guineediversite.com\/wp-content\/uploads\/2017\/11\/min-educ-1.jpg\",\"datePublished\":\"2017-11-19T07:23:34+00:00\",\"dateModified\":\"2017-11-19T00:34:52+00:00\",\"breadcrumb\":{\"@id\":\"https:\/\/guineediversite.com\/index.php\/2017\/11\/19\/greve-enseignants-voici-position-ministere-de-leducation\/#breadcrumb\"},\"inLanguage\":\"fr-FR\",\"potentialAction\":[{\"@type\":\"ReadAction\",\"target\":[\"https:\/\/guineediversite.com\/index.php\/2017\/11\/19\/greve-enseignants-voici-position-ministere-de-leducation\/\"]}]},{\"@type\":\"ImageObject\",\"inLanguage\":\"fr-FR\",\"@id\":\"https:\/\/guineediversite.com\/index.php\/2017\/11\/19\/greve-enseignants-voici-position-ministere-de-leducation\/#primaryimage\",\"url\":\"https:\/\/guineediversite.com\/wp-content\/uploads\/2017\/11\/min-educ-1.jpg\",\"contentUrl\":\"https:\/\/guineediversite.com\/wp-content\/uploads\/2017\/11\/min-educ-1.jpg\",\"width\":1024,\"height\":573},{\"@type\":\"BreadcrumbList\",\"@id\":\"https:\/\/guineediversite.com\/index.php\/2017\/11\/19\/greve-enseignants-voici-position-ministere-de-leducation\/#breadcrumb\",\"itemListElement\":[{\"@type\":\"ListItem\",\"position\":1,\"name\":\"Accueil\",\"item\":\"https:\/\/guineediversite.com\/\"},{\"@type\":\"ListItem\",\"position\":2,\"name\":\"Gr\u00e8ve des enseignants : voici la position du minist\u00e8re de l&rsquo;\u00c9ducation\"}]},{\"@type\":\"WebSite\",\"@id\":\"https:\/\/guineediversite.com\/#website\",\"url\":\"https:\/\/guineediversite.com\/\",\"name\":\"Guin\u00e9e Diversit\u00e9\",\"description\":\"L&#039;Info dans toute sa diversit\u00e9\",\"publisher\":{\"@id\":\"https:\/\/guineediversite.com\/#organization\"},\"potentialAction\":[{\"@type\":\"SearchAction\",\"target\":{\"@type\":\"EntryPoint\",\"urlTemplate\":\"https:\/\/guineediversite.com\/?s={search_term_string}\"},\"query-input\":{\"@type\":\"PropertyValueSpecification\",\"valueRequired\":true,\"valueName\":\"search_term_string\"}}],\"inLanguage\":\"fr-FR\"},{\"@type\":\"Organization\",\"@id\":\"https:\/\/guineediversite.com\/#organization\",\"name\":\"Guin\u00e9e Diversit\u00e9\",\"url\":\"https:\/\/guineediversite.com\/\",\"logo\":{\"@type\":\"ImageObject\",\"inLanguage\":\"fr-FR\",\"@id\":\"https:\/\/guineediversite.com\/#\/schema\/logo\/image\/\",\"url\":\"https:\/\/guineediversite.com\/wp-content\/uploads\/2017\/04\/cropped-1jojlxEOMkX9Wyqfhe43D6kjPOGqBBKmx3EwWJqZ0cMrFF54yM49.png\",\"contentUrl\":\"https:\/\/guineediversite.com\/wp-content\/uploads\/2017\/04\/cropped-1jojlxEOMkX9Wyqfhe43D6kjPOGqBBKmx3EwWJqZ0cMrFF54yM49.png\",\"width\":186,\"height\":112,\"caption\":\"Guin\u00e9e Diversit\u00e9\"},\"image\":{\"@id\":\"https:\/\/guineediversite.com\/#\/schema\/logo\/image\/\"},\"sameAs\":[\"https:\/\/www.facebook.com\/guineediversite\/\",\"https:\/\/x.com\/GuineeDiversite\",\"https:\/\/www.youtube.com\/channel\/UC8sUY16qelG5ge6_D5SB83g\"]},{\"@type\":\"Person\",\"@id\":\"https:\/\/guineediversite.com\/#\/schema\/person\/079ec347f72d2acde4b56a50a4fd46dc\",\"name\":\"Moussa Mo\u00efse K\u00e9ita\",\"image\":{\"@type\":\"ImageObject\",\"inLanguage\":\"fr-FR\",\"@id\":\"https:\/\/guineediversite.com\/#\/schema\/person\/image\/\",\"url\":\"https:\/\/secure.gravatar.com\/avatar\/edf1ea2cc01841e6c0b49384bcb1385b?s=96&d=mm&r=g\",\"contentUrl\":\"https:\/\/secure.gravatar.com\/avatar\/edf1ea2cc01841e6c0b49384bcb1385b?s=96&d=mm&r=g\",\"caption\":\"Moussa Mo\u00efse K\u00e9ita\"},\"url\":\"https:\/\/guineediversite.com\/index.php\/author\/moussa-moise\/\"}]}<\/script>\n<!-- \/ Yoast SEO plugin. -->","yoast_head_json":{"title":"Gr\u00e8ve des enseignants : voici la position du minist\u00e8re de l'\u00c9ducation | Guin\u00e9e Diversit\u00e9","robots":{"index":"index","follow":"follow","max-snippet":"max-snippet:-1","max-image-preview":"max-image-preview:large","max-video-preview":"max-video-preview:-1"},"canonical":"https:\/\/guineediversite.com\/index.php\/2017\/11\/19\/greve-enseignants-voici-position-ministere-de-leducation\/","og_locale":"fr_FR","og_type":"article","og_title":"Gr\u00e8ve des enseignants : voici la position du minist\u00e8re de l'\u00c9ducation | Guin\u00e9e Diversit\u00e9","og_description":"Des dispositions sont prises pour \u00e9viter toutes perturbations prochaines des cours dans les \u00e9tablissements. D\u00e9claration faite ce vendredi 17 novembre 2017 par le secr\u00e9taire g\u00e9n\u00e9ral du minist\u00e8re de l\u2019\u00c9ducation nationale et de l\u2019Alphab\u00e9tisation, Casimir Diaora pr\u00e9cise par ailleurs le salaire de 8 millions que pr\u00e9tend obtenir les gr\u00e9vistes ne figure sur aucun accord. Depuis quelques [&hellip;]","og_url":"https:\/\/guineediversite.com\/index.php\/2017\/11\/19\/greve-enseignants-voici-position-ministere-de-leducation\/","og_site_name":"Guin\u00e9e Diversit\u00e9","article_publisher":"https:\/\/www.facebook.com\/guineediversite\/","article_published_time":"2017-11-19T07:23:34+00:00","article_modified_time":"2017-11-19T00:34:52+00:00","og_image":[{"width":1024,"height":573,"url":"https:\/\/guineediversite.com\/wp-content\/uploads\/2017\/11\/min-educ-1.jpg","type":"image\/jpeg"}],"author":"Moussa Mo\u00efse K\u00e9ita","twitter_card":"summary_large_image","twitter_creator":"@GuineeDiversite","twitter_site":"@GuineeDiversite","twitter_misc":{"\u00c9crit par":"Moussa Mo\u00efse K\u00e9ita","Dur\u00e9e de lecture estim\u00e9e":"2 minutes"},"schema":{"@context":"https:\/\/schema.org","@graph":[{"@type":"Article","@id":"https:\/\/guineediversite.com\/index.php\/2017\/11\/19\/greve-enseignants-voici-position-ministere-de-leducation\/#article","isPartOf":{"@id":"https:\/\/guineediversite.com\/index.php\/2017\/11\/19\/greve-enseignants-voici-position-ministere-de-leducation\/"},"author":{"name":"Moussa Mo\u00efse K\u00e9ita","@id":"https:\/\/guineediversite.com\/#\/schema\/person\/079ec347f72d2acde4b56a50a4fd46dc"},"headline":"Gr\u00e8ve des enseignants : voici la position du minist\u00e8re de l&rsquo;\u00c9ducation","datePublished":"2017-11-19T07:23:34+00:00","dateModified":"2017-11-19T00:34:52+00:00","mainEntityOfPage":{"@id":"https:\/\/guineediversite.com\/index.php\/2017\/11\/19\/greve-enseignants-voici-position-ministere-de-leducation\/"},"wordCount":493,"publisher":{"@id":"https:\/\/guineediversite.com\/#organization"},"image":{"@id":"https:\/\/guineediversite.com\/index.php\/2017\/11\/19\/greve-enseignants-voici-position-ministere-de-leducation\/#primaryimage"},"thumbnailUrl":"https:\/\/guineediversite.com\/wp-content\/uploads\/2017\/11\/min-educ-1.jpg","articleSection":["Soci\u00e9t\u00e9"],"inLanguage":"fr-FR"},{"@type":"WebPage","@id":"https:\/\/guineediversite.com\/index.php\/2017\/11\/19\/greve-enseignants-voici-position-ministere-de-leducation\/","url":"https:\/\/guineediversite.com\/index.php\/2017\/11\/19\/greve-enseignants-voici-position-ministere-de-leducation\/","name":"Gr\u00e8ve des enseignants : voici la position du minist\u00e8re de l'\u00c9ducation | Guin\u00e9e Diversit\u00e9","isPartOf":{"@id":"https:\/\/guineediversite.com\/#website"},"primaryImageOfPage":{"@id":"https:\/\/guineediversite.com\/index.php\/2017\/11\/19\/greve-enseignants-voici-position-ministere-de-leducation\/#primaryimage"},"image":{"@id":"https:\/\/guineediversite.com\/index.php\/2017\/11\/19\/greve-enseignants-voici-position-ministere-de-leducation\/#primaryimage"},"thumbnailUrl":"https:\/\/guineediversite.com\/wp-content\/uploads\/2017\/11\/min-educ-1.jpg","datePublished":"2017-11-19T07:23:34+00:00","dateModified":"2017-11-19T00:34:52+00:00","breadcrumb":{"@id":"https:\/\/guineediversite.com\/index.php\/2017\/11\/19\/greve-enseignants-voici-position-ministere-de-leducation\/#breadcrumb"},"inLanguage":"fr-FR","potentialAction":[{"@type":"ReadAction","target":["https:\/\/guineediversite.com\/index.php\/2017\/11\/19\/greve-enseignants-voici-position-ministere-de-leducation\/"]}]},{"@type":"ImageObject","inLanguage":"fr-FR","@id":"https:\/\/guineediversite.com\/index.php\/2017\/11\/19\/greve-enseignants-voici-position-ministere-de-leducation\/#primaryimage","url":"https:\/\/guineediversite.com\/wp-content\/uploads\/2017\/11\/min-educ-1.jpg","contentUrl":"https:\/\/guineediversite.com\/wp-content\/uploads\/2017\/11\/min-educ-1.jpg","width":1024,"height":573},{"@type":"BreadcrumbList","@id":"https:\/\/guineediversite.com\/index.php\/2017\/11\/19\/greve-enseignants-voici-position-ministere-de-leducation\/#breadcrumb","itemListElement":[{"@type":"ListItem","position":1,"name":"Accueil","item":"https:\/\/guineediversite.com\/"},{"@type":"ListItem","position":2,"name":"Gr\u00e8ve des enseignants : voici la position du minist\u00e8re de l&rsquo;\u00c9ducation"}]},{"@type":"WebSite","@id":"https:\/\/guineediversite.com\/#website","url":"https:\/\/guineediversite.com\/","name":"Guin\u00e9e Diversit\u00e9","description":"L&#039;Info dans toute sa diversit\u00e9","publisher":{"@id":"https:\/\/guineediversite.com\/#organization"},"potentialAction":[{"@type":"SearchAction","target":{"@type":"EntryPoint","urlTemplate":"https:\/\/guineediversite.com\/?s={search_term_string}"},"query-input":{"@type":"PropertyValueSpecification","valueRequired":true,"valueName":"search_term_string"}}],"inLanguage":"fr-FR"},{"@type":"Organization","@id":"https:\/\/guineediversite.com\/#organization","name":"Guin\u00e9e Diversit\u00e9","url":"https:\/\/guineediversite.com\/","logo":{"@type":"ImageObject","inLanguage":"fr-FR","@id":"https:\/\/guineediversite.com\/#\/schema\/logo\/image\/","url":"https:\/\/guineediversite.com\/wp-content\/uploads\/2017\/04\/cropped-1jojlxEOMkX9Wyqfhe43D6kjPOGqBBKmx3EwWJqZ0cMrFF54yM49.png","contentUrl":"https:\/\/guineediversite.com\/wp-content\/uploads\/2017\/04\/cropped-1jojlxEOMkX9Wyqfhe43D6kjPOGqBBKmx3EwWJqZ0cMrFF54yM49.png","width":186,"height":112,"caption":"Guin\u00e9e Diversit\u00e9"},"image":{"@id":"https:\/\/guineediversite.com\/#\/schema\/logo\/image\/"},"sameAs":["https:\/\/www.facebook.com\/guineediversite\/","https:\/\/x.com\/GuineeDiversite","https:\/\/www.youtube.com\/channel\/UC8sUY16qelG5ge6_D5SB83g"]},{"@type":"Person","@id":"https:\/\/guineediversite.com\/#\/schema\/person\/079ec347f72d2acde4b56a50a4fd46dc","name":"Moussa Mo\u00efse K\u00e9ita","image":{"@type":"ImageObject","inLanguage":"fr-FR","@id":"https:\/\/guineediversite.com\/#\/schema\/person\/image\/","url":"https:\/\/secure.gravatar.com\/avatar\/edf1ea2cc01841e6c0b49384bcb1385b?s=96&d=mm&r=g","contentUrl":"https:\/\/secure.gravatar.com\/avatar\/edf1ea2cc01841e6c0b49384bcb1385b?s=96&d=mm&r=g","caption":"Moussa Mo\u00efse K\u00e9ita"},"url":"https:\/\/guineediversite.com\/index.php\/author\/moussa-moise\/"}]}},"_links":{"self":[{"href":"https:\/\/guineediversite.com\/index.php\/wp-json\/wp\/v2\/posts\/22969"}],"collection":[{"href":"https:\/\/guineediversite.com\/index.php\/wp-json\/wp\/v2\/posts"}],"about":[{"href":"https:\/\/guineediversite.com\/index.php\/wp-json\/wp\/v2\/types\/post"}],"author":[{"embeddable":true,"href":"https:\/\/guineediversite.com\/index.php\/wp-json\/wp\/v2\/users\/16"}],"replies":[{"embeddable":true,"href":"https:\/\/guineediversite.com\/index.php\/wp-json\/wp\/v2\/comments?post=22969"}],"version-history":[{"count":0,"href":"https:\/\/guineediversite.com\/index.php\/wp-json\/wp\/v2\/posts\/22969\/revisions"}],"wp:featuredmedia":[{"embeddable":true,"href":"https:\/\/guineediversite.com\/index.php\/wp-json\/wp\/v2\/media\/22971"}],"wp:attachment":[{"href":"https:\/\/guineediversite.com\/index.php\/wp-json\/wp\/v2\/media?parent=22969"}],"wp:term":[{"taxonomy":"category","embeddable":true,"href":"https:\/\/guineediversite.com\/index.php\/wp-json\/wp\/v2\/categories?post=22969"},{"taxonomy":"post_tag","embeddable":true,"href":"https:\/\/guineediversite.com\/index.php\/wp-json\/wp\/v2\/tags?post=22969"}],"curies":[{"name":"wp","href":"https:\/\/api.w.org\/{rel}","templated":true}]}}