{"id":22966,"date":"2017-11-18T00:16:47","date_gmt":"2017-11-17T23:16:47","guid":{"rendered":"https:\/\/guineediversite.com\/?p=22966"},"modified":"2017-11-18T00:16:47","modified_gmt":"2017-11-17T23:16:47","slug":"education-ecoles-privees-victimes-collaterales-de-greve-selon-crepu","status":"publish","type":"post","link":"https:\/\/guineediversite.com\/index.php\/2017\/11\/18\/education-ecoles-privees-victimes-collaterales-de-greve-selon-crepu\/","title":{"rendered":"\u00c9ducation :\u00a0\u00ables \u00e9coles priv\u00e9es sont des victimes collat\u00e9rales de la gr\u00e8ve\u00bb selon la CREPU"},"content":{"rendered":"<p><strong><span id=\"p63\">Les responsables de la chambre repr\u00e9sentative de l&rsquo;enseignement pr\u00e9 universitaire\u00a0<span id=\"82\" class=\"s-rg-t\">CREPU<\/span>\u00a0s&rsquo;insurgent contre la gr\u00e8ve d\u00e9clench\u00e9e par certains membres du syndicat libre des enseignants chercheurs\u00a0<span id=\"83\" class=\"s-rg-t\">SLECG<\/span>.<\/span><span id=\"p64\">\u00a0Ousmane\u00a0<span id=\"84\" class=\"s-rg-t\">LY<\/span>, le\u00a0vice-pr\u00e9sident\u00a0de cette organisation a \u00e9voqu\u00e9 vendredi 17 novembre, l&rsquo;impact de cette gr\u00e8ve sur les \u00e9coles priv\u00e9es.<\/span><span id=\"p65\">\u00a0Il a d\u00e9nonc\u00e9 l&rsquo;inaction de l&rsquo;\u00c9tat Guin\u00e9en dans cette situation.<\/span><span id=\"p66\">\u00a0<\/span><\/strong><\/p>\n<p><span id=\"p97\">La gr\u00e8ve des enseignants d\u00e9clench\u00e9e le lundi 13 novembre par certains membres du syndicat libre des enseignants-chercheurs de Guin\u00e9e ne semble pas tir\u00e9e \u00e0 sa fin.<\/span><span id=\"p68\">\u00a0La situation ne fait que se d\u00e9grader.<\/span><span id=\"p69\">\u00a0Ousmane Ly, vice pr\u00e9sident de la\u00a0<span id=\"87\" class=\"s-rg-t\">CREPU<\/span>\u00a0dit ne pas comprendre comment une gr\u00e8ve des personnes qualifi\u00e9es des dissidents parvient \u00e0 paralyser les cours dans les \u00e9coles guin\u00e9ennes \u00ab <em>la gr\u00e8ve est tr\u00e8s mal venue.<\/em><\/span><em><span id=\"p70\">\u00a0C&rsquo;est anormal ;<\/span><\/em><span id=\"p98\"><em>\u00a0moi, je ne partage pas cet avis de gr\u00e8ve et toutes les \u00e9coles priv\u00e9es ne partagent pas non plus cet avis \u00bb,<\/em> s\u2019interroge ce fondateur d&rsquo;\u00e9cole priv\u00e9e.<\/span><span id=\"p72\">\u00a0<\/span><\/p>\n<p><span id=\"p73\">Les \u00e9coles priv\u00e9es n&rsquo;ont rien \u00e0 voir avec cette gr\u00e8ve affirme ce responsable de la chambre repr\u00e9sentative de l&rsquo;enseignement pr\u00e9 universitaire.<\/span><span id=\"p100\">\u00a0Elles sont devenues cependant des victimes collat\u00e9rales regrette-<span id=\"101\">t-il<\/span>, \u00ab <em>c&rsquo;est injuste que nous soyons m\u00eal\u00e9e \u00e0 \u00e7a.<\/em><\/span><em><span id=\"p99\">\u00a0Mais tout \u00e7a, c&rsquo;est parce que l&rsquo;\u00c9tat ne prend pas ses responsabilit\u00e9s.<\/span><\/em><span id=\"p102\"><em>\u00a0En principe, nous devons \u00eatre prot\u00e9g\u00e9s pour que nous puissions donner cours dans nos \u00e9tablissements, car depuis le d\u00e9but de cette gr\u00e8ve, les cours ne se sont pas d\u00e9roul\u00e9 normalement et l&rsquo;impact est \u00e9norme \u00bb<\/em> se plaint Ousmane Ly.<\/span><br \/>\n<span id=\"p77\">Au terme de son intervention ce responsable d&rsquo;\u00e9cole priv\u00e9e\u00a0<\/span><\/p>\n<p><span id=\"p78\">Il a \u00e9galement invit\u00e9 l&rsquo;\u00c9tat Guin\u00e9en \u00e0 trouver le plus vite que possible une solution \u00e0 ce probl\u00e8me.<\/span><span id=\"p103\">\u00a0\u00c0 ses paires qui n&rsquo;ont pas leur \u00e9cole dans des zones \u00e0 haut risque, il leurs demandes de continuer \u00e0 donner les cours aux enfants.<\/span><span id=\"p80\">\u00a0<\/span><\/p>\n<p><strong>Mamadou Aliou Bangoura<\/strong><\/p>\n","protected":false},"excerpt":{"rendered":"<p>Les responsables de la chambre repr\u00e9sentative de l&rsquo;enseignement pr\u00e9 universitaire\u00a0CREPU\u00a0s&rsquo;insurgent contre la gr\u00e8ve d\u00e9clench\u00e9e par certains membres du syndicat libre des enseignants chercheurs\u00a0SLECG.\u00a0Ousmane\u00a0LY, le\u00a0vice-pr\u00e9sident\u00a0de cette organisation a \u00e9voqu\u00e9 vendredi 17 novembre, l&rsquo;impact de cette gr\u00e8ve sur les \u00e9coles priv\u00e9es.\u00a0Il a d\u00e9nonc\u00e9 l&rsquo;inaction de l&rsquo;\u00c9tat Guin\u00e9en dans cette situation.\u00a0 La gr\u00e8ve des enseignants d\u00e9clench\u00e9e le lundi [&hellip;]<\/p>\n","protected":false},"author":12,"featured_media":22967,"comment_status":"closed","ping_status":"closed","sticky":false,"template":"","format":"standard","meta":{"_exactmetrics_skip_tracking":false,"_exactmetrics_sitenote_active":false,"_exactmetrics_sitenote_note":"","_exactmetrics_sitenote_category":0,"tdm_status":"","tdm_grid_status":"","footnotes":""},"categories":[16],"tags":[],"class_list":{"0":"post-22966","1":"post","2":"type-post","3":"status-publish","4":"format-standard","5":"has-post-thumbnail","7":"category-societe"},"yoast_head":"<!-- This site is optimized with the Yoast SEO plugin v24.2 - https:\/\/yoast.com\/wordpress\/plugins\/seo\/ -->\n<title>\u00c9ducation :\u00a0\u00ables \u00e9coles priv\u00e9es sont des victimes collat\u00e9rales de la gr\u00e8ve\u00bb selon la CREPU | Guin\u00e9e Diversit\u00e9<\/title>\n<meta name=\"robots\" content=\"index, follow, max-snippet:-1, max-image-preview:large, max-video-preview:-1\" \/>\n<link rel=\"canonical\" href=\"https:\/\/guineediversite.com\/index.php\/2017\/11\/18\/education-ecoles-privees-victimes-collaterales-de-greve-selon-crepu\/\" \/>\n<meta property=\"og:locale\" content=\"fr_FR\" \/>\n<meta property=\"og:type\" content=\"article\" \/>\n<meta property=\"og:title\" content=\"\u00c9ducation :\u00a0\u00ables \u00e9coles priv\u00e9es sont des victimes collat\u00e9rales de la gr\u00e8ve\u00bb selon la CREPU | Guin\u00e9e Diversit\u00e9\" \/>\n<meta property=\"og:description\" content=\"Les responsables de la chambre repr\u00e9sentative de l&rsquo;enseignement pr\u00e9 universitaire\u00a0CREPU\u00a0s&rsquo;insurgent contre la gr\u00e8ve d\u00e9clench\u00e9e par certains membres du syndicat libre des enseignants chercheurs\u00a0SLECG.\u00a0Ousmane\u00a0LY, le\u00a0vice-pr\u00e9sident\u00a0de cette organisation a \u00e9voqu\u00e9 vendredi 17 novembre, l&rsquo;impact de cette gr\u00e8ve sur les \u00e9coles priv\u00e9es.\u00a0Il a d\u00e9nonc\u00e9 l&rsquo;inaction de l&rsquo;\u00c9tat Guin\u00e9en dans cette situation.\u00a0 La gr\u00e8ve des enseignants d\u00e9clench\u00e9e le lundi [&hellip;]\" \/>\n<meta property=\"og:url\" content=\"https:\/\/guineediversite.com\/index.php\/2017\/11\/18\/education-ecoles-privees-victimes-collaterales-de-greve-selon-crepu\/\" \/>\n<meta property=\"og:site_name\" content=\"Guin\u00e9e Diversit\u00e9\" \/>\n<meta property=\"article:publisher\" content=\"https:\/\/www.facebook.com\/guineediversite\/\" \/>\n<meta property=\"article:published_time\" content=\"2017-11-17T23:16:47+00:00\" \/>\n<meta property=\"og:image\" content=\"https:\/\/guineediversite.com\/wp-content\/uploads\/2017\/11\/manifs_sonfonia_0.jpg\" \/>\n\t<meta property=\"og:image:width\" content=\"2048\" \/>\n\t<meta property=\"og:image:height\" content=\"1536\" \/>\n\t<meta property=\"og:image:type\" content=\"image\/jpeg\" \/>\n<meta name=\"author\" content=\"Guin\u00e9e Diversit\u00e9\" \/>\n<meta name=\"twitter:card\" content=\"summary_large_image\" \/>\n<meta name=\"twitter:creator\" content=\"@GuineeDiversite\" \/>\n<meta name=\"twitter:site\" content=\"@GuineeDiversite\" \/>\n<meta name=\"twitter:label1\" content=\"\u00c9crit par\" \/>\n\t<meta name=\"twitter:data1\" content=\"Guin\u00e9e Diversit\u00e9\" \/>\n\t<meta name=\"twitter:label2\" content=\"Dur\u00e9e de lecture estim\u00e9e\" \/>\n\t<meta name=\"twitter:data2\" content=\"2 minutes\" \/>\n<script type=\"application\/ld+json\" class=\"yoast-schema-graph\">{\"@context\":\"https:\/\/schema.org\",\"@graph\":[{\"@type\":\"Article\",\"@id\":\"https:\/\/guineediversite.com\/index.php\/2017\/11\/18\/education-ecoles-privees-victimes-collaterales-de-greve-selon-crepu\/#article\",\"isPartOf\":{\"@id\":\"https:\/\/guineediversite.com\/index.php\/2017\/11\/18\/education-ecoles-privees-victimes-collaterales-de-greve-selon-crepu\/\"},\"author\":{\"name\":\"Guin\u00e9e Diversit\u00e9\",\"@id\":\"https:\/\/guineediversite.com\/#\/schema\/person\/afa08fb34e7fc6e1feafc892612bc836\"},\"headline\":\"\u00c9ducation :\u00a0\u00ables \u00e9coles priv\u00e9es sont des victimes collat\u00e9rales de la gr\u00e8ve\u00bb selon la CREPU\",\"datePublished\":\"2017-11-17T23:16:47+00:00\",\"dateModified\":\"2017-11-17T23:16:47+00:00\",\"mainEntityOfPage\":{\"@id\":\"https:\/\/guineediversite.com\/index.php\/2017\/11\/18\/education-ecoles-privees-victimes-collaterales-de-greve-selon-crepu\/\"},\"wordCount\":355,\"publisher\":{\"@id\":\"https:\/\/guineediversite.com\/#organization\"},\"image\":{\"@id\":\"https:\/\/guineediversite.com\/index.php\/2017\/11\/18\/education-ecoles-privees-victimes-collaterales-de-greve-selon-crepu\/#primaryimage\"},\"thumbnailUrl\":\"https:\/\/guineediversite.com\/wp-content\/uploads\/2017\/11\/manifs_sonfonia_0.jpg\",\"articleSection\":[\"Soci\u00e9t\u00e9\"],\"inLanguage\":\"fr-FR\"},{\"@type\":\"WebPage\",\"@id\":\"https:\/\/guineediversite.com\/index.php\/2017\/11\/18\/education-ecoles-privees-victimes-collaterales-de-greve-selon-crepu\/\",\"url\":\"https:\/\/guineediversite.com\/index.php\/2017\/11\/18\/education-ecoles-privees-victimes-collaterales-de-greve-selon-crepu\/\",\"name\":\"\u00c9ducation :\u00a0\u00ables \u00e9coles priv\u00e9es sont des victimes collat\u00e9rales de la gr\u00e8ve\u00bb selon la CREPU | Guin\u00e9e Diversit\u00e9\",\"isPartOf\":{\"@id\":\"https:\/\/guineediversite.com\/#website\"},\"primaryImageOfPage\":{\"@id\":\"https:\/\/guineediversite.com\/index.php\/2017\/11\/18\/education-ecoles-privees-victimes-collaterales-de-greve-selon-crepu\/#primaryimage\"},\"image\":{\"@id\":\"https:\/\/guineediversite.com\/index.php\/2017\/11\/18\/education-ecoles-privees-victimes-collaterales-de-greve-selon-crepu\/#primaryimage\"},\"thumbnailUrl\":\"https:\/\/guineediversite.com\/wp-content\/uploads\/2017\/11\/manifs_sonfonia_0.jpg\",\"datePublished\":\"2017-11-17T23:16:47+00:00\",\"dateModified\":\"2017-11-17T23:16:47+00:00\",\"breadcrumb\":{\"@id\":\"https:\/\/guineediversite.com\/index.php\/2017\/11\/18\/education-ecoles-privees-victimes-collaterales-de-greve-selon-crepu\/#breadcrumb\"},\"inLanguage\":\"fr-FR\",\"potentialAction\":[{\"@type\":\"ReadAction\",\"target\":[\"https:\/\/guineediversite.com\/index.php\/2017\/11\/18\/education-ecoles-privees-victimes-collaterales-de-greve-selon-crepu\/\"]}]},{\"@type\":\"ImageObject\",\"inLanguage\":\"fr-FR\",\"@id\":\"https:\/\/guineediversite.com\/index.php\/2017\/11\/18\/education-ecoles-privees-victimes-collaterales-de-greve-selon-crepu\/#primaryimage\",\"url\":\"https:\/\/guineediversite.com\/wp-content\/uploads\/2017\/11\/manifs_sonfonia_0.jpg\",\"contentUrl\":\"https:\/\/guineediversite.com\/wp-content\/uploads\/2017\/11\/manifs_sonfonia_0.jpg\",\"width\":2048,\"height\":1536},{\"@type\":\"BreadcrumbList\",\"@id\":\"https:\/\/guineediversite.com\/index.php\/2017\/11\/18\/education-ecoles-privees-victimes-collaterales-de-greve-selon-crepu\/#breadcrumb\",\"itemListElement\":[{\"@type\":\"ListItem\",\"position\":1,\"name\":\"Accueil\",\"item\":\"https:\/\/guineediversite.com\/\"},{\"@type\":\"ListItem\",\"position\":2,\"name\":\"\u00c9ducation :\u00a0\u00ables \u00e9coles priv\u00e9es sont des victimes collat\u00e9rales de la gr\u00e8ve\u00bb selon la CREPU\"}]},{\"@type\":\"WebSite\",\"@id\":\"https:\/\/guineediversite.com\/#website\",\"url\":\"https:\/\/guineediversite.com\/\",\"name\":\"Guin\u00e9e Diversit\u00e9\",\"description\":\"L&#039;Info dans toute sa diversit\u00e9\",\"publisher\":{\"@id\":\"https:\/\/guineediversite.com\/#organization\"},\"potentialAction\":[{\"@type\":\"SearchAction\",\"target\":{\"@type\":\"EntryPoint\",\"urlTemplate\":\"https:\/\/guineediversite.com\/?s={search_term_string}\"},\"query-input\":{\"@type\":\"PropertyValueSpecification\",\"valueRequired\":true,\"valueName\":\"search_term_string\"}}],\"inLanguage\":\"fr-FR\"},{\"@type\":\"Organization\",\"@id\":\"https:\/\/guineediversite.com\/#organization\",\"name\":\"Guin\u00e9e Diversit\u00e9\",\"url\":\"https:\/\/guineediversite.com\/\",\"logo\":{\"@type\":\"ImageObject\",\"inLanguage\":\"fr-FR\",\"@id\":\"https:\/\/guineediversite.com\/#\/schema\/logo\/image\/\",\"url\":\"https:\/\/guineediversite.com\/wp-content\/uploads\/2017\/04\/cropped-1jojlxEOMkX9Wyqfhe43D6kjPOGqBBKmx3EwWJqZ0cMrFF54yM49.png\",\"contentUrl\":\"https:\/\/guineediversite.com\/wp-content\/uploads\/2017\/04\/cropped-1jojlxEOMkX9Wyqfhe43D6kjPOGqBBKmx3EwWJqZ0cMrFF54yM49.png\",\"width\":186,\"height\":112,\"caption\":\"Guin\u00e9e Diversit\u00e9\"},\"image\":{\"@id\":\"https:\/\/guineediversite.com\/#\/schema\/logo\/image\/\"},\"sameAs\":[\"https:\/\/www.facebook.com\/guineediversite\/\",\"https:\/\/x.com\/GuineeDiversite\",\"https:\/\/www.youtube.com\/channel\/UC8sUY16qelG5ge6_D5SB83g\"]},{\"@type\":\"Person\",\"@id\":\"https:\/\/guineediversite.com\/#\/schema\/person\/afa08fb34e7fc6e1feafc892612bc836\",\"name\":\"Guin\u00e9e Diversit\u00e9\",\"image\":{\"@type\":\"ImageObject\",\"inLanguage\":\"fr-FR\",\"@id\":\"https:\/\/guineediversite.com\/#\/schema\/person\/image\/\",\"url\":\"https:\/\/secure.gravatar.com\/avatar\/50d5eb5b390f8b65ac30ac6f898eb83a?s=96&d=mm&r=g\",\"contentUrl\":\"https:\/\/secure.gravatar.com\/avatar\/50d5eb5b390f8b65ac30ac6f898eb83a?s=96&d=mm&r=g\",\"caption\":\"Guin\u00e9e Diversit\u00e9\"},\"url\":\"https:\/\/guineediversite.com\/index.php\/author\/guineediversite\/\"}]}<\/script>\n<!-- \/ Yoast SEO plugin. -->","yoast_head_json":{"title":"\u00c9ducation :\u00a0\u00ables \u00e9coles priv\u00e9es sont des victimes collat\u00e9rales de la gr\u00e8ve\u00bb selon la CREPU | Guin\u00e9e Diversit\u00e9","robots":{"index":"index","follow":"follow","max-snippet":"max-snippet:-1","max-image-preview":"max-image-preview:large","max-video-preview":"max-video-preview:-1"},"canonical":"https:\/\/guineediversite.com\/index.php\/2017\/11\/18\/education-ecoles-privees-victimes-collaterales-de-greve-selon-crepu\/","og_locale":"fr_FR","og_type":"article","og_title":"\u00c9ducation :\u00a0\u00ables \u00e9coles priv\u00e9es sont des victimes collat\u00e9rales de la gr\u00e8ve\u00bb selon la CREPU | Guin\u00e9e Diversit\u00e9","og_description":"Les responsables de la chambre repr\u00e9sentative de l&rsquo;enseignement pr\u00e9 universitaire\u00a0CREPU\u00a0s&rsquo;insurgent contre la gr\u00e8ve d\u00e9clench\u00e9e par certains membres du syndicat libre des enseignants chercheurs\u00a0SLECG.\u00a0Ousmane\u00a0LY, le\u00a0vice-pr\u00e9sident\u00a0de cette organisation a \u00e9voqu\u00e9 vendredi 17 novembre, l&rsquo;impact de cette gr\u00e8ve sur les \u00e9coles priv\u00e9es.\u00a0Il a d\u00e9nonc\u00e9 l&rsquo;inaction de l&rsquo;\u00c9tat Guin\u00e9en dans cette situation.\u00a0 La gr\u00e8ve des enseignants d\u00e9clench\u00e9e le lundi [&hellip;]","og_url":"https:\/\/guineediversite.com\/index.php\/2017\/11\/18\/education-ecoles-privees-victimes-collaterales-de-greve-selon-crepu\/","og_site_name":"Guin\u00e9e Diversit\u00e9","article_publisher":"https:\/\/www.facebook.com\/guineediversite\/","article_published_time":"2017-11-17T23:16:47+00:00","og_image":[{"width":2048,"height":1536,"url":"https:\/\/guineediversite.com\/wp-content\/uploads\/2017\/11\/manifs_sonfonia_0.jpg","type":"image\/jpeg"}],"author":"Guin\u00e9e Diversit\u00e9","twitter_card":"summary_large_image","twitter_creator":"@GuineeDiversite","twitter_site":"@GuineeDiversite","twitter_misc":{"\u00c9crit par":"Guin\u00e9e Diversit\u00e9","Dur\u00e9e de lecture estim\u00e9e":"2 minutes"},"schema":{"@context":"https:\/\/schema.org","@graph":[{"@type":"Article","@id":"https:\/\/guineediversite.com\/index.php\/2017\/11\/18\/education-ecoles-privees-victimes-collaterales-de-greve-selon-crepu\/#article","isPartOf":{"@id":"https:\/\/guineediversite.com\/index.php\/2017\/11\/18\/education-ecoles-privees-victimes-collaterales-de-greve-selon-crepu\/"},"author":{"name":"Guin\u00e9e Diversit\u00e9","@id":"https:\/\/guineediversite.com\/#\/schema\/person\/afa08fb34e7fc6e1feafc892612bc836"},"headline":"\u00c9ducation :\u00a0\u00ables \u00e9coles priv\u00e9es sont des victimes collat\u00e9rales de la gr\u00e8ve\u00bb selon la CREPU","datePublished":"2017-11-17T23:16:47+00:00","dateModified":"2017-11-17T23:16:47+00:00","mainEntityOfPage":{"@id":"https:\/\/guineediversite.com\/index.php\/2017\/11\/18\/education-ecoles-privees-victimes-collaterales-de-greve-selon-crepu\/"},"wordCount":355,"publisher":{"@id":"https:\/\/guineediversite.com\/#organization"},"image":{"@id":"https:\/\/guineediversite.com\/index.php\/2017\/11\/18\/education-ecoles-privees-victimes-collaterales-de-greve-selon-crepu\/#primaryimage"},"thumbnailUrl":"https:\/\/guineediversite.com\/wp-content\/uploads\/2017\/11\/manifs_sonfonia_0.jpg","articleSection":["Soci\u00e9t\u00e9"],"inLanguage":"fr-FR"},{"@type":"WebPage","@id":"https:\/\/guineediversite.com\/index.php\/2017\/11\/18\/education-ecoles-privees-victimes-collaterales-de-greve-selon-crepu\/","url":"https:\/\/guineediversite.com\/index.php\/2017\/11\/18\/education-ecoles-privees-victimes-collaterales-de-greve-selon-crepu\/","name":"\u00c9ducation :\u00a0\u00ables \u00e9coles priv\u00e9es sont des victimes collat\u00e9rales de la gr\u00e8ve\u00bb selon la CREPU | Guin\u00e9e Diversit\u00e9","isPartOf":{"@id":"https:\/\/guineediversite.com\/#website"},"primaryImageOfPage":{"@id":"https:\/\/guineediversite.com\/index.php\/2017\/11\/18\/education-ecoles-privees-victimes-collaterales-de-greve-selon-crepu\/#primaryimage"},"image":{"@id":"https:\/\/guineediversite.com\/index.php\/2017\/11\/18\/education-ecoles-privees-victimes-collaterales-de-greve-selon-crepu\/#primaryimage"},"thumbnailUrl":"https:\/\/guineediversite.com\/wp-content\/uploads\/2017\/11\/manifs_sonfonia_0.jpg","datePublished":"2017-11-17T23:16:47+00:00","dateModified":"2017-11-17T23:16:47+00:00","breadcrumb":{"@id":"https:\/\/guineediversite.com\/index.php\/2017\/11\/18\/education-ecoles-privees-victimes-collaterales-de-greve-selon-crepu\/#breadcrumb"},"inLanguage":"fr-FR","potentialAction":[{"@type":"ReadAction","target":["https:\/\/guineediversite.com\/index.php\/2017\/11\/18\/education-ecoles-privees-victimes-collaterales-de-greve-selon-crepu\/"]}]},{"@type":"ImageObject","inLanguage":"fr-FR","@id":"https:\/\/guineediversite.com\/index.php\/2017\/11\/18\/education-ecoles-privees-victimes-collaterales-de-greve-selon-crepu\/#primaryimage","url":"https:\/\/guineediversite.com\/wp-content\/uploads\/2017\/11\/manifs_sonfonia_0.jpg","contentUrl":"https:\/\/guineediversite.com\/wp-content\/uploads\/2017\/11\/manifs_sonfonia_0.jpg","width":2048,"height":1536},{"@type":"BreadcrumbList","@id":"https:\/\/guineediversite.com\/index.php\/2017\/11\/18\/education-ecoles-privees-victimes-collaterales-de-greve-selon-crepu\/#breadcrumb","itemListElement":[{"@type":"ListItem","position":1,"name":"Accueil","item":"https:\/\/guineediversite.com\/"},{"@type":"ListItem","position":2,"name":"\u00c9ducation :\u00a0\u00ables \u00e9coles priv\u00e9es sont des victimes collat\u00e9rales de la gr\u00e8ve\u00bb selon la CREPU"}]},{"@type":"WebSite","@id":"https:\/\/guineediversite.com\/#website","url":"https:\/\/guineediversite.com\/","name":"Guin\u00e9e Diversit\u00e9","description":"L&#039;Info dans toute sa diversit\u00e9","publisher":{"@id":"https:\/\/guineediversite.com\/#organization"},"potentialAction":[{"@type":"SearchAction","target":{"@type":"EntryPoint","urlTemplate":"https:\/\/guineediversite.com\/?s={search_term_string}"},"query-input":{"@type":"PropertyValueSpecification","valueRequired":true,"valueName":"search_term_string"}}],"inLanguage":"fr-FR"},{"@type":"Organization","@id":"https:\/\/guineediversite.com\/#organization","name":"Guin\u00e9e Diversit\u00e9","url":"https:\/\/guineediversite.com\/","logo":{"@type":"ImageObject","inLanguage":"fr-FR","@id":"https:\/\/guineediversite.com\/#\/schema\/logo\/image\/","url":"https:\/\/guineediversite.com\/wp-content\/uploads\/2017\/04\/cropped-1jojlxEOMkX9Wyqfhe43D6kjPOGqBBKmx3EwWJqZ0cMrFF54yM49.png","contentUrl":"https:\/\/guineediversite.com\/wp-content\/uploads\/2017\/04\/cropped-1jojlxEOMkX9Wyqfhe43D6kjPOGqBBKmx3EwWJqZ0cMrFF54yM49.png","width":186,"height":112,"caption":"Guin\u00e9e Diversit\u00e9"},"image":{"@id":"https:\/\/guineediversite.com\/#\/schema\/logo\/image\/"},"sameAs":["https:\/\/www.facebook.com\/guineediversite\/","https:\/\/x.com\/GuineeDiversite","https:\/\/www.youtube.com\/channel\/UC8sUY16qelG5ge6_D5SB83g"]},{"@type":"Person","@id":"https:\/\/guineediversite.com\/#\/schema\/person\/afa08fb34e7fc6e1feafc892612bc836","name":"Guin\u00e9e Diversit\u00e9","image":{"@type":"ImageObject","inLanguage":"fr-FR","@id":"https:\/\/guineediversite.com\/#\/schema\/person\/image\/","url":"https:\/\/secure.gravatar.com\/avatar\/50d5eb5b390f8b65ac30ac6f898eb83a?s=96&d=mm&r=g","contentUrl":"https:\/\/secure.gravatar.com\/avatar\/50d5eb5b390f8b65ac30ac6f898eb83a?s=96&d=mm&r=g","caption":"Guin\u00e9e Diversit\u00e9"},"url":"https:\/\/guineediversite.com\/index.php\/author\/guineediversite\/"}]}},"_links":{"self":[{"href":"https:\/\/guineediversite.com\/index.php\/wp-json\/wp\/v2\/posts\/22966"}],"collection":[{"href":"https:\/\/guineediversite.com\/index.php\/wp-json\/wp\/v2\/posts"}],"about":[{"href":"https:\/\/guineediversite.com\/index.php\/wp-json\/wp\/v2\/types\/post"}],"author":[{"embeddable":true,"href":"https:\/\/guineediversite.com\/index.php\/wp-json\/wp\/v2\/users\/12"}],"replies":[{"embeddable":true,"href":"https:\/\/guineediversite.com\/index.php\/wp-json\/wp\/v2\/comments?post=22966"}],"version-history":[{"count":0,"href":"https:\/\/guineediversite.com\/index.php\/wp-json\/wp\/v2\/posts\/22966\/revisions"}],"wp:featuredmedia":[{"embeddable":true,"href":"https:\/\/guineediversite.com\/index.php\/wp-json\/wp\/v2\/media\/22967"}],"wp:attachment":[{"href":"https:\/\/guineediversite.com\/index.php\/wp-json\/wp\/v2\/media?parent=22966"}],"wp:term":[{"taxonomy":"category","embeddable":true,"href":"https:\/\/guineediversite.com\/index.php\/wp-json\/wp\/v2\/categories?post=22966"},{"taxonomy":"post_tag","embeddable":true,"href":"https:\/\/guineediversite.com\/index.php\/wp-json\/wp\/v2\/tags?post=22966"}],"curies":[{"name":"wp","href":"https:\/\/api.w.org\/{rel}","templated":true}]}}