{"id":22960,"date":"2017-11-17T17:23:01","date_gmt":"2017-11-17T16:23:01","guid":{"rendered":"https:\/\/guineediversite.com\/?p=22960"},"modified":"2017-11-18T00:19:14","modified_gmt":"2017-11-17T23:19:14","slug":"jai-dent-contre-tibou-kamara-dixit-lancinet-camara-president-de-lunion-internationale-journalistes-africains","status":"publish","type":"post","link":"https:\/\/guineediversite.com\/index.php\/2017\/11\/17\/jai-dent-contre-tibou-kamara-dixit-lancinet-camara-president-de-lunion-internationale-journalistes-africains\/","title":{"rendered":"\u00abJ&rsquo;ai une dent contre\u00a0Tibou\u00a0Kamara\u00a0dixit\u00a0Lancinet\u00a0Camara\u00bb, le\u00a0pr\u00e9sident\u00a0de l&rsquo;union internationale des journalistes africains"},"content":{"rendered":"<p><strong><span id=\"p1\">Lors d&rsquo;une conf\u00e9rence d\u00e9bat ce mercredi 15 novembre 2017 \u00e0 l&rsquo;espace Malick Cond\u00e9 de l&rsquo;universit\u00e9 Koffi Annan,\u00a0Lancinet\u00a0<span id=\"21\" class=\"s-rg-t\">Camara<\/span>\u00a0n&rsquo;a pas m\u00e2ch\u00e9 ses mots \u00e0 l&rsquo;endroit du conseiller personnel de pr\u00e9sident Alpha cond\u00e9.<\/span><span id=\"p2\">\u00a0Le pr\u00e9sident de l&rsquo;union internationale des journalistes africains soutient que\u00a0<span id=\"32\" class=\"s-rg-t\">Tibou<\/span>\u00a0Kamara doit \u00eatre \u00e9cart\u00e9 du pouvoir Cond\u00e9.<\/span><\/strong><\/p>\n<p><span id=\"p53\">Apparemment, Tibou Kamara n&rsquo;est pas d\u00e9test\u00e9 que par certains militants du parti au pouvoir.<\/span><span id=\"p5\">\u00a0Il ne fait pas bonne presse chez certains partis politiques oppos\u00e9s au RPG\u00a0arc-en-ciel\u00a0\u00e0 l&rsquo;image de\u00a0<span id=\"36\" class=\"s-rg-t\">Lancinet<\/span>\u00a0<span id=\"37\" class=\"s-rg-t\">Camara<\/span>\u00a0sympathisant du parti des d\u00e9mocrates pour l&rsquo;espoir\u00a0<span id=\"p3\">(<span id=\"33\" class=\"s-rg-t\">PADES<\/span>)<\/span>.<\/span><span id=\"p6\"><\/p>\n<p>Cet ancien journaliste ne dig\u00e8re pas le fait que l&rsquo;ancien ministre de la Communication sous l&rsquo;\u00e8re feu G\u00e9n\u00e9ral\u00a0<span id=\"38\" class=\"s-rg-t\">Lansana<\/span>\u00a0Cont\u00e9 devenu\u00a0le bras droit d\u2019Alpha cond\u00e9.<\/span><span id=\"p7\">\u00a0Pour lui,\u00a0<span id=\"41\" class=\"s-rg-t\">Tibou<\/span>\u00a0Kamara \u00e0 flirter avec\u00a0<span id=\"42\" class=\"s-rg-t\">Yaya<\/span>\u00a0<span id=\"43\" class=\"s-rg-t\">Djamet<\/span>\u00a0ex\u00a0<span id=\"44\" class=\"s-rg-t\">pr\u00e9sident<\/span>\u00a0de la Gambie qui selon lui, a g\u00e9r\u00e9 son pays avec une main de fer et que\u00a0<span id=\"45\" class=\"s-rg-t\">Tibou<\/span>\u00a0Kamara en est en parti responsable.<\/span><span id=\"p8\"><\/p>\n<p>Il ne doit en aucun cas \u00eatre le conseiller du pr\u00e9sident Cond\u00e9 estime-<span id=\"46\">t-il<\/span>\u00a0\u00ab\u00a0<em><span id=\"47\">Tibou<\/span>\u00a0Kamara a prit beaucoup d&rsquo;argent avec\u00a0<span id=\"48\">Yaya<\/span>\u00a0<span id=\"49\">Djamet<\/span>, il l&rsquo;a tromp\u00e9.<\/em><\/span><span id=\"p9\"><em>\u00a0Comment ce\u00a0<span id=\"50\" class=\"s-rg-t\">Tibou<\/span>\u00a0Kamara qui a tremp\u00e9 dans les\u00a0<span id=\"51\" class=\"s-rg-t\">clims<\/span>\u00a0en Gambie, qui s&rsquo;est enrichit\u00a0illicitement, peut\u00a0devenir aujourd&rsquo;hui l&rsquo;un des conseillers les mieux \u00e9cout\u00e9s d\u2019Alpha cond\u00e9 \u00bb<\/em>, s&rsquo;interroge le pr\u00e9sident de l&rsquo;union internationale des journalistes africains.<\/span><span id=\"p10\">\u00a0<\/span><br \/>\n<span id=\"p11\">Poursuivant sa d\u00e9claration, le Doyen\u00a0<span id=\"24\" class=\"s-rg-t\">Lancinet<\/span>\u00a0<span id=\"25\" class=\"s-rg-t\">Camara<\/span>\u00a0a fait remarquer que le conseiller personnel d\u2019Alpha Cond\u00e9 repr\u00e9sente une menace pour la d\u00e9mocratie, m\u00eame s\u2019il ne souhaite pas son arrestation \u00ab <em>Je ne dis pas qu&rsquo;il faut le mettre en\u00a0prison, mais, il faut l&rsquo;\u00e9carter du pouvoir.<\/em><\/span><em><span id=\"p12\">\u00a0Qu&rsquo;est-ce qu&rsquo;il peut apporter ?<\/span><span id=\"p13\">\u00a0Si\u00a0<span id=\"27\" class=\"s-rg-t\">Tibou<\/span>\u00a0Kamara arrive \u00e0 prendre le\u00a0pouvoir, mais\u00a0s&rsquo;en\u00a0est\u00a0fini pour la d\u00e9mocratie et la justice.<\/span><\/em><span id=\"p14\"><em>\u00a0Il va tout faire pour prendre tous les march\u00e9s et il va s&rsquo;entourer des criminels et nous allons nous retrouver avec un pouvoir criminels \u00bb,<\/em> a conclu\u00a0<span id=\"30\">Lancinet<\/span>\u00a0<span id=\"31\">Camara<\/span>\u00a0tout en invitant les journalistes \u00e0 contribuer pour qu&rsquo;il y ait une alternative en 2020.<\/span><\/p>\n<p><strong>Mamadou Aliou Bangoura<\/strong><\/p>\n","protected":false},"excerpt":{"rendered":"<p>Lors d&rsquo;une conf\u00e9rence d\u00e9bat ce mercredi 15 novembre 2017 \u00e0 l&rsquo;espace Malick Cond\u00e9 de l&rsquo;universit\u00e9 Koffi Annan,\u00a0Lancinet\u00a0Camara\u00a0n&rsquo;a pas m\u00e2ch\u00e9 ses mots \u00e0 l&rsquo;endroit du conseiller personnel de pr\u00e9sident Alpha cond\u00e9.\u00a0Le pr\u00e9sident de l&rsquo;union internationale des journalistes africains soutient que\u00a0Tibou\u00a0Kamara doit \u00eatre \u00e9cart\u00e9 du pouvoir Cond\u00e9. Apparemment, Tibou Kamara n&rsquo;est pas d\u00e9test\u00e9 que par certains militants [&hellip;]<\/p>\n","protected":false},"author":12,"featured_media":22962,"comment_status":"closed","ping_status":"closed","sticky":false,"template":"","format":"standard","meta":{"_exactmetrics_skip_tracking":false,"_exactmetrics_sitenote_active":false,"_exactmetrics_sitenote_note":"","_exactmetrics_sitenote_category":0,"tdm_status":"","tdm_grid_status":"","footnotes":""},"categories":[14],"tags":[],"class_list":{"0":"post-22960","1":"post","2":"type-post","3":"status-publish","4":"format-standard","5":"has-post-thumbnail","7":"category-politique"},"yoast_head":"<!-- This site is optimized with the Yoast SEO plugin v24.2 - https:\/\/yoast.com\/wordpress\/plugins\/seo\/ -->\n<title>\u00abJ&#039;ai une dent contre\u00a0Tibou\u00a0Kamara\u00a0dixit\u00a0Lancinet\u00a0Camara\u00bb, le\u00a0pr\u00e9sident\u00a0de l&#039;union internationale des journalistes africains | Guin\u00e9e Diversit\u00e9<\/title>\n<meta name=\"robots\" content=\"index, follow, max-snippet:-1, max-image-preview:large, max-video-preview:-1\" \/>\n<link rel=\"canonical\" href=\"https:\/\/guineediversite.com\/index.php\/2017\/11\/17\/jai-dent-contre-tibou-kamara-dixit-lancinet-camara-president-de-lunion-internationale-journalistes-africains\/\" \/>\n<meta property=\"og:locale\" content=\"fr_FR\" \/>\n<meta property=\"og:type\" content=\"article\" \/>\n<meta property=\"og:title\" content=\"\u00abJ&#039;ai une dent contre\u00a0Tibou\u00a0Kamara\u00a0dixit\u00a0Lancinet\u00a0Camara\u00bb, le\u00a0pr\u00e9sident\u00a0de l&#039;union internationale des journalistes africains | Guin\u00e9e Diversit\u00e9\" \/>\n<meta property=\"og:description\" content=\"Lors d&rsquo;une conf\u00e9rence d\u00e9bat ce mercredi 15 novembre 2017 \u00e0 l&rsquo;espace Malick Cond\u00e9 de l&rsquo;universit\u00e9 Koffi Annan,\u00a0Lancinet\u00a0Camara\u00a0n&rsquo;a pas m\u00e2ch\u00e9 ses mots \u00e0 l&rsquo;endroit du conseiller personnel de pr\u00e9sident Alpha cond\u00e9.\u00a0Le pr\u00e9sident de l&rsquo;union internationale des journalistes africains soutient que\u00a0Tibou\u00a0Kamara doit \u00eatre \u00e9cart\u00e9 du pouvoir Cond\u00e9. Apparemment, Tibou Kamara n&rsquo;est pas d\u00e9test\u00e9 que par certains militants [&hellip;]\" \/>\n<meta property=\"og:url\" content=\"https:\/\/guineediversite.com\/index.php\/2017\/11\/17\/jai-dent-contre-tibou-kamara-dixit-lancinet-camara-president-de-lunion-internationale-journalistes-africains\/\" \/>\n<meta property=\"og:site_name\" content=\"Guin\u00e9e Diversit\u00e9\" \/>\n<meta property=\"article:publisher\" content=\"https:\/\/www.facebook.com\/guineediversite\/\" \/>\n<meta property=\"article:published_time\" content=\"2017-11-17T16:23:01+00:00\" \/>\n<meta property=\"article:modified_time\" content=\"2017-11-17T23:19:14+00:00\" \/>\n<meta property=\"og:image\" content=\"https:\/\/guineediversite.com\/wp-content\/uploads\/2017\/11\/IMG_20171115_155214.jpg\" \/>\n\t<meta property=\"og:image:width\" content=\"2560\" \/>\n\t<meta property=\"og:image:height\" content=\"1920\" \/>\n\t<meta property=\"og:image:type\" content=\"image\/jpeg\" \/>\n<meta name=\"author\" content=\"Guin\u00e9e Diversit\u00e9\" \/>\n<meta name=\"twitter:card\" content=\"summary_large_image\" \/>\n<meta name=\"twitter:creator\" content=\"@GuineeDiversite\" \/>\n<meta name=\"twitter:site\" content=\"@GuineeDiversite\" \/>\n<meta name=\"twitter:label1\" content=\"\u00c9crit par\" \/>\n\t<meta name=\"twitter:data1\" content=\"Guin\u00e9e Diversit\u00e9\" \/>\n\t<meta name=\"twitter:label2\" content=\"Dur\u00e9e de lecture estim\u00e9e\" \/>\n\t<meta name=\"twitter:data2\" content=\"2 minutes\" \/>\n<script type=\"application\/ld+json\" class=\"yoast-schema-graph\">{\"@context\":\"https:\/\/schema.org\",\"@graph\":[{\"@type\":\"Article\",\"@id\":\"https:\/\/guineediversite.com\/index.php\/2017\/11\/17\/jai-dent-contre-tibou-kamara-dixit-lancinet-camara-president-de-lunion-internationale-journalistes-africains\/#article\",\"isPartOf\":{\"@id\":\"https:\/\/guineediversite.com\/index.php\/2017\/11\/17\/jai-dent-contre-tibou-kamara-dixit-lancinet-camara-president-de-lunion-internationale-journalistes-africains\/\"},\"author\":{\"name\":\"Guin\u00e9e Diversit\u00e9\",\"@id\":\"https:\/\/guineediversite.com\/#\/schema\/person\/afa08fb34e7fc6e1feafc892612bc836\"},\"headline\":\"\u00abJ&rsquo;ai une dent contre\u00a0Tibou\u00a0Kamara\u00a0dixit\u00a0Lancinet\u00a0Camara\u00bb, le\u00a0pr\u00e9sident\u00a0de l&rsquo;union internationale des journalistes africains\",\"datePublished\":\"2017-11-17T16:23:01+00:00\",\"dateModified\":\"2017-11-17T23:19:14+00:00\",\"mainEntityOfPage\":{\"@id\":\"https:\/\/guineediversite.com\/index.php\/2017\/11\/17\/jai-dent-contre-tibou-kamara-dixit-lancinet-camara-president-de-lunion-internationale-journalistes-africains\/\"},\"wordCount\":389,\"publisher\":{\"@id\":\"https:\/\/guineediversite.com\/#organization\"},\"image\":{\"@id\":\"https:\/\/guineediversite.com\/index.php\/2017\/11\/17\/jai-dent-contre-tibou-kamara-dixit-lancinet-camara-president-de-lunion-internationale-journalistes-africains\/#primaryimage\"},\"thumbnailUrl\":\"https:\/\/guineediversite.com\/wp-content\/uploads\/2017\/11\/IMG_20171115_155214.jpg\",\"articleSection\":[\"Politique\"],\"inLanguage\":\"fr-FR\"},{\"@type\":\"WebPage\",\"@id\":\"https:\/\/guineediversite.com\/index.php\/2017\/11\/17\/jai-dent-contre-tibou-kamara-dixit-lancinet-camara-president-de-lunion-internationale-journalistes-africains\/\",\"url\":\"https:\/\/guineediversite.com\/index.php\/2017\/11\/17\/jai-dent-contre-tibou-kamara-dixit-lancinet-camara-president-de-lunion-internationale-journalistes-africains\/\",\"name\":\"\u00abJ'ai une dent contre\u00a0Tibou\u00a0Kamara\u00a0dixit\u00a0Lancinet\u00a0Camara\u00bb, le\u00a0pr\u00e9sident\u00a0de l'union internationale des journalistes africains | Guin\u00e9e Diversit\u00e9\",\"isPartOf\":{\"@id\":\"https:\/\/guineediversite.com\/#website\"},\"primaryImageOfPage\":{\"@id\":\"https:\/\/guineediversite.com\/index.php\/2017\/11\/17\/jai-dent-contre-tibou-kamara-dixit-lancinet-camara-president-de-lunion-internationale-journalistes-africains\/#primaryimage\"},\"image\":{\"@id\":\"https:\/\/guineediversite.com\/index.php\/2017\/11\/17\/jai-dent-contre-tibou-kamara-dixit-lancinet-camara-president-de-lunion-internationale-journalistes-africains\/#primaryimage\"},\"thumbnailUrl\":\"https:\/\/guineediversite.com\/wp-content\/uploads\/2017\/11\/IMG_20171115_155214.jpg\",\"datePublished\":\"2017-11-17T16:23:01+00:00\",\"dateModified\":\"2017-11-17T23:19:14+00:00\",\"breadcrumb\":{\"@id\":\"https:\/\/guineediversite.com\/index.php\/2017\/11\/17\/jai-dent-contre-tibou-kamara-dixit-lancinet-camara-president-de-lunion-internationale-journalistes-africains\/#breadcrumb\"},\"inLanguage\":\"fr-FR\",\"potentialAction\":[{\"@type\":\"ReadAction\",\"target\":[\"https:\/\/guineediversite.com\/index.php\/2017\/11\/17\/jai-dent-contre-tibou-kamara-dixit-lancinet-camara-president-de-lunion-internationale-journalistes-africains\/\"]}]},{\"@type\":\"ImageObject\",\"inLanguage\":\"fr-FR\",\"@id\":\"https:\/\/guineediversite.com\/index.php\/2017\/11\/17\/jai-dent-contre-tibou-kamara-dixit-lancinet-camara-president-de-lunion-internationale-journalistes-africains\/#primaryimage\",\"url\":\"https:\/\/guineediversite.com\/wp-content\/uploads\/2017\/11\/IMG_20171115_155214.jpg\",\"contentUrl\":\"https:\/\/guineediversite.com\/wp-content\/uploads\/2017\/11\/IMG_20171115_155214.jpg\",\"width\":2560,\"height\":1920},{\"@type\":\"BreadcrumbList\",\"@id\":\"https:\/\/guineediversite.com\/index.php\/2017\/11\/17\/jai-dent-contre-tibou-kamara-dixit-lancinet-camara-president-de-lunion-internationale-journalistes-africains\/#breadcrumb\",\"itemListElement\":[{\"@type\":\"ListItem\",\"position\":1,\"name\":\"Accueil\",\"item\":\"https:\/\/guineediversite.com\/\"},{\"@type\":\"ListItem\",\"position\":2,\"name\":\"\u00abJ&rsquo;ai une dent contre\u00a0Tibou\u00a0Kamara\u00a0dixit\u00a0Lancinet\u00a0Camara\u00bb, le\u00a0pr\u00e9sident\u00a0de l&rsquo;union internationale des journalistes africains\"}]},{\"@type\":\"WebSite\",\"@id\":\"https:\/\/guineediversite.com\/#website\",\"url\":\"https:\/\/guineediversite.com\/\",\"name\":\"Guin\u00e9e Diversit\u00e9\",\"description\":\"L&#039;Info dans toute sa diversit\u00e9\",\"publisher\":{\"@id\":\"https:\/\/guineediversite.com\/#organization\"},\"potentialAction\":[{\"@type\":\"SearchAction\",\"target\":{\"@type\":\"EntryPoint\",\"urlTemplate\":\"https:\/\/guineediversite.com\/?s={search_term_string}\"},\"query-input\":{\"@type\":\"PropertyValueSpecification\",\"valueRequired\":true,\"valueName\":\"search_term_string\"}}],\"inLanguage\":\"fr-FR\"},{\"@type\":\"Organization\",\"@id\":\"https:\/\/guineediversite.com\/#organization\",\"name\":\"Guin\u00e9e Diversit\u00e9\",\"url\":\"https:\/\/guineediversite.com\/\",\"logo\":{\"@type\":\"ImageObject\",\"inLanguage\":\"fr-FR\",\"@id\":\"https:\/\/guineediversite.com\/#\/schema\/logo\/image\/\",\"url\":\"https:\/\/guineediversite.com\/wp-content\/uploads\/2017\/04\/cropped-1jojlxEOMkX9Wyqfhe43D6kjPOGqBBKmx3EwWJqZ0cMrFF54yM49.png\",\"contentUrl\":\"https:\/\/guineediversite.com\/wp-content\/uploads\/2017\/04\/cropped-1jojlxEOMkX9Wyqfhe43D6kjPOGqBBKmx3EwWJqZ0cMrFF54yM49.png\",\"width\":186,\"height\":112,\"caption\":\"Guin\u00e9e Diversit\u00e9\"},\"image\":{\"@id\":\"https:\/\/guineediversite.com\/#\/schema\/logo\/image\/\"},\"sameAs\":[\"https:\/\/www.facebook.com\/guineediversite\/\",\"https:\/\/x.com\/GuineeDiversite\",\"https:\/\/www.youtube.com\/channel\/UC8sUY16qelG5ge6_D5SB83g\"]},{\"@type\":\"Person\",\"@id\":\"https:\/\/guineediversite.com\/#\/schema\/person\/afa08fb34e7fc6e1feafc892612bc836\",\"name\":\"Guin\u00e9e Diversit\u00e9\",\"image\":{\"@type\":\"ImageObject\",\"inLanguage\":\"fr-FR\",\"@id\":\"https:\/\/guineediversite.com\/#\/schema\/person\/image\/\",\"url\":\"https:\/\/secure.gravatar.com\/avatar\/50d5eb5b390f8b65ac30ac6f898eb83a?s=96&d=mm&r=g\",\"contentUrl\":\"https:\/\/secure.gravatar.com\/avatar\/50d5eb5b390f8b65ac30ac6f898eb83a?s=96&d=mm&r=g\",\"caption\":\"Guin\u00e9e Diversit\u00e9\"},\"url\":\"https:\/\/guineediversite.com\/index.php\/author\/guineediversite\/\"}]}<\/script>\n<!-- \/ Yoast SEO plugin. -->","yoast_head_json":{"title":"\u00abJ'ai une dent contre\u00a0Tibou\u00a0Kamara\u00a0dixit\u00a0Lancinet\u00a0Camara\u00bb, le\u00a0pr\u00e9sident\u00a0de l'union internationale des journalistes africains | Guin\u00e9e Diversit\u00e9","robots":{"index":"index","follow":"follow","max-snippet":"max-snippet:-1","max-image-preview":"max-image-preview:large","max-video-preview":"max-video-preview:-1"},"canonical":"https:\/\/guineediversite.com\/index.php\/2017\/11\/17\/jai-dent-contre-tibou-kamara-dixit-lancinet-camara-president-de-lunion-internationale-journalistes-africains\/","og_locale":"fr_FR","og_type":"article","og_title":"\u00abJ'ai une dent contre\u00a0Tibou\u00a0Kamara\u00a0dixit\u00a0Lancinet\u00a0Camara\u00bb, le\u00a0pr\u00e9sident\u00a0de l'union internationale des journalistes africains | Guin\u00e9e Diversit\u00e9","og_description":"Lors d&rsquo;une conf\u00e9rence d\u00e9bat ce mercredi 15 novembre 2017 \u00e0 l&rsquo;espace Malick Cond\u00e9 de l&rsquo;universit\u00e9 Koffi Annan,\u00a0Lancinet\u00a0Camara\u00a0n&rsquo;a pas m\u00e2ch\u00e9 ses mots \u00e0 l&rsquo;endroit du conseiller personnel de pr\u00e9sident Alpha cond\u00e9.\u00a0Le pr\u00e9sident de l&rsquo;union internationale des journalistes africains soutient que\u00a0Tibou\u00a0Kamara doit \u00eatre \u00e9cart\u00e9 du pouvoir Cond\u00e9. Apparemment, Tibou Kamara n&rsquo;est pas d\u00e9test\u00e9 que par certains militants [&hellip;]","og_url":"https:\/\/guineediversite.com\/index.php\/2017\/11\/17\/jai-dent-contre-tibou-kamara-dixit-lancinet-camara-president-de-lunion-internationale-journalistes-africains\/","og_site_name":"Guin\u00e9e Diversit\u00e9","article_publisher":"https:\/\/www.facebook.com\/guineediversite\/","article_published_time":"2017-11-17T16:23:01+00:00","article_modified_time":"2017-11-17T23:19:14+00:00","og_image":[{"width":2560,"height":1920,"url":"https:\/\/guineediversite.com\/wp-content\/uploads\/2017\/11\/IMG_20171115_155214.jpg","type":"image\/jpeg"}],"author":"Guin\u00e9e Diversit\u00e9","twitter_card":"summary_large_image","twitter_creator":"@GuineeDiversite","twitter_site":"@GuineeDiversite","twitter_misc":{"\u00c9crit par":"Guin\u00e9e Diversit\u00e9","Dur\u00e9e de lecture estim\u00e9e":"2 minutes"},"schema":{"@context":"https:\/\/schema.org","@graph":[{"@type":"Article","@id":"https:\/\/guineediversite.com\/index.php\/2017\/11\/17\/jai-dent-contre-tibou-kamara-dixit-lancinet-camara-president-de-lunion-internationale-journalistes-africains\/#article","isPartOf":{"@id":"https:\/\/guineediversite.com\/index.php\/2017\/11\/17\/jai-dent-contre-tibou-kamara-dixit-lancinet-camara-president-de-lunion-internationale-journalistes-africains\/"},"author":{"name":"Guin\u00e9e Diversit\u00e9","@id":"https:\/\/guineediversite.com\/#\/schema\/person\/afa08fb34e7fc6e1feafc892612bc836"},"headline":"\u00abJ&rsquo;ai une dent contre\u00a0Tibou\u00a0Kamara\u00a0dixit\u00a0Lancinet\u00a0Camara\u00bb, le\u00a0pr\u00e9sident\u00a0de l&rsquo;union internationale des journalistes africains","datePublished":"2017-11-17T16:23:01+00:00","dateModified":"2017-11-17T23:19:14+00:00","mainEntityOfPage":{"@id":"https:\/\/guineediversite.com\/index.php\/2017\/11\/17\/jai-dent-contre-tibou-kamara-dixit-lancinet-camara-president-de-lunion-internationale-journalistes-africains\/"},"wordCount":389,"publisher":{"@id":"https:\/\/guineediversite.com\/#organization"},"image":{"@id":"https:\/\/guineediversite.com\/index.php\/2017\/11\/17\/jai-dent-contre-tibou-kamara-dixit-lancinet-camara-president-de-lunion-internationale-journalistes-africains\/#primaryimage"},"thumbnailUrl":"https:\/\/guineediversite.com\/wp-content\/uploads\/2017\/11\/IMG_20171115_155214.jpg","articleSection":["Politique"],"inLanguage":"fr-FR"},{"@type":"WebPage","@id":"https:\/\/guineediversite.com\/index.php\/2017\/11\/17\/jai-dent-contre-tibou-kamara-dixit-lancinet-camara-president-de-lunion-internationale-journalistes-africains\/","url":"https:\/\/guineediversite.com\/index.php\/2017\/11\/17\/jai-dent-contre-tibou-kamara-dixit-lancinet-camara-president-de-lunion-internationale-journalistes-africains\/","name":"\u00abJ'ai une dent contre\u00a0Tibou\u00a0Kamara\u00a0dixit\u00a0Lancinet\u00a0Camara\u00bb, le\u00a0pr\u00e9sident\u00a0de l'union internationale des journalistes africains | Guin\u00e9e Diversit\u00e9","isPartOf":{"@id":"https:\/\/guineediversite.com\/#website"},"primaryImageOfPage":{"@id":"https:\/\/guineediversite.com\/index.php\/2017\/11\/17\/jai-dent-contre-tibou-kamara-dixit-lancinet-camara-president-de-lunion-internationale-journalistes-africains\/#primaryimage"},"image":{"@id":"https:\/\/guineediversite.com\/index.php\/2017\/11\/17\/jai-dent-contre-tibou-kamara-dixit-lancinet-camara-president-de-lunion-internationale-journalistes-africains\/#primaryimage"},"thumbnailUrl":"https:\/\/guineediversite.com\/wp-content\/uploads\/2017\/11\/IMG_20171115_155214.jpg","datePublished":"2017-11-17T16:23:01+00:00","dateModified":"2017-11-17T23:19:14+00:00","breadcrumb":{"@id":"https:\/\/guineediversite.com\/index.php\/2017\/11\/17\/jai-dent-contre-tibou-kamara-dixit-lancinet-camara-president-de-lunion-internationale-journalistes-africains\/#breadcrumb"},"inLanguage":"fr-FR","potentialAction":[{"@type":"ReadAction","target":["https:\/\/guineediversite.com\/index.php\/2017\/11\/17\/jai-dent-contre-tibou-kamara-dixit-lancinet-camara-president-de-lunion-internationale-journalistes-africains\/"]}]},{"@type":"ImageObject","inLanguage":"fr-FR","@id":"https:\/\/guineediversite.com\/index.php\/2017\/11\/17\/jai-dent-contre-tibou-kamara-dixit-lancinet-camara-president-de-lunion-internationale-journalistes-africains\/#primaryimage","url":"https:\/\/guineediversite.com\/wp-content\/uploads\/2017\/11\/IMG_20171115_155214.jpg","contentUrl":"https:\/\/guineediversite.com\/wp-content\/uploads\/2017\/11\/IMG_20171115_155214.jpg","width":2560,"height":1920},{"@type":"BreadcrumbList","@id":"https:\/\/guineediversite.com\/index.php\/2017\/11\/17\/jai-dent-contre-tibou-kamara-dixit-lancinet-camara-president-de-lunion-internationale-journalistes-africains\/#breadcrumb","itemListElement":[{"@type":"ListItem","position":1,"name":"Accueil","item":"https:\/\/guineediversite.com\/"},{"@type":"ListItem","position":2,"name":"\u00abJ&rsquo;ai une dent contre\u00a0Tibou\u00a0Kamara\u00a0dixit\u00a0Lancinet\u00a0Camara\u00bb, le\u00a0pr\u00e9sident\u00a0de l&rsquo;union internationale des journalistes africains"}]},{"@type":"WebSite","@id":"https:\/\/guineediversite.com\/#website","url":"https:\/\/guineediversite.com\/","name":"Guin\u00e9e Diversit\u00e9","description":"L&#039;Info dans toute sa diversit\u00e9","publisher":{"@id":"https:\/\/guineediversite.com\/#organization"},"potentialAction":[{"@type":"SearchAction","target":{"@type":"EntryPoint","urlTemplate":"https:\/\/guineediversite.com\/?s={search_term_string}"},"query-input":{"@type":"PropertyValueSpecification","valueRequired":true,"valueName":"search_term_string"}}],"inLanguage":"fr-FR"},{"@type":"Organization","@id":"https:\/\/guineediversite.com\/#organization","name":"Guin\u00e9e Diversit\u00e9","url":"https:\/\/guineediversite.com\/","logo":{"@type":"ImageObject","inLanguage":"fr-FR","@id":"https:\/\/guineediversite.com\/#\/schema\/logo\/image\/","url":"https:\/\/guineediversite.com\/wp-content\/uploads\/2017\/04\/cropped-1jojlxEOMkX9Wyqfhe43D6kjPOGqBBKmx3EwWJqZ0cMrFF54yM49.png","contentUrl":"https:\/\/guineediversite.com\/wp-content\/uploads\/2017\/04\/cropped-1jojlxEOMkX9Wyqfhe43D6kjPOGqBBKmx3EwWJqZ0cMrFF54yM49.png","width":186,"height":112,"caption":"Guin\u00e9e Diversit\u00e9"},"image":{"@id":"https:\/\/guineediversite.com\/#\/schema\/logo\/image\/"},"sameAs":["https:\/\/www.facebook.com\/guineediversite\/","https:\/\/x.com\/GuineeDiversite","https:\/\/www.youtube.com\/channel\/UC8sUY16qelG5ge6_D5SB83g"]},{"@type":"Person","@id":"https:\/\/guineediversite.com\/#\/schema\/person\/afa08fb34e7fc6e1feafc892612bc836","name":"Guin\u00e9e Diversit\u00e9","image":{"@type":"ImageObject","inLanguage":"fr-FR","@id":"https:\/\/guineediversite.com\/#\/schema\/person\/image\/","url":"https:\/\/secure.gravatar.com\/avatar\/50d5eb5b390f8b65ac30ac6f898eb83a?s=96&d=mm&r=g","contentUrl":"https:\/\/secure.gravatar.com\/avatar\/50d5eb5b390f8b65ac30ac6f898eb83a?s=96&d=mm&r=g","caption":"Guin\u00e9e Diversit\u00e9"},"url":"https:\/\/guineediversite.com\/index.php\/author\/guineediversite\/"}]}},"_links":{"self":[{"href":"https:\/\/guineediversite.com\/index.php\/wp-json\/wp\/v2\/posts\/22960"}],"collection":[{"href":"https:\/\/guineediversite.com\/index.php\/wp-json\/wp\/v2\/posts"}],"about":[{"href":"https:\/\/guineediversite.com\/index.php\/wp-json\/wp\/v2\/types\/post"}],"author":[{"embeddable":true,"href":"https:\/\/guineediversite.com\/index.php\/wp-json\/wp\/v2\/users\/12"}],"replies":[{"embeddable":true,"href":"https:\/\/guineediversite.com\/index.php\/wp-json\/wp\/v2\/comments?post=22960"}],"version-history":[{"count":0,"href":"https:\/\/guineediversite.com\/index.php\/wp-json\/wp\/v2\/posts\/22960\/revisions"}],"wp:featuredmedia":[{"embeddable":true,"href":"https:\/\/guineediversite.com\/index.php\/wp-json\/wp\/v2\/media\/22962"}],"wp:attachment":[{"href":"https:\/\/guineediversite.com\/index.php\/wp-json\/wp\/v2\/media?parent=22960"}],"wp:term":[{"taxonomy":"category","embeddable":true,"href":"https:\/\/guineediversite.com\/index.php\/wp-json\/wp\/v2\/categories?post=22960"},{"taxonomy":"post_tag","embeddable":true,"href":"https:\/\/guineediversite.com\/index.php\/wp-json\/wp\/v2\/tags?post=22960"}],"curies":[{"name":"wp","href":"https:\/\/api.w.org\/{rel}","templated":true}]}}