{"id":22948,"date":"2017-11-17T16:13:41","date_gmt":"2017-11-17T15:13:41","guid":{"rendered":"https:\/\/guineediversite.com\/?p=22948"},"modified":"2017-11-17T16:13:41","modified_gmt":"2017-11-17T15:13:41","slug":"violence-journalistes-associations-de-presse-porte-plainte","status":"publish","type":"post","link":"https:\/\/guineediversite.com\/index.php\/2017\/11\/17\/violence-journalistes-associations-de-presse-porte-plainte\/","title":{"rendered":"Violence sur les journalistes: Les associations de presse porte plainte"},"content":{"rendered":"<p><strong>Les associations de presse et les avocats des journalistes victimes de violence \u00e0 l\u2019escadron mobile num\u00e9ro 3\u00a0 de Matam ont d\u00e9pos\u00e9 leur plainte contre les officiers de police judiciaires du dit escadron. Comme il s\u2019agit d\u2019une plainte contre des OPJ, des dispositions interviendront avant l\u2019ouverture d\u2019un proc\u00e8s.<\/strong><\/p>\n<p>La plainte qui devrait \u00eatre d\u00e9pos\u00e9 par les journalistes contre les officiers de police judicaires pour coups et blessures volontaires, menace et destruction de biens priv\u00e9s a \u00e9t\u00e9 finalement transmis ce jeudi au procureur g\u00e9n\u00e9ral pr\u00e8s de la cour d\u2019appel de Conakry indique l\u2019avocat des victimes Me Salifou B\u00e9avogui<\/p>\n<p><em>\u00ab\u00a0La plainte a \u00e9t\u00e9 d\u00e9pos\u00e9e sous le num\u00e9ro 735 du 16 novembre 2017 au nom de Monsieur Talib\u00e9 Barry et autres contre le colonel Mamadou Cir\u00e9 Bah, Commandant Alseny Sylla, commandant Lancey Camara et autres. Toute\u00a0 personne que l\u2019enqu\u00eate d\u00e9terminera et nous n\u2019avons pas manqu\u00e9 \u00e0 lui dire que nous d\u00e9posons la plainte, nous souhaitons que force reste \u00e0 la loi parce que nul n\u2019est au dessus de la loi\u00a0\u00bb<\/em> soutien l\u2019avocat. Il faut toute fois noter que dans cette affaire il existe une certaines particularit\u00e9, puis que ce sont des officiers de polices judicaires qui sont cit\u00e9s, a ce niveau la loi pr\u00e9voit un privil\u00e8ge de juridiction et Me Salif B\u00e9avogui souligne\u00a0 ces dispositions du code de proc\u00e9dure p\u00e9nal\u00a0:<\/p>\n<p><em>\u00ab\u00a0Un privil\u00e8ge de juridiction pr\u00e9vu par les dispositions des articles 753 \u00e0 758 du nouveau code de proc\u00e9dure p\u00e9nal. Il ya une note de service qui a \u00e9t\u00e9 prise le 12 Avril 2016 sous le num\u00e9ro 164 par Monsieur le procureur g\u00e9n\u00e9ral, qui cr\u00e9e une commission de poursuite des infractions commises par les officiers de police judicaires. Donc la plainte \u00e9tant d\u00e9pos\u00e9e, le pr\u00e9sident de cette commission je pense se saisira automatiquement de la plainte et va lancer les convocations\u00a0\u00bb<\/em> a-t-il dit<\/p>\n<p>Pour rappel, cette affaire remonte au 31 Octobre dernier quand les journalistes de la presse priv\u00e9e venus \u00e0 l\u2019escadron mobile num\u00e9ro 3 de Matam en soutien au coordinateur g\u00e9n\u00e9ral de Group Gangan ont \u00e9t\u00e9 violent\u00e9s et leurs mat\u00e9riels de travail d\u00e9truit par les agents du dit escadron.<\/p>\n<p>&nbsp;<\/p>\n","protected":false},"excerpt":{"rendered":"<p>Les associations de presse et les avocats des journalistes victimes de violence \u00e0 l\u2019escadron mobile num\u00e9ro 3\u00a0 de Matam ont d\u00e9pos\u00e9 leur plainte contre les officiers de police judiciaires du dit escadron. Comme il s\u2019agit d\u2019une plainte contre des OPJ, des dispositions interviendront avant l\u2019ouverture d\u2019un proc\u00e8s. La plainte qui devrait \u00eatre d\u00e9pos\u00e9 par les [&hellip;]<\/p>\n","protected":false},"author":16,"featured_media":22952,"comment_status":"closed","ping_status":"closed","sticky":false,"template":"","format":"standard","meta":{"_exactmetrics_skip_tracking":false,"_exactmetrics_sitenote_active":false,"_exactmetrics_sitenote_note":"","_exactmetrics_sitenote_category":0,"tdm_status":"","tdm_grid_status":"","footnotes":""},"categories":[16],"tags":[337],"class_list":{"0":"post-22948","1":"post","2":"type-post","3":"status-publish","4":"format-standard","5":"has-post-thumbnail","7":"category-societe","8":"tag-violence-journaliste"},"yoast_head":"<!-- This site is optimized with the Yoast SEO plugin v24.2 - https:\/\/yoast.com\/wordpress\/plugins\/seo\/ -->\n<title>Violence sur les journalistes: Les associations de presse porte plainte | Guin\u00e9e Diversit\u00e9<\/title>\n<meta name=\"robots\" content=\"index, follow, max-snippet:-1, max-image-preview:large, max-video-preview:-1\" \/>\n<link rel=\"canonical\" href=\"https:\/\/guineediversite.com\/index.php\/2017\/11\/17\/violence-journalistes-associations-de-presse-porte-plainte\/\" \/>\n<meta property=\"og:locale\" content=\"fr_FR\" \/>\n<meta property=\"og:type\" content=\"article\" \/>\n<meta property=\"og:title\" content=\"Violence sur les journalistes: Les associations de presse porte plainte | Guin\u00e9e Diversit\u00e9\" \/>\n<meta property=\"og:description\" content=\"Les associations de presse et les avocats des journalistes victimes de violence \u00e0 l\u2019escadron mobile num\u00e9ro 3\u00a0 de Matam ont d\u00e9pos\u00e9 leur plainte contre les officiers de police judiciaires du dit escadron. Comme il s\u2019agit d\u2019une plainte contre des OPJ, des dispositions interviendront avant l\u2019ouverture d\u2019un proc\u00e8s. La plainte qui devrait \u00eatre d\u00e9pos\u00e9 par les [&hellip;]\" \/>\n<meta property=\"og:url\" content=\"https:\/\/guineediversite.com\/index.php\/2017\/11\/17\/violence-journalistes-associations-de-presse-porte-plainte\/\" \/>\n<meta property=\"og:site_name\" content=\"Guin\u00e9e Diversit\u00e9\" \/>\n<meta property=\"article:publisher\" content=\"https:\/\/www.facebook.com\/guineediversite\/\" \/>\n<meta property=\"article:published_time\" content=\"2017-11-17T15:13:41+00:00\" \/>\n<meta property=\"og:image\" content=\"https:\/\/guineediversite.com\/wp-content\/uploads\/2017\/11\/20171117_121216.jpg\" \/>\n\t<meta property=\"og:image:width\" content=\"1044\" \/>\n\t<meta property=\"og:image:height\" content=\"891\" \/>\n\t<meta property=\"og:image:type\" content=\"image\/jpeg\" \/>\n<meta name=\"author\" content=\"Moussa Mo\u00efse K\u00e9ita\" \/>\n<meta name=\"twitter:card\" content=\"summary_large_image\" \/>\n<meta name=\"twitter:creator\" content=\"@GuineeDiversite\" \/>\n<meta name=\"twitter:site\" content=\"@GuineeDiversite\" \/>\n<meta name=\"twitter:label1\" content=\"\u00c9crit par\" \/>\n\t<meta name=\"twitter:data1\" content=\"Moussa Mo\u00efse K\u00e9ita\" \/>\n\t<meta name=\"twitter:label2\" content=\"Dur\u00e9e de lecture estim\u00e9e\" \/>\n\t<meta name=\"twitter:data2\" content=\"2 minutes\" \/>\n<script type=\"application\/ld+json\" class=\"yoast-schema-graph\">{\"@context\":\"https:\/\/schema.org\",\"@graph\":[{\"@type\":\"Article\",\"@id\":\"https:\/\/guineediversite.com\/index.php\/2017\/11\/17\/violence-journalistes-associations-de-presse-porte-plainte\/#article\",\"isPartOf\":{\"@id\":\"https:\/\/guineediversite.com\/index.php\/2017\/11\/17\/violence-journalistes-associations-de-presse-porte-plainte\/\"},\"author\":{\"name\":\"Moussa Mo\u00efse K\u00e9ita\",\"@id\":\"https:\/\/guineediversite.com\/#\/schema\/person\/079ec347f72d2acde4b56a50a4fd46dc\"},\"headline\":\"Violence sur les journalistes: Les associations de presse porte plainte\",\"datePublished\":\"2017-11-17T15:13:41+00:00\",\"dateModified\":\"2017-11-17T15:13:41+00:00\",\"mainEntityOfPage\":{\"@id\":\"https:\/\/guineediversite.com\/index.php\/2017\/11\/17\/violence-journalistes-associations-de-presse-porte-plainte\/\"},\"wordCount\":391,\"publisher\":{\"@id\":\"https:\/\/guineediversite.com\/#organization\"},\"image\":{\"@id\":\"https:\/\/guineediversite.com\/index.php\/2017\/11\/17\/violence-journalistes-associations-de-presse-porte-plainte\/#primaryimage\"},\"thumbnailUrl\":\"https:\/\/guineediversite.com\/wp-content\/uploads\/2017\/11\/20171117_121216.jpg\",\"keywords\":[\"violence journaliste\"],\"articleSection\":[\"Soci\u00e9t\u00e9\"],\"inLanguage\":\"fr-FR\"},{\"@type\":\"WebPage\",\"@id\":\"https:\/\/guineediversite.com\/index.php\/2017\/11\/17\/violence-journalistes-associations-de-presse-porte-plainte\/\",\"url\":\"https:\/\/guineediversite.com\/index.php\/2017\/11\/17\/violence-journalistes-associations-de-presse-porte-plainte\/\",\"name\":\"Violence sur les journalistes: Les associations de presse porte plainte | Guin\u00e9e Diversit\u00e9\",\"isPartOf\":{\"@id\":\"https:\/\/guineediversite.com\/#website\"},\"primaryImageOfPage\":{\"@id\":\"https:\/\/guineediversite.com\/index.php\/2017\/11\/17\/violence-journalistes-associations-de-presse-porte-plainte\/#primaryimage\"},\"image\":{\"@id\":\"https:\/\/guineediversite.com\/index.php\/2017\/11\/17\/violence-journalistes-associations-de-presse-porte-plainte\/#primaryimage\"},\"thumbnailUrl\":\"https:\/\/guineediversite.com\/wp-content\/uploads\/2017\/11\/20171117_121216.jpg\",\"datePublished\":\"2017-11-17T15:13:41+00:00\",\"dateModified\":\"2017-11-17T15:13:41+00:00\",\"breadcrumb\":{\"@id\":\"https:\/\/guineediversite.com\/index.php\/2017\/11\/17\/violence-journalistes-associations-de-presse-porte-plainte\/#breadcrumb\"},\"inLanguage\":\"fr-FR\",\"potentialAction\":[{\"@type\":\"ReadAction\",\"target\":[\"https:\/\/guineediversite.com\/index.php\/2017\/11\/17\/violence-journalistes-associations-de-presse-porte-plainte\/\"]}]},{\"@type\":\"ImageObject\",\"inLanguage\":\"fr-FR\",\"@id\":\"https:\/\/guineediversite.com\/index.php\/2017\/11\/17\/violence-journalistes-associations-de-presse-porte-plainte\/#primaryimage\",\"url\":\"https:\/\/guineediversite.com\/wp-content\/uploads\/2017\/11\/20171117_121216.jpg\",\"contentUrl\":\"https:\/\/guineediversite.com\/wp-content\/uploads\/2017\/11\/20171117_121216.jpg\",\"width\":1044,\"height\":891},{\"@type\":\"BreadcrumbList\",\"@id\":\"https:\/\/guineediversite.com\/index.php\/2017\/11\/17\/violence-journalistes-associations-de-presse-porte-plainte\/#breadcrumb\",\"itemListElement\":[{\"@type\":\"ListItem\",\"position\":1,\"name\":\"Accueil\",\"item\":\"https:\/\/guineediversite.com\/\"},{\"@type\":\"ListItem\",\"position\":2,\"name\":\"Violence sur les journalistes: Les associations de presse porte plainte\"}]},{\"@type\":\"WebSite\",\"@id\":\"https:\/\/guineediversite.com\/#website\",\"url\":\"https:\/\/guineediversite.com\/\",\"name\":\"Guin\u00e9e Diversit\u00e9\",\"description\":\"L&#039;Info dans toute sa diversit\u00e9\",\"publisher\":{\"@id\":\"https:\/\/guineediversite.com\/#organization\"},\"potentialAction\":[{\"@type\":\"SearchAction\",\"target\":{\"@type\":\"EntryPoint\",\"urlTemplate\":\"https:\/\/guineediversite.com\/?s={search_term_string}\"},\"query-input\":{\"@type\":\"PropertyValueSpecification\",\"valueRequired\":true,\"valueName\":\"search_term_string\"}}],\"inLanguage\":\"fr-FR\"},{\"@type\":\"Organization\",\"@id\":\"https:\/\/guineediversite.com\/#organization\",\"name\":\"Guin\u00e9e Diversit\u00e9\",\"url\":\"https:\/\/guineediversite.com\/\",\"logo\":{\"@type\":\"ImageObject\",\"inLanguage\":\"fr-FR\",\"@id\":\"https:\/\/guineediversite.com\/#\/schema\/logo\/image\/\",\"url\":\"https:\/\/guineediversite.com\/wp-content\/uploads\/2017\/04\/cropped-1jojlxEOMkX9Wyqfhe43D6kjPOGqBBKmx3EwWJqZ0cMrFF54yM49.png\",\"contentUrl\":\"https:\/\/guineediversite.com\/wp-content\/uploads\/2017\/04\/cropped-1jojlxEOMkX9Wyqfhe43D6kjPOGqBBKmx3EwWJqZ0cMrFF54yM49.png\",\"width\":186,\"height\":112,\"caption\":\"Guin\u00e9e Diversit\u00e9\"},\"image\":{\"@id\":\"https:\/\/guineediversite.com\/#\/schema\/logo\/image\/\"},\"sameAs\":[\"https:\/\/www.facebook.com\/guineediversite\/\",\"https:\/\/x.com\/GuineeDiversite\",\"https:\/\/www.youtube.com\/channel\/UC8sUY16qelG5ge6_D5SB83g\"]},{\"@type\":\"Person\",\"@id\":\"https:\/\/guineediversite.com\/#\/schema\/person\/079ec347f72d2acde4b56a50a4fd46dc\",\"name\":\"Moussa Mo\u00efse K\u00e9ita\",\"image\":{\"@type\":\"ImageObject\",\"inLanguage\":\"fr-FR\",\"@id\":\"https:\/\/guineediversite.com\/#\/schema\/person\/image\/\",\"url\":\"https:\/\/secure.gravatar.com\/avatar\/edf1ea2cc01841e6c0b49384bcb1385b?s=96&d=mm&r=g\",\"contentUrl\":\"https:\/\/secure.gravatar.com\/avatar\/edf1ea2cc01841e6c0b49384bcb1385b?s=96&d=mm&r=g\",\"caption\":\"Moussa Mo\u00efse K\u00e9ita\"},\"url\":\"https:\/\/guineediversite.com\/index.php\/author\/moussa-moise\/\"}]}<\/script>\n<!-- \/ Yoast SEO plugin. -->","yoast_head_json":{"title":"Violence sur les journalistes: Les associations de presse porte plainte | Guin\u00e9e Diversit\u00e9","robots":{"index":"index","follow":"follow","max-snippet":"max-snippet:-1","max-image-preview":"max-image-preview:large","max-video-preview":"max-video-preview:-1"},"canonical":"https:\/\/guineediversite.com\/index.php\/2017\/11\/17\/violence-journalistes-associations-de-presse-porte-plainte\/","og_locale":"fr_FR","og_type":"article","og_title":"Violence sur les journalistes: Les associations de presse porte plainte | Guin\u00e9e Diversit\u00e9","og_description":"Les associations de presse et les avocats des journalistes victimes de violence \u00e0 l\u2019escadron mobile num\u00e9ro 3\u00a0 de Matam ont d\u00e9pos\u00e9 leur plainte contre les officiers de police judiciaires du dit escadron. Comme il s\u2019agit d\u2019une plainte contre des OPJ, des dispositions interviendront avant l\u2019ouverture d\u2019un proc\u00e8s. La plainte qui devrait \u00eatre d\u00e9pos\u00e9 par les [&hellip;]","og_url":"https:\/\/guineediversite.com\/index.php\/2017\/11\/17\/violence-journalistes-associations-de-presse-porte-plainte\/","og_site_name":"Guin\u00e9e Diversit\u00e9","article_publisher":"https:\/\/www.facebook.com\/guineediversite\/","article_published_time":"2017-11-17T15:13:41+00:00","og_image":[{"width":1044,"height":891,"url":"https:\/\/guineediversite.com\/wp-content\/uploads\/2017\/11\/20171117_121216.jpg","type":"image\/jpeg"}],"author":"Moussa Mo\u00efse K\u00e9ita","twitter_card":"summary_large_image","twitter_creator":"@GuineeDiversite","twitter_site":"@GuineeDiversite","twitter_misc":{"\u00c9crit par":"Moussa Mo\u00efse K\u00e9ita","Dur\u00e9e de lecture estim\u00e9e":"2 minutes"},"schema":{"@context":"https:\/\/schema.org","@graph":[{"@type":"Article","@id":"https:\/\/guineediversite.com\/index.php\/2017\/11\/17\/violence-journalistes-associations-de-presse-porte-plainte\/#article","isPartOf":{"@id":"https:\/\/guineediversite.com\/index.php\/2017\/11\/17\/violence-journalistes-associations-de-presse-porte-plainte\/"},"author":{"name":"Moussa Mo\u00efse K\u00e9ita","@id":"https:\/\/guineediversite.com\/#\/schema\/person\/079ec347f72d2acde4b56a50a4fd46dc"},"headline":"Violence sur les journalistes: Les associations de presse porte plainte","datePublished":"2017-11-17T15:13:41+00:00","dateModified":"2017-11-17T15:13:41+00:00","mainEntityOfPage":{"@id":"https:\/\/guineediversite.com\/index.php\/2017\/11\/17\/violence-journalistes-associations-de-presse-porte-plainte\/"},"wordCount":391,"publisher":{"@id":"https:\/\/guineediversite.com\/#organization"},"image":{"@id":"https:\/\/guineediversite.com\/index.php\/2017\/11\/17\/violence-journalistes-associations-de-presse-porte-plainte\/#primaryimage"},"thumbnailUrl":"https:\/\/guineediversite.com\/wp-content\/uploads\/2017\/11\/20171117_121216.jpg","keywords":["violence journaliste"],"articleSection":["Soci\u00e9t\u00e9"],"inLanguage":"fr-FR"},{"@type":"WebPage","@id":"https:\/\/guineediversite.com\/index.php\/2017\/11\/17\/violence-journalistes-associations-de-presse-porte-plainte\/","url":"https:\/\/guineediversite.com\/index.php\/2017\/11\/17\/violence-journalistes-associations-de-presse-porte-plainte\/","name":"Violence sur les journalistes: Les associations de presse porte plainte | Guin\u00e9e Diversit\u00e9","isPartOf":{"@id":"https:\/\/guineediversite.com\/#website"},"primaryImageOfPage":{"@id":"https:\/\/guineediversite.com\/index.php\/2017\/11\/17\/violence-journalistes-associations-de-presse-porte-plainte\/#primaryimage"},"image":{"@id":"https:\/\/guineediversite.com\/index.php\/2017\/11\/17\/violence-journalistes-associations-de-presse-porte-plainte\/#primaryimage"},"thumbnailUrl":"https:\/\/guineediversite.com\/wp-content\/uploads\/2017\/11\/20171117_121216.jpg","datePublished":"2017-11-17T15:13:41+00:00","dateModified":"2017-11-17T15:13:41+00:00","breadcrumb":{"@id":"https:\/\/guineediversite.com\/index.php\/2017\/11\/17\/violence-journalistes-associations-de-presse-porte-plainte\/#breadcrumb"},"inLanguage":"fr-FR","potentialAction":[{"@type":"ReadAction","target":["https:\/\/guineediversite.com\/index.php\/2017\/11\/17\/violence-journalistes-associations-de-presse-porte-plainte\/"]}]},{"@type":"ImageObject","inLanguage":"fr-FR","@id":"https:\/\/guineediversite.com\/index.php\/2017\/11\/17\/violence-journalistes-associations-de-presse-porte-plainte\/#primaryimage","url":"https:\/\/guineediversite.com\/wp-content\/uploads\/2017\/11\/20171117_121216.jpg","contentUrl":"https:\/\/guineediversite.com\/wp-content\/uploads\/2017\/11\/20171117_121216.jpg","width":1044,"height":891},{"@type":"BreadcrumbList","@id":"https:\/\/guineediversite.com\/index.php\/2017\/11\/17\/violence-journalistes-associations-de-presse-porte-plainte\/#breadcrumb","itemListElement":[{"@type":"ListItem","position":1,"name":"Accueil","item":"https:\/\/guineediversite.com\/"},{"@type":"ListItem","position":2,"name":"Violence sur les journalistes: Les associations de presse porte plainte"}]},{"@type":"WebSite","@id":"https:\/\/guineediversite.com\/#website","url":"https:\/\/guineediversite.com\/","name":"Guin\u00e9e Diversit\u00e9","description":"L&#039;Info dans toute sa diversit\u00e9","publisher":{"@id":"https:\/\/guineediversite.com\/#organization"},"potentialAction":[{"@type":"SearchAction","target":{"@type":"EntryPoint","urlTemplate":"https:\/\/guineediversite.com\/?s={search_term_string}"},"query-input":{"@type":"PropertyValueSpecification","valueRequired":true,"valueName":"search_term_string"}}],"inLanguage":"fr-FR"},{"@type":"Organization","@id":"https:\/\/guineediversite.com\/#organization","name":"Guin\u00e9e Diversit\u00e9","url":"https:\/\/guineediversite.com\/","logo":{"@type":"ImageObject","inLanguage":"fr-FR","@id":"https:\/\/guineediversite.com\/#\/schema\/logo\/image\/","url":"https:\/\/guineediversite.com\/wp-content\/uploads\/2017\/04\/cropped-1jojlxEOMkX9Wyqfhe43D6kjPOGqBBKmx3EwWJqZ0cMrFF54yM49.png","contentUrl":"https:\/\/guineediversite.com\/wp-content\/uploads\/2017\/04\/cropped-1jojlxEOMkX9Wyqfhe43D6kjPOGqBBKmx3EwWJqZ0cMrFF54yM49.png","width":186,"height":112,"caption":"Guin\u00e9e Diversit\u00e9"},"image":{"@id":"https:\/\/guineediversite.com\/#\/schema\/logo\/image\/"},"sameAs":["https:\/\/www.facebook.com\/guineediversite\/","https:\/\/x.com\/GuineeDiversite","https:\/\/www.youtube.com\/channel\/UC8sUY16qelG5ge6_D5SB83g"]},{"@type":"Person","@id":"https:\/\/guineediversite.com\/#\/schema\/person\/079ec347f72d2acde4b56a50a4fd46dc","name":"Moussa Mo\u00efse K\u00e9ita","image":{"@type":"ImageObject","inLanguage":"fr-FR","@id":"https:\/\/guineediversite.com\/#\/schema\/person\/image\/","url":"https:\/\/secure.gravatar.com\/avatar\/edf1ea2cc01841e6c0b49384bcb1385b?s=96&d=mm&r=g","contentUrl":"https:\/\/secure.gravatar.com\/avatar\/edf1ea2cc01841e6c0b49384bcb1385b?s=96&d=mm&r=g","caption":"Moussa Mo\u00efse K\u00e9ita"},"url":"https:\/\/guineediversite.com\/index.php\/author\/moussa-moise\/"}]}},"_links":{"self":[{"href":"https:\/\/guineediversite.com\/index.php\/wp-json\/wp\/v2\/posts\/22948"}],"collection":[{"href":"https:\/\/guineediversite.com\/index.php\/wp-json\/wp\/v2\/posts"}],"about":[{"href":"https:\/\/guineediversite.com\/index.php\/wp-json\/wp\/v2\/types\/post"}],"author":[{"embeddable":true,"href":"https:\/\/guineediversite.com\/index.php\/wp-json\/wp\/v2\/users\/16"}],"replies":[{"embeddable":true,"href":"https:\/\/guineediversite.com\/index.php\/wp-json\/wp\/v2\/comments?post=22948"}],"version-history":[{"count":0,"href":"https:\/\/guineediversite.com\/index.php\/wp-json\/wp\/v2\/posts\/22948\/revisions"}],"wp:featuredmedia":[{"embeddable":true,"href":"https:\/\/guineediversite.com\/index.php\/wp-json\/wp\/v2\/media\/22952"}],"wp:attachment":[{"href":"https:\/\/guineediversite.com\/index.php\/wp-json\/wp\/v2\/media?parent=22948"}],"wp:term":[{"taxonomy":"category","embeddable":true,"href":"https:\/\/guineediversite.com\/index.php\/wp-json\/wp\/v2\/categories?post=22948"},{"taxonomy":"post_tag","embeddable":true,"href":"https:\/\/guineediversite.com\/index.php\/wp-json\/wp\/v2\/tags?post=22948"}],"curies":[{"name":"wp","href":"https:\/\/api.w.org\/{rel}","templated":true}]}}