{"id":22941,"date":"2017-11-17T15:07:39","date_gmt":"2017-11-17T14:07:39","guid":{"rendered":"https:\/\/guineediversite.com\/?p=22941"},"modified":"2017-11-17T15:07:39","modified_gmt":"2017-11-17T14:07:39","slug":"cop23-presidents-africains-demandent-lapplication-accords-de-paris","status":"publish","type":"post","link":"https:\/\/guineediversite.com\/index.php\/2017\/11\/17\/cop23-presidents-africains-demandent-lapplication-accords-de-paris\/","title":{"rendered":"COP23 : des pr\u00e9sidents Africains demandent l\u2019application des accords de Paris"},"content":{"rendered":"<p><strong><span id=\"p0\">Plus de 150 pr\u00e9sidents sont arriv\u00e9s mercredi \u00e0 Bonn en Allemagne.<\/span><span id=\"p1\">\u00a0Ils se sont exprim\u00e9s au plus haut niveau sur la n\u00e9cessit\u00e9 de mettre en application les d\u00e9cisions prises par la communaut\u00e9 internationale \u00e0 Paris.<\/span><\/strong><span id=\"p37\"><strong>\u00a0<\/strong><\/p>\n<p>Le Pr\u00e9sident en exercice de l&rsquo;union africaine et ses homologues de l\u2019Afrique ont saisi l&rsquo;occasion pour clamer haut et fort la vuln\u00e9rabilit\u00e9 des pays du sud.<\/span><span id=\"p3\">\u00a0C\u2019est en Afrique que les menaces et les impacts du changement climatiques se font le plus ressentir \u00e0 travers le monde.<\/span><span id=\"p4\">\u00a0Cela repr\u00e9sente un danger r\u00e9el pour les aspirations de d\u00e9veloppement du continent, souligne le pr\u00e9sident Alpha Cond\u00e9 \u00e0 la journ\u00e9e de l\u2019Afrique \u00e0 la\u00a0<span id=\"29\" class=\"s-rg-t\">C0P23<\/span>.<\/span><span id=\"p5\"><br \/>\n\u00ab <em>Le\u00a05e\u00a0 rapport du groupe\u00a0<span id=\"30\" class=\"s-rg-t\">interafricain<\/span>\u00a0d\u2019experts sur l\u2019\u00e9volution du climat, affirme que l\u2019Afrique est la plus vuln\u00e9rable\u00a0au changement\u00a0climatiques.<\/em><\/span><em><span id=\"p6\">\u00a0Ce qui menace gravement la g\u00e9opolitique de notre r\u00e9gion, ses moyens de subsistance et sa coh\u00e9sion nationale.<\/span><\/em><span id=\"p7\"><em>\u00bb<\/em><br \/>\n<\/span><br \/>\n<span id=\"p8\">Le pr\u00e9sident de l\u2019initiative sur les \u00e9nergies renouvelables en Afrique d\u00e9plore par ailleurs les complications autour du m\u00e9canisme de d\u00e9blocage des fonds destin\u00e9s \u00e0 soutenir les pays vuln\u00e9rables au r\u00e9chauffement climatique.<\/span><span id=\"p9\">\u00a0\u00ab<em> La\u00a0communaut\u00e9 internationale a pris des d\u00e9cisions tr\u00e8s importante lors de la\u00a0<span id=\"34\" class=\"s-rg-t\">COP21<\/span>, mais malheureusement nous ne voyons pas l\u2019application concr\u00e8te.<\/em><\/span><em><span id=\"p10\">\u00a0Cent milliards par an, je ne suis pas\u00a0<span id=\"18\">s\u00fbr<\/span>\u00a0que nous avons re\u00e7u un\u00a0<span id=\"19\">dollars<\/span>\u00a0sur tout cet argent.\u00a0<\/span><span id=\"p11\"><span id=\"20\">L<\/span>\u2019acc\u00e8s au fonds est plus qu\u2019un parcours de combattant.<\/span><span id=\"p38\">\u00a0<\/span><span id=\"p13\">Alors demandons aux bailleurs de fonds d\u2019\u00eatre plus pratique et de nous accompagner.<\/span><\/em><span id=\"p14\"><em>\u00bb<\/p>\n<p><\/em> Pour le pr\u00e9sident en exercice de l\u2019union africaine, la\u00a0<span id=\"22\">COP23<\/span>\u00a0doit \u00eatre une occasion \u00e0 laquelle les Etats doivent se pencher sur la n\u00e9cessit\u00e9 de mettre en pratique les d\u00e9cisions prises \u00e0 Paris sur\u00a0 le volet financement.<\/span><span id=\"p15\">\u00a0\u00ab<em>Il ne s\u2019agit pas pour nous, que les pays e<span id=\"23\">urop\u00e9ens<\/span>\u00a0se d\u00e9barrassent de nos citoyens parfois en appelant des chefs d\u2019Etat \u00e0 n\u00e9gocier, si\u00a0<span id=\"24\">non, ils<\/span>\u00a0vont limiter les visas.<\/em><\/span><em><span id=\"p16\">\u00a0Il s\u2019agit plut\u00f4t de savoir que le changement climatique dont l\u2019Afrique n\u2019est pas responsable entra\u00eene la pauvret\u00e9 et la pauvret\u00e9 entra\u00eene l\u2019immigration et le terrorisme. C<\/span><span id=\"p39\">\u2019est pourquoi dit-il, le monde ne pourra pas r\u00e9soudre d\u00e9finitivement le probl\u00e8me li\u00e9 aux changements climatiques tant qu\u2019on ne permet pas \u00e0 l\u2019Afrique de se d\u00e9velopper\u00bb.<\/span><\/em><\/p>\n","protected":false},"excerpt":{"rendered":"<p>Plus de 150 pr\u00e9sidents sont arriv\u00e9s mercredi \u00e0 Bonn en Allemagne.\u00a0Ils se sont exprim\u00e9s au plus haut niveau sur la n\u00e9cessit\u00e9 de mettre en application les d\u00e9cisions prises par la communaut\u00e9 internationale \u00e0 Paris.\u00a0 Le Pr\u00e9sident en exercice de l&rsquo;union africaine et ses homologues de l\u2019Afrique ont saisi l&rsquo;occasion pour clamer haut et fort la [&hellip;]<\/p>\n","protected":false},"author":17,"featured_media":22943,"comment_status":"closed","ping_status":"closed","sticky":false,"template":"","format":"standard","meta":{"_exactmetrics_skip_tracking":false,"_exactmetrics_sitenote_active":false,"_exactmetrics_sitenote_note":"","_exactmetrics_sitenote_category":0,"tdm_status":"","tdm_grid_status":"","footnotes":""},"categories":[21],"tags":[],"class_list":{"0":"post-22941","1":"post","2":"type-post","3":"status-publish","4":"format-standard","5":"has-post-thumbnail","7":"category-international"},"yoast_head":"<!-- This site is optimized with the Yoast SEO plugin v24.2 - https:\/\/yoast.com\/wordpress\/plugins\/seo\/ -->\n<title>COP23 : des pr\u00e9sidents Africains demandent l\u2019application des accords de Paris | Guin\u00e9e Diversit\u00e9<\/title>\n<meta name=\"robots\" content=\"index, follow, max-snippet:-1, max-image-preview:large, max-video-preview:-1\" \/>\n<link rel=\"canonical\" href=\"https:\/\/guineediversite.com\/index.php\/2017\/11\/17\/cop23-presidents-africains-demandent-lapplication-accords-de-paris\/\" \/>\n<meta property=\"og:locale\" content=\"fr_FR\" \/>\n<meta property=\"og:type\" content=\"article\" \/>\n<meta property=\"og:title\" content=\"COP23 : des pr\u00e9sidents Africains demandent l\u2019application des accords de Paris | Guin\u00e9e Diversit\u00e9\" \/>\n<meta property=\"og:description\" content=\"Plus de 150 pr\u00e9sidents sont arriv\u00e9s mercredi \u00e0 Bonn en Allemagne.\u00a0Ils se sont exprim\u00e9s au plus haut niveau sur la n\u00e9cessit\u00e9 de mettre en application les d\u00e9cisions prises par la communaut\u00e9 internationale \u00e0 Paris.\u00a0 Le Pr\u00e9sident en exercice de l&rsquo;union africaine et ses homologues de l\u2019Afrique ont saisi l&rsquo;occasion pour clamer haut et fort la [&hellip;]\" \/>\n<meta property=\"og:url\" content=\"https:\/\/guineediversite.com\/index.php\/2017\/11\/17\/cop23-presidents-africains-demandent-lapplication-accords-de-paris\/\" \/>\n<meta property=\"og:site_name\" content=\"Guin\u00e9e Diversit\u00e9\" \/>\n<meta property=\"article:publisher\" content=\"https:\/\/www.facebook.com\/guineediversite\/\" \/>\n<meta property=\"article:published_time\" content=\"2017-11-17T14:07:39+00:00\" \/>\n<meta property=\"og:image\" content=\"https:\/\/guineediversite.com\/wp-content\/uploads\/2017\/11\/ONU_climat_conf\u00e9rence_Bonn_photo_ONU_Twitter.jpg\" \/>\n\t<meta property=\"og:image:width\" content=\"2048\" \/>\n\t<meta property=\"og:image:height\" content=\"1365\" \/>\n\t<meta property=\"og:image:type\" content=\"image\/jpeg\" \/>\n<meta name=\"author\" content=\"Diaraye Guirassy\" \/>\n<meta name=\"twitter:card\" content=\"summary_large_image\" \/>\n<meta name=\"twitter:creator\" content=\"@GuineeDiversite\" \/>\n<meta name=\"twitter:site\" content=\"@GuineeDiversite\" \/>\n<meta name=\"twitter:label1\" content=\"\u00c9crit par\" \/>\n\t<meta name=\"twitter:data1\" content=\"Diaraye Guirassy\" \/>\n\t<meta name=\"twitter:label2\" content=\"Dur\u00e9e de lecture estim\u00e9e\" \/>\n\t<meta name=\"twitter:data2\" content=\"2 minutes\" \/>\n<script type=\"application\/ld+json\" class=\"yoast-schema-graph\">{\"@context\":\"https:\/\/schema.org\",\"@graph\":[{\"@type\":\"Article\",\"@id\":\"https:\/\/guineediversite.com\/index.php\/2017\/11\/17\/cop23-presidents-africains-demandent-lapplication-accords-de-paris\/#article\",\"isPartOf\":{\"@id\":\"https:\/\/guineediversite.com\/index.php\/2017\/11\/17\/cop23-presidents-africains-demandent-lapplication-accords-de-paris\/\"},\"author\":{\"name\":\"Diaraye Guirassy\",\"@id\":\"https:\/\/guineediversite.com\/#\/schema\/person\/f69ebb1835c8052ac00dfe4d0ae488a8\"},\"headline\":\"COP23 : des pr\u00e9sidents Africains demandent l\u2019application des accords de Paris\",\"datePublished\":\"2017-11-17T14:07:39+00:00\",\"dateModified\":\"2017-11-17T14:07:39+00:00\",\"mainEntityOfPage\":{\"@id\":\"https:\/\/guineediversite.com\/index.php\/2017\/11\/17\/cop23-presidents-africains-demandent-lapplication-accords-de-paris\/\"},\"wordCount\":423,\"publisher\":{\"@id\":\"https:\/\/guineediversite.com\/#organization\"},\"image\":{\"@id\":\"https:\/\/guineediversite.com\/index.php\/2017\/11\/17\/cop23-presidents-africains-demandent-lapplication-accords-de-paris\/#primaryimage\"},\"thumbnailUrl\":\"https:\/\/guineediversite.com\/wp-content\/uploads\/2017\/11\/ONU_climat_conf\u00e9rence_Bonn_photo_ONU_Twitter.jpg\",\"articleSection\":[\"International\"],\"inLanguage\":\"fr-FR\"},{\"@type\":\"WebPage\",\"@id\":\"https:\/\/guineediversite.com\/index.php\/2017\/11\/17\/cop23-presidents-africains-demandent-lapplication-accords-de-paris\/\",\"url\":\"https:\/\/guineediversite.com\/index.php\/2017\/11\/17\/cop23-presidents-africains-demandent-lapplication-accords-de-paris\/\",\"name\":\"COP23 : des pr\u00e9sidents Africains demandent l\u2019application des accords de Paris | Guin\u00e9e Diversit\u00e9\",\"isPartOf\":{\"@id\":\"https:\/\/guineediversite.com\/#website\"},\"primaryImageOfPage\":{\"@id\":\"https:\/\/guineediversite.com\/index.php\/2017\/11\/17\/cop23-presidents-africains-demandent-lapplication-accords-de-paris\/#primaryimage\"},\"image\":{\"@id\":\"https:\/\/guineediversite.com\/index.php\/2017\/11\/17\/cop23-presidents-africains-demandent-lapplication-accords-de-paris\/#primaryimage\"},\"thumbnailUrl\":\"https:\/\/guineediversite.com\/wp-content\/uploads\/2017\/11\/ONU_climat_conf\u00e9rence_Bonn_photo_ONU_Twitter.jpg\",\"datePublished\":\"2017-11-17T14:07:39+00:00\",\"dateModified\":\"2017-11-17T14:07:39+00:00\",\"breadcrumb\":{\"@id\":\"https:\/\/guineediversite.com\/index.php\/2017\/11\/17\/cop23-presidents-africains-demandent-lapplication-accords-de-paris\/#breadcrumb\"},\"inLanguage\":\"fr-FR\",\"potentialAction\":[{\"@type\":\"ReadAction\",\"target\":[\"https:\/\/guineediversite.com\/index.php\/2017\/11\/17\/cop23-presidents-africains-demandent-lapplication-accords-de-paris\/\"]}]},{\"@type\":\"ImageObject\",\"inLanguage\":\"fr-FR\",\"@id\":\"https:\/\/guineediversite.com\/index.php\/2017\/11\/17\/cop23-presidents-africains-demandent-lapplication-accords-de-paris\/#primaryimage\",\"url\":\"https:\/\/guineediversite.com\/wp-content\/uploads\/2017\/11\/ONU_climat_conf\u00e9rence_Bonn_photo_ONU_Twitter.jpg\",\"contentUrl\":\"https:\/\/guineediversite.com\/wp-content\/uploads\/2017\/11\/ONU_climat_conf\u00e9rence_Bonn_photo_ONU_Twitter.jpg\",\"width\":2048,\"height\":1365},{\"@type\":\"BreadcrumbList\",\"@id\":\"https:\/\/guineediversite.com\/index.php\/2017\/11\/17\/cop23-presidents-africains-demandent-lapplication-accords-de-paris\/#breadcrumb\",\"itemListElement\":[{\"@type\":\"ListItem\",\"position\":1,\"name\":\"Accueil\",\"item\":\"https:\/\/guineediversite.com\/\"},{\"@type\":\"ListItem\",\"position\":2,\"name\":\"COP23 : des pr\u00e9sidents Africains demandent l\u2019application des accords de Paris\"}]},{\"@type\":\"WebSite\",\"@id\":\"https:\/\/guineediversite.com\/#website\",\"url\":\"https:\/\/guineediversite.com\/\",\"name\":\"Guin\u00e9e Diversit\u00e9\",\"description\":\"L&#039;Info dans toute sa diversit\u00e9\",\"publisher\":{\"@id\":\"https:\/\/guineediversite.com\/#organization\"},\"potentialAction\":[{\"@type\":\"SearchAction\",\"target\":{\"@type\":\"EntryPoint\",\"urlTemplate\":\"https:\/\/guineediversite.com\/?s={search_term_string}\"},\"query-input\":{\"@type\":\"PropertyValueSpecification\",\"valueRequired\":true,\"valueName\":\"search_term_string\"}}],\"inLanguage\":\"fr-FR\"},{\"@type\":\"Organization\",\"@id\":\"https:\/\/guineediversite.com\/#organization\",\"name\":\"Guin\u00e9e Diversit\u00e9\",\"url\":\"https:\/\/guineediversite.com\/\",\"logo\":{\"@type\":\"ImageObject\",\"inLanguage\":\"fr-FR\",\"@id\":\"https:\/\/guineediversite.com\/#\/schema\/logo\/image\/\",\"url\":\"https:\/\/guineediversite.com\/wp-content\/uploads\/2017\/04\/cropped-1jojlxEOMkX9Wyqfhe43D6kjPOGqBBKmx3EwWJqZ0cMrFF54yM49.png\",\"contentUrl\":\"https:\/\/guineediversite.com\/wp-content\/uploads\/2017\/04\/cropped-1jojlxEOMkX9Wyqfhe43D6kjPOGqBBKmx3EwWJqZ0cMrFF54yM49.png\",\"width\":186,\"height\":112,\"caption\":\"Guin\u00e9e Diversit\u00e9\"},\"image\":{\"@id\":\"https:\/\/guineediversite.com\/#\/schema\/logo\/image\/\"},\"sameAs\":[\"https:\/\/www.facebook.com\/guineediversite\/\",\"https:\/\/x.com\/GuineeDiversite\",\"https:\/\/www.youtube.com\/channel\/UC8sUY16qelG5ge6_D5SB83g\"]},{\"@type\":\"Person\",\"@id\":\"https:\/\/guineediversite.com\/#\/schema\/person\/f69ebb1835c8052ac00dfe4d0ae488a8\",\"name\":\"Diaraye Guirassy\",\"image\":{\"@type\":\"ImageObject\",\"inLanguage\":\"fr-FR\",\"@id\":\"https:\/\/guineediversite.com\/#\/schema\/person\/image\/\",\"url\":\"https:\/\/secure.gravatar.com\/avatar\/d72966230e92113cba29ea060394d485?s=96&d=mm&r=g\",\"contentUrl\":\"https:\/\/secure.gravatar.com\/avatar\/d72966230e92113cba29ea060394d485?s=96&d=mm&r=g\",\"caption\":\"Diaraye Guirassy\"},\"url\":\"https:\/\/guineediversite.com\/index.php\/author\/diaraye\/\"}]}<\/script>\n<!-- \/ Yoast SEO plugin. -->","yoast_head_json":{"title":"COP23 : des pr\u00e9sidents Africains demandent l\u2019application des accords de Paris | Guin\u00e9e Diversit\u00e9","robots":{"index":"index","follow":"follow","max-snippet":"max-snippet:-1","max-image-preview":"max-image-preview:large","max-video-preview":"max-video-preview:-1"},"canonical":"https:\/\/guineediversite.com\/index.php\/2017\/11\/17\/cop23-presidents-africains-demandent-lapplication-accords-de-paris\/","og_locale":"fr_FR","og_type":"article","og_title":"COP23 : des pr\u00e9sidents Africains demandent l\u2019application des accords de Paris | Guin\u00e9e Diversit\u00e9","og_description":"Plus de 150 pr\u00e9sidents sont arriv\u00e9s mercredi \u00e0 Bonn en Allemagne.\u00a0Ils se sont exprim\u00e9s au plus haut niveau sur la n\u00e9cessit\u00e9 de mettre en application les d\u00e9cisions prises par la communaut\u00e9 internationale \u00e0 Paris.\u00a0 Le Pr\u00e9sident en exercice de l&rsquo;union africaine et ses homologues de l\u2019Afrique ont saisi l&rsquo;occasion pour clamer haut et fort la [&hellip;]","og_url":"https:\/\/guineediversite.com\/index.php\/2017\/11\/17\/cop23-presidents-africains-demandent-lapplication-accords-de-paris\/","og_site_name":"Guin\u00e9e Diversit\u00e9","article_publisher":"https:\/\/www.facebook.com\/guineediversite\/","article_published_time":"2017-11-17T14:07:39+00:00","og_image":[{"width":2048,"height":1365,"url":"https:\/\/guineediversite.com\/wp-content\/uploads\/2017\/11\/ONU_climat_conf\u00e9rence_Bonn_photo_ONU_Twitter.jpg","type":"image\/jpeg"}],"author":"Diaraye Guirassy","twitter_card":"summary_large_image","twitter_creator":"@GuineeDiversite","twitter_site":"@GuineeDiversite","twitter_misc":{"\u00c9crit par":"Diaraye Guirassy","Dur\u00e9e de lecture estim\u00e9e":"2 minutes"},"schema":{"@context":"https:\/\/schema.org","@graph":[{"@type":"Article","@id":"https:\/\/guineediversite.com\/index.php\/2017\/11\/17\/cop23-presidents-africains-demandent-lapplication-accords-de-paris\/#article","isPartOf":{"@id":"https:\/\/guineediversite.com\/index.php\/2017\/11\/17\/cop23-presidents-africains-demandent-lapplication-accords-de-paris\/"},"author":{"name":"Diaraye Guirassy","@id":"https:\/\/guineediversite.com\/#\/schema\/person\/f69ebb1835c8052ac00dfe4d0ae488a8"},"headline":"COP23 : des pr\u00e9sidents Africains demandent l\u2019application des accords de Paris","datePublished":"2017-11-17T14:07:39+00:00","dateModified":"2017-11-17T14:07:39+00:00","mainEntityOfPage":{"@id":"https:\/\/guineediversite.com\/index.php\/2017\/11\/17\/cop23-presidents-africains-demandent-lapplication-accords-de-paris\/"},"wordCount":423,"publisher":{"@id":"https:\/\/guineediversite.com\/#organization"},"image":{"@id":"https:\/\/guineediversite.com\/index.php\/2017\/11\/17\/cop23-presidents-africains-demandent-lapplication-accords-de-paris\/#primaryimage"},"thumbnailUrl":"https:\/\/guineediversite.com\/wp-content\/uploads\/2017\/11\/ONU_climat_conf\u00e9rence_Bonn_photo_ONU_Twitter.jpg","articleSection":["International"],"inLanguage":"fr-FR"},{"@type":"WebPage","@id":"https:\/\/guineediversite.com\/index.php\/2017\/11\/17\/cop23-presidents-africains-demandent-lapplication-accords-de-paris\/","url":"https:\/\/guineediversite.com\/index.php\/2017\/11\/17\/cop23-presidents-africains-demandent-lapplication-accords-de-paris\/","name":"COP23 : des pr\u00e9sidents Africains demandent l\u2019application des accords de Paris | Guin\u00e9e Diversit\u00e9","isPartOf":{"@id":"https:\/\/guineediversite.com\/#website"},"primaryImageOfPage":{"@id":"https:\/\/guineediversite.com\/index.php\/2017\/11\/17\/cop23-presidents-africains-demandent-lapplication-accords-de-paris\/#primaryimage"},"image":{"@id":"https:\/\/guineediversite.com\/index.php\/2017\/11\/17\/cop23-presidents-africains-demandent-lapplication-accords-de-paris\/#primaryimage"},"thumbnailUrl":"https:\/\/guineediversite.com\/wp-content\/uploads\/2017\/11\/ONU_climat_conf\u00e9rence_Bonn_photo_ONU_Twitter.jpg","datePublished":"2017-11-17T14:07:39+00:00","dateModified":"2017-11-17T14:07:39+00:00","breadcrumb":{"@id":"https:\/\/guineediversite.com\/index.php\/2017\/11\/17\/cop23-presidents-africains-demandent-lapplication-accords-de-paris\/#breadcrumb"},"inLanguage":"fr-FR","potentialAction":[{"@type":"ReadAction","target":["https:\/\/guineediversite.com\/index.php\/2017\/11\/17\/cop23-presidents-africains-demandent-lapplication-accords-de-paris\/"]}]},{"@type":"ImageObject","inLanguage":"fr-FR","@id":"https:\/\/guineediversite.com\/index.php\/2017\/11\/17\/cop23-presidents-africains-demandent-lapplication-accords-de-paris\/#primaryimage","url":"https:\/\/guineediversite.com\/wp-content\/uploads\/2017\/11\/ONU_climat_conf\u00e9rence_Bonn_photo_ONU_Twitter.jpg","contentUrl":"https:\/\/guineediversite.com\/wp-content\/uploads\/2017\/11\/ONU_climat_conf\u00e9rence_Bonn_photo_ONU_Twitter.jpg","width":2048,"height":1365},{"@type":"BreadcrumbList","@id":"https:\/\/guineediversite.com\/index.php\/2017\/11\/17\/cop23-presidents-africains-demandent-lapplication-accords-de-paris\/#breadcrumb","itemListElement":[{"@type":"ListItem","position":1,"name":"Accueil","item":"https:\/\/guineediversite.com\/"},{"@type":"ListItem","position":2,"name":"COP23 : des pr\u00e9sidents Africains demandent l\u2019application des accords de Paris"}]},{"@type":"WebSite","@id":"https:\/\/guineediversite.com\/#website","url":"https:\/\/guineediversite.com\/","name":"Guin\u00e9e Diversit\u00e9","description":"L&#039;Info dans toute sa diversit\u00e9","publisher":{"@id":"https:\/\/guineediversite.com\/#organization"},"potentialAction":[{"@type":"SearchAction","target":{"@type":"EntryPoint","urlTemplate":"https:\/\/guineediversite.com\/?s={search_term_string}"},"query-input":{"@type":"PropertyValueSpecification","valueRequired":true,"valueName":"search_term_string"}}],"inLanguage":"fr-FR"},{"@type":"Organization","@id":"https:\/\/guineediversite.com\/#organization","name":"Guin\u00e9e Diversit\u00e9","url":"https:\/\/guineediversite.com\/","logo":{"@type":"ImageObject","inLanguage":"fr-FR","@id":"https:\/\/guineediversite.com\/#\/schema\/logo\/image\/","url":"https:\/\/guineediversite.com\/wp-content\/uploads\/2017\/04\/cropped-1jojlxEOMkX9Wyqfhe43D6kjPOGqBBKmx3EwWJqZ0cMrFF54yM49.png","contentUrl":"https:\/\/guineediversite.com\/wp-content\/uploads\/2017\/04\/cropped-1jojlxEOMkX9Wyqfhe43D6kjPOGqBBKmx3EwWJqZ0cMrFF54yM49.png","width":186,"height":112,"caption":"Guin\u00e9e Diversit\u00e9"},"image":{"@id":"https:\/\/guineediversite.com\/#\/schema\/logo\/image\/"},"sameAs":["https:\/\/www.facebook.com\/guineediversite\/","https:\/\/x.com\/GuineeDiversite","https:\/\/www.youtube.com\/channel\/UC8sUY16qelG5ge6_D5SB83g"]},{"@type":"Person","@id":"https:\/\/guineediversite.com\/#\/schema\/person\/f69ebb1835c8052ac00dfe4d0ae488a8","name":"Diaraye Guirassy","image":{"@type":"ImageObject","inLanguage":"fr-FR","@id":"https:\/\/guineediversite.com\/#\/schema\/person\/image\/","url":"https:\/\/secure.gravatar.com\/avatar\/d72966230e92113cba29ea060394d485?s=96&d=mm&r=g","contentUrl":"https:\/\/secure.gravatar.com\/avatar\/d72966230e92113cba29ea060394d485?s=96&d=mm&r=g","caption":"Diaraye Guirassy"},"url":"https:\/\/guineediversite.com\/index.php\/author\/diaraye\/"}]}},"_links":{"self":[{"href":"https:\/\/guineediversite.com\/index.php\/wp-json\/wp\/v2\/posts\/22941"}],"collection":[{"href":"https:\/\/guineediversite.com\/index.php\/wp-json\/wp\/v2\/posts"}],"about":[{"href":"https:\/\/guineediversite.com\/index.php\/wp-json\/wp\/v2\/types\/post"}],"author":[{"embeddable":true,"href":"https:\/\/guineediversite.com\/index.php\/wp-json\/wp\/v2\/users\/17"}],"replies":[{"embeddable":true,"href":"https:\/\/guineediversite.com\/index.php\/wp-json\/wp\/v2\/comments?post=22941"}],"version-history":[{"count":0,"href":"https:\/\/guineediversite.com\/index.php\/wp-json\/wp\/v2\/posts\/22941\/revisions"}],"wp:featuredmedia":[{"embeddable":true,"href":"https:\/\/guineediversite.com\/index.php\/wp-json\/wp\/v2\/media\/22943"}],"wp:attachment":[{"href":"https:\/\/guineediversite.com\/index.php\/wp-json\/wp\/v2\/media?parent=22941"}],"wp:term":[{"taxonomy":"category","embeddable":true,"href":"https:\/\/guineediversite.com\/index.php\/wp-json\/wp\/v2\/categories?post=22941"},{"taxonomy":"post_tag","embeddable":true,"href":"https:\/\/guineediversite.com\/index.php\/wp-json\/wp\/v2\/tags?post=22941"}],"curies":[{"name":"wp","href":"https:\/\/api.w.org\/{rel}","templated":true}]}}