{"id":22938,"date":"2017-11-15T19:56:38","date_gmt":"2017-11-15T18:56:38","guid":{"rendered":"https:\/\/guineediversite.com\/?p=22938"},"modified":"2017-11-15T19:56:38","modified_gmt":"2017-11-15T18:56:38","slug":"justice-moussa-moise-sylla-inculpe","status":"publish","type":"post","link":"https:\/\/guineediversite.com\/index.php\/2017\/11\/15\/justice-moussa-moise-sylla-inculpe\/","title":{"rendered":"Justice :\u00a0Moussa Moise Sylla inculp\u00e9"},"content":{"rendered":"<p><strong><span id=\"p2\">Apr\u00e8s avoir \u00e9t\u00e9 entendu pr\u00e8s de quatre heures au\u00a0<span id=\"12\" class=\"s-rg-t\">PM3<\/span>\u00a0de\u00a0<span id=\"13\" class=\"s-rg-t\">Matam ce mercredi 15 novembre<\/span>, le journaliste Moussa Mo\u00efse Sylla, a \u00e9t\u00e9 inculp\u00e9 par le procureur de la R\u00e9publique pr\u00e8s du Tribunal de premi\u00e8re instance de\u00a0<span id=\"14\" class=\"s-rg-t\">Mafanco<\/span>.<br \/>\n<\/span><\/strong><br \/>\n<span id=\"p3\"><em>\u00ab Il\u00a0a d\u00e9cid\u00e9 de poursuivre l\u2019affaire pour atteinte au secret de la d\u00e9fense nationale et il l\u2019a inscrit au\u00a0r\u00f4le pour\u00a0l\u2019audience du 25 d\u00e9cembre 2017, mais il a d\u00e9cid\u00e9 de ne pas l\u2019envoyer en\u00a0prison \u00bb<\/em>, d\u00e9clare l\u2019avocat du journaliste Me\u00a0<span id=\"15\" class=\"s-rg-t\">Salifou<\/span>\u00a0<span id=\"16\" class=\"s-rg-t\">B\u00e9avogui<\/span>.<\/span><br \/>\n<span id=\"p4\">Accus\u00e9 \u00ab <em>d\u2019atteinte \u00e0 la D\u00e9fense Nationale \u00bb<\/em>,\u00a0le\u00a0journaliste Moussa Mo\u00efse Sylla de la radio Espace Fm, sera jug\u00e9 le 25 d\u00e9cembre prochain au TPI de\u00a0<span id=\"24\" class=\"s-rg-t\">Mafanco<\/span>.<br \/>\n<\/span><br \/>\n<span id=\"p5\">Il faut rappeler la forte mobilisation e la presse priv\u00e9e t\u00f4t ce matin pour soutenir le Directeur g\u00e9n\u00e9ral d\u2019Espace FM.<\/span><span id=\"p6\">\u00a0Pour plusieurs observateurs, cet acte est une tentative de musellement de la presse.<\/span><span id=\"p7\">\u00a0\u00a0<\/span><\/p>\n","protected":false},"excerpt":{"rendered":"<p>Apr\u00e8s avoir \u00e9t\u00e9 entendu pr\u00e8s de quatre heures au\u00a0PM3\u00a0de\u00a0Matam ce mercredi 15 novembre, le journaliste Moussa Mo\u00efse Sylla, a \u00e9t\u00e9 inculp\u00e9 par le procureur de la R\u00e9publique pr\u00e8s du Tribunal de premi\u00e8re instance de\u00a0Mafanco. \u00ab Il\u00a0a d\u00e9cid\u00e9 de poursuivre l\u2019affaire pour atteinte au secret de la d\u00e9fense nationale et il l\u2019a inscrit au\u00a0r\u00f4le pour\u00a0l\u2019audience du [&hellip;]<\/p>\n","protected":false},"author":16,"featured_media":22939,"comment_status":"closed","ping_status":"closed","sticky":false,"template":"","format":"standard","meta":{"_exactmetrics_skip_tracking":false,"_exactmetrics_sitenote_active":false,"_exactmetrics_sitenote_note":"","_exactmetrics_sitenote_category":0,"tdm_status":"","tdm_grid_status":"","footnotes":""},"categories":[16],"tags":[],"class_list":{"0":"post-22938","1":"post","2":"type-post","3":"status-publish","4":"format-standard","5":"has-post-thumbnail","7":"category-societe"},"yoast_head":"<!-- This site is optimized with the Yoast SEO plugin v24.2 - https:\/\/yoast.com\/wordpress\/plugins\/seo\/ -->\n<title>Justice :\u00a0Moussa Moise Sylla inculp\u00e9 | Guin\u00e9e Diversit\u00e9<\/title>\n<meta name=\"robots\" content=\"index, follow, max-snippet:-1, max-image-preview:large, max-video-preview:-1\" \/>\n<link rel=\"canonical\" href=\"https:\/\/guineediversite.com\/index.php\/2017\/11\/15\/justice-moussa-moise-sylla-inculpe\/\" \/>\n<meta property=\"og:locale\" content=\"fr_FR\" \/>\n<meta property=\"og:type\" content=\"article\" \/>\n<meta property=\"og:title\" content=\"Justice :\u00a0Moussa Moise Sylla inculp\u00e9 | Guin\u00e9e Diversit\u00e9\" \/>\n<meta property=\"og:description\" content=\"Apr\u00e8s avoir \u00e9t\u00e9 entendu pr\u00e8s de quatre heures au\u00a0PM3\u00a0de\u00a0Matam ce mercredi 15 novembre, le journaliste Moussa Mo\u00efse Sylla, a \u00e9t\u00e9 inculp\u00e9 par le procureur de la R\u00e9publique pr\u00e8s du Tribunal de premi\u00e8re instance de\u00a0Mafanco. \u00ab Il\u00a0a d\u00e9cid\u00e9 de poursuivre l\u2019affaire pour atteinte au secret de la d\u00e9fense nationale et il l\u2019a inscrit au\u00a0r\u00f4le pour\u00a0l\u2019audience du [&hellip;]\" \/>\n<meta property=\"og:url\" content=\"https:\/\/guineediversite.com\/index.php\/2017\/11\/15\/justice-moussa-moise-sylla-inculpe\/\" \/>\n<meta property=\"og:site_name\" content=\"Guin\u00e9e Diversit\u00e9\" \/>\n<meta property=\"article:publisher\" content=\"https:\/\/www.facebook.com\/guineediversite\/\" \/>\n<meta property=\"article:published_time\" content=\"2017-11-15T18:56:38+00:00\" \/>\n<meta property=\"og:image\" content=\"https:\/\/guineediversite.com\/wp-content\/uploads\/2017\/11\/23559888_1837515369610672_7118853979021290376_n.jpg\" \/>\n\t<meta property=\"og:image:width\" content=\"1024\" \/>\n\t<meta property=\"og:image:height\" content=\"576\" \/>\n\t<meta property=\"og:image:type\" content=\"image\/jpeg\" \/>\n<meta name=\"author\" content=\"Moussa Mo\u00efse K\u00e9ita\" \/>\n<meta name=\"twitter:card\" content=\"summary_large_image\" \/>\n<meta name=\"twitter:creator\" content=\"@GuineeDiversite\" \/>\n<meta name=\"twitter:site\" content=\"@GuineeDiversite\" \/>\n<meta name=\"twitter:label1\" content=\"\u00c9crit par\" \/>\n\t<meta name=\"twitter:data1\" content=\"Moussa Mo\u00efse K\u00e9ita\" \/>\n\t<meta name=\"twitter:label2\" content=\"Dur\u00e9e de lecture estim\u00e9e\" \/>\n\t<meta name=\"twitter:data2\" content=\"1 minute\" \/>\n<script type=\"application\/ld+json\" class=\"yoast-schema-graph\">{\"@context\":\"https:\/\/schema.org\",\"@graph\":[{\"@type\":\"Article\",\"@id\":\"https:\/\/guineediversite.com\/index.php\/2017\/11\/15\/justice-moussa-moise-sylla-inculpe\/#article\",\"isPartOf\":{\"@id\":\"https:\/\/guineediversite.com\/index.php\/2017\/11\/15\/justice-moussa-moise-sylla-inculpe\/\"},\"author\":{\"name\":\"Moussa Mo\u00efse K\u00e9ita\",\"@id\":\"https:\/\/guineediversite.com\/#\/schema\/person\/079ec347f72d2acde4b56a50a4fd46dc\"},\"headline\":\"Justice :\u00a0Moussa Moise Sylla inculp\u00e9\",\"datePublished\":\"2017-11-15T18:56:38+00:00\",\"dateModified\":\"2017-11-15T18:56:38+00:00\",\"mainEntityOfPage\":{\"@id\":\"https:\/\/guineediversite.com\/index.php\/2017\/11\/15\/justice-moussa-moise-sylla-inculpe\/\"},\"wordCount\":167,\"publisher\":{\"@id\":\"https:\/\/guineediversite.com\/#organization\"},\"image\":{\"@id\":\"https:\/\/guineediversite.com\/index.php\/2017\/11\/15\/justice-moussa-moise-sylla-inculpe\/#primaryimage\"},\"thumbnailUrl\":\"https:\/\/guineediversite.com\/wp-content\/uploads\/2017\/11\/23559888_1837515369610672_7118853979021290376_n.jpg\",\"articleSection\":[\"Soci\u00e9t\u00e9\"],\"inLanguage\":\"fr-FR\"},{\"@type\":\"WebPage\",\"@id\":\"https:\/\/guineediversite.com\/index.php\/2017\/11\/15\/justice-moussa-moise-sylla-inculpe\/\",\"url\":\"https:\/\/guineediversite.com\/index.php\/2017\/11\/15\/justice-moussa-moise-sylla-inculpe\/\",\"name\":\"Justice :\u00a0Moussa Moise Sylla inculp\u00e9 | Guin\u00e9e Diversit\u00e9\",\"isPartOf\":{\"@id\":\"https:\/\/guineediversite.com\/#website\"},\"primaryImageOfPage\":{\"@id\":\"https:\/\/guineediversite.com\/index.php\/2017\/11\/15\/justice-moussa-moise-sylla-inculpe\/#primaryimage\"},\"image\":{\"@id\":\"https:\/\/guineediversite.com\/index.php\/2017\/11\/15\/justice-moussa-moise-sylla-inculpe\/#primaryimage\"},\"thumbnailUrl\":\"https:\/\/guineediversite.com\/wp-content\/uploads\/2017\/11\/23559888_1837515369610672_7118853979021290376_n.jpg\",\"datePublished\":\"2017-11-15T18:56:38+00:00\",\"dateModified\":\"2017-11-15T18:56:38+00:00\",\"breadcrumb\":{\"@id\":\"https:\/\/guineediversite.com\/index.php\/2017\/11\/15\/justice-moussa-moise-sylla-inculpe\/#breadcrumb\"},\"inLanguage\":\"fr-FR\",\"potentialAction\":[{\"@type\":\"ReadAction\",\"target\":[\"https:\/\/guineediversite.com\/index.php\/2017\/11\/15\/justice-moussa-moise-sylla-inculpe\/\"]}]},{\"@type\":\"ImageObject\",\"inLanguage\":\"fr-FR\",\"@id\":\"https:\/\/guineediversite.com\/index.php\/2017\/11\/15\/justice-moussa-moise-sylla-inculpe\/#primaryimage\",\"url\":\"https:\/\/guineediversite.com\/wp-content\/uploads\/2017\/11\/23559888_1837515369610672_7118853979021290376_n.jpg\",\"contentUrl\":\"https:\/\/guineediversite.com\/wp-content\/uploads\/2017\/11\/23559888_1837515369610672_7118853979021290376_n.jpg\",\"width\":1024,\"height\":576},{\"@type\":\"BreadcrumbList\",\"@id\":\"https:\/\/guineediversite.com\/index.php\/2017\/11\/15\/justice-moussa-moise-sylla-inculpe\/#breadcrumb\",\"itemListElement\":[{\"@type\":\"ListItem\",\"position\":1,\"name\":\"Accueil\",\"item\":\"https:\/\/guineediversite.com\/\"},{\"@type\":\"ListItem\",\"position\":2,\"name\":\"Justice :\u00a0Moussa Moise Sylla inculp\u00e9\"}]},{\"@type\":\"WebSite\",\"@id\":\"https:\/\/guineediversite.com\/#website\",\"url\":\"https:\/\/guineediversite.com\/\",\"name\":\"Guin\u00e9e Diversit\u00e9\",\"description\":\"L&#039;Info dans toute sa diversit\u00e9\",\"publisher\":{\"@id\":\"https:\/\/guineediversite.com\/#organization\"},\"potentialAction\":[{\"@type\":\"SearchAction\",\"target\":{\"@type\":\"EntryPoint\",\"urlTemplate\":\"https:\/\/guineediversite.com\/?s={search_term_string}\"},\"query-input\":{\"@type\":\"PropertyValueSpecification\",\"valueRequired\":true,\"valueName\":\"search_term_string\"}}],\"inLanguage\":\"fr-FR\"},{\"@type\":\"Organization\",\"@id\":\"https:\/\/guineediversite.com\/#organization\",\"name\":\"Guin\u00e9e Diversit\u00e9\",\"url\":\"https:\/\/guineediversite.com\/\",\"logo\":{\"@type\":\"ImageObject\",\"inLanguage\":\"fr-FR\",\"@id\":\"https:\/\/guineediversite.com\/#\/schema\/logo\/image\/\",\"url\":\"https:\/\/guineediversite.com\/wp-content\/uploads\/2017\/04\/cropped-1jojlxEOMkX9Wyqfhe43D6kjPOGqBBKmx3EwWJqZ0cMrFF54yM49.png\",\"contentUrl\":\"https:\/\/guineediversite.com\/wp-content\/uploads\/2017\/04\/cropped-1jojlxEOMkX9Wyqfhe43D6kjPOGqBBKmx3EwWJqZ0cMrFF54yM49.png\",\"width\":186,\"height\":112,\"caption\":\"Guin\u00e9e Diversit\u00e9\"},\"image\":{\"@id\":\"https:\/\/guineediversite.com\/#\/schema\/logo\/image\/\"},\"sameAs\":[\"https:\/\/www.facebook.com\/guineediversite\/\",\"https:\/\/x.com\/GuineeDiversite\",\"https:\/\/www.youtube.com\/channel\/UC8sUY16qelG5ge6_D5SB83g\"]},{\"@type\":\"Person\",\"@id\":\"https:\/\/guineediversite.com\/#\/schema\/person\/079ec347f72d2acde4b56a50a4fd46dc\",\"name\":\"Moussa Mo\u00efse K\u00e9ita\",\"image\":{\"@type\":\"ImageObject\",\"inLanguage\":\"fr-FR\",\"@id\":\"https:\/\/guineediversite.com\/#\/schema\/person\/image\/\",\"url\":\"https:\/\/secure.gravatar.com\/avatar\/edf1ea2cc01841e6c0b49384bcb1385b?s=96&d=mm&r=g\",\"contentUrl\":\"https:\/\/secure.gravatar.com\/avatar\/edf1ea2cc01841e6c0b49384bcb1385b?s=96&d=mm&r=g\",\"caption\":\"Moussa Mo\u00efse K\u00e9ita\"},\"url\":\"https:\/\/guineediversite.com\/index.php\/author\/moussa-moise\/\"}]}<\/script>\n<!-- \/ Yoast SEO plugin. -->","yoast_head_json":{"title":"Justice :\u00a0Moussa Moise Sylla inculp\u00e9 | Guin\u00e9e Diversit\u00e9","robots":{"index":"index","follow":"follow","max-snippet":"max-snippet:-1","max-image-preview":"max-image-preview:large","max-video-preview":"max-video-preview:-1"},"canonical":"https:\/\/guineediversite.com\/index.php\/2017\/11\/15\/justice-moussa-moise-sylla-inculpe\/","og_locale":"fr_FR","og_type":"article","og_title":"Justice :\u00a0Moussa Moise Sylla inculp\u00e9 | Guin\u00e9e Diversit\u00e9","og_description":"Apr\u00e8s avoir \u00e9t\u00e9 entendu pr\u00e8s de quatre heures au\u00a0PM3\u00a0de\u00a0Matam ce mercredi 15 novembre, le journaliste Moussa Mo\u00efse Sylla, a \u00e9t\u00e9 inculp\u00e9 par le procureur de la R\u00e9publique pr\u00e8s du Tribunal de premi\u00e8re instance de\u00a0Mafanco. \u00ab Il\u00a0a d\u00e9cid\u00e9 de poursuivre l\u2019affaire pour atteinte au secret de la d\u00e9fense nationale et il l\u2019a inscrit au\u00a0r\u00f4le pour\u00a0l\u2019audience du [&hellip;]","og_url":"https:\/\/guineediversite.com\/index.php\/2017\/11\/15\/justice-moussa-moise-sylla-inculpe\/","og_site_name":"Guin\u00e9e Diversit\u00e9","article_publisher":"https:\/\/www.facebook.com\/guineediversite\/","article_published_time":"2017-11-15T18:56:38+00:00","og_image":[{"width":1024,"height":576,"url":"https:\/\/guineediversite.com\/wp-content\/uploads\/2017\/11\/23559888_1837515369610672_7118853979021290376_n.jpg","type":"image\/jpeg"}],"author":"Moussa Mo\u00efse K\u00e9ita","twitter_card":"summary_large_image","twitter_creator":"@GuineeDiversite","twitter_site":"@GuineeDiversite","twitter_misc":{"\u00c9crit par":"Moussa Mo\u00efse K\u00e9ita","Dur\u00e9e de lecture estim\u00e9e":"1 minute"},"schema":{"@context":"https:\/\/schema.org","@graph":[{"@type":"Article","@id":"https:\/\/guineediversite.com\/index.php\/2017\/11\/15\/justice-moussa-moise-sylla-inculpe\/#article","isPartOf":{"@id":"https:\/\/guineediversite.com\/index.php\/2017\/11\/15\/justice-moussa-moise-sylla-inculpe\/"},"author":{"name":"Moussa Mo\u00efse K\u00e9ita","@id":"https:\/\/guineediversite.com\/#\/schema\/person\/079ec347f72d2acde4b56a50a4fd46dc"},"headline":"Justice :\u00a0Moussa Moise Sylla inculp\u00e9","datePublished":"2017-11-15T18:56:38+00:00","dateModified":"2017-11-15T18:56:38+00:00","mainEntityOfPage":{"@id":"https:\/\/guineediversite.com\/index.php\/2017\/11\/15\/justice-moussa-moise-sylla-inculpe\/"},"wordCount":167,"publisher":{"@id":"https:\/\/guineediversite.com\/#organization"},"image":{"@id":"https:\/\/guineediversite.com\/index.php\/2017\/11\/15\/justice-moussa-moise-sylla-inculpe\/#primaryimage"},"thumbnailUrl":"https:\/\/guineediversite.com\/wp-content\/uploads\/2017\/11\/23559888_1837515369610672_7118853979021290376_n.jpg","articleSection":["Soci\u00e9t\u00e9"],"inLanguage":"fr-FR"},{"@type":"WebPage","@id":"https:\/\/guineediversite.com\/index.php\/2017\/11\/15\/justice-moussa-moise-sylla-inculpe\/","url":"https:\/\/guineediversite.com\/index.php\/2017\/11\/15\/justice-moussa-moise-sylla-inculpe\/","name":"Justice :\u00a0Moussa Moise Sylla inculp\u00e9 | Guin\u00e9e Diversit\u00e9","isPartOf":{"@id":"https:\/\/guineediversite.com\/#website"},"primaryImageOfPage":{"@id":"https:\/\/guineediversite.com\/index.php\/2017\/11\/15\/justice-moussa-moise-sylla-inculpe\/#primaryimage"},"image":{"@id":"https:\/\/guineediversite.com\/index.php\/2017\/11\/15\/justice-moussa-moise-sylla-inculpe\/#primaryimage"},"thumbnailUrl":"https:\/\/guineediversite.com\/wp-content\/uploads\/2017\/11\/23559888_1837515369610672_7118853979021290376_n.jpg","datePublished":"2017-11-15T18:56:38+00:00","dateModified":"2017-11-15T18:56:38+00:00","breadcrumb":{"@id":"https:\/\/guineediversite.com\/index.php\/2017\/11\/15\/justice-moussa-moise-sylla-inculpe\/#breadcrumb"},"inLanguage":"fr-FR","potentialAction":[{"@type":"ReadAction","target":["https:\/\/guineediversite.com\/index.php\/2017\/11\/15\/justice-moussa-moise-sylla-inculpe\/"]}]},{"@type":"ImageObject","inLanguage":"fr-FR","@id":"https:\/\/guineediversite.com\/index.php\/2017\/11\/15\/justice-moussa-moise-sylla-inculpe\/#primaryimage","url":"https:\/\/guineediversite.com\/wp-content\/uploads\/2017\/11\/23559888_1837515369610672_7118853979021290376_n.jpg","contentUrl":"https:\/\/guineediversite.com\/wp-content\/uploads\/2017\/11\/23559888_1837515369610672_7118853979021290376_n.jpg","width":1024,"height":576},{"@type":"BreadcrumbList","@id":"https:\/\/guineediversite.com\/index.php\/2017\/11\/15\/justice-moussa-moise-sylla-inculpe\/#breadcrumb","itemListElement":[{"@type":"ListItem","position":1,"name":"Accueil","item":"https:\/\/guineediversite.com\/"},{"@type":"ListItem","position":2,"name":"Justice :\u00a0Moussa Moise Sylla inculp\u00e9"}]},{"@type":"WebSite","@id":"https:\/\/guineediversite.com\/#website","url":"https:\/\/guineediversite.com\/","name":"Guin\u00e9e Diversit\u00e9","description":"L&#039;Info dans toute sa diversit\u00e9","publisher":{"@id":"https:\/\/guineediversite.com\/#organization"},"potentialAction":[{"@type":"SearchAction","target":{"@type":"EntryPoint","urlTemplate":"https:\/\/guineediversite.com\/?s={search_term_string}"},"query-input":{"@type":"PropertyValueSpecification","valueRequired":true,"valueName":"search_term_string"}}],"inLanguage":"fr-FR"},{"@type":"Organization","@id":"https:\/\/guineediversite.com\/#organization","name":"Guin\u00e9e Diversit\u00e9","url":"https:\/\/guineediversite.com\/","logo":{"@type":"ImageObject","inLanguage":"fr-FR","@id":"https:\/\/guineediversite.com\/#\/schema\/logo\/image\/","url":"https:\/\/guineediversite.com\/wp-content\/uploads\/2017\/04\/cropped-1jojlxEOMkX9Wyqfhe43D6kjPOGqBBKmx3EwWJqZ0cMrFF54yM49.png","contentUrl":"https:\/\/guineediversite.com\/wp-content\/uploads\/2017\/04\/cropped-1jojlxEOMkX9Wyqfhe43D6kjPOGqBBKmx3EwWJqZ0cMrFF54yM49.png","width":186,"height":112,"caption":"Guin\u00e9e Diversit\u00e9"},"image":{"@id":"https:\/\/guineediversite.com\/#\/schema\/logo\/image\/"},"sameAs":["https:\/\/www.facebook.com\/guineediversite\/","https:\/\/x.com\/GuineeDiversite","https:\/\/www.youtube.com\/channel\/UC8sUY16qelG5ge6_D5SB83g"]},{"@type":"Person","@id":"https:\/\/guineediversite.com\/#\/schema\/person\/079ec347f72d2acde4b56a50a4fd46dc","name":"Moussa Mo\u00efse K\u00e9ita","image":{"@type":"ImageObject","inLanguage":"fr-FR","@id":"https:\/\/guineediversite.com\/#\/schema\/person\/image\/","url":"https:\/\/secure.gravatar.com\/avatar\/edf1ea2cc01841e6c0b49384bcb1385b?s=96&d=mm&r=g","contentUrl":"https:\/\/secure.gravatar.com\/avatar\/edf1ea2cc01841e6c0b49384bcb1385b?s=96&d=mm&r=g","caption":"Moussa Mo\u00efse K\u00e9ita"},"url":"https:\/\/guineediversite.com\/index.php\/author\/moussa-moise\/"}]}},"_links":{"self":[{"href":"https:\/\/guineediversite.com\/index.php\/wp-json\/wp\/v2\/posts\/22938"}],"collection":[{"href":"https:\/\/guineediversite.com\/index.php\/wp-json\/wp\/v2\/posts"}],"about":[{"href":"https:\/\/guineediversite.com\/index.php\/wp-json\/wp\/v2\/types\/post"}],"author":[{"embeddable":true,"href":"https:\/\/guineediversite.com\/index.php\/wp-json\/wp\/v2\/users\/16"}],"replies":[{"embeddable":true,"href":"https:\/\/guineediversite.com\/index.php\/wp-json\/wp\/v2\/comments?post=22938"}],"version-history":[{"count":0,"href":"https:\/\/guineediversite.com\/index.php\/wp-json\/wp\/v2\/posts\/22938\/revisions"}],"wp:featuredmedia":[{"embeddable":true,"href":"https:\/\/guineediversite.com\/index.php\/wp-json\/wp\/v2\/media\/22939"}],"wp:attachment":[{"href":"https:\/\/guineediversite.com\/index.php\/wp-json\/wp\/v2\/media?parent=22938"}],"wp:term":[{"taxonomy":"category","embeddable":true,"href":"https:\/\/guineediversite.com\/index.php\/wp-json\/wp\/v2\/categories?post=22938"},{"taxonomy":"post_tag","embeddable":true,"href":"https:\/\/guineediversite.com\/index.php\/wp-json\/wp\/v2\/tags?post=22938"}],"curies":[{"name":"wp","href":"https:\/\/api.w.org\/{rel}","templated":true}]}}