{"id":22925,"date":"2017-11-15T16:00:33","date_gmt":"2017-11-15T15:00:33","guid":{"rendered":"https:\/\/guineediversite.com\/?p=22925"},"modified":"2017-11-15T16:00:33","modified_gmt":"2017-11-15T15:00:33","slug":"zimbabwe-lon-sait-de-situation-a-harare","status":"publish","type":"post","link":"https:\/\/guineediversite.com\/index.php\/2017\/11\/15\/zimbabwe-lon-sait-de-situation-a-harare\/","title":{"rendered":"Zimbabwe : ce que l\u2019on sait de la situation \u00e0 Harare"},"content":{"rendered":"<p class=\"lead\">Le pr\u00e9sident sud-africain Jacob Zuma a pu s&rsquo;entretenir par t\u00e9l\u00e9phone avec Robert Mugabe ce mercredi matin. Ce dernier est \u00ab d\u00e9tenu mais va bien \u00bb, selon la pr\u00e9sidence sud-africaine. Alors que des officiers de l&rsquo;arm\u00e9e ont annonc\u00e9 \u00eatre intervenus dans la nuit pour \u00e9liminer des \u00ab criminels \u00bb proches du pr\u00e9sident zimbabw\u00e9en, la situation reste tr\u00e8s confuse \u00e0 Harare.<\/p>\n<ul>\n<li>Mugabe\u00a0d\u00e9tenu \u00e0 son domicile, selon l\u2019Afrique du Sud<\/li>\n<\/ul>\n<p>Robert Mugabe a affirm\u00e9 mercredi matin au t\u00e9l\u00e9phone \u00e0 son homologue sud-africain Jacob Zuma qu\u2019il \u00e9tait d\u00e9tenu par l\u2019arm\u00e9e, affirment les autorit\u00e9s sud-africaines. \u00ab\u00a0Le pr\u00e9sident Zuma s\u2019est entretenu plus t\u00f4t aujourd\u2019hui avec le pr\u00e9sident Robert Mugabe, qui lui a dit qu\u2019il \u00e9tait d\u00e9tenu \u00e0 son domicile mais a ajout\u00e9 qu\u2019il allait bien\u00a0\u00bb, pr\u00e9cise un communiqu\u00e9 de la pr\u00e9sidence sud-africaine.<\/p>\n<p>Quelques heures auparavant, l\u2019arm\u00e9e, qui a pris le contr\u00f4le de plusieurs points n\u00e9vralgiques du pays, avait annonc\u00e9\u00a0\u00e0 la t\u00e9l\u00e9vision nationale que Robert Mugabe \u00e9tait \u00ab\u00a0sain et sauf\u00a0\u00bb. \u00ab\u00a0Nous assurons \u00e0 la nation que son Excellence le pr\u00e9sident (\u2026) et sa famille sont sains et saufs et que leur s\u00e9curit\u00e9 est garantie\u00a0\u00bb, a affirm\u00e9 dans la nuit le g\u00e9n\u00e9ral Sibusiso Moyo, sans toutefois r\u00e9v\u00e9ler o\u00f9 se trouvait le chef de l\u2019\u00c9tat.<\/p>\n<p>Peu de temps auparavant, vers minuit GMT, des \u00e9changes de coups de feu avaient \u00e9t\u00e9 entendus pendant quelques minutes aux abords de la r\u00e9sidence de Robert Mubage, 93 ans. \u00ab\u00a0Nous ne faisons que viser les criminels qui l\u2019entourent\u00a0\u00bb, a pour sa part affirm\u00e9 le g\u00e9n\u00e9ral lors de son allocution t\u00e9l\u00e9vis\u00e9e, r\u00e9futant tout coup d\u2019\u00c9tat militaire. \u00ab D\u00e8s que notre mission sera accomplie, nous nous attendons \u00e0 ce que la situation retourne \u00e0 la normale\u00a0\u00bb, a-t-il ajout\u00e9.<\/p>\n<p>Selon Reuters, citant une source gouvernementale, le ministre des Finances,\u00a0Ignatius Chombo, partisan de la \u00ab\u00a0G40\u00a0\u00bb [\u00ab\u00a0G\u00e9n\u00e9ration 40\u00a0\u00bb, nom donn\u00e9 au clan de Grace Mugabe au sein du parti pr\u00e9sidentiel, la Zanu-PF], aurait \u00e9t\u00e9 interpell\u00e9.<\/p>\n<figure id=\"attachment_491747\" class=\"thumbnail alignnone\" aria-labelledby=\"figcaption_attachment_491747\"><img loading=\"lazy\" decoding=\"async\" class=\"size-full wp-image-491747\" src=\"http:\/\/www.jeuneafrique.com\/medias\/2017\/11\/10\/sipa_ap22127357_000001.jpg\" alt=\"\" width=\"600\" height=\"400\" \/><\/figure>\n<ul>\n<li>L\u2019arm\u00e9e contr\u00f4le plusieurs points n\u00e9vralgiques \u00e0 Harare<\/li>\n<\/ul>\n<p>Apr\u00e8s cette nuit agit\u00e9e, la situation restait tr\u00e8s confuse\u00a0mercredi matin. \u00c0 l\u2019aube,\u00a0<a href=\"http:\/\/www.jeuneafrique.com\/492748\/politique\/situation-confuse-au-zimbabwe-un-convoi-de-chars-apercu-pres-dharare\/\">des chars militaires d\u00e9j\u00e0 d\u00e9ploy\u00e9s dans les rues de la capitale<\/a>\u00a0se sont positionn\u00e9s pr\u00e8s du Parlement, y \u00e9tablissant des barrages. Des blind\u00e9s\u00a0contr\u00f4lent \u00e9galement les\u00a0acc\u00e8s au si\u00e8ge du parti au pouvoir et aux bureaux o\u00f9 le pr\u00e9sident Robert Mugabe r\u00e9unit d\u2019habitude son gouvernement.<\/p>\n<p>Si l\u2019arm\u00e9e a pour l\u2019heure d\u00e9menti tout coup d\u2019\u00c9tat, son intervention sur la sc\u00e8ne politique zimbabw\u00e9enne, qui plus est \u00e0 l\u2019encontre de Robert Mugabe, est in\u00e9dite. Une premi\u00e8re qui inqui\u00e8te bon nombre d\u2019observateurs, \u00e0 l\u2019image de cet analyste \u00e0 la firme britannique EXX Africa Risk Consultancy. \u00ab\u00a0Le silence du gouvernement apr\u00e8s les d\u00e9ploiements militaires tend \u00e0 confirmer que le pr\u00e9sident Mugabe a perdu le contr\u00f4le de la situation\u00a0\u00bb, a estim\u00e9 Robert Besseling, cit\u00e9 par l\u2019AFP.<\/p>\n<ul>\n<li>Pourquoi ces officiers sont-ils intervenus ?<\/li>\n<\/ul>\n<figure id=\"attachment_492762\" class=\"thumbnail alignnone\" aria-labelledby=\"figcaption_attachment_492762\"><img loading=\"lazy\" decoding=\"async\" class=\"size-full wp-image-492762\" src=\"http:\/\/www.jeuneafrique.com\/medias\/2017\/11\/14\/sipa_ap22129345_000001.jpg\" alt=\"\" width=\"600\" height=\"400\" \/><\/figure>\n<p>Le climat politique s\u2019est consid\u00e9rablement d\u00e9grad\u00e9 la semaine derni\u00e8re apr\u00e8s le limogeage du vice-pr\u00e9sident Emmerson Mnangagwa. Pr\u00e9sent\u00e9 comme le successeur logique de Robert Mugabe, ce dernier a \u00e9t\u00e9 d\u00e9mis de ses fonctions le 6 novembre, apr\u00e8s un bras de fer avec sa rivale dans la course \u00e0 la succession : la premi\u00e8re dame, Grace Mugabe.<\/p>\n<p>C\u2019\u00e9tait compter sans les liens \u00e9troits que Emmerson Mnangagwa entretient avec de hauts grad\u00e9s militaires. Mardi,\u00a0le chef de l\u2019arm\u00e9e zimbabw\u00e9enne\u00a0<a href=\"http:\/\/www.jeuneafrique.com\/492230\/politique\/zimbabwe-le-chef-de-larmee-reclame-la-fin-de-la-purge\/\">est ainsi sorti de sa traditionnelle r\u00e9serve pour exiger que \u00ab\u00a0la purge actuelle\u00a0\u00bb cesse \u00ab\u00a0imm\u00e9diatement\u00a0\u00bb<\/a>.\u00a0\u00ab\u00a0Nous devons rappeler \u00e0 ceux derri\u00e8re ces dangereuses manigances que lorsqu\u2019il s\u2019agit de prot\u00e9ger notre r\u00e9volution, l\u2019arm\u00e9e n\u2019h\u00e9sitera pas\u00a0 \u00e0 intervenir\u00a0\u00bb, a-t-il martel\u00e9 face \u00e0 90 hauts responsables de l\u2019arm\u00e9e.<\/p>\n<p>En r\u00e9ponse,\u00a0le parti pr\u00e9sidentiel a accus\u00e9 mardi le chef de l\u2019arm\u00e9e de \u00ab\u00a0conduite relevant de la trahison\u00a0\u00bb et d\u00e9nonc\u00e9 sa volont\u00e9 de \u00ab\u00a0perturber la paix nationale\u00a0\u00bb. Depuis, Harare bruissait de rumeurs sur le futur limogeage du\u00a0chef de l\u2019arm\u00e9e zimbabw\u00e9enne.<\/p>\n<ul>\n<li>Jacob Zuma contre un changement de r\u00e9gime \u00ab\u00a0inconstitutionnel\u00a0\u00bb<\/li>\n<\/ul>\n<p>Premier \u00e0 r\u00e9agir dans la sous-r\u00e9gion, le pr\u00e9sident sud-africain a fait part de sa pr\u00e9occupation. Jacob Zuma a \u00ab\u00a0appel\u00e9 au calme et \u00e0 la retenue et exprim\u00e9 l\u2019espoir que les d\u00e9veloppements au Zimbabwe n\u2019am\u00e8nent pas un changement inconstitutionnel de gouvernement\u00a0\u00bb, a d\u00e9clar\u00e9 la pr\u00e9sidence sud-africaine dans un communiqu\u00e9.\u00a0<span id=\":cf.co\" class=\"tL8wMe EMoHub\" dir=\"ltr\">L\u2019Afrique du Sud a par ailleurs annonc\u00e9 l\u2019envoi de deux de ses ministres \u00e0 Harare, celle de la D\u00e9fense, Nosiviwe Mapisa-Nqakula, et celui de la S\u00e9curit\u00e9 d\u2019\u00c9tat, Bongani Bongo, pour \u00ab\u00a0rencontrer le Pr\u00e9sident Robert Mugabe et les Forces de d\u00e9fense zimbabw\u00e9ennes\u00a0\u00bb.<\/span><\/p>\n<p>JEUNE AFRIQUE<\/p>\n","protected":false},"excerpt":{"rendered":"<p>Le pr\u00e9sident sud-africain Jacob Zuma a pu s&rsquo;entretenir par t\u00e9l\u00e9phone avec Robert Mugabe ce mercredi matin. Ce dernier est \u00ab d\u00e9tenu mais va bien \u00bb, selon la pr\u00e9sidence sud-africaine. Alors que des officiers de l&rsquo;arm\u00e9e ont annonc\u00e9 \u00eatre intervenus dans la nuit pour \u00e9liminer des \u00ab criminels \u00bb proches du pr\u00e9sident zimbabw\u00e9en, la situation reste [&hellip;]<\/p>\n","protected":false},"author":12,"featured_media":22926,"comment_status":"closed","ping_status":"closed","sticky":false,"template":"","format":"standard","meta":{"_exactmetrics_skip_tracking":false,"_exactmetrics_sitenote_active":false,"_exactmetrics_sitenote_note":"","_exactmetrics_sitenote_category":0,"tdm_status":"","tdm_grid_status":"","footnotes":""},"categories":[21],"tags":[335],"class_list":{"0":"post-22925","1":"post","2":"type-post","3":"status-publish","4":"format-standard","5":"has-post-thumbnail","7":"category-international","8":"tag-zimbabwe"},"yoast_head":"<!-- This site is optimized with the Yoast SEO plugin v24.2 - https:\/\/yoast.com\/wordpress\/plugins\/seo\/ -->\n<title>Zimbabwe : ce que l\u2019on sait de la situation \u00e0 Harare | Guin\u00e9e Diversit\u00e9<\/title>\n<meta name=\"robots\" content=\"index, follow, max-snippet:-1, max-image-preview:large, max-video-preview:-1\" \/>\n<link rel=\"canonical\" href=\"https:\/\/guineediversite.com\/index.php\/2017\/11\/15\/zimbabwe-lon-sait-de-situation-a-harare\/\" \/>\n<meta property=\"og:locale\" content=\"fr_FR\" \/>\n<meta property=\"og:type\" content=\"article\" \/>\n<meta property=\"og:title\" content=\"Zimbabwe : ce que l\u2019on sait de la situation \u00e0 Harare | Guin\u00e9e Diversit\u00e9\" \/>\n<meta property=\"og:description\" content=\"Le pr\u00e9sident sud-africain Jacob Zuma a pu s&rsquo;entretenir par t\u00e9l\u00e9phone avec Robert Mugabe ce mercredi matin. Ce dernier est \u00ab d\u00e9tenu mais va bien \u00bb, selon la pr\u00e9sidence sud-africaine. Alors que des officiers de l&rsquo;arm\u00e9e ont annonc\u00e9 \u00eatre intervenus dans la nuit pour \u00e9liminer des \u00ab criminels \u00bb proches du pr\u00e9sident zimbabw\u00e9en, la situation reste [&hellip;]\" \/>\n<meta property=\"og:url\" content=\"https:\/\/guineediversite.com\/index.php\/2017\/11\/15\/zimbabwe-lon-sait-de-situation-a-harare\/\" \/>\n<meta property=\"og:site_name\" content=\"Guin\u00e9e Diversit\u00e9\" \/>\n<meta property=\"article:publisher\" content=\"https:\/\/www.facebook.com\/guineediversite\/\" \/>\n<meta property=\"article:published_time\" content=\"2017-11-15T15:00:33+00:00\" \/>\n<meta property=\"og:image\" content=\"https:\/\/guineediversite.com\/wp-content\/uploads\/2017\/11\/sipa_ap22130044_000002-592x296-1510745319.jpg\" \/>\n\t<meta property=\"og:image:width\" content=\"1024\" \/>\n\t<meta property=\"og:image:height\" content=\"512\" \/>\n\t<meta property=\"og:image:type\" content=\"image\/jpeg\" \/>\n<meta name=\"author\" content=\"Guin\u00e9e Diversit\u00e9\" \/>\n<meta name=\"twitter:card\" content=\"summary_large_image\" \/>\n<meta name=\"twitter:creator\" content=\"@GuineeDiversite\" \/>\n<meta name=\"twitter:site\" content=\"@GuineeDiversite\" \/>\n<meta name=\"twitter:label1\" content=\"\u00c9crit par\" \/>\n\t<meta name=\"twitter:data1\" content=\"Guin\u00e9e Diversit\u00e9\" \/>\n\t<meta name=\"twitter:label2\" content=\"Dur\u00e9e de lecture estim\u00e9e\" \/>\n\t<meta name=\"twitter:data2\" content=\"4 minutes\" \/>\n<script type=\"application\/ld+json\" class=\"yoast-schema-graph\">{\"@context\":\"https:\/\/schema.org\",\"@graph\":[{\"@type\":\"Article\",\"@id\":\"https:\/\/guineediversite.com\/index.php\/2017\/11\/15\/zimbabwe-lon-sait-de-situation-a-harare\/#article\",\"isPartOf\":{\"@id\":\"https:\/\/guineediversite.com\/index.php\/2017\/11\/15\/zimbabwe-lon-sait-de-situation-a-harare\/\"},\"author\":{\"name\":\"Guin\u00e9e Diversit\u00e9\",\"@id\":\"https:\/\/guineediversite.com\/#\/schema\/person\/afa08fb34e7fc6e1feafc892612bc836\"},\"headline\":\"Zimbabwe : ce que l\u2019on sait de la situation \u00e0 Harare\",\"datePublished\":\"2017-11-15T15:00:33+00:00\",\"dateModified\":\"2017-11-15T15:00:33+00:00\",\"mainEntityOfPage\":{\"@id\":\"https:\/\/guineediversite.com\/index.php\/2017\/11\/15\/zimbabwe-lon-sait-de-situation-a-harare\/\"},\"wordCount\":842,\"publisher\":{\"@id\":\"https:\/\/guineediversite.com\/#organization\"},\"image\":{\"@id\":\"https:\/\/guineediversite.com\/index.php\/2017\/11\/15\/zimbabwe-lon-sait-de-situation-a-harare\/#primaryimage\"},\"thumbnailUrl\":\"https:\/\/guineediversite.com\/wp-content\/uploads\/2017\/11\/sipa_ap22130044_000002-592x296-1510745319.jpg\",\"keywords\":[\"ZIMBABWE\"],\"articleSection\":[\"International\"],\"inLanguage\":\"fr-FR\"},{\"@type\":\"WebPage\",\"@id\":\"https:\/\/guineediversite.com\/index.php\/2017\/11\/15\/zimbabwe-lon-sait-de-situation-a-harare\/\",\"url\":\"https:\/\/guineediversite.com\/index.php\/2017\/11\/15\/zimbabwe-lon-sait-de-situation-a-harare\/\",\"name\":\"Zimbabwe : ce que l\u2019on sait de la situation \u00e0 Harare | Guin\u00e9e Diversit\u00e9\",\"isPartOf\":{\"@id\":\"https:\/\/guineediversite.com\/#website\"},\"primaryImageOfPage\":{\"@id\":\"https:\/\/guineediversite.com\/index.php\/2017\/11\/15\/zimbabwe-lon-sait-de-situation-a-harare\/#primaryimage\"},\"image\":{\"@id\":\"https:\/\/guineediversite.com\/index.php\/2017\/11\/15\/zimbabwe-lon-sait-de-situation-a-harare\/#primaryimage\"},\"thumbnailUrl\":\"https:\/\/guineediversite.com\/wp-content\/uploads\/2017\/11\/sipa_ap22130044_000002-592x296-1510745319.jpg\",\"datePublished\":\"2017-11-15T15:00:33+00:00\",\"dateModified\":\"2017-11-15T15:00:33+00:00\",\"breadcrumb\":{\"@id\":\"https:\/\/guineediversite.com\/index.php\/2017\/11\/15\/zimbabwe-lon-sait-de-situation-a-harare\/#breadcrumb\"},\"inLanguage\":\"fr-FR\",\"potentialAction\":[{\"@type\":\"ReadAction\",\"target\":[\"https:\/\/guineediversite.com\/index.php\/2017\/11\/15\/zimbabwe-lon-sait-de-situation-a-harare\/\"]}]},{\"@type\":\"ImageObject\",\"inLanguage\":\"fr-FR\",\"@id\":\"https:\/\/guineediversite.com\/index.php\/2017\/11\/15\/zimbabwe-lon-sait-de-situation-a-harare\/#primaryimage\",\"url\":\"https:\/\/guineediversite.com\/wp-content\/uploads\/2017\/11\/sipa_ap22130044_000002-592x296-1510745319.jpg\",\"contentUrl\":\"https:\/\/guineediversite.com\/wp-content\/uploads\/2017\/11\/sipa_ap22130044_000002-592x296-1510745319.jpg\",\"width\":1024,\"height\":512},{\"@type\":\"BreadcrumbList\",\"@id\":\"https:\/\/guineediversite.com\/index.php\/2017\/11\/15\/zimbabwe-lon-sait-de-situation-a-harare\/#breadcrumb\",\"itemListElement\":[{\"@type\":\"ListItem\",\"position\":1,\"name\":\"Accueil\",\"item\":\"https:\/\/guineediversite.com\/\"},{\"@type\":\"ListItem\",\"position\":2,\"name\":\"Zimbabwe : ce que l\u2019on sait de la situation \u00e0 Harare\"}]},{\"@type\":\"WebSite\",\"@id\":\"https:\/\/guineediversite.com\/#website\",\"url\":\"https:\/\/guineediversite.com\/\",\"name\":\"Guin\u00e9e Diversit\u00e9\",\"description\":\"L&#039;Info dans toute sa diversit\u00e9\",\"publisher\":{\"@id\":\"https:\/\/guineediversite.com\/#organization\"},\"potentialAction\":[{\"@type\":\"SearchAction\",\"target\":{\"@type\":\"EntryPoint\",\"urlTemplate\":\"https:\/\/guineediversite.com\/?s={search_term_string}\"},\"query-input\":{\"@type\":\"PropertyValueSpecification\",\"valueRequired\":true,\"valueName\":\"search_term_string\"}}],\"inLanguage\":\"fr-FR\"},{\"@type\":\"Organization\",\"@id\":\"https:\/\/guineediversite.com\/#organization\",\"name\":\"Guin\u00e9e Diversit\u00e9\",\"url\":\"https:\/\/guineediversite.com\/\",\"logo\":{\"@type\":\"ImageObject\",\"inLanguage\":\"fr-FR\",\"@id\":\"https:\/\/guineediversite.com\/#\/schema\/logo\/image\/\",\"url\":\"https:\/\/guineediversite.com\/wp-content\/uploads\/2017\/04\/cropped-1jojlxEOMkX9Wyqfhe43D6kjPOGqBBKmx3EwWJqZ0cMrFF54yM49.png\",\"contentUrl\":\"https:\/\/guineediversite.com\/wp-content\/uploads\/2017\/04\/cropped-1jojlxEOMkX9Wyqfhe43D6kjPOGqBBKmx3EwWJqZ0cMrFF54yM49.png\",\"width\":186,\"height\":112,\"caption\":\"Guin\u00e9e Diversit\u00e9\"},\"image\":{\"@id\":\"https:\/\/guineediversite.com\/#\/schema\/logo\/image\/\"},\"sameAs\":[\"https:\/\/www.facebook.com\/guineediversite\/\",\"https:\/\/x.com\/GuineeDiversite\",\"https:\/\/www.youtube.com\/channel\/UC8sUY16qelG5ge6_D5SB83g\"]},{\"@type\":\"Person\",\"@id\":\"https:\/\/guineediversite.com\/#\/schema\/person\/afa08fb34e7fc6e1feafc892612bc836\",\"name\":\"Guin\u00e9e Diversit\u00e9\",\"image\":{\"@type\":\"ImageObject\",\"inLanguage\":\"fr-FR\",\"@id\":\"https:\/\/guineediversite.com\/#\/schema\/person\/image\/\",\"url\":\"https:\/\/secure.gravatar.com\/avatar\/50d5eb5b390f8b65ac30ac6f898eb83a?s=96&d=mm&r=g\",\"contentUrl\":\"https:\/\/secure.gravatar.com\/avatar\/50d5eb5b390f8b65ac30ac6f898eb83a?s=96&d=mm&r=g\",\"caption\":\"Guin\u00e9e Diversit\u00e9\"},\"url\":\"https:\/\/guineediversite.com\/index.php\/author\/guineediversite\/\"}]}<\/script>\n<!-- \/ Yoast SEO plugin. -->","yoast_head_json":{"title":"Zimbabwe : ce que l\u2019on sait de la situation \u00e0 Harare | Guin\u00e9e Diversit\u00e9","robots":{"index":"index","follow":"follow","max-snippet":"max-snippet:-1","max-image-preview":"max-image-preview:large","max-video-preview":"max-video-preview:-1"},"canonical":"https:\/\/guineediversite.com\/index.php\/2017\/11\/15\/zimbabwe-lon-sait-de-situation-a-harare\/","og_locale":"fr_FR","og_type":"article","og_title":"Zimbabwe : ce que l\u2019on sait de la situation \u00e0 Harare | Guin\u00e9e Diversit\u00e9","og_description":"Le pr\u00e9sident sud-africain Jacob Zuma a pu s&rsquo;entretenir par t\u00e9l\u00e9phone avec Robert Mugabe ce mercredi matin. Ce dernier est \u00ab d\u00e9tenu mais va bien \u00bb, selon la pr\u00e9sidence sud-africaine. Alors que des officiers de l&rsquo;arm\u00e9e ont annonc\u00e9 \u00eatre intervenus dans la nuit pour \u00e9liminer des \u00ab criminels \u00bb proches du pr\u00e9sident zimbabw\u00e9en, la situation reste [&hellip;]","og_url":"https:\/\/guineediversite.com\/index.php\/2017\/11\/15\/zimbabwe-lon-sait-de-situation-a-harare\/","og_site_name":"Guin\u00e9e Diversit\u00e9","article_publisher":"https:\/\/www.facebook.com\/guineediversite\/","article_published_time":"2017-11-15T15:00:33+00:00","og_image":[{"width":1024,"height":512,"url":"https:\/\/guineediversite.com\/wp-content\/uploads\/2017\/11\/sipa_ap22130044_000002-592x296-1510745319.jpg","type":"image\/jpeg"}],"author":"Guin\u00e9e Diversit\u00e9","twitter_card":"summary_large_image","twitter_creator":"@GuineeDiversite","twitter_site":"@GuineeDiversite","twitter_misc":{"\u00c9crit par":"Guin\u00e9e Diversit\u00e9","Dur\u00e9e de lecture estim\u00e9e":"4 minutes"},"schema":{"@context":"https:\/\/schema.org","@graph":[{"@type":"Article","@id":"https:\/\/guineediversite.com\/index.php\/2017\/11\/15\/zimbabwe-lon-sait-de-situation-a-harare\/#article","isPartOf":{"@id":"https:\/\/guineediversite.com\/index.php\/2017\/11\/15\/zimbabwe-lon-sait-de-situation-a-harare\/"},"author":{"name":"Guin\u00e9e Diversit\u00e9","@id":"https:\/\/guineediversite.com\/#\/schema\/person\/afa08fb34e7fc6e1feafc892612bc836"},"headline":"Zimbabwe : ce que l\u2019on sait de la situation \u00e0 Harare","datePublished":"2017-11-15T15:00:33+00:00","dateModified":"2017-11-15T15:00:33+00:00","mainEntityOfPage":{"@id":"https:\/\/guineediversite.com\/index.php\/2017\/11\/15\/zimbabwe-lon-sait-de-situation-a-harare\/"},"wordCount":842,"publisher":{"@id":"https:\/\/guineediversite.com\/#organization"},"image":{"@id":"https:\/\/guineediversite.com\/index.php\/2017\/11\/15\/zimbabwe-lon-sait-de-situation-a-harare\/#primaryimage"},"thumbnailUrl":"https:\/\/guineediversite.com\/wp-content\/uploads\/2017\/11\/sipa_ap22130044_000002-592x296-1510745319.jpg","keywords":["ZIMBABWE"],"articleSection":["International"],"inLanguage":"fr-FR"},{"@type":"WebPage","@id":"https:\/\/guineediversite.com\/index.php\/2017\/11\/15\/zimbabwe-lon-sait-de-situation-a-harare\/","url":"https:\/\/guineediversite.com\/index.php\/2017\/11\/15\/zimbabwe-lon-sait-de-situation-a-harare\/","name":"Zimbabwe : ce que l\u2019on sait de la situation \u00e0 Harare | Guin\u00e9e Diversit\u00e9","isPartOf":{"@id":"https:\/\/guineediversite.com\/#website"},"primaryImageOfPage":{"@id":"https:\/\/guineediversite.com\/index.php\/2017\/11\/15\/zimbabwe-lon-sait-de-situation-a-harare\/#primaryimage"},"image":{"@id":"https:\/\/guineediversite.com\/index.php\/2017\/11\/15\/zimbabwe-lon-sait-de-situation-a-harare\/#primaryimage"},"thumbnailUrl":"https:\/\/guineediversite.com\/wp-content\/uploads\/2017\/11\/sipa_ap22130044_000002-592x296-1510745319.jpg","datePublished":"2017-11-15T15:00:33+00:00","dateModified":"2017-11-15T15:00:33+00:00","breadcrumb":{"@id":"https:\/\/guineediversite.com\/index.php\/2017\/11\/15\/zimbabwe-lon-sait-de-situation-a-harare\/#breadcrumb"},"inLanguage":"fr-FR","potentialAction":[{"@type":"ReadAction","target":["https:\/\/guineediversite.com\/index.php\/2017\/11\/15\/zimbabwe-lon-sait-de-situation-a-harare\/"]}]},{"@type":"ImageObject","inLanguage":"fr-FR","@id":"https:\/\/guineediversite.com\/index.php\/2017\/11\/15\/zimbabwe-lon-sait-de-situation-a-harare\/#primaryimage","url":"https:\/\/guineediversite.com\/wp-content\/uploads\/2017\/11\/sipa_ap22130044_000002-592x296-1510745319.jpg","contentUrl":"https:\/\/guineediversite.com\/wp-content\/uploads\/2017\/11\/sipa_ap22130044_000002-592x296-1510745319.jpg","width":1024,"height":512},{"@type":"BreadcrumbList","@id":"https:\/\/guineediversite.com\/index.php\/2017\/11\/15\/zimbabwe-lon-sait-de-situation-a-harare\/#breadcrumb","itemListElement":[{"@type":"ListItem","position":1,"name":"Accueil","item":"https:\/\/guineediversite.com\/"},{"@type":"ListItem","position":2,"name":"Zimbabwe : ce que l\u2019on sait de la situation \u00e0 Harare"}]},{"@type":"WebSite","@id":"https:\/\/guineediversite.com\/#website","url":"https:\/\/guineediversite.com\/","name":"Guin\u00e9e Diversit\u00e9","description":"L&#039;Info dans toute sa diversit\u00e9","publisher":{"@id":"https:\/\/guineediversite.com\/#organization"},"potentialAction":[{"@type":"SearchAction","target":{"@type":"EntryPoint","urlTemplate":"https:\/\/guineediversite.com\/?s={search_term_string}"},"query-input":{"@type":"PropertyValueSpecification","valueRequired":true,"valueName":"search_term_string"}}],"inLanguage":"fr-FR"},{"@type":"Organization","@id":"https:\/\/guineediversite.com\/#organization","name":"Guin\u00e9e Diversit\u00e9","url":"https:\/\/guineediversite.com\/","logo":{"@type":"ImageObject","inLanguage":"fr-FR","@id":"https:\/\/guineediversite.com\/#\/schema\/logo\/image\/","url":"https:\/\/guineediversite.com\/wp-content\/uploads\/2017\/04\/cropped-1jojlxEOMkX9Wyqfhe43D6kjPOGqBBKmx3EwWJqZ0cMrFF54yM49.png","contentUrl":"https:\/\/guineediversite.com\/wp-content\/uploads\/2017\/04\/cropped-1jojlxEOMkX9Wyqfhe43D6kjPOGqBBKmx3EwWJqZ0cMrFF54yM49.png","width":186,"height":112,"caption":"Guin\u00e9e Diversit\u00e9"},"image":{"@id":"https:\/\/guineediversite.com\/#\/schema\/logo\/image\/"},"sameAs":["https:\/\/www.facebook.com\/guineediversite\/","https:\/\/x.com\/GuineeDiversite","https:\/\/www.youtube.com\/channel\/UC8sUY16qelG5ge6_D5SB83g"]},{"@type":"Person","@id":"https:\/\/guineediversite.com\/#\/schema\/person\/afa08fb34e7fc6e1feafc892612bc836","name":"Guin\u00e9e Diversit\u00e9","image":{"@type":"ImageObject","inLanguage":"fr-FR","@id":"https:\/\/guineediversite.com\/#\/schema\/person\/image\/","url":"https:\/\/secure.gravatar.com\/avatar\/50d5eb5b390f8b65ac30ac6f898eb83a?s=96&d=mm&r=g","contentUrl":"https:\/\/secure.gravatar.com\/avatar\/50d5eb5b390f8b65ac30ac6f898eb83a?s=96&d=mm&r=g","caption":"Guin\u00e9e Diversit\u00e9"},"url":"https:\/\/guineediversite.com\/index.php\/author\/guineediversite\/"}]}},"_links":{"self":[{"href":"https:\/\/guineediversite.com\/index.php\/wp-json\/wp\/v2\/posts\/22925"}],"collection":[{"href":"https:\/\/guineediversite.com\/index.php\/wp-json\/wp\/v2\/posts"}],"about":[{"href":"https:\/\/guineediversite.com\/index.php\/wp-json\/wp\/v2\/types\/post"}],"author":[{"embeddable":true,"href":"https:\/\/guineediversite.com\/index.php\/wp-json\/wp\/v2\/users\/12"}],"replies":[{"embeddable":true,"href":"https:\/\/guineediversite.com\/index.php\/wp-json\/wp\/v2\/comments?post=22925"}],"version-history":[{"count":0,"href":"https:\/\/guineediversite.com\/index.php\/wp-json\/wp\/v2\/posts\/22925\/revisions"}],"wp:featuredmedia":[{"embeddable":true,"href":"https:\/\/guineediversite.com\/index.php\/wp-json\/wp\/v2\/media\/22926"}],"wp:attachment":[{"href":"https:\/\/guineediversite.com\/index.php\/wp-json\/wp\/v2\/media?parent=22925"}],"wp:term":[{"taxonomy":"category","embeddable":true,"href":"https:\/\/guineediversite.com\/index.php\/wp-json\/wp\/v2\/categories?post=22925"},{"taxonomy":"post_tag","embeddable":true,"href":"https:\/\/guineediversite.com\/index.php\/wp-json\/wp\/v2\/tags?post=22925"}],"curies":[{"name":"wp","href":"https:\/\/api.w.org\/{rel}","templated":true}]}}