{"id":22909,"date":"2017-11-15T14:16:01","date_gmt":"2017-11-15T13:16:01","guid":{"rendered":"https:\/\/guineediversite.com\/?p=22909"},"modified":"2017-11-15T14:16:01","modified_gmt":"2017-11-15T13:16:01","slug":"president-alpha-conde-a-paris-reunir-partenaires-internationaux-financer-developpement-de-republique-de-guinee","status":"publish","type":"post","link":"https:\/\/guineediversite.com\/index.php\/2017\/11\/15\/president-alpha-conde-a-paris-reunir-partenaires-internationaux-financer-developpement-de-republique-de-guinee\/","title":{"rendered":"Le pr\u00e9sident Alpha Cond\u00e9 a paris pour r\u00e9unir les partenaires internationaux et financer le d\u00e9veloppement de la r\u00e9publique de Guin\u00e9e"},"content":{"rendered":"<p><strong>Paris<\/strong><strong>, le 15 Novembre 2017 &#8211;<\/strong>\u00a0<strong>Le Gouvernement de la R\u00e9publique de Guin\u00e9e r\u00e9unit jeudi 16 novembre ses partenaires techniques et financiers en organisant un Groupe consultatif au Pavillon Chesnaie du Roy \u00e0 Paris, en pr\u00e9sence du Pr\u00e9sident de la R\u00e9publique de Guin\u00e9e, avec le soutien du Fonds Mon\u00e9taire International, de la Banque Mondiale, de la Banque Africaine de D\u00e9veloppement, de la Banque Islamique de D\u00e9veloppement, de la Banque Arabe pour le D\u00e9veloppement Economique en Afrique et le Programme des Nations Unies pour le D\u00e9veloppement et d\u2019investisseurs priv\u00e9s de r\u00e9f\u00e9rence.<\/strong><\/p>\n<p><strong>\u00a0<\/strong><\/p>\n<p>\u00a0<\/p>\n<p>Le Groupe consultatif rassemblera plus de 300 participants de haut niveau, issus d\u2019institutions financi\u00e8res internationales, de banques et fonds d\u2019investissements, d\u2019agences de coop\u00e9ration, et du secteur priv\u00e9. M. Makthar DIOP,\u00a0Vice-Pr\u00e9sident de la Banque mondiale pour l\u2019Afrique, et M. Akinwumi ADESINA, Pr\u00e9sident de la Banque Africaine de D\u00e9veloppement, seront notamment pr\u00e9sents pour cet \u00e9v\u00e9nement.<\/p>\n<p>\u00a0<\/p>\n<p>Le Groupe consultatif permettra au gouvernement de nouer des partenariats strat\u00e9giques autour de son Plan National de D\u00e9veloppement Economique et Social (PNDES) 2016-2020 mais aussi de lever des fonds pour financer plus de 50 projets structurants de son Programme National d\u2019Investissement (PNI).<\/p>\n<p>\u00a0<\/p>\n<p>\u00a0<\/p>\n<p>L\u2019\u00e9v\u00e8nement se d\u00e9roulera en deux temps. La journ\u00e9e du jeudi 16 novembre sera pr\u00e9sid\u00e9e par Son Excellence le Professeur Alpha CONDE, Pr\u00e9sident de la R\u00e9publique, et sera consacr\u00e9e \u00e0 la pr\u00e9sentation du PNDES et \u00e0 la rencontre entre le gouvernement et l\u2019ensemble des partenaires au d\u00e9veloppement de la Guin\u00e9e, multilat\u00e9raux comme bilat\u00e9raux. Cette journ\u00e9e offrira aux partenaires l\u2019occasion de confirmer leur soutien au PNDES et de faire des annonces de contributions aux financements du Programme National d\u2019Investissement adoss\u00e9 au PNDES. La journ\u00e9e du vendredi 17 novembre sera structur\u00e9e autour d\u2019ateliers r\u00e9serv\u00e9s au secteur priv\u00e9, pour faciliter et structurer leurs investissements dans le pays, et \u00e0 deux autres secteurs-phares que sont l\u2019\u00e9nergie et l\u2019agriculture.<\/p>\n<p>\u00a0<\/p>\n<p>\u00a0<\/p>\n<p>\u00ab\u00a0<em>En lan\u00e7ant aujourd\u2019hui \u00e0 Paris le Groupe consultatif, nous faisons une promesse \u00e0 tous les guin\u00e9ens\u00a0: celle d\u2019un d\u00e9veloppement inclusif et durable. C\u2019est le d\u00e9fi de notre g\u00e9n\u00e9ration\u00a0: c\u2019est pourquoi nous sommes pleinement engag\u00e9s \u00e0 trouver les financements qui permettront la transformation profonde de notre pays. Pour cela, nous faisons confiance \u00e0 nos partenaires internationaux et multilat\u00e9raux qui nous accompagnent depuis plusieurs ann\u00e9es et permettront \u00e0 la Guin\u00e9e de demain d\u2019\u00eatre le hub de la croissance africaine\u00a0<\/em>\u00bb, a d\u00e9clar\u00e9 Son Excellence le\u00a0<strong>Professeur Alpha CONDE<\/strong>, Pr\u00e9sident de la R\u00e9publique de Guin\u00e9e.<\/p>\n<p>\u00a0<\/p>\n<p>\u00a0<\/p>\n<p>Le budget total du PNDES entre 2016 et 2020 est de 14,6 milliards de dollars, soit entre 3 et 3,5 milliards de dollars annuels \u00e0 partir de 2017. Il vise le financement de grands chantiers dont notamment la mise en service du barrage hydro\u00e9lectrique de Souapiti (550 MW), qui, en compl\u00e9ment du barrage de Kal\u00e9ta (240 MW), s\u2019inscrivent dans le programme national d\u2019am\u00e9lioration de l\u2019acc\u00e8s \u00e0 l\u2019\u00e9lectricit\u00e9 en Guin\u00e9e.<\/p>\n<p>\u00a0<\/p>\n<p>Sur d\u2019autres volets, le PNDES permettra le financement d\u2019infrastructures (routes, chemin de fer Conakry Bamako Bobo Dioulasso, travaux de voirie et assainissement des villes, etc.), des projets sociaux (am\u00e9lioration de l\u2019acc\u00e8s \u00e0 la sant\u00e9 et \u00e0 l\u2019eau potable, d\u00e9veloppement de la couverture de la protection sociale au-del\u00e0 du secteur d\u2019Etat vers les employ\u00e9s du priv\u00e9, renforcement du syst\u00e8me \u00e9ducatif\u2026)<\/p>\n<p>\u00a0<\/p>\n<p>\u00a0<\/p>\n<p>\u00ab\u00a0<em>30% des d\u00e9penses pr\u00e9vues par le PNDES seront financ\u00e9es par le budget de l\u2019\u00c9tat, tandis que 38% reposeront sur l\u2019apport du secteur priv\u00e9 \u00e0 travers les PPP. Les besoins de financement ext\u00e9rieurs s\u2019\u00e9l\u00e8vent donc pr\u00e9cis\u00e9ment \u00e0 32% du total des investissements pr\u00e9vus\u00a0<\/em>\u00bb,\u00a0explique\u00a0<strong>Kanny DIALLO<\/strong>, Ministre Guin\u00e9enne du Plan et de la Coop\u00e9ration internationale, en charge de l\u2019organisation du Groupe Consultatif.<\/p>\n<p>\u00a0<\/p>\n<p>\u00a0<\/p>\n<p>La Guin\u00e9e b\u00e9n\u00e9ficie du soutien de l\u2019ensemble des partenaires techniques et financiers dans la mise en \u0153uvre de ce plan quinquennal de d\u00e9veloppement, qui vise \u00e0 atteindre une croissance plus \u00e9lev\u00e9e et partag\u00e9e et \u00e0 r\u00e9duire la pauvret\u00e9, tout en pr\u00e9servant la stabilit\u00e9 macro\u00e9conomique du pays, et la viabilit\u00e9 de la dette. Un accord avec les services du FMI a \u00e9t\u00e9 annonc\u00e9 le 17 octobre dernier, et sera soumis au Conseil d&rsquo;Administration ce mois-ci.<\/p>\n<p>\u00a0<\/p>\n<p>Parmi les autres intervenants qui prendront part au Groupe consultatif\u00a0:<\/p>\n<p>\u00a0<\/p>\n<p>\u00a0<\/p>\n<ul>\n<li>Le Vice-Pr\u00e9sident de la\u00a0<strong>Banque mondiale<\/strong>\u00a0pour l\u2019Afrique, institution chef de file des partenaires de la R\u00e9publique de Guin\u00e9e,<strong>Makhtar Diop<\/strong><\/li>\n<li>Le Pr\u00e9sident de la\u00a0<strong>Banque Africaine de D\u00e9veloppement<\/strong>,\u00a0<strong>Akinwumi Adesina<\/strong><\/li>\n<li>Le Vice-Pr\u00e9sident de la\u00a0<strong>Banque Islamique de D\u00e9veloppement<\/strong>,\u00a0<strong>Sayed Aqa<\/strong><\/li>\n<li>La cheffe de mission pour la Guin\u00e9e du\u00a0<strong>Fonds mon\u00e9taire international<\/strong>,\u00a0<strong>Giorgia Albertin<\/strong><\/li>\n<li>La Directrice du Bureau de Repr\u00e9sentation du PNUD et Repr\u00e9sentante du Secr\u00e9taire G\u00e9n\u00e9ral des Nations Unies aupr\u00e8s de l\u2019Union Europ\u00e9enne et de la Belgique,<strong>Barbara Pesce-Monteiro<\/strong><\/li>\n<li>Le Ministre d\u2019\u00c9tat guin\u00e9en en charge des Investissements et des partenariats publics priv\u00e9s,<strong>\u00a0Ibrahima Kassory Fofana<\/strong><\/li>\n<li>Le Ministre d&rsquo;Etat, Ministre de l\u2019Agriculture,\u00a0<strong>Naby Youssouf Kiridi Bangoura<\/strong><\/li>\n<li>La Ministre guin\u00e9enne de l\u2019Economie et des Finances,<strong>\u00a0Malado Kaba<\/strong><\/li>\n<li>Le Ministre guin\u00e9en du Budget,\u00a0<strong>Mohamed Lamine Doumbouya\u00a0<\/strong><\/li>\n<li>Le Ministre guin\u00e9en des Mines et de la G\u00e9ologie,<strong>\u00a0Abdoulaye Magassouba<\/strong><\/li>\n<li>Le Ministre de l\u2019Energie et de l\u2019Hydraulique,<strong>\u00a0Cheik Taliby Sylla<\/strong><\/li>\n<li>Le Ministre du Travail, de l\u2019Emploi, de l\u2019Enseignement Technique et de la Formation Professionnelle et porte-parole du gouvernement,<strong>Damantang Albert Camara<\/strong><\/li>\n<li>Le Ministre Conseiller \u00e0 la Pr\u00e9sidence de la R\u00e9publique,\u00a0<strong>Kerfalla Yansan\u00e9<\/strong><\/li>\n<li>Le Ministre guin\u00e9en de la Communication,\u00a0<strong>Rachid N&rsquo;Diaye<\/strong><\/li>\n<\/ul>\n<p>\u00a0<\/p>\n<p><strong><em>\u00a0<\/em><\/strong><\/p>\n<p><strong>La Cellule de Communication du Gouvernement<\/strong><\/p>\n<p>\u00a0<\/p>\n","protected":false},"excerpt":{"rendered":"<p>Paris, le 15 Novembre 2017 &#8211;\u00a0Le Gouvernement de la R\u00e9publique de Guin\u00e9e r\u00e9unit jeudi 16 novembre ses partenaires techniques et financiers en organisant un Groupe consultatif au Pavillon Chesnaie du Roy \u00e0 Paris, en pr\u00e9sence du Pr\u00e9sident de la R\u00e9publique de Guin\u00e9e, avec le soutien du Fonds Mon\u00e9taire International, de la Banque Mondiale, de la [&hellip;]<\/p>\n","protected":false},"author":12,"featured_media":22910,"comment_status":"closed","ping_status":"closed","sticky":false,"template":"","format":"standard","meta":{"_exactmetrics_skip_tracking":false,"_exactmetrics_sitenote_active":false,"_exactmetrics_sitenote_note":"","_exactmetrics_sitenote_category":0,"tdm_status":"","tdm_grid_status":"","footnotes":""},"categories":[15,21],"tags":[],"class_list":{"0":"post-22909","1":"post","2":"type-post","3":"status-publish","4":"format-standard","5":"has-post-thumbnail","7":"category-economie","8":"category-international"},"yoast_head":"<!-- This site is optimized with the Yoast SEO plugin v24.2 - https:\/\/yoast.com\/wordpress\/plugins\/seo\/ -->\n<title>Le pr\u00e9sident Alpha Cond\u00e9 a paris pour r\u00e9unir les partenaires internationaux et financer le d\u00e9veloppement de la r\u00e9publique de Guin\u00e9e | Guin\u00e9e Diversit\u00e9<\/title>\n<meta name=\"robots\" content=\"index, follow, max-snippet:-1, max-image-preview:large, max-video-preview:-1\" \/>\n<link rel=\"canonical\" href=\"https:\/\/guineediversite.com\/index.php\/2017\/11\/15\/president-alpha-conde-a-paris-reunir-partenaires-internationaux-financer-developpement-de-republique-de-guinee\/\" \/>\n<meta property=\"og:locale\" content=\"fr_FR\" \/>\n<meta property=\"og:type\" content=\"article\" \/>\n<meta property=\"og:title\" content=\"Le pr\u00e9sident Alpha Cond\u00e9 a paris pour r\u00e9unir les partenaires internationaux et financer le d\u00e9veloppement de la r\u00e9publique de Guin\u00e9e | Guin\u00e9e Diversit\u00e9\" \/>\n<meta property=\"og:description\" content=\"Paris, le 15 Novembre 2017 &#8211;\u00a0Le Gouvernement de la R\u00e9publique de Guin\u00e9e r\u00e9unit jeudi 16 novembre ses partenaires techniques et financiers en organisant un Groupe consultatif au Pavillon Chesnaie du Roy \u00e0 Paris, en pr\u00e9sence du Pr\u00e9sident de la R\u00e9publique de Guin\u00e9e, avec le soutien du Fonds Mon\u00e9taire International, de la Banque Mondiale, de la [&hellip;]\" \/>\n<meta property=\"og:url\" content=\"https:\/\/guineediversite.com\/index.php\/2017\/11\/15\/president-alpha-conde-a-paris-reunir-partenaires-internationaux-financer-developpement-de-republique-de-guinee\/\" \/>\n<meta property=\"og:site_name\" content=\"Guin\u00e9e Diversit\u00e9\" \/>\n<meta property=\"article:publisher\" content=\"https:\/\/www.facebook.com\/guineediversite\/\" \/>\n<meta property=\"article:published_time\" content=\"2017-11-15T13:16:01+00:00\" \/>\n<meta property=\"og:image\" content=\"https:\/\/guineediversite.com\/wp-content\/uploads\/2017\/11\/groupe-consultatif-16-17.jpe\" \/>\n\t<meta property=\"og:image:width\" content=\"1080\" \/>\n\t<meta property=\"og:image:height\" content=\"1239\" \/>\n\t<meta property=\"og:image:type\" content=\"image\/jpeg\" \/>\n<meta name=\"author\" content=\"Guin\u00e9e Diversit\u00e9\" \/>\n<meta name=\"twitter:card\" content=\"summary_large_image\" \/>\n<meta name=\"twitter:creator\" content=\"@GuineeDiversite\" \/>\n<meta name=\"twitter:site\" content=\"@GuineeDiversite\" \/>\n<meta name=\"twitter:label1\" content=\"\u00c9crit par\" \/>\n\t<meta name=\"twitter:data1\" content=\"Guin\u00e9e Diversit\u00e9\" \/>\n\t<meta name=\"twitter:label2\" content=\"Dur\u00e9e de lecture estim\u00e9e\" \/>\n\t<meta name=\"twitter:data2\" content=\"5 minutes\" \/>\n<script type=\"application\/ld+json\" class=\"yoast-schema-graph\">{\"@context\":\"https:\/\/schema.org\",\"@graph\":[{\"@type\":\"Article\",\"@id\":\"https:\/\/guineediversite.com\/index.php\/2017\/11\/15\/president-alpha-conde-a-paris-reunir-partenaires-internationaux-financer-developpement-de-republique-de-guinee\/#article\",\"isPartOf\":{\"@id\":\"https:\/\/guineediversite.com\/index.php\/2017\/11\/15\/president-alpha-conde-a-paris-reunir-partenaires-internationaux-financer-developpement-de-republique-de-guinee\/\"},\"author\":{\"name\":\"Guin\u00e9e Diversit\u00e9\",\"@id\":\"https:\/\/guineediversite.com\/#\/schema\/person\/afa08fb34e7fc6e1feafc892612bc836\"},\"headline\":\"Le pr\u00e9sident Alpha Cond\u00e9 a paris pour r\u00e9unir les partenaires internationaux et financer le d\u00e9veloppement de la r\u00e9publique de Guin\u00e9e\",\"datePublished\":\"2017-11-15T13:16:01+00:00\",\"dateModified\":\"2017-11-15T13:16:01+00:00\",\"mainEntityOfPage\":{\"@id\":\"https:\/\/guineediversite.com\/index.php\/2017\/11\/15\/president-alpha-conde-a-paris-reunir-partenaires-internationaux-financer-developpement-de-republique-de-guinee\/\"},\"wordCount\":997,\"publisher\":{\"@id\":\"https:\/\/guineediversite.com\/#organization\"},\"image\":{\"@id\":\"https:\/\/guineediversite.com\/index.php\/2017\/11\/15\/president-alpha-conde-a-paris-reunir-partenaires-internationaux-financer-developpement-de-republique-de-guinee\/#primaryimage\"},\"thumbnailUrl\":\"https:\/\/guineediversite.com\/wp-content\/uploads\/2017\/11\/groupe-consultatif-16-17.jpe\",\"articleSection\":[\"Economie\",\"International\"],\"inLanguage\":\"fr-FR\"},{\"@type\":\"WebPage\",\"@id\":\"https:\/\/guineediversite.com\/index.php\/2017\/11\/15\/president-alpha-conde-a-paris-reunir-partenaires-internationaux-financer-developpement-de-republique-de-guinee\/\",\"url\":\"https:\/\/guineediversite.com\/index.php\/2017\/11\/15\/president-alpha-conde-a-paris-reunir-partenaires-internationaux-financer-developpement-de-republique-de-guinee\/\",\"name\":\"Le pr\u00e9sident Alpha Cond\u00e9 a paris pour r\u00e9unir les partenaires internationaux et financer le d\u00e9veloppement de la r\u00e9publique de Guin\u00e9e | Guin\u00e9e Diversit\u00e9\",\"isPartOf\":{\"@id\":\"https:\/\/guineediversite.com\/#website\"},\"primaryImageOfPage\":{\"@id\":\"https:\/\/guineediversite.com\/index.php\/2017\/11\/15\/president-alpha-conde-a-paris-reunir-partenaires-internationaux-financer-developpement-de-republique-de-guinee\/#primaryimage\"},\"image\":{\"@id\":\"https:\/\/guineediversite.com\/index.php\/2017\/11\/15\/president-alpha-conde-a-paris-reunir-partenaires-internationaux-financer-developpement-de-republique-de-guinee\/#primaryimage\"},\"thumbnailUrl\":\"https:\/\/guineediversite.com\/wp-content\/uploads\/2017\/11\/groupe-consultatif-16-17.jpe\",\"datePublished\":\"2017-11-15T13:16:01+00:00\",\"dateModified\":\"2017-11-15T13:16:01+00:00\",\"breadcrumb\":{\"@id\":\"https:\/\/guineediversite.com\/index.php\/2017\/11\/15\/president-alpha-conde-a-paris-reunir-partenaires-internationaux-financer-developpement-de-republique-de-guinee\/#breadcrumb\"},\"inLanguage\":\"fr-FR\",\"potentialAction\":[{\"@type\":\"ReadAction\",\"target\":[\"https:\/\/guineediversite.com\/index.php\/2017\/11\/15\/president-alpha-conde-a-paris-reunir-partenaires-internationaux-financer-developpement-de-republique-de-guinee\/\"]}]},{\"@type\":\"ImageObject\",\"inLanguage\":\"fr-FR\",\"@id\":\"https:\/\/guineediversite.com\/index.php\/2017\/11\/15\/president-alpha-conde-a-paris-reunir-partenaires-internationaux-financer-developpement-de-republique-de-guinee\/#primaryimage\",\"url\":\"https:\/\/guineediversite.com\/wp-content\/uploads\/2017\/11\/groupe-consultatif-16-17.jpe\",\"contentUrl\":\"https:\/\/guineediversite.com\/wp-content\/uploads\/2017\/11\/groupe-consultatif-16-17.jpe\",\"width\":1080,\"height\":1239},{\"@type\":\"BreadcrumbList\",\"@id\":\"https:\/\/guineediversite.com\/index.php\/2017\/11\/15\/president-alpha-conde-a-paris-reunir-partenaires-internationaux-financer-developpement-de-republique-de-guinee\/#breadcrumb\",\"itemListElement\":[{\"@type\":\"ListItem\",\"position\":1,\"name\":\"Accueil\",\"item\":\"https:\/\/guineediversite.com\/\"},{\"@type\":\"ListItem\",\"position\":2,\"name\":\"Le pr\u00e9sident Alpha Cond\u00e9 a paris pour r\u00e9unir les partenaires internationaux et financer le d\u00e9veloppement de la r\u00e9publique de Guin\u00e9e\"}]},{\"@type\":\"WebSite\",\"@id\":\"https:\/\/guineediversite.com\/#website\",\"url\":\"https:\/\/guineediversite.com\/\",\"name\":\"Guin\u00e9e Diversit\u00e9\",\"description\":\"L&#039;Info dans toute sa diversit\u00e9\",\"publisher\":{\"@id\":\"https:\/\/guineediversite.com\/#organization\"},\"potentialAction\":[{\"@type\":\"SearchAction\",\"target\":{\"@type\":\"EntryPoint\",\"urlTemplate\":\"https:\/\/guineediversite.com\/?s={search_term_string}\"},\"query-input\":{\"@type\":\"PropertyValueSpecification\",\"valueRequired\":true,\"valueName\":\"search_term_string\"}}],\"inLanguage\":\"fr-FR\"},{\"@type\":\"Organization\",\"@id\":\"https:\/\/guineediversite.com\/#organization\",\"name\":\"Guin\u00e9e Diversit\u00e9\",\"url\":\"https:\/\/guineediversite.com\/\",\"logo\":{\"@type\":\"ImageObject\",\"inLanguage\":\"fr-FR\",\"@id\":\"https:\/\/guineediversite.com\/#\/schema\/logo\/image\/\",\"url\":\"https:\/\/guineediversite.com\/wp-content\/uploads\/2017\/04\/cropped-1jojlxEOMkX9Wyqfhe43D6kjPOGqBBKmx3EwWJqZ0cMrFF54yM49.png\",\"contentUrl\":\"https:\/\/guineediversite.com\/wp-content\/uploads\/2017\/04\/cropped-1jojlxEOMkX9Wyqfhe43D6kjPOGqBBKmx3EwWJqZ0cMrFF54yM49.png\",\"width\":186,\"height\":112,\"caption\":\"Guin\u00e9e Diversit\u00e9\"},\"image\":{\"@id\":\"https:\/\/guineediversite.com\/#\/schema\/logo\/image\/\"},\"sameAs\":[\"https:\/\/www.facebook.com\/guineediversite\/\",\"https:\/\/x.com\/GuineeDiversite\",\"https:\/\/www.youtube.com\/channel\/UC8sUY16qelG5ge6_D5SB83g\"]},{\"@type\":\"Person\",\"@id\":\"https:\/\/guineediversite.com\/#\/schema\/person\/afa08fb34e7fc6e1feafc892612bc836\",\"name\":\"Guin\u00e9e Diversit\u00e9\",\"image\":{\"@type\":\"ImageObject\",\"inLanguage\":\"fr-FR\",\"@id\":\"https:\/\/guineediversite.com\/#\/schema\/person\/image\/\",\"url\":\"https:\/\/secure.gravatar.com\/avatar\/50d5eb5b390f8b65ac30ac6f898eb83a?s=96&d=mm&r=g\",\"contentUrl\":\"https:\/\/secure.gravatar.com\/avatar\/50d5eb5b390f8b65ac30ac6f898eb83a?s=96&d=mm&r=g\",\"caption\":\"Guin\u00e9e Diversit\u00e9\"},\"url\":\"https:\/\/guineediversite.com\/index.php\/author\/guineediversite\/\"}]}<\/script>\n<!-- \/ Yoast SEO plugin. -->","yoast_head_json":{"title":"Le pr\u00e9sident Alpha Cond\u00e9 a paris pour r\u00e9unir les partenaires internationaux et financer le d\u00e9veloppement de la r\u00e9publique de Guin\u00e9e | Guin\u00e9e Diversit\u00e9","robots":{"index":"index","follow":"follow","max-snippet":"max-snippet:-1","max-image-preview":"max-image-preview:large","max-video-preview":"max-video-preview:-1"},"canonical":"https:\/\/guineediversite.com\/index.php\/2017\/11\/15\/president-alpha-conde-a-paris-reunir-partenaires-internationaux-financer-developpement-de-republique-de-guinee\/","og_locale":"fr_FR","og_type":"article","og_title":"Le pr\u00e9sident Alpha Cond\u00e9 a paris pour r\u00e9unir les partenaires internationaux et financer le d\u00e9veloppement de la r\u00e9publique de Guin\u00e9e | Guin\u00e9e Diversit\u00e9","og_description":"Paris, le 15 Novembre 2017 &#8211;\u00a0Le Gouvernement de la R\u00e9publique de Guin\u00e9e r\u00e9unit jeudi 16 novembre ses partenaires techniques et financiers en organisant un Groupe consultatif au Pavillon Chesnaie du Roy \u00e0 Paris, en pr\u00e9sence du Pr\u00e9sident de la R\u00e9publique de Guin\u00e9e, avec le soutien du Fonds Mon\u00e9taire International, de la Banque Mondiale, de la [&hellip;]","og_url":"https:\/\/guineediversite.com\/index.php\/2017\/11\/15\/president-alpha-conde-a-paris-reunir-partenaires-internationaux-financer-developpement-de-republique-de-guinee\/","og_site_name":"Guin\u00e9e Diversit\u00e9","article_publisher":"https:\/\/www.facebook.com\/guineediversite\/","article_published_time":"2017-11-15T13:16:01+00:00","og_image":[{"width":1080,"height":1239,"url":"https:\/\/guineediversite.com\/wp-content\/uploads\/2017\/11\/groupe-consultatif-16-17.jpe","type":"image\/jpeg"}],"author":"Guin\u00e9e Diversit\u00e9","twitter_card":"summary_large_image","twitter_creator":"@GuineeDiversite","twitter_site":"@GuineeDiversite","twitter_misc":{"\u00c9crit par":"Guin\u00e9e Diversit\u00e9","Dur\u00e9e de lecture estim\u00e9e":"5 minutes"},"schema":{"@context":"https:\/\/schema.org","@graph":[{"@type":"Article","@id":"https:\/\/guineediversite.com\/index.php\/2017\/11\/15\/president-alpha-conde-a-paris-reunir-partenaires-internationaux-financer-developpement-de-republique-de-guinee\/#article","isPartOf":{"@id":"https:\/\/guineediversite.com\/index.php\/2017\/11\/15\/president-alpha-conde-a-paris-reunir-partenaires-internationaux-financer-developpement-de-republique-de-guinee\/"},"author":{"name":"Guin\u00e9e Diversit\u00e9","@id":"https:\/\/guineediversite.com\/#\/schema\/person\/afa08fb34e7fc6e1feafc892612bc836"},"headline":"Le pr\u00e9sident Alpha Cond\u00e9 a paris pour r\u00e9unir les partenaires internationaux et financer le d\u00e9veloppement de la r\u00e9publique de Guin\u00e9e","datePublished":"2017-11-15T13:16:01+00:00","dateModified":"2017-11-15T13:16:01+00:00","mainEntityOfPage":{"@id":"https:\/\/guineediversite.com\/index.php\/2017\/11\/15\/president-alpha-conde-a-paris-reunir-partenaires-internationaux-financer-developpement-de-republique-de-guinee\/"},"wordCount":997,"publisher":{"@id":"https:\/\/guineediversite.com\/#organization"},"image":{"@id":"https:\/\/guineediversite.com\/index.php\/2017\/11\/15\/president-alpha-conde-a-paris-reunir-partenaires-internationaux-financer-developpement-de-republique-de-guinee\/#primaryimage"},"thumbnailUrl":"https:\/\/guineediversite.com\/wp-content\/uploads\/2017\/11\/groupe-consultatif-16-17.jpe","articleSection":["Economie","International"],"inLanguage":"fr-FR"},{"@type":"WebPage","@id":"https:\/\/guineediversite.com\/index.php\/2017\/11\/15\/president-alpha-conde-a-paris-reunir-partenaires-internationaux-financer-developpement-de-republique-de-guinee\/","url":"https:\/\/guineediversite.com\/index.php\/2017\/11\/15\/president-alpha-conde-a-paris-reunir-partenaires-internationaux-financer-developpement-de-republique-de-guinee\/","name":"Le pr\u00e9sident Alpha Cond\u00e9 a paris pour r\u00e9unir les partenaires internationaux et financer le d\u00e9veloppement de la r\u00e9publique de Guin\u00e9e | Guin\u00e9e Diversit\u00e9","isPartOf":{"@id":"https:\/\/guineediversite.com\/#website"},"primaryImageOfPage":{"@id":"https:\/\/guineediversite.com\/index.php\/2017\/11\/15\/president-alpha-conde-a-paris-reunir-partenaires-internationaux-financer-developpement-de-republique-de-guinee\/#primaryimage"},"image":{"@id":"https:\/\/guineediversite.com\/index.php\/2017\/11\/15\/president-alpha-conde-a-paris-reunir-partenaires-internationaux-financer-developpement-de-republique-de-guinee\/#primaryimage"},"thumbnailUrl":"https:\/\/guineediversite.com\/wp-content\/uploads\/2017\/11\/groupe-consultatif-16-17.jpe","datePublished":"2017-11-15T13:16:01+00:00","dateModified":"2017-11-15T13:16:01+00:00","breadcrumb":{"@id":"https:\/\/guineediversite.com\/index.php\/2017\/11\/15\/president-alpha-conde-a-paris-reunir-partenaires-internationaux-financer-developpement-de-republique-de-guinee\/#breadcrumb"},"inLanguage":"fr-FR","potentialAction":[{"@type":"ReadAction","target":["https:\/\/guineediversite.com\/index.php\/2017\/11\/15\/president-alpha-conde-a-paris-reunir-partenaires-internationaux-financer-developpement-de-republique-de-guinee\/"]}]},{"@type":"ImageObject","inLanguage":"fr-FR","@id":"https:\/\/guineediversite.com\/index.php\/2017\/11\/15\/president-alpha-conde-a-paris-reunir-partenaires-internationaux-financer-developpement-de-republique-de-guinee\/#primaryimage","url":"https:\/\/guineediversite.com\/wp-content\/uploads\/2017\/11\/groupe-consultatif-16-17.jpe","contentUrl":"https:\/\/guineediversite.com\/wp-content\/uploads\/2017\/11\/groupe-consultatif-16-17.jpe","width":1080,"height":1239},{"@type":"BreadcrumbList","@id":"https:\/\/guineediversite.com\/index.php\/2017\/11\/15\/president-alpha-conde-a-paris-reunir-partenaires-internationaux-financer-developpement-de-republique-de-guinee\/#breadcrumb","itemListElement":[{"@type":"ListItem","position":1,"name":"Accueil","item":"https:\/\/guineediversite.com\/"},{"@type":"ListItem","position":2,"name":"Le pr\u00e9sident Alpha Cond\u00e9 a paris pour r\u00e9unir les partenaires internationaux et financer le d\u00e9veloppement de la r\u00e9publique de Guin\u00e9e"}]},{"@type":"WebSite","@id":"https:\/\/guineediversite.com\/#website","url":"https:\/\/guineediversite.com\/","name":"Guin\u00e9e Diversit\u00e9","description":"L&#039;Info dans toute sa diversit\u00e9","publisher":{"@id":"https:\/\/guineediversite.com\/#organization"},"potentialAction":[{"@type":"SearchAction","target":{"@type":"EntryPoint","urlTemplate":"https:\/\/guineediversite.com\/?s={search_term_string}"},"query-input":{"@type":"PropertyValueSpecification","valueRequired":true,"valueName":"search_term_string"}}],"inLanguage":"fr-FR"},{"@type":"Organization","@id":"https:\/\/guineediversite.com\/#organization","name":"Guin\u00e9e Diversit\u00e9","url":"https:\/\/guineediversite.com\/","logo":{"@type":"ImageObject","inLanguage":"fr-FR","@id":"https:\/\/guineediversite.com\/#\/schema\/logo\/image\/","url":"https:\/\/guineediversite.com\/wp-content\/uploads\/2017\/04\/cropped-1jojlxEOMkX9Wyqfhe43D6kjPOGqBBKmx3EwWJqZ0cMrFF54yM49.png","contentUrl":"https:\/\/guineediversite.com\/wp-content\/uploads\/2017\/04\/cropped-1jojlxEOMkX9Wyqfhe43D6kjPOGqBBKmx3EwWJqZ0cMrFF54yM49.png","width":186,"height":112,"caption":"Guin\u00e9e Diversit\u00e9"},"image":{"@id":"https:\/\/guineediversite.com\/#\/schema\/logo\/image\/"},"sameAs":["https:\/\/www.facebook.com\/guineediversite\/","https:\/\/x.com\/GuineeDiversite","https:\/\/www.youtube.com\/channel\/UC8sUY16qelG5ge6_D5SB83g"]},{"@type":"Person","@id":"https:\/\/guineediversite.com\/#\/schema\/person\/afa08fb34e7fc6e1feafc892612bc836","name":"Guin\u00e9e Diversit\u00e9","image":{"@type":"ImageObject","inLanguage":"fr-FR","@id":"https:\/\/guineediversite.com\/#\/schema\/person\/image\/","url":"https:\/\/secure.gravatar.com\/avatar\/50d5eb5b390f8b65ac30ac6f898eb83a?s=96&d=mm&r=g","contentUrl":"https:\/\/secure.gravatar.com\/avatar\/50d5eb5b390f8b65ac30ac6f898eb83a?s=96&d=mm&r=g","caption":"Guin\u00e9e Diversit\u00e9"},"url":"https:\/\/guineediversite.com\/index.php\/author\/guineediversite\/"}]}},"_links":{"self":[{"href":"https:\/\/guineediversite.com\/index.php\/wp-json\/wp\/v2\/posts\/22909"}],"collection":[{"href":"https:\/\/guineediversite.com\/index.php\/wp-json\/wp\/v2\/posts"}],"about":[{"href":"https:\/\/guineediversite.com\/index.php\/wp-json\/wp\/v2\/types\/post"}],"author":[{"embeddable":true,"href":"https:\/\/guineediversite.com\/index.php\/wp-json\/wp\/v2\/users\/12"}],"replies":[{"embeddable":true,"href":"https:\/\/guineediversite.com\/index.php\/wp-json\/wp\/v2\/comments?post=22909"}],"version-history":[{"count":0,"href":"https:\/\/guineediversite.com\/index.php\/wp-json\/wp\/v2\/posts\/22909\/revisions"}],"wp:featuredmedia":[{"embeddable":true,"href":"https:\/\/guineediversite.com\/index.php\/wp-json\/wp\/v2\/media\/22910"}],"wp:attachment":[{"href":"https:\/\/guineediversite.com\/index.php\/wp-json\/wp\/v2\/media?parent=22909"}],"wp:term":[{"taxonomy":"category","embeddable":true,"href":"https:\/\/guineediversite.com\/index.php\/wp-json\/wp\/v2\/categories?post=22909"},{"taxonomy":"post_tag","embeddable":true,"href":"https:\/\/guineediversite.com\/index.php\/wp-json\/wp\/v2\/tags?post=22909"}],"curies":[{"name":"wp","href":"https:\/\/api.w.org\/{rel}","templated":true}]}}