{"id":22902,"date":"2017-11-15T14:09:33","date_gmt":"2017-11-15T13:09:33","guid":{"rendered":"https:\/\/guineediversite.com\/?p=22902"},"modified":"2017-11-15T14:09:33","modified_gmt":"2017-11-15T13:09:33","slug":"guinee-alpha-conde-de-lelysee-a-chesnaie-roy","status":"publish","type":"post","link":"https:\/\/guineediversite.com\/index.php\/2017\/11\/15\/guinee-alpha-conde-de-lelysee-a-chesnaie-roy\/","title":{"rendered":"Guin\u00e9e : Alpha Cond\u00e9, de l\u2019\u00c9lys\u00e9e \u00e0 la Chesnaie du Roy"},"content":{"rendered":"<p>Le pr\u00e9sident guin\u00e9en Alpha Cond\u00e9 devrait \u00eatre re\u00e7u pour la premi\u00e8re fois \u00e0 l\u2019\u00c9lys\u00e9e par son homologue fran\u00e7ais, Emmanuel Macron, le 22\u00a0novembre \u00e0 15 heures. C\u2019est du moins la date qui a \u00e9t\u00e9 retenue lors de l\u2019audience que celui qui est \u00e9galement pr\u00e9sident en exercice de l\u2019UA a accord\u00e9e \u00e0 Franck Paris, le conseiller Afrique de Macron, le 2\u00a0novembre \u00e0 Conakry. Pour cet entretien, Paris \u00e9tait accompagn\u00e9 de Jean-Marc Grosgurin, l\u2019ambassadeur de France en Guin\u00e9e. Alpha Cond\u00e9, qui s\u2019est rendu au d\u00e9but de novembre au Maroc puis en Jordanie, devrait par ailleurs assister \u00e0 la journ\u00e9e Afrique de la COP 23 de Bonn, le 15 novembre, avant de pr\u00e9sider la r\u00e9union du groupe consultatif des partenaires techniques et financiers de la Guin\u00e9e, les 16 et 17\u00a0novembre, au pavillon de la Chesnaie du Roy, \u00e0 Paris.<\/p>\n<p>JA<\/p>\n","protected":false},"excerpt":{"rendered":"<p>Le pr\u00e9sident guin\u00e9en Alpha Cond\u00e9 devrait \u00eatre re\u00e7u pour la premi\u00e8re fois \u00e0 l\u2019\u00c9lys\u00e9e par son homologue fran\u00e7ais, Emmanuel Macron, le 22\u00a0novembre \u00e0 15 heures. C\u2019est du moins la date qui a \u00e9t\u00e9 retenue lors de l\u2019audience que celui qui est \u00e9galement pr\u00e9sident en exercice de l\u2019UA a accord\u00e9e \u00e0 Franck Paris, le conseiller Afrique [&hellip;]<\/p>\n","protected":false},"author":12,"featured_media":22904,"comment_status":"closed","ping_status":"closed","sticky":false,"template":"","format":"standard","meta":{"_exactmetrics_skip_tracking":false,"_exactmetrics_sitenote_active":false,"_exactmetrics_sitenote_note":"","_exactmetrics_sitenote_category":0,"tdm_status":"","tdm_grid_status":"","footnotes":""},"categories":[16],"tags":[226],"class_list":{"0":"post-22902","1":"post","2":"type-post","3":"status-publish","4":"format-standard","5":"has-post-thumbnail","7":"category-societe","8":"tag-alpha-conde"},"yoast_head":"<!-- This site is optimized with the Yoast SEO plugin v24.2 - https:\/\/yoast.com\/wordpress\/plugins\/seo\/ -->\n<title>Guin\u00e9e : Alpha Cond\u00e9, de l\u2019\u00c9lys\u00e9e \u00e0 la Chesnaie du Roy | Guin\u00e9e Diversit\u00e9<\/title>\n<meta name=\"robots\" content=\"index, follow, max-snippet:-1, max-image-preview:large, max-video-preview:-1\" \/>\n<link rel=\"canonical\" href=\"https:\/\/guineediversite.com\/index.php\/2017\/11\/15\/guinee-alpha-conde-de-lelysee-a-chesnaie-roy\/\" \/>\n<meta property=\"og:locale\" content=\"fr_FR\" \/>\n<meta property=\"og:type\" content=\"article\" \/>\n<meta property=\"og:title\" content=\"Guin\u00e9e : Alpha Cond\u00e9, de l\u2019\u00c9lys\u00e9e \u00e0 la Chesnaie du Roy | Guin\u00e9e Diversit\u00e9\" \/>\n<meta property=\"og:description\" content=\"Le pr\u00e9sident guin\u00e9en Alpha Cond\u00e9 devrait \u00eatre re\u00e7u pour la premi\u00e8re fois \u00e0 l\u2019\u00c9lys\u00e9e par son homologue fran\u00e7ais, Emmanuel Macron, le 22\u00a0novembre \u00e0 15 heures. C\u2019est du moins la date qui a \u00e9t\u00e9 retenue lors de l\u2019audience que celui qui est \u00e9galement pr\u00e9sident en exercice de l\u2019UA a accord\u00e9e \u00e0 Franck Paris, le conseiller Afrique [&hellip;]\" \/>\n<meta property=\"og:url\" content=\"https:\/\/guineediversite.com\/index.php\/2017\/11\/15\/guinee-alpha-conde-de-lelysee-a-chesnaie-roy\/\" \/>\n<meta property=\"og:site_name\" content=\"Guin\u00e9e Diversit\u00e9\" \/>\n<meta property=\"article:publisher\" content=\"https:\/\/www.facebook.com\/guineediversite\/\" \/>\n<meta property=\"article:published_time\" content=\"2017-11-15T13:09:33+00:00\" \/>\n<meta property=\"og:image\" content=\"https:\/\/guineediversite.com\/wp-content\/uploads\/2017\/11\/6014hr_-592x296-1478770529-1.jpg\" \/>\n\t<meta property=\"og:image:width\" content=\"1024\" \/>\n\t<meta property=\"og:image:height\" content=\"512\" \/>\n\t<meta property=\"og:image:type\" content=\"image\/jpeg\" \/>\n<meta name=\"author\" content=\"Guin\u00e9e Diversit\u00e9\" \/>\n<meta name=\"twitter:card\" content=\"summary_large_image\" \/>\n<meta name=\"twitter:creator\" content=\"@GuineeDiversite\" \/>\n<meta name=\"twitter:site\" content=\"@GuineeDiversite\" \/>\n<meta name=\"twitter:label1\" content=\"\u00c9crit par\" \/>\n\t<meta name=\"twitter:data1\" content=\"Guin\u00e9e Diversit\u00e9\" \/>\n\t<meta name=\"twitter:label2\" content=\"Dur\u00e9e de lecture estim\u00e9e\" \/>\n\t<meta name=\"twitter:data2\" content=\"1 minute\" \/>\n<script type=\"application\/ld+json\" class=\"yoast-schema-graph\">{\"@context\":\"https:\/\/schema.org\",\"@graph\":[{\"@type\":\"Article\",\"@id\":\"https:\/\/guineediversite.com\/index.php\/2017\/11\/15\/guinee-alpha-conde-de-lelysee-a-chesnaie-roy\/#article\",\"isPartOf\":{\"@id\":\"https:\/\/guineediversite.com\/index.php\/2017\/11\/15\/guinee-alpha-conde-de-lelysee-a-chesnaie-roy\/\"},\"author\":{\"name\":\"Guin\u00e9e Diversit\u00e9\",\"@id\":\"https:\/\/guineediversite.com\/#\/schema\/person\/afa08fb34e7fc6e1feafc892612bc836\"},\"headline\":\"Guin\u00e9e : Alpha Cond\u00e9, de l\u2019\u00c9lys\u00e9e \u00e0 la Chesnaie du Roy\",\"datePublished\":\"2017-11-15T13:09:33+00:00\",\"dateModified\":\"2017-11-15T13:09:33+00:00\",\"mainEntityOfPage\":{\"@id\":\"https:\/\/guineediversite.com\/index.php\/2017\/11\/15\/guinee-alpha-conde-de-lelysee-a-chesnaie-roy\/\"},\"wordCount\":158,\"publisher\":{\"@id\":\"https:\/\/guineediversite.com\/#organization\"},\"image\":{\"@id\":\"https:\/\/guineediversite.com\/index.php\/2017\/11\/15\/guinee-alpha-conde-de-lelysee-a-chesnaie-roy\/#primaryimage\"},\"thumbnailUrl\":\"https:\/\/guineediversite.com\/wp-content\/uploads\/2017\/11\/6014hr_-592x296-1478770529-1.jpg\",\"keywords\":[\"Alpha Cond\u00e9\"],\"articleSection\":[\"Soci\u00e9t\u00e9\"],\"inLanguage\":\"fr-FR\"},{\"@type\":\"WebPage\",\"@id\":\"https:\/\/guineediversite.com\/index.php\/2017\/11\/15\/guinee-alpha-conde-de-lelysee-a-chesnaie-roy\/\",\"url\":\"https:\/\/guineediversite.com\/index.php\/2017\/11\/15\/guinee-alpha-conde-de-lelysee-a-chesnaie-roy\/\",\"name\":\"Guin\u00e9e : Alpha Cond\u00e9, de l\u2019\u00c9lys\u00e9e \u00e0 la Chesnaie du Roy | Guin\u00e9e Diversit\u00e9\",\"isPartOf\":{\"@id\":\"https:\/\/guineediversite.com\/#website\"},\"primaryImageOfPage\":{\"@id\":\"https:\/\/guineediversite.com\/index.php\/2017\/11\/15\/guinee-alpha-conde-de-lelysee-a-chesnaie-roy\/#primaryimage\"},\"image\":{\"@id\":\"https:\/\/guineediversite.com\/index.php\/2017\/11\/15\/guinee-alpha-conde-de-lelysee-a-chesnaie-roy\/#primaryimage\"},\"thumbnailUrl\":\"https:\/\/guineediversite.com\/wp-content\/uploads\/2017\/11\/6014hr_-592x296-1478770529-1.jpg\",\"datePublished\":\"2017-11-15T13:09:33+00:00\",\"dateModified\":\"2017-11-15T13:09:33+00:00\",\"breadcrumb\":{\"@id\":\"https:\/\/guineediversite.com\/index.php\/2017\/11\/15\/guinee-alpha-conde-de-lelysee-a-chesnaie-roy\/#breadcrumb\"},\"inLanguage\":\"fr-FR\",\"potentialAction\":[{\"@type\":\"ReadAction\",\"target\":[\"https:\/\/guineediversite.com\/index.php\/2017\/11\/15\/guinee-alpha-conde-de-lelysee-a-chesnaie-roy\/\"]}]},{\"@type\":\"ImageObject\",\"inLanguage\":\"fr-FR\",\"@id\":\"https:\/\/guineediversite.com\/index.php\/2017\/11\/15\/guinee-alpha-conde-de-lelysee-a-chesnaie-roy\/#primaryimage\",\"url\":\"https:\/\/guineediversite.com\/wp-content\/uploads\/2017\/11\/6014hr_-592x296-1478770529-1.jpg\",\"contentUrl\":\"https:\/\/guineediversite.com\/wp-content\/uploads\/2017\/11\/6014hr_-592x296-1478770529-1.jpg\",\"width\":1024,\"height\":512},{\"@type\":\"BreadcrumbList\",\"@id\":\"https:\/\/guineediversite.com\/index.php\/2017\/11\/15\/guinee-alpha-conde-de-lelysee-a-chesnaie-roy\/#breadcrumb\",\"itemListElement\":[{\"@type\":\"ListItem\",\"position\":1,\"name\":\"Accueil\",\"item\":\"https:\/\/guineediversite.com\/\"},{\"@type\":\"ListItem\",\"position\":2,\"name\":\"Guin\u00e9e : Alpha Cond\u00e9, de l\u2019\u00c9lys\u00e9e \u00e0 la Chesnaie du Roy\"}]},{\"@type\":\"WebSite\",\"@id\":\"https:\/\/guineediversite.com\/#website\",\"url\":\"https:\/\/guineediversite.com\/\",\"name\":\"Guin\u00e9e Diversit\u00e9\",\"description\":\"L&#039;Info dans toute sa diversit\u00e9\",\"publisher\":{\"@id\":\"https:\/\/guineediversite.com\/#organization\"},\"potentialAction\":[{\"@type\":\"SearchAction\",\"target\":{\"@type\":\"EntryPoint\",\"urlTemplate\":\"https:\/\/guineediversite.com\/?s={search_term_string}\"},\"query-input\":{\"@type\":\"PropertyValueSpecification\",\"valueRequired\":true,\"valueName\":\"search_term_string\"}}],\"inLanguage\":\"fr-FR\"},{\"@type\":\"Organization\",\"@id\":\"https:\/\/guineediversite.com\/#organization\",\"name\":\"Guin\u00e9e Diversit\u00e9\",\"url\":\"https:\/\/guineediversite.com\/\",\"logo\":{\"@type\":\"ImageObject\",\"inLanguage\":\"fr-FR\",\"@id\":\"https:\/\/guineediversite.com\/#\/schema\/logo\/image\/\",\"url\":\"https:\/\/guineediversite.com\/wp-content\/uploads\/2017\/04\/cropped-1jojlxEOMkX9Wyqfhe43D6kjPOGqBBKmx3EwWJqZ0cMrFF54yM49.png\",\"contentUrl\":\"https:\/\/guineediversite.com\/wp-content\/uploads\/2017\/04\/cropped-1jojlxEOMkX9Wyqfhe43D6kjPOGqBBKmx3EwWJqZ0cMrFF54yM49.png\",\"width\":186,\"height\":112,\"caption\":\"Guin\u00e9e Diversit\u00e9\"},\"image\":{\"@id\":\"https:\/\/guineediversite.com\/#\/schema\/logo\/image\/\"},\"sameAs\":[\"https:\/\/www.facebook.com\/guineediversite\/\",\"https:\/\/x.com\/GuineeDiversite\",\"https:\/\/www.youtube.com\/channel\/UC8sUY16qelG5ge6_D5SB83g\"]},{\"@type\":\"Person\",\"@id\":\"https:\/\/guineediversite.com\/#\/schema\/person\/afa08fb34e7fc6e1feafc892612bc836\",\"name\":\"Guin\u00e9e Diversit\u00e9\",\"image\":{\"@type\":\"ImageObject\",\"inLanguage\":\"fr-FR\",\"@id\":\"https:\/\/guineediversite.com\/#\/schema\/person\/image\/\",\"url\":\"https:\/\/secure.gravatar.com\/avatar\/50d5eb5b390f8b65ac30ac6f898eb83a?s=96&d=mm&r=g\",\"contentUrl\":\"https:\/\/secure.gravatar.com\/avatar\/50d5eb5b390f8b65ac30ac6f898eb83a?s=96&d=mm&r=g\",\"caption\":\"Guin\u00e9e Diversit\u00e9\"},\"url\":\"https:\/\/guineediversite.com\/index.php\/author\/guineediversite\/\"}]}<\/script>\n<!-- \/ Yoast SEO plugin. -->","yoast_head_json":{"title":"Guin\u00e9e : Alpha Cond\u00e9, de l\u2019\u00c9lys\u00e9e \u00e0 la Chesnaie du Roy | Guin\u00e9e Diversit\u00e9","robots":{"index":"index","follow":"follow","max-snippet":"max-snippet:-1","max-image-preview":"max-image-preview:large","max-video-preview":"max-video-preview:-1"},"canonical":"https:\/\/guineediversite.com\/index.php\/2017\/11\/15\/guinee-alpha-conde-de-lelysee-a-chesnaie-roy\/","og_locale":"fr_FR","og_type":"article","og_title":"Guin\u00e9e : Alpha Cond\u00e9, de l\u2019\u00c9lys\u00e9e \u00e0 la Chesnaie du Roy | Guin\u00e9e Diversit\u00e9","og_description":"Le pr\u00e9sident guin\u00e9en Alpha Cond\u00e9 devrait \u00eatre re\u00e7u pour la premi\u00e8re fois \u00e0 l\u2019\u00c9lys\u00e9e par son homologue fran\u00e7ais, Emmanuel Macron, le 22\u00a0novembre \u00e0 15 heures. C\u2019est du moins la date qui a \u00e9t\u00e9 retenue lors de l\u2019audience que celui qui est \u00e9galement pr\u00e9sident en exercice de l\u2019UA a accord\u00e9e \u00e0 Franck Paris, le conseiller Afrique [&hellip;]","og_url":"https:\/\/guineediversite.com\/index.php\/2017\/11\/15\/guinee-alpha-conde-de-lelysee-a-chesnaie-roy\/","og_site_name":"Guin\u00e9e Diversit\u00e9","article_publisher":"https:\/\/www.facebook.com\/guineediversite\/","article_published_time":"2017-11-15T13:09:33+00:00","og_image":[{"width":1024,"height":512,"url":"https:\/\/guineediversite.com\/wp-content\/uploads\/2017\/11\/6014hr_-592x296-1478770529-1.jpg","type":"image\/jpeg"}],"author":"Guin\u00e9e Diversit\u00e9","twitter_card":"summary_large_image","twitter_creator":"@GuineeDiversite","twitter_site":"@GuineeDiversite","twitter_misc":{"\u00c9crit par":"Guin\u00e9e Diversit\u00e9","Dur\u00e9e de lecture estim\u00e9e":"1 minute"},"schema":{"@context":"https:\/\/schema.org","@graph":[{"@type":"Article","@id":"https:\/\/guineediversite.com\/index.php\/2017\/11\/15\/guinee-alpha-conde-de-lelysee-a-chesnaie-roy\/#article","isPartOf":{"@id":"https:\/\/guineediversite.com\/index.php\/2017\/11\/15\/guinee-alpha-conde-de-lelysee-a-chesnaie-roy\/"},"author":{"name":"Guin\u00e9e Diversit\u00e9","@id":"https:\/\/guineediversite.com\/#\/schema\/person\/afa08fb34e7fc6e1feafc892612bc836"},"headline":"Guin\u00e9e : Alpha Cond\u00e9, de l\u2019\u00c9lys\u00e9e \u00e0 la Chesnaie du Roy","datePublished":"2017-11-15T13:09:33+00:00","dateModified":"2017-11-15T13:09:33+00:00","mainEntityOfPage":{"@id":"https:\/\/guineediversite.com\/index.php\/2017\/11\/15\/guinee-alpha-conde-de-lelysee-a-chesnaie-roy\/"},"wordCount":158,"publisher":{"@id":"https:\/\/guineediversite.com\/#organization"},"image":{"@id":"https:\/\/guineediversite.com\/index.php\/2017\/11\/15\/guinee-alpha-conde-de-lelysee-a-chesnaie-roy\/#primaryimage"},"thumbnailUrl":"https:\/\/guineediversite.com\/wp-content\/uploads\/2017\/11\/6014hr_-592x296-1478770529-1.jpg","keywords":["Alpha Cond\u00e9"],"articleSection":["Soci\u00e9t\u00e9"],"inLanguage":"fr-FR"},{"@type":"WebPage","@id":"https:\/\/guineediversite.com\/index.php\/2017\/11\/15\/guinee-alpha-conde-de-lelysee-a-chesnaie-roy\/","url":"https:\/\/guineediversite.com\/index.php\/2017\/11\/15\/guinee-alpha-conde-de-lelysee-a-chesnaie-roy\/","name":"Guin\u00e9e : Alpha Cond\u00e9, de l\u2019\u00c9lys\u00e9e \u00e0 la Chesnaie du Roy | Guin\u00e9e Diversit\u00e9","isPartOf":{"@id":"https:\/\/guineediversite.com\/#website"},"primaryImageOfPage":{"@id":"https:\/\/guineediversite.com\/index.php\/2017\/11\/15\/guinee-alpha-conde-de-lelysee-a-chesnaie-roy\/#primaryimage"},"image":{"@id":"https:\/\/guineediversite.com\/index.php\/2017\/11\/15\/guinee-alpha-conde-de-lelysee-a-chesnaie-roy\/#primaryimage"},"thumbnailUrl":"https:\/\/guineediversite.com\/wp-content\/uploads\/2017\/11\/6014hr_-592x296-1478770529-1.jpg","datePublished":"2017-11-15T13:09:33+00:00","dateModified":"2017-11-15T13:09:33+00:00","breadcrumb":{"@id":"https:\/\/guineediversite.com\/index.php\/2017\/11\/15\/guinee-alpha-conde-de-lelysee-a-chesnaie-roy\/#breadcrumb"},"inLanguage":"fr-FR","potentialAction":[{"@type":"ReadAction","target":["https:\/\/guineediversite.com\/index.php\/2017\/11\/15\/guinee-alpha-conde-de-lelysee-a-chesnaie-roy\/"]}]},{"@type":"ImageObject","inLanguage":"fr-FR","@id":"https:\/\/guineediversite.com\/index.php\/2017\/11\/15\/guinee-alpha-conde-de-lelysee-a-chesnaie-roy\/#primaryimage","url":"https:\/\/guineediversite.com\/wp-content\/uploads\/2017\/11\/6014hr_-592x296-1478770529-1.jpg","contentUrl":"https:\/\/guineediversite.com\/wp-content\/uploads\/2017\/11\/6014hr_-592x296-1478770529-1.jpg","width":1024,"height":512},{"@type":"BreadcrumbList","@id":"https:\/\/guineediversite.com\/index.php\/2017\/11\/15\/guinee-alpha-conde-de-lelysee-a-chesnaie-roy\/#breadcrumb","itemListElement":[{"@type":"ListItem","position":1,"name":"Accueil","item":"https:\/\/guineediversite.com\/"},{"@type":"ListItem","position":2,"name":"Guin\u00e9e : Alpha Cond\u00e9, de l\u2019\u00c9lys\u00e9e \u00e0 la Chesnaie du Roy"}]},{"@type":"WebSite","@id":"https:\/\/guineediversite.com\/#website","url":"https:\/\/guineediversite.com\/","name":"Guin\u00e9e Diversit\u00e9","description":"L&#039;Info dans toute sa diversit\u00e9","publisher":{"@id":"https:\/\/guineediversite.com\/#organization"},"potentialAction":[{"@type":"SearchAction","target":{"@type":"EntryPoint","urlTemplate":"https:\/\/guineediversite.com\/?s={search_term_string}"},"query-input":{"@type":"PropertyValueSpecification","valueRequired":true,"valueName":"search_term_string"}}],"inLanguage":"fr-FR"},{"@type":"Organization","@id":"https:\/\/guineediversite.com\/#organization","name":"Guin\u00e9e Diversit\u00e9","url":"https:\/\/guineediversite.com\/","logo":{"@type":"ImageObject","inLanguage":"fr-FR","@id":"https:\/\/guineediversite.com\/#\/schema\/logo\/image\/","url":"https:\/\/guineediversite.com\/wp-content\/uploads\/2017\/04\/cropped-1jojlxEOMkX9Wyqfhe43D6kjPOGqBBKmx3EwWJqZ0cMrFF54yM49.png","contentUrl":"https:\/\/guineediversite.com\/wp-content\/uploads\/2017\/04\/cropped-1jojlxEOMkX9Wyqfhe43D6kjPOGqBBKmx3EwWJqZ0cMrFF54yM49.png","width":186,"height":112,"caption":"Guin\u00e9e Diversit\u00e9"},"image":{"@id":"https:\/\/guineediversite.com\/#\/schema\/logo\/image\/"},"sameAs":["https:\/\/www.facebook.com\/guineediversite\/","https:\/\/x.com\/GuineeDiversite","https:\/\/www.youtube.com\/channel\/UC8sUY16qelG5ge6_D5SB83g"]},{"@type":"Person","@id":"https:\/\/guineediversite.com\/#\/schema\/person\/afa08fb34e7fc6e1feafc892612bc836","name":"Guin\u00e9e Diversit\u00e9","image":{"@type":"ImageObject","inLanguage":"fr-FR","@id":"https:\/\/guineediversite.com\/#\/schema\/person\/image\/","url":"https:\/\/secure.gravatar.com\/avatar\/50d5eb5b390f8b65ac30ac6f898eb83a?s=96&d=mm&r=g","contentUrl":"https:\/\/secure.gravatar.com\/avatar\/50d5eb5b390f8b65ac30ac6f898eb83a?s=96&d=mm&r=g","caption":"Guin\u00e9e Diversit\u00e9"},"url":"https:\/\/guineediversite.com\/index.php\/author\/guineediversite\/"}]}},"_links":{"self":[{"href":"https:\/\/guineediversite.com\/index.php\/wp-json\/wp\/v2\/posts\/22902"}],"collection":[{"href":"https:\/\/guineediversite.com\/index.php\/wp-json\/wp\/v2\/posts"}],"about":[{"href":"https:\/\/guineediversite.com\/index.php\/wp-json\/wp\/v2\/types\/post"}],"author":[{"embeddable":true,"href":"https:\/\/guineediversite.com\/index.php\/wp-json\/wp\/v2\/users\/12"}],"replies":[{"embeddable":true,"href":"https:\/\/guineediversite.com\/index.php\/wp-json\/wp\/v2\/comments?post=22902"}],"version-history":[{"count":0,"href":"https:\/\/guineediversite.com\/index.php\/wp-json\/wp\/v2\/posts\/22902\/revisions"}],"wp:featuredmedia":[{"embeddable":true,"href":"https:\/\/guineediversite.com\/index.php\/wp-json\/wp\/v2\/media\/22904"}],"wp:attachment":[{"href":"https:\/\/guineediversite.com\/index.php\/wp-json\/wp\/v2\/media?parent=22902"}],"wp:term":[{"taxonomy":"category","embeddable":true,"href":"https:\/\/guineediversite.com\/index.php\/wp-json\/wp\/v2\/categories?post=22902"},{"taxonomy":"post_tag","embeddable":true,"href":"https:\/\/guineediversite.com\/index.php\/wp-json\/wp\/v2\/tags?post=22902"}],"curies":[{"name":"wp","href":"https:\/\/api.w.org\/{rel}","templated":true}]}}