{"id":22869,"date":"2017-11-13T13:57:56","date_gmt":"2017-11-13T12:57:56","guid":{"rendered":"https:\/\/guineediversite.com\/?p=22869"},"modified":"2017-11-13T13:57:56","modified_gmt":"2017-11-13T12:57:56","slug":"nouvel-ambassadeur-emirats-arabes-unis-guinee-recu-a-lassemblee-nationale","status":"publish","type":"post","link":"https:\/\/guineediversite.com\/index.php\/2017\/11\/13\/nouvel-ambassadeur-emirats-arabes-unis-guinee-recu-a-lassemblee-nationale\/","title":{"rendered":"Le nouvel ambassadeur des Emirats Arabes Unis en Guin\u00e9e re\u00e7u \u00e0 l&rsquo;assembl\u00e9e nationale"},"content":{"rendered":"<p>Le pr\u00e9sident de l&rsquo;assembl\u00e9e nationale a re\u00e7u en audience la semaine derni\u00e8re, le nouvel ambassadeur des Emirats Arabe Unis. Honorable Claude Kory Kondiano et Ahmed Alkhaja ont pass\u00e9 en revu la coop\u00e9ration entre les deux pays.<\/p>\n<p>Les \u00e9changes entre les deux personnalit\u00e9s s&rsquo;inscrivent dans le cadre des nouveaux axes de coop\u00e9ration en perspective entre les deux pays.<\/p>\n<p>Pour le nouvel ambassadeur cette d\u00e9marche vise \u00e0 renforcer l&rsquo;axe de coop\u00e9ration entre Conakry et Abu Dhabi.<\/p>\n<p>Le diplomate a souhait\u00e9 \u00e9galement qu&rsquo;il y ait coop\u00e9ration dans le domaine \u00e9conomique, politique et technique entre les deux Etats. Plus loin, il a manifest\u00e9 le d\u00e9sir de voir r\u00e9unies les institutions parlementaires des deux pays pour un partage d&rsquo;exp\u00e9rience dans le domaine parlementaire.<\/p>\n<p>La Guin\u00e9e et les Emirats Arabes unis entretiennent \u00a0d\u00e9j\u00e0 d&rsquo;excellentes relations bilat\u00e9rales depuis la visite du pr\u00e9sident de la r\u00e9publique, professeur Alpha Cond\u00e9 \u00e0 Abu Dhabi en Aout dernier.<\/p>\n<p>Pour sa part, le pr\u00e9sident du parlement guin\u00e9en a promis de renforcer ces liens de coop\u00e9ration. Honorable Claude Kory Kondiano a affirm\u00e9 je cite\u00a0: \u00ab\u00a0nous tenons beaucoup \u00e0 cette relation entre ce pays et la Guin\u00e9e et nous ferons tout ce qui est de notre possibilit\u00e9 au niveau de l&rsquo;assembl\u00e9e nationale\u00a0 pour que ces relations puissent\u00a0 prosp\u00e9rer. Et maintenant que l&rsquo;ambassadeur est l\u00e0, nous allons ensemble\u00a0 travailler pour faire en sorte que les deux parlements puissent commencer\u00a0 \u00e0 avoir des relations effectives, concr\u00e8tes de coop\u00e9ration\u00a0\u00bb.<\/p>\n<p>Les derniers mots du visiteur a \u00e9t\u00e9 l&rsquo;invitation au pr\u00e9sident de l&rsquo;assembl\u00e9e nationale \u00e0 visiter tr\u00e8s prochainement les Emirats Arabes Unis.<\/p>\n<p>Une invitation que le d\u00e9put\u00e9 Claude Kory Kondiano\u00a0 a charg\u00e9 le pr\u00e9sident de la commission des affaires \u00e9trang\u00e8res \u00e0 prendre les dispositions n\u00e9cessaires pour honorer \u00e0 cette invitation.<\/p>\n","protected":false},"excerpt":{"rendered":"<p>Le pr\u00e9sident de l&rsquo;assembl\u00e9e nationale a re\u00e7u en audience la semaine derni\u00e8re, le nouvel ambassadeur des Emirats Arabe Unis. Honorable Claude Kory Kondiano et Ahmed Alkhaja ont pass\u00e9 en revu la coop\u00e9ration entre les deux pays. Les \u00e9changes entre les deux personnalit\u00e9s s&rsquo;inscrivent dans le cadre des nouveaux axes de coop\u00e9ration en perspective entre les [&hellip;]<\/p>\n","protected":false},"author":14,"featured_media":22867,"comment_status":"closed","ping_status":"closed","sticky":false,"template":"","format":"standard","meta":{"_exactmetrics_skip_tracking":false,"_exactmetrics_sitenote_active":false,"_exactmetrics_sitenote_note":"","_exactmetrics_sitenote_category":0,"tdm_status":"","tdm_grid_status":"","footnotes":""},"categories":[14],"tags":[242],"class_list":{"0":"post-22869","1":"post","2":"type-post","3":"status-publish","4":"format-standard","5":"has-post-thumbnail","7":"category-politique","8":"tag-assemblee"},"yoast_head":"<!-- This site is optimized with the Yoast SEO plugin v24.2 - https:\/\/yoast.com\/wordpress\/plugins\/seo\/ -->\n<title>Le nouvel ambassadeur des Emirats Arabes Unis en Guin\u00e9e re\u00e7u \u00e0 l&#039;assembl\u00e9e nationale | Guin\u00e9e Diversit\u00e9<\/title>\n<meta name=\"robots\" content=\"index, follow, max-snippet:-1, max-image-preview:large, max-video-preview:-1\" \/>\n<link rel=\"canonical\" href=\"https:\/\/guineediversite.com\/index.php\/2017\/11\/13\/nouvel-ambassadeur-emirats-arabes-unis-guinee-recu-a-lassemblee-nationale\/\" \/>\n<meta property=\"og:locale\" content=\"fr_FR\" \/>\n<meta property=\"og:type\" content=\"article\" \/>\n<meta property=\"og:title\" content=\"Le nouvel ambassadeur des Emirats Arabes Unis en Guin\u00e9e re\u00e7u \u00e0 l&#039;assembl\u00e9e nationale | Guin\u00e9e Diversit\u00e9\" \/>\n<meta property=\"og:description\" content=\"Le pr\u00e9sident de l&rsquo;assembl\u00e9e nationale a re\u00e7u en audience la semaine derni\u00e8re, le nouvel ambassadeur des Emirats Arabe Unis. Honorable Claude Kory Kondiano et Ahmed Alkhaja ont pass\u00e9 en revu la coop\u00e9ration entre les deux pays. Les \u00e9changes entre les deux personnalit\u00e9s s&rsquo;inscrivent dans le cadre des nouveaux axes de coop\u00e9ration en perspective entre les [&hellip;]\" \/>\n<meta property=\"og:url\" content=\"https:\/\/guineediversite.com\/index.php\/2017\/11\/13\/nouvel-ambassadeur-emirats-arabes-unis-guinee-recu-a-lassemblee-nationale\/\" \/>\n<meta property=\"og:site_name\" content=\"Guin\u00e9e Diversit\u00e9\" \/>\n<meta property=\"article:publisher\" content=\"https:\/\/www.facebook.com\/guineediversite\/\" \/>\n<meta property=\"article:published_time\" content=\"2017-11-13T12:57:56+00:00\" \/>\n<meta property=\"og:image\" content=\"https:\/\/guineediversite.com\/wp-content\/uploads\/2017\/11\/Assembl\u00e9e-nationale-1-1024x764.jpg\" \/>\n\t<meta property=\"og:image:width\" content=\"1024\" \/>\n\t<meta property=\"og:image:height\" content=\"764\" \/>\n\t<meta property=\"og:image:type\" content=\"image\/jpeg\" \/>\n<meta name=\"author\" content=\"Lazare Bangoura\" \/>\n<meta name=\"twitter:card\" content=\"summary_large_image\" \/>\n<meta name=\"twitter:creator\" content=\"@GuineeDiversite\" \/>\n<meta name=\"twitter:site\" content=\"@GuineeDiversite\" \/>\n<meta name=\"twitter:label1\" content=\"\u00c9crit par\" \/>\n\t<meta name=\"twitter:data1\" content=\"Lazare Bangoura\" \/>\n\t<meta name=\"twitter:label2\" content=\"Dur\u00e9e de lecture estim\u00e9e\" \/>\n\t<meta name=\"twitter:data2\" content=\"2 minutes\" \/>\n<script type=\"application\/ld+json\" class=\"yoast-schema-graph\">{\"@context\":\"https:\/\/schema.org\",\"@graph\":[{\"@type\":\"Article\",\"@id\":\"https:\/\/guineediversite.com\/index.php\/2017\/11\/13\/nouvel-ambassadeur-emirats-arabes-unis-guinee-recu-a-lassemblee-nationale\/#article\",\"isPartOf\":{\"@id\":\"https:\/\/guineediversite.com\/index.php\/2017\/11\/13\/nouvel-ambassadeur-emirats-arabes-unis-guinee-recu-a-lassemblee-nationale\/\"},\"author\":{\"name\":\"Lazare Bangoura\",\"@id\":\"https:\/\/guineediversite.com\/#\/schema\/person\/c915f4424a17926ee4510e6abdfdc2a5\"},\"headline\":\"Le nouvel ambassadeur des Emirats Arabes Unis en Guin\u00e9e re\u00e7u \u00e0 l&rsquo;assembl\u00e9e nationale\",\"datePublished\":\"2017-11-13T12:57:56+00:00\",\"dateModified\":\"2017-11-13T12:57:56+00:00\",\"mainEntityOfPage\":{\"@id\":\"https:\/\/guineediversite.com\/index.php\/2017\/11\/13\/nouvel-ambassadeur-emirats-arabes-unis-guinee-recu-a-lassemblee-nationale\/\"},\"wordCount\":333,\"publisher\":{\"@id\":\"https:\/\/guineediversite.com\/#organization\"},\"image\":{\"@id\":\"https:\/\/guineediversite.com\/index.php\/2017\/11\/13\/nouvel-ambassadeur-emirats-arabes-unis-guinee-recu-a-lassemblee-nationale\/#primaryimage\"},\"thumbnailUrl\":\"https:\/\/guineediversite.com\/wp-content\/uploads\/2017\/11\/Assembl\u00e9e-nationale-1.jpg\",\"keywords\":[\"assembl\u00e9e*\"],\"articleSection\":[\"Politique\"],\"inLanguage\":\"fr-FR\"},{\"@type\":\"WebPage\",\"@id\":\"https:\/\/guineediversite.com\/index.php\/2017\/11\/13\/nouvel-ambassadeur-emirats-arabes-unis-guinee-recu-a-lassemblee-nationale\/\",\"url\":\"https:\/\/guineediversite.com\/index.php\/2017\/11\/13\/nouvel-ambassadeur-emirats-arabes-unis-guinee-recu-a-lassemblee-nationale\/\",\"name\":\"Le nouvel ambassadeur des Emirats Arabes Unis en Guin\u00e9e re\u00e7u \u00e0 l'assembl\u00e9e nationale | Guin\u00e9e Diversit\u00e9\",\"isPartOf\":{\"@id\":\"https:\/\/guineediversite.com\/#website\"},\"primaryImageOfPage\":{\"@id\":\"https:\/\/guineediversite.com\/index.php\/2017\/11\/13\/nouvel-ambassadeur-emirats-arabes-unis-guinee-recu-a-lassemblee-nationale\/#primaryimage\"},\"image\":{\"@id\":\"https:\/\/guineediversite.com\/index.php\/2017\/11\/13\/nouvel-ambassadeur-emirats-arabes-unis-guinee-recu-a-lassemblee-nationale\/#primaryimage\"},\"thumbnailUrl\":\"https:\/\/guineediversite.com\/wp-content\/uploads\/2017\/11\/Assembl\u00e9e-nationale-1.jpg\",\"datePublished\":\"2017-11-13T12:57:56+00:00\",\"dateModified\":\"2017-11-13T12:57:56+00:00\",\"breadcrumb\":{\"@id\":\"https:\/\/guineediversite.com\/index.php\/2017\/11\/13\/nouvel-ambassadeur-emirats-arabes-unis-guinee-recu-a-lassemblee-nationale\/#breadcrumb\"},\"inLanguage\":\"fr-FR\",\"potentialAction\":[{\"@type\":\"ReadAction\",\"target\":[\"https:\/\/guineediversite.com\/index.php\/2017\/11\/13\/nouvel-ambassadeur-emirats-arabes-unis-guinee-recu-a-lassemblee-nationale\/\"]}]},{\"@type\":\"ImageObject\",\"inLanguage\":\"fr-FR\",\"@id\":\"https:\/\/guineediversite.com\/index.php\/2017\/11\/13\/nouvel-ambassadeur-emirats-arabes-unis-guinee-recu-a-lassemblee-nationale\/#primaryimage\",\"url\":\"https:\/\/guineediversite.com\/wp-content\/uploads\/2017\/11\/Assembl\u00e9e-nationale-1.jpg\",\"contentUrl\":\"https:\/\/guineediversite.com\/wp-content\/uploads\/2017\/11\/Assembl\u00e9e-nationale-1.jpg\",\"width\":4608,\"height\":3440},{\"@type\":\"BreadcrumbList\",\"@id\":\"https:\/\/guineediversite.com\/index.php\/2017\/11\/13\/nouvel-ambassadeur-emirats-arabes-unis-guinee-recu-a-lassemblee-nationale\/#breadcrumb\",\"itemListElement\":[{\"@type\":\"ListItem\",\"position\":1,\"name\":\"Accueil\",\"item\":\"https:\/\/guineediversite.com\/\"},{\"@type\":\"ListItem\",\"position\":2,\"name\":\"Le nouvel ambassadeur des Emirats Arabes Unis en Guin\u00e9e re\u00e7u \u00e0 l&rsquo;assembl\u00e9e nationale\"}]},{\"@type\":\"WebSite\",\"@id\":\"https:\/\/guineediversite.com\/#website\",\"url\":\"https:\/\/guineediversite.com\/\",\"name\":\"Guin\u00e9e Diversit\u00e9\",\"description\":\"L&#039;Info dans toute sa diversit\u00e9\",\"publisher\":{\"@id\":\"https:\/\/guineediversite.com\/#organization\"},\"potentialAction\":[{\"@type\":\"SearchAction\",\"target\":{\"@type\":\"EntryPoint\",\"urlTemplate\":\"https:\/\/guineediversite.com\/?s={search_term_string}\"},\"query-input\":{\"@type\":\"PropertyValueSpecification\",\"valueRequired\":true,\"valueName\":\"search_term_string\"}}],\"inLanguage\":\"fr-FR\"},{\"@type\":\"Organization\",\"@id\":\"https:\/\/guineediversite.com\/#organization\",\"name\":\"Guin\u00e9e Diversit\u00e9\",\"url\":\"https:\/\/guineediversite.com\/\",\"logo\":{\"@type\":\"ImageObject\",\"inLanguage\":\"fr-FR\",\"@id\":\"https:\/\/guineediversite.com\/#\/schema\/logo\/image\/\",\"url\":\"https:\/\/guineediversite.com\/wp-content\/uploads\/2017\/04\/cropped-1jojlxEOMkX9Wyqfhe43D6kjPOGqBBKmx3EwWJqZ0cMrFF54yM49.png\",\"contentUrl\":\"https:\/\/guineediversite.com\/wp-content\/uploads\/2017\/04\/cropped-1jojlxEOMkX9Wyqfhe43D6kjPOGqBBKmx3EwWJqZ0cMrFF54yM49.png\",\"width\":186,\"height\":112,\"caption\":\"Guin\u00e9e Diversit\u00e9\"},\"image\":{\"@id\":\"https:\/\/guineediversite.com\/#\/schema\/logo\/image\/\"},\"sameAs\":[\"https:\/\/www.facebook.com\/guineediversite\/\",\"https:\/\/x.com\/GuineeDiversite\",\"https:\/\/www.youtube.com\/channel\/UC8sUY16qelG5ge6_D5SB83g\"]},{\"@type\":\"Person\",\"@id\":\"https:\/\/guineediversite.com\/#\/schema\/person\/c915f4424a17926ee4510e6abdfdc2a5\",\"name\":\"Lazare Bangoura\",\"image\":{\"@type\":\"ImageObject\",\"inLanguage\":\"fr-FR\",\"@id\":\"https:\/\/guineediversite.com\/#\/schema\/person\/image\/\",\"url\":\"https:\/\/secure.gravatar.com\/avatar\/7bab9b6edb46a08bcc394e7e418baf1e?s=96&d=mm&r=g\",\"contentUrl\":\"https:\/\/secure.gravatar.com\/avatar\/7bab9b6edb46a08bcc394e7e418baf1e?s=96&d=mm&r=g\",\"caption\":\"Lazare Bangoura\"},\"url\":\"https:\/\/guineediversite.com\/index.php\/author\/l-bangoura\/\"}]}<\/script>\n<!-- \/ Yoast SEO plugin. -->","yoast_head_json":{"title":"Le nouvel ambassadeur des Emirats Arabes Unis en Guin\u00e9e re\u00e7u \u00e0 l'assembl\u00e9e nationale | Guin\u00e9e Diversit\u00e9","robots":{"index":"index","follow":"follow","max-snippet":"max-snippet:-1","max-image-preview":"max-image-preview:large","max-video-preview":"max-video-preview:-1"},"canonical":"https:\/\/guineediversite.com\/index.php\/2017\/11\/13\/nouvel-ambassadeur-emirats-arabes-unis-guinee-recu-a-lassemblee-nationale\/","og_locale":"fr_FR","og_type":"article","og_title":"Le nouvel ambassadeur des Emirats Arabes Unis en Guin\u00e9e re\u00e7u \u00e0 l'assembl\u00e9e nationale | Guin\u00e9e Diversit\u00e9","og_description":"Le pr\u00e9sident de l&rsquo;assembl\u00e9e nationale a re\u00e7u en audience la semaine derni\u00e8re, le nouvel ambassadeur des Emirats Arabe Unis. Honorable Claude Kory Kondiano et Ahmed Alkhaja ont pass\u00e9 en revu la coop\u00e9ration entre les deux pays. Les \u00e9changes entre les deux personnalit\u00e9s s&rsquo;inscrivent dans le cadre des nouveaux axes de coop\u00e9ration en perspective entre les [&hellip;]","og_url":"https:\/\/guineediversite.com\/index.php\/2017\/11\/13\/nouvel-ambassadeur-emirats-arabes-unis-guinee-recu-a-lassemblee-nationale\/","og_site_name":"Guin\u00e9e Diversit\u00e9","article_publisher":"https:\/\/www.facebook.com\/guineediversite\/","article_published_time":"2017-11-13T12:57:56+00:00","og_image":[{"width":1024,"height":764,"url":"https:\/\/guineediversite.com\/wp-content\/uploads\/2017\/11\/Assembl\u00e9e-nationale-1-1024x764.jpg","type":"image\/jpeg"}],"author":"Lazare Bangoura","twitter_card":"summary_large_image","twitter_creator":"@GuineeDiversite","twitter_site":"@GuineeDiversite","twitter_misc":{"\u00c9crit par":"Lazare Bangoura","Dur\u00e9e de lecture estim\u00e9e":"2 minutes"},"schema":{"@context":"https:\/\/schema.org","@graph":[{"@type":"Article","@id":"https:\/\/guineediversite.com\/index.php\/2017\/11\/13\/nouvel-ambassadeur-emirats-arabes-unis-guinee-recu-a-lassemblee-nationale\/#article","isPartOf":{"@id":"https:\/\/guineediversite.com\/index.php\/2017\/11\/13\/nouvel-ambassadeur-emirats-arabes-unis-guinee-recu-a-lassemblee-nationale\/"},"author":{"name":"Lazare Bangoura","@id":"https:\/\/guineediversite.com\/#\/schema\/person\/c915f4424a17926ee4510e6abdfdc2a5"},"headline":"Le nouvel ambassadeur des Emirats Arabes Unis en Guin\u00e9e re\u00e7u \u00e0 l&rsquo;assembl\u00e9e nationale","datePublished":"2017-11-13T12:57:56+00:00","dateModified":"2017-11-13T12:57:56+00:00","mainEntityOfPage":{"@id":"https:\/\/guineediversite.com\/index.php\/2017\/11\/13\/nouvel-ambassadeur-emirats-arabes-unis-guinee-recu-a-lassemblee-nationale\/"},"wordCount":333,"publisher":{"@id":"https:\/\/guineediversite.com\/#organization"},"image":{"@id":"https:\/\/guineediversite.com\/index.php\/2017\/11\/13\/nouvel-ambassadeur-emirats-arabes-unis-guinee-recu-a-lassemblee-nationale\/#primaryimage"},"thumbnailUrl":"https:\/\/guineediversite.com\/wp-content\/uploads\/2017\/11\/Assembl\u00e9e-nationale-1.jpg","keywords":["assembl\u00e9e*"],"articleSection":["Politique"],"inLanguage":"fr-FR"},{"@type":"WebPage","@id":"https:\/\/guineediversite.com\/index.php\/2017\/11\/13\/nouvel-ambassadeur-emirats-arabes-unis-guinee-recu-a-lassemblee-nationale\/","url":"https:\/\/guineediversite.com\/index.php\/2017\/11\/13\/nouvel-ambassadeur-emirats-arabes-unis-guinee-recu-a-lassemblee-nationale\/","name":"Le nouvel ambassadeur des Emirats Arabes Unis en Guin\u00e9e re\u00e7u \u00e0 l'assembl\u00e9e nationale | Guin\u00e9e Diversit\u00e9","isPartOf":{"@id":"https:\/\/guineediversite.com\/#website"},"primaryImageOfPage":{"@id":"https:\/\/guineediversite.com\/index.php\/2017\/11\/13\/nouvel-ambassadeur-emirats-arabes-unis-guinee-recu-a-lassemblee-nationale\/#primaryimage"},"image":{"@id":"https:\/\/guineediversite.com\/index.php\/2017\/11\/13\/nouvel-ambassadeur-emirats-arabes-unis-guinee-recu-a-lassemblee-nationale\/#primaryimage"},"thumbnailUrl":"https:\/\/guineediversite.com\/wp-content\/uploads\/2017\/11\/Assembl\u00e9e-nationale-1.jpg","datePublished":"2017-11-13T12:57:56+00:00","dateModified":"2017-11-13T12:57:56+00:00","breadcrumb":{"@id":"https:\/\/guineediversite.com\/index.php\/2017\/11\/13\/nouvel-ambassadeur-emirats-arabes-unis-guinee-recu-a-lassemblee-nationale\/#breadcrumb"},"inLanguage":"fr-FR","potentialAction":[{"@type":"ReadAction","target":["https:\/\/guineediversite.com\/index.php\/2017\/11\/13\/nouvel-ambassadeur-emirats-arabes-unis-guinee-recu-a-lassemblee-nationale\/"]}]},{"@type":"ImageObject","inLanguage":"fr-FR","@id":"https:\/\/guineediversite.com\/index.php\/2017\/11\/13\/nouvel-ambassadeur-emirats-arabes-unis-guinee-recu-a-lassemblee-nationale\/#primaryimage","url":"https:\/\/guineediversite.com\/wp-content\/uploads\/2017\/11\/Assembl\u00e9e-nationale-1.jpg","contentUrl":"https:\/\/guineediversite.com\/wp-content\/uploads\/2017\/11\/Assembl\u00e9e-nationale-1.jpg","width":4608,"height":3440},{"@type":"BreadcrumbList","@id":"https:\/\/guineediversite.com\/index.php\/2017\/11\/13\/nouvel-ambassadeur-emirats-arabes-unis-guinee-recu-a-lassemblee-nationale\/#breadcrumb","itemListElement":[{"@type":"ListItem","position":1,"name":"Accueil","item":"https:\/\/guineediversite.com\/"},{"@type":"ListItem","position":2,"name":"Le nouvel ambassadeur des Emirats Arabes Unis en Guin\u00e9e re\u00e7u \u00e0 l&rsquo;assembl\u00e9e nationale"}]},{"@type":"WebSite","@id":"https:\/\/guineediversite.com\/#website","url":"https:\/\/guineediversite.com\/","name":"Guin\u00e9e Diversit\u00e9","description":"L&#039;Info dans toute sa diversit\u00e9","publisher":{"@id":"https:\/\/guineediversite.com\/#organization"},"potentialAction":[{"@type":"SearchAction","target":{"@type":"EntryPoint","urlTemplate":"https:\/\/guineediversite.com\/?s={search_term_string}"},"query-input":{"@type":"PropertyValueSpecification","valueRequired":true,"valueName":"search_term_string"}}],"inLanguage":"fr-FR"},{"@type":"Organization","@id":"https:\/\/guineediversite.com\/#organization","name":"Guin\u00e9e Diversit\u00e9","url":"https:\/\/guineediversite.com\/","logo":{"@type":"ImageObject","inLanguage":"fr-FR","@id":"https:\/\/guineediversite.com\/#\/schema\/logo\/image\/","url":"https:\/\/guineediversite.com\/wp-content\/uploads\/2017\/04\/cropped-1jojlxEOMkX9Wyqfhe43D6kjPOGqBBKmx3EwWJqZ0cMrFF54yM49.png","contentUrl":"https:\/\/guineediversite.com\/wp-content\/uploads\/2017\/04\/cropped-1jojlxEOMkX9Wyqfhe43D6kjPOGqBBKmx3EwWJqZ0cMrFF54yM49.png","width":186,"height":112,"caption":"Guin\u00e9e Diversit\u00e9"},"image":{"@id":"https:\/\/guineediversite.com\/#\/schema\/logo\/image\/"},"sameAs":["https:\/\/www.facebook.com\/guineediversite\/","https:\/\/x.com\/GuineeDiversite","https:\/\/www.youtube.com\/channel\/UC8sUY16qelG5ge6_D5SB83g"]},{"@type":"Person","@id":"https:\/\/guineediversite.com\/#\/schema\/person\/c915f4424a17926ee4510e6abdfdc2a5","name":"Lazare Bangoura","image":{"@type":"ImageObject","inLanguage":"fr-FR","@id":"https:\/\/guineediversite.com\/#\/schema\/person\/image\/","url":"https:\/\/secure.gravatar.com\/avatar\/7bab9b6edb46a08bcc394e7e418baf1e?s=96&d=mm&r=g","contentUrl":"https:\/\/secure.gravatar.com\/avatar\/7bab9b6edb46a08bcc394e7e418baf1e?s=96&d=mm&r=g","caption":"Lazare Bangoura"},"url":"https:\/\/guineediversite.com\/index.php\/author\/l-bangoura\/"}]}},"_links":{"self":[{"href":"https:\/\/guineediversite.com\/index.php\/wp-json\/wp\/v2\/posts\/22869"}],"collection":[{"href":"https:\/\/guineediversite.com\/index.php\/wp-json\/wp\/v2\/posts"}],"about":[{"href":"https:\/\/guineediversite.com\/index.php\/wp-json\/wp\/v2\/types\/post"}],"author":[{"embeddable":true,"href":"https:\/\/guineediversite.com\/index.php\/wp-json\/wp\/v2\/users\/14"}],"replies":[{"embeddable":true,"href":"https:\/\/guineediversite.com\/index.php\/wp-json\/wp\/v2\/comments?post=22869"}],"version-history":[{"count":0,"href":"https:\/\/guineediversite.com\/index.php\/wp-json\/wp\/v2\/posts\/22869\/revisions"}],"wp:featuredmedia":[{"embeddable":true,"href":"https:\/\/guineediversite.com\/index.php\/wp-json\/wp\/v2\/media\/22867"}],"wp:attachment":[{"href":"https:\/\/guineediversite.com\/index.php\/wp-json\/wp\/v2\/media?parent=22869"}],"wp:term":[{"taxonomy":"category","embeddable":true,"href":"https:\/\/guineediversite.com\/index.php\/wp-json\/wp\/v2\/categories?post=22869"},{"taxonomy":"post_tag","embeddable":true,"href":"https:\/\/guineediversite.com\/index.php\/wp-json\/wp\/v2\/tags?post=22869"}],"curies":[{"name":"wp","href":"https:\/\/api.w.org\/{rel}","templated":true}]}}