{"id":22840,"date":"2017-11-09T19:18:01","date_gmt":"2017-11-09T18:18:01","guid":{"rendered":"https:\/\/guineediversite.com\/?p=22840"},"modified":"2017-11-09T19:18:01","modified_gmt":"2017-11-09T18:18:01","slug":"retraites-oublies-de-letat","status":"publish","type":"post","link":"https:\/\/guineediversite.com\/index.php\/2017\/11\/09\/retraites-oublies-de-letat\/","title":{"rendered":"Retrait\u00e9s :\u00a0les oubli\u00e9s de l\u2019Etat"},"content":{"rendered":"<p><strong><span id=\"p58\">Ils affirment \u00eatre mis dans les oubliettes par les autorit\u00e9s dirigeantes alors qu\u2019ils s\u2019\u00e9taient donn\u00e9 corps et \u00e2me pour le d\u00e9veloppement du pays.<\/span><span id=\"p3\">\u00a0Eux, ce sont les personnes de troisi\u00e8me \u00e2ge.<\/span><span id=\"p4\">\u00a0Ces\u00a0retrait\u00e9s forment la F\u00e9d\u00e9ration Syndicale Nationale Autonome des Retrait\u00e9s de Guin\u00e9e\u00a0<span id=\"52\" class=\"s-rg-t\">FESAREG<\/span>.<\/span><span id=\"p5\">\u00a0Cette structure syndicale est affili\u00e9e \u00e0 la Conf\u00e9d\u00e9ration Syndicale Autonome des Travailleurs et Retrait\u00e9s de Guin\u00e9e,\u00a0<span id=\"55\" class=\"s-rg-t\">COSATREG<\/span>.<\/span><span id=\"p6\">\u00a0Dans une d\u00e9claration rendue publique jeudi 9 novembre, la\u00a0<span id=\"56\" class=\"s-rg-t\">FESAREG<\/span>\u00a0a tir\u00e9 la sonnette d\u2019alarme pour demander une am\u00e9lioration des conditions de vie des retrait\u00e9s.<\/span><span id=\"p7\">\u00a0<\/span><\/strong><\/p>\n<p><span id=\"p59\">Ces personnes de troisi\u00e8me \u00e2ge disent \u00eatre, les premiers fonctionnaires qui ont contribu\u00e9 \u00e0 l\u2019\u00e9dification de la nation.<\/span><span id=\"p9\">\u00a0Aujourd\u2019hui, ces retrait\u00e9s affirment \u00eatre laiss\u00e9s pour compte malgr\u00e9 qu\u2019ils aient adress\u00e9 une lettre au ministre de la Fonction publique concernant leur pension.<br \/>\n<\/span><br \/>\n<span id=\"p10\">\u00ab <em>En R\u00e9publique de Guin\u00e9e, les retrait\u00e9s civils et paramilitaires continuent p\u00e9niblement la travers\u00e9e du d\u00e9sert.<\/em><\/span><em><span id=\"p62\">\u00a0\u00c0 l\u2019annonce du recensement biom\u00e9trique des retrait\u00e9s, nous avions propos\u00e9 au Ministre de la Fonction publique, sous notre r\u00e9f\u00e9rence\u00a0<span id=\"63\" class=\"s-rg-t\">0016\/BE\/FESAREG<\/span>\u00a0:<\/span><span id=\"p64\">\u00a02017 du 15 juin 2017, les responsables syndicaux, coordinateurs r\u00e9gionaux des retrait\u00e9s, pour les commissions de sensibilisation.<\/span><\/em><span id=\"p13\"><em>\u00a0Notre lettre N\u00b0\u00a0<span id=\"26\">019\/BE\/FESAREG\/2017<\/span>\u00a0adress\u00e9e au m\u00eame Ministre de la fonction publique, lui disant que le d\u00e9cret\u00a0<span id=\"27\">D\/2017\/042\/PRG\/SGG<\/span>\u00a0Du 17\u00a0<span id=\"28\">F\u00e9vrier<\/span>\u00a02017 qui,\u00a0<span id=\"29\">a<\/span>\u00a0notre avis, concerne toutes les faibles pensions, n\u2019est appliqu\u00e9 qu\u2019aux b\u00e9n\u00e9ficiaires du minimum vital \u00bb,<\/em> d\u00e9clare son secr\u00e9taire g\u00e9n\u00e9ral\u00a0<span id=\"30\">Elhadj<\/span>\u00a0<span id=\"31\">Mamady<\/span>\u00a0<span id=\"32\">Camara<\/span>.<br \/>\n<\/span><br \/>\n<span id=\"p14\">La f\u00e9d\u00e9ration Syndicale Nationale Autonome des Retrait\u00e9s de Guin\u00e9e annonce \u00e9galement avoir\u00a0adress\u00e9\u00a0une lettre au\u00a0Premier ministre\u00a0<span id=\"35\" class=\"s-rg-t\">Mamady<\/span>\u00a0<span id=\"36\" class=\"s-rg-t\">Youla<\/span>\u00a0et une autre au Pr\u00e9sident de la R\u00e9publique afin d\u2019\u00e9viter une r\u00e9volte de sa part mais sans suite.<br \/>\n<\/span><br \/>\n<span id=\"p15\">\u00ab <em>Apparemment d\u00e9pourvu de moyens de revendications et sans d\u00e9fense, les retrait\u00e9s diss\u00e9min\u00e9s dans les secteurs, quartiers, districts, villages et arrondissement, sont laiss\u00e9s pour compte \u00e0 la merci des usuriers, sous pr\u00e9texte que n\u2019\u00e9tant plus en service actif, ils n\u2019auraient besoin que du strict minimum pour vivre.<\/em><\/span><em><span id=\"p16\">\u00a0Ils sont toujours victimes des administrations qu\u2019ils ont pourtant servies avec abn\u00e9gation durant leur carri\u00e8re professionnelle.<\/span><span id=\"p65\">\u00a0\u00c0 raison, les retrait\u00e9s ont le sentiment d\u2019\u00eatre rejet\u00e9s, m\u00e9pris\u00e9 m\u00eame par leurs anciens collaborateurs.<\/span><\/em><span id=\"p66\"><em>\u00a0Ils subissent \u00e0 tous les niveaux, m\u00eame dans les deux institutions Nationales qui leur paient les pensions, qui, du reste sont d\u00e9risoires pour les 85% de leur effectif \u00bb,<\/em> s\u2019insurge le secr\u00e9taire g\u00e9n\u00e9ral.<\/span><span id=\"p19\">\u00a0Plus loin dans cette d\u00e9claration, le secr\u00e9taire\u00a0g\u00e9n\u00e9ral accuse\u00a0le\u00a0ministre de\u00a0la Fonction\u00a0publique Billy\u00a0<span id=\"40\">Nakouman<\/span>\u00a0<span id=\"41\">Doumbouya.<br \/>\n<\/span><\/span><br \/>\n<span id=\"p20\">\u00ab <em>C\u2019est ainsi que le Ministre de la fonction publique lie maladroitement le paiement de la pension au recensement et d\u00e9cide m\u00eame d\u2019arr\u00eater toute recherche de dossiers \u00e0 d\u00e9poser pour le recensement biom\u00e9trique d\u00e9poss\u00e9dant des\u00a0Guin\u00e9ens\u00a0de leurs dus<\/em> \u00bb pr\u00e9cise El hadj\u00a0<span id=\"50\">Mamady<\/span>\u00a0<span id=\"51\">Camara.<br \/>\n<\/span><\/span><br \/>\n<span id=\"p21\">La F\u00e9d\u00e9ration Syndicale Autonome des Retrait\u00e9s de Guin\u00e9e appel a une mobilisation g\u00e9n\u00e9rale pour barrer la route \u00e0 ceux qu\u2019elle qualifie de pr\u00e9dateurs, afin de r\u00e9clamer son droit.<\/span><\/p>\n","protected":false},"excerpt":{"rendered":"<p>Ils affirment \u00eatre mis dans les oubliettes par les autorit\u00e9s dirigeantes alors qu\u2019ils s\u2019\u00e9taient donn\u00e9 corps et \u00e2me pour le d\u00e9veloppement du pays.\u00a0Eux, ce sont les personnes de troisi\u00e8me \u00e2ge.\u00a0Ces\u00a0retrait\u00e9s forment la F\u00e9d\u00e9ration Syndicale Nationale Autonome des Retrait\u00e9s de Guin\u00e9e\u00a0FESAREG.\u00a0Cette structure syndicale est affili\u00e9e \u00e0 la Conf\u00e9d\u00e9ration Syndicale Autonome des Travailleurs et Retrait\u00e9s de Guin\u00e9e,\u00a0COSATREG.\u00a0Dans [&hellip;]<\/p>\n","protected":false},"author":16,"featured_media":22841,"comment_status":"closed","ping_status":"closed","sticky":false,"template":"","format":"standard","meta":{"_exactmetrics_skip_tracking":false,"_exactmetrics_sitenote_active":false,"_exactmetrics_sitenote_note":"","_exactmetrics_sitenote_category":0,"tdm_status":"","tdm_grid_status":"","footnotes":""},"categories":[16],"tags":[],"class_list":{"0":"post-22840","1":"post","2":"type-post","3":"status-publish","4":"format-standard","5":"has-post-thumbnail","7":"category-societe"},"yoast_head":"<!-- This site is optimized with the Yoast SEO plugin v24.2 - https:\/\/yoast.com\/wordpress\/plugins\/seo\/ -->\n<title>Retrait\u00e9s :\u00a0les oubli\u00e9s de l\u2019Etat | Guin\u00e9e Diversit\u00e9<\/title>\n<meta name=\"robots\" content=\"index, follow, max-snippet:-1, max-image-preview:large, max-video-preview:-1\" \/>\n<link rel=\"canonical\" href=\"https:\/\/guineediversite.com\/index.php\/2017\/11\/09\/retraites-oublies-de-letat\/\" \/>\n<meta property=\"og:locale\" content=\"fr_FR\" \/>\n<meta property=\"og:type\" content=\"article\" \/>\n<meta property=\"og:title\" content=\"Retrait\u00e9s :\u00a0les oubli\u00e9s de l\u2019Etat | Guin\u00e9e Diversit\u00e9\" \/>\n<meta property=\"og:description\" content=\"Ils affirment \u00eatre mis dans les oubliettes par les autorit\u00e9s dirigeantes alors qu\u2019ils s\u2019\u00e9taient donn\u00e9 corps et \u00e2me pour le d\u00e9veloppement du pays.\u00a0Eux, ce sont les personnes de troisi\u00e8me \u00e2ge.\u00a0Ces\u00a0retrait\u00e9s forment la F\u00e9d\u00e9ration Syndicale Nationale Autonome des Retrait\u00e9s de Guin\u00e9e\u00a0FESAREG.\u00a0Cette structure syndicale est affili\u00e9e \u00e0 la Conf\u00e9d\u00e9ration Syndicale Autonome des Travailleurs et Retrait\u00e9s de Guin\u00e9e,\u00a0COSATREG.\u00a0Dans [&hellip;]\" \/>\n<meta property=\"og:url\" content=\"https:\/\/guineediversite.com\/index.php\/2017\/11\/09\/retraites-oublies-de-letat\/\" \/>\n<meta property=\"og:site_name\" content=\"Guin\u00e9e Diversit\u00e9\" \/>\n<meta property=\"article:publisher\" content=\"https:\/\/www.facebook.com\/guineediversite\/\" \/>\n<meta property=\"article:published_time\" content=\"2017-11-09T18:18:01+00:00\" \/>\n<meta property=\"og:image\" content=\"https:\/\/guineediversite.com\/wp-content\/uploads\/2017\/11\/23433163_1939758949619214_146566037_o.jpg\" \/>\n\t<meta property=\"og:image:width\" content=\"2048\" \/>\n\t<meta property=\"og:image:height\" content=\"1228\" \/>\n\t<meta property=\"og:image:type\" content=\"image\/jpeg\" \/>\n<meta name=\"author\" content=\"Moussa Mo\u00efse K\u00e9ita\" \/>\n<meta name=\"twitter:card\" content=\"summary_large_image\" \/>\n<meta name=\"twitter:creator\" content=\"@GuineeDiversite\" \/>\n<meta name=\"twitter:site\" content=\"@GuineeDiversite\" \/>\n<meta name=\"twitter:label1\" content=\"\u00c9crit par\" \/>\n\t<meta name=\"twitter:data1\" content=\"Moussa Mo\u00efse K\u00e9ita\" \/>\n\t<meta name=\"twitter:label2\" content=\"Dur\u00e9e de lecture estim\u00e9e\" \/>\n\t<meta name=\"twitter:data2\" content=\"3 minutes\" \/>\n<script type=\"application\/ld+json\" class=\"yoast-schema-graph\">{\"@context\":\"https:\/\/schema.org\",\"@graph\":[{\"@type\":\"Article\",\"@id\":\"https:\/\/guineediversite.com\/index.php\/2017\/11\/09\/retraites-oublies-de-letat\/#article\",\"isPartOf\":{\"@id\":\"https:\/\/guineediversite.com\/index.php\/2017\/11\/09\/retraites-oublies-de-letat\/\"},\"author\":{\"name\":\"Moussa Mo\u00efse K\u00e9ita\",\"@id\":\"https:\/\/guineediversite.com\/#\/schema\/person\/079ec347f72d2acde4b56a50a4fd46dc\"},\"headline\":\"Retrait\u00e9s :\u00a0les oubli\u00e9s de l\u2019Etat\",\"datePublished\":\"2017-11-09T18:18:01+00:00\",\"dateModified\":\"2017-11-09T18:18:01+00:00\",\"mainEntityOfPage\":{\"@id\":\"https:\/\/guineediversite.com\/index.php\/2017\/11\/09\/retraites-oublies-de-letat\/\"},\"wordCount\":562,\"publisher\":{\"@id\":\"https:\/\/guineediversite.com\/#organization\"},\"image\":{\"@id\":\"https:\/\/guineediversite.com\/index.php\/2017\/11\/09\/retraites-oublies-de-letat\/#primaryimage\"},\"thumbnailUrl\":\"https:\/\/guineediversite.com\/wp-content\/uploads\/2017\/11\/23433163_1939758949619214_146566037_o.jpg\",\"articleSection\":[\"Soci\u00e9t\u00e9\"],\"inLanguage\":\"fr-FR\"},{\"@type\":\"WebPage\",\"@id\":\"https:\/\/guineediversite.com\/index.php\/2017\/11\/09\/retraites-oublies-de-letat\/\",\"url\":\"https:\/\/guineediversite.com\/index.php\/2017\/11\/09\/retraites-oublies-de-letat\/\",\"name\":\"Retrait\u00e9s :\u00a0les oubli\u00e9s de l\u2019Etat | Guin\u00e9e Diversit\u00e9\",\"isPartOf\":{\"@id\":\"https:\/\/guineediversite.com\/#website\"},\"primaryImageOfPage\":{\"@id\":\"https:\/\/guineediversite.com\/index.php\/2017\/11\/09\/retraites-oublies-de-letat\/#primaryimage\"},\"image\":{\"@id\":\"https:\/\/guineediversite.com\/index.php\/2017\/11\/09\/retraites-oublies-de-letat\/#primaryimage\"},\"thumbnailUrl\":\"https:\/\/guineediversite.com\/wp-content\/uploads\/2017\/11\/23433163_1939758949619214_146566037_o.jpg\",\"datePublished\":\"2017-11-09T18:18:01+00:00\",\"dateModified\":\"2017-11-09T18:18:01+00:00\",\"breadcrumb\":{\"@id\":\"https:\/\/guineediversite.com\/index.php\/2017\/11\/09\/retraites-oublies-de-letat\/#breadcrumb\"},\"inLanguage\":\"fr-FR\",\"potentialAction\":[{\"@type\":\"ReadAction\",\"target\":[\"https:\/\/guineediversite.com\/index.php\/2017\/11\/09\/retraites-oublies-de-letat\/\"]}]},{\"@type\":\"ImageObject\",\"inLanguage\":\"fr-FR\",\"@id\":\"https:\/\/guineediversite.com\/index.php\/2017\/11\/09\/retraites-oublies-de-letat\/#primaryimage\",\"url\":\"https:\/\/guineediversite.com\/wp-content\/uploads\/2017\/11\/23433163_1939758949619214_146566037_o.jpg\",\"contentUrl\":\"https:\/\/guineediversite.com\/wp-content\/uploads\/2017\/11\/23433163_1939758949619214_146566037_o.jpg\",\"width\":2048,\"height\":1228},{\"@type\":\"BreadcrumbList\",\"@id\":\"https:\/\/guineediversite.com\/index.php\/2017\/11\/09\/retraites-oublies-de-letat\/#breadcrumb\",\"itemListElement\":[{\"@type\":\"ListItem\",\"position\":1,\"name\":\"Accueil\",\"item\":\"https:\/\/guineediversite.com\/\"},{\"@type\":\"ListItem\",\"position\":2,\"name\":\"Retrait\u00e9s :\u00a0les oubli\u00e9s de l\u2019Etat\"}]},{\"@type\":\"WebSite\",\"@id\":\"https:\/\/guineediversite.com\/#website\",\"url\":\"https:\/\/guineediversite.com\/\",\"name\":\"Guin\u00e9e Diversit\u00e9\",\"description\":\"L&#039;Info dans toute sa diversit\u00e9\",\"publisher\":{\"@id\":\"https:\/\/guineediversite.com\/#organization\"},\"potentialAction\":[{\"@type\":\"SearchAction\",\"target\":{\"@type\":\"EntryPoint\",\"urlTemplate\":\"https:\/\/guineediversite.com\/?s={search_term_string}\"},\"query-input\":{\"@type\":\"PropertyValueSpecification\",\"valueRequired\":true,\"valueName\":\"search_term_string\"}}],\"inLanguage\":\"fr-FR\"},{\"@type\":\"Organization\",\"@id\":\"https:\/\/guineediversite.com\/#organization\",\"name\":\"Guin\u00e9e Diversit\u00e9\",\"url\":\"https:\/\/guineediversite.com\/\",\"logo\":{\"@type\":\"ImageObject\",\"inLanguage\":\"fr-FR\",\"@id\":\"https:\/\/guineediversite.com\/#\/schema\/logo\/image\/\",\"url\":\"https:\/\/guineediversite.com\/wp-content\/uploads\/2017\/04\/cropped-1jojlxEOMkX9Wyqfhe43D6kjPOGqBBKmx3EwWJqZ0cMrFF54yM49.png\",\"contentUrl\":\"https:\/\/guineediversite.com\/wp-content\/uploads\/2017\/04\/cropped-1jojlxEOMkX9Wyqfhe43D6kjPOGqBBKmx3EwWJqZ0cMrFF54yM49.png\",\"width\":186,\"height\":112,\"caption\":\"Guin\u00e9e Diversit\u00e9\"},\"image\":{\"@id\":\"https:\/\/guineediversite.com\/#\/schema\/logo\/image\/\"},\"sameAs\":[\"https:\/\/www.facebook.com\/guineediversite\/\",\"https:\/\/x.com\/GuineeDiversite\",\"https:\/\/www.youtube.com\/channel\/UC8sUY16qelG5ge6_D5SB83g\"]},{\"@type\":\"Person\",\"@id\":\"https:\/\/guineediversite.com\/#\/schema\/person\/079ec347f72d2acde4b56a50a4fd46dc\",\"name\":\"Moussa Mo\u00efse K\u00e9ita\",\"image\":{\"@type\":\"ImageObject\",\"inLanguage\":\"fr-FR\",\"@id\":\"https:\/\/guineediversite.com\/#\/schema\/person\/image\/\",\"url\":\"https:\/\/secure.gravatar.com\/avatar\/edf1ea2cc01841e6c0b49384bcb1385b?s=96&d=mm&r=g\",\"contentUrl\":\"https:\/\/secure.gravatar.com\/avatar\/edf1ea2cc01841e6c0b49384bcb1385b?s=96&d=mm&r=g\",\"caption\":\"Moussa Mo\u00efse K\u00e9ita\"},\"url\":\"https:\/\/guineediversite.com\/index.php\/author\/moussa-moise\/\"}]}<\/script>\n<!-- \/ Yoast SEO plugin. -->","yoast_head_json":{"title":"Retrait\u00e9s :\u00a0les oubli\u00e9s de l\u2019Etat | Guin\u00e9e Diversit\u00e9","robots":{"index":"index","follow":"follow","max-snippet":"max-snippet:-1","max-image-preview":"max-image-preview:large","max-video-preview":"max-video-preview:-1"},"canonical":"https:\/\/guineediversite.com\/index.php\/2017\/11\/09\/retraites-oublies-de-letat\/","og_locale":"fr_FR","og_type":"article","og_title":"Retrait\u00e9s :\u00a0les oubli\u00e9s de l\u2019Etat | Guin\u00e9e Diversit\u00e9","og_description":"Ils affirment \u00eatre mis dans les oubliettes par les autorit\u00e9s dirigeantes alors qu\u2019ils s\u2019\u00e9taient donn\u00e9 corps et \u00e2me pour le d\u00e9veloppement du pays.\u00a0Eux, ce sont les personnes de troisi\u00e8me \u00e2ge.\u00a0Ces\u00a0retrait\u00e9s forment la F\u00e9d\u00e9ration Syndicale Nationale Autonome des Retrait\u00e9s de Guin\u00e9e\u00a0FESAREG.\u00a0Cette structure syndicale est affili\u00e9e \u00e0 la Conf\u00e9d\u00e9ration Syndicale Autonome des Travailleurs et Retrait\u00e9s de Guin\u00e9e,\u00a0COSATREG.\u00a0Dans [&hellip;]","og_url":"https:\/\/guineediversite.com\/index.php\/2017\/11\/09\/retraites-oublies-de-letat\/","og_site_name":"Guin\u00e9e Diversit\u00e9","article_publisher":"https:\/\/www.facebook.com\/guineediversite\/","article_published_time":"2017-11-09T18:18:01+00:00","og_image":[{"width":2048,"height":1228,"url":"https:\/\/guineediversite.com\/wp-content\/uploads\/2017\/11\/23433163_1939758949619214_146566037_o.jpg","type":"image\/jpeg"}],"author":"Moussa Mo\u00efse K\u00e9ita","twitter_card":"summary_large_image","twitter_creator":"@GuineeDiversite","twitter_site":"@GuineeDiversite","twitter_misc":{"\u00c9crit par":"Moussa Mo\u00efse K\u00e9ita","Dur\u00e9e de lecture estim\u00e9e":"3 minutes"},"schema":{"@context":"https:\/\/schema.org","@graph":[{"@type":"Article","@id":"https:\/\/guineediversite.com\/index.php\/2017\/11\/09\/retraites-oublies-de-letat\/#article","isPartOf":{"@id":"https:\/\/guineediversite.com\/index.php\/2017\/11\/09\/retraites-oublies-de-letat\/"},"author":{"name":"Moussa Mo\u00efse K\u00e9ita","@id":"https:\/\/guineediversite.com\/#\/schema\/person\/079ec347f72d2acde4b56a50a4fd46dc"},"headline":"Retrait\u00e9s :\u00a0les oubli\u00e9s de l\u2019Etat","datePublished":"2017-11-09T18:18:01+00:00","dateModified":"2017-11-09T18:18:01+00:00","mainEntityOfPage":{"@id":"https:\/\/guineediversite.com\/index.php\/2017\/11\/09\/retraites-oublies-de-letat\/"},"wordCount":562,"publisher":{"@id":"https:\/\/guineediversite.com\/#organization"},"image":{"@id":"https:\/\/guineediversite.com\/index.php\/2017\/11\/09\/retraites-oublies-de-letat\/#primaryimage"},"thumbnailUrl":"https:\/\/guineediversite.com\/wp-content\/uploads\/2017\/11\/23433163_1939758949619214_146566037_o.jpg","articleSection":["Soci\u00e9t\u00e9"],"inLanguage":"fr-FR"},{"@type":"WebPage","@id":"https:\/\/guineediversite.com\/index.php\/2017\/11\/09\/retraites-oublies-de-letat\/","url":"https:\/\/guineediversite.com\/index.php\/2017\/11\/09\/retraites-oublies-de-letat\/","name":"Retrait\u00e9s :\u00a0les oubli\u00e9s de l\u2019Etat | Guin\u00e9e Diversit\u00e9","isPartOf":{"@id":"https:\/\/guineediversite.com\/#website"},"primaryImageOfPage":{"@id":"https:\/\/guineediversite.com\/index.php\/2017\/11\/09\/retraites-oublies-de-letat\/#primaryimage"},"image":{"@id":"https:\/\/guineediversite.com\/index.php\/2017\/11\/09\/retraites-oublies-de-letat\/#primaryimage"},"thumbnailUrl":"https:\/\/guineediversite.com\/wp-content\/uploads\/2017\/11\/23433163_1939758949619214_146566037_o.jpg","datePublished":"2017-11-09T18:18:01+00:00","dateModified":"2017-11-09T18:18:01+00:00","breadcrumb":{"@id":"https:\/\/guineediversite.com\/index.php\/2017\/11\/09\/retraites-oublies-de-letat\/#breadcrumb"},"inLanguage":"fr-FR","potentialAction":[{"@type":"ReadAction","target":["https:\/\/guineediversite.com\/index.php\/2017\/11\/09\/retraites-oublies-de-letat\/"]}]},{"@type":"ImageObject","inLanguage":"fr-FR","@id":"https:\/\/guineediversite.com\/index.php\/2017\/11\/09\/retraites-oublies-de-letat\/#primaryimage","url":"https:\/\/guineediversite.com\/wp-content\/uploads\/2017\/11\/23433163_1939758949619214_146566037_o.jpg","contentUrl":"https:\/\/guineediversite.com\/wp-content\/uploads\/2017\/11\/23433163_1939758949619214_146566037_o.jpg","width":2048,"height":1228},{"@type":"BreadcrumbList","@id":"https:\/\/guineediversite.com\/index.php\/2017\/11\/09\/retraites-oublies-de-letat\/#breadcrumb","itemListElement":[{"@type":"ListItem","position":1,"name":"Accueil","item":"https:\/\/guineediversite.com\/"},{"@type":"ListItem","position":2,"name":"Retrait\u00e9s :\u00a0les oubli\u00e9s de l\u2019Etat"}]},{"@type":"WebSite","@id":"https:\/\/guineediversite.com\/#website","url":"https:\/\/guineediversite.com\/","name":"Guin\u00e9e Diversit\u00e9","description":"L&#039;Info dans toute sa diversit\u00e9","publisher":{"@id":"https:\/\/guineediversite.com\/#organization"},"potentialAction":[{"@type":"SearchAction","target":{"@type":"EntryPoint","urlTemplate":"https:\/\/guineediversite.com\/?s={search_term_string}"},"query-input":{"@type":"PropertyValueSpecification","valueRequired":true,"valueName":"search_term_string"}}],"inLanguage":"fr-FR"},{"@type":"Organization","@id":"https:\/\/guineediversite.com\/#organization","name":"Guin\u00e9e Diversit\u00e9","url":"https:\/\/guineediversite.com\/","logo":{"@type":"ImageObject","inLanguage":"fr-FR","@id":"https:\/\/guineediversite.com\/#\/schema\/logo\/image\/","url":"https:\/\/guineediversite.com\/wp-content\/uploads\/2017\/04\/cropped-1jojlxEOMkX9Wyqfhe43D6kjPOGqBBKmx3EwWJqZ0cMrFF54yM49.png","contentUrl":"https:\/\/guineediversite.com\/wp-content\/uploads\/2017\/04\/cropped-1jojlxEOMkX9Wyqfhe43D6kjPOGqBBKmx3EwWJqZ0cMrFF54yM49.png","width":186,"height":112,"caption":"Guin\u00e9e Diversit\u00e9"},"image":{"@id":"https:\/\/guineediversite.com\/#\/schema\/logo\/image\/"},"sameAs":["https:\/\/www.facebook.com\/guineediversite\/","https:\/\/x.com\/GuineeDiversite","https:\/\/www.youtube.com\/channel\/UC8sUY16qelG5ge6_D5SB83g"]},{"@type":"Person","@id":"https:\/\/guineediversite.com\/#\/schema\/person\/079ec347f72d2acde4b56a50a4fd46dc","name":"Moussa Mo\u00efse K\u00e9ita","image":{"@type":"ImageObject","inLanguage":"fr-FR","@id":"https:\/\/guineediversite.com\/#\/schema\/person\/image\/","url":"https:\/\/secure.gravatar.com\/avatar\/edf1ea2cc01841e6c0b49384bcb1385b?s=96&d=mm&r=g","contentUrl":"https:\/\/secure.gravatar.com\/avatar\/edf1ea2cc01841e6c0b49384bcb1385b?s=96&d=mm&r=g","caption":"Moussa Mo\u00efse K\u00e9ita"},"url":"https:\/\/guineediversite.com\/index.php\/author\/moussa-moise\/"}]}},"_links":{"self":[{"href":"https:\/\/guineediversite.com\/index.php\/wp-json\/wp\/v2\/posts\/22840"}],"collection":[{"href":"https:\/\/guineediversite.com\/index.php\/wp-json\/wp\/v2\/posts"}],"about":[{"href":"https:\/\/guineediversite.com\/index.php\/wp-json\/wp\/v2\/types\/post"}],"author":[{"embeddable":true,"href":"https:\/\/guineediversite.com\/index.php\/wp-json\/wp\/v2\/users\/16"}],"replies":[{"embeddable":true,"href":"https:\/\/guineediversite.com\/index.php\/wp-json\/wp\/v2\/comments?post=22840"}],"version-history":[{"count":0,"href":"https:\/\/guineediversite.com\/index.php\/wp-json\/wp\/v2\/posts\/22840\/revisions"}],"wp:featuredmedia":[{"embeddable":true,"href":"https:\/\/guineediversite.com\/index.php\/wp-json\/wp\/v2\/media\/22841"}],"wp:attachment":[{"href":"https:\/\/guineediversite.com\/index.php\/wp-json\/wp\/v2\/media?parent=22840"}],"wp:term":[{"taxonomy":"category","embeddable":true,"href":"https:\/\/guineediversite.com\/index.php\/wp-json\/wp\/v2\/categories?post=22840"},{"taxonomy":"post_tag","embeddable":true,"href":"https:\/\/guineediversite.com\/index.php\/wp-json\/wp\/v2\/tags?post=22840"}],"curies":[{"name":"wp","href":"https:\/\/api.w.org\/{rel}","templated":true}]}}