{"id":22823,"date":"2017-11-08T23:21:13","date_gmt":"2017-11-08T22:21:13","guid":{"rendered":"https:\/\/guineediversite.com\/?p=22823"},"modified":"2017-11-08T23:21:13","modified_gmt":"2017-11-08T22:21:13","slug":"bras-de-fer-entre-hac-presse-ministre-de-communication-donne-position","status":"publish","type":"post","link":"https:\/\/guineediversite.com\/index.php\/2017\/11\/08\/bras-de-fer-entre-hac-presse-ministre-de-communication-donne-position\/","title":{"rendered":"Bras de fer entre la HAC et la presse :\u00a0le ministre de la Communication donne sa position\u00a0"},"content":{"rendered":"<p><strong><span id=\"p127\">Le ministre de la communication sort enfin de son silence pour s\u2019exprimer sur la crise qui secoue actuellement la presse guin\u00e9enne.<\/span><\/strong><span id=\"p128\"><strong>\u00a0<\/strong><\/p>\n<p>Ce mercredi 8 novembre dans une interview qu\u2019il accord\u00e9 a notre r\u00e9daction, le ministre de la communication a d\u00e9clar\u00e9 qu\u2019il se prononce seulement que sur des sujets th\u00e9matique li\u00e9s \u00e0 la communication.<\/span><span id=\"p71\">\u00a0Il\u00a0<span id=\"98\" class=\"s-ve-t\">soutien<\/span>\u00a0que la Haute Autorit\u00e9 de la Communication est une institution ind\u00e9pendante par cons\u00e9quent, le gouvernement ne pourra en aucun cas interf\u00e9rer dans une d\u00e9cision prise par cette institution de r\u00e9gulation de m\u00e9dias en r\u00e9publique de Guin\u00e9e.<\/span><\/p>\n<p><span id=\"p129\">\u00a0\u00c0 couteau tir\u00e9 avec les gendarmes et la HAC, les journalistes se sont longuement interrog\u00e9s sur le r\u00f4le que joue le ministre de la communication dans tout \u00e7a.<\/span><span id=\"p75\">\u00a0Et sur la question, Rachid N\u2019<span id=\"105\" class=\"s-rg-t\">Diaye<\/span>\u00a0sort de son silence et r\u00e9pond:\u00a0<\/span><span id=\"p76\">\u00ab<em> Dans le travail gouvernemental, il\u00a0<span id=\"106\">y a<\/span>\u00a0un\u00a0porte-parole\u00a0du gouvernement qui est charg\u00e9 de porter la parole du\u00a0<span id=\"108\">Gouvernement<\/span>.<\/em><\/span><em><span id=\"p77\">\u00a0Comme vous aviez puis le voir mon coll\u00e8gue Albert\u00a0<span id=\"109\" class=\"s-rg-t\">Damantang<\/span>\u00a0<span id=\"110\" class=\"s-rg-t\">Camara<\/span>\u00a0est pass\u00e9 \u00e0 la t\u00e9l\u00e9vision pour rappeler la position du Gouvernement sur la question de la presse aujourd\u2019hui.<\/span><\/em><span id=\"p130\"><em>\u00a0C\u2019est seulement le respect de cette discipline qui fait que pour \u00e9viter les discours diff\u00e9rents au sein d\u2019une m\u00eame \u00e9quipe gouvernementale, qu\u2019il est important qu\u2019une personne d\u00e9l\u00e9gu\u00e9e \u00e0 la charge s\u2019exprime<\/em> \u00bb, d\u00e9clare le ministre avant de poursuivre :<\/span><span id=\"p131\">\u00a0\u00ab <em>Moi, j\u2019interviens sur des sujets th\u00e9matiques, c&rsquo;est-\u00e0-dire, des sujets qui peuvent \u00eatre li\u00e9s \u00e0 la communication.<\/em><\/span><em><span id=\"p132\">\u00a0J\u2019avoue que je ne suis le ministre le plus expansif, \u00e7a, c\u2019est vrai !!!<\/span><span id=\"p133\">\u00a0Mais \u00e7a, c\u2019est \u00e9galement une question de temp\u00e9rament, de culture ;<\/span><span id=\"p82\">\u00a0parce que j\u2019aime parler utile.<\/span><span id=\"p83\">\u00bb\u00a0<\/span><\/em><\/p>\n<p><span id=\"p84\">Plus loin, Rachid N\u2019<span id=\"115\" class=\"s-rg-t\">Diaye<\/span>\u00a0affirme que le probl\u00e8me de la presse, n\u2019est pas avec le\u00a0Gouvernement, mais\u00a0avec l&rsquo;institution de r\u00e9gulation.\u00a0<\/span><br \/>\n<span id=\"p134\">\u00ab <em>La HAC est une institution ind\u00e9pendante, elle est compos\u00e9e des repr\u00e9sentants des associations de presse, le Gouvernement lui-m\u00eame n\u2019a que deux repr\u00e9sentants dedans.<\/em><\/span><span id=\"p135\"><em>\u00a0Alors quand la Haute Autorit\u00e9 de la Communication prend une d\u00e9cision de r\u00e9gulation, c\u2019est une d\u00e9cision qui est souveraine et un ministre ne peut pas demander \u00e0 la HAC de changer une d\u00e9cision qui rel\u00e8ve de sa responsabilit\u00e9 \u00bb,<\/em> mart\u00e8le le ministre.<\/span><span id=\"p87\">\u00a0<\/span><\/p>\n<p><span id=\"p88\">Apr\u00e8s avoir reconnu le r\u00f4le fondamental que joue la presse dans une d\u00e9mocratie, Rachide Ndiaye rappelle que nul n\u2019est\u00a0<span id=\"121\" class=\"s-or-t\">au dessus<\/span>\u00a0de la loi \u00ab<em> Nous avons besoin de la presse pour consolider la d\u00e9mocratie, nous avons besoin de la presse pour accompagner tous les processus de d\u00e9mocratisation.<\/em><\/span><em><span id=\"p136\">\u00a0Mais, j\u2019ajoute \u00e9galement que la presse, c\u2019est la libert\u00e9, mais \u00e9galement la responsabilit\u00e9.<\/span><\/em><span id=\"p90\"><em>\u00a0Il n\u2019y a pas de profession qui est\u00a0<span id=\"123\" class=\"s-or-t\">au dessus<\/span>\u00a0ou en dessous de la loi \u00bb indique Rachid N\u2019<span id=\"124\" class=\"s-rg-t\">Diaye<\/span>\u00a0qui souhaite une gestion apais\u00e9e de la\u00a0situation\u00a0\u00ab pour que chaque partie connaisse son r\u00f4le et sa place<\/em> \u00bb.<\/span><\/p>\n","protected":false},"excerpt":{"rendered":"<p>Le ministre de la communication sort enfin de son silence pour s\u2019exprimer sur la crise qui secoue actuellement la presse guin\u00e9enne.\u00a0 Ce mercredi 8 novembre dans une interview qu\u2019il accord\u00e9 a notre r\u00e9daction, le ministre de la communication a d\u00e9clar\u00e9 qu\u2019il se prononce seulement que sur des sujets th\u00e9matique li\u00e9s \u00e0 la communication.\u00a0Il\u00a0soutien\u00a0que la Haute [&hellip;]<\/p>\n","protected":false},"author":16,"featured_media":22824,"comment_status":"closed","ping_status":"closed","sticky":false,"template":"","format":"standard","meta":{"_exactmetrics_skip_tracking":false,"_exactmetrics_sitenote_active":false,"_exactmetrics_sitenote_note":"","_exactmetrics_sitenote_category":0,"tdm_status":"","tdm_grid_status":"","footnotes":""},"categories":[14],"tags":[],"class_list":{"0":"post-22823","1":"post","2":"type-post","3":"status-publish","4":"format-standard","5":"has-post-thumbnail","7":"category-politique"},"yoast_head":"<!-- This site is optimized with the Yoast SEO plugin v24.2 - https:\/\/yoast.com\/wordpress\/plugins\/seo\/ -->\n<title>Bras de fer entre la HAC et la presse :\u00a0le ministre de la Communication donne sa position\u00a0 | Guin\u00e9e Diversit\u00e9<\/title>\n<meta name=\"robots\" content=\"index, follow, max-snippet:-1, max-image-preview:large, max-video-preview:-1\" \/>\n<link rel=\"canonical\" href=\"https:\/\/guineediversite.com\/index.php\/2017\/11\/08\/bras-de-fer-entre-hac-presse-ministre-de-communication-donne-position\/\" \/>\n<meta property=\"og:locale\" content=\"fr_FR\" \/>\n<meta property=\"og:type\" content=\"article\" \/>\n<meta property=\"og:title\" content=\"Bras de fer entre la HAC et la presse :\u00a0le ministre de la Communication donne sa position\u00a0 | Guin\u00e9e Diversit\u00e9\" \/>\n<meta property=\"og:description\" content=\"Le ministre de la communication sort enfin de son silence pour s\u2019exprimer sur la crise qui secoue actuellement la presse guin\u00e9enne.\u00a0 Ce mercredi 8 novembre dans une interview qu\u2019il accord\u00e9 a notre r\u00e9daction, le ministre de la communication a d\u00e9clar\u00e9 qu\u2019il se prononce seulement que sur des sujets th\u00e9matique li\u00e9s \u00e0 la communication.\u00a0Il\u00a0soutien\u00a0que la Haute [&hellip;]\" \/>\n<meta property=\"og:url\" content=\"https:\/\/guineediversite.com\/index.php\/2017\/11\/08\/bras-de-fer-entre-hac-presse-ministre-de-communication-donne-position\/\" \/>\n<meta property=\"og:site_name\" content=\"Guin\u00e9e Diversit\u00e9\" \/>\n<meta property=\"article:publisher\" content=\"https:\/\/www.facebook.com\/guineediversite\/\" \/>\n<meta property=\"article:published_time\" content=\"2017-11-08T22:21:13+00:00\" \/>\n<meta property=\"og:image\" content=\"https:\/\/guineediversite.com\/wp-content\/uploads\/2017\/11\/20170404_091818.jpg\" \/>\n\t<meta property=\"og:image:width\" content=\"1024\" \/>\n\t<meta property=\"og:image:height\" content=\"768\" \/>\n\t<meta property=\"og:image:type\" content=\"image\/jpeg\" \/>\n<meta name=\"author\" content=\"Moussa Mo\u00efse K\u00e9ita\" \/>\n<meta name=\"twitter:card\" content=\"summary_large_image\" \/>\n<meta name=\"twitter:creator\" content=\"@GuineeDiversite\" \/>\n<meta name=\"twitter:site\" content=\"@GuineeDiversite\" \/>\n<meta name=\"twitter:label1\" content=\"\u00c9crit par\" \/>\n\t<meta name=\"twitter:data1\" content=\"Moussa Mo\u00efse K\u00e9ita\" \/>\n\t<meta name=\"twitter:label2\" content=\"Dur\u00e9e de lecture estim\u00e9e\" \/>\n\t<meta name=\"twitter:data2\" content=\"3 minutes\" \/>\n<script type=\"application\/ld+json\" class=\"yoast-schema-graph\">{\"@context\":\"https:\/\/schema.org\",\"@graph\":[{\"@type\":\"Article\",\"@id\":\"https:\/\/guineediversite.com\/index.php\/2017\/11\/08\/bras-de-fer-entre-hac-presse-ministre-de-communication-donne-position\/#article\",\"isPartOf\":{\"@id\":\"https:\/\/guineediversite.com\/index.php\/2017\/11\/08\/bras-de-fer-entre-hac-presse-ministre-de-communication-donne-position\/\"},\"author\":{\"name\":\"Moussa Mo\u00efse K\u00e9ita\",\"@id\":\"https:\/\/guineediversite.com\/#\/schema\/person\/079ec347f72d2acde4b56a50a4fd46dc\"},\"headline\":\"Bras de fer entre la HAC et la presse :\u00a0le ministre de la Communication donne sa position\u00a0\",\"datePublished\":\"2017-11-08T22:21:13+00:00\",\"dateModified\":\"2017-11-08T22:21:13+00:00\",\"mainEntityOfPage\":{\"@id\":\"https:\/\/guineediversite.com\/index.php\/2017\/11\/08\/bras-de-fer-entre-hac-presse-ministre-de-communication-donne-position\/\"},\"wordCount\":528,\"publisher\":{\"@id\":\"https:\/\/guineediversite.com\/#organization\"},\"image\":{\"@id\":\"https:\/\/guineediversite.com\/index.php\/2017\/11\/08\/bras-de-fer-entre-hac-presse-ministre-de-communication-donne-position\/#primaryimage\"},\"thumbnailUrl\":\"https:\/\/guineediversite.com\/wp-content\/uploads\/2017\/11\/20170404_091818.jpg\",\"articleSection\":[\"Politique\"],\"inLanguage\":\"fr-FR\"},{\"@type\":\"WebPage\",\"@id\":\"https:\/\/guineediversite.com\/index.php\/2017\/11\/08\/bras-de-fer-entre-hac-presse-ministre-de-communication-donne-position\/\",\"url\":\"https:\/\/guineediversite.com\/index.php\/2017\/11\/08\/bras-de-fer-entre-hac-presse-ministre-de-communication-donne-position\/\",\"name\":\"Bras de fer entre la HAC et la presse :\u00a0le ministre de la Communication donne sa position\u00a0 | Guin\u00e9e Diversit\u00e9\",\"isPartOf\":{\"@id\":\"https:\/\/guineediversite.com\/#website\"},\"primaryImageOfPage\":{\"@id\":\"https:\/\/guineediversite.com\/index.php\/2017\/11\/08\/bras-de-fer-entre-hac-presse-ministre-de-communication-donne-position\/#primaryimage\"},\"image\":{\"@id\":\"https:\/\/guineediversite.com\/index.php\/2017\/11\/08\/bras-de-fer-entre-hac-presse-ministre-de-communication-donne-position\/#primaryimage\"},\"thumbnailUrl\":\"https:\/\/guineediversite.com\/wp-content\/uploads\/2017\/11\/20170404_091818.jpg\",\"datePublished\":\"2017-11-08T22:21:13+00:00\",\"dateModified\":\"2017-11-08T22:21:13+00:00\",\"breadcrumb\":{\"@id\":\"https:\/\/guineediversite.com\/index.php\/2017\/11\/08\/bras-de-fer-entre-hac-presse-ministre-de-communication-donne-position\/#breadcrumb\"},\"inLanguage\":\"fr-FR\",\"potentialAction\":[{\"@type\":\"ReadAction\",\"target\":[\"https:\/\/guineediversite.com\/index.php\/2017\/11\/08\/bras-de-fer-entre-hac-presse-ministre-de-communication-donne-position\/\"]}]},{\"@type\":\"ImageObject\",\"inLanguage\":\"fr-FR\",\"@id\":\"https:\/\/guineediversite.com\/index.php\/2017\/11\/08\/bras-de-fer-entre-hac-presse-ministre-de-communication-donne-position\/#primaryimage\",\"url\":\"https:\/\/guineediversite.com\/wp-content\/uploads\/2017\/11\/20170404_091818.jpg\",\"contentUrl\":\"https:\/\/guineediversite.com\/wp-content\/uploads\/2017\/11\/20170404_091818.jpg\",\"width\":1024,\"height\":768},{\"@type\":\"BreadcrumbList\",\"@id\":\"https:\/\/guineediversite.com\/index.php\/2017\/11\/08\/bras-de-fer-entre-hac-presse-ministre-de-communication-donne-position\/#breadcrumb\",\"itemListElement\":[{\"@type\":\"ListItem\",\"position\":1,\"name\":\"Accueil\",\"item\":\"https:\/\/guineediversite.com\/\"},{\"@type\":\"ListItem\",\"position\":2,\"name\":\"Bras de fer entre la HAC et la presse :\u00a0le ministre de la Communication donne sa position\u00a0\"}]},{\"@type\":\"WebSite\",\"@id\":\"https:\/\/guineediversite.com\/#website\",\"url\":\"https:\/\/guineediversite.com\/\",\"name\":\"Guin\u00e9e Diversit\u00e9\",\"description\":\"L&#039;Info dans toute sa diversit\u00e9\",\"publisher\":{\"@id\":\"https:\/\/guineediversite.com\/#organization\"},\"potentialAction\":[{\"@type\":\"SearchAction\",\"target\":{\"@type\":\"EntryPoint\",\"urlTemplate\":\"https:\/\/guineediversite.com\/?s={search_term_string}\"},\"query-input\":{\"@type\":\"PropertyValueSpecification\",\"valueRequired\":true,\"valueName\":\"search_term_string\"}}],\"inLanguage\":\"fr-FR\"},{\"@type\":\"Organization\",\"@id\":\"https:\/\/guineediversite.com\/#organization\",\"name\":\"Guin\u00e9e Diversit\u00e9\",\"url\":\"https:\/\/guineediversite.com\/\",\"logo\":{\"@type\":\"ImageObject\",\"inLanguage\":\"fr-FR\",\"@id\":\"https:\/\/guineediversite.com\/#\/schema\/logo\/image\/\",\"url\":\"https:\/\/guineediversite.com\/wp-content\/uploads\/2017\/04\/cropped-1jojlxEOMkX9Wyqfhe43D6kjPOGqBBKmx3EwWJqZ0cMrFF54yM49.png\",\"contentUrl\":\"https:\/\/guineediversite.com\/wp-content\/uploads\/2017\/04\/cropped-1jojlxEOMkX9Wyqfhe43D6kjPOGqBBKmx3EwWJqZ0cMrFF54yM49.png\",\"width\":186,\"height\":112,\"caption\":\"Guin\u00e9e Diversit\u00e9\"},\"image\":{\"@id\":\"https:\/\/guineediversite.com\/#\/schema\/logo\/image\/\"},\"sameAs\":[\"https:\/\/www.facebook.com\/guineediversite\/\",\"https:\/\/x.com\/GuineeDiversite\",\"https:\/\/www.youtube.com\/channel\/UC8sUY16qelG5ge6_D5SB83g\"]},{\"@type\":\"Person\",\"@id\":\"https:\/\/guineediversite.com\/#\/schema\/person\/079ec347f72d2acde4b56a50a4fd46dc\",\"name\":\"Moussa Mo\u00efse K\u00e9ita\",\"image\":{\"@type\":\"ImageObject\",\"inLanguage\":\"fr-FR\",\"@id\":\"https:\/\/guineediversite.com\/#\/schema\/person\/image\/\",\"url\":\"https:\/\/secure.gravatar.com\/avatar\/edf1ea2cc01841e6c0b49384bcb1385b?s=96&d=mm&r=g\",\"contentUrl\":\"https:\/\/secure.gravatar.com\/avatar\/edf1ea2cc01841e6c0b49384bcb1385b?s=96&d=mm&r=g\",\"caption\":\"Moussa Mo\u00efse K\u00e9ita\"},\"url\":\"https:\/\/guineediversite.com\/index.php\/author\/moussa-moise\/\"}]}<\/script>\n<!-- \/ Yoast SEO plugin. -->","yoast_head_json":{"title":"Bras de fer entre la HAC et la presse :\u00a0le ministre de la Communication donne sa position\u00a0 | Guin\u00e9e Diversit\u00e9","robots":{"index":"index","follow":"follow","max-snippet":"max-snippet:-1","max-image-preview":"max-image-preview:large","max-video-preview":"max-video-preview:-1"},"canonical":"https:\/\/guineediversite.com\/index.php\/2017\/11\/08\/bras-de-fer-entre-hac-presse-ministre-de-communication-donne-position\/","og_locale":"fr_FR","og_type":"article","og_title":"Bras de fer entre la HAC et la presse :\u00a0le ministre de la Communication donne sa position\u00a0 | Guin\u00e9e Diversit\u00e9","og_description":"Le ministre de la communication sort enfin de son silence pour s\u2019exprimer sur la crise qui secoue actuellement la presse guin\u00e9enne.\u00a0 Ce mercredi 8 novembre dans une interview qu\u2019il accord\u00e9 a notre r\u00e9daction, le ministre de la communication a d\u00e9clar\u00e9 qu\u2019il se prononce seulement que sur des sujets th\u00e9matique li\u00e9s \u00e0 la communication.\u00a0Il\u00a0soutien\u00a0que la Haute [&hellip;]","og_url":"https:\/\/guineediversite.com\/index.php\/2017\/11\/08\/bras-de-fer-entre-hac-presse-ministre-de-communication-donne-position\/","og_site_name":"Guin\u00e9e Diversit\u00e9","article_publisher":"https:\/\/www.facebook.com\/guineediversite\/","article_published_time":"2017-11-08T22:21:13+00:00","og_image":[{"width":1024,"height":768,"url":"https:\/\/guineediversite.com\/wp-content\/uploads\/2017\/11\/20170404_091818.jpg","type":"image\/jpeg"}],"author":"Moussa Mo\u00efse K\u00e9ita","twitter_card":"summary_large_image","twitter_creator":"@GuineeDiversite","twitter_site":"@GuineeDiversite","twitter_misc":{"\u00c9crit par":"Moussa Mo\u00efse K\u00e9ita","Dur\u00e9e de lecture estim\u00e9e":"3 minutes"},"schema":{"@context":"https:\/\/schema.org","@graph":[{"@type":"Article","@id":"https:\/\/guineediversite.com\/index.php\/2017\/11\/08\/bras-de-fer-entre-hac-presse-ministre-de-communication-donne-position\/#article","isPartOf":{"@id":"https:\/\/guineediversite.com\/index.php\/2017\/11\/08\/bras-de-fer-entre-hac-presse-ministre-de-communication-donne-position\/"},"author":{"name":"Moussa Mo\u00efse K\u00e9ita","@id":"https:\/\/guineediversite.com\/#\/schema\/person\/079ec347f72d2acde4b56a50a4fd46dc"},"headline":"Bras de fer entre la HAC et la presse :\u00a0le ministre de la Communication donne sa position\u00a0","datePublished":"2017-11-08T22:21:13+00:00","dateModified":"2017-11-08T22:21:13+00:00","mainEntityOfPage":{"@id":"https:\/\/guineediversite.com\/index.php\/2017\/11\/08\/bras-de-fer-entre-hac-presse-ministre-de-communication-donne-position\/"},"wordCount":528,"publisher":{"@id":"https:\/\/guineediversite.com\/#organization"},"image":{"@id":"https:\/\/guineediversite.com\/index.php\/2017\/11\/08\/bras-de-fer-entre-hac-presse-ministre-de-communication-donne-position\/#primaryimage"},"thumbnailUrl":"https:\/\/guineediversite.com\/wp-content\/uploads\/2017\/11\/20170404_091818.jpg","articleSection":["Politique"],"inLanguage":"fr-FR"},{"@type":"WebPage","@id":"https:\/\/guineediversite.com\/index.php\/2017\/11\/08\/bras-de-fer-entre-hac-presse-ministre-de-communication-donne-position\/","url":"https:\/\/guineediversite.com\/index.php\/2017\/11\/08\/bras-de-fer-entre-hac-presse-ministre-de-communication-donne-position\/","name":"Bras de fer entre la HAC et la presse :\u00a0le ministre de la Communication donne sa position\u00a0 | Guin\u00e9e Diversit\u00e9","isPartOf":{"@id":"https:\/\/guineediversite.com\/#website"},"primaryImageOfPage":{"@id":"https:\/\/guineediversite.com\/index.php\/2017\/11\/08\/bras-de-fer-entre-hac-presse-ministre-de-communication-donne-position\/#primaryimage"},"image":{"@id":"https:\/\/guineediversite.com\/index.php\/2017\/11\/08\/bras-de-fer-entre-hac-presse-ministre-de-communication-donne-position\/#primaryimage"},"thumbnailUrl":"https:\/\/guineediversite.com\/wp-content\/uploads\/2017\/11\/20170404_091818.jpg","datePublished":"2017-11-08T22:21:13+00:00","dateModified":"2017-11-08T22:21:13+00:00","breadcrumb":{"@id":"https:\/\/guineediversite.com\/index.php\/2017\/11\/08\/bras-de-fer-entre-hac-presse-ministre-de-communication-donne-position\/#breadcrumb"},"inLanguage":"fr-FR","potentialAction":[{"@type":"ReadAction","target":["https:\/\/guineediversite.com\/index.php\/2017\/11\/08\/bras-de-fer-entre-hac-presse-ministre-de-communication-donne-position\/"]}]},{"@type":"ImageObject","inLanguage":"fr-FR","@id":"https:\/\/guineediversite.com\/index.php\/2017\/11\/08\/bras-de-fer-entre-hac-presse-ministre-de-communication-donne-position\/#primaryimage","url":"https:\/\/guineediversite.com\/wp-content\/uploads\/2017\/11\/20170404_091818.jpg","contentUrl":"https:\/\/guineediversite.com\/wp-content\/uploads\/2017\/11\/20170404_091818.jpg","width":1024,"height":768},{"@type":"BreadcrumbList","@id":"https:\/\/guineediversite.com\/index.php\/2017\/11\/08\/bras-de-fer-entre-hac-presse-ministre-de-communication-donne-position\/#breadcrumb","itemListElement":[{"@type":"ListItem","position":1,"name":"Accueil","item":"https:\/\/guineediversite.com\/"},{"@type":"ListItem","position":2,"name":"Bras de fer entre la HAC et la presse :\u00a0le ministre de la Communication donne sa position\u00a0"}]},{"@type":"WebSite","@id":"https:\/\/guineediversite.com\/#website","url":"https:\/\/guineediversite.com\/","name":"Guin\u00e9e Diversit\u00e9","description":"L&#039;Info dans toute sa diversit\u00e9","publisher":{"@id":"https:\/\/guineediversite.com\/#organization"},"potentialAction":[{"@type":"SearchAction","target":{"@type":"EntryPoint","urlTemplate":"https:\/\/guineediversite.com\/?s={search_term_string}"},"query-input":{"@type":"PropertyValueSpecification","valueRequired":true,"valueName":"search_term_string"}}],"inLanguage":"fr-FR"},{"@type":"Organization","@id":"https:\/\/guineediversite.com\/#organization","name":"Guin\u00e9e Diversit\u00e9","url":"https:\/\/guineediversite.com\/","logo":{"@type":"ImageObject","inLanguage":"fr-FR","@id":"https:\/\/guineediversite.com\/#\/schema\/logo\/image\/","url":"https:\/\/guineediversite.com\/wp-content\/uploads\/2017\/04\/cropped-1jojlxEOMkX9Wyqfhe43D6kjPOGqBBKmx3EwWJqZ0cMrFF54yM49.png","contentUrl":"https:\/\/guineediversite.com\/wp-content\/uploads\/2017\/04\/cropped-1jojlxEOMkX9Wyqfhe43D6kjPOGqBBKmx3EwWJqZ0cMrFF54yM49.png","width":186,"height":112,"caption":"Guin\u00e9e Diversit\u00e9"},"image":{"@id":"https:\/\/guineediversite.com\/#\/schema\/logo\/image\/"},"sameAs":["https:\/\/www.facebook.com\/guineediversite\/","https:\/\/x.com\/GuineeDiversite","https:\/\/www.youtube.com\/channel\/UC8sUY16qelG5ge6_D5SB83g"]},{"@type":"Person","@id":"https:\/\/guineediversite.com\/#\/schema\/person\/079ec347f72d2acde4b56a50a4fd46dc","name":"Moussa Mo\u00efse K\u00e9ita","image":{"@type":"ImageObject","inLanguage":"fr-FR","@id":"https:\/\/guineediversite.com\/#\/schema\/person\/image\/","url":"https:\/\/secure.gravatar.com\/avatar\/edf1ea2cc01841e6c0b49384bcb1385b?s=96&d=mm&r=g","contentUrl":"https:\/\/secure.gravatar.com\/avatar\/edf1ea2cc01841e6c0b49384bcb1385b?s=96&d=mm&r=g","caption":"Moussa Mo\u00efse K\u00e9ita"},"url":"https:\/\/guineediversite.com\/index.php\/author\/moussa-moise\/"}]}},"_links":{"self":[{"href":"https:\/\/guineediversite.com\/index.php\/wp-json\/wp\/v2\/posts\/22823"}],"collection":[{"href":"https:\/\/guineediversite.com\/index.php\/wp-json\/wp\/v2\/posts"}],"about":[{"href":"https:\/\/guineediversite.com\/index.php\/wp-json\/wp\/v2\/types\/post"}],"author":[{"embeddable":true,"href":"https:\/\/guineediversite.com\/index.php\/wp-json\/wp\/v2\/users\/16"}],"replies":[{"embeddable":true,"href":"https:\/\/guineediversite.com\/index.php\/wp-json\/wp\/v2\/comments?post=22823"}],"version-history":[{"count":0,"href":"https:\/\/guineediversite.com\/index.php\/wp-json\/wp\/v2\/posts\/22823\/revisions"}],"wp:featuredmedia":[{"embeddable":true,"href":"https:\/\/guineediversite.com\/index.php\/wp-json\/wp\/v2\/media\/22824"}],"wp:attachment":[{"href":"https:\/\/guineediversite.com\/index.php\/wp-json\/wp\/v2\/media?parent=22823"}],"wp:term":[{"taxonomy":"category","embeddable":true,"href":"https:\/\/guineediversite.com\/index.php\/wp-json\/wp\/v2\/categories?post=22823"},{"taxonomy":"post_tag","embeddable":true,"href":"https:\/\/guineediversite.com\/index.php\/wp-json\/wp\/v2\/tags?post=22823"}],"curies":[{"name":"wp","href":"https:\/\/api.w.org\/{rel}","templated":true}]}}