{"id":22812,"date":"2017-11-08T16:57:19","date_gmt":"2017-11-08T15:57:19","guid":{"rendered":"https:\/\/guineediversite.com\/?p=22812"},"modified":"2017-11-08T17:01:28","modified_gmt":"2017-11-08T16:01:28","slug":"jeunes-activistes-guineens-climat-defendent-leurs-projets-a-bonn","status":"publish","type":"post","link":"https:\/\/guineediversite.com\/index.php\/2017\/11\/08\/jeunes-activistes-guineens-climat-defendent-leurs-projets-a-bonn\/","title":{"rendered":"Des jeunes activistes Guin\u00e9ens du climat d\u00e9fendent leurs projets \u00e0 Bonn\u00a0"},"content":{"rendered":"<p><strong><span id=\"p16\">La\u00a0<span id=\"45\" class=\"s-rg-t\">COP23<\/span>\u00a0se poursuit \u00e0 Bonn en Allemagne.<\/span><span id=\"p17\">\u00a0Les jeunes activistes du climat haussent le ton \u00e0 travers leurs diff\u00e9rents projets.<\/span><span id=\"p18\">\u00a0Ils se montrent tr\u00e8s d\u00e9termin\u00e9s \u00e0 prendre part aux n\u00e9gociations et \u00e0 influencer les d\u00e9cideurs dans la prise de d\u00e9cision.<\/span><\/strong><span id=\"p19\"><strong>\u00a0<\/strong><\/span><\/p>\n<p>Ces jeunes Guin\u00e9ens ne sont pas en marge de ce mouvement jeune mondial.<span id=\"p20\">\u00a0Le climat de plan\u00e8te s\u2019est modifi\u00e9 par les causes naturelles, mais les r\u00e9chauffements climatiques actuels sont dus \u00e0 l\u2019augmentation du dioxyde de carbone\u00a0<span id=\"p15\">(<span id=\"44\" class=\"s-rg-t\">CO2<\/span>)<\/span>.<\/span><span id=\"p21\">\u00a0Ce ph\u00e9nom\u00e8ne se fait ressentir en Guin\u00e9e ou des pratiques nuisibles pour l\u2019environnement sont signal\u00e9es.<\/span><\/p>\n<p><span id=\"p22\">\u00a0Fatoumata\u00a0<span id=\"47\" class=\"s-rg-t\">Stell<\/span>\u00a0Cont\u00e9, responsable \u00e0 Guin\u00e9e \u00e9cologie revient sur\u00a0<span id=\"48\" class=\"s-or-t\">quelques unes<\/span>\u00a0:<\/span><span id=\"p23\">\u00a0<span id=\"50\" class=\"s-bl-t\">\u00ab<em>La<\/em><\/span><em>\u00a0Guin\u00e9e a beaucoup ressenti le changement climatique \u00e0 travers le d\u00e9boisement, il y a aussi le fait que dans notre pays, nous avons de vieilles voitures qui circulent tout en d\u00e9gageant des fum\u00e9s noirs qui polluent l\u2019environnement.<\/em><\/span><em><span id=\"p24\">\u00a0Nous avons tous constat\u00e9 que cette ann\u00e9e, il a moins plu pendant la saison hivernale \u00e0 Conakry.<\/span><span id=\"p25\">\u00a0Au mois d\u2019octobre par exemple, les maisons \u00e9taient invivables \u00e0 cause de la chaleur.<\/span><span id=\"p26\">\u00bb\u00a0<\/span><\/em><\/p>\n<p><a href=\"\/\/guineediversite.com.bwjx4292.odns.fr\/index.php\/2017\/11\/08\/allemagne-cop-23-a-bonn-guinee-quasi-absente-aux-negociations\/\">Lire aussi: Allemagne Cop 23 \u00e0 Bonn : la Guin\u00e9e quasi-absente aux n\u00e9gociations<\/a><\/p>\n<p><span id=\"p27\">L\u2019un des facteurs qui contribue le plus \u00e0 la pollution de l\u2019environnement dans le pays, reste et demeure l\u2019insalubrit\u00e9.<\/span><span id=\"p28\">\u00a0Une situation que d\u00e9nonce et condamne la jeune activiste :<\/span><span id=\"p29\">\u00a0<span id=\"52\" class=\"s-bl-t\">\u00ab<em>La<\/em><\/span><em>\u00a0Guin\u00e9e est trop sale et la gestion des ordures pause des probl\u00e8mes.<\/em><\/span><em><span id=\"p30\">\u00a0Pourtant, les ordures d\u00e9gagent le\u00a0<span id=\"55\" class=\"s-rg-t\">CO2<\/span>\u00a0et la chaleur.<\/span><span id=\"p75\">\u00a0Donc, naturellement, elles polluent l\u2019environnement et l\u2019\u00e9cosyst\u00e8me.<\/span><span id=\"p32\">\u00bb<\/span><\/em><\/p>\n<p><span id=\"p33\">Pour r\u00e9soudre ce fameux probl\u00e8me li\u00e9 \u00e0 la gestion des ordures en Guin\u00e9e, Fatoumata\u00a0<span id=\"57\" class=\"s-rg-t\">Stell<\/span>\u00a0Cont\u00e9 \u00e0 travers son ONG est \u00e0 la\u00a0<span id=\"58\" class=\"s-rg-t\">COP23<\/span>\u00a0pour d\u00e9fendre un projet allant dans ce sens :<\/span><span id=\"p34\">\u00a0\u00ab<em>Je suis venue \u00e0\u00a0<span id=\"59\" class=\"s-rg-t\">la COP<\/span>\u00a0avec un projet que je compte pr\u00e9senter aux partenaires.<\/em><\/span><em><span id=\"p76\">\u00a0C\u2019est un projet concernant le tri des ordures.<\/span><span id=\"p36\">En\u00a0<span id=\"62\" class=\"s-bl-t\">Allemagne ici<\/span>, les ordures sont\u00a0tri\u00e9es\u00a0partout, m\u00eame dans les\u00a0maisons, on\u00a0voit qu\u2019il y a une partie ou il faut mettre les d\u00e9chets plastics, une autre pour les d\u00e9chets papiers et un lieu pour les d\u00e9chets biod\u00e9gradables.<\/span><\/em><span id=\"p37\"><em>\u00bb<\/em><\/span><\/p>\n<p>D&rsquo;autres ONG guin\u00e9ennes et la soci\u00e9t\u00e9 civile sont \u00e9galement \u00e0 Bonn pour discuter sur comment r\u00e9duire l\u2019\u00e9mission des gaz \u00e0 effet de serre en de\u00e7\u00e0 de 2\u00b0C.<\/p>\n","protected":false},"excerpt":{"rendered":"<p>La\u00a0COP23\u00a0se poursuit \u00e0 Bonn en Allemagne.\u00a0Les jeunes activistes du climat haussent le ton \u00e0 travers leurs diff\u00e9rents projets.\u00a0Ils se montrent tr\u00e8s d\u00e9termin\u00e9s \u00e0 prendre part aux n\u00e9gociations et \u00e0 influencer les d\u00e9cideurs dans la prise de d\u00e9cision.\u00a0 Ces jeunes Guin\u00e9ens ne sont pas en marge de ce mouvement jeune mondial.\u00a0Le climat de plan\u00e8te s\u2019est modifi\u00e9 [&hellip;]<\/p>\n","protected":false},"author":17,"featured_media":22813,"comment_status":"closed","ping_status":"closed","sticky":false,"template":"","format":"standard","meta":{"_exactmetrics_skip_tracking":false,"_exactmetrics_sitenote_active":false,"_exactmetrics_sitenote_note":"","_exactmetrics_sitenote_category":0,"tdm_status":"","tdm_grid_status":"","footnotes":""},"categories":[21,16],"tags":[328,329,327,41],"class_list":{"0":"post-22812","1":"post","2":"type-post","3":"status-publish","4":"format-standard","5":"has-post-thumbnail","7":"category-international","8":"category-societe","9":"tag-allemagne","10":"tag-climat","11":"tag-cop-23","12":"tag-guinee"},"yoast_head":"<!-- This site is optimized with the Yoast SEO plugin v24.2 - https:\/\/yoast.com\/wordpress\/plugins\/seo\/ -->\n<title>Des jeunes activistes Guin\u00e9ens du climat d\u00e9fendent leurs projets \u00e0 Bonn\u00a0 | Guin\u00e9e Diversit\u00e9<\/title>\n<meta name=\"robots\" content=\"index, follow, max-snippet:-1, max-image-preview:large, max-video-preview:-1\" \/>\n<link rel=\"canonical\" href=\"https:\/\/guineediversite.com\/index.php\/2017\/11\/08\/jeunes-activistes-guineens-climat-defendent-leurs-projets-a-bonn\/\" \/>\n<meta property=\"og:locale\" content=\"fr_FR\" \/>\n<meta property=\"og:type\" content=\"article\" \/>\n<meta property=\"og:title\" content=\"Des jeunes activistes Guin\u00e9ens du climat d\u00e9fendent leurs projets \u00e0 Bonn\u00a0 | Guin\u00e9e Diversit\u00e9\" \/>\n<meta property=\"og:description\" content=\"La\u00a0COP23\u00a0se poursuit \u00e0 Bonn en Allemagne.\u00a0Les jeunes activistes du climat haussent le ton \u00e0 travers leurs diff\u00e9rents projets.\u00a0Ils se montrent tr\u00e8s d\u00e9termin\u00e9s \u00e0 prendre part aux n\u00e9gociations et \u00e0 influencer les d\u00e9cideurs dans la prise de d\u00e9cision.\u00a0 Ces jeunes Guin\u00e9ens ne sont pas en marge de ce mouvement jeune mondial.\u00a0Le climat de plan\u00e8te s\u2019est modifi\u00e9 [&hellip;]\" \/>\n<meta property=\"og:url\" content=\"https:\/\/guineediversite.com\/index.php\/2017\/11\/08\/jeunes-activistes-guineens-climat-defendent-leurs-projets-a-bonn\/\" \/>\n<meta property=\"og:site_name\" content=\"Guin\u00e9e Diversit\u00e9\" \/>\n<meta property=\"article:publisher\" content=\"https:\/\/www.facebook.com\/guineediversite\/\" \/>\n<meta property=\"article:published_time\" content=\"2017-11-08T15:57:19+00:00\" \/>\n<meta property=\"article:modified_time\" content=\"2017-11-08T16:01:28+00:00\" \/>\n<meta property=\"og:image\" content=\"https:\/\/guineediversite.com\/wp-content\/uploads\/2017\/11\/cop23_photo03-1024x768.jpg\" \/>\n\t<meta property=\"og:image:width\" content=\"1024\" \/>\n\t<meta property=\"og:image:height\" content=\"768\" \/>\n\t<meta property=\"og:image:type\" content=\"image\/jpeg\" \/>\n<meta name=\"author\" content=\"Diaraye Guirassy\" \/>\n<meta name=\"twitter:card\" content=\"summary_large_image\" \/>\n<meta name=\"twitter:creator\" content=\"@GuineeDiversite\" \/>\n<meta name=\"twitter:site\" content=\"@GuineeDiversite\" \/>\n<meta name=\"twitter:label1\" content=\"\u00c9crit par\" \/>\n\t<meta name=\"twitter:data1\" content=\"Diaraye Guirassy\" \/>\n\t<meta name=\"twitter:label2\" content=\"Dur\u00e9e de lecture estim\u00e9e\" \/>\n\t<meta name=\"twitter:data2\" content=\"2 minutes\" \/>\n<script type=\"application\/ld+json\" class=\"yoast-schema-graph\">{\"@context\":\"https:\/\/schema.org\",\"@graph\":[{\"@type\":\"Article\",\"@id\":\"https:\/\/guineediversite.com\/index.php\/2017\/11\/08\/jeunes-activistes-guineens-climat-defendent-leurs-projets-a-bonn\/#article\",\"isPartOf\":{\"@id\":\"https:\/\/guineediversite.com\/index.php\/2017\/11\/08\/jeunes-activistes-guineens-climat-defendent-leurs-projets-a-bonn\/\"},\"author\":{\"name\":\"Diaraye Guirassy\",\"@id\":\"https:\/\/guineediversite.com\/#\/schema\/person\/f69ebb1835c8052ac00dfe4d0ae488a8\"},\"headline\":\"Des jeunes activistes Guin\u00e9ens du climat d\u00e9fendent leurs projets \u00e0 Bonn\u00a0\",\"datePublished\":\"2017-11-08T15:57:19+00:00\",\"dateModified\":\"2017-11-08T16:01:28+00:00\",\"mainEntityOfPage\":{\"@id\":\"https:\/\/guineediversite.com\/index.php\/2017\/11\/08\/jeunes-activistes-guineens-climat-defendent-leurs-projets-a-bonn\/\"},\"wordCount\":412,\"publisher\":{\"@id\":\"https:\/\/guineediversite.com\/#organization\"},\"image\":{\"@id\":\"https:\/\/guineediversite.com\/index.php\/2017\/11\/08\/jeunes-activistes-guineens-climat-defendent-leurs-projets-a-bonn\/#primaryimage\"},\"thumbnailUrl\":\"https:\/\/guineediversite.com\/wp-content\/uploads\/2017\/11\/cop23_photo03-1024x768.jpg\",\"keywords\":[\"Allemagne\",\"Climat\",\"COP 23\",\"Guin\u00e9e\"],\"articleSection\":[\"International\",\"Soci\u00e9t\u00e9\"],\"inLanguage\":\"fr-FR\"},{\"@type\":\"WebPage\",\"@id\":\"https:\/\/guineediversite.com\/index.php\/2017\/11\/08\/jeunes-activistes-guineens-climat-defendent-leurs-projets-a-bonn\/\",\"url\":\"https:\/\/guineediversite.com\/index.php\/2017\/11\/08\/jeunes-activistes-guineens-climat-defendent-leurs-projets-a-bonn\/\",\"name\":\"Des jeunes activistes Guin\u00e9ens du climat d\u00e9fendent leurs projets \u00e0 Bonn\u00a0 | Guin\u00e9e Diversit\u00e9\",\"isPartOf\":{\"@id\":\"https:\/\/guineediversite.com\/#website\"},\"primaryImageOfPage\":{\"@id\":\"https:\/\/guineediversite.com\/index.php\/2017\/11\/08\/jeunes-activistes-guineens-climat-defendent-leurs-projets-a-bonn\/#primaryimage\"},\"image\":{\"@id\":\"https:\/\/guineediversite.com\/index.php\/2017\/11\/08\/jeunes-activistes-guineens-climat-defendent-leurs-projets-a-bonn\/#primaryimage\"},\"thumbnailUrl\":\"https:\/\/guineediversite.com\/wp-content\/uploads\/2017\/11\/cop23_photo03-1024x768.jpg\",\"datePublished\":\"2017-11-08T15:57:19+00:00\",\"dateModified\":\"2017-11-08T16:01:28+00:00\",\"breadcrumb\":{\"@id\":\"https:\/\/guineediversite.com\/index.php\/2017\/11\/08\/jeunes-activistes-guineens-climat-defendent-leurs-projets-a-bonn\/#breadcrumb\"},\"inLanguage\":\"fr-FR\",\"potentialAction\":[{\"@type\":\"ReadAction\",\"target\":[\"https:\/\/guineediversite.com\/index.php\/2017\/11\/08\/jeunes-activistes-guineens-climat-defendent-leurs-projets-a-bonn\/\"]}]},{\"@type\":\"ImageObject\",\"inLanguage\":\"fr-FR\",\"@id\":\"https:\/\/guineediversite.com\/index.php\/2017\/11\/08\/jeunes-activistes-guineens-climat-defendent-leurs-projets-a-bonn\/#primaryimage\",\"url\":\"https:\/\/guineediversite.com\/wp-content\/uploads\/2017\/11\/cop23_photo03-1024x768.jpg\",\"contentUrl\":\"https:\/\/guineediversite.com\/wp-content\/uploads\/2017\/11\/cop23_photo03-1024x768.jpg\",\"width\":1024,\"height\":768},{\"@type\":\"BreadcrumbList\",\"@id\":\"https:\/\/guineediversite.com\/index.php\/2017\/11\/08\/jeunes-activistes-guineens-climat-defendent-leurs-projets-a-bonn\/#breadcrumb\",\"itemListElement\":[{\"@type\":\"ListItem\",\"position\":1,\"name\":\"Accueil\",\"item\":\"https:\/\/guineediversite.com\/\"},{\"@type\":\"ListItem\",\"position\":2,\"name\":\"Des jeunes activistes Guin\u00e9ens du climat d\u00e9fendent leurs projets \u00e0 Bonn\u00a0\"}]},{\"@type\":\"WebSite\",\"@id\":\"https:\/\/guineediversite.com\/#website\",\"url\":\"https:\/\/guineediversite.com\/\",\"name\":\"Guin\u00e9e Diversit\u00e9\",\"description\":\"L&#039;Info dans toute sa diversit\u00e9\",\"publisher\":{\"@id\":\"https:\/\/guineediversite.com\/#organization\"},\"potentialAction\":[{\"@type\":\"SearchAction\",\"target\":{\"@type\":\"EntryPoint\",\"urlTemplate\":\"https:\/\/guineediversite.com\/?s={search_term_string}\"},\"query-input\":{\"@type\":\"PropertyValueSpecification\",\"valueRequired\":true,\"valueName\":\"search_term_string\"}}],\"inLanguage\":\"fr-FR\"},{\"@type\":\"Organization\",\"@id\":\"https:\/\/guineediversite.com\/#organization\",\"name\":\"Guin\u00e9e Diversit\u00e9\",\"url\":\"https:\/\/guineediversite.com\/\",\"logo\":{\"@type\":\"ImageObject\",\"inLanguage\":\"fr-FR\",\"@id\":\"https:\/\/guineediversite.com\/#\/schema\/logo\/image\/\",\"url\":\"https:\/\/guineediversite.com\/wp-content\/uploads\/2017\/04\/cropped-1jojlxEOMkX9Wyqfhe43D6kjPOGqBBKmx3EwWJqZ0cMrFF54yM49.png\",\"contentUrl\":\"https:\/\/guineediversite.com\/wp-content\/uploads\/2017\/04\/cropped-1jojlxEOMkX9Wyqfhe43D6kjPOGqBBKmx3EwWJqZ0cMrFF54yM49.png\",\"width\":186,\"height\":112,\"caption\":\"Guin\u00e9e Diversit\u00e9\"},\"image\":{\"@id\":\"https:\/\/guineediversite.com\/#\/schema\/logo\/image\/\"},\"sameAs\":[\"https:\/\/www.facebook.com\/guineediversite\/\",\"https:\/\/x.com\/GuineeDiversite\",\"https:\/\/www.youtube.com\/channel\/UC8sUY16qelG5ge6_D5SB83g\"]},{\"@type\":\"Person\",\"@id\":\"https:\/\/guineediversite.com\/#\/schema\/person\/f69ebb1835c8052ac00dfe4d0ae488a8\",\"name\":\"Diaraye Guirassy\",\"image\":{\"@type\":\"ImageObject\",\"inLanguage\":\"fr-FR\",\"@id\":\"https:\/\/guineediversite.com\/#\/schema\/person\/image\/\",\"url\":\"https:\/\/secure.gravatar.com\/avatar\/d72966230e92113cba29ea060394d485?s=96&d=mm&r=g\",\"contentUrl\":\"https:\/\/secure.gravatar.com\/avatar\/d72966230e92113cba29ea060394d485?s=96&d=mm&r=g\",\"caption\":\"Diaraye Guirassy\"},\"url\":\"https:\/\/guineediversite.com\/index.php\/author\/diaraye\/\"}]}<\/script>\n<!-- \/ Yoast SEO plugin. -->","yoast_head_json":{"title":"Des jeunes activistes Guin\u00e9ens du climat d\u00e9fendent leurs projets \u00e0 Bonn\u00a0 | Guin\u00e9e Diversit\u00e9","robots":{"index":"index","follow":"follow","max-snippet":"max-snippet:-1","max-image-preview":"max-image-preview:large","max-video-preview":"max-video-preview:-1"},"canonical":"https:\/\/guineediversite.com\/index.php\/2017\/11\/08\/jeunes-activistes-guineens-climat-defendent-leurs-projets-a-bonn\/","og_locale":"fr_FR","og_type":"article","og_title":"Des jeunes activistes Guin\u00e9ens du climat d\u00e9fendent leurs projets \u00e0 Bonn\u00a0 | Guin\u00e9e Diversit\u00e9","og_description":"La\u00a0COP23\u00a0se poursuit \u00e0 Bonn en Allemagne.\u00a0Les jeunes activistes du climat haussent le ton \u00e0 travers leurs diff\u00e9rents projets.\u00a0Ils se montrent tr\u00e8s d\u00e9termin\u00e9s \u00e0 prendre part aux n\u00e9gociations et \u00e0 influencer les d\u00e9cideurs dans la prise de d\u00e9cision.\u00a0 Ces jeunes Guin\u00e9ens ne sont pas en marge de ce mouvement jeune mondial.\u00a0Le climat de plan\u00e8te s\u2019est modifi\u00e9 [&hellip;]","og_url":"https:\/\/guineediversite.com\/index.php\/2017\/11\/08\/jeunes-activistes-guineens-climat-defendent-leurs-projets-a-bonn\/","og_site_name":"Guin\u00e9e Diversit\u00e9","article_publisher":"https:\/\/www.facebook.com\/guineediversite\/","article_published_time":"2017-11-08T15:57:19+00:00","article_modified_time":"2017-11-08T16:01:28+00:00","og_image":[{"width":1024,"height":768,"url":"https:\/\/guineediversite.com\/wp-content\/uploads\/2017\/11\/cop23_photo03-1024x768.jpg","type":"image\/jpeg"}],"author":"Diaraye Guirassy","twitter_card":"summary_large_image","twitter_creator":"@GuineeDiversite","twitter_site":"@GuineeDiversite","twitter_misc":{"\u00c9crit par":"Diaraye Guirassy","Dur\u00e9e de lecture estim\u00e9e":"2 minutes"},"schema":{"@context":"https:\/\/schema.org","@graph":[{"@type":"Article","@id":"https:\/\/guineediversite.com\/index.php\/2017\/11\/08\/jeunes-activistes-guineens-climat-defendent-leurs-projets-a-bonn\/#article","isPartOf":{"@id":"https:\/\/guineediversite.com\/index.php\/2017\/11\/08\/jeunes-activistes-guineens-climat-defendent-leurs-projets-a-bonn\/"},"author":{"name":"Diaraye Guirassy","@id":"https:\/\/guineediversite.com\/#\/schema\/person\/f69ebb1835c8052ac00dfe4d0ae488a8"},"headline":"Des jeunes activistes Guin\u00e9ens du climat d\u00e9fendent leurs projets \u00e0 Bonn\u00a0","datePublished":"2017-11-08T15:57:19+00:00","dateModified":"2017-11-08T16:01:28+00:00","mainEntityOfPage":{"@id":"https:\/\/guineediversite.com\/index.php\/2017\/11\/08\/jeunes-activistes-guineens-climat-defendent-leurs-projets-a-bonn\/"},"wordCount":412,"publisher":{"@id":"https:\/\/guineediversite.com\/#organization"},"image":{"@id":"https:\/\/guineediversite.com\/index.php\/2017\/11\/08\/jeunes-activistes-guineens-climat-defendent-leurs-projets-a-bonn\/#primaryimage"},"thumbnailUrl":"https:\/\/guineediversite.com\/wp-content\/uploads\/2017\/11\/cop23_photo03-1024x768.jpg","keywords":["Allemagne","Climat","COP 23","Guin\u00e9e"],"articleSection":["International","Soci\u00e9t\u00e9"],"inLanguage":"fr-FR"},{"@type":"WebPage","@id":"https:\/\/guineediversite.com\/index.php\/2017\/11\/08\/jeunes-activistes-guineens-climat-defendent-leurs-projets-a-bonn\/","url":"https:\/\/guineediversite.com\/index.php\/2017\/11\/08\/jeunes-activistes-guineens-climat-defendent-leurs-projets-a-bonn\/","name":"Des jeunes activistes Guin\u00e9ens du climat d\u00e9fendent leurs projets \u00e0 Bonn\u00a0 | Guin\u00e9e Diversit\u00e9","isPartOf":{"@id":"https:\/\/guineediversite.com\/#website"},"primaryImageOfPage":{"@id":"https:\/\/guineediversite.com\/index.php\/2017\/11\/08\/jeunes-activistes-guineens-climat-defendent-leurs-projets-a-bonn\/#primaryimage"},"image":{"@id":"https:\/\/guineediversite.com\/index.php\/2017\/11\/08\/jeunes-activistes-guineens-climat-defendent-leurs-projets-a-bonn\/#primaryimage"},"thumbnailUrl":"https:\/\/guineediversite.com\/wp-content\/uploads\/2017\/11\/cop23_photo03-1024x768.jpg","datePublished":"2017-11-08T15:57:19+00:00","dateModified":"2017-11-08T16:01:28+00:00","breadcrumb":{"@id":"https:\/\/guineediversite.com\/index.php\/2017\/11\/08\/jeunes-activistes-guineens-climat-defendent-leurs-projets-a-bonn\/#breadcrumb"},"inLanguage":"fr-FR","potentialAction":[{"@type":"ReadAction","target":["https:\/\/guineediversite.com\/index.php\/2017\/11\/08\/jeunes-activistes-guineens-climat-defendent-leurs-projets-a-bonn\/"]}]},{"@type":"ImageObject","inLanguage":"fr-FR","@id":"https:\/\/guineediversite.com\/index.php\/2017\/11\/08\/jeunes-activistes-guineens-climat-defendent-leurs-projets-a-bonn\/#primaryimage","url":"https:\/\/guineediversite.com\/wp-content\/uploads\/2017\/11\/cop23_photo03-1024x768.jpg","contentUrl":"https:\/\/guineediversite.com\/wp-content\/uploads\/2017\/11\/cop23_photo03-1024x768.jpg","width":1024,"height":768},{"@type":"BreadcrumbList","@id":"https:\/\/guineediversite.com\/index.php\/2017\/11\/08\/jeunes-activistes-guineens-climat-defendent-leurs-projets-a-bonn\/#breadcrumb","itemListElement":[{"@type":"ListItem","position":1,"name":"Accueil","item":"https:\/\/guineediversite.com\/"},{"@type":"ListItem","position":2,"name":"Des jeunes activistes Guin\u00e9ens du climat d\u00e9fendent leurs projets \u00e0 Bonn\u00a0"}]},{"@type":"WebSite","@id":"https:\/\/guineediversite.com\/#website","url":"https:\/\/guineediversite.com\/","name":"Guin\u00e9e Diversit\u00e9","description":"L&#039;Info dans toute sa diversit\u00e9","publisher":{"@id":"https:\/\/guineediversite.com\/#organization"},"potentialAction":[{"@type":"SearchAction","target":{"@type":"EntryPoint","urlTemplate":"https:\/\/guineediversite.com\/?s={search_term_string}"},"query-input":{"@type":"PropertyValueSpecification","valueRequired":true,"valueName":"search_term_string"}}],"inLanguage":"fr-FR"},{"@type":"Organization","@id":"https:\/\/guineediversite.com\/#organization","name":"Guin\u00e9e Diversit\u00e9","url":"https:\/\/guineediversite.com\/","logo":{"@type":"ImageObject","inLanguage":"fr-FR","@id":"https:\/\/guineediversite.com\/#\/schema\/logo\/image\/","url":"https:\/\/guineediversite.com\/wp-content\/uploads\/2017\/04\/cropped-1jojlxEOMkX9Wyqfhe43D6kjPOGqBBKmx3EwWJqZ0cMrFF54yM49.png","contentUrl":"https:\/\/guineediversite.com\/wp-content\/uploads\/2017\/04\/cropped-1jojlxEOMkX9Wyqfhe43D6kjPOGqBBKmx3EwWJqZ0cMrFF54yM49.png","width":186,"height":112,"caption":"Guin\u00e9e Diversit\u00e9"},"image":{"@id":"https:\/\/guineediversite.com\/#\/schema\/logo\/image\/"},"sameAs":["https:\/\/www.facebook.com\/guineediversite\/","https:\/\/x.com\/GuineeDiversite","https:\/\/www.youtube.com\/channel\/UC8sUY16qelG5ge6_D5SB83g"]},{"@type":"Person","@id":"https:\/\/guineediversite.com\/#\/schema\/person\/f69ebb1835c8052ac00dfe4d0ae488a8","name":"Diaraye Guirassy","image":{"@type":"ImageObject","inLanguage":"fr-FR","@id":"https:\/\/guineediversite.com\/#\/schema\/person\/image\/","url":"https:\/\/secure.gravatar.com\/avatar\/d72966230e92113cba29ea060394d485?s=96&d=mm&r=g","contentUrl":"https:\/\/secure.gravatar.com\/avatar\/d72966230e92113cba29ea060394d485?s=96&d=mm&r=g","caption":"Diaraye Guirassy"},"url":"https:\/\/guineediversite.com\/index.php\/author\/diaraye\/"}]}},"_links":{"self":[{"href":"https:\/\/guineediversite.com\/index.php\/wp-json\/wp\/v2\/posts\/22812"}],"collection":[{"href":"https:\/\/guineediversite.com\/index.php\/wp-json\/wp\/v2\/posts"}],"about":[{"href":"https:\/\/guineediversite.com\/index.php\/wp-json\/wp\/v2\/types\/post"}],"author":[{"embeddable":true,"href":"https:\/\/guineediversite.com\/index.php\/wp-json\/wp\/v2\/users\/17"}],"replies":[{"embeddable":true,"href":"https:\/\/guineediversite.com\/index.php\/wp-json\/wp\/v2\/comments?post=22812"}],"version-history":[{"count":0,"href":"https:\/\/guineediversite.com\/index.php\/wp-json\/wp\/v2\/posts\/22812\/revisions"}],"wp:featuredmedia":[{"embeddable":true,"href":"https:\/\/guineediversite.com\/index.php\/wp-json\/wp\/v2\/media\/22813"}],"wp:attachment":[{"href":"https:\/\/guineediversite.com\/index.php\/wp-json\/wp\/v2\/media?parent=22812"}],"wp:term":[{"taxonomy":"category","embeddable":true,"href":"https:\/\/guineediversite.com\/index.php\/wp-json\/wp\/v2\/categories?post=22812"},{"taxonomy":"post_tag","embeddable":true,"href":"https:\/\/guineediversite.com\/index.php\/wp-json\/wp\/v2\/tags?post=22812"}],"curies":[{"name":"wp","href":"https:\/\/api.w.org\/{rel}","templated":true}]}}