{"id":22809,"date":"2017-11-08T16:49:26","date_gmt":"2017-11-08T15:49:26","guid":{"rendered":"https:\/\/guineediversite.com\/?p=22809"},"modified":"2017-11-08T17:03:43","modified_gmt":"2017-11-08T16:03:43","slug":"allemagne-cop-23-a-bonn-guinee-quasi-absente-aux-negociations","status":"publish","type":"post","link":"https:\/\/guineediversite.com\/index.php\/2017\/11\/08\/allemagne-cop-23-a-bonn-guinee-quasi-absente-aux-negociations\/","title":{"rendered":"Allemagne\u00a0Cop\u00a023 \u00e0 Bonn :\u00a0la Guin\u00e9e quasi-absente aux n\u00e9gociations"},"content":{"rendered":"<p><strong><span id=\"p2\">La\u00a0<span id=\"46\" class=\"s-rg-t\">COP23<\/span>\u00a0a d\u00e9bute lundi 06 novembre \u00e0 Bonn en Allemagne.<\/span><span id=\"p72\">\u00a0Plusieurs pays prennent part \u00e0 cette rencontre internationale y compris la Guin\u00e9e.<\/span><span id=\"p4\">\u00a0Mais quelle sera la participation du pays d\u2019Alpha Cond\u00e9 \u00e0 cette\u00a0<span id=\"65\">23 \u00e8me<\/span>\u00a0conf\u00e9rence des parties de la\u00a0<span id=\"66\">convention cadre<\/span>\u00a0des nations-unies ?<\/span><span id=\"p5\">\u00a0La question circule sur les l\u00e8vres des Guin\u00e9ens pr\u00e9sent \u00e0 Bonn o\u00f9 des centaines de milliers de personnes venues du monde discutent du changement climatique.<\/span><\/strong><span id=\"p6\"><strong>\u00a0<\/strong><\/span><\/p>\n<p>Pendant deux semaines, les participants vont essayer de trouver des voies et moyens permettant de r\u00e9duire l\u2019\u00e9mission des gaz \u00e0 effet de serre en de\u00e7\u00e0 de 2\u00b0C pour sauver la plan\u00e8te \u00ab terre \u00bb.<span id=\"p7\">\u00a0Parmi les participants \u00e0 cette\u00a0<span id=\"67\">COP23<\/span>,\u00a0figurent\u00a0les\u00a0Am\u00e9ricains, malgr\u00e9 le retrait de leur pays de l\u2019accord de Paris.<\/span><span id=\"p8\">\u00a0Mais que dire de la participation de la Guin\u00e9e et sa contribution \u00e0\u00a0<span id=\"70\" class=\"s-rg-t\">cette COP<\/span>, et bien, la donne n\u2019a pas du tout chang\u00e9e.<\/span><span id=\"p9\"><\/span><\/p>\n<p><a href=\"https:\/\/guineediversite.com.bwjx4292.odns.fr\/index.php\/2017\/11\/08\/jeunes-activistes-guineens-climat-defendent-leurs-projets-a-bonn\/\">Lire aussi<\/a>\u00a0<strong>Des jeunes activistes Guin\u00e9ens du climat d\u00e9fendent leurs projets \u00e0 Bonn\u00a0<\/strong><\/p>\n<p>Cette ann\u00e9e comme les pr\u00e9c\u00e9dentes, on pourrait s\u2019attendre \u00e0 une morosit\u00e9.<span id=\"p10\">\u00a0Le pays est quasiment absent des n\u00e9gociations.<\/span><span id=\"p11\">\u00a0Dans plusieurs plateformes ou groupes de n\u00e9gociation, l\u2019on d\u00e9note la pr\u00e9sence de la Guin\u00e9e.<\/span><span id=\"p73\">\u00a0Pour le moment, on se demande si toutefois le minist\u00e8re guin\u00e9en en charge de l\u2019Environnement a des projets \u00e0 soumettre ou s\u2019il a des membres qui, pour la circonstance prendront part aux diff\u00e9rentes n\u00e9gociations.<\/span><span id=\"p74\"><\/span><\/p>\n<p>\u00c0 l\u2019allure o\u00f9 vont les choses, le pays du pr\u00e9sident de l\u2019initiative sur les \u00e9nergies renouvelables en Afrique pourrait devenir un b\u00e9ni \u00ab oui \u00bb de la situation, parce qu\u2019il n\u2019aura qu\u2019\u00e0 approuver et accepter la d\u00e9cision finale qui d\u00e9coulera des n\u00e9gociations sans m\u00eame dire un mot.<\/p>\n","protected":false},"excerpt":{"rendered":"<p>La\u00a0COP23\u00a0a d\u00e9bute lundi 06 novembre \u00e0 Bonn en Allemagne.\u00a0Plusieurs pays prennent part \u00e0 cette rencontre internationale y compris la Guin\u00e9e.\u00a0Mais quelle sera la participation du pays d\u2019Alpha Cond\u00e9 \u00e0 cette\u00a023 \u00e8me\u00a0conf\u00e9rence des parties de la\u00a0convention cadre\u00a0des nations-unies ?\u00a0La question circule sur les l\u00e8vres des Guin\u00e9ens pr\u00e9sent \u00e0 Bonn o\u00f9 des centaines de milliers de personnes [&hellip;]<\/p>\n","protected":false},"author":17,"featured_media":22810,"comment_status":"closed","ping_status":"closed","sticky":false,"template":"","format":"standard","meta":{"_exactmetrics_skip_tracking":false,"_exactmetrics_sitenote_active":false,"_exactmetrics_sitenote_note":"","_exactmetrics_sitenote_category":0,"tdm_status":"","tdm_grid_status":"","footnotes":""},"categories":[21,16],"tags":[328,329,327],"class_list":{"0":"post-22809","1":"post","2":"type-post","3":"status-publish","4":"format-standard","5":"has-post-thumbnail","7":"category-international","8":"category-societe","9":"tag-allemagne","10":"tag-climat","11":"tag-cop-23"},"yoast_head":"<!-- This site is optimized with the Yoast SEO plugin v24.2 - https:\/\/yoast.com\/wordpress\/plugins\/seo\/ -->\n<title>Allemagne\u00a0Cop\u00a023 \u00e0 Bonn :\u00a0la Guin\u00e9e quasi-absente aux n\u00e9gociations | Guin\u00e9e Diversit\u00e9<\/title>\n<meta name=\"robots\" content=\"index, follow, max-snippet:-1, max-image-preview:large, max-video-preview:-1\" \/>\n<link rel=\"canonical\" href=\"https:\/\/guineediversite.com\/index.php\/2017\/11\/08\/allemagne-cop-23-a-bonn-guinee-quasi-absente-aux-negociations\/\" \/>\n<meta property=\"og:locale\" content=\"fr_FR\" \/>\n<meta property=\"og:type\" content=\"article\" \/>\n<meta property=\"og:title\" content=\"Allemagne\u00a0Cop\u00a023 \u00e0 Bonn :\u00a0la Guin\u00e9e quasi-absente aux n\u00e9gociations | Guin\u00e9e Diversit\u00e9\" \/>\n<meta property=\"og:description\" content=\"La\u00a0COP23\u00a0a d\u00e9bute lundi 06 novembre \u00e0 Bonn en Allemagne.\u00a0Plusieurs pays prennent part \u00e0 cette rencontre internationale y compris la Guin\u00e9e.\u00a0Mais quelle sera la participation du pays d\u2019Alpha Cond\u00e9 \u00e0 cette\u00a023 \u00e8me\u00a0conf\u00e9rence des parties de la\u00a0convention cadre\u00a0des nations-unies ?\u00a0La question circule sur les l\u00e8vres des Guin\u00e9ens pr\u00e9sent \u00e0 Bonn o\u00f9 des centaines de milliers de personnes [&hellip;]\" \/>\n<meta property=\"og:url\" content=\"https:\/\/guineediversite.com\/index.php\/2017\/11\/08\/allemagne-cop-23-a-bonn-guinee-quasi-absente-aux-negociations\/\" \/>\n<meta property=\"og:site_name\" content=\"Guin\u00e9e Diversit\u00e9\" \/>\n<meta property=\"article:publisher\" content=\"https:\/\/www.facebook.com\/guineediversite\/\" \/>\n<meta property=\"article:published_time\" content=\"2017-11-08T15:49:26+00:00\" \/>\n<meta property=\"article:modified_time\" content=\"2017-11-08T16:03:43+00:00\" \/>\n<meta property=\"og:image\" content=\"https:\/\/guineediversite.com\/wp-content\/uploads\/2017\/11\/20171027_unfccc_news_featured.jpg\" \/>\n\t<meta property=\"og:image:width\" content=\"1440\" \/>\n\t<meta property=\"og:image:height\" content=\"960\" \/>\n\t<meta property=\"og:image:type\" content=\"image\/jpeg\" \/>\n<meta name=\"author\" content=\"Diaraye Guirassy\" \/>\n<meta name=\"twitter:card\" content=\"summary_large_image\" \/>\n<meta name=\"twitter:creator\" content=\"@GuineeDiversite\" \/>\n<meta name=\"twitter:site\" content=\"@GuineeDiversite\" \/>\n<meta name=\"twitter:label1\" content=\"\u00c9crit par\" \/>\n\t<meta name=\"twitter:data1\" content=\"Diaraye Guirassy\" \/>\n\t<meta name=\"twitter:label2\" content=\"Dur\u00e9e de lecture estim\u00e9e\" \/>\n\t<meta name=\"twitter:data2\" content=\"1 minute\" \/>\n<script type=\"application\/ld+json\" class=\"yoast-schema-graph\">{\"@context\":\"https:\/\/schema.org\",\"@graph\":[{\"@type\":\"Article\",\"@id\":\"https:\/\/guineediversite.com\/index.php\/2017\/11\/08\/allemagne-cop-23-a-bonn-guinee-quasi-absente-aux-negociations\/#article\",\"isPartOf\":{\"@id\":\"https:\/\/guineediversite.com\/index.php\/2017\/11\/08\/allemagne-cop-23-a-bonn-guinee-quasi-absente-aux-negociations\/\"},\"author\":{\"name\":\"Diaraye Guirassy\",\"@id\":\"https:\/\/guineediversite.com\/#\/schema\/person\/f69ebb1835c8052ac00dfe4d0ae488a8\"},\"headline\":\"Allemagne\u00a0Cop\u00a023 \u00e0 Bonn :\u00a0la Guin\u00e9e quasi-absente aux n\u00e9gociations\",\"datePublished\":\"2017-11-08T15:49:26+00:00\",\"dateModified\":\"2017-11-08T16:03:43+00:00\",\"mainEntityOfPage\":{\"@id\":\"https:\/\/guineediversite.com\/index.php\/2017\/11\/08\/allemagne-cop-23-a-bonn-guinee-quasi-absente-aux-negociations\/\"},\"wordCount\":309,\"publisher\":{\"@id\":\"https:\/\/guineediversite.com\/#organization\"},\"image\":{\"@id\":\"https:\/\/guineediversite.com\/index.php\/2017\/11\/08\/allemagne-cop-23-a-bonn-guinee-quasi-absente-aux-negociations\/#primaryimage\"},\"thumbnailUrl\":\"https:\/\/guineediversite.com\/wp-content\/uploads\/2017\/11\/20171027_unfccc_news_featured.jpg\",\"keywords\":[\"Allemagne\",\"Climat\",\"COP 23\"],\"articleSection\":[\"International\",\"Soci\u00e9t\u00e9\"],\"inLanguage\":\"fr-FR\"},{\"@type\":\"WebPage\",\"@id\":\"https:\/\/guineediversite.com\/index.php\/2017\/11\/08\/allemagne-cop-23-a-bonn-guinee-quasi-absente-aux-negociations\/\",\"url\":\"https:\/\/guineediversite.com\/index.php\/2017\/11\/08\/allemagne-cop-23-a-bonn-guinee-quasi-absente-aux-negociations\/\",\"name\":\"Allemagne\u00a0Cop\u00a023 \u00e0 Bonn :\u00a0la Guin\u00e9e quasi-absente aux n\u00e9gociations | Guin\u00e9e Diversit\u00e9\",\"isPartOf\":{\"@id\":\"https:\/\/guineediversite.com\/#website\"},\"primaryImageOfPage\":{\"@id\":\"https:\/\/guineediversite.com\/index.php\/2017\/11\/08\/allemagne-cop-23-a-bonn-guinee-quasi-absente-aux-negociations\/#primaryimage\"},\"image\":{\"@id\":\"https:\/\/guineediversite.com\/index.php\/2017\/11\/08\/allemagne-cop-23-a-bonn-guinee-quasi-absente-aux-negociations\/#primaryimage\"},\"thumbnailUrl\":\"https:\/\/guineediversite.com\/wp-content\/uploads\/2017\/11\/20171027_unfccc_news_featured.jpg\",\"datePublished\":\"2017-11-08T15:49:26+00:00\",\"dateModified\":\"2017-11-08T16:03:43+00:00\",\"breadcrumb\":{\"@id\":\"https:\/\/guineediversite.com\/index.php\/2017\/11\/08\/allemagne-cop-23-a-bonn-guinee-quasi-absente-aux-negociations\/#breadcrumb\"},\"inLanguage\":\"fr-FR\",\"potentialAction\":[{\"@type\":\"ReadAction\",\"target\":[\"https:\/\/guineediversite.com\/index.php\/2017\/11\/08\/allemagne-cop-23-a-bonn-guinee-quasi-absente-aux-negociations\/\"]}]},{\"@type\":\"ImageObject\",\"inLanguage\":\"fr-FR\",\"@id\":\"https:\/\/guineediversite.com\/index.php\/2017\/11\/08\/allemagne-cop-23-a-bonn-guinee-quasi-absente-aux-negociations\/#primaryimage\",\"url\":\"https:\/\/guineediversite.com\/wp-content\/uploads\/2017\/11\/20171027_unfccc_news_featured.jpg\",\"contentUrl\":\"https:\/\/guineediversite.com\/wp-content\/uploads\/2017\/11\/20171027_unfccc_news_featured.jpg\",\"width\":1440,\"height\":960},{\"@type\":\"BreadcrumbList\",\"@id\":\"https:\/\/guineediversite.com\/index.php\/2017\/11\/08\/allemagne-cop-23-a-bonn-guinee-quasi-absente-aux-negociations\/#breadcrumb\",\"itemListElement\":[{\"@type\":\"ListItem\",\"position\":1,\"name\":\"Accueil\",\"item\":\"https:\/\/guineediversite.com\/\"},{\"@type\":\"ListItem\",\"position\":2,\"name\":\"Allemagne\u00a0Cop\u00a023 \u00e0 Bonn :\u00a0la Guin\u00e9e quasi-absente aux n\u00e9gociations\"}]},{\"@type\":\"WebSite\",\"@id\":\"https:\/\/guineediversite.com\/#website\",\"url\":\"https:\/\/guineediversite.com\/\",\"name\":\"Guin\u00e9e Diversit\u00e9\",\"description\":\"L&#039;Info dans toute sa diversit\u00e9\",\"publisher\":{\"@id\":\"https:\/\/guineediversite.com\/#organization\"},\"potentialAction\":[{\"@type\":\"SearchAction\",\"target\":{\"@type\":\"EntryPoint\",\"urlTemplate\":\"https:\/\/guineediversite.com\/?s={search_term_string}\"},\"query-input\":{\"@type\":\"PropertyValueSpecification\",\"valueRequired\":true,\"valueName\":\"search_term_string\"}}],\"inLanguage\":\"fr-FR\"},{\"@type\":\"Organization\",\"@id\":\"https:\/\/guineediversite.com\/#organization\",\"name\":\"Guin\u00e9e Diversit\u00e9\",\"url\":\"https:\/\/guineediversite.com\/\",\"logo\":{\"@type\":\"ImageObject\",\"inLanguage\":\"fr-FR\",\"@id\":\"https:\/\/guineediversite.com\/#\/schema\/logo\/image\/\",\"url\":\"https:\/\/guineediversite.com\/wp-content\/uploads\/2017\/04\/cropped-1jojlxEOMkX9Wyqfhe43D6kjPOGqBBKmx3EwWJqZ0cMrFF54yM49.png\",\"contentUrl\":\"https:\/\/guineediversite.com\/wp-content\/uploads\/2017\/04\/cropped-1jojlxEOMkX9Wyqfhe43D6kjPOGqBBKmx3EwWJqZ0cMrFF54yM49.png\",\"width\":186,\"height\":112,\"caption\":\"Guin\u00e9e Diversit\u00e9\"},\"image\":{\"@id\":\"https:\/\/guineediversite.com\/#\/schema\/logo\/image\/\"},\"sameAs\":[\"https:\/\/www.facebook.com\/guineediversite\/\",\"https:\/\/x.com\/GuineeDiversite\",\"https:\/\/www.youtube.com\/channel\/UC8sUY16qelG5ge6_D5SB83g\"]},{\"@type\":\"Person\",\"@id\":\"https:\/\/guineediversite.com\/#\/schema\/person\/f69ebb1835c8052ac00dfe4d0ae488a8\",\"name\":\"Diaraye Guirassy\",\"image\":{\"@type\":\"ImageObject\",\"inLanguage\":\"fr-FR\",\"@id\":\"https:\/\/guineediversite.com\/#\/schema\/person\/image\/\",\"url\":\"https:\/\/secure.gravatar.com\/avatar\/d72966230e92113cba29ea060394d485?s=96&d=mm&r=g\",\"contentUrl\":\"https:\/\/secure.gravatar.com\/avatar\/d72966230e92113cba29ea060394d485?s=96&d=mm&r=g\",\"caption\":\"Diaraye Guirassy\"},\"url\":\"https:\/\/guineediversite.com\/index.php\/author\/diaraye\/\"}]}<\/script>\n<!-- \/ Yoast SEO plugin. -->","yoast_head_json":{"title":"Allemagne\u00a0Cop\u00a023 \u00e0 Bonn :\u00a0la Guin\u00e9e quasi-absente aux n\u00e9gociations | Guin\u00e9e Diversit\u00e9","robots":{"index":"index","follow":"follow","max-snippet":"max-snippet:-1","max-image-preview":"max-image-preview:large","max-video-preview":"max-video-preview:-1"},"canonical":"https:\/\/guineediversite.com\/index.php\/2017\/11\/08\/allemagne-cop-23-a-bonn-guinee-quasi-absente-aux-negociations\/","og_locale":"fr_FR","og_type":"article","og_title":"Allemagne\u00a0Cop\u00a023 \u00e0 Bonn :\u00a0la Guin\u00e9e quasi-absente aux n\u00e9gociations | Guin\u00e9e Diversit\u00e9","og_description":"La\u00a0COP23\u00a0a d\u00e9bute lundi 06 novembre \u00e0 Bonn en Allemagne.\u00a0Plusieurs pays prennent part \u00e0 cette rencontre internationale y compris la Guin\u00e9e.\u00a0Mais quelle sera la participation du pays d\u2019Alpha Cond\u00e9 \u00e0 cette\u00a023 \u00e8me\u00a0conf\u00e9rence des parties de la\u00a0convention cadre\u00a0des nations-unies ?\u00a0La question circule sur les l\u00e8vres des Guin\u00e9ens pr\u00e9sent \u00e0 Bonn o\u00f9 des centaines de milliers de personnes [&hellip;]","og_url":"https:\/\/guineediversite.com\/index.php\/2017\/11\/08\/allemagne-cop-23-a-bonn-guinee-quasi-absente-aux-negociations\/","og_site_name":"Guin\u00e9e Diversit\u00e9","article_publisher":"https:\/\/www.facebook.com\/guineediversite\/","article_published_time":"2017-11-08T15:49:26+00:00","article_modified_time":"2017-11-08T16:03:43+00:00","og_image":[{"width":1440,"height":960,"url":"https:\/\/guineediversite.com\/wp-content\/uploads\/2017\/11\/20171027_unfccc_news_featured.jpg","type":"image\/jpeg"}],"author":"Diaraye Guirassy","twitter_card":"summary_large_image","twitter_creator":"@GuineeDiversite","twitter_site":"@GuineeDiversite","twitter_misc":{"\u00c9crit par":"Diaraye Guirassy","Dur\u00e9e de lecture estim\u00e9e":"1 minute"},"schema":{"@context":"https:\/\/schema.org","@graph":[{"@type":"Article","@id":"https:\/\/guineediversite.com\/index.php\/2017\/11\/08\/allemagne-cop-23-a-bonn-guinee-quasi-absente-aux-negociations\/#article","isPartOf":{"@id":"https:\/\/guineediversite.com\/index.php\/2017\/11\/08\/allemagne-cop-23-a-bonn-guinee-quasi-absente-aux-negociations\/"},"author":{"name":"Diaraye Guirassy","@id":"https:\/\/guineediversite.com\/#\/schema\/person\/f69ebb1835c8052ac00dfe4d0ae488a8"},"headline":"Allemagne\u00a0Cop\u00a023 \u00e0 Bonn :\u00a0la Guin\u00e9e quasi-absente aux n\u00e9gociations","datePublished":"2017-11-08T15:49:26+00:00","dateModified":"2017-11-08T16:03:43+00:00","mainEntityOfPage":{"@id":"https:\/\/guineediversite.com\/index.php\/2017\/11\/08\/allemagne-cop-23-a-bonn-guinee-quasi-absente-aux-negociations\/"},"wordCount":309,"publisher":{"@id":"https:\/\/guineediversite.com\/#organization"},"image":{"@id":"https:\/\/guineediversite.com\/index.php\/2017\/11\/08\/allemagne-cop-23-a-bonn-guinee-quasi-absente-aux-negociations\/#primaryimage"},"thumbnailUrl":"https:\/\/guineediversite.com\/wp-content\/uploads\/2017\/11\/20171027_unfccc_news_featured.jpg","keywords":["Allemagne","Climat","COP 23"],"articleSection":["International","Soci\u00e9t\u00e9"],"inLanguage":"fr-FR"},{"@type":"WebPage","@id":"https:\/\/guineediversite.com\/index.php\/2017\/11\/08\/allemagne-cop-23-a-bonn-guinee-quasi-absente-aux-negociations\/","url":"https:\/\/guineediversite.com\/index.php\/2017\/11\/08\/allemagne-cop-23-a-bonn-guinee-quasi-absente-aux-negociations\/","name":"Allemagne\u00a0Cop\u00a023 \u00e0 Bonn :\u00a0la Guin\u00e9e quasi-absente aux n\u00e9gociations | Guin\u00e9e Diversit\u00e9","isPartOf":{"@id":"https:\/\/guineediversite.com\/#website"},"primaryImageOfPage":{"@id":"https:\/\/guineediversite.com\/index.php\/2017\/11\/08\/allemagne-cop-23-a-bonn-guinee-quasi-absente-aux-negociations\/#primaryimage"},"image":{"@id":"https:\/\/guineediversite.com\/index.php\/2017\/11\/08\/allemagne-cop-23-a-bonn-guinee-quasi-absente-aux-negociations\/#primaryimage"},"thumbnailUrl":"https:\/\/guineediversite.com\/wp-content\/uploads\/2017\/11\/20171027_unfccc_news_featured.jpg","datePublished":"2017-11-08T15:49:26+00:00","dateModified":"2017-11-08T16:03:43+00:00","breadcrumb":{"@id":"https:\/\/guineediversite.com\/index.php\/2017\/11\/08\/allemagne-cop-23-a-bonn-guinee-quasi-absente-aux-negociations\/#breadcrumb"},"inLanguage":"fr-FR","potentialAction":[{"@type":"ReadAction","target":["https:\/\/guineediversite.com\/index.php\/2017\/11\/08\/allemagne-cop-23-a-bonn-guinee-quasi-absente-aux-negociations\/"]}]},{"@type":"ImageObject","inLanguage":"fr-FR","@id":"https:\/\/guineediversite.com\/index.php\/2017\/11\/08\/allemagne-cop-23-a-bonn-guinee-quasi-absente-aux-negociations\/#primaryimage","url":"https:\/\/guineediversite.com\/wp-content\/uploads\/2017\/11\/20171027_unfccc_news_featured.jpg","contentUrl":"https:\/\/guineediversite.com\/wp-content\/uploads\/2017\/11\/20171027_unfccc_news_featured.jpg","width":1440,"height":960},{"@type":"BreadcrumbList","@id":"https:\/\/guineediversite.com\/index.php\/2017\/11\/08\/allemagne-cop-23-a-bonn-guinee-quasi-absente-aux-negociations\/#breadcrumb","itemListElement":[{"@type":"ListItem","position":1,"name":"Accueil","item":"https:\/\/guineediversite.com\/"},{"@type":"ListItem","position":2,"name":"Allemagne\u00a0Cop\u00a023 \u00e0 Bonn :\u00a0la Guin\u00e9e quasi-absente aux n\u00e9gociations"}]},{"@type":"WebSite","@id":"https:\/\/guineediversite.com\/#website","url":"https:\/\/guineediversite.com\/","name":"Guin\u00e9e Diversit\u00e9","description":"L&#039;Info dans toute sa diversit\u00e9","publisher":{"@id":"https:\/\/guineediversite.com\/#organization"},"potentialAction":[{"@type":"SearchAction","target":{"@type":"EntryPoint","urlTemplate":"https:\/\/guineediversite.com\/?s={search_term_string}"},"query-input":{"@type":"PropertyValueSpecification","valueRequired":true,"valueName":"search_term_string"}}],"inLanguage":"fr-FR"},{"@type":"Organization","@id":"https:\/\/guineediversite.com\/#organization","name":"Guin\u00e9e Diversit\u00e9","url":"https:\/\/guineediversite.com\/","logo":{"@type":"ImageObject","inLanguage":"fr-FR","@id":"https:\/\/guineediversite.com\/#\/schema\/logo\/image\/","url":"https:\/\/guineediversite.com\/wp-content\/uploads\/2017\/04\/cropped-1jojlxEOMkX9Wyqfhe43D6kjPOGqBBKmx3EwWJqZ0cMrFF54yM49.png","contentUrl":"https:\/\/guineediversite.com\/wp-content\/uploads\/2017\/04\/cropped-1jojlxEOMkX9Wyqfhe43D6kjPOGqBBKmx3EwWJqZ0cMrFF54yM49.png","width":186,"height":112,"caption":"Guin\u00e9e Diversit\u00e9"},"image":{"@id":"https:\/\/guineediversite.com\/#\/schema\/logo\/image\/"},"sameAs":["https:\/\/www.facebook.com\/guineediversite\/","https:\/\/x.com\/GuineeDiversite","https:\/\/www.youtube.com\/channel\/UC8sUY16qelG5ge6_D5SB83g"]},{"@type":"Person","@id":"https:\/\/guineediversite.com\/#\/schema\/person\/f69ebb1835c8052ac00dfe4d0ae488a8","name":"Diaraye Guirassy","image":{"@type":"ImageObject","inLanguage":"fr-FR","@id":"https:\/\/guineediversite.com\/#\/schema\/person\/image\/","url":"https:\/\/secure.gravatar.com\/avatar\/d72966230e92113cba29ea060394d485?s=96&d=mm&r=g","contentUrl":"https:\/\/secure.gravatar.com\/avatar\/d72966230e92113cba29ea060394d485?s=96&d=mm&r=g","caption":"Diaraye Guirassy"},"url":"https:\/\/guineediversite.com\/index.php\/author\/diaraye\/"}]}},"_links":{"self":[{"href":"https:\/\/guineediversite.com\/index.php\/wp-json\/wp\/v2\/posts\/22809"}],"collection":[{"href":"https:\/\/guineediversite.com\/index.php\/wp-json\/wp\/v2\/posts"}],"about":[{"href":"https:\/\/guineediversite.com\/index.php\/wp-json\/wp\/v2\/types\/post"}],"author":[{"embeddable":true,"href":"https:\/\/guineediversite.com\/index.php\/wp-json\/wp\/v2\/users\/17"}],"replies":[{"embeddable":true,"href":"https:\/\/guineediversite.com\/index.php\/wp-json\/wp\/v2\/comments?post=22809"}],"version-history":[{"count":0,"href":"https:\/\/guineediversite.com\/index.php\/wp-json\/wp\/v2\/posts\/22809\/revisions"}],"wp:featuredmedia":[{"embeddable":true,"href":"https:\/\/guineediversite.com\/index.php\/wp-json\/wp\/v2\/media\/22810"}],"wp:attachment":[{"href":"https:\/\/guineediversite.com\/index.php\/wp-json\/wp\/v2\/media?parent=22809"}],"wp:term":[{"taxonomy":"category","embeddable":true,"href":"https:\/\/guineediversite.com\/index.php\/wp-json\/wp\/v2\/categories?post=22809"},{"taxonomy":"post_tag","embeddable":true,"href":"https:\/\/guineediversite.com\/index.php\/wp-json\/wp\/v2\/tags?post=22809"}],"curies":[{"name":"wp","href":"https:\/\/api.w.org\/{rel}","templated":true}]}}