{"id":22700,"date":"2017-11-01T23:16:29","date_gmt":"2017-11-01T22:16:29","guid":{"rendered":"https:\/\/guineediversite.com\/?p=22700"},"modified":"2017-11-01T23:16:29","modified_gmt":"2017-11-01T22:16:29","slug":"59-ans-de-larmee-guineenne-bilan-perspectives","status":"publish","type":"post","link":"https:\/\/guineediversite.com\/index.php\/2017\/11\/01\/59-ans-de-larmee-guineenne-bilan-perspectives\/","title":{"rendered":"59 ans de l&rsquo;arm\u00e9e guin\u00e9enne: bilan et perspectives"},"content":{"rendered":"<p><strong><span id=\"p1\">Aucune garnison militaire du pays n\u2019a fait exception ce mercredi \u00e0 la c\u00e9l\u00e9bration du\u00a0<span id=\"26\">59e\u00a0<\/span>\u00a0anniversaire de la cr\u00e9ation de l\u2019arm\u00e9e Guin\u00e9enne.<\/span><span id=\"p2\"><br \/>\n<\/span><\/strong><br \/>\n<span id=\"p3\">Au bataillon du quartier g\u00e9n\u00e9ral du Camp\u00a0<span id=\"68\" class=\"s-rg-t\">Almamy<\/span>\u00a0<span id=\"69\" class=\"s-rg-t\">Samory<\/span>\u00a0Tour\u00e9, c\u2019est le ministre d\u2019Etat en charge de la D\u00e9fense Mohamed\u00a0<span id=\"70\" class=\"s-rg-t\">Dian\u00e9<\/span>\u00a0qui a pr\u00e9sid\u00e9 la dite c\u00e9r\u00e9monie.<\/span><br \/>\n<span id=\"p4\">Une c\u00e9r\u00e9monie qui marque un pas\u00a0<span id=\"71\" class=\"s-rg-t\">d\u00e9cisif<\/span>\u00a0dans la reforme de l&rsquo;arm\u00e9e guin\u00e9enne, aux yeux des autorit\u00e9s actuelles.<\/span><span id=\"p5\">\u00a0C\u2019est pourquoi dans son discours d\u2019ouverture, le Chef de corps de bataillon du quartier g\u00e9n\u00e9ral du Camp\u00a0<span id=\"72\" class=\"s-rg-t\">Almamy<\/span>\u00a0<span id=\"73\" class=\"s-rg-t\">Samory<\/span>\u00a0Tour\u00e9 a rendu un hommage m\u00e9rit\u00e9 aux illustres disparus\u00a0de 1958\u00a0\u00e0 nos jours.<\/span><span id=\"p6\">\u00a0Il est en outre revenu sur quelques reformes engag\u00e9es depuis l\u2019av\u00e8nement de la troisi\u00e8me R\u00e9publique.<\/span><span id=\"p7\">\u00a0<\/span><span id=\"p8\">Des reformes qui vont du statut g\u00e9n\u00e9ral au statut particulier des militaires et des codes de justices militaires.<\/span><span id=\"p9\"><span id=\"79\">\u00a0Ce<\/span>\u00a0sont entre autres, la mise en place d&rsquo;un comit\u00e9 technique sectoriel de d\u00e9fense, cellule de r\u00e9flexion de production et d&rsquo;orientation, la mise \u00e0 la retraite d&rsquo;un\u00a0<span id=\"76\">certains<\/span>\u00a0nombre de\u00a0militaires\u00a0frapp\u00e9s par la limite d&rsquo;\u00e2ge et l&rsquo;anciennet\u00e9 de service.<br \/>\n<\/span><br \/>\n<span id=\"p80\">Au cours de cette c\u00e9l\u00e9bration, des d\u00e9monstrations dans la pratique des arts martiaux et quelques techniques de lutte ont \u00e9t\u00e9 faites pour contenter les invit\u00e9s venus pour la circonstance.<\/span><span id=\"p81\">\u00a0Les autorit\u00e9s militaires ont proc\u00e9d\u00e9 \u00e0 l&rsquo;occasion du m\u00eame \u00e9v\u00e9nement \u00e0 l\u2019inauguration de la station d\u2019essence dans le dit camp.<\/span><span id=\"p12\">\u00a0<\/span><br \/>\n<span id=\"p13\">Le Colonel\u00a0<span id=\"31\" class=\"s-rg-t\">Mamadouba<\/span>\u00a0Sylla qui a indiqu\u00e9 que le commandement du bataillon du quartier g\u00e9n\u00e9ral souhaite la relance des travaux de r\u00e9novation des deux bunkers de 200 places servant de logement aux officiers et \u00e0 d&rsquo;autres travailleurs, mais\u00a0aussi la\u00a0transformation de\u00a0la cuisine\u00a0du\u00a0camp \u00e0\u00a0un foyer de soldat et la mise en place d&rsquo;une salle de sport.<\/span><span id=\"p14\"><br \/>\n<\/span><br \/>\n<span id=\"p15\"><span id=\"38\" class=\"s-rg-t\">Mamadouba<\/span>\u00a0Sylla a rappel\u00e9 que \u00ab <em>l&rsquo;arm\u00e9e guin\u00e9enne est cr\u00e9\u00e9e en \u00e9troite collaboration \u00e0 la date historique et l\u00e9gendaire de 1958, \u00e0 cette date, les dignes fils prenaient la responsabilit\u00e9 de sortir la Guin\u00e9e de 60 ans de domination et de colonisation.<\/em><\/span><em><span id=\"p16\">\u00a0D\u00e8s lors les jeunes Guin\u00e9ens servaient sous les drapeaux ont abandonn\u00e9s tous les avantages de la m\u00e9tropole pour r\u00e9pondre \u00e0 l&rsquo;appel des nouvelles autorit\u00e9s sous la conduite du pr\u00e9sident Ahmed S\u00e9kou Tour\u00e9.<\/span><\/em><span id=\"p17\"><em>\u00a0Parmi ces jeunes, nous pouvons citer le capitaine\u00a0<span id=\"39\" class=\"s-rg-t\">Noumandja<\/span>\u00a0<span id=\"40\" class=\"s-rg-t\">Keita<\/span>, le lieutenant\u00a0<span id=\"41\" class=\"s-rg-t\">Kaman<\/span>\u00a0<span id=\"42\" class=\"s-rg-t\">Diaby<\/span>, le lieutenant Alpha Oumar\u00a0<span id=\"43\" class=\"s-rg-t\">Barou<\/span>\u00a0<span id=\"44\" class=\"s-rg-t\">Diallo<\/span>, le lieutenant\u00a0<span id=\"45\" class=\"s-or-t\">N<\/span>&lsquo;<span id=\"46\" class=\"s-rg-t\">namory<\/span>\u00a0<span id=\"47\" class=\"s-rg-t\">Keita<\/span>, Sergent\u00a0<span id=\"48\" class=\"s-rg-t\">Lansana<\/span>\u00a0Cont\u00e9, sergent\u00a0<span id=\"49\" class=\"s-rg-t\">Fod\u00e9<\/span>\u00a0<span id=\"50\" class=\"s-rg-t\">Komanya<\/span>\u00a0<span id=\"51\" class=\"s-rg-t\">Camara<\/span>, sergent\u00a0<span id=\"52\" class=\"s-rg-t\">Sory<\/span>\u00a0<span id=\"53\" class=\"s-rg-t\">Doumbouya<\/span>, sergent\u00a0<span id=\"54\" class=\"s-rg-t\">Lansana<\/span>\u00a0Cond\u00e9, sergent\u00a0<span id=\"55\" class=\"s-rg-t\">Bailo<\/span>\u00a0<span id=\"56\" class=\"s-rg-t\">Diallo<\/span>\u00a0<\/em>\u00bb, \u00e0\u00a0<span id=\"57\" class=\"s-rg-t\">t-il<\/span>\u00a0d\u00e9clar\u00e9.<\/span><span id=\"p18\">\u00a0<\/span><\/p>\n<p><span id=\"p19\">La c\u00e9l\u00e9bration des 59 ans d&rsquo;existence de l&rsquo;arm\u00e9e guin\u00e9enne a\u00a0connu\u00a0\u00e9galement la pr\u00e9sence de quelques anciens militaires au camp\u00a0<span id=\"59\" class=\"s-rg-t\">Samory<\/span>.<\/span><span id=\"p20\">\u00a0C&rsquo;est le cas du G\u00e9n\u00e9ral de brigade\u00a0<span id=\"60\" class=\"s-rg-t\">Kerfala<\/span>\u00a0<span id=\"61\" class=\"s-rg-t\">Souar\u00e9<\/span>\u00a0l\u2019un des 22 g\u00e9n\u00e9raux mis \u00e0 la retraite sous l\u2019\u00e8re du\u00a0<span id=\"62\" class=\"s-rg-t\">CNDD<\/span>\u00a0qui est venu suivre de pr\u00e8s le d\u00e9roulement de\u00a0cette c\u00e9l\u00e9bration\u00a0de l\u2019arm\u00e9e guin\u00e9enne dont il a servi.<\/span><span id=\"p21\">\u00a0Nostalgique des temps, il confie :<\/span><span id=\"p22\">\u00a0\u00ab <em>Je suis en parti satisfait pour la premi\u00e8re fois, on nous invite officiellement \u00e0 venir assister \u00e0 la f\u00eate du 1er novembre marquant la c\u00e9l\u00e9bration de la cr\u00e9ation de l&rsquo;arm\u00e9e Guin\u00e9enne.<\/em><\/span><em><span id=\"p82\">\u00a0Personnellement, j&rsquo;\u00e9tais frustr\u00e9 au point de vue moral, car on \u00e9tait jet\u00e9 comme une peau de banane ou d&rsquo;orange.\u00bb<br \/>\n<\/span><\/em><br \/>\n<span id=\"p24\">Avec une oreille attentive le\u00a0ministre de la D\u00e9fense\u00a0Mohamed\u00a0<span id=\"67\" class=\"s-rg-t\">Dian\u00e9<\/span>\u00a0dit prendre note de toutes ces remarques et promet de les transmettre \u00e0 qui de droit.<\/span><span id=\"p25\">\u00a0<\/span><\/p>\n","protected":false},"excerpt":{"rendered":"<p>Aucune garnison militaire du pays n\u2019a fait exception ce mercredi \u00e0 la c\u00e9l\u00e9bration du\u00a059e\u00a0\u00a0anniversaire de la cr\u00e9ation de l\u2019arm\u00e9e Guin\u00e9enne. Au bataillon du quartier g\u00e9n\u00e9ral du Camp\u00a0Almamy\u00a0Samory\u00a0Tour\u00e9, c\u2019est le ministre d\u2019Etat en charge de la D\u00e9fense Mohamed\u00a0Dian\u00e9\u00a0qui a pr\u00e9sid\u00e9 la dite c\u00e9r\u00e9monie. Une c\u00e9r\u00e9monie qui marque un pas\u00a0d\u00e9cisif\u00a0dans la reforme de l&rsquo;arm\u00e9e guin\u00e9enne, aux yeux [&hellip;]<\/p>\n","protected":false},"author":14,"featured_media":22701,"comment_status":"closed","ping_status":"closed","sticky":false,"template":"","format":"standard","meta":{"_exactmetrics_skip_tracking":false,"_exactmetrics_sitenote_active":false,"_exactmetrics_sitenote_note":"","_exactmetrics_sitenote_category":0,"tdm_status":"","tdm_grid_status":"","footnotes":""},"categories":[14,16],"tags":[],"class_list":{"0":"post-22700","1":"post","2":"type-post","3":"status-publish","4":"format-standard","5":"has-post-thumbnail","7":"category-politique","8":"category-societe"},"yoast_head":"<!-- This site is optimized with the Yoast SEO plugin v24.2 - https:\/\/yoast.com\/wordpress\/plugins\/seo\/ -->\n<title>59 ans de l&#039;arm\u00e9e guin\u00e9enne: bilan et perspectives | Guin\u00e9e Diversit\u00e9<\/title>\n<meta name=\"robots\" content=\"index, follow, max-snippet:-1, max-image-preview:large, max-video-preview:-1\" \/>\n<link rel=\"canonical\" href=\"https:\/\/guineediversite.com\/index.php\/2017\/11\/01\/59-ans-de-larmee-guineenne-bilan-perspectives\/\" \/>\n<meta property=\"og:locale\" content=\"fr_FR\" \/>\n<meta property=\"og:type\" content=\"article\" \/>\n<meta property=\"og:title\" content=\"59 ans de l&#039;arm\u00e9e guin\u00e9enne: bilan et perspectives | Guin\u00e9e Diversit\u00e9\" \/>\n<meta property=\"og:description\" content=\"Aucune garnison militaire du pays n\u2019a fait exception ce mercredi \u00e0 la c\u00e9l\u00e9bration du\u00a059e\u00a0\u00a0anniversaire de la cr\u00e9ation de l\u2019arm\u00e9e Guin\u00e9enne. Au bataillon du quartier g\u00e9n\u00e9ral du Camp\u00a0Almamy\u00a0Samory\u00a0Tour\u00e9, c\u2019est le ministre d\u2019Etat en charge de la D\u00e9fense Mohamed\u00a0Dian\u00e9\u00a0qui a pr\u00e9sid\u00e9 la dite c\u00e9r\u00e9monie. Une c\u00e9r\u00e9monie qui marque un pas\u00a0d\u00e9cisif\u00a0dans la reforme de l&rsquo;arm\u00e9e guin\u00e9enne, aux yeux [&hellip;]\" \/>\n<meta property=\"og:url\" content=\"https:\/\/guineediversite.com\/index.php\/2017\/11\/01\/59-ans-de-larmee-guineenne-bilan-perspectives\/\" \/>\n<meta property=\"og:site_name\" content=\"Guin\u00e9e Diversit\u00e9\" \/>\n<meta property=\"article:publisher\" content=\"https:\/\/www.facebook.com\/guineediversite\/\" \/>\n<meta property=\"article:published_time\" content=\"2017-11-01T22:16:29+00:00\" \/>\n<meta property=\"og:image\" content=\"https:\/\/guineediversite.com\/wp-content\/uploads\/2017\/11\/images.jpg\" \/>\n\t<meta property=\"og:image:width\" content=\"1024\" \/>\n\t<meta property=\"og:image:height\" content=\"575\" \/>\n\t<meta property=\"og:image:type\" content=\"image\/jpeg\" \/>\n<meta name=\"author\" content=\"Lazare Bangoura\" \/>\n<meta name=\"twitter:card\" content=\"summary_large_image\" \/>\n<meta name=\"twitter:creator\" content=\"@GuineeDiversite\" \/>\n<meta name=\"twitter:site\" content=\"@GuineeDiversite\" \/>\n<meta name=\"twitter:label1\" content=\"\u00c9crit par\" \/>\n\t<meta name=\"twitter:data1\" content=\"Lazare Bangoura\" \/>\n\t<meta name=\"twitter:label2\" content=\"Dur\u00e9e de lecture estim\u00e9e\" \/>\n\t<meta name=\"twitter:data2\" content=\"3 minutes\" \/>\n<script type=\"application\/ld+json\" class=\"yoast-schema-graph\">{\"@context\":\"https:\/\/schema.org\",\"@graph\":[{\"@type\":\"Article\",\"@id\":\"https:\/\/guineediversite.com\/index.php\/2017\/11\/01\/59-ans-de-larmee-guineenne-bilan-perspectives\/#article\",\"isPartOf\":{\"@id\":\"https:\/\/guineediversite.com\/index.php\/2017\/11\/01\/59-ans-de-larmee-guineenne-bilan-perspectives\/\"},\"author\":{\"name\":\"Lazare Bangoura\",\"@id\":\"https:\/\/guineediversite.com\/#\/schema\/person\/c915f4424a17926ee4510e6abdfdc2a5\"},\"headline\":\"59 ans de l&rsquo;arm\u00e9e guin\u00e9enne: bilan et perspectives\",\"datePublished\":\"2017-11-01T22:16:29+00:00\",\"dateModified\":\"2017-11-01T22:16:29+00:00\",\"mainEntityOfPage\":{\"@id\":\"https:\/\/guineediversite.com\/index.php\/2017\/11\/01\/59-ans-de-larmee-guineenne-bilan-perspectives\/\"},\"wordCount\":636,\"publisher\":{\"@id\":\"https:\/\/guineediversite.com\/#organization\"},\"image\":{\"@id\":\"https:\/\/guineediversite.com\/index.php\/2017\/11\/01\/59-ans-de-larmee-guineenne-bilan-perspectives\/#primaryimage\"},\"thumbnailUrl\":\"https:\/\/guineediversite.com\/wp-content\/uploads\/2017\/11\/images.jpg\",\"articleSection\":[\"Politique\",\"Soci\u00e9t\u00e9\"],\"inLanguage\":\"fr-FR\"},{\"@type\":\"WebPage\",\"@id\":\"https:\/\/guineediversite.com\/index.php\/2017\/11\/01\/59-ans-de-larmee-guineenne-bilan-perspectives\/\",\"url\":\"https:\/\/guineediversite.com\/index.php\/2017\/11\/01\/59-ans-de-larmee-guineenne-bilan-perspectives\/\",\"name\":\"59 ans de l'arm\u00e9e guin\u00e9enne: bilan et perspectives | Guin\u00e9e Diversit\u00e9\",\"isPartOf\":{\"@id\":\"https:\/\/guineediversite.com\/#website\"},\"primaryImageOfPage\":{\"@id\":\"https:\/\/guineediversite.com\/index.php\/2017\/11\/01\/59-ans-de-larmee-guineenne-bilan-perspectives\/#primaryimage\"},\"image\":{\"@id\":\"https:\/\/guineediversite.com\/index.php\/2017\/11\/01\/59-ans-de-larmee-guineenne-bilan-perspectives\/#primaryimage\"},\"thumbnailUrl\":\"https:\/\/guineediversite.com\/wp-content\/uploads\/2017\/11\/images.jpg\",\"datePublished\":\"2017-11-01T22:16:29+00:00\",\"dateModified\":\"2017-11-01T22:16:29+00:00\",\"breadcrumb\":{\"@id\":\"https:\/\/guineediversite.com\/index.php\/2017\/11\/01\/59-ans-de-larmee-guineenne-bilan-perspectives\/#breadcrumb\"},\"inLanguage\":\"fr-FR\",\"potentialAction\":[{\"@type\":\"ReadAction\",\"target\":[\"https:\/\/guineediversite.com\/index.php\/2017\/11\/01\/59-ans-de-larmee-guineenne-bilan-perspectives\/\"]}]},{\"@type\":\"ImageObject\",\"inLanguage\":\"fr-FR\",\"@id\":\"https:\/\/guineediversite.com\/index.php\/2017\/11\/01\/59-ans-de-larmee-guineenne-bilan-perspectives\/#primaryimage\",\"url\":\"https:\/\/guineediversite.com\/wp-content\/uploads\/2017\/11\/images.jpg\",\"contentUrl\":\"https:\/\/guineediversite.com\/wp-content\/uploads\/2017\/11\/images.jpg\",\"width\":\"1024\",\"height\":\"575\"},{\"@type\":\"BreadcrumbList\",\"@id\":\"https:\/\/guineediversite.com\/index.php\/2017\/11\/01\/59-ans-de-larmee-guineenne-bilan-perspectives\/#breadcrumb\",\"itemListElement\":[{\"@type\":\"ListItem\",\"position\":1,\"name\":\"Accueil\",\"item\":\"https:\/\/guineediversite.com\/\"},{\"@type\":\"ListItem\",\"position\":2,\"name\":\"59 ans de l&rsquo;arm\u00e9e guin\u00e9enne: bilan et perspectives\"}]},{\"@type\":\"WebSite\",\"@id\":\"https:\/\/guineediversite.com\/#website\",\"url\":\"https:\/\/guineediversite.com\/\",\"name\":\"Guin\u00e9e Diversit\u00e9\",\"description\":\"L&#039;Info dans toute sa diversit\u00e9\",\"publisher\":{\"@id\":\"https:\/\/guineediversite.com\/#organization\"},\"potentialAction\":[{\"@type\":\"SearchAction\",\"target\":{\"@type\":\"EntryPoint\",\"urlTemplate\":\"https:\/\/guineediversite.com\/?s={search_term_string}\"},\"query-input\":{\"@type\":\"PropertyValueSpecification\",\"valueRequired\":true,\"valueName\":\"search_term_string\"}}],\"inLanguage\":\"fr-FR\"},{\"@type\":\"Organization\",\"@id\":\"https:\/\/guineediversite.com\/#organization\",\"name\":\"Guin\u00e9e Diversit\u00e9\",\"url\":\"https:\/\/guineediversite.com\/\",\"logo\":{\"@type\":\"ImageObject\",\"inLanguage\":\"fr-FR\",\"@id\":\"https:\/\/guineediversite.com\/#\/schema\/logo\/image\/\",\"url\":\"https:\/\/guineediversite.com\/wp-content\/uploads\/2017\/04\/cropped-1jojlxEOMkX9Wyqfhe43D6kjPOGqBBKmx3EwWJqZ0cMrFF54yM49.png\",\"contentUrl\":\"https:\/\/guineediversite.com\/wp-content\/uploads\/2017\/04\/cropped-1jojlxEOMkX9Wyqfhe43D6kjPOGqBBKmx3EwWJqZ0cMrFF54yM49.png\",\"width\":186,\"height\":112,\"caption\":\"Guin\u00e9e Diversit\u00e9\"},\"image\":{\"@id\":\"https:\/\/guineediversite.com\/#\/schema\/logo\/image\/\"},\"sameAs\":[\"https:\/\/www.facebook.com\/guineediversite\/\",\"https:\/\/x.com\/GuineeDiversite\",\"https:\/\/www.youtube.com\/channel\/UC8sUY16qelG5ge6_D5SB83g\"]},{\"@type\":\"Person\",\"@id\":\"https:\/\/guineediversite.com\/#\/schema\/person\/c915f4424a17926ee4510e6abdfdc2a5\",\"name\":\"Lazare Bangoura\",\"image\":{\"@type\":\"ImageObject\",\"inLanguage\":\"fr-FR\",\"@id\":\"https:\/\/guineediversite.com\/#\/schema\/person\/image\/\",\"url\":\"https:\/\/secure.gravatar.com\/avatar\/7bab9b6edb46a08bcc394e7e418baf1e?s=96&d=mm&r=g\",\"contentUrl\":\"https:\/\/secure.gravatar.com\/avatar\/7bab9b6edb46a08bcc394e7e418baf1e?s=96&d=mm&r=g\",\"caption\":\"Lazare Bangoura\"},\"url\":\"https:\/\/guineediversite.com\/index.php\/author\/l-bangoura\/\"}]}<\/script>\n<!-- \/ Yoast SEO plugin. -->","yoast_head_json":{"title":"59 ans de l'arm\u00e9e guin\u00e9enne: bilan et perspectives | Guin\u00e9e Diversit\u00e9","robots":{"index":"index","follow":"follow","max-snippet":"max-snippet:-1","max-image-preview":"max-image-preview:large","max-video-preview":"max-video-preview:-1"},"canonical":"https:\/\/guineediversite.com\/index.php\/2017\/11\/01\/59-ans-de-larmee-guineenne-bilan-perspectives\/","og_locale":"fr_FR","og_type":"article","og_title":"59 ans de l'arm\u00e9e guin\u00e9enne: bilan et perspectives | Guin\u00e9e Diversit\u00e9","og_description":"Aucune garnison militaire du pays n\u2019a fait exception ce mercredi \u00e0 la c\u00e9l\u00e9bration du\u00a059e\u00a0\u00a0anniversaire de la cr\u00e9ation de l\u2019arm\u00e9e Guin\u00e9enne. Au bataillon du quartier g\u00e9n\u00e9ral du Camp\u00a0Almamy\u00a0Samory\u00a0Tour\u00e9, c\u2019est le ministre d\u2019Etat en charge de la D\u00e9fense Mohamed\u00a0Dian\u00e9\u00a0qui a pr\u00e9sid\u00e9 la dite c\u00e9r\u00e9monie. Une c\u00e9r\u00e9monie qui marque un pas\u00a0d\u00e9cisif\u00a0dans la reforme de l&rsquo;arm\u00e9e guin\u00e9enne, aux yeux [&hellip;]","og_url":"https:\/\/guineediversite.com\/index.php\/2017\/11\/01\/59-ans-de-larmee-guineenne-bilan-perspectives\/","og_site_name":"Guin\u00e9e Diversit\u00e9","article_publisher":"https:\/\/www.facebook.com\/guineediversite\/","article_published_time":"2017-11-01T22:16:29+00:00","og_image":[{"width":1024,"height":575,"url":"https:\/\/guineediversite.com\/wp-content\/uploads\/2017\/11\/images.jpg","type":"image\/jpeg"}],"author":"Lazare Bangoura","twitter_card":"summary_large_image","twitter_creator":"@GuineeDiversite","twitter_site":"@GuineeDiversite","twitter_misc":{"\u00c9crit par":"Lazare Bangoura","Dur\u00e9e de lecture estim\u00e9e":"3 minutes"},"schema":{"@context":"https:\/\/schema.org","@graph":[{"@type":"Article","@id":"https:\/\/guineediversite.com\/index.php\/2017\/11\/01\/59-ans-de-larmee-guineenne-bilan-perspectives\/#article","isPartOf":{"@id":"https:\/\/guineediversite.com\/index.php\/2017\/11\/01\/59-ans-de-larmee-guineenne-bilan-perspectives\/"},"author":{"name":"Lazare Bangoura","@id":"https:\/\/guineediversite.com\/#\/schema\/person\/c915f4424a17926ee4510e6abdfdc2a5"},"headline":"59 ans de l&rsquo;arm\u00e9e guin\u00e9enne: bilan et perspectives","datePublished":"2017-11-01T22:16:29+00:00","dateModified":"2017-11-01T22:16:29+00:00","mainEntityOfPage":{"@id":"https:\/\/guineediversite.com\/index.php\/2017\/11\/01\/59-ans-de-larmee-guineenne-bilan-perspectives\/"},"wordCount":636,"publisher":{"@id":"https:\/\/guineediversite.com\/#organization"},"image":{"@id":"https:\/\/guineediversite.com\/index.php\/2017\/11\/01\/59-ans-de-larmee-guineenne-bilan-perspectives\/#primaryimage"},"thumbnailUrl":"https:\/\/guineediversite.com\/wp-content\/uploads\/2017\/11\/images.jpg","articleSection":["Politique","Soci\u00e9t\u00e9"],"inLanguage":"fr-FR"},{"@type":"WebPage","@id":"https:\/\/guineediversite.com\/index.php\/2017\/11\/01\/59-ans-de-larmee-guineenne-bilan-perspectives\/","url":"https:\/\/guineediversite.com\/index.php\/2017\/11\/01\/59-ans-de-larmee-guineenne-bilan-perspectives\/","name":"59 ans de l'arm\u00e9e guin\u00e9enne: bilan et perspectives | Guin\u00e9e Diversit\u00e9","isPartOf":{"@id":"https:\/\/guineediversite.com\/#website"},"primaryImageOfPage":{"@id":"https:\/\/guineediversite.com\/index.php\/2017\/11\/01\/59-ans-de-larmee-guineenne-bilan-perspectives\/#primaryimage"},"image":{"@id":"https:\/\/guineediversite.com\/index.php\/2017\/11\/01\/59-ans-de-larmee-guineenne-bilan-perspectives\/#primaryimage"},"thumbnailUrl":"https:\/\/guineediversite.com\/wp-content\/uploads\/2017\/11\/images.jpg","datePublished":"2017-11-01T22:16:29+00:00","dateModified":"2017-11-01T22:16:29+00:00","breadcrumb":{"@id":"https:\/\/guineediversite.com\/index.php\/2017\/11\/01\/59-ans-de-larmee-guineenne-bilan-perspectives\/#breadcrumb"},"inLanguage":"fr-FR","potentialAction":[{"@type":"ReadAction","target":["https:\/\/guineediversite.com\/index.php\/2017\/11\/01\/59-ans-de-larmee-guineenne-bilan-perspectives\/"]}]},{"@type":"ImageObject","inLanguage":"fr-FR","@id":"https:\/\/guineediversite.com\/index.php\/2017\/11\/01\/59-ans-de-larmee-guineenne-bilan-perspectives\/#primaryimage","url":"https:\/\/guineediversite.com\/wp-content\/uploads\/2017\/11\/images.jpg","contentUrl":"https:\/\/guineediversite.com\/wp-content\/uploads\/2017\/11\/images.jpg","width":"1024","height":"575"},{"@type":"BreadcrumbList","@id":"https:\/\/guineediversite.com\/index.php\/2017\/11\/01\/59-ans-de-larmee-guineenne-bilan-perspectives\/#breadcrumb","itemListElement":[{"@type":"ListItem","position":1,"name":"Accueil","item":"https:\/\/guineediversite.com\/"},{"@type":"ListItem","position":2,"name":"59 ans de l&rsquo;arm\u00e9e guin\u00e9enne: bilan et perspectives"}]},{"@type":"WebSite","@id":"https:\/\/guineediversite.com\/#website","url":"https:\/\/guineediversite.com\/","name":"Guin\u00e9e Diversit\u00e9","description":"L&#039;Info dans toute sa diversit\u00e9","publisher":{"@id":"https:\/\/guineediversite.com\/#organization"},"potentialAction":[{"@type":"SearchAction","target":{"@type":"EntryPoint","urlTemplate":"https:\/\/guineediversite.com\/?s={search_term_string}"},"query-input":{"@type":"PropertyValueSpecification","valueRequired":true,"valueName":"search_term_string"}}],"inLanguage":"fr-FR"},{"@type":"Organization","@id":"https:\/\/guineediversite.com\/#organization","name":"Guin\u00e9e Diversit\u00e9","url":"https:\/\/guineediversite.com\/","logo":{"@type":"ImageObject","inLanguage":"fr-FR","@id":"https:\/\/guineediversite.com\/#\/schema\/logo\/image\/","url":"https:\/\/guineediversite.com\/wp-content\/uploads\/2017\/04\/cropped-1jojlxEOMkX9Wyqfhe43D6kjPOGqBBKmx3EwWJqZ0cMrFF54yM49.png","contentUrl":"https:\/\/guineediversite.com\/wp-content\/uploads\/2017\/04\/cropped-1jojlxEOMkX9Wyqfhe43D6kjPOGqBBKmx3EwWJqZ0cMrFF54yM49.png","width":186,"height":112,"caption":"Guin\u00e9e Diversit\u00e9"},"image":{"@id":"https:\/\/guineediversite.com\/#\/schema\/logo\/image\/"},"sameAs":["https:\/\/www.facebook.com\/guineediversite\/","https:\/\/x.com\/GuineeDiversite","https:\/\/www.youtube.com\/channel\/UC8sUY16qelG5ge6_D5SB83g"]},{"@type":"Person","@id":"https:\/\/guineediversite.com\/#\/schema\/person\/c915f4424a17926ee4510e6abdfdc2a5","name":"Lazare Bangoura","image":{"@type":"ImageObject","inLanguage":"fr-FR","@id":"https:\/\/guineediversite.com\/#\/schema\/person\/image\/","url":"https:\/\/secure.gravatar.com\/avatar\/7bab9b6edb46a08bcc394e7e418baf1e?s=96&d=mm&r=g","contentUrl":"https:\/\/secure.gravatar.com\/avatar\/7bab9b6edb46a08bcc394e7e418baf1e?s=96&d=mm&r=g","caption":"Lazare Bangoura"},"url":"https:\/\/guineediversite.com\/index.php\/author\/l-bangoura\/"}]}},"_links":{"self":[{"href":"https:\/\/guineediversite.com\/index.php\/wp-json\/wp\/v2\/posts\/22700"}],"collection":[{"href":"https:\/\/guineediversite.com\/index.php\/wp-json\/wp\/v2\/posts"}],"about":[{"href":"https:\/\/guineediversite.com\/index.php\/wp-json\/wp\/v2\/types\/post"}],"author":[{"embeddable":true,"href":"https:\/\/guineediversite.com\/index.php\/wp-json\/wp\/v2\/users\/14"}],"replies":[{"embeddable":true,"href":"https:\/\/guineediversite.com\/index.php\/wp-json\/wp\/v2\/comments?post=22700"}],"version-history":[{"count":0,"href":"https:\/\/guineediversite.com\/index.php\/wp-json\/wp\/v2\/posts\/22700\/revisions"}],"wp:featuredmedia":[{"embeddable":true,"href":"https:\/\/guineediversite.com\/index.php\/wp-json\/wp\/v2\/media\/22701"}],"wp:attachment":[{"href":"https:\/\/guineediversite.com\/index.php\/wp-json\/wp\/v2\/media?parent=22700"}],"wp:term":[{"taxonomy":"category","embeddable":true,"href":"https:\/\/guineediversite.com\/index.php\/wp-json\/wp\/v2\/categories?post=22700"},{"taxonomy":"post_tag","embeddable":true,"href":"https:\/\/guineediversite.com\/index.php\/wp-json\/wp\/v2\/tags?post=22700"}],"curies":[{"name":"wp","href":"https:\/\/api.w.org\/{rel}","templated":true}]}}