{"id":22567,"date":"2017-10-23T15:21:15","date_gmt":"2017-10-23T13:21:15","guid":{"rendered":"https:\/\/guineediversite.com\/?p=22567"},"modified":"2017-10-23T15:21:15","modified_gmt":"2017-10-23T13:21:15","slug":"on-veut-reactiver-cellules-dormantes-de-milice-privee-dalpha-conde-dixit-cellou-dalein-diallo","status":"publish","type":"post","link":"https:\/\/guineediversite.com\/index.php\/2017\/10\/23\/on-veut-reactiver-cellules-dormantes-de-milice-privee-dalpha-conde-dixit-cellou-dalein-diallo\/","title":{"rendered":"\u00ab On veut r\u00e9activer les cellules dormantes de la milice priv\u00e9e d\u2019Alpha Cond\u00e9 \u00bb dixit Cellou Dalein Diallo"},"content":{"rendered":"<p><strong>Devant ses militants et sympathisants massivement mobilis\u00e9s ce samedi 21 Octobre lors de l\u2019assembl\u00e9e g\u00e9n\u00e9rale hebdomadaire, Cellou Dalein Diallo faisant allusion aux propos tenus\u00a0 par \u00a0Malick Sankhon, \u00e0 laisser entendre qu\u2019ils veulent r\u00e9veiller les cellules dormantes des milices du locataire de Sekhoutour\u00e9yah, Directeur g\u00e9n\u00e9ral de la Caisse Nationale de S\u00e9curit\u00e9 Sociale.<\/strong><\/p>\n<p><em>\u00ab Il y a beaucoup de menaces, d\u2019intimidation que le pouvoir est entrain de d\u00e9clencher \u00e7a et l\u00e0, tenez bon. Vous aviez entendu qu\u2019on veut r\u00e9activer les cellules dormantes de la milice priv\u00e9e d\u2019Alpha Cond\u00e9, ces cellules vous les connaissez, c\u2019\u00e9tait des Donzo. Ces cellules qui \u00e9taient dormantes depuis un certain temps pour vous intimid\u00e9s, vous vous souviendrez que ces cellules \u00e9taient constitu\u00e9es\u00a0 en contre manifestant, qui se sont\u00a0 attaqu\u00e9es \u00e0 notre cort\u00e8ge. Des boutiques ont \u00e9t\u00e9 pill\u00e9es, vandalis\u00e9es et parfois incendi\u00e9es. C\u2019est ces milices priv\u00e9es qu\u2019on veut r\u00e9activer pour\u00a0 intimider, pour piller, pour couper les routes alors que nous avons des institutions pour \u00e7a. Si c\u2019est pour d\u00e9fendre la R\u00e9publique, l\u2019Etat a des institutions, c\u2019est cela qui devraient d\u00e9fendre la r\u00e9publique si elle \u00e9tait menac\u00e9e. Mais comme elle n\u2019\u00e9tait pas menac\u00e9e, il s\u2019agit d\u2019exercer des violences sur l\u2019UFDG, sur l\u2019opposition\u00a0\u00bb <\/em>d\u00e9fonce Cellou Dalein Diallo et de poursuivre<\/p>\n<p><em>\u00ab\u00a0On recrute d\u2019autre pour le faire, on leur paye, on leur garantie l\u2019impunit\u00e9. Dans un pays normal, quelqu\u2019un dit qu\u2019il va vais constituer des milices priv\u00e9es pour d\u00e9fendre la r\u00e9publique et l\u2019Etat ne r\u00e9agit pas, mais par contre il l\u2019encourage. On sait d\u2019o\u00f9 vient ces ressources pour financier ces milices, c\u2019est des ressources publiques. Ces milices attaquent les citoyens, c\u2019est un fait d\u2019hommes inconscients qui ont pris malheureusement les r\u00e8gne du pouvoir et qui divisent, humilient et violentent. Les projets pour les \u00e9ch\u00e9ances inacceptables comme un \u00e9ventuel troisi\u00e8me mandat et \u00e7a je sais que \u00e7a ne sera pas une affaire de l\u2019UFDG, le peuple de Guin\u00e9e ne veut pas que sa constitution soit tripatouill\u00e9e. La Guin\u00e9e a chang\u00e9e, mais Alpha Cond\u00e9 est dans l\u2019illusion, il ne sait pas parce qu\u2019il est entour\u00e9 des gens qui lui disent, non le peuple de Guin\u00e9e est derri\u00e8re toi, fonce pour le troisi\u00e8me mandat \u00e7a passera, nous sommes l\u00e0, nous r\u00e9veillons les milices priv\u00e9es, celui qui bouge on va le tap\u00e9\u2026 \u00e7a ne marchera\u00a0pas\u00bb<\/em> mart\u00e8le le leader de l\u2019Union des Forces D\u00e9mocratiques<\/p>\n<p><em>Parlant des \u00e9lections communales, Cellou Dalein Diallo appel \u00e0 la mobilisation afin de les remport\u00e9es<\/em><\/p>\n<p><em>\u00ab\u00a0Je voudrais vous appeler \u00e0 rester mobiliser pour gagner ces \u00e9lections locales, \u00e7a serait un point d\u2019appui important pour les prochaines \u00e9ch\u00e9ances, aujourd\u2019hui c\u2019est possible\u00a0! Notre principal adversaire c\u2019est le RPG qui est compl\u00e8tement \u00e0 terre. Le peuple de Guin\u00e9e est press\u00e9 de se d\u00e9barrasser de se r\u00e9gime corrompu\u00a0\u00bb<\/em> D\u00e9clare le leader de l\u2019UFDG.<\/p>\n<p>&nbsp;<\/p>\n","protected":false},"excerpt":{"rendered":"<p>Devant ses militants et sympathisants massivement mobilis\u00e9s ce samedi 21 Octobre lors de l\u2019assembl\u00e9e g\u00e9n\u00e9rale hebdomadaire, Cellou Dalein Diallo faisant allusion aux propos tenus\u00a0 par \u00a0Malick Sankhon, \u00e0 laisser entendre qu\u2019ils veulent r\u00e9veiller les cellules dormantes des milices du locataire de Sekhoutour\u00e9yah, Directeur g\u00e9n\u00e9ral de la Caisse Nationale de S\u00e9curit\u00e9 Sociale. \u00ab Il y a [&hellip;]<\/p>\n","protected":false},"author":16,"featured_media":21267,"comment_status":"closed","ping_status":"closed","sticky":false,"template":"","format":"standard","meta":{"_exactmetrics_skip_tracking":false,"_exactmetrics_sitenote_active":false,"_exactmetrics_sitenote_note":"","_exactmetrics_sitenote_category":0,"tdm_status":"","tdm_grid_status":"","footnotes":""},"categories":[14],"tags":[239],"class_list":{"0":"post-22567","1":"post","2":"type-post","3":"status-publish","4":"format-standard","5":"has-post-thumbnail","7":"category-politique","8":"tag-cellou"},"yoast_head":"<!-- This site is optimized with the Yoast SEO plugin v24.2 - https:\/\/yoast.com\/wordpress\/plugins\/seo\/ -->\n<title>\u00ab On veut r\u00e9activer les cellules dormantes de la milice priv\u00e9e d\u2019Alpha Cond\u00e9 \u00bb dixit Cellou Dalein Diallo | Guin\u00e9e Diversit\u00e9<\/title>\n<meta name=\"robots\" content=\"index, follow, max-snippet:-1, max-image-preview:large, max-video-preview:-1\" \/>\n<link rel=\"canonical\" href=\"https:\/\/guineediversite.com\/index.php\/2017\/10\/23\/on-veut-reactiver-cellules-dormantes-de-milice-privee-dalpha-conde-dixit-cellou-dalein-diallo\/\" \/>\n<meta property=\"og:locale\" content=\"fr_FR\" \/>\n<meta property=\"og:type\" content=\"article\" \/>\n<meta property=\"og:title\" content=\"\u00ab On veut r\u00e9activer les cellules dormantes de la milice priv\u00e9e d\u2019Alpha Cond\u00e9 \u00bb dixit Cellou Dalein Diallo | Guin\u00e9e Diversit\u00e9\" \/>\n<meta property=\"og:description\" content=\"Devant ses militants et sympathisants massivement mobilis\u00e9s ce samedi 21 Octobre lors de l\u2019assembl\u00e9e g\u00e9n\u00e9rale hebdomadaire, Cellou Dalein Diallo faisant allusion aux propos tenus\u00a0 par \u00a0Malick Sankhon, \u00e0 laisser entendre qu\u2019ils veulent r\u00e9veiller les cellules dormantes des milices du locataire de Sekhoutour\u00e9yah, Directeur g\u00e9n\u00e9ral de la Caisse Nationale de S\u00e9curit\u00e9 Sociale. \u00ab Il y a [&hellip;]\" \/>\n<meta property=\"og:url\" content=\"https:\/\/guineediversite.com\/index.php\/2017\/10\/23\/on-veut-reactiver-cellules-dormantes-de-milice-privee-dalpha-conde-dixit-cellou-dalein-diallo\/\" \/>\n<meta property=\"og:site_name\" content=\"Guin\u00e9e Diversit\u00e9\" \/>\n<meta property=\"article:publisher\" content=\"https:\/\/www.facebook.com\/guineediversite\/\" \/>\n<meta property=\"article:published_time\" content=\"2017-10-23T13:21:15+00:00\" \/>\n<meta property=\"og:image\" content=\"https:\/\/guineediversite.com\/wp-content\/uploads\/2017\/08\/Cellou-Dalein-Diallo-4-696x462.jpg\" \/>\n\t<meta property=\"og:image:width\" content=\"696\" \/>\n\t<meta property=\"og:image:height\" content=\"462\" \/>\n\t<meta property=\"og:image:type\" content=\"image\/jpeg\" \/>\n<meta name=\"author\" content=\"Moussa Mo\u00efse K\u00e9ita\" \/>\n<meta name=\"twitter:card\" content=\"summary_large_image\" \/>\n<meta name=\"twitter:creator\" content=\"@GuineeDiversite\" \/>\n<meta name=\"twitter:site\" content=\"@GuineeDiversite\" \/>\n<meta name=\"twitter:label1\" content=\"\u00c9crit par\" \/>\n\t<meta name=\"twitter:data1\" content=\"Moussa Mo\u00efse K\u00e9ita\" \/>\n\t<meta name=\"twitter:label2\" content=\"Dur\u00e9e de lecture estim\u00e9e\" \/>\n\t<meta name=\"twitter:data2\" content=\"3 minutes\" \/>\n<script type=\"application\/ld+json\" class=\"yoast-schema-graph\">{\"@context\":\"https:\/\/schema.org\",\"@graph\":[{\"@type\":\"Article\",\"@id\":\"https:\/\/guineediversite.com\/index.php\/2017\/10\/23\/on-veut-reactiver-cellules-dormantes-de-milice-privee-dalpha-conde-dixit-cellou-dalein-diallo\/#article\",\"isPartOf\":{\"@id\":\"https:\/\/guineediversite.com\/index.php\/2017\/10\/23\/on-veut-reactiver-cellules-dormantes-de-milice-privee-dalpha-conde-dixit-cellou-dalein-diallo\/\"},\"author\":{\"name\":\"Moussa Mo\u00efse K\u00e9ita\",\"@id\":\"https:\/\/guineediversite.com\/#\/schema\/person\/079ec347f72d2acde4b56a50a4fd46dc\"},\"headline\":\"\u00ab On veut r\u00e9activer les cellules dormantes de la milice priv\u00e9e d\u2019Alpha Cond\u00e9 \u00bb dixit Cellou Dalein Diallo\",\"datePublished\":\"2017-10-23T13:21:15+00:00\",\"dateModified\":\"2017-10-23T13:21:15+00:00\",\"mainEntityOfPage\":{\"@id\":\"https:\/\/guineediversite.com\/index.php\/2017\/10\/23\/on-veut-reactiver-cellules-dormantes-de-milice-privee-dalpha-conde-dixit-cellou-dalein-diallo\/\"},\"wordCount\":548,\"publisher\":{\"@id\":\"https:\/\/guineediversite.com\/#organization\"},\"image\":{\"@id\":\"https:\/\/guineediversite.com\/index.php\/2017\/10\/23\/on-veut-reactiver-cellules-dormantes-de-milice-privee-dalpha-conde-dixit-cellou-dalein-diallo\/#primaryimage\"},\"thumbnailUrl\":\"https:\/\/guineediversite.com\/wp-content\/uploads\/2017\/08\/Cellou-Dalein-Diallo-4-696x462.jpg\",\"keywords\":[\"cellou\"],\"articleSection\":[\"Politique\"],\"inLanguage\":\"fr-FR\"},{\"@type\":\"WebPage\",\"@id\":\"https:\/\/guineediversite.com\/index.php\/2017\/10\/23\/on-veut-reactiver-cellules-dormantes-de-milice-privee-dalpha-conde-dixit-cellou-dalein-diallo\/\",\"url\":\"https:\/\/guineediversite.com\/index.php\/2017\/10\/23\/on-veut-reactiver-cellules-dormantes-de-milice-privee-dalpha-conde-dixit-cellou-dalein-diallo\/\",\"name\":\"\u00ab On veut r\u00e9activer les cellules dormantes de la milice priv\u00e9e d\u2019Alpha Cond\u00e9 \u00bb dixit Cellou Dalein Diallo | Guin\u00e9e Diversit\u00e9\",\"isPartOf\":{\"@id\":\"https:\/\/guineediversite.com\/#website\"},\"primaryImageOfPage\":{\"@id\":\"https:\/\/guineediversite.com\/index.php\/2017\/10\/23\/on-veut-reactiver-cellules-dormantes-de-milice-privee-dalpha-conde-dixit-cellou-dalein-diallo\/#primaryimage\"},\"image\":{\"@id\":\"https:\/\/guineediversite.com\/index.php\/2017\/10\/23\/on-veut-reactiver-cellules-dormantes-de-milice-privee-dalpha-conde-dixit-cellou-dalein-diallo\/#primaryimage\"},\"thumbnailUrl\":\"https:\/\/guineediversite.com\/wp-content\/uploads\/2017\/08\/Cellou-Dalein-Diallo-4-696x462.jpg\",\"datePublished\":\"2017-10-23T13:21:15+00:00\",\"dateModified\":\"2017-10-23T13:21:15+00:00\",\"breadcrumb\":{\"@id\":\"https:\/\/guineediversite.com\/index.php\/2017\/10\/23\/on-veut-reactiver-cellules-dormantes-de-milice-privee-dalpha-conde-dixit-cellou-dalein-diallo\/#breadcrumb\"},\"inLanguage\":\"fr-FR\",\"potentialAction\":[{\"@type\":\"ReadAction\",\"target\":[\"https:\/\/guineediversite.com\/index.php\/2017\/10\/23\/on-veut-reactiver-cellules-dormantes-de-milice-privee-dalpha-conde-dixit-cellou-dalein-diallo\/\"]}]},{\"@type\":\"ImageObject\",\"inLanguage\":\"fr-FR\",\"@id\":\"https:\/\/guineediversite.com\/index.php\/2017\/10\/23\/on-veut-reactiver-cellules-dormantes-de-milice-privee-dalpha-conde-dixit-cellou-dalein-diallo\/#primaryimage\",\"url\":\"https:\/\/guineediversite.com\/wp-content\/uploads\/2017\/08\/Cellou-Dalein-Diallo-4-696x462.jpg\",\"contentUrl\":\"https:\/\/guineediversite.com\/wp-content\/uploads\/2017\/08\/Cellou-Dalein-Diallo-4-696x462.jpg\",\"width\":696,\"height\":462},{\"@type\":\"BreadcrumbList\",\"@id\":\"https:\/\/guineediversite.com\/index.php\/2017\/10\/23\/on-veut-reactiver-cellules-dormantes-de-milice-privee-dalpha-conde-dixit-cellou-dalein-diallo\/#breadcrumb\",\"itemListElement\":[{\"@type\":\"ListItem\",\"position\":1,\"name\":\"Accueil\",\"item\":\"https:\/\/guineediversite.com\/\"},{\"@type\":\"ListItem\",\"position\":2,\"name\":\"\u00ab On veut r\u00e9activer les cellules dormantes de la milice priv\u00e9e d\u2019Alpha Cond\u00e9 \u00bb dixit Cellou Dalein Diallo\"}]},{\"@type\":\"WebSite\",\"@id\":\"https:\/\/guineediversite.com\/#website\",\"url\":\"https:\/\/guineediversite.com\/\",\"name\":\"Guin\u00e9e Diversit\u00e9\",\"description\":\"L&#039;Info dans toute sa diversit\u00e9\",\"publisher\":{\"@id\":\"https:\/\/guineediversite.com\/#organization\"},\"potentialAction\":[{\"@type\":\"SearchAction\",\"target\":{\"@type\":\"EntryPoint\",\"urlTemplate\":\"https:\/\/guineediversite.com\/?s={search_term_string}\"},\"query-input\":{\"@type\":\"PropertyValueSpecification\",\"valueRequired\":true,\"valueName\":\"search_term_string\"}}],\"inLanguage\":\"fr-FR\"},{\"@type\":\"Organization\",\"@id\":\"https:\/\/guineediversite.com\/#organization\",\"name\":\"Guin\u00e9e Diversit\u00e9\",\"url\":\"https:\/\/guineediversite.com\/\",\"logo\":{\"@type\":\"ImageObject\",\"inLanguage\":\"fr-FR\",\"@id\":\"https:\/\/guineediversite.com\/#\/schema\/logo\/image\/\",\"url\":\"https:\/\/guineediversite.com\/wp-content\/uploads\/2017\/04\/cropped-1jojlxEOMkX9Wyqfhe43D6kjPOGqBBKmx3EwWJqZ0cMrFF54yM49.png\",\"contentUrl\":\"https:\/\/guineediversite.com\/wp-content\/uploads\/2017\/04\/cropped-1jojlxEOMkX9Wyqfhe43D6kjPOGqBBKmx3EwWJqZ0cMrFF54yM49.png\",\"width\":186,\"height\":112,\"caption\":\"Guin\u00e9e Diversit\u00e9\"},\"image\":{\"@id\":\"https:\/\/guineediversite.com\/#\/schema\/logo\/image\/\"},\"sameAs\":[\"https:\/\/www.facebook.com\/guineediversite\/\",\"https:\/\/x.com\/GuineeDiversite\",\"https:\/\/www.youtube.com\/channel\/UC8sUY16qelG5ge6_D5SB83g\"]},{\"@type\":\"Person\",\"@id\":\"https:\/\/guineediversite.com\/#\/schema\/person\/079ec347f72d2acde4b56a50a4fd46dc\",\"name\":\"Moussa Mo\u00efse K\u00e9ita\",\"image\":{\"@type\":\"ImageObject\",\"inLanguage\":\"fr-FR\",\"@id\":\"https:\/\/guineediversite.com\/#\/schema\/person\/image\/\",\"url\":\"https:\/\/secure.gravatar.com\/avatar\/edf1ea2cc01841e6c0b49384bcb1385b?s=96&d=mm&r=g\",\"contentUrl\":\"https:\/\/secure.gravatar.com\/avatar\/edf1ea2cc01841e6c0b49384bcb1385b?s=96&d=mm&r=g\",\"caption\":\"Moussa Mo\u00efse K\u00e9ita\"},\"url\":\"https:\/\/guineediversite.com\/index.php\/author\/moussa-moise\/\"}]}<\/script>\n<!-- \/ Yoast SEO plugin. -->","yoast_head_json":{"title":"\u00ab On veut r\u00e9activer les cellules dormantes de la milice priv\u00e9e d\u2019Alpha Cond\u00e9 \u00bb dixit Cellou Dalein Diallo | Guin\u00e9e Diversit\u00e9","robots":{"index":"index","follow":"follow","max-snippet":"max-snippet:-1","max-image-preview":"max-image-preview:large","max-video-preview":"max-video-preview:-1"},"canonical":"https:\/\/guineediversite.com\/index.php\/2017\/10\/23\/on-veut-reactiver-cellules-dormantes-de-milice-privee-dalpha-conde-dixit-cellou-dalein-diallo\/","og_locale":"fr_FR","og_type":"article","og_title":"\u00ab On veut r\u00e9activer les cellules dormantes de la milice priv\u00e9e d\u2019Alpha Cond\u00e9 \u00bb dixit Cellou Dalein Diallo | Guin\u00e9e Diversit\u00e9","og_description":"Devant ses militants et sympathisants massivement mobilis\u00e9s ce samedi 21 Octobre lors de l\u2019assembl\u00e9e g\u00e9n\u00e9rale hebdomadaire, Cellou Dalein Diallo faisant allusion aux propos tenus\u00a0 par \u00a0Malick Sankhon, \u00e0 laisser entendre qu\u2019ils veulent r\u00e9veiller les cellules dormantes des milices du locataire de Sekhoutour\u00e9yah, Directeur g\u00e9n\u00e9ral de la Caisse Nationale de S\u00e9curit\u00e9 Sociale. \u00ab Il y a [&hellip;]","og_url":"https:\/\/guineediversite.com\/index.php\/2017\/10\/23\/on-veut-reactiver-cellules-dormantes-de-milice-privee-dalpha-conde-dixit-cellou-dalein-diallo\/","og_site_name":"Guin\u00e9e Diversit\u00e9","article_publisher":"https:\/\/www.facebook.com\/guineediversite\/","article_published_time":"2017-10-23T13:21:15+00:00","og_image":[{"width":696,"height":462,"url":"https:\/\/guineediversite.com\/wp-content\/uploads\/2017\/08\/Cellou-Dalein-Diallo-4-696x462.jpg","type":"image\/jpeg"}],"author":"Moussa Mo\u00efse K\u00e9ita","twitter_card":"summary_large_image","twitter_creator":"@GuineeDiversite","twitter_site":"@GuineeDiversite","twitter_misc":{"\u00c9crit par":"Moussa Mo\u00efse K\u00e9ita","Dur\u00e9e de lecture estim\u00e9e":"3 minutes"},"schema":{"@context":"https:\/\/schema.org","@graph":[{"@type":"Article","@id":"https:\/\/guineediversite.com\/index.php\/2017\/10\/23\/on-veut-reactiver-cellules-dormantes-de-milice-privee-dalpha-conde-dixit-cellou-dalein-diallo\/#article","isPartOf":{"@id":"https:\/\/guineediversite.com\/index.php\/2017\/10\/23\/on-veut-reactiver-cellules-dormantes-de-milice-privee-dalpha-conde-dixit-cellou-dalein-diallo\/"},"author":{"name":"Moussa Mo\u00efse K\u00e9ita","@id":"https:\/\/guineediversite.com\/#\/schema\/person\/079ec347f72d2acde4b56a50a4fd46dc"},"headline":"\u00ab On veut r\u00e9activer les cellules dormantes de la milice priv\u00e9e d\u2019Alpha Cond\u00e9 \u00bb dixit Cellou Dalein Diallo","datePublished":"2017-10-23T13:21:15+00:00","dateModified":"2017-10-23T13:21:15+00:00","mainEntityOfPage":{"@id":"https:\/\/guineediversite.com\/index.php\/2017\/10\/23\/on-veut-reactiver-cellules-dormantes-de-milice-privee-dalpha-conde-dixit-cellou-dalein-diallo\/"},"wordCount":548,"publisher":{"@id":"https:\/\/guineediversite.com\/#organization"},"image":{"@id":"https:\/\/guineediversite.com\/index.php\/2017\/10\/23\/on-veut-reactiver-cellules-dormantes-de-milice-privee-dalpha-conde-dixit-cellou-dalein-diallo\/#primaryimage"},"thumbnailUrl":"https:\/\/guineediversite.com\/wp-content\/uploads\/2017\/08\/Cellou-Dalein-Diallo-4-696x462.jpg","keywords":["cellou"],"articleSection":["Politique"],"inLanguage":"fr-FR"},{"@type":"WebPage","@id":"https:\/\/guineediversite.com\/index.php\/2017\/10\/23\/on-veut-reactiver-cellules-dormantes-de-milice-privee-dalpha-conde-dixit-cellou-dalein-diallo\/","url":"https:\/\/guineediversite.com\/index.php\/2017\/10\/23\/on-veut-reactiver-cellules-dormantes-de-milice-privee-dalpha-conde-dixit-cellou-dalein-diallo\/","name":"\u00ab On veut r\u00e9activer les cellules dormantes de la milice priv\u00e9e d\u2019Alpha Cond\u00e9 \u00bb dixit Cellou Dalein Diallo | Guin\u00e9e Diversit\u00e9","isPartOf":{"@id":"https:\/\/guineediversite.com\/#website"},"primaryImageOfPage":{"@id":"https:\/\/guineediversite.com\/index.php\/2017\/10\/23\/on-veut-reactiver-cellules-dormantes-de-milice-privee-dalpha-conde-dixit-cellou-dalein-diallo\/#primaryimage"},"image":{"@id":"https:\/\/guineediversite.com\/index.php\/2017\/10\/23\/on-veut-reactiver-cellules-dormantes-de-milice-privee-dalpha-conde-dixit-cellou-dalein-diallo\/#primaryimage"},"thumbnailUrl":"https:\/\/guineediversite.com\/wp-content\/uploads\/2017\/08\/Cellou-Dalein-Diallo-4-696x462.jpg","datePublished":"2017-10-23T13:21:15+00:00","dateModified":"2017-10-23T13:21:15+00:00","breadcrumb":{"@id":"https:\/\/guineediversite.com\/index.php\/2017\/10\/23\/on-veut-reactiver-cellules-dormantes-de-milice-privee-dalpha-conde-dixit-cellou-dalein-diallo\/#breadcrumb"},"inLanguage":"fr-FR","potentialAction":[{"@type":"ReadAction","target":["https:\/\/guineediversite.com\/index.php\/2017\/10\/23\/on-veut-reactiver-cellules-dormantes-de-milice-privee-dalpha-conde-dixit-cellou-dalein-diallo\/"]}]},{"@type":"ImageObject","inLanguage":"fr-FR","@id":"https:\/\/guineediversite.com\/index.php\/2017\/10\/23\/on-veut-reactiver-cellules-dormantes-de-milice-privee-dalpha-conde-dixit-cellou-dalein-diallo\/#primaryimage","url":"https:\/\/guineediversite.com\/wp-content\/uploads\/2017\/08\/Cellou-Dalein-Diallo-4-696x462.jpg","contentUrl":"https:\/\/guineediversite.com\/wp-content\/uploads\/2017\/08\/Cellou-Dalein-Diallo-4-696x462.jpg","width":696,"height":462},{"@type":"BreadcrumbList","@id":"https:\/\/guineediversite.com\/index.php\/2017\/10\/23\/on-veut-reactiver-cellules-dormantes-de-milice-privee-dalpha-conde-dixit-cellou-dalein-diallo\/#breadcrumb","itemListElement":[{"@type":"ListItem","position":1,"name":"Accueil","item":"https:\/\/guineediversite.com\/"},{"@type":"ListItem","position":2,"name":"\u00ab On veut r\u00e9activer les cellules dormantes de la milice priv\u00e9e d\u2019Alpha Cond\u00e9 \u00bb dixit Cellou Dalein Diallo"}]},{"@type":"WebSite","@id":"https:\/\/guineediversite.com\/#website","url":"https:\/\/guineediversite.com\/","name":"Guin\u00e9e Diversit\u00e9","description":"L&#039;Info dans toute sa diversit\u00e9","publisher":{"@id":"https:\/\/guineediversite.com\/#organization"},"potentialAction":[{"@type":"SearchAction","target":{"@type":"EntryPoint","urlTemplate":"https:\/\/guineediversite.com\/?s={search_term_string}"},"query-input":{"@type":"PropertyValueSpecification","valueRequired":true,"valueName":"search_term_string"}}],"inLanguage":"fr-FR"},{"@type":"Organization","@id":"https:\/\/guineediversite.com\/#organization","name":"Guin\u00e9e Diversit\u00e9","url":"https:\/\/guineediversite.com\/","logo":{"@type":"ImageObject","inLanguage":"fr-FR","@id":"https:\/\/guineediversite.com\/#\/schema\/logo\/image\/","url":"https:\/\/guineediversite.com\/wp-content\/uploads\/2017\/04\/cropped-1jojlxEOMkX9Wyqfhe43D6kjPOGqBBKmx3EwWJqZ0cMrFF54yM49.png","contentUrl":"https:\/\/guineediversite.com\/wp-content\/uploads\/2017\/04\/cropped-1jojlxEOMkX9Wyqfhe43D6kjPOGqBBKmx3EwWJqZ0cMrFF54yM49.png","width":186,"height":112,"caption":"Guin\u00e9e Diversit\u00e9"},"image":{"@id":"https:\/\/guineediversite.com\/#\/schema\/logo\/image\/"},"sameAs":["https:\/\/www.facebook.com\/guineediversite\/","https:\/\/x.com\/GuineeDiversite","https:\/\/www.youtube.com\/channel\/UC8sUY16qelG5ge6_D5SB83g"]},{"@type":"Person","@id":"https:\/\/guineediversite.com\/#\/schema\/person\/079ec347f72d2acde4b56a50a4fd46dc","name":"Moussa Mo\u00efse K\u00e9ita","image":{"@type":"ImageObject","inLanguage":"fr-FR","@id":"https:\/\/guineediversite.com\/#\/schema\/person\/image\/","url":"https:\/\/secure.gravatar.com\/avatar\/edf1ea2cc01841e6c0b49384bcb1385b?s=96&d=mm&r=g","contentUrl":"https:\/\/secure.gravatar.com\/avatar\/edf1ea2cc01841e6c0b49384bcb1385b?s=96&d=mm&r=g","caption":"Moussa Mo\u00efse K\u00e9ita"},"url":"https:\/\/guineediversite.com\/index.php\/author\/moussa-moise\/"}]}},"_links":{"self":[{"href":"https:\/\/guineediversite.com\/index.php\/wp-json\/wp\/v2\/posts\/22567"}],"collection":[{"href":"https:\/\/guineediversite.com\/index.php\/wp-json\/wp\/v2\/posts"}],"about":[{"href":"https:\/\/guineediversite.com\/index.php\/wp-json\/wp\/v2\/types\/post"}],"author":[{"embeddable":true,"href":"https:\/\/guineediversite.com\/index.php\/wp-json\/wp\/v2\/users\/16"}],"replies":[{"embeddable":true,"href":"https:\/\/guineediversite.com\/index.php\/wp-json\/wp\/v2\/comments?post=22567"}],"version-history":[{"count":0,"href":"https:\/\/guineediversite.com\/index.php\/wp-json\/wp\/v2\/posts\/22567\/revisions"}],"wp:featuredmedia":[{"embeddable":true,"href":"https:\/\/guineediversite.com\/index.php\/wp-json\/wp\/v2\/media\/21267"}],"wp:attachment":[{"href":"https:\/\/guineediversite.com\/index.php\/wp-json\/wp\/v2\/media?parent=22567"}],"wp:term":[{"taxonomy":"category","embeddable":true,"href":"https:\/\/guineediversite.com\/index.php\/wp-json\/wp\/v2\/categories?post=22567"},{"taxonomy":"post_tag","embeddable":true,"href":"https:\/\/guineediversite.com\/index.php\/wp-json\/wp\/v2\/tags?post=22567"}],"curies":[{"name":"wp","href":"https:\/\/api.w.org\/{rel}","templated":true}]}}