{"id":22545,"date":"2017-10-20T15:30:17","date_gmt":"2017-10-20T13:30:17","guid":{"rendered":"https:\/\/guineediversite.com\/?p=22545"},"modified":"2017-10-20T15:30:17","modified_gmt":"2017-10-20T13:30:17","slug":"journee-internationale-resolution-conflits-non-celebre-guinee","status":"publish","type":"post","link":"https:\/\/guineediversite.com\/index.php\/2017\/10\/20\/journee-internationale-resolution-conflits-non-celebre-guinee\/","title":{"rendered":"La Journ\u00e9e internationale pour la r\u00e9solution des conflits non c\u00e9l\u00e9br\u00e9 en Guin\u00e9e"},"content":{"rendered":"<p>L\u2019humanit\u00e9 a c\u00e9l\u00e9br\u00e9 ce jeudi la journ\u00e9e internationale pour la r\u00e9solution des conflits. Une journ\u00e9e \u00a0c\u00e9l\u00e9br\u00e9e le troisi\u00e8me jeudi de chaque mois d\u2019octobre. A cette occasion, quelques journalistes des medias publics et priv\u00e9s de la place, ont rencontr\u00e9 le directeur national de la pr\u00e9vention des conflits et de la pr\u00e9servation de la paix, Alpha Oumar Bald\u00e9. Au cours d\u2019un entretien, il a fait savoir que la \u00a0Guin\u00e9e, fournit des efforts dans la r\u00e9solution des conflits.<\/p>\n<p>Poursuivant, il affirme que son minist\u00e8re de tutelle a\u00a0,au cours de ses activit\u00e9s \u00e9laborer la cartographie nationale des conflits r\u00e9currents en Guin\u00e9e\u00a0,\u00a0\u00ab\u00a0 Actuellement nous sommes entrain d&rsquo;\u00e9laborer la strat\u00e9gie de pr\u00e9vention des conflits qui doit regrouper tous les acteurs en charge de la gestion des conflits \u00e9largie aux diff\u00e9rents d\u00e9partements et institutions du pays.\u00a0\u00bb<\/p>\n<p>Ensuite, Alpha Oumar Bald\u00e9 a laiss\u00e9 entendre que face \u00e0 un diff\u00e9rend de voisinage commercial ou social, la m\u00e9diation s\u2019impose, chaque conflit m\u00e9rite d\u2019abord une solution\u00a0 explique t-il.<\/p>\n<p>Dans la m\u00eame lanc\u00e9e, le m\u00e9diateur s\u2019est appuy\u00e9 sur l\u2019exemple de conflit qui a oppos\u00e9 tout r\u00e9cemment les banquiers. Dans ce conflit, il \u00a0indique que le minist\u00e8re de l\u2019unit\u00e9 nationale et de la citoyennet\u00e9\u00a0a constitu\u00e9 une \u00e9quipe pour leur expliquer \u00a0la n\u00e9cessit\u00e9 de se concerter pour \u00e9viter des troubles avant d\u2019assurer que leur objectif est de ramener la paix \u00e0 travers la sensibilisation.<\/p>\n<p>La journ\u00e9e internationale pour la r\u00e9solution des conflits n\u2019est pas c\u00e9l\u00e9br\u00e9e en Guin\u00e9e pourtant, des m\u00e9canismes de r\u00e9solution des conflits pour une paix durable sont\u00a0 souvent envisag\u00e9s par les d\u00e9cideurs politiques. La r\u00e9solution des conflits est une initiative \u00e0 encourager dans un pays comme la Guin\u00e9e ou les citoyens s\u2019inscrivent parfois en va-t-en guerre mart\u00e8le M.Bald\u00e9.<\/p>\n<p>L\u2019id\u00e9e de la r\u00e9solution des conflits doit \u00eatre dit-il appuy\u00e9e par la justice. Celle-ci \u00e0 son tour, ne doit pas trancher selon les faits, mais plut\u00f4t a travers des esp\u00e8ces sonnantes et tr\u00e9buchantes.<\/p>\n","protected":false},"excerpt":{"rendered":"<p>L\u2019humanit\u00e9 a c\u00e9l\u00e9br\u00e9 ce jeudi la journ\u00e9e internationale pour la r\u00e9solution des conflits. Une journ\u00e9e \u00a0c\u00e9l\u00e9br\u00e9e le troisi\u00e8me jeudi de chaque mois d\u2019octobre. A cette occasion, quelques journalistes des medias publics et priv\u00e9s de la place, ont rencontr\u00e9 le directeur national de la pr\u00e9vention des conflits et de la pr\u00e9servation de la paix, Alpha Oumar [&hellip;]<\/p>\n","protected":false},"author":14,"featured_media":22546,"comment_status":"closed","ping_status":"closed","sticky":false,"template":"","format":"standard","meta":{"_exactmetrics_skip_tracking":false,"_exactmetrics_sitenote_active":false,"_exactmetrics_sitenote_note":"","_exactmetrics_sitenote_category":0,"tdm_status":"","tdm_grid_status":"","footnotes":""},"categories":[16],"tags":[296],"class_list":{"0":"post-22545","1":"post","2":"type-post","3":"status-publish","4":"format-standard","5":"has-post-thumbnail","7":"category-societe","8":"tag-journee"},"yoast_head":"<!-- This site is optimized with the Yoast SEO plugin v24.2 - https:\/\/yoast.com\/wordpress\/plugins\/seo\/ -->\n<title>La Journ\u00e9e internationale pour la r\u00e9solution des conflits non c\u00e9l\u00e9br\u00e9 en Guin\u00e9e | Guin\u00e9e Diversit\u00e9<\/title>\n<meta name=\"robots\" content=\"index, follow, max-snippet:-1, max-image-preview:large, max-video-preview:-1\" \/>\n<link rel=\"canonical\" href=\"https:\/\/guineediversite.com\/index.php\/2017\/10\/20\/journee-internationale-resolution-conflits-non-celebre-guinee\/\" \/>\n<meta property=\"og:locale\" content=\"fr_FR\" \/>\n<meta property=\"og:type\" content=\"article\" \/>\n<meta property=\"og:title\" content=\"La Journ\u00e9e internationale pour la r\u00e9solution des conflits non c\u00e9l\u00e9br\u00e9 en Guin\u00e9e | Guin\u00e9e Diversit\u00e9\" \/>\n<meta property=\"og:description\" content=\"L\u2019humanit\u00e9 a c\u00e9l\u00e9br\u00e9 ce jeudi la journ\u00e9e internationale pour la r\u00e9solution des conflits. Une journ\u00e9e \u00a0c\u00e9l\u00e9br\u00e9e le troisi\u00e8me jeudi de chaque mois d\u2019octobre. A cette occasion, quelques journalistes des medias publics et priv\u00e9s de la place, ont rencontr\u00e9 le directeur national de la pr\u00e9vention des conflits et de la pr\u00e9servation de la paix, Alpha Oumar [&hellip;]\" \/>\n<meta property=\"og:url\" content=\"https:\/\/guineediversite.com\/index.php\/2017\/10\/20\/journee-internationale-resolution-conflits-non-celebre-guinee\/\" \/>\n<meta property=\"og:site_name\" content=\"Guin\u00e9e Diversit\u00e9\" \/>\n<meta property=\"article:publisher\" content=\"https:\/\/www.facebook.com\/guineediversite\/\" \/>\n<meta property=\"article:published_time\" content=\"2017-10-20T13:30:17+00:00\" \/>\n<meta property=\"og:image\" content=\"https:\/\/guineediversite.com\/wp-content\/uploads\/2017\/10\/images-4.jpg\" \/>\n\t<meta property=\"og:image:width\" content=\"1024\" \/>\n\t<meta property=\"og:image:height\" content=\"1024\" \/>\n\t<meta property=\"og:image:type\" content=\"image\/jpeg\" \/>\n<meta name=\"author\" content=\"Lazare Bangoura\" \/>\n<meta name=\"twitter:card\" content=\"summary_large_image\" \/>\n<meta name=\"twitter:creator\" content=\"@GuineeDiversite\" \/>\n<meta name=\"twitter:site\" content=\"@GuineeDiversite\" \/>\n<meta name=\"twitter:label1\" content=\"\u00c9crit par\" \/>\n\t<meta name=\"twitter:data1\" content=\"Lazare Bangoura\" \/>\n\t<meta name=\"twitter:label2\" content=\"Dur\u00e9e de lecture estim\u00e9e\" \/>\n\t<meta name=\"twitter:data2\" content=\"2 minutes\" \/>\n<script type=\"application\/ld+json\" class=\"yoast-schema-graph\">{\"@context\":\"https:\/\/schema.org\",\"@graph\":[{\"@type\":\"Article\",\"@id\":\"https:\/\/guineediversite.com\/index.php\/2017\/10\/20\/journee-internationale-resolution-conflits-non-celebre-guinee\/#article\",\"isPartOf\":{\"@id\":\"https:\/\/guineediversite.com\/index.php\/2017\/10\/20\/journee-internationale-resolution-conflits-non-celebre-guinee\/\"},\"author\":{\"name\":\"Lazare Bangoura\",\"@id\":\"https:\/\/guineediversite.com\/#\/schema\/person\/c915f4424a17926ee4510e6abdfdc2a5\"},\"headline\":\"La Journ\u00e9e internationale pour la r\u00e9solution des conflits non c\u00e9l\u00e9br\u00e9 en Guin\u00e9e\",\"datePublished\":\"2017-10-20T13:30:17+00:00\",\"dateModified\":\"2017-10-20T13:30:17+00:00\",\"mainEntityOfPage\":{\"@id\":\"https:\/\/guineediversite.com\/index.php\/2017\/10\/20\/journee-internationale-resolution-conflits-non-celebre-guinee\/\"},\"wordCount\":388,\"publisher\":{\"@id\":\"https:\/\/guineediversite.com\/#organization\"},\"image\":{\"@id\":\"https:\/\/guineediversite.com\/index.php\/2017\/10\/20\/journee-internationale-resolution-conflits-non-celebre-guinee\/#primaryimage\"},\"thumbnailUrl\":\"https:\/\/guineediversite.com\/wp-content\/uploads\/2017\/10\/images-4.jpg\",\"keywords\":[\"JOURNEE\"],\"articleSection\":[\"Soci\u00e9t\u00e9\"],\"inLanguage\":\"fr-FR\"},{\"@type\":\"WebPage\",\"@id\":\"https:\/\/guineediversite.com\/index.php\/2017\/10\/20\/journee-internationale-resolution-conflits-non-celebre-guinee\/\",\"url\":\"https:\/\/guineediversite.com\/index.php\/2017\/10\/20\/journee-internationale-resolution-conflits-non-celebre-guinee\/\",\"name\":\"La Journ\u00e9e internationale pour la r\u00e9solution des conflits non c\u00e9l\u00e9br\u00e9 en Guin\u00e9e | Guin\u00e9e Diversit\u00e9\",\"isPartOf\":{\"@id\":\"https:\/\/guineediversite.com\/#website\"},\"primaryImageOfPage\":{\"@id\":\"https:\/\/guineediversite.com\/index.php\/2017\/10\/20\/journee-internationale-resolution-conflits-non-celebre-guinee\/#primaryimage\"},\"image\":{\"@id\":\"https:\/\/guineediversite.com\/index.php\/2017\/10\/20\/journee-internationale-resolution-conflits-non-celebre-guinee\/#primaryimage\"},\"thumbnailUrl\":\"https:\/\/guineediversite.com\/wp-content\/uploads\/2017\/10\/images-4.jpg\",\"datePublished\":\"2017-10-20T13:30:17+00:00\",\"dateModified\":\"2017-10-20T13:30:17+00:00\",\"breadcrumb\":{\"@id\":\"https:\/\/guineediversite.com\/index.php\/2017\/10\/20\/journee-internationale-resolution-conflits-non-celebre-guinee\/#breadcrumb\"},\"inLanguage\":\"fr-FR\",\"potentialAction\":[{\"@type\":\"ReadAction\",\"target\":[\"https:\/\/guineediversite.com\/index.php\/2017\/10\/20\/journee-internationale-resolution-conflits-non-celebre-guinee\/\"]}]},{\"@type\":\"ImageObject\",\"inLanguage\":\"fr-FR\",\"@id\":\"https:\/\/guineediversite.com\/index.php\/2017\/10\/20\/journee-internationale-resolution-conflits-non-celebre-guinee\/#primaryimage\",\"url\":\"https:\/\/guineediversite.com\/wp-content\/uploads\/2017\/10\/images-4.jpg\",\"contentUrl\":\"https:\/\/guineediversite.com\/wp-content\/uploads\/2017\/10\/images-4.jpg\",\"width\":\"1024\",\"height\":\"1024\"},{\"@type\":\"BreadcrumbList\",\"@id\":\"https:\/\/guineediversite.com\/index.php\/2017\/10\/20\/journee-internationale-resolution-conflits-non-celebre-guinee\/#breadcrumb\",\"itemListElement\":[{\"@type\":\"ListItem\",\"position\":1,\"name\":\"Accueil\",\"item\":\"https:\/\/guineediversite.com\/\"},{\"@type\":\"ListItem\",\"position\":2,\"name\":\"La Journ\u00e9e internationale pour la r\u00e9solution des conflits non c\u00e9l\u00e9br\u00e9 en Guin\u00e9e\"}]},{\"@type\":\"WebSite\",\"@id\":\"https:\/\/guineediversite.com\/#website\",\"url\":\"https:\/\/guineediversite.com\/\",\"name\":\"Guin\u00e9e Diversit\u00e9\",\"description\":\"L&#039;Info dans toute sa diversit\u00e9\",\"publisher\":{\"@id\":\"https:\/\/guineediversite.com\/#organization\"},\"potentialAction\":[{\"@type\":\"SearchAction\",\"target\":{\"@type\":\"EntryPoint\",\"urlTemplate\":\"https:\/\/guineediversite.com\/?s={search_term_string}\"},\"query-input\":{\"@type\":\"PropertyValueSpecification\",\"valueRequired\":true,\"valueName\":\"search_term_string\"}}],\"inLanguage\":\"fr-FR\"},{\"@type\":\"Organization\",\"@id\":\"https:\/\/guineediversite.com\/#organization\",\"name\":\"Guin\u00e9e Diversit\u00e9\",\"url\":\"https:\/\/guineediversite.com\/\",\"logo\":{\"@type\":\"ImageObject\",\"inLanguage\":\"fr-FR\",\"@id\":\"https:\/\/guineediversite.com\/#\/schema\/logo\/image\/\",\"url\":\"https:\/\/guineediversite.com\/wp-content\/uploads\/2017\/04\/cropped-1jojlxEOMkX9Wyqfhe43D6kjPOGqBBKmx3EwWJqZ0cMrFF54yM49.png\",\"contentUrl\":\"https:\/\/guineediversite.com\/wp-content\/uploads\/2017\/04\/cropped-1jojlxEOMkX9Wyqfhe43D6kjPOGqBBKmx3EwWJqZ0cMrFF54yM49.png\",\"width\":186,\"height\":112,\"caption\":\"Guin\u00e9e Diversit\u00e9\"},\"image\":{\"@id\":\"https:\/\/guineediversite.com\/#\/schema\/logo\/image\/\"},\"sameAs\":[\"https:\/\/www.facebook.com\/guineediversite\/\",\"https:\/\/x.com\/GuineeDiversite\",\"https:\/\/www.youtube.com\/channel\/UC8sUY16qelG5ge6_D5SB83g\"]},{\"@type\":\"Person\",\"@id\":\"https:\/\/guineediversite.com\/#\/schema\/person\/c915f4424a17926ee4510e6abdfdc2a5\",\"name\":\"Lazare Bangoura\",\"image\":{\"@type\":\"ImageObject\",\"inLanguage\":\"fr-FR\",\"@id\":\"https:\/\/guineediversite.com\/#\/schema\/person\/image\/\",\"url\":\"https:\/\/secure.gravatar.com\/avatar\/7bab9b6edb46a08bcc394e7e418baf1e?s=96&d=mm&r=g\",\"contentUrl\":\"https:\/\/secure.gravatar.com\/avatar\/7bab9b6edb46a08bcc394e7e418baf1e?s=96&d=mm&r=g\",\"caption\":\"Lazare Bangoura\"},\"url\":\"https:\/\/guineediversite.com\/index.php\/author\/l-bangoura\/\"}]}<\/script>\n<!-- \/ Yoast SEO plugin. -->","yoast_head_json":{"title":"La Journ\u00e9e internationale pour la r\u00e9solution des conflits non c\u00e9l\u00e9br\u00e9 en Guin\u00e9e | Guin\u00e9e Diversit\u00e9","robots":{"index":"index","follow":"follow","max-snippet":"max-snippet:-1","max-image-preview":"max-image-preview:large","max-video-preview":"max-video-preview:-1"},"canonical":"https:\/\/guineediversite.com\/index.php\/2017\/10\/20\/journee-internationale-resolution-conflits-non-celebre-guinee\/","og_locale":"fr_FR","og_type":"article","og_title":"La Journ\u00e9e internationale pour la r\u00e9solution des conflits non c\u00e9l\u00e9br\u00e9 en Guin\u00e9e | Guin\u00e9e Diversit\u00e9","og_description":"L\u2019humanit\u00e9 a c\u00e9l\u00e9br\u00e9 ce jeudi la journ\u00e9e internationale pour la r\u00e9solution des conflits. Une journ\u00e9e \u00a0c\u00e9l\u00e9br\u00e9e le troisi\u00e8me jeudi de chaque mois d\u2019octobre. A cette occasion, quelques journalistes des medias publics et priv\u00e9s de la place, ont rencontr\u00e9 le directeur national de la pr\u00e9vention des conflits et de la pr\u00e9servation de la paix, Alpha Oumar [&hellip;]","og_url":"https:\/\/guineediversite.com\/index.php\/2017\/10\/20\/journee-internationale-resolution-conflits-non-celebre-guinee\/","og_site_name":"Guin\u00e9e Diversit\u00e9","article_publisher":"https:\/\/www.facebook.com\/guineediversite\/","article_published_time":"2017-10-20T13:30:17+00:00","og_image":[{"width":1024,"height":1024,"url":"https:\/\/guineediversite.com\/wp-content\/uploads\/2017\/10\/images-4.jpg","type":"image\/jpeg"}],"author":"Lazare Bangoura","twitter_card":"summary_large_image","twitter_creator":"@GuineeDiversite","twitter_site":"@GuineeDiversite","twitter_misc":{"\u00c9crit par":"Lazare Bangoura","Dur\u00e9e de lecture estim\u00e9e":"2 minutes"},"schema":{"@context":"https:\/\/schema.org","@graph":[{"@type":"Article","@id":"https:\/\/guineediversite.com\/index.php\/2017\/10\/20\/journee-internationale-resolution-conflits-non-celebre-guinee\/#article","isPartOf":{"@id":"https:\/\/guineediversite.com\/index.php\/2017\/10\/20\/journee-internationale-resolution-conflits-non-celebre-guinee\/"},"author":{"name":"Lazare Bangoura","@id":"https:\/\/guineediversite.com\/#\/schema\/person\/c915f4424a17926ee4510e6abdfdc2a5"},"headline":"La Journ\u00e9e internationale pour la r\u00e9solution des conflits non c\u00e9l\u00e9br\u00e9 en Guin\u00e9e","datePublished":"2017-10-20T13:30:17+00:00","dateModified":"2017-10-20T13:30:17+00:00","mainEntityOfPage":{"@id":"https:\/\/guineediversite.com\/index.php\/2017\/10\/20\/journee-internationale-resolution-conflits-non-celebre-guinee\/"},"wordCount":388,"publisher":{"@id":"https:\/\/guineediversite.com\/#organization"},"image":{"@id":"https:\/\/guineediversite.com\/index.php\/2017\/10\/20\/journee-internationale-resolution-conflits-non-celebre-guinee\/#primaryimage"},"thumbnailUrl":"https:\/\/guineediversite.com\/wp-content\/uploads\/2017\/10\/images-4.jpg","keywords":["JOURNEE"],"articleSection":["Soci\u00e9t\u00e9"],"inLanguage":"fr-FR"},{"@type":"WebPage","@id":"https:\/\/guineediversite.com\/index.php\/2017\/10\/20\/journee-internationale-resolution-conflits-non-celebre-guinee\/","url":"https:\/\/guineediversite.com\/index.php\/2017\/10\/20\/journee-internationale-resolution-conflits-non-celebre-guinee\/","name":"La Journ\u00e9e internationale pour la r\u00e9solution des conflits non c\u00e9l\u00e9br\u00e9 en Guin\u00e9e | Guin\u00e9e Diversit\u00e9","isPartOf":{"@id":"https:\/\/guineediversite.com\/#website"},"primaryImageOfPage":{"@id":"https:\/\/guineediversite.com\/index.php\/2017\/10\/20\/journee-internationale-resolution-conflits-non-celebre-guinee\/#primaryimage"},"image":{"@id":"https:\/\/guineediversite.com\/index.php\/2017\/10\/20\/journee-internationale-resolution-conflits-non-celebre-guinee\/#primaryimage"},"thumbnailUrl":"https:\/\/guineediversite.com\/wp-content\/uploads\/2017\/10\/images-4.jpg","datePublished":"2017-10-20T13:30:17+00:00","dateModified":"2017-10-20T13:30:17+00:00","breadcrumb":{"@id":"https:\/\/guineediversite.com\/index.php\/2017\/10\/20\/journee-internationale-resolution-conflits-non-celebre-guinee\/#breadcrumb"},"inLanguage":"fr-FR","potentialAction":[{"@type":"ReadAction","target":["https:\/\/guineediversite.com\/index.php\/2017\/10\/20\/journee-internationale-resolution-conflits-non-celebre-guinee\/"]}]},{"@type":"ImageObject","inLanguage":"fr-FR","@id":"https:\/\/guineediversite.com\/index.php\/2017\/10\/20\/journee-internationale-resolution-conflits-non-celebre-guinee\/#primaryimage","url":"https:\/\/guineediversite.com\/wp-content\/uploads\/2017\/10\/images-4.jpg","contentUrl":"https:\/\/guineediversite.com\/wp-content\/uploads\/2017\/10\/images-4.jpg","width":"1024","height":"1024"},{"@type":"BreadcrumbList","@id":"https:\/\/guineediversite.com\/index.php\/2017\/10\/20\/journee-internationale-resolution-conflits-non-celebre-guinee\/#breadcrumb","itemListElement":[{"@type":"ListItem","position":1,"name":"Accueil","item":"https:\/\/guineediversite.com\/"},{"@type":"ListItem","position":2,"name":"La Journ\u00e9e internationale pour la r\u00e9solution des conflits non c\u00e9l\u00e9br\u00e9 en Guin\u00e9e"}]},{"@type":"WebSite","@id":"https:\/\/guineediversite.com\/#website","url":"https:\/\/guineediversite.com\/","name":"Guin\u00e9e Diversit\u00e9","description":"L&#039;Info dans toute sa diversit\u00e9","publisher":{"@id":"https:\/\/guineediversite.com\/#organization"},"potentialAction":[{"@type":"SearchAction","target":{"@type":"EntryPoint","urlTemplate":"https:\/\/guineediversite.com\/?s={search_term_string}"},"query-input":{"@type":"PropertyValueSpecification","valueRequired":true,"valueName":"search_term_string"}}],"inLanguage":"fr-FR"},{"@type":"Organization","@id":"https:\/\/guineediversite.com\/#organization","name":"Guin\u00e9e Diversit\u00e9","url":"https:\/\/guineediversite.com\/","logo":{"@type":"ImageObject","inLanguage":"fr-FR","@id":"https:\/\/guineediversite.com\/#\/schema\/logo\/image\/","url":"https:\/\/guineediversite.com\/wp-content\/uploads\/2017\/04\/cropped-1jojlxEOMkX9Wyqfhe43D6kjPOGqBBKmx3EwWJqZ0cMrFF54yM49.png","contentUrl":"https:\/\/guineediversite.com\/wp-content\/uploads\/2017\/04\/cropped-1jojlxEOMkX9Wyqfhe43D6kjPOGqBBKmx3EwWJqZ0cMrFF54yM49.png","width":186,"height":112,"caption":"Guin\u00e9e Diversit\u00e9"},"image":{"@id":"https:\/\/guineediversite.com\/#\/schema\/logo\/image\/"},"sameAs":["https:\/\/www.facebook.com\/guineediversite\/","https:\/\/x.com\/GuineeDiversite","https:\/\/www.youtube.com\/channel\/UC8sUY16qelG5ge6_D5SB83g"]},{"@type":"Person","@id":"https:\/\/guineediversite.com\/#\/schema\/person\/c915f4424a17926ee4510e6abdfdc2a5","name":"Lazare Bangoura","image":{"@type":"ImageObject","inLanguage":"fr-FR","@id":"https:\/\/guineediversite.com\/#\/schema\/person\/image\/","url":"https:\/\/secure.gravatar.com\/avatar\/7bab9b6edb46a08bcc394e7e418baf1e?s=96&d=mm&r=g","contentUrl":"https:\/\/secure.gravatar.com\/avatar\/7bab9b6edb46a08bcc394e7e418baf1e?s=96&d=mm&r=g","caption":"Lazare Bangoura"},"url":"https:\/\/guineediversite.com\/index.php\/author\/l-bangoura\/"}]}},"_links":{"self":[{"href":"https:\/\/guineediversite.com\/index.php\/wp-json\/wp\/v2\/posts\/22545"}],"collection":[{"href":"https:\/\/guineediversite.com\/index.php\/wp-json\/wp\/v2\/posts"}],"about":[{"href":"https:\/\/guineediversite.com\/index.php\/wp-json\/wp\/v2\/types\/post"}],"author":[{"embeddable":true,"href":"https:\/\/guineediversite.com\/index.php\/wp-json\/wp\/v2\/users\/14"}],"replies":[{"embeddable":true,"href":"https:\/\/guineediversite.com\/index.php\/wp-json\/wp\/v2\/comments?post=22545"}],"version-history":[{"count":0,"href":"https:\/\/guineediversite.com\/index.php\/wp-json\/wp\/v2\/posts\/22545\/revisions"}],"wp:featuredmedia":[{"embeddable":true,"href":"https:\/\/guineediversite.com\/index.php\/wp-json\/wp\/v2\/media\/22546"}],"wp:attachment":[{"href":"https:\/\/guineediversite.com\/index.php\/wp-json\/wp\/v2\/media?parent=22545"}],"wp:term":[{"taxonomy":"category","embeddable":true,"href":"https:\/\/guineediversite.com\/index.php\/wp-json\/wp\/v2\/categories?post=22545"},{"taxonomy":"post_tag","embeddable":true,"href":"https:\/\/guineediversite.com\/index.php\/wp-json\/wp\/v2\/tags?post=22545"}],"curies":[{"name":"wp","href":"https:\/\/api.w.org\/{rel}","templated":true}]}}