{"id":22542,"date":"2017-10-20T14:05:30","date_gmt":"2017-10-20T12:05:30","guid":{"rendered":"https:\/\/guineediversite.com\/?p=22542"},"modified":"2017-10-20T14:05:30","modified_gmt":"2017-10-20T12:05:30","slug":"journalistes-a-lecole-de-securite-sociale","status":"publish","type":"post","link":"https:\/\/guineediversite.com\/index.php\/2017\/10\/20\/journalistes-a-lecole-de-securite-sociale\/","title":{"rendered":"Des journalistes \u00e0 l\u2019\u00e9cole de la s\u00e9curit\u00e9 sociale"},"content":{"rendered":"<p>La caisse nationale a organis\u00e9 une \u00a0formation \u00e0 l\u2019intention \u00a0des journalistes sur les questions de s\u00e9curit\u00e9 sociale. Cette formation consiste \u00e0 informer\u00a0 les populations sur la s\u00e9curit\u00e9 sociale.<\/p>\n<p>\u00ab\u00a0La caisse nationale de s\u00e9curit\u00e9 sociale \u00e0 l\u2019instar de tout autre organisme charger d\u2019une mission publique est r\u00e9gie par le principe de la recevabilit\u00e9. Dans le cadre stricte de la s\u00e9curit\u00e9 sociale, des r\u00e8gles sont \u00e9dict\u00e9es pour assurer une gestion efficace des ressources humaines et financi\u00e8res des institutions, c\u2019est l\u2019outil de bonne gouvernance b\u00e2ti autour de cinq piliers fondamentaux\u00a0\u00e0 savoir la responsabilit\u00e9, la participation, la transparence, la pr\u00e9visibilit\u00e9 et le dynamisme. Pour l\u2019institution que nous sommes, offrir au monde des m\u00e9dias la possibilit\u00e9 de connaitre la s\u00e9curit\u00e9 sociale, de comprendre les r\u00e8gles et principes en vue d\u2019informer des populations et sensibiliser les usagers, font partie de notre mission\u00a0\u00bb a expliqu\u00e9 Malick SANCKHON directeur g\u00e9n\u00e9ral de la caisse nationale de s\u00e9curit\u00e9 sociale.<\/p>\n<p>Au cours de cette premi\u00e8re journ\u00e9e de formation, plusieurs th\u00e9matiques ont \u00e9t\u00e9 abord\u00e9es.\u00a0\u00ab\u00a0Nous sommes parti sur la g\u00e9n\u00e9ralit\u00e9 de la s\u00e9curit\u00e9 sociale. Dans ces g\u00e9n\u00e9ralit\u00e9s\u00a0,nous avons expliqu\u00e9 ce que c\u2019est que la s\u00e9curit\u00e9 sociale, nous l\u2019avons d\u00e9finie comme un ensemble des mesures publiques destin\u00e9 \u00e0 prot\u00e9ger les travailleurs salari\u00e9s et leurs familles contre les risques sociaux et ces risques sont entre autre\u00a0: la maladie, la maternit\u00e9, les accidents de travail et les maladies professionnel, l\u2019invalidit\u00e9, le d\u00e9c\u00e8s, la vieillesse et les charges de famille. Toute ces \u00e9ventualit\u00e9s se trouvent dans la mission de la caisse nationale de s\u00e9curit\u00e9 sociale,\u00a0\u00bb a indiqu\u00e9 Namalan Keita le conseiller charger de l\u2019organisation et des m\u00e9thodes \u00e0 la direction de la caisse nationale de s\u00e9curit\u00e9 sociale.<\/p>\n<p>Cette formation qui regroupe plusieurs journalistes prendra fin ce vendredi \u00e0 Conakry.<\/p>\n","protected":false},"excerpt":{"rendered":"<p>La caisse nationale a organis\u00e9 une \u00a0formation \u00e0 l\u2019intention \u00a0des journalistes sur les questions de s\u00e9curit\u00e9 sociale. Cette formation consiste \u00e0 informer\u00a0 les populations sur la s\u00e9curit\u00e9 sociale. \u00ab\u00a0La caisse nationale de s\u00e9curit\u00e9 sociale \u00e0 l\u2019instar de tout autre organisme charger d\u2019une mission publique est r\u00e9gie par le principe de la recevabilit\u00e9. Dans le cadre [&hellip;]<\/p>\n","protected":false},"author":10,"featured_media":22543,"comment_status":"closed","ping_status":"closed","sticky":false,"template":"","format":"standard","meta":{"_exactmetrics_skip_tracking":false,"_exactmetrics_sitenote_active":false,"_exactmetrics_sitenote_note":"","_exactmetrics_sitenote_category":0,"tdm_status":"","tdm_grid_status":"","footnotes":""},"categories":[16],"tags":[],"class_list":{"0":"post-22542","1":"post","2":"type-post","3":"status-publish","4":"format-standard","5":"has-post-thumbnail","7":"category-societe"},"yoast_head":"<!-- This site is optimized with the Yoast SEO plugin v24.2 - https:\/\/yoast.com\/wordpress\/plugins\/seo\/ -->\n<title>Des journalistes \u00e0 l\u2019\u00e9cole de la s\u00e9curit\u00e9 sociale | Guin\u00e9e Diversit\u00e9<\/title>\n<meta name=\"robots\" content=\"index, follow, max-snippet:-1, max-image-preview:large, max-video-preview:-1\" \/>\n<link rel=\"canonical\" href=\"https:\/\/guineediversite.com\/index.php\/2017\/10\/20\/journalistes-a-lecole-de-securite-sociale\/\" \/>\n<meta property=\"og:locale\" content=\"fr_FR\" \/>\n<meta property=\"og:type\" content=\"article\" \/>\n<meta property=\"og:title\" content=\"Des journalistes \u00e0 l\u2019\u00e9cole de la s\u00e9curit\u00e9 sociale | Guin\u00e9e Diversit\u00e9\" \/>\n<meta property=\"og:description\" content=\"La caisse nationale a organis\u00e9 une \u00a0formation \u00e0 l\u2019intention \u00a0des journalistes sur les questions de s\u00e9curit\u00e9 sociale. Cette formation consiste \u00e0 informer\u00a0 les populations sur la s\u00e9curit\u00e9 sociale. \u00ab\u00a0La caisse nationale de s\u00e9curit\u00e9 sociale \u00e0 l\u2019instar de tout autre organisme charger d\u2019une mission publique est r\u00e9gie par le principe de la recevabilit\u00e9. Dans le cadre [&hellip;]\" \/>\n<meta property=\"og:url\" content=\"https:\/\/guineediversite.com\/index.php\/2017\/10\/20\/journalistes-a-lecole-de-securite-sociale\/\" \/>\n<meta property=\"og:site_name\" content=\"Guin\u00e9e Diversit\u00e9\" \/>\n<meta property=\"article:publisher\" content=\"https:\/\/www.facebook.com\/guineediversite\/\" \/>\n<meta property=\"article:published_time\" content=\"2017-10-20T12:05:30+00:00\" \/>\n<meta property=\"og:image\" content=\"https:\/\/guineediversite.com\/wp-content\/uploads\/2017\/10\/22662693_2447224378836488_2125928584_o.jpg\" \/>\n\t<meta property=\"og:image:width\" content=\"1776\" \/>\n\t<meta property=\"og:image:height\" content=\"999\" \/>\n\t<meta property=\"og:image:type\" content=\"image\/jpeg\" \/>\n<meta name=\"author\" content=\"Morcire Camara\" \/>\n<meta name=\"twitter:card\" content=\"summary_large_image\" \/>\n<meta name=\"twitter:creator\" content=\"@GuineeDiversite\" \/>\n<meta name=\"twitter:site\" content=\"@GuineeDiversite\" \/>\n<meta name=\"twitter:label1\" content=\"\u00c9crit par\" \/>\n\t<meta name=\"twitter:data1\" content=\"Morcire Camara\" \/>\n\t<meta name=\"twitter:label2\" content=\"Dur\u00e9e de lecture estim\u00e9e\" \/>\n\t<meta name=\"twitter:data2\" content=\"2 minutes\" \/>\n<script type=\"application\/ld+json\" class=\"yoast-schema-graph\">{\"@context\":\"https:\/\/schema.org\",\"@graph\":[{\"@type\":\"Article\",\"@id\":\"https:\/\/guineediversite.com\/index.php\/2017\/10\/20\/journalistes-a-lecole-de-securite-sociale\/#article\",\"isPartOf\":{\"@id\":\"https:\/\/guineediversite.com\/index.php\/2017\/10\/20\/journalistes-a-lecole-de-securite-sociale\/\"},\"author\":{\"name\":\"Morcire Camara\",\"@id\":\"https:\/\/guineediversite.com\/#\/schema\/person\/fa362494c47202ce4b3adf55abcc9d01\"},\"headline\":\"Des journalistes \u00e0 l\u2019\u00e9cole de la s\u00e9curit\u00e9 sociale\",\"datePublished\":\"2017-10-20T12:05:30+00:00\",\"dateModified\":\"2017-10-20T12:05:30+00:00\",\"mainEntityOfPage\":{\"@id\":\"https:\/\/guineediversite.com\/index.php\/2017\/10\/20\/journalistes-a-lecole-de-securite-sociale\/\"},\"wordCount\":334,\"publisher\":{\"@id\":\"https:\/\/guineediversite.com\/#organization\"},\"image\":{\"@id\":\"https:\/\/guineediversite.com\/index.php\/2017\/10\/20\/journalistes-a-lecole-de-securite-sociale\/#primaryimage\"},\"thumbnailUrl\":\"https:\/\/guineediversite.com\/wp-content\/uploads\/2017\/10\/22662693_2447224378836488_2125928584_o.jpg\",\"articleSection\":[\"Soci\u00e9t\u00e9\"],\"inLanguage\":\"fr-FR\"},{\"@type\":\"WebPage\",\"@id\":\"https:\/\/guineediversite.com\/index.php\/2017\/10\/20\/journalistes-a-lecole-de-securite-sociale\/\",\"url\":\"https:\/\/guineediversite.com\/index.php\/2017\/10\/20\/journalistes-a-lecole-de-securite-sociale\/\",\"name\":\"Des journalistes \u00e0 l\u2019\u00e9cole de la s\u00e9curit\u00e9 sociale | Guin\u00e9e Diversit\u00e9\",\"isPartOf\":{\"@id\":\"https:\/\/guineediversite.com\/#website\"},\"primaryImageOfPage\":{\"@id\":\"https:\/\/guineediversite.com\/index.php\/2017\/10\/20\/journalistes-a-lecole-de-securite-sociale\/#primaryimage\"},\"image\":{\"@id\":\"https:\/\/guineediversite.com\/index.php\/2017\/10\/20\/journalistes-a-lecole-de-securite-sociale\/#primaryimage\"},\"thumbnailUrl\":\"https:\/\/guineediversite.com\/wp-content\/uploads\/2017\/10\/22662693_2447224378836488_2125928584_o.jpg\",\"datePublished\":\"2017-10-20T12:05:30+00:00\",\"dateModified\":\"2017-10-20T12:05:30+00:00\",\"breadcrumb\":{\"@id\":\"https:\/\/guineediversite.com\/index.php\/2017\/10\/20\/journalistes-a-lecole-de-securite-sociale\/#breadcrumb\"},\"inLanguage\":\"fr-FR\",\"potentialAction\":[{\"@type\":\"ReadAction\",\"target\":[\"https:\/\/guineediversite.com\/index.php\/2017\/10\/20\/journalistes-a-lecole-de-securite-sociale\/\"]}]},{\"@type\":\"ImageObject\",\"inLanguage\":\"fr-FR\",\"@id\":\"https:\/\/guineediversite.com\/index.php\/2017\/10\/20\/journalistes-a-lecole-de-securite-sociale\/#primaryimage\",\"url\":\"https:\/\/guineediversite.com\/wp-content\/uploads\/2017\/10\/22662693_2447224378836488_2125928584_o.jpg\",\"contentUrl\":\"https:\/\/guineediversite.com\/wp-content\/uploads\/2017\/10\/22662693_2447224378836488_2125928584_o.jpg\",\"width\":\"1776\",\"height\":\"999\"},{\"@type\":\"BreadcrumbList\",\"@id\":\"https:\/\/guineediversite.com\/index.php\/2017\/10\/20\/journalistes-a-lecole-de-securite-sociale\/#breadcrumb\",\"itemListElement\":[{\"@type\":\"ListItem\",\"position\":1,\"name\":\"Accueil\",\"item\":\"https:\/\/guineediversite.com\/\"},{\"@type\":\"ListItem\",\"position\":2,\"name\":\"Des journalistes \u00e0 l\u2019\u00e9cole de la s\u00e9curit\u00e9 sociale\"}]},{\"@type\":\"WebSite\",\"@id\":\"https:\/\/guineediversite.com\/#website\",\"url\":\"https:\/\/guineediversite.com\/\",\"name\":\"Guin\u00e9e Diversit\u00e9\",\"description\":\"L&#039;Info dans toute sa diversit\u00e9\",\"publisher\":{\"@id\":\"https:\/\/guineediversite.com\/#organization\"},\"potentialAction\":[{\"@type\":\"SearchAction\",\"target\":{\"@type\":\"EntryPoint\",\"urlTemplate\":\"https:\/\/guineediversite.com\/?s={search_term_string}\"},\"query-input\":{\"@type\":\"PropertyValueSpecification\",\"valueRequired\":true,\"valueName\":\"search_term_string\"}}],\"inLanguage\":\"fr-FR\"},{\"@type\":\"Organization\",\"@id\":\"https:\/\/guineediversite.com\/#organization\",\"name\":\"Guin\u00e9e Diversit\u00e9\",\"url\":\"https:\/\/guineediversite.com\/\",\"logo\":{\"@type\":\"ImageObject\",\"inLanguage\":\"fr-FR\",\"@id\":\"https:\/\/guineediversite.com\/#\/schema\/logo\/image\/\",\"url\":\"https:\/\/guineediversite.com\/wp-content\/uploads\/2017\/04\/cropped-1jojlxEOMkX9Wyqfhe43D6kjPOGqBBKmx3EwWJqZ0cMrFF54yM49.png\",\"contentUrl\":\"https:\/\/guineediversite.com\/wp-content\/uploads\/2017\/04\/cropped-1jojlxEOMkX9Wyqfhe43D6kjPOGqBBKmx3EwWJqZ0cMrFF54yM49.png\",\"width\":186,\"height\":112,\"caption\":\"Guin\u00e9e Diversit\u00e9\"},\"image\":{\"@id\":\"https:\/\/guineediversite.com\/#\/schema\/logo\/image\/\"},\"sameAs\":[\"https:\/\/www.facebook.com\/guineediversite\/\",\"https:\/\/x.com\/GuineeDiversite\",\"https:\/\/www.youtube.com\/channel\/UC8sUY16qelG5ge6_D5SB83g\"]},{\"@type\":\"Person\",\"@id\":\"https:\/\/guineediversite.com\/#\/schema\/person\/fa362494c47202ce4b3adf55abcc9d01\",\"name\":\"Morcire Camara\",\"image\":{\"@type\":\"ImageObject\",\"inLanguage\":\"fr-FR\",\"@id\":\"https:\/\/guineediversite.com\/#\/schema\/person\/image\/\",\"url\":\"https:\/\/secure.gravatar.com\/avatar\/3ec324f02295bbcebe03d99b39330ab4?s=96&d=mm&r=g\",\"contentUrl\":\"https:\/\/secure.gravatar.com\/avatar\/3ec324f02295bbcebe03d99b39330ab4?s=96&d=mm&r=g\",\"caption\":\"Morcire Camara\"},\"url\":\"https:\/\/guineediversite.com\/index.php\/author\/morcire\/\"}]}<\/script>\n<!-- \/ Yoast SEO plugin. -->","yoast_head_json":{"title":"Des journalistes \u00e0 l\u2019\u00e9cole de la s\u00e9curit\u00e9 sociale | Guin\u00e9e Diversit\u00e9","robots":{"index":"index","follow":"follow","max-snippet":"max-snippet:-1","max-image-preview":"max-image-preview:large","max-video-preview":"max-video-preview:-1"},"canonical":"https:\/\/guineediversite.com\/index.php\/2017\/10\/20\/journalistes-a-lecole-de-securite-sociale\/","og_locale":"fr_FR","og_type":"article","og_title":"Des journalistes \u00e0 l\u2019\u00e9cole de la s\u00e9curit\u00e9 sociale | Guin\u00e9e Diversit\u00e9","og_description":"La caisse nationale a organis\u00e9 une \u00a0formation \u00e0 l\u2019intention \u00a0des journalistes sur les questions de s\u00e9curit\u00e9 sociale. Cette formation consiste \u00e0 informer\u00a0 les populations sur la s\u00e9curit\u00e9 sociale. \u00ab\u00a0La caisse nationale de s\u00e9curit\u00e9 sociale \u00e0 l\u2019instar de tout autre organisme charger d\u2019une mission publique est r\u00e9gie par le principe de la recevabilit\u00e9. Dans le cadre [&hellip;]","og_url":"https:\/\/guineediversite.com\/index.php\/2017\/10\/20\/journalistes-a-lecole-de-securite-sociale\/","og_site_name":"Guin\u00e9e Diversit\u00e9","article_publisher":"https:\/\/www.facebook.com\/guineediversite\/","article_published_time":"2017-10-20T12:05:30+00:00","og_image":[{"width":1776,"height":999,"url":"https:\/\/guineediversite.com\/wp-content\/uploads\/2017\/10\/22662693_2447224378836488_2125928584_o.jpg","type":"image\/jpeg"}],"author":"Morcire Camara","twitter_card":"summary_large_image","twitter_creator":"@GuineeDiversite","twitter_site":"@GuineeDiversite","twitter_misc":{"\u00c9crit par":"Morcire Camara","Dur\u00e9e de lecture estim\u00e9e":"2 minutes"},"schema":{"@context":"https:\/\/schema.org","@graph":[{"@type":"Article","@id":"https:\/\/guineediversite.com\/index.php\/2017\/10\/20\/journalistes-a-lecole-de-securite-sociale\/#article","isPartOf":{"@id":"https:\/\/guineediversite.com\/index.php\/2017\/10\/20\/journalistes-a-lecole-de-securite-sociale\/"},"author":{"name":"Morcire Camara","@id":"https:\/\/guineediversite.com\/#\/schema\/person\/fa362494c47202ce4b3adf55abcc9d01"},"headline":"Des journalistes \u00e0 l\u2019\u00e9cole de la s\u00e9curit\u00e9 sociale","datePublished":"2017-10-20T12:05:30+00:00","dateModified":"2017-10-20T12:05:30+00:00","mainEntityOfPage":{"@id":"https:\/\/guineediversite.com\/index.php\/2017\/10\/20\/journalistes-a-lecole-de-securite-sociale\/"},"wordCount":334,"publisher":{"@id":"https:\/\/guineediversite.com\/#organization"},"image":{"@id":"https:\/\/guineediversite.com\/index.php\/2017\/10\/20\/journalistes-a-lecole-de-securite-sociale\/#primaryimage"},"thumbnailUrl":"https:\/\/guineediversite.com\/wp-content\/uploads\/2017\/10\/22662693_2447224378836488_2125928584_o.jpg","articleSection":["Soci\u00e9t\u00e9"],"inLanguage":"fr-FR"},{"@type":"WebPage","@id":"https:\/\/guineediversite.com\/index.php\/2017\/10\/20\/journalistes-a-lecole-de-securite-sociale\/","url":"https:\/\/guineediversite.com\/index.php\/2017\/10\/20\/journalistes-a-lecole-de-securite-sociale\/","name":"Des journalistes \u00e0 l\u2019\u00e9cole de la s\u00e9curit\u00e9 sociale | Guin\u00e9e Diversit\u00e9","isPartOf":{"@id":"https:\/\/guineediversite.com\/#website"},"primaryImageOfPage":{"@id":"https:\/\/guineediversite.com\/index.php\/2017\/10\/20\/journalistes-a-lecole-de-securite-sociale\/#primaryimage"},"image":{"@id":"https:\/\/guineediversite.com\/index.php\/2017\/10\/20\/journalistes-a-lecole-de-securite-sociale\/#primaryimage"},"thumbnailUrl":"https:\/\/guineediversite.com\/wp-content\/uploads\/2017\/10\/22662693_2447224378836488_2125928584_o.jpg","datePublished":"2017-10-20T12:05:30+00:00","dateModified":"2017-10-20T12:05:30+00:00","breadcrumb":{"@id":"https:\/\/guineediversite.com\/index.php\/2017\/10\/20\/journalistes-a-lecole-de-securite-sociale\/#breadcrumb"},"inLanguage":"fr-FR","potentialAction":[{"@type":"ReadAction","target":["https:\/\/guineediversite.com\/index.php\/2017\/10\/20\/journalistes-a-lecole-de-securite-sociale\/"]}]},{"@type":"ImageObject","inLanguage":"fr-FR","@id":"https:\/\/guineediversite.com\/index.php\/2017\/10\/20\/journalistes-a-lecole-de-securite-sociale\/#primaryimage","url":"https:\/\/guineediversite.com\/wp-content\/uploads\/2017\/10\/22662693_2447224378836488_2125928584_o.jpg","contentUrl":"https:\/\/guineediversite.com\/wp-content\/uploads\/2017\/10\/22662693_2447224378836488_2125928584_o.jpg","width":"1776","height":"999"},{"@type":"BreadcrumbList","@id":"https:\/\/guineediversite.com\/index.php\/2017\/10\/20\/journalistes-a-lecole-de-securite-sociale\/#breadcrumb","itemListElement":[{"@type":"ListItem","position":1,"name":"Accueil","item":"https:\/\/guineediversite.com\/"},{"@type":"ListItem","position":2,"name":"Des journalistes \u00e0 l\u2019\u00e9cole de la s\u00e9curit\u00e9 sociale"}]},{"@type":"WebSite","@id":"https:\/\/guineediversite.com\/#website","url":"https:\/\/guineediversite.com\/","name":"Guin\u00e9e Diversit\u00e9","description":"L&#039;Info dans toute sa diversit\u00e9","publisher":{"@id":"https:\/\/guineediversite.com\/#organization"},"potentialAction":[{"@type":"SearchAction","target":{"@type":"EntryPoint","urlTemplate":"https:\/\/guineediversite.com\/?s={search_term_string}"},"query-input":{"@type":"PropertyValueSpecification","valueRequired":true,"valueName":"search_term_string"}}],"inLanguage":"fr-FR"},{"@type":"Organization","@id":"https:\/\/guineediversite.com\/#organization","name":"Guin\u00e9e Diversit\u00e9","url":"https:\/\/guineediversite.com\/","logo":{"@type":"ImageObject","inLanguage":"fr-FR","@id":"https:\/\/guineediversite.com\/#\/schema\/logo\/image\/","url":"https:\/\/guineediversite.com\/wp-content\/uploads\/2017\/04\/cropped-1jojlxEOMkX9Wyqfhe43D6kjPOGqBBKmx3EwWJqZ0cMrFF54yM49.png","contentUrl":"https:\/\/guineediversite.com\/wp-content\/uploads\/2017\/04\/cropped-1jojlxEOMkX9Wyqfhe43D6kjPOGqBBKmx3EwWJqZ0cMrFF54yM49.png","width":186,"height":112,"caption":"Guin\u00e9e Diversit\u00e9"},"image":{"@id":"https:\/\/guineediversite.com\/#\/schema\/logo\/image\/"},"sameAs":["https:\/\/www.facebook.com\/guineediversite\/","https:\/\/x.com\/GuineeDiversite","https:\/\/www.youtube.com\/channel\/UC8sUY16qelG5ge6_D5SB83g"]},{"@type":"Person","@id":"https:\/\/guineediversite.com\/#\/schema\/person\/fa362494c47202ce4b3adf55abcc9d01","name":"Morcire Camara","image":{"@type":"ImageObject","inLanguage":"fr-FR","@id":"https:\/\/guineediversite.com\/#\/schema\/person\/image\/","url":"https:\/\/secure.gravatar.com\/avatar\/3ec324f02295bbcebe03d99b39330ab4?s=96&d=mm&r=g","contentUrl":"https:\/\/secure.gravatar.com\/avatar\/3ec324f02295bbcebe03d99b39330ab4?s=96&d=mm&r=g","caption":"Morcire Camara"},"url":"https:\/\/guineediversite.com\/index.php\/author\/morcire\/"}]}},"_links":{"self":[{"href":"https:\/\/guineediversite.com\/index.php\/wp-json\/wp\/v2\/posts\/22542"}],"collection":[{"href":"https:\/\/guineediversite.com\/index.php\/wp-json\/wp\/v2\/posts"}],"about":[{"href":"https:\/\/guineediversite.com\/index.php\/wp-json\/wp\/v2\/types\/post"}],"author":[{"embeddable":true,"href":"https:\/\/guineediversite.com\/index.php\/wp-json\/wp\/v2\/users\/10"}],"replies":[{"embeddable":true,"href":"https:\/\/guineediversite.com\/index.php\/wp-json\/wp\/v2\/comments?post=22542"}],"version-history":[{"count":0,"href":"https:\/\/guineediversite.com\/index.php\/wp-json\/wp\/v2\/posts\/22542\/revisions"}],"wp:featuredmedia":[{"embeddable":true,"href":"https:\/\/guineediversite.com\/index.php\/wp-json\/wp\/v2\/media\/22543"}],"wp:attachment":[{"href":"https:\/\/guineediversite.com\/index.php\/wp-json\/wp\/v2\/media?parent=22542"}],"wp:term":[{"taxonomy":"category","embeddable":true,"href":"https:\/\/guineediversite.com\/index.php\/wp-json\/wp\/v2\/categories?post=22542"},{"taxonomy":"post_tag","embeddable":true,"href":"https:\/\/guineediversite.com\/index.php\/wp-json\/wp\/v2\/tags?post=22542"}],"curies":[{"name":"wp","href":"https:\/\/api.w.org\/{rel}","templated":true}]}}