{"id":22508,"date":"2017-10-18T16:10:39","date_gmt":"2017-10-18T14:10:39","guid":{"rendered":"https:\/\/guineediversite.com\/?p=22508"},"modified":"2017-10-18T16:10:39","modified_gmt":"2017-10-18T14:10:39","slug":"gueckedou-vers-diagnostique-problemes-socioeconomiques-de-prefecture","status":"publish","type":"post","link":"https:\/\/guineediversite.com\/index.php\/2017\/10\/18\/gueckedou-vers-diagnostique-problemes-socioeconomiques-de-prefecture\/","title":{"rendered":"Gueck\u00e9dou : vers un diagnostique des probl\u00e8mes socio\u00e9conomiques de la pr\u00e9fecture"},"content":{"rendered":"<p>Les membres du Cadre de Concertation des Jeunes de Gu\u00e9ck\u00e9dou \u00e9taient face \u00e0 la presse \u00e0 Conakry, ce mardi 17 octobre 2017, pour faire le point sur le Forum \u00e9conomique et social pour le d\u00e9veloppement de Gueck\u00e9dou qu&rsquo;ils projettent d&rsquo;organiser dans ladite pr\u00e9fecture, du 17 au 19 novembre prochain.<\/p>\n<p>Dans son intervention, le chef d&rsquo;antenne du Cadre de Concertation des Jeunes de Gu\u00e9ck\u00e9dou \u00e0 Conakry, Jean Tamba Koundounou a expliqu\u00e9 les raisons qui ont entre autres pouss\u00e9 sa structure \u00e0 entreprendre cette initiative. \u00ab Nous voulons attirer l&rsquo;attention non seulement de l&rsquo;\u00c9tat, mais aussi de tous les ressortissants, les amis et les sympathisants de Gu\u00e9ck\u00e9dou sur les maux dont souffre la pr\u00e9fecture. Vous le savez bien, Gu\u00e9ck\u00e9dou a beaucoup souffert, bien que nous ne sommes pas la seule pr\u00e9fecture qui a souffert ou qui continue \u00e0 souffrir en Guin\u00e9e, mais nous voulons attirer l&rsquo;attention des uns et des autres sur le cas particulier \u00a0de Gu\u00e9ck\u00e9dou, qui a vraiment travers\u00e9 des \u00e9tapes tr\u00e8s difficiles. \u00c0 commencer par la guerre de 2000 \u00e0 2001, en passant par l&rsquo;\u00e9pid\u00e9mie \u00e0 virus Ebola qui a s\u00e9vi dans cette pr\u00e9fecture de 2014 \u00e0 2015 \u00bb, a-t-il indiqu\u00e9.<\/p>\n<p>Durant trois jours, selon Jean Tamba Koundounou, les ressortissants, amis et sympathisants de Gu\u00e9ck\u00e9dou, se retrouveront pour discuter ensemble des probl\u00e8mes socio\u00e9conomiques et trouver des solutions idoines afin de sortir la pr\u00e9fecture du calvaire quelle vie actuellement. \u00ab C&rsquo;est \u00e9galement pour diagnostiquer les r\u00e9els probl\u00e8mes de Gu\u00e9ck\u00e9dou, parce qu&rsquo;aujourd&rsquo;hui la population est m\u00e9contente. Pourquoi ce m\u00e9contentement ? Pourquoi souvent des quiproquos ? C&rsquo;est parce que souvent les gens sont en manque du minimum, nous voulons diagnostiquer tous ces aspects-l\u00e0, pour non seulement install\u00e9 la paix, mais aussi pour booster le d\u00e9veloppement de la pr\u00e9fecture de Gu\u00e9k\u00e9dou \u00bb, a-t-il expliqu\u00e9.<\/p>\n<p>Par ailleurs, les organisateurs ont pr\u00e9cis\u00e9 que cet \u00e9v\u00e8nement se tiendra sous le haut patronage du gouvernement guin\u00e9en et que le projet est jusque-l\u00e0, financ\u00e9 sous fonds propre de la structure initiatrice.<\/p>\n","protected":false},"excerpt":{"rendered":"<p>Les membres du Cadre de Concertation des Jeunes de Gu\u00e9ck\u00e9dou \u00e9taient face \u00e0 la presse \u00e0 Conakry, ce mardi 17 octobre 2017, pour faire le point sur le Forum \u00e9conomique et social pour le d\u00e9veloppement de Gueck\u00e9dou qu&rsquo;ils projettent d&rsquo;organiser dans ladite pr\u00e9fecture, du 17 au 19 novembre prochain. Dans son intervention, le chef d&rsquo;antenne [&hellip;]<\/p>\n","protected":false},"author":9,"featured_media":22509,"comment_status":"closed","ping_status":"closed","sticky":false,"template":"","format":"standard","meta":{"_exactmetrics_skip_tracking":false,"_exactmetrics_sitenote_active":false,"_exactmetrics_sitenote_note":"","_exactmetrics_sitenote_category":0,"tdm_status":"","tdm_grid_status":"","footnotes":""},"categories":[16],"tags":[297],"class_list":{"0":"post-22508","1":"post","2":"type-post","3":"status-publish","4":"format-standard","5":"has-post-thumbnail","7":"category-societe","8":"tag-gueckedou"},"yoast_head":"<!-- This site is optimized with the Yoast SEO plugin v24.2 - https:\/\/yoast.com\/wordpress\/plugins\/seo\/ -->\n<title>Gueck\u00e9dou : vers un diagnostique des probl\u00e8mes socio\u00e9conomiques de la pr\u00e9fecture | Guin\u00e9e Diversit\u00e9<\/title>\n<meta name=\"robots\" content=\"index, follow, max-snippet:-1, max-image-preview:large, max-video-preview:-1\" \/>\n<link rel=\"canonical\" href=\"https:\/\/guineediversite.com\/index.php\/2017\/10\/18\/gueckedou-vers-diagnostique-problemes-socioeconomiques-de-prefecture\/\" \/>\n<meta property=\"og:locale\" content=\"fr_FR\" \/>\n<meta property=\"og:type\" content=\"article\" \/>\n<meta property=\"og:title\" content=\"Gueck\u00e9dou : vers un diagnostique des probl\u00e8mes socio\u00e9conomiques de la pr\u00e9fecture | Guin\u00e9e Diversit\u00e9\" \/>\n<meta property=\"og:description\" content=\"Les membres du Cadre de Concertation des Jeunes de Gu\u00e9ck\u00e9dou \u00e9taient face \u00e0 la presse \u00e0 Conakry, ce mardi 17 octobre 2017, pour faire le point sur le Forum \u00e9conomique et social pour le d\u00e9veloppement de Gueck\u00e9dou qu&rsquo;ils projettent d&rsquo;organiser dans ladite pr\u00e9fecture, du 17 au 19 novembre prochain. Dans son intervention, le chef d&rsquo;antenne [&hellip;]\" \/>\n<meta property=\"og:url\" content=\"https:\/\/guineediversite.com\/index.php\/2017\/10\/18\/gueckedou-vers-diagnostique-problemes-socioeconomiques-de-prefecture\/\" \/>\n<meta property=\"og:site_name\" content=\"Guin\u00e9e Diversit\u00e9\" \/>\n<meta property=\"article:publisher\" content=\"https:\/\/www.facebook.com\/guineediversite\/\" \/>\n<meta property=\"article:published_time\" content=\"2017-10-18T14:10:39+00:00\" \/>\n<meta property=\"og:image\" content=\"https:\/\/guineediversite.com\/wp-content\/uploads\/2017\/10\/IMG_20171017_175844_087.jpg\" \/>\n\t<meta property=\"og:image:width\" content=\"2374\" \/>\n\t<meta property=\"og:image:height\" content=\"2448\" \/>\n\t<meta property=\"og:image:type\" content=\"image\/jpeg\" \/>\n<meta name=\"author\" content=\"Mohamed Soumah\" \/>\n<meta name=\"twitter:card\" content=\"summary_large_image\" \/>\n<meta name=\"twitter:creator\" content=\"@GuineeDiversite\" \/>\n<meta name=\"twitter:site\" content=\"@GuineeDiversite\" \/>\n<meta name=\"twitter:label1\" content=\"\u00c9crit par\" \/>\n\t<meta name=\"twitter:data1\" content=\"Mohamed Soumah\" \/>\n\t<meta name=\"twitter:label2\" content=\"Dur\u00e9e de lecture estim\u00e9e\" \/>\n\t<meta name=\"twitter:data2\" content=\"2 minutes\" \/>\n<script type=\"application\/ld+json\" class=\"yoast-schema-graph\">{\"@context\":\"https:\/\/schema.org\",\"@graph\":[{\"@type\":\"Article\",\"@id\":\"https:\/\/guineediversite.com\/index.php\/2017\/10\/18\/gueckedou-vers-diagnostique-problemes-socioeconomiques-de-prefecture\/#article\",\"isPartOf\":{\"@id\":\"https:\/\/guineediversite.com\/index.php\/2017\/10\/18\/gueckedou-vers-diagnostique-problemes-socioeconomiques-de-prefecture\/\"},\"author\":{\"name\":\"Mohamed Soumah\",\"@id\":\"https:\/\/guineediversite.com\/#\/schema\/person\/6fd709a160384bf74b931ededf0856f3\"},\"headline\":\"Gueck\u00e9dou : vers un diagnostique des probl\u00e8mes socio\u00e9conomiques de la pr\u00e9fecture\",\"datePublished\":\"2017-10-18T14:10:39+00:00\",\"dateModified\":\"2017-10-18T14:10:39+00:00\",\"mainEntityOfPage\":{\"@id\":\"https:\/\/guineediversite.com\/index.php\/2017\/10\/18\/gueckedou-vers-diagnostique-problemes-socioeconomiques-de-prefecture\/\"},\"wordCount\":363,\"publisher\":{\"@id\":\"https:\/\/guineediversite.com\/#organization\"},\"image\":{\"@id\":\"https:\/\/guineediversite.com\/index.php\/2017\/10\/18\/gueckedou-vers-diagnostique-problemes-socioeconomiques-de-prefecture\/#primaryimage\"},\"thumbnailUrl\":\"https:\/\/guineediversite.com\/wp-content\/uploads\/2017\/10\/IMG_20171017_175844_087.jpg\",\"keywords\":[\"gueckedou\"],\"articleSection\":[\"Soci\u00e9t\u00e9\"],\"inLanguage\":\"fr-FR\"},{\"@type\":\"WebPage\",\"@id\":\"https:\/\/guineediversite.com\/index.php\/2017\/10\/18\/gueckedou-vers-diagnostique-problemes-socioeconomiques-de-prefecture\/\",\"url\":\"https:\/\/guineediversite.com\/index.php\/2017\/10\/18\/gueckedou-vers-diagnostique-problemes-socioeconomiques-de-prefecture\/\",\"name\":\"Gueck\u00e9dou : vers un diagnostique des probl\u00e8mes socio\u00e9conomiques de la pr\u00e9fecture | Guin\u00e9e Diversit\u00e9\",\"isPartOf\":{\"@id\":\"https:\/\/guineediversite.com\/#website\"},\"primaryImageOfPage\":{\"@id\":\"https:\/\/guineediversite.com\/index.php\/2017\/10\/18\/gueckedou-vers-diagnostique-problemes-socioeconomiques-de-prefecture\/#primaryimage\"},\"image\":{\"@id\":\"https:\/\/guineediversite.com\/index.php\/2017\/10\/18\/gueckedou-vers-diagnostique-problemes-socioeconomiques-de-prefecture\/#primaryimage\"},\"thumbnailUrl\":\"https:\/\/guineediversite.com\/wp-content\/uploads\/2017\/10\/IMG_20171017_175844_087.jpg\",\"datePublished\":\"2017-10-18T14:10:39+00:00\",\"dateModified\":\"2017-10-18T14:10:39+00:00\",\"breadcrumb\":{\"@id\":\"https:\/\/guineediversite.com\/index.php\/2017\/10\/18\/gueckedou-vers-diagnostique-problemes-socioeconomiques-de-prefecture\/#breadcrumb\"},\"inLanguage\":\"fr-FR\",\"potentialAction\":[{\"@type\":\"ReadAction\",\"target\":[\"https:\/\/guineediversite.com\/index.php\/2017\/10\/18\/gueckedou-vers-diagnostique-problemes-socioeconomiques-de-prefecture\/\"]}]},{\"@type\":\"ImageObject\",\"inLanguage\":\"fr-FR\",\"@id\":\"https:\/\/guineediversite.com\/index.php\/2017\/10\/18\/gueckedou-vers-diagnostique-problemes-socioeconomiques-de-prefecture\/#primaryimage\",\"url\":\"https:\/\/guineediversite.com\/wp-content\/uploads\/2017\/10\/IMG_20171017_175844_087.jpg\",\"contentUrl\":\"https:\/\/guineediversite.com\/wp-content\/uploads\/2017\/10\/IMG_20171017_175844_087.jpg\",\"width\":\"2374\",\"height\":\"2448\"},{\"@type\":\"BreadcrumbList\",\"@id\":\"https:\/\/guineediversite.com\/index.php\/2017\/10\/18\/gueckedou-vers-diagnostique-problemes-socioeconomiques-de-prefecture\/#breadcrumb\",\"itemListElement\":[{\"@type\":\"ListItem\",\"position\":1,\"name\":\"Accueil\",\"item\":\"https:\/\/guineediversite.com\/\"},{\"@type\":\"ListItem\",\"position\":2,\"name\":\"Gueck\u00e9dou : vers un diagnostique des probl\u00e8mes socio\u00e9conomiques de la pr\u00e9fecture\"}]},{\"@type\":\"WebSite\",\"@id\":\"https:\/\/guineediversite.com\/#website\",\"url\":\"https:\/\/guineediversite.com\/\",\"name\":\"Guin\u00e9e Diversit\u00e9\",\"description\":\"L&#039;Info dans toute sa diversit\u00e9\",\"publisher\":{\"@id\":\"https:\/\/guineediversite.com\/#organization\"},\"potentialAction\":[{\"@type\":\"SearchAction\",\"target\":{\"@type\":\"EntryPoint\",\"urlTemplate\":\"https:\/\/guineediversite.com\/?s={search_term_string}\"},\"query-input\":{\"@type\":\"PropertyValueSpecification\",\"valueRequired\":true,\"valueName\":\"search_term_string\"}}],\"inLanguage\":\"fr-FR\"},{\"@type\":\"Organization\",\"@id\":\"https:\/\/guineediversite.com\/#organization\",\"name\":\"Guin\u00e9e Diversit\u00e9\",\"url\":\"https:\/\/guineediversite.com\/\",\"logo\":{\"@type\":\"ImageObject\",\"inLanguage\":\"fr-FR\",\"@id\":\"https:\/\/guineediversite.com\/#\/schema\/logo\/image\/\",\"url\":\"https:\/\/guineediversite.com\/wp-content\/uploads\/2017\/04\/cropped-1jojlxEOMkX9Wyqfhe43D6kjPOGqBBKmx3EwWJqZ0cMrFF54yM49.png\",\"contentUrl\":\"https:\/\/guineediversite.com\/wp-content\/uploads\/2017\/04\/cropped-1jojlxEOMkX9Wyqfhe43D6kjPOGqBBKmx3EwWJqZ0cMrFF54yM49.png\",\"width\":186,\"height\":112,\"caption\":\"Guin\u00e9e Diversit\u00e9\"},\"image\":{\"@id\":\"https:\/\/guineediversite.com\/#\/schema\/logo\/image\/\"},\"sameAs\":[\"https:\/\/www.facebook.com\/guineediversite\/\",\"https:\/\/x.com\/GuineeDiversite\",\"https:\/\/www.youtube.com\/channel\/UC8sUY16qelG5ge6_D5SB83g\"]},{\"@type\":\"Person\",\"@id\":\"https:\/\/guineediversite.com\/#\/schema\/person\/6fd709a160384bf74b931ededf0856f3\",\"name\":\"Mohamed Soumah\",\"image\":{\"@type\":\"ImageObject\",\"inLanguage\":\"fr-FR\",\"@id\":\"https:\/\/guineediversite.com\/#\/schema\/person\/image\/\",\"url\":\"https:\/\/secure.gravatar.com\/avatar\/4c1e00b5ab2c2b85b5c9be70590b9f67?s=96&d=mm&r=g\",\"contentUrl\":\"https:\/\/secure.gravatar.com\/avatar\/4c1e00b5ab2c2b85b5c9be70590b9f67?s=96&d=mm&r=g\",\"caption\":\"Mohamed Soumah\"},\"url\":\"https:\/\/guineediversite.com\/index.php\/author\/mohamed\/\"}]}<\/script>\n<!-- \/ Yoast SEO plugin. -->","yoast_head_json":{"title":"Gueck\u00e9dou : vers un diagnostique des probl\u00e8mes socio\u00e9conomiques de la pr\u00e9fecture | Guin\u00e9e Diversit\u00e9","robots":{"index":"index","follow":"follow","max-snippet":"max-snippet:-1","max-image-preview":"max-image-preview:large","max-video-preview":"max-video-preview:-1"},"canonical":"https:\/\/guineediversite.com\/index.php\/2017\/10\/18\/gueckedou-vers-diagnostique-problemes-socioeconomiques-de-prefecture\/","og_locale":"fr_FR","og_type":"article","og_title":"Gueck\u00e9dou : vers un diagnostique des probl\u00e8mes socio\u00e9conomiques de la pr\u00e9fecture | Guin\u00e9e Diversit\u00e9","og_description":"Les membres du Cadre de Concertation des Jeunes de Gu\u00e9ck\u00e9dou \u00e9taient face \u00e0 la presse \u00e0 Conakry, ce mardi 17 octobre 2017, pour faire le point sur le Forum \u00e9conomique et social pour le d\u00e9veloppement de Gueck\u00e9dou qu&rsquo;ils projettent d&rsquo;organiser dans ladite pr\u00e9fecture, du 17 au 19 novembre prochain. Dans son intervention, le chef d&rsquo;antenne [&hellip;]","og_url":"https:\/\/guineediversite.com\/index.php\/2017\/10\/18\/gueckedou-vers-diagnostique-problemes-socioeconomiques-de-prefecture\/","og_site_name":"Guin\u00e9e Diversit\u00e9","article_publisher":"https:\/\/www.facebook.com\/guineediversite\/","article_published_time":"2017-10-18T14:10:39+00:00","og_image":[{"width":2374,"height":2448,"url":"https:\/\/guineediversite.com\/wp-content\/uploads\/2017\/10\/IMG_20171017_175844_087.jpg","type":"image\/jpeg"}],"author":"Mohamed Soumah","twitter_card":"summary_large_image","twitter_creator":"@GuineeDiversite","twitter_site":"@GuineeDiversite","twitter_misc":{"\u00c9crit par":"Mohamed Soumah","Dur\u00e9e de lecture estim\u00e9e":"2 minutes"},"schema":{"@context":"https:\/\/schema.org","@graph":[{"@type":"Article","@id":"https:\/\/guineediversite.com\/index.php\/2017\/10\/18\/gueckedou-vers-diagnostique-problemes-socioeconomiques-de-prefecture\/#article","isPartOf":{"@id":"https:\/\/guineediversite.com\/index.php\/2017\/10\/18\/gueckedou-vers-diagnostique-problemes-socioeconomiques-de-prefecture\/"},"author":{"name":"Mohamed Soumah","@id":"https:\/\/guineediversite.com\/#\/schema\/person\/6fd709a160384bf74b931ededf0856f3"},"headline":"Gueck\u00e9dou : vers un diagnostique des probl\u00e8mes socio\u00e9conomiques de la pr\u00e9fecture","datePublished":"2017-10-18T14:10:39+00:00","dateModified":"2017-10-18T14:10:39+00:00","mainEntityOfPage":{"@id":"https:\/\/guineediversite.com\/index.php\/2017\/10\/18\/gueckedou-vers-diagnostique-problemes-socioeconomiques-de-prefecture\/"},"wordCount":363,"publisher":{"@id":"https:\/\/guineediversite.com\/#organization"},"image":{"@id":"https:\/\/guineediversite.com\/index.php\/2017\/10\/18\/gueckedou-vers-diagnostique-problemes-socioeconomiques-de-prefecture\/#primaryimage"},"thumbnailUrl":"https:\/\/guineediversite.com\/wp-content\/uploads\/2017\/10\/IMG_20171017_175844_087.jpg","keywords":["gueckedou"],"articleSection":["Soci\u00e9t\u00e9"],"inLanguage":"fr-FR"},{"@type":"WebPage","@id":"https:\/\/guineediversite.com\/index.php\/2017\/10\/18\/gueckedou-vers-diagnostique-problemes-socioeconomiques-de-prefecture\/","url":"https:\/\/guineediversite.com\/index.php\/2017\/10\/18\/gueckedou-vers-diagnostique-problemes-socioeconomiques-de-prefecture\/","name":"Gueck\u00e9dou : vers un diagnostique des probl\u00e8mes socio\u00e9conomiques de la pr\u00e9fecture | Guin\u00e9e Diversit\u00e9","isPartOf":{"@id":"https:\/\/guineediversite.com\/#website"},"primaryImageOfPage":{"@id":"https:\/\/guineediversite.com\/index.php\/2017\/10\/18\/gueckedou-vers-diagnostique-problemes-socioeconomiques-de-prefecture\/#primaryimage"},"image":{"@id":"https:\/\/guineediversite.com\/index.php\/2017\/10\/18\/gueckedou-vers-diagnostique-problemes-socioeconomiques-de-prefecture\/#primaryimage"},"thumbnailUrl":"https:\/\/guineediversite.com\/wp-content\/uploads\/2017\/10\/IMG_20171017_175844_087.jpg","datePublished":"2017-10-18T14:10:39+00:00","dateModified":"2017-10-18T14:10:39+00:00","breadcrumb":{"@id":"https:\/\/guineediversite.com\/index.php\/2017\/10\/18\/gueckedou-vers-diagnostique-problemes-socioeconomiques-de-prefecture\/#breadcrumb"},"inLanguage":"fr-FR","potentialAction":[{"@type":"ReadAction","target":["https:\/\/guineediversite.com\/index.php\/2017\/10\/18\/gueckedou-vers-diagnostique-problemes-socioeconomiques-de-prefecture\/"]}]},{"@type":"ImageObject","inLanguage":"fr-FR","@id":"https:\/\/guineediversite.com\/index.php\/2017\/10\/18\/gueckedou-vers-diagnostique-problemes-socioeconomiques-de-prefecture\/#primaryimage","url":"https:\/\/guineediversite.com\/wp-content\/uploads\/2017\/10\/IMG_20171017_175844_087.jpg","contentUrl":"https:\/\/guineediversite.com\/wp-content\/uploads\/2017\/10\/IMG_20171017_175844_087.jpg","width":"2374","height":"2448"},{"@type":"BreadcrumbList","@id":"https:\/\/guineediversite.com\/index.php\/2017\/10\/18\/gueckedou-vers-diagnostique-problemes-socioeconomiques-de-prefecture\/#breadcrumb","itemListElement":[{"@type":"ListItem","position":1,"name":"Accueil","item":"https:\/\/guineediversite.com\/"},{"@type":"ListItem","position":2,"name":"Gueck\u00e9dou : vers un diagnostique des probl\u00e8mes socio\u00e9conomiques de la pr\u00e9fecture"}]},{"@type":"WebSite","@id":"https:\/\/guineediversite.com\/#website","url":"https:\/\/guineediversite.com\/","name":"Guin\u00e9e Diversit\u00e9","description":"L&#039;Info dans toute sa diversit\u00e9","publisher":{"@id":"https:\/\/guineediversite.com\/#organization"},"potentialAction":[{"@type":"SearchAction","target":{"@type":"EntryPoint","urlTemplate":"https:\/\/guineediversite.com\/?s={search_term_string}"},"query-input":{"@type":"PropertyValueSpecification","valueRequired":true,"valueName":"search_term_string"}}],"inLanguage":"fr-FR"},{"@type":"Organization","@id":"https:\/\/guineediversite.com\/#organization","name":"Guin\u00e9e Diversit\u00e9","url":"https:\/\/guineediversite.com\/","logo":{"@type":"ImageObject","inLanguage":"fr-FR","@id":"https:\/\/guineediversite.com\/#\/schema\/logo\/image\/","url":"https:\/\/guineediversite.com\/wp-content\/uploads\/2017\/04\/cropped-1jojlxEOMkX9Wyqfhe43D6kjPOGqBBKmx3EwWJqZ0cMrFF54yM49.png","contentUrl":"https:\/\/guineediversite.com\/wp-content\/uploads\/2017\/04\/cropped-1jojlxEOMkX9Wyqfhe43D6kjPOGqBBKmx3EwWJqZ0cMrFF54yM49.png","width":186,"height":112,"caption":"Guin\u00e9e Diversit\u00e9"},"image":{"@id":"https:\/\/guineediversite.com\/#\/schema\/logo\/image\/"},"sameAs":["https:\/\/www.facebook.com\/guineediversite\/","https:\/\/x.com\/GuineeDiversite","https:\/\/www.youtube.com\/channel\/UC8sUY16qelG5ge6_D5SB83g"]},{"@type":"Person","@id":"https:\/\/guineediversite.com\/#\/schema\/person\/6fd709a160384bf74b931ededf0856f3","name":"Mohamed Soumah","image":{"@type":"ImageObject","inLanguage":"fr-FR","@id":"https:\/\/guineediversite.com\/#\/schema\/person\/image\/","url":"https:\/\/secure.gravatar.com\/avatar\/4c1e00b5ab2c2b85b5c9be70590b9f67?s=96&d=mm&r=g","contentUrl":"https:\/\/secure.gravatar.com\/avatar\/4c1e00b5ab2c2b85b5c9be70590b9f67?s=96&d=mm&r=g","caption":"Mohamed Soumah"},"url":"https:\/\/guineediversite.com\/index.php\/author\/mohamed\/"}]}},"_links":{"self":[{"href":"https:\/\/guineediversite.com\/index.php\/wp-json\/wp\/v2\/posts\/22508"}],"collection":[{"href":"https:\/\/guineediversite.com\/index.php\/wp-json\/wp\/v2\/posts"}],"about":[{"href":"https:\/\/guineediversite.com\/index.php\/wp-json\/wp\/v2\/types\/post"}],"author":[{"embeddable":true,"href":"https:\/\/guineediversite.com\/index.php\/wp-json\/wp\/v2\/users\/9"}],"replies":[{"embeddable":true,"href":"https:\/\/guineediversite.com\/index.php\/wp-json\/wp\/v2\/comments?post=22508"}],"version-history":[{"count":0,"href":"https:\/\/guineediversite.com\/index.php\/wp-json\/wp\/v2\/posts\/22508\/revisions"}],"wp:featuredmedia":[{"embeddable":true,"href":"https:\/\/guineediversite.com\/index.php\/wp-json\/wp\/v2\/media\/22509"}],"wp:attachment":[{"href":"https:\/\/guineediversite.com\/index.php\/wp-json\/wp\/v2\/media?parent=22508"}],"wp:term":[{"taxonomy":"category","embeddable":true,"href":"https:\/\/guineediversite.com\/index.php\/wp-json\/wp\/v2\/categories?post=22508"},{"taxonomy":"post_tag","embeddable":true,"href":"https:\/\/guineediversite.com\/index.php\/wp-json\/wp\/v2\/tags?post=22508"}],"curies":[{"name":"wp","href":"https:\/\/api.w.org\/{rel}","templated":true}]}}