{"id":22505,"date":"2017-10-17T18:13:41","date_gmt":"2017-10-17T16:13:41","guid":{"rendered":"https:\/\/guineediversite.com\/?p=22505"},"modified":"2017-10-17T18:13:41","modified_gmt":"2017-10-17T16:13:41","slug":"journee-mondiale-refus-de-misere-occasion-pauvres-de-sexprimer-situation","status":"publish","type":"post","link":"https:\/\/guineediversite.com\/index.php\/2017\/10\/17\/journee-mondiale-refus-de-misere-occasion-pauvres-de-sexprimer-situation\/","title":{"rendered":"Journ\u00e9e Mondiale du Refus de la Mis\u00e8re, une occasion pour les pauvres de s\u2019exprimer sur leur situation"},"content":{"rendered":"<p>C\u00e9l\u00e9br\u00e9e chaque 17 Octobre dans le monde, cette journ\u00e9e est officiellement reconnue par les Nations Unies depuis 1992.Elle est \u00a0n\u00e9e de l\u2019initiative du p\u00e8re Joseph Wresinski et de celle de plusieurs milliers de personnes de tous milieux qui se sont rassembl\u00e9es sur le Parvis des Droits de l\u2019Homme \u00e0 Paris en 1987. Depuis cette date, chaque ann\u00e9e, la Journ\u00e9e mondiale du refus de la mis\u00e8re est c\u00e9l\u00e9br\u00e9e le 17 octobre.<\/p>\n<p>En ce jour solennel, les personnes \u00a0qui sont habituellement r\u00e9duits \u00e0 leurs difficult\u00e9s, voire en sont jug\u00e9s responsables se font entendre.\u00a0C\u2019est \u00e9galement une occasion pour les pauvres ou les personnes en difficult\u00e9s d\u2019exprimer ce qu\u2019ils ont dans le c\u0153ur sans honte ni g\u00eane\u00a0\u00bb.<\/p>\n<p>La Journ\u00e9e mondiale du refus de la mis\u00e8re leur donne la parole, sur les conditions indignes qu\u2019elles vivent, sur leurs r\u00e9sistances quotidiennes et leurs aspirations. Selon des observateurs, on ne peut vaincre la mis\u00e8re qu\u2019avec les premiers concern\u00e9s.\u00a0La mis\u00e8re est une violation des droits humains fondamentaux, elle n\u2019est pas fatale, et peut \u00eatre combattue et vaincue comme l\u2019ont \u00e9t\u00e9 l\u2019esclavage et l\u2019apartheid.<\/p>\n<p>ATD Quart Monde, \u00e0 l\u2019origine de cette journ\u00e9e, souhaite que les initiatives inspir\u00e9es du message inscrit sur la Dalle du refus de la mis\u00e8re se multiplient de toutes parts \u00e0 l\u2019initiative d\u2019associations, d\u2019\u00e9lus et de citoyens. C\u2019est pourquoi, cette ONG \u00a0s\u2019investit davantage pour donner avec d\u2019autres un \u00e9cho particulier \u00e0 cette journ\u00e9e, en l\u2019honneur des personnes victimes de la mis\u00e8re et pour une mobilisation de tous les d\u00e9fenseurs des droits de l\u2019homme. Avec cette \u00e9thique, le 17 octobre est un point d\u2019appui pour une dynamique du refus de la mis\u00e8re toute l\u2019ann\u00e9e.<\/p>\n<p>L\u00e0 o\u00f9 des hommes sont condamn\u00e9s \u00e0 vivre dans la mis\u00e8re, les droits de l\u2019homme sont viol\u00e9s. S\u2019unir pour les faire respecter est un devoir sacr\u00e9.\u00a0\u00bb\u00a0A Affirm\u00e9 Joseph Wresinski.<\/p>\n","protected":false},"excerpt":{"rendered":"<p>C\u00e9l\u00e9br\u00e9e chaque 17 Octobre dans le monde, cette journ\u00e9e est officiellement reconnue par les Nations Unies depuis 1992.Elle est \u00a0n\u00e9e de l\u2019initiative du p\u00e8re Joseph Wresinski et de celle de plusieurs milliers de personnes de tous milieux qui se sont rassembl\u00e9es sur le Parvis des Droits de l\u2019Homme \u00e0 Paris en 1987. Depuis cette date, [&hellip;]<\/p>\n","protected":false},"author":17,"featured_media":22506,"comment_status":"closed","ping_status":"closed","sticky":false,"template":"","format":"standard","meta":{"_exactmetrics_skip_tracking":false,"_exactmetrics_sitenote_active":false,"_exactmetrics_sitenote_note":"","_exactmetrics_sitenote_category":0,"tdm_status":"","tdm_grid_status":"","footnotes":""},"categories":[16],"tags":[296],"class_list":{"0":"post-22505","1":"post","2":"type-post","3":"status-publish","4":"format-standard","5":"has-post-thumbnail","7":"category-societe","8":"tag-journee"},"yoast_head":"<!-- This site is optimized with the Yoast SEO plugin v24.2 - https:\/\/yoast.com\/wordpress\/plugins\/seo\/ -->\n<title>Journ\u00e9e Mondiale du Refus de la Mis\u00e8re, une occasion pour les pauvres de s\u2019exprimer sur leur situation | Guin\u00e9e Diversit\u00e9<\/title>\n<meta name=\"robots\" content=\"index, follow, max-snippet:-1, max-image-preview:large, max-video-preview:-1\" \/>\n<link rel=\"canonical\" href=\"https:\/\/guineediversite.com\/index.php\/2017\/10\/17\/journee-mondiale-refus-de-misere-occasion-pauvres-de-sexprimer-situation\/\" \/>\n<meta property=\"og:locale\" content=\"fr_FR\" \/>\n<meta property=\"og:type\" content=\"article\" \/>\n<meta property=\"og:title\" content=\"Journ\u00e9e Mondiale du Refus de la Mis\u00e8re, une occasion pour les pauvres de s\u2019exprimer sur leur situation | Guin\u00e9e Diversit\u00e9\" \/>\n<meta property=\"og:description\" content=\"C\u00e9l\u00e9br\u00e9e chaque 17 Octobre dans le monde, cette journ\u00e9e est officiellement reconnue par les Nations Unies depuis 1992.Elle est \u00a0n\u00e9e de l\u2019initiative du p\u00e8re Joseph Wresinski et de celle de plusieurs milliers de personnes de tous milieux qui se sont rassembl\u00e9es sur le Parvis des Droits de l\u2019Homme \u00e0 Paris en 1987. Depuis cette date, [&hellip;]\" \/>\n<meta property=\"og:url\" content=\"https:\/\/guineediversite.com\/index.php\/2017\/10\/17\/journee-mondiale-refus-de-misere-occasion-pauvres-de-sexprimer-situation\/\" \/>\n<meta property=\"og:site_name\" content=\"Guin\u00e9e Diversit\u00e9\" \/>\n<meta property=\"article:publisher\" content=\"https:\/\/www.facebook.com\/guineediversite\/\" \/>\n<meta property=\"article:published_time\" content=\"2017-10-17T16:13:41+00:00\" \/>\n<meta property=\"og:image\" content=\"https:\/\/guineediversite.com\/wp-content\/uploads\/2017\/10\/t\u00e9l\u00e9chargement-1-2.jpg\" \/>\n\t<meta property=\"og:image:width\" content=\"1024\" \/>\n\t<meta property=\"og:image:height\" content=\"579\" \/>\n\t<meta property=\"og:image:type\" content=\"image\/jpeg\" \/>\n<meta name=\"author\" content=\"Diaraye Guirassy\" \/>\n<meta name=\"twitter:card\" content=\"summary_large_image\" \/>\n<meta name=\"twitter:creator\" content=\"@GuineeDiversite\" \/>\n<meta name=\"twitter:site\" content=\"@GuineeDiversite\" \/>\n<meta name=\"twitter:label1\" content=\"\u00c9crit par\" \/>\n\t<meta name=\"twitter:data1\" content=\"Diaraye Guirassy\" \/>\n\t<meta name=\"twitter:label2\" content=\"Dur\u00e9e de lecture estim\u00e9e\" \/>\n\t<meta name=\"twitter:data2\" content=\"2 minutes\" \/>\n<script type=\"application\/ld+json\" class=\"yoast-schema-graph\">{\"@context\":\"https:\/\/schema.org\",\"@graph\":[{\"@type\":\"Article\",\"@id\":\"https:\/\/guineediversite.com\/index.php\/2017\/10\/17\/journee-mondiale-refus-de-misere-occasion-pauvres-de-sexprimer-situation\/#article\",\"isPartOf\":{\"@id\":\"https:\/\/guineediversite.com\/index.php\/2017\/10\/17\/journee-mondiale-refus-de-misere-occasion-pauvres-de-sexprimer-situation\/\"},\"author\":{\"name\":\"Diaraye Guirassy\",\"@id\":\"https:\/\/guineediversite.com\/#\/schema\/person\/f69ebb1835c8052ac00dfe4d0ae488a8\"},\"headline\":\"Journ\u00e9e Mondiale du Refus de la Mis\u00e8re, une occasion pour les pauvres de s\u2019exprimer sur leur situation\",\"datePublished\":\"2017-10-17T16:13:41+00:00\",\"dateModified\":\"2017-10-17T16:13:41+00:00\",\"mainEntityOfPage\":{\"@id\":\"https:\/\/guineediversite.com\/index.php\/2017\/10\/17\/journee-mondiale-refus-de-misere-occasion-pauvres-de-sexprimer-situation\/\"},\"wordCount\":369,\"publisher\":{\"@id\":\"https:\/\/guineediversite.com\/#organization\"},\"image\":{\"@id\":\"https:\/\/guineediversite.com\/index.php\/2017\/10\/17\/journee-mondiale-refus-de-misere-occasion-pauvres-de-sexprimer-situation\/#primaryimage\"},\"thumbnailUrl\":\"https:\/\/guineediversite.com\/wp-content\/uploads\/2017\/10\/t\u00e9l\u00e9chargement-1-2.jpg\",\"keywords\":[\"JOURNEE\"],\"articleSection\":[\"Soci\u00e9t\u00e9\"],\"inLanguage\":\"fr-FR\"},{\"@type\":\"WebPage\",\"@id\":\"https:\/\/guineediversite.com\/index.php\/2017\/10\/17\/journee-mondiale-refus-de-misere-occasion-pauvres-de-sexprimer-situation\/\",\"url\":\"https:\/\/guineediversite.com\/index.php\/2017\/10\/17\/journee-mondiale-refus-de-misere-occasion-pauvres-de-sexprimer-situation\/\",\"name\":\"Journ\u00e9e Mondiale du Refus de la Mis\u00e8re, une occasion pour les pauvres de s\u2019exprimer sur leur situation | Guin\u00e9e Diversit\u00e9\",\"isPartOf\":{\"@id\":\"https:\/\/guineediversite.com\/#website\"},\"primaryImageOfPage\":{\"@id\":\"https:\/\/guineediversite.com\/index.php\/2017\/10\/17\/journee-mondiale-refus-de-misere-occasion-pauvres-de-sexprimer-situation\/#primaryimage\"},\"image\":{\"@id\":\"https:\/\/guineediversite.com\/index.php\/2017\/10\/17\/journee-mondiale-refus-de-misere-occasion-pauvres-de-sexprimer-situation\/#primaryimage\"},\"thumbnailUrl\":\"https:\/\/guineediversite.com\/wp-content\/uploads\/2017\/10\/t\u00e9l\u00e9chargement-1-2.jpg\",\"datePublished\":\"2017-10-17T16:13:41+00:00\",\"dateModified\":\"2017-10-17T16:13:41+00:00\",\"breadcrumb\":{\"@id\":\"https:\/\/guineediversite.com\/index.php\/2017\/10\/17\/journee-mondiale-refus-de-misere-occasion-pauvres-de-sexprimer-situation\/#breadcrumb\"},\"inLanguage\":\"fr-FR\",\"potentialAction\":[{\"@type\":\"ReadAction\",\"target\":[\"https:\/\/guineediversite.com\/index.php\/2017\/10\/17\/journee-mondiale-refus-de-misere-occasion-pauvres-de-sexprimer-situation\/\"]}]},{\"@type\":\"ImageObject\",\"inLanguage\":\"fr-FR\",\"@id\":\"https:\/\/guineediversite.com\/index.php\/2017\/10\/17\/journee-mondiale-refus-de-misere-occasion-pauvres-de-sexprimer-situation\/#primaryimage\",\"url\":\"https:\/\/guineediversite.com\/wp-content\/uploads\/2017\/10\/t\u00e9l\u00e9chargement-1-2.jpg\",\"contentUrl\":\"https:\/\/guineediversite.com\/wp-content\/uploads\/2017\/10\/t\u00e9l\u00e9chargement-1-2.jpg\",\"width\":\"1024\",\"height\":\"579\"},{\"@type\":\"BreadcrumbList\",\"@id\":\"https:\/\/guineediversite.com\/index.php\/2017\/10\/17\/journee-mondiale-refus-de-misere-occasion-pauvres-de-sexprimer-situation\/#breadcrumb\",\"itemListElement\":[{\"@type\":\"ListItem\",\"position\":1,\"name\":\"Accueil\",\"item\":\"https:\/\/guineediversite.com\/\"},{\"@type\":\"ListItem\",\"position\":2,\"name\":\"Journ\u00e9e Mondiale du Refus de la Mis\u00e8re, une occasion pour les pauvres de s\u2019exprimer sur leur situation\"}]},{\"@type\":\"WebSite\",\"@id\":\"https:\/\/guineediversite.com\/#website\",\"url\":\"https:\/\/guineediversite.com\/\",\"name\":\"Guin\u00e9e Diversit\u00e9\",\"description\":\"L&#039;Info dans toute sa diversit\u00e9\",\"publisher\":{\"@id\":\"https:\/\/guineediversite.com\/#organization\"},\"potentialAction\":[{\"@type\":\"SearchAction\",\"target\":{\"@type\":\"EntryPoint\",\"urlTemplate\":\"https:\/\/guineediversite.com\/?s={search_term_string}\"},\"query-input\":{\"@type\":\"PropertyValueSpecification\",\"valueRequired\":true,\"valueName\":\"search_term_string\"}}],\"inLanguage\":\"fr-FR\"},{\"@type\":\"Organization\",\"@id\":\"https:\/\/guineediversite.com\/#organization\",\"name\":\"Guin\u00e9e Diversit\u00e9\",\"url\":\"https:\/\/guineediversite.com\/\",\"logo\":{\"@type\":\"ImageObject\",\"inLanguage\":\"fr-FR\",\"@id\":\"https:\/\/guineediversite.com\/#\/schema\/logo\/image\/\",\"url\":\"https:\/\/guineediversite.com\/wp-content\/uploads\/2017\/04\/cropped-1jojlxEOMkX9Wyqfhe43D6kjPOGqBBKmx3EwWJqZ0cMrFF54yM49.png\",\"contentUrl\":\"https:\/\/guineediversite.com\/wp-content\/uploads\/2017\/04\/cropped-1jojlxEOMkX9Wyqfhe43D6kjPOGqBBKmx3EwWJqZ0cMrFF54yM49.png\",\"width\":186,\"height\":112,\"caption\":\"Guin\u00e9e Diversit\u00e9\"},\"image\":{\"@id\":\"https:\/\/guineediversite.com\/#\/schema\/logo\/image\/\"},\"sameAs\":[\"https:\/\/www.facebook.com\/guineediversite\/\",\"https:\/\/x.com\/GuineeDiversite\",\"https:\/\/www.youtube.com\/channel\/UC8sUY16qelG5ge6_D5SB83g\"]},{\"@type\":\"Person\",\"@id\":\"https:\/\/guineediversite.com\/#\/schema\/person\/f69ebb1835c8052ac00dfe4d0ae488a8\",\"name\":\"Diaraye Guirassy\",\"image\":{\"@type\":\"ImageObject\",\"inLanguage\":\"fr-FR\",\"@id\":\"https:\/\/guineediversite.com\/#\/schema\/person\/image\/\",\"url\":\"https:\/\/secure.gravatar.com\/avatar\/d72966230e92113cba29ea060394d485?s=96&d=mm&r=g\",\"contentUrl\":\"https:\/\/secure.gravatar.com\/avatar\/d72966230e92113cba29ea060394d485?s=96&d=mm&r=g\",\"caption\":\"Diaraye Guirassy\"},\"url\":\"https:\/\/guineediversite.com\/index.php\/author\/diaraye\/\"}]}<\/script>\n<!-- \/ Yoast SEO plugin. -->","yoast_head_json":{"title":"Journ\u00e9e Mondiale du Refus de la Mis\u00e8re, une occasion pour les pauvres de s\u2019exprimer sur leur situation | Guin\u00e9e Diversit\u00e9","robots":{"index":"index","follow":"follow","max-snippet":"max-snippet:-1","max-image-preview":"max-image-preview:large","max-video-preview":"max-video-preview:-1"},"canonical":"https:\/\/guineediversite.com\/index.php\/2017\/10\/17\/journee-mondiale-refus-de-misere-occasion-pauvres-de-sexprimer-situation\/","og_locale":"fr_FR","og_type":"article","og_title":"Journ\u00e9e Mondiale du Refus de la Mis\u00e8re, une occasion pour les pauvres de s\u2019exprimer sur leur situation | Guin\u00e9e Diversit\u00e9","og_description":"C\u00e9l\u00e9br\u00e9e chaque 17 Octobre dans le monde, cette journ\u00e9e est officiellement reconnue par les Nations Unies depuis 1992.Elle est \u00a0n\u00e9e de l\u2019initiative du p\u00e8re Joseph Wresinski et de celle de plusieurs milliers de personnes de tous milieux qui se sont rassembl\u00e9es sur le Parvis des Droits de l\u2019Homme \u00e0 Paris en 1987. Depuis cette date, [&hellip;]","og_url":"https:\/\/guineediversite.com\/index.php\/2017\/10\/17\/journee-mondiale-refus-de-misere-occasion-pauvres-de-sexprimer-situation\/","og_site_name":"Guin\u00e9e Diversit\u00e9","article_publisher":"https:\/\/www.facebook.com\/guineediversite\/","article_published_time":"2017-10-17T16:13:41+00:00","og_image":[{"width":1024,"height":579,"url":"https:\/\/guineediversite.com\/wp-content\/uploads\/2017\/10\/t\u00e9l\u00e9chargement-1-2.jpg","type":"image\/jpeg"}],"author":"Diaraye Guirassy","twitter_card":"summary_large_image","twitter_creator":"@GuineeDiversite","twitter_site":"@GuineeDiversite","twitter_misc":{"\u00c9crit par":"Diaraye Guirassy","Dur\u00e9e de lecture estim\u00e9e":"2 minutes"},"schema":{"@context":"https:\/\/schema.org","@graph":[{"@type":"Article","@id":"https:\/\/guineediversite.com\/index.php\/2017\/10\/17\/journee-mondiale-refus-de-misere-occasion-pauvres-de-sexprimer-situation\/#article","isPartOf":{"@id":"https:\/\/guineediversite.com\/index.php\/2017\/10\/17\/journee-mondiale-refus-de-misere-occasion-pauvres-de-sexprimer-situation\/"},"author":{"name":"Diaraye Guirassy","@id":"https:\/\/guineediversite.com\/#\/schema\/person\/f69ebb1835c8052ac00dfe4d0ae488a8"},"headline":"Journ\u00e9e Mondiale du Refus de la Mis\u00e8re, une occasion pour les pauvres de s\u2019exprimer sur leur situation","datePublished":"2017-10-17T16:13:41+00:00","dateModified":"2017-10-17T16:13:41+00:00","mainEntityOfPage":{"@id":"https:\/\/guineediversite.com\/index.php\/2017\/10\/17\/journee-mondiale-refus-de-misere-occasion-pauvres-de-sexprimer-situation\/"},"wordCount":369,"publisher":{"@id":"https:\/\/guineediversite.com\/#organization"},"image":{"@id":"https:\/\/guineediversite.com\/index.php\/2017\/10\/17\/journee-mondiale-refus-de-misere-occasion-pauvres-de-sexprimer-situation\/#primaryimage"},"thumbnailUrl":"https:\/\/guineediversite.com\/wp-content\/uploads\/2017\/10\/t\u00e9l\u00e9chargement-1-2.jpg","keywords":["JOURNEE"],"articleSection":["Soci\u00e9t\u00e9"],"inLanguage":"fr-FR"},{"@type":"WebPage","@id":"https:\/\/guineediversite.com\/index.php\/2017\/10\/17\/journee-mondiale-refus-de-misere-occasion-pauvres-de-sexprimer-situation\/","url":"https:\/\/guineediversite.com\/index.php\/2017\/10\/17\/journee-mondiale-refus-de-misere-occasion-pauvres-de-sexprimer-situation\/","name":"Journ\u00e9e Mondiale du Refus de la Mis\u00e8re, une occasion pour les pauvres de s\u2019exprimer sur leur situation | Guin\u00e9e Diversit\u00e9","isPartOf":{"@id":"https:\/\/guineediversite.com\/#website"},"primaryImageOfPage":{"@id":"https:\/\/guineediversite.com\/index.php\/2017\/10\/17\/journee-mondiale-refus-de-misere-occasion-pauvres-de-sexprimer-situation\/#primaryimage"},"image":{"@id":"https:\/\/guineediversite.com\/index.php\/2017\/10\/17\/journee-mondiale-refus-de-misere-occasion-pauvres-de-sexprimer-situation\/#primaryimage"},"thumbnailUrl":"https:\/\/guineediversite.com\/wp-content\/uploads\/2017\/10\/t\u00e9l\u00e9chargement-1-2.jpg","datePublished":"2017-10-17T16:13:41+00:00","dateModified":"2017-10-17T16:13:41+00:00","breadcrumb":{"@id":"https:\/\/guineediversite.com\/index.php\/2017\/10\/17\/journee-mondiale-refus-de-misere-occasion-pauvres-de-sexprimer-situation\/#breadcrumb"},"inLanguage":"fr-FR","potentialAction":[{"@type":"ReadAction","target":["https:\/\/guineediversite.com\/index.php\/2017\/10\/17\/journee-mondiale-refus-de-misere-occasion-pauvres-de-sexprimer-situation\/"]}]},{"@type":"ImageObject","inLanguage":"fr-FR","@id":"https:\/\/guineediversite.com\/index.php\/2017\/10\/17\/journee-mondiale-refus-de-misere-occasion-pauvres-de-sexprimer-situation\/#primaryimage","url":"https:\/\/guineediversite.com\/wp-content\/uploads\/2017\/10\/t\u00e9l\u00e9chargement-1-2.jpg","contentUrl":"https:\/\/guineediversite.com\/wp-content\/uploads\/2017\/10\/t\u00e9l\u00e9chargement-1-2.jpg","width":"1024","height":"579"},{"@type":"BreadcrumbList","@id":"https:\/\/guineediversite.com\/index.php\/2017\/10\/17\/journee-mondiale-refus-de-misere-occasion-pauvres-de-sexprimer-situation\/#breadcrumb","itemListElement":[{"@type":"ListItem","position":1,"name":"Accueil","item":"https:\/\/guineediversite.com\/"},{"@type":"ListItem","position":2,"name":"Journ\u00e9e Mondiale du Refus de la Mis\u00e8re, une occasion pour les pauvres de s\u2019exprimer sur leur situation"}]},{"@type":"WebSite","@id":"https:\/\/guineediversite.com\/#website","url":"https:\/\/guineediversite.com\/","name":"Guin\u00e9e Diversit\u00e9","description":"L&#039;Info dans toute sa diversit\u00e9","publisher":{"@id":"https:\/\/guineediversite.com\/#organization"},"potentialAction":[{"@type":"SearchAction","target":{"@type":"EntryPoint","urlTemplate":"https:\/\/guineediversite.com\/?s={search_term_string}"},"query-input":{"@type":"PropertyValueSpecification","valueRequired":true,"valueName":"search_term_string"}}],"inLanguage":"fr-FR"},{"@type":"Organization","@id":"https:\/\/guineediversite.com\/#organization","name":"Guin\u00e9e Diversit\u00e9","url":"https:\/\/guineediversite.com\/","logo":{"@type":"ImageObject","inLanguage":"fr-FR","@id":"https:\/\/guineediversite.com\/#\/schema\/logo\/image\/","url":"https:\/\/guineediversite.com\/wp-content\/uploads\/2017\/04\/cropped-1jojlxEOMkX9Wyqfhe43D6kjPOGqBBKmx3EwWJqZ0cMrFF54yM49.png","contentUrl":"https:\/\/guineediversite.com\/wp-content\/uploads\/2017\/04\/cropped-1jojlxEOMkX9Wyqfhe43D6kjPOGqBBKmx3EwWJqZ0cMrFF54yM49.png","width":186,"height":112,"caption":"Guin\u00e9e Diversit\u00e9"},"image":{"@id":"https:\/\/guineediversite.com\/#\/schema\/logo\/image\/"},"sameAs":["https:\/\/www.facebook.com\/guineediversite\/","https:\/\/x.com\/GuineeDiversite","https:\/\/www.youtube.com\/channel\/UC8sUY16qelG5ge6_D5SB83g"]},{"@type":"Person","@id":"https:\/\/guineediversite.com\/#\/schema\/person\/f69ebb1835c8052ac00dfe4d0ae488a8","name":"Diaraye Guirassy","image":{"@type":"ImageObject","inLanguage":"fr-FR","@id":"https:\/\/guineediversite.com\/#\/schema\/person\/image\/","url":"https:\/\/secure.gravatar.com\/avatar\/d72966230e92113cba29ea060394d485?s=96&d=mm&r=g","contentUrl":"https:\/\/secure.gravatar.com\/avatar\/d72966230e92113cba29ea060394d485?s=96&d=mm&r=g","caption":"Diaraye Guirassy"},"url":"https:\/\/guineediversite.com\/index.php\/author\/diaraye\/"}]}},"_links":{"self":[{"href":"https:\/\/guineediversite.com\/index.php\/wp-json\/wp\/v2\/posts\/22505"}],"collection":[{"href":"https:\/\/guineediversite.com\/index.php\/wp-json\/wp\/v2\/posts"}],"about":[{"href":"https:\/\/guineediversite.com\/index.php\/wp-json\/wp\/v2\/types\/post"}],"author":[{"embeddable":true,"href":"https:\/\/guineediversite.com\/index.php\/wp-json\/wp\/v2\/users\/17"}],"replies":[{"embeddable":true,"href":"https:\/\/guineediversite.com\/index.php\/wp-json\/wp\/v2\/comments?post=22505"}],"version-history":[{"count":0,"href":"https:\/\/guineediversite.com\/index.php\/wp-json\/wp\/v2\/posts\/22505\/revisions"}],"wp:featuredmedia":[{"embeddable":true,"href":"https:\/\/guineediversite.com\/index.php\/wp-json\/wp\/v2\/media\/22506"}],"wp:attachment":[{"href":"https:\/\/guineediversite.com\/index.php\/wp-json\/wp\/v2\/media?parent=22505"}],"wp:term":[{"taxonomy":"category","embeddable":true,"href":"https:\/\/guineediversite.com\/index.php\/wp-json\/wp\/v2\/categories?post=22505"},{"taxonomy":"post_tag","embeddable":true,"href":"https:\/\/guineediversite.com\/index.php\/wp-json\/wp\/v2\/tags?post=22505"}],"curies":[{"name":"wp","href":"https:\/\/api.w.org\/{rel}","templated":true}]}}