{"id":22502,"date":"2017-10-17T15:26:55","date_gmt":"2017-10-17T13:26:55","guid":{"rendered":"https:\/\/guineediversite.com\/?p=22502"},"modified":"2017-10-17T15:26:55","modified_gmt":"2017-10-17T13:26:55","slug":"non-scolarisation-jeunes-filles-guinee-mohamed-toure-monte-creneau","status":"publish","type":"post","link":"https:\/\/guineediversite.com\/index.php\/2017\/10\/17\/non-scolarisation-jeunes-filles-guinee-mohamed-toure-monte-creneau\/","title":{"rendered":"Non  scolarisation des jeunes filles en Guin\u00e9e : Mohamed Tour\u00e9 monte au cr\u00e9neau"},"content":{"rendered":"<p>\u00c0 l&rsquo;occasion de la c\u00e9l\u00e9bration de la journ\u00e9e internationale de la jeune fille \u00e0 Conakry, le 11 octobre dernier, le secr\u00e9taire g\u00e9n\u00e9ral du Parti D\u00e9mocratique de Guin\u00e9e s&rsquo;est exprim\u00e9 avec amertume sur l&rsquo;\u00e9ducation des enfants en Guin\u00e9e en g\u00e9n\u00e9ral et celle de la jeune fille en particulier.<\/p>\n<p>En effet, Mohamed Tour\u00e9 d\u00e9plore le fait que des jeunes filles passent tous leurs temps \u00e0 revendre dans les rues de Conakry au lieu d&rsquo;\u00eatre scolaris\u00e9es. \u00ab Les jeunes enfants en \u00e2ge de scolarit\u00e9 que vous voyez \u00e0 travers la ville avec des bonbons, des oranges sur la t\u00eate, qui passent la journ\u00e9e \u00e0 essayer de vendre \u00e7a et l\u00e0 pour ramener les b\u00e9n\u00e9fices \u00e0 leurs parents, parce que ces derniers ne peuvent pas payer leur scolarit\u00e9. Voil\u00e0 les d\u00e9s\u00e9quilibres auxquels nous, nous voulons faire face \u00bb.<\/p>\n<p>Pour lui, il existe deux classes d&rsquo;enfant en r\u00e9publique de Guin\u00e9e de nos jours, notamment celle des riches et celle des pauvres. \u00ab Ces enfants-l\u00e0 qui sont priv\u00e9s de fa\u00e7on criminelle d&rsquo;une \u00e9ducation d\u00e9cente, ces enfants-l\u00e0 sont Soussou, Maninka, Peulh, ils sont guin\u00e9ens. D&rsquo;un autre c\u00f4t\u00e9, vous voyez des gens qui construisent villa apr\u00e8s villa on dirait qu&rsquo;ils peuvent se d\u00e9couper en mille pour vivre dans toutes ces villas. Leurs enfants de ne souffrent de rien puisqu&rsquo;ils sont scolaris\u00e9s \u00e0 l&rsquo;ext\u00e9rieur depuis pratiquement la maternelle \u00bb<\/p>\n<p>Selon le secr\u00e9taire G\u00e9n\u00e9ral du PDG-RDA, le parti s&rsquo;oppose \u00e0 ce syst\u00e8me, avant d&rsquo;inviter les Guin\u00e9ens \u00e0 en faire autant. \u00ab Ce syst\u00e8me-l\u00e0, nous nous y opposons et nous demandons au peuple de Guin\u00e9e d&rsquo;ouvrir les yeux. Et le parti d\u00e9mocratique de Guin\u00e9e a pour mission d&rsquo;informer le peuple de Guin\u00e9e \u00e0 fin que \u00a0ce dernier s&rsquo;organise cons\u00e9quemment et qu&rsquo;il reprenne le pouvoir qui est le sien \u00bb<\/p>\n<p>Par ailleurs le fils d&rsquo;Ahmed S\u00e9kou Tour\u00e9 a r\u00e9v\u00e9l\u00e9 que tous les acquis du premier r\u00e9gime ont \u00e9t\u00e9 remis en cause par ceux qui l&rsquo;ont succ\u00e9d\u00e9. Mais avertit-il, le peuple de Guin\u00e9e se souviendra t\u00f4t ou tard de ces r\u00e9formes.<\/p>\n<p>&nbsp;<\/p>\n","protected":false},"excerpt":{"rendered":"<p>\u00c0 l&rsquo;occasion de la c\u00e9l\u00e9bration de la journ\u00e9e internationale de la jeune fille \u00e0 Conakry, le 11 octobre dernier, le secr\u00e9taire g\u00e9n\u00e9ral du Parti D\u00e9mocratique de Guin\u00e9e s&rsquo;est exprim\u00e9 avec amertume sur l&rsquo;\u00e9ducation des enfants en Guin\u00e9e en g\u00e9n\u00e9ral et celle de la jeune fille en particulier. En effet, Mohamed Tour\u00e9 d\u00e9plore le fait que [&hellip;]<\/p>\n","protected":false},"author":9,"featured_media":22503,"comment_status":"closed","ping_status":"closed","sticky":false,"template":"","format":"standard","meta":{"_exactmetrics_skip_tracking":false,"_exactmetrics_sitenote_active":false,"_exactmetrics_sitenote_note":"","_exactmetrics_sitenote_category":0,"tdm_status":"","tdm_grid_status":"","footnotes":""},"categories":[16],"tags":[274],"class_list":{"0":"post-22502","1":"post","2":"type-post","3":"status-publish","4":"format-standard","5":"has-post-thumbnail","7":"category-societe","8":"tag-mohamed-toure"},"yoast_head":"<!-- This site is optimized with the Yoast SEO plugin v24.2 - https:\/\/yoast.com\/wordpress\/plugins\/seo\/ -->\n<title>Non scolarisation des jeunes filles en Guin\u00e9e : Mohamed Tour\u00e9 monte au cr\u00e9neau | Guin\u00e9e Diversit\u00e9<\/title>\n<meta name=\"robots\" content=\"index, follow, max-snippet:-1, max-image-preview:large, max-video-preview:-1\" \/>\n<link rel=\"canonical\" href=\"https:\/\/guineediversite.com\/index.php\/2017\/10\/17\/non-scolarisation-jeunes-filles-guinee-mohamed-toure-monte-creneau\/\" \/>\n<meta property=\"og:locale\" content=\"fr_FR\" \/>\n<meta property=\"og:type\" content=\"article\" \/>\n<meta property=\"og:title\" content=\"Non scolarisation des jeunes filles en Guin\u00e9e : Mohamed Tour\u00e9 monte au cr\u00e9neau | Guin\u00e9e Diversit\u00e9\" \/>\n<meta property=\"og:description\" content=\"\u00c0 l&rsquo;occasion de la c\u00e9l\u00e9bration de la journ\u00e9e internationale de la jeune fille \u00e0 Conakry, le 11 octobre dernier, le secr\u00e9taire g\u00e9n\u00e9ral du Parti D\u00e9mocratique de Guin\u00e9e s&rsquo;est exprim\u00e9 avec amertume sur l&rsquo;\u00e9ducation des enfants en Guin\u00e9e en g\u00e9n\u00e9ral et celle de la jeune fille en particulier. En effet, Mohamed Tour\u00e9 d\u00e9plore le fait que [&hellip;]\" \/>\n<meta property=\"og:url\" content=\"https:\/\/guineediversite.com\/index.php\/2017\/10\/17\/non-scolarisation-jeunes-filles-guinee-mohamed-toure-monte-creneau\/\" \/>\n<meta property=\"og:site_name\" content=\"Guin\u00e9e Diversit\u00e9\" \/>\n<meta property=\"article:publisher\" content=\"https:\/\/www.facebook.com\/guineediversite\/\" \/>\n<meta property=\"article:published_time\" content=\"2017-10-17T13:26:55+00:00\" \/>\n<meta property=\"og:image\" content=\"https:\/\/guineediversite.com\/wp-content\/uploads\/2017\/10\/Mohamed-Tour\u00e9-1.jpg\" \/>\n\t<meta property=\"og:image:width\" content=\"1920\" \/>\n\t<meta property=\"og:image:height\" content=\"1080\" \/>\n\t<meta property=\"og:image:type\" content=\"image\/jpeg\" \/>\n<meta name=\"author\" content=\"Mohamed Soumah\" \/>\n<meta name=\"twitter:card\" content=\"summary_large_image\" \/>\n<meta name=\"twitter:creator\" content=\"@GuineeDiversite\" \/>\n<meta name=\"twitter:site\" content=\"@GuineeDiversite\" \/>\n<meta name=\"twitter:label1\" content=\"\u00c9crit par\" \/>\n\t<meta name=\"twitter:data1\" content=\"Mohamed Soumah\" \/>\n\t<meta name=\"twitter:label2\" content=\"Dur\u00e9e de lecture estim\u00e9e\" \/>\n\t<meta name=\"twitter:data2\" content=\"2 minutes\" \/>\n<script type=\"application\/ld+json\" class=\"yoast-schema-graph\">{\"@context\":\"https:\/\/schema.org\",\"@graph\":[{\"@type\":\"Article\",\"@id\":\"https:\/\/guineediversite.com\/index.php\/2017\/10\/17\/non-scolarisation-jeunes-filles-guinee-mohamed-toure-monte-creneau\/#article\",\"isPartOf\":{\"@id\":\"https:\/\/guineediversite.com\/index.php\/2017\/10\/17\/non-scolarisation-jeunes-filles-guinee-mohamed-toure-monte-creneau\/\"},\"author\":{\"name\":\"Mohamed Soumah\",\"@id\":\"https:\/\/guineediversite.com\/#\/schema\/person\/6fd709a160384bf74b931ededf0856f3\"},\"headline\":\"Non scolarisation des jeunes filles en Guin\u00e9e : Mohamed Tour\u00e9 monte au cr\u00e9neau\",\"datePublished\":\"2017-10-17T13:26:55+00:00\",\"dateModified\":\"2017-10-17T13:26:55+00:00\",\"mainEntityOfPage\":{\"@id\":\"https:\/\/guineediversite.com\/index.php\/2017\/10\/17\/non-scolarisation-jeunes-filles-guinee-mohamed-toure-monte-creneau\/\"},\"wordCount\":393,\"publisher\":{\"@id\":\"https:\/\/guineediversite.com\/#organization\"},\"image\":{\"@id\":\"https:\/\/guineediversite.com\/index.php\/2017\/10\/17\/non-scolarisation-jeunes-filles-guinee-mohamed-toure-monte-creneau\/#primaryimage\"},\"thumbnailUrl\":\"https:\/\/guineediversite.com\/wp-content\/uploads\/2017\/10\/Mohamed-Tour\u00e9-1.jpg\",\"keywords\":[\"MOHAMED TOURE\"],\"articleSection\":[\"Soci\u00e9t\u00e9\"],\"inLanguage\":\"fr-FR\"},{\"@type\":\"WebPage\",\"@id\":\"https:\/\/guineediversite.com\/index.php\/2017\/10\/17\/non-scolarisation-jeunes-filles-guinee-mohamed-toure-monte-creneau\/\",\"url\":\"https:\/\/guineediversite.com\/index.php\/2017\/10\/17\/non-scolarisation-jeunes-filles-guinee-mohamed-toure-monte-creneau\/\",\"name\":\"Non scolarisation des jeunes filles en Guin\u00e9e : Mohamed Tour\u00e9 monte au cr\u00e9neau | Guin\u00e9e Diversit\u00e9\",\"isPartOf\":{\"@id\":\"https:\/\/guineediversite.com\/#website\"},\"primaryImageOfPage\":{\"@id\":\"https:\/\/guineediversite.com\/index.php\/2017\/10\/17\/non-scolarisation-jeunes-filles-guinee-mohamed-toure-monte-creneau\/#primaryimage\"},\"image\":{\"@id\":\"https:\/\/guineediversite.com\/index.php\/2017\/10\/17\/non-scolarisation-jeunes-filles-guinee-mohamed-toure-monte-creneau\/#primaryimage\"},\"thumbnailUrl\":\"https:\/\/guineediversite.com\/wp-content\/uploads\/2017\/10\/Mohamed-Tour\u00e9-1.jpg\",\"datePublished\":\"2017-10-17T13:26:55+00:00\",\"dateModified\":\"2017-10-17T13:26:55+00:00\",\"breadcrumb\":{\"@id\":\"https:\/\/guineediversite.com\/index.php\/2017\/10\/17\/non-scolarisation-jeunes-filles-guinee-mohamed-toure-monte-creneau\/#breadcrumb\"},\"inLanguage\":\"fr-FR\",\"potentialAction\":[{\"@type\":\"ReadAction\",\"target\":[\"https:\/\/guineediversite.com\/index.php\/2017\/10\/17\/non-scolarisation-jeunes-filles-guinee-mohamed-toure-monte-creneau\/\"]}]},{\"@type\":\"ImageObject\",\"inLanguage\":\"fr-FR\",\"@id\":\"https:\/\/guineediversite.com\/index.php\/2017\/10\/17\/non-scolarisation-jeunes-filles-guinee-mohamed-toure-monte-creneau\/#primaryimage\",\"url\":\"https:\/\/guineediversite.com\/wp-content\/uploads\/2017\/10\/Mohamed-Tour\u00e9-1.jpg\",\"contentUrl\":\"https:\/\/guineediversite.com\/wp-content\/uploads\/2017\/10\/Mohamed-Tour\u00e9-1.jpg\",\"width\":\"1920\",\"height\":\"1080\"},{\"@type\":\"BreadcrumbList\",\"@id\":\"https:\/\/guineediversite.com\/index.php\/2017\/10\/17\/non-scolarisation-jeunes-filles-guinee-mohamed-toure-monte-creneau\/#breadcrumb\",\"itemListElement\":[{\"@type\":\"ListItem\",\"position\":1,\"name\":\"Accueil\",\"item\":\"https:\/\/guineediversite.com\/\"},{\"@type\":\"ListItem\",\"position\":2,\"name\":\"Non scolarisation des jeunes filles en Guin\u00e9e : Mohamed Tour\u00e9 monte au cr\u00e9neau\"}]},{\"@type\":\"WebSite\",\"@id\":\"https:\/\/guineediversite.com\/#website\",\"url\":\"https:\/\/guineediversite.com\/\",\"name\":\"Guin\u00e9e Diversit\u00e9\",\"description\":\"L&#039;Info dans toute sa diversit\u00e9\",\"publisher\":{\"@id\":\"https:\/\/guineediversite.com\/#organization\"},\"potentialAction\":[{\"@type\":\"SearchAction\",\"target\":{\"@type\":\"EntryPoint\",\"urlTemplate\":\"https:\/\/guineediversite.com\/?s={search_term_string}\"},\"query-input\":{\"@type\":\"PropertyValueSpecification\",\"valueRequired\":true,\"valueName\":\"search_term_string\"}}],\"inLanguage\":\"fr-FR\"},{\"@type\":\"Organization\",\"@id\":\"https:\/\/guineediversite.com\/#organization\",\"name\":\"Guin\u00e9e Diversit\u00e9\",\"url\":\"https:\/\/guineediversite.com\/\",\"logo\":{\"@type\":\"ImageObject\",\"inLanguage\":\"fr-FR\",\"@id\":\"https:\/\/guineediversite.com\/#\/schema\/logo\/image\/\",\"url\":\"https:\/\/guineediversite.com\/wp-content\/uploads\/2017\/04\/cropped-1jojlxEOMkX9Wyqfhe43D6kjPOGqBBKmx3EwWJqZ0cMrFF54yM49.png\",\"contentUrl\":\"https:\/\/guineediversite.com\/wp-content\/uploads\/2017\/04\/cropped-1jojlxEOMkX9Wyqfhe43D6kjPOGqBBKmx3EwWJqZ0cMrFF54yM49.png\",\"width\":186,\"height\":112,\"caption\":\"Guin\u00e9e Diversit\u00e9\"},\"image\":{\"@id\":\"https:\/\/guineediversite.com\/#\/schema\/logo\/image\/\"},\"sameAs\":[\"https:\/\/www.facebook.com\/guineediversite\/\",\"https:\/\/x.com\/GuineeDiversite\",\"https:\/\/www.youtube.com\/channel\/UC8sUY16qelG5ge6_D5SB83g\"]},{\"@type\":\"Person\",\"@id\":\"https:\/\/guineediversite.com\/#\/schema\/person\/6fd709a160384bf74b931ededf0856f3\",\"name\":\"Mohamed Soumah\",\"image\":{\"@type\":\"ImageObject\",\"inLanguage\":\"fr-FR\",\"@id\":\"https:\/\/guineediversite.com\/#\/schema\/person\/image\/\",\"url\":\"https:\/\/secure.gravatar.com\/avatar\/4c1e00b5ab2c2b85b5c9be70590b9f67?s=96&d=mm&r=g\",\"contentUrl\":\"https:\/\/secure.gravatar.com\/avatar\/4c1e00b5ab2c2b85b5c9be70590b9f67?s=96&d=mm&r=g\",\"caption\":\"Mohamed Soumah\"},\"url\":\"https:\/\/guineediversite.com\/index.php\/author\/mohamed\/\"}]}<\/script>\n<!-- \/ Yoast SEO plugin. -->","yoast_head_json":{"title":"Non scolarisation des jeunes filles en Guin\u00e9e : Mohamed Tour\u00e9 monte au cr\u00e9neau | Guin\u00e9e Diversit\u00e9","robots":{"index":"index","follow":"follow","max-snippet":"max-snippet:-1","max-image-preview":"max-image-preview:large","max-video-preview":"max-video-preview:-1"},"canonical":"https:\/\/guineediversite.com\/index.php\/2017\/10\/17\/non-scolarisation-jeunes-filles-guinee-mohamed-toure-monte-creneau\/","og_locale":"fr_FR","og_type":"article","og_title":"Non scolarisation des jeunes filles en Guin\u00e9e : Mohamed Tour\u00e9 monte au cr\u00e9neau | Guin\u00e9e Diversit\u00e9","og_description":"\u00c0 l&rsquo;occasion de la c\u00e9l\u00e9bration de la journ\u00e9e internationale de la jeune fille \u00e0 Conakry, le 11 octobre dernier, le secr\u00e9taire g\u00e9n\u00e9ral du Parti D\u00e9mocratique de Guin\u00e9e s&rsquo;est exprim\u00e9 avec amertume sur l&rsquo;\u00e9ducation des enfants en Guin\u00e9e en g\u00e9n\u00e9ral et celle de la jeune fille en particulier. En effet, Mohamed Tour\u00e9 d\u00e9plore le fait que [&hellip;]","og_url":"https:\/\/guineediversite.com\/index.php\/2017\/10\/17\/non-scolarisation-jeunes-filles-guinee-mohamed-toure-monte-creneau\/","og_site_name":"Guin\u00e9e Diversit\u00e9","article_publisher":"https:\/\/www.facebook.com\/guineediversite\/","article_published_time":"2017-10-17T13:26:55+00:00","og_image":[{"width":1920,"height":1080,"url":"https:\/\/guineediversite.com\/wp-content\/uploads\/2017\/10\/Mohamed-Tour\u00e9-1.jpg","type":"image\/jpeg"}],"author":"Mohamed Soumah","twitter_card":"summary_large_image","twitter_creator":"@GuineeDiversite","twitter_site":"@GuineeDiversite","twitter_misc":{"\u00c9crit par":"Mohamed Soumah","Dur\u00e9e de lecture estim\u00e9e":"2 minutes"},"schema":{"@context":"https:\/\/schema.org","@graph":[{"@type":"Article","@id":"https:\/\/guineediversite.com\/index.php\/2017\/10\/17\/non-scolarisation-jeunes-filles-guinee-mohamed-toure-monte-creneau\/#article","isPartOf":{"@id":"https:\/\/guineediversite.com\/index.php\/2017\/10\/17\/non-scolarisation-jeunes-filles-guinee-mohamed-toure-monte-creneau\/"},"author":{"name":"Mohamed Soumah","@id":"https:\/\/guineediversite.com\/#\/schema\/person\/6fd709a160384bf74b931ededf0856f3"},"headline":"Non scolarisation des jeunes filles en Guin\u00e9e : Mohamed Tour\u00e9 monte au cr\u00e9neau","datePublished":"2017-10-17T13:26:55+00:00","dateModified":"2017-10-17T13:26:55+00:00","mainEntityOfPage":{"@id":"https:\/\/guineediversite.com\/index.php\/2017\/10\/17\/non-scolarisation-jeunes-filles-guinee-mohamed-toure-monte-creneau\/"},"wordCount":393,"publisher":{"@id":"https:\/\/guineediversite.com\/#organization"},"image":{"@id":"https:\/\/guineediversite.com\/index.php\/2017\/10\/17\/non-scolarisation-jeunes-filles-guinee-mohamed-toure-monte-creneau\/#primaryimage"},"thumbnailUrl":"https:\/\/guineediversite.com\/wp-content\/uploads\/2017\/10\/Mohamed-Tour\u00e9-1.jpg","keywords":["MOHAMED TOURE"],"articleSection":["Soci\u00e9t\u00e9"],"inLanguage":"fr-FR"},{"@type":"WebPage","@id":"https:\/\/guineediversite.com\/index.php\/2017\/10\/17\/non-scolarisation-jeunes-filles-guinee-mohamed-toure-monte-creneau\/","url":"https:\/\/guineediversite.com\/index.php\/2017\/10\/17\/non-scolarisation-jeunes-filles-guinee-mohamed-toure-monte-creneau\/","name":"Non scolarisation des jeunes filles en Guin\u00e9e : Mohamed Tour\u00e9 monte au cr\u00e9neau | Guin\u00e9e Diversit\u00e9","isPartOf":{"@id":"https:\/\/guineediversite.com\/#website"},"primaryImageOfPage":{"@id":"https:\/\/guineediversite.com\/index.php\/2017\/10\/17\/non-scolarisation-jeunes-filles-guinee-mohamed-toure-monte-creneau\/#primaryimage"},"image":{"@id":"https:\/\/guineediversite.com\/index.php\/2017\/10\/17\/non-scolarisation-jeunes-filles-guinee-mohamed-toure-monte-creneau\/#primaryimage"},"thumbnailUrl":"https:\/\/guineediversite.com\/wp-content\/uploads\/2017\/10\/Mohamed-Tour\u00e9-1.jpg","datePublished":"2017-10-17T13:26:55+00:00","dateModified":"2017-10-17T13:26:55+00:00","breadcrumb":{"@id":"https:\/\/guineediversite.com\/index.php\/2017\/10\/17\/non-scolarisation-jeunes-filles-guinee-mohamed-toure-monte-creneau\/#breadcrumb"},"inLanguage":"fr-FR","potentialAction":[{"@type":"ReadAction","target":["https:\/\/guineediversite.com\/index.php\/2017\/10\/17\/non-scolarisation-jeunes-filles-guinee-mohamed-toure-monte-creneau\/"]}]},{"@type":"ImageObject","inLanguage":"fr-FR","@id":"https:\/\/guineediversite.com\/index.php\/2017\/10\/17\/non-scolarisation-jeunes-filles-guinee-mohamed-toure-monte-creneau\/#primaryimage","url":"https:\/\/guineediversite.com\/wp-content\/uploads\/2017\/10\/Mohamed-Tour\u00e9-1.jpg","contentUrl":"https:\/\/guineediversite.com\/wp-content\/uploads\/2017\/10\/Mohamed-Tour\u00e9-1.jpg","width":"1920","height":"1080"},{"@type":"BreadcrumbList","@id":"https:\/\/guineediversite.com\/index.php\/2017\/10\/17\/non-scolarisation-jeunes-filles-guinee-mohamed-toure-monte-creneau\/#breadcrumb","itemListElement":[{"@type":"ListItem","position":1,"name":"Accueil","item":"https:\/\/guineediversite.com\/"},{"@type":"ListItem","position":2,"name":"Non scolarisation des jeunes filles en Guin\u00e9e : Mohamed Tour\u00e9 monte au cr\u00e9neau"}]},{"@type":"WebSite","@id":"https:\/\/guineediversite.com\/#website","url":"https:\/\/guineediversite.com\/","name":"Guin\u00e9e Diversit\u00e9","description":"L&#039;Info dans toute sa diversit\u00e9","publisher":{"@id":"https:\/\/guineediversite.com\/#organization"},"potentialAction":[{"@type":"SearchAction","target":{"@type":"EntryPoint","urlTemplate":"https:\/\/guineediversite.com\/?s={search_term_string}"},"query-input":{"@type":"PropertyValueSpecification","valueRequired":true,"valueName":"search_term_string"}}],"inLanguage":"fr-FR"},{"@type":"Organization","@id":"https:\/\/guineediversite.com\/#organization","name":"Guin\u00e9e Diversit\u00e9","url":"https:\/\/guineediversite.com\/","logo":{"@type":"ImageObject","inLanguage":"fr-FR","@id":"https:\/\/guineediversite.com\/#\/schema\/logo\/image\/","url":"https:\/\/guineediversite.com\/wp-content\/uploads\/2017\/04\/cropped-1jojlxEOMkX9Wyqfhe43D6kjPOGqBBKmx3EwWJqZ0cMrFF54yM49.png","contentUrl":"https:\/\/guineediversite.com\/wp-content\/uploads\/2017\/04\/cropped-1jojlxEOMkX9Wyqfhe43D6kjPOGqBBKmx3EwWJqZ0cMrFF54yM49.png","width":186,"height":112,"caption":"Guin\u00e9e Diversit\u00e9"},"image":{"@id":"https:\/\/guineediversite.com\/#\/schema\/logo\/image\/"},"sameAs":["https:\/\/www.facebook.com\/guineediversite\/","https:\/\/x.com\/GuineeDiversite","https:\/\/www.youtube.com\/channel\/UC8sUY16qelG5ge6_D5SB83g"]},{"@type":"Person","@id":"https:\/\/guineediversite.com\/#\/schema\/person\/6fd709a160384bf74b931ededf0856f3","name":"Mohamed Soumah","image":{"@type":"ImageObject","inLanguage":"fr-FR","@id":"https:\/\/guineediversite.com\/#\/schema\/person\/image\/","url":"https:\/\/secure.gravatar.com\/avatar\/4c1e00b5ab2c2b85b5c9be70590b9f67?s=96&d=mm&r=g","contentUrl":"https:\/\/secure.gravatar.com\/avatar\/4c1e00b5ab2c2b85b5c9be70590b9f67?s=96&d=mm&r=g","caption":"Mohamed Soumah"},"url":"https:\/\/guineediversite.com\/index.php\/author\/mohamed\/"}]}},"_links":{"self":[{"href":"https:\/\/guineediversite.com\/index.php\/wp-json\/wp\/v2\/posts\/22502"}],"collection":[{"href":"https:\/\/guineediversite.com\/index.php\/wp-json\/wp\/v2\/posts"}],"about":[{"href":"https:\/\/guineediversite.com\/index.php\/wp-json\/wp\/v2\/types\/post"}],"author":[{"embeddable":true,"href":"https:\/\/guineediversite.com\/index.php\/wp-json\/wp\/v2\/users\/9"}],"replies":[{"embeddable":true,"href":"https:\/\/guineediversite.com\/index.php\/wp-json\/wp\/v2\/comments?post=22502"}],"version-history":[{"count":0,"href":"https:\/\/guineediversite.com\/index.php\/wp-json\/wp\/v2\/posts\/22502\/revisions"}],"wp:featuredmedia":[{"embeddable":true,"href":"https:\/\/guineediversite.com\/index.php\/wp-json\/wp\/v2\/media\/22503"}],"wp:attachment":[{"href":"https:\/\/guineediversite.com\/index.php\/wp-json\/wp\/v2\/media?parent=22502"}],"wp:term":[{"taxonomy":"category","embeddable":true,"href":"https:\/\/guineediversite.com\/index.php\/wp-json\/wp\/v2\/categories?post=22502"},{"taxonomy":"post_tag","embeddable":true,"href":"https:\/\/guineediversite.com\/index.php\/wp-json\/wp\/v2\/tags?post=22502"}],"curies":[{"name":"wp","href":"https:\/\/api.w.org\/{rel}","templated":true}]}}