{"id":22454,"date":"2017-10-13T19:19:19","date_gmt":"2017-10-13T17:19:19","guid":{"rendered":"https:\/\/guineediversite.com\/?p=22454"},"modified":"2017-10-13T23:37:44","modified_gmt":"2017-10-13T21:37:44","slug":"concert-de-davido-prevu-a-conakry-15-octobre-2017-a-ete-reporte","status":"publish","type":"post","link":"https:\/\/guineediversite.com\/index.php\/2017\/10\/13\/concert-de-davido-prevu-a-conakry-15-octobre-2017-a-ete-reporte\/","title":{"rendered":"Le concert de Davido pr\u00e9vu \u00e0 Conakry le 15 octobre 2017 a \u00e9t\u00e9 report\u00e9"},"content":{"rendered":"<p><strong>Le concert de l&rsquo;artiste nig\u00e9rian Davido ne se tiendra plus \u00e0 la date indiqu\u00e9e. L\u2019\u00e9v\u00e9nement est report\u00e9 pour le 22 octobre prochain \u00a0sur l&rsquo;esplanade du palais du peuple \u00e0 Conakry.<\/strong><\/p>\n<p>Cette information est tomb\u00e9e suite \u00e0 une r\u00e9union d&rsquo;urgence entre les productions Tidiane World Music et ses partenaires de l&rsquo;\u00e9v\u00e9nement, confirm\u00e9e \u00a0ce vendredi 13 octobre au cours d&rsquo;une conf\u00e9rence de presse \u00e0 Conakry.<\/p>\n<p>Dans son intervention, \u00a0Tidiane Soumah a soulign\u00e9 que \u00a0le report du concert de Davido \u00e0 Conakry est d\u00fb \u00e0 un cas de force majeure de la part de l&rsquo;artiste nig\u00e9rian. Donc cela n&rsquo;a aucun lien avec le staff manag\u00e9rial des \u00a0productions Tidiane World Music et les parties prenantes de ce grand concert qui est attendu par les m\u00e9lomanes. Car aucun promoteur ne peut accepter que son concert soit report\u00e9 m\u00eame \u00e0 \u00a010 minutes pour des raisons que \u00e7a soit.<\/p>\n<p><strong>\u00ab<\/strong>\u00a0Le concert de Davido, Soul Bangs\u00a0, Oudy 1er, se tiendra finalement le dimanche 22 octobre 2017&#8230;Cela fait suite au d\u00e9c\u00e8s de l&rsquo;un des\u00a0 \u00a0amis de l&rsquo;artiste qui \u00a0par la suite a d\u00e9cid\u00e9 de consacrer une semaine de deuil \u00e0 l&rsquo;endroit de ce dernier, histoire \u00e9galement de permettre \u00e0 ce que la lumi\u00e8re soit faite sur la mort de la victime avec lequel il a pris part \u00e0 l&rsquo;anniversaire de l&rsquo;un des leur\u00a0 le 3 octobre pass\u00e9. Une affaire dans laquelle il doit \u00eatre entendu \u00a0\u00a0\u00e0 titre de t\u00e9moin pour donner sa version des faits, contrairement \u00e0 ce qui se dit sur les r\u00e9seaux sociaux \u00a0o\u00f9 sur certains m\u00e9dias et autres qui impliquent la responsabilit\u00e9 de l&rsquo;artiste.\u00a0\u00bb\u00a0A-t-il expliqu\u00e9.<\/p>\n<p>Pour finir, il a laiss\u00e9 entendre que les billets sont toujours valables et la vente des tickets continue dans les points de ventes habituels avec les m\u00eames prix 50.000 francs et 60.000 francs.<\/p>\n<p>&nbsp;<\/p>\n","protected":false},"excerpt":{"rendered":"<p>Le concert de l&rsquo;artiste nig\u00e9rian Davido ne se tiendra plus \u00e0 la date indiqu\u00e9e. L\u2019\u00e9v\u00e9nement est report\u00e9 pour le 22 octobre prochain \u00a0sur l&rsquo;esplanade du palais du peuple \u00e0 Conakry. Cette information est tomb\u00e9e suite \u00e0 une r\u00e9union d&rsquo;urgence entre les productions Tidiane World Music et ses partenaires de l&rsquo;\u00e9v\u00e9nement, confirm\u00e9e \u00a0ce vendredi 13 octobre [&hellip;]<\/p>\n","protected":false},"author":8,"featured_media":22455,"comment_status":"closed","ping_status":"closed","sticky":false,"template":"","format":"standard","meta":{"_exactmetrics_skip_tracking":false,"_exactmetrics_sitenote_active":false,"_exactmetrics_sitenote_note":"","_exactmetrics_sitenote_category":0,"tdm_status":"","tdm_grid_status":"","footnotes":""},"categories":[24],"tags":[],"class_list":{"0":"post-22454","1":"post","2":"type-post","3":"status-publish","4":"format-standard","5":"has-post-thumbnail","7":"category-art-et-culture"},"yoast_head":"<!-- This site is optimized with the Yoast SEO plugin v24.2 - https:\/\/yoast.com\/wordpress\/plugins\/seo\/ -->\n<title>Le concert de Davido pr\u00e9vu \u00e0 Conakry le 15 octobre 2017 a \u00e9t\u00e9 report\u00e9 | Guin\u00e9e Diversit\u00e9<\/title>\n<meta name=\"robots\" content=\"index, follow, max-snippet:-1, max-image-preview:large, max-video-preview:-1\" \/>\n<link rel=\"canonical\" href=\"https:\/\/guineediversite.com\/index.php\/2017\/10\/13\/concert-de-davido-prevu-a-conakry-15-octobre-2017-a-ete-reporte\/\" \/>\n<meta property=\"og:locale\" content=\"fr_FR\" \/>\n<meta property=\"og:type\" content=\"article\" \/>\n<meta property=\"og:title\" content=\"Le concert de Davido pr\u00e9vu \u00e0 Conakry le 15 octobre 2017 a \u00e9t\u00e9 report\u00e9 | Guin\u00e9e Diversit\u00e9\" \/>\n<meta property=\"og:description\" content=\"Le concert de l&rsquo;artiste nig\u00e9rian Davido ne se tiendra plus \u00e0 la date indiqu\u00e9e. L\u2019\u00e9v\u00e9nement est report\u00e9 pour le 22 octobre prochain \u00a0sur l&rsquo;esplanade du palais du peuple \u00e0 Conakry. Cette information est tomb\u00e9e suite \u00e0 une r\u00e9union d&rsquo;urgence entre les productions Tidiane World Music et ses partenaires de l&rsquo;\u00e9v\u00e9nement, confirm\u00e9e \u00a0ce vendredi 13 octobre [&hellip;]\" \/>\n<meta property=\"og:url\" content=\"https:\/\/guineediversite.com\/index.php\/2017\/10\/13\/concert-de-davido-prevu-a-conakry-15-octobre-2017-a-ete-reporte\/\" \/>\n<meta property=\"og:site_name\" content=\"Guin\u00e9e Diversit\u00e9\" \/>\n<meta property=\"article:publisher\" content=\"https:\/\/www.facebook.com\/guineediversite\/\" \/>\n<meta property=\"article:published_time\" content=\"2017-10-13T17:19:19+00:00\" \/>\n<meta property=\"article:modified_time\" content=\"2017-10-13T21:37:44+00:00\" \/>\n<meta property=\"og:image\" content=\"https:\/\/guineediversite.com\/wp-content\/uploads\/2017\/10\/DSCF3720.jpg\" \/>\n\t<meta property=\"og:image:width\" content=\"1024\" \/>\n\t<meta property=\"og:image:height\" content=\"768\" \/>\n\t<meta property=\"og:image:type\" content=\"image\/jpeg\" \/>\n<meta name=\"author\" content=\"Aboubacar Bangoura\" \/>\n<meta name=\"twitter:card\" content=\"summary_large_image\" \/>\n<meta name=\"twitter:creator\" content=\"@GuineeDiversite\" \/>\n<meta name=\"twitter:site\" content=\"@GuineeDiversite\" \/>\n<meta name=\"twitter:label1\" content=\"\u00c9crit par\" \/>\n\t<meta name=\"twitter:data1\" content=\"Aboubacar Bangoura\" \/>\n\t<meta name=\"twitter:label2\" content=\"Dur\u00e9e de lecture estim\u00e9e\" \/>\n\t<meta name=\"twitter:data2\" content=\"1 minute\" \/>\n<script type=\"application\/ld+json\" class=\"yoast-schema-graph\">{\"@context\":\"https:\/\/schema.org\",\"@graph\":[{\"@type\":\"Article\",\"@id\":\"https:\/\/guineediversite.com\/index.php\/2017\/10\/13\/concert-de-davido-prevu-a-conakry-15-octobre-2017-a-ete-reporte\/#article\",\"isPartOf\":{\"@id\":\"https:\/\/guineediversite.com\/index.php\/2017\/10\/13\/concert-de-davido-prevu-a-conakry-15-octobre-2017-a-ete-reporte\/\"},\"author\":{\"name\":\"Aboubacar Bangoura\",\"@id\":\"https:\/\/guineediversite.com\/#\/schema\/person\/5dedff72ab9d6646efe724485147238a\"},\"headline\":\"Le concert de Davido pr\u00e9vu \u00e0 Conakry le 15 octobre 2017 a \u00e9t\u00e9 report\u00e9\",\"datePublished\":\"2017-10-13T17:19:19+00:00\",\"dateModified\":\"2017-10-13T21:37:44+00:00\",\"mainEntityOfPage\":{\"@id\":\"https:\/\/guineediversite.com\/index.php\/2017\/10\/13\/concert-de-davido-prevu-a-conakry-15-octobre-2017-a-ete-reporte\/\"},\"wordCount\":321,\"publisher\":{\"@id\":\"https:\/\/guineediversite.com\/#organization\"},\"image\":{\"@id\":\"https:\/\/guineediversite.com\/index.php\/2017\/10\/13\/concert-de-davido-prevu-a-conakry-15-octobre-2017-a-ete-reporte\/#primaryimage\"},\"thumbnailUrl\":\"https:\/\/guineediversite.com\/wp-content\/uploads\/2017\/10\/DSCF3720.jpg\",\"articleSection\":[\"Culture\"],\"inLanguage\":\"fr-FR\"},{\"@type\":\"WebPage\",\"@id\":\"https:\/\/guineediversite.com\/index.php\/2017\/10\/13\/concert-de-davido-prevu-a-conakry-15-octobre-2017-a-ete-reporte\/\",\"url\":\"https:\/\/guineediversite.com\/index.php\/2017\/10\/13\/concert-de-davido-prevu-a-conakry-15-octobre-2017-a-ete-reporte\/\",\"name\":\"Le concert de Davido pr\u00e9vu \u00e0 Conakry le 15 octobre 2017 a \u00e9t\u00e9 report\u00e9 | Guin\u00e9e Diversit\u00e9\",\"isPartOf\":{\"@id\":\"https:\/\/guineediversite.com\/#website\"},\"primaryImageOfPage\":{\"@id\":\"https:\/\/guineediversite.com\/index.php\/2017\/10\/13\/concert-de-davido-prevu-a-conakry-15-octobre-2017-a-ete-reporte\/#primaryimage\"},\"image\":{\"@id\":\"https:\/\/guineediversite.com\/index.php\/2017\/10\/13\/concert-de-davido-prevu-a-conakry-15-octobre-2017-a-ete-reporte\/#primaryimage\"},\"thumbnailUrl\":\"https:\/\/guineediversite.com\/wp-content\/uploads\/2017\/10\/DSCF3720.jpg\",\"datePublished\":\"2017-10-13T17:19:19+00:00\",\"dateModified\":\"2017-10-13T21:37:44+00:00\",\"breadcrumb\":{\"@id\":\"https:\/\/guineediversite.com\/index.php\/2017\/10\/13\/concert-de-davido-prevu-a-conakry-15-octobre-2017-a-ete-reporte\/#breadcrumb\"},\"inLanguage\":\"fr-FR\",\"potentialAction\":[{\"@type\":\"ReadAction\",\"target\":[\"https:\/\/guineediversite.com\/index.php\/2017\/10\/13\/concert-de-davido-prevu-a-conakry-15-octobre-2017-a-ete-reporte\/\"]}]},{\"@type\":\"ImageObject\",\"inLanguage\":\"fr-FR\",\"@id\":\"https:\/\/guineediversite.com\/index.php\/2017\/10\/13\/concert-de-davido-prevu-a-conakry-15-octobre-2017-a-ete-reporte\/#primaryimage\",\"url\":\"https:\/\/guineediversite.com\/wp-content\/uploads\/2017\/10\/DSCF3720.jpg\",\"contentUrl\":\"https:\/\/guineediversite.com\/wp-content\/uploads\/2017\/10\/DSCF3720.jpg\",\"width\":\"1024\",\"height\":\"768\"},{\"@type\":\"BreadcrumbList\",\"@id\":\"https:\/\/guineediversite.com\/index.php\/2017\/10\/13\/concert-de-davido-prevu-a-conakry-15-octobre-2017-a-ete-reporte\/#breadcrumb\",\"itemListElement\":[{\"@type\":\"ListItem\",\"position\":1,\"name\":\"Accueil\",\"item\":\"https:\/\/guineediversite.com\/\"},{\"@type\":\"ListItem\",\"position\":2,\"name\":\"Le concert de Davido pr\u00e9vu \u00e0 Conakry le 15 octobre 2017 a \u00e9t\u00e9 report\u00e9\"}]},{\"@type\":\"WebSite\",\"@id\":\"https:\/\/guineediversite.com\/#website\",\"url\":\"https:\/\/guineediversite.com\/\",\"name\":\"Guin\u00e9e Diversit\u00e9\",\"description\":\"L&#039;Info dans toute sa diversit\u00e9\",\"publisher\":{\"@id\":\"https:\/\/guineediversite.com\/#organization\"},\"potentialAction\":[{\"@type\":\"SearchAction\",\"target\":{\"@type\":\"EntryPoint\",\"urlTemplate\":\"https:\/\/guineediversite.com\/?s={search_term_string}\"},\"query-input\":{\"@type\":\"PropertyValueSpecification\",\"valueRequired\":true,\"valueName\":\"search_term_string\"}}],\"inLanguage\":\"fr-FR\"},{\"@type\":\"Organization\",\"@id\":\"https:\/\/guineediversite.com\/#organization\",\"name\":\"Guin\u00e9e Diversit\u00e9\",\"url\":\"https:\/\/guineediversite.com\/\",\"logo\":{\"@type\":\"ImageObject\",\"inLanguage\":\"fr-FR\",\"@id\":\"https:\/\/guineediversite.com\/#\/schema\/logo\/image\/\",\"url\":\"https:\/\/guineediversite.com\/wp-content\/uploads\/2017\/04\/cropped-1jojlxEOMkX9Wyqfhe43D6kjPOGqBBKmx3EwWJqZ0cMrFF54yM49.png\",\"contentUrl\":\"https:\/\/guineediversite.com\/wp-content\/uploads\/2017\/04\/cropped-1jojlxEOMkX9Wyqfhe43D6kjPOGqBBKmx3EwWJqZ0cMrFF54yM49.png\",\"width\":186,\"height\":112,\"caption\":\"Guin\u00e9e Diversit\u00e9\"},\"image\":{\"@id\":\"https:\/\/guineediversite.com\/#\/schema\/logo\/image\/\"},\"sameAs\":[\"https:\/\/www.facebook.com\/guineediversite\/\",\"https:\/\/x.com\/GuineeDiversite\",\"https:\/\/www.youtube.com\/channel\/UC8sUY16qelG5ge6_D5SB83g\"]},{\"@type\":\"Person\",\"@id\":\"https:\/\/guineediversite.com\/#\/schema\/person\/5dedff72ab9d6646efe724485147238a\",\"name\":\"Aboubacar Bangoura\",\"image\":{\"@type\":\"ImageObject\",\"inLanguage\":\"fr-FR\",\"@id\":\"https:\/\/guineediversite.com\/#\/schema\/person\/image\/\",\"url\":\"https:\/\/secure.gravatar.com\/avatar\/c2b1df80e8be800cc94c8d8543e88ccc?s=96&d=mm&r=g\",\"contentUrl\":\"https:\/\/secure.gravatar.com\/avatar\/c2b1df80e8be800cc94c8d8543e88ccc?s=96&d=mm&r=g\",\"caption\":\"Aboubacar Bangoura\"},\"url\":\"https:\/\/guineediversite.com\/index.php\/author\/aboubacar\/\"}]}<\/script>\n<!-- \/ Yoast SEO plugin. -->","yoast_head_json":{"title":"Le concert de Davido pr\u00e9vu \u00e0 Conakry le 15 octobre 2017 a \u00e9t\u00e9 report\u00e9 | Guin\u00e9e Diversit\u00e9","robots":{"index":"index","follow":"follow","max-snippet":"max-snippet:-1","max-image-preview":"max-image-preview:large","max-video-preview":"max-video-preview:-1"},"canonical":"https:\/\/guineediversite.com\/index.php\/2017\/10\/13\/concert-de-davido-prevu-a-conakry-15-octobre-2017-a-ete-reporte\/","og_locale":"fr_FR","og_type":"article","og_title":"Le concert de Davido pr\u00e9vu \u00e0 Conakry le 15 octobre 2017 a \u00e9t\u00e9 report\u00e9 | Guin\u00e9e Diversit\u00e9","og_description":"Le concert de l&rsquo;artiste nig\u00e9rian Davido ne se tiendra plus \u00e0 la date indiqu\u00e9e. L\u2019\u00e9v\u00e9nement est report\u00e9 pour le 22 octobre prochain \u00a0sur l&rsquo;esplanade du palais du peuple \u00e0 Conakry. Cette information est tomb\u00e9e suite \u00e0 une r\u00e9union d&rsquo;urgence entre les productions Tidiane World Music et ses partenaires de l&rsquo;\u00e9v\u00e9nement, confirm\u00e9e \u00a0ce vendredi 13 octobre [&hellip;]","og_url":"https:\/\/guineediversite.com\/index.php\/2017\/10\/13\/concert-de-davido-prevu-a-conakry-15-octobre-2017-a-ete-reporte\/","og_site_name":"Guin\u00e9e Diversit\u00e9","article_publisher":"https:\/\/www.facebook.com\/guineediversite\/","article_published_time":"2017-10-13T17:19:19+00:00","article_modified_time":"2017-10-13T21:37:44+00:00","og_image":[{"width":1024,"height":768,"url":"https:\/\/guineediversite.com\/wp-content\/uploads\/2017\/10\/DSCF3720.jpg","type":"image\/jpeg"}],"author":"Aboubacar Bangoura","twitter_card":"summary_large_image","twitter_creator":"@GuineeDiversite","twitter_site":"@GuineeDiversite","twitter_misc":{"\u00c9crit par":"Aboubacar Bangoura","Dur\u00e9e de lecture estim\u00e9e":"1 minute"},"schema":{"@context":"https:\/\/schema.org","@graph":[{"@type":"Article","@id":"https:\/\/guineediversite.com\/index.php\/2017\/10\/13\/concert-de-davido-prevu-a-conakry-15-octobre-2017-a-ete-reporte\/#article","isPartOf":{"@id":"https:\/\/guineediversite.com\/index.php\/2017\/10\/13\/concert-de-davido-prevu-a-conakry-15-octobre-2017-a-ete-reporte\/"},"author":{"name":"Aboubacar Bangoura","@id":"https:\/\/guineediversite.com\/#\/schema\/person\/5dedff72ab9d6646efe724485147238a"},"headline":"Le concert de Davido pr\u00e9vu \u00e0 Conakry le 15 octobre 2017 a \u00e9t\u00e9 report\u00e9","datePublished":"2017-10-13T17:19:19+00:00","dateModified":"2017-10-13T21:37:44+00:00","mainEntityOfPage":{"@id":"https:\/\/guineediversite.com\/index.php\/2017\/10\/13\/concert-de-davido-prevu-a-conakry-15-octobre-2017-a-ete-reporte\/"},"wordCount":321,"publisher":{"@id":"https:\/\/guineediversite.com\/#organization"},"image":{"@id":"https:\/\/guineediversite.com\/index.php\/2017\/10\/13\/concert-de-davido-prevu-a-conakry-15-octobre-2017-a-ete-reporte\/#primaryimage"},"thumbnailUrl":"https:\/\/guineediversite.com\/wp-content\/uploads\/2017\/10\/DSCF3720.jpg","articleSection":["Culture"],"inLanguage":"fr-FR"},{"@type":"WebPage","@id":"https:\/\/guineediversite.com\/index.php\/2017\/10\/13\/concert-de-davido-prevu-a-conakry-15-octobre-2017-a-ete-reporte\/","url":"https:\/\/guineediversite.com\/index.php\/2017\/10\/13\/concert-de-davido-prevu-a-conakry-15-octobre-2017-a-ete-reporte\/","name":"Le concert de Davido pr\u00e9vu \u00e0 Conakry le 15 octobre 2017 a \u00e9t\u00e9 report\u00e9 | Guin\u00e9e Diversit\u00e9","isPartOf":{"@id":"https:\/\/guineediversite.com\/#website"},"primaryImageOfPage":{"@id":"https:\/\/guineediversite.com\/index.php\/2017\/10\/13\/concert-de-davido-prevu-a-conakry-15-octobre-2017-a-ete-reporte\/#primaryimage"},"image":{"@id":"https:\/\/guineediversite.com\/index.php\/2017\/10\/13\/concert-de-davido-prevu-a-conakry-15-octobre-2017-a-ete-reporte\/#primaryimage"},"thumbnailUrl":"https:\/\/guineediversite.com\/wp-content\/uploads\/2017\/10\/DSCF3720.jpg","datePublished":"2017-10-13T17:19:19+00:00","dateModified":"2017-10-13T21:37:44+00:00","breadcrumb":{"@id":"https:\/\/guineediversite.com\/index.php\/2017\/10\/13\/concert-de-davido-prevu-a-conakry-15-octobre-2017-a-ete-reporte\/#breadcrumb"},"inLanguage":"fr-FR","potentialAction":[{"@type":"ReadAction","target":["https:\/\/guineediversite.com\/index.php\/2017\/10\/13\/concert-de-davido-prevu-a-conakry-15-octobre-2017-a-ete-reporte\/"]}]},{"@type":"ImageObject","inLanguage":"fr-FR","@id":"https:\/\/guineediversite.com\/index.php\/2017\/10\/13\/concert-de-davido-prevu-a-conakry-15-octobre-2017-a-ete-reporte\/#primaryimage","url":"https:\/\/guineediversite.com\/wp-content\/uploads\/2017\/10\/DSCF3720.jpg","contentUrl":"https:\/\/guineediversite.com\/wp-content\/uploads\/2017\/10\/DSCF3720.jpg","width":"1024","height":"768"},{"@type":"BreadcrumbList","@id":"https:\/\/guineediversite.com\/index.php\/2017\/10\/13\/concert-de-davido-prevu-a-conakry-15-octobre-2017-a-ete-reporte\/#breadcrumb","itemListElement":[{"@type":"ListItem","position":1,"name":"Accueil","item":"https:\/\/guineediversite.com\/"},{"@type":"ListItem","position":2,"name":"Le concert de Davido pr\u00e9vu \u00e0 Conakry le 15 octobre 2017 a \u00e9t\u00e9 report\u00e9"}]},{"@type":"WebSite","@id":"https:\/\/guineediversite.com\/#website","url":"https:\/\/guineediversite.com\/","name":"Guin\u00e9e Diversit\u00e9","description":"L&#039;Info dans toute sa diversit\u00e9","publisher":{"@id":"https:\/\/guineediversite.com\/#organization"},"potentialAction":[{"@type":"SearchAction","target":{"@type":"EntryPoint","urlTemplate":"https:\/\/guineediversite.com\/?s={search_term_string}"},"query-input":{"@type":"PropertyValueSpecification","valueRequired":true,"valueName":"search_term_string"}}],"inLanguage":"fr-FR"},{"@type":"Organization","@id":"https:\/\/guineediversite.com\/#organization","name":"Guin\u00e9e Diversit\u00e9","url":"https:\/\/guineediversite.com\/","logo":{"@type":"ImageObject","inLanguage":"fr-FR","@id":"https:\/\/guineediversite.com\/#\/schema\/logo\/image\/","url":"https:\/\/guineediversite.com\/wp-content\/uploads\/2017\/04\/cropped-1jojlxEOMkX9Wyqfhe43D6kjPOGqBBKmx3EwWJqZ0cMrFF54yM49.png","contentUrl":"https:\/\/guineediversite.com\/wp-content\/uploads\/2017\/04\/cropped-1jojlxEOMkX9Wyqfhe43D6kjPOGqBBKmx3EwWJqZ0cMrFF54yM49.png","width":186,"height":112,"caption":"Guin\u00e9e Diversit\u00e9"},"image":{"@id":"https:\/\/guineediversite.com\/#\/schema\/logo\/image\/"},"sameAs":["https:\/\/www.facebook.com\/guineediversite\/","https:\/\/x.com\/GuineeDiversite","https:\/\/www.youtube.com\/channel\/UC8sUY16qelG5ge6_D5SB83g"]},{"@type":"Person","@id":"https:\/\/guineediversite.com\/#\/schema\/person\/5dedff72ab9d6646efe724485147238a","name":"Aboubacar Bangoura","image":{"@type":"ImageObject","inLanguage":"fr-FR","@id":"https:\/\/guineediversite.com\/#\/schema\/person\/image\/","url":"https:\/\/secure.gravatar.com\/avatar\/c2b1df80e8be800cc94c8d8543e88ccc?s=96&d=mm&r=g","contentUrl":"https:\/\/secure.gravatar.com\/avatar\/c2b1df80e8be800cc94c8d8543e88ccc?s=96&d=mm&r=g","caption":"Aboubacar Bangoura"},"url":"https:\/\/guineediversite.com\/index.php\/author\/aboubacar\/"}]}},"_links":{"self":[{"href":"https:\/\/guineediversite.com\/index.php\/wp-json\/wp\/v2\/posts\/22454"}],"collection":[{"href":"https:\/\/guineediversite.com\/index.php\/wp-json\/wp\/v2\/posts"}],"about":[{"href":"https:\/\/guineediversite.com\/index.php\/wp-json\/wp\/v2\/types\/post"}],"author":[{"embeddable":true,"href":"https:\/\/guineediversite.com\/index.php\/wp-json\/wp\/v2\/users\/8"}],"replies":[{"embeddable":true,"href":"https:\/\/guineediversite.com\/index.php\/wp-json\/wp\/v2\/comments?post=22454"}],"version-history":[{"count":0,"href":"https:\/\/guineediversite.com\/index.php\/wp-json\/wp\/v2\/posts\/22454\/revisions"}],"wp:featuredmedia":[{"embeddable":true,"href":"https:\/\/guineediversite.com\/index.php\/wp-json\/wp\/v2\/media\/22455"}],"wp:attachment":[{"href":"https:\/\/guineediversite.com\/index.php\/wp-json\/wp\/v2\/media?parent=22454"}],"wp:term":[{"taxonomy":"category","embeddable":true,"href":"https:\/\/guineediversite.com\/index.php\/wp-json\/wp\/v2\/categories?post=22454"},{"taxonomy":"post_tag","embeddable":true,"href":"https:\/\/guineediversite.com\/index.php\/wp-json\/wp\/v2\/tags?post=22454"}],"curies":[{"name":"wp","href":"https:\/\/api.w.org\/{rel}","templated":true}]}}