{"id":22360,"date":"2017-10-09T17:31:27","date_gmt":"2017-10-09T15:31:27","guid":{"rendered":"https:\/\/guineediversite.com\/?p=22360"},"modified":"2017-10-10T17:43:17","modified_gmt":"2017-10-10T15:43:17","slug":"tams-kartel-signe-contrat-de-production-chez-benedi-records","status":"publish","type":"post","link":"https:\/\/guineediversite.com\/index.php\/2017\/10\/09\/tams-kartel-signe-contrat-de-production-chez-benedi-records\/","title":{"rendered":"Tams Kartel signe un contrat de production chez Benedi Records"},"content":{"rendered":"<p>Ce n&rsquo;est plus une rumeur pour les fans de Tams Kartel. Le jeune artiste a enfin sign\u00e9 \u00a0son premier contrat de production \u00a0chez Benedi Records.<\/p>\n<p>La nouvelle maison de production de \u00a0Tams Kartel a officialis\u00e9 la signature de ce contrat via sa page facebook\u00a0en \u00e9crivant\u00a0: \u00ab\u00a0OFFICIEL CHEZ\u00a0Benedi Records\u00a0!!!\u00a0 Bienvenue dans\u00a0Beni Kha Crew\u00a0 Tamsir. Un\u00a0mongol\u00a0de plus \u00bb.<\/p>\n<p>&nbsp;<\/p>\n<p>Il y a quelques jours, les rumeurs couraient dans la cit\u00e9 sur l&rsquo;arriv\u00e9e d&rsquo;Alkhaly Tamsir Toure A.k.A\u00a0 Tams Kartel dans le crew de Beni. Cette publication a enfin lev\u00e9 l&rsquo;\u00e9quivoque en confirmant cette information. Le jeune artiste travaillera avec Mohamed Ibn Abdallah Oulare \u00a0\u00bbBeni\u00a0\u00bb durant une ann\u00e9e, comme l&rsquo;indique les clauses du contrat.<\/p>\n<p>Depuis sa sortie de prison en ao\u00fbt 2016 pour tentative de viol, le code de popularit\u00e9 du jeune\u00a0Tams Kartel ne fait qu&rsquo;accroitre \u00e0 travers ses diff\u00e9rents singles chant\u00e9s en longueur de journ\u00e9e par les m\u00e9lomanes.<\/p>\n","protected":false},"excerpt":{"rendered":"<p>Ce n&rsquo;est plus une rumeur pour les fans de Tams Kartel. Le jeune artiste a enfin sign\u00e9 \u00a0son premier contrat de production \u00a0chez Benedi Records. La nouvelle maison de production de \u00a0Tams Kartel a officialis\u00e9 la signature de ce contrat via sa page facebook\u00a0en \u00e9crivant\u00a0: \u00ab\u00a0OFFICIEL CHEZ\u00a0Benedi Records\u00a0!!!\u00a0 Bienvenue dans\u00a0Beni Kha Crew\u00a0 Tamsir. Un\u00a0mongol\u00a0de plus [&hellip;]<\/p>\n","protected":false},"author":8,"featured_media":22361,"comment_status":"closed","ping_status":"closed","sticky":false,"template":"","format":"standard","meta":{"_exactmetrics_skip_tracking":false,"_exactmetrics_sitenote_active":false,"_exactmetrics_sitenote_note":"","_exactmetrics_sitenote_category":0,"tdm_status":"","tdm_grid_status":"","footnotes":""},"categories":[24],"tags":[282],"class_list":{"0":"post-22360","1":"post","2":"type-post","3":"status-publish","4":"format-standard","5":"has-post-thumbnail","7":"category-art-et-culture","8":"tag-tamsir"},"yoast_head":"<!-- This site is optimized with the Yoast SEO plugin v24.2 - https:\/\/yoast.com\/wordpress\/plugins\/seo\/ -->\n<title>Tams Kartel signe un contrat de production chez Benedi Records | Guin\u00e9e Diversit\u00e9<\/title>\n<meta name=\"robots\" content=\"index, follow, max-snippet:-1, max-image-preview:large, max-video-preview:-1\" \/>\n<link rel=\"canonical\" href=\"https:\/\/guineediversite.com\/index.php\/2017\/10\/09\/tams-kartel-signe-contrat-de-production-chez-benedi-records\/\" \/>\n<meta property=\"og:locale\" content=\"fr_FR\" \/>\n<meta property=\"og:type\" content=\"article\" \/>\n<meta property=\"og:title\" content=\"Tams Kartel signe un contrat de production chez Benedi Records | Guin\u00e9e Diversit\u00e9\" \/>\n<meta property=\"og:description\" content=\"Ce n&rsquo;est plus une rumeur pour les fans de Tams Kartel. Le jeune artiste a enfin sign\u00e9 \u00a0son premier contrat de production \u00a0chez Benedi Records. La nouvelle maison de production de \u00a0Tams Kartel a officialis\u00e9 la signature de ce contrat via sa page facebook\u00a0en \u00e9crivant\u00a0: \u00ab\u00a0OFFICIEL CHEZ\u00a0Benedi Records\u00a0!!!\u00a0 Bienvenue dans\u00a0Beni Kha Crew\u00a0 Tamsir. Un\u00a0mongol\u00a0de plus [&hellip;]\" \/>\n<meta property=\"og:url\" content=\"https:\/\/guineediversite.com\/index.php\/2017\/10\/09\/tams-kartel-signe-contrat-de-production-chez-benedi-records\/\" \/>\n<meta property=\"og:site_name\" content=\"Guin\u00e9e Diversit\u00e9\" \/>\n<meta property=\"article:publisher\" content=\"https:\/\/www.facebook.com\/guineediversite\/\" \/>\n<meta property=\"article:published_time\" content=\"2017-10-09T15:31:27+00:00\" \/>\n<meta property=\"article:modified_time\" content=\"2017-10-10T15:43:17+00:00\" \/>\n<meta property=\"og:image\" content=\"https:\/\/guineediversite.com\/wp-content\/uploads\/2017\/10\/t\u00e9l\u00e9chargement-6.jpg\" \/>\n\t<meta property=\"og:image:width\" content=\"1024\" \/>\n\t<meta property=\"og:image:height\" content=\"768\" \/>\n\t<meta property=\"og:image:type\" content=\"image\/jpeg\" \/>\n<meta name=\"author\" content=\"Aboubacar Bangoura\" \/>\n<meta name=\"twitter:card\" content=\"summary_large_image\" \/>\n<meta name=\"twitter:creator\" content=\"@GuineeDiversite\" \/>\n<meta name=\"twitter:site\" content=\"@GuineeDiversite\" \/>\n<meta name=\"twitter:label1\" content=\"\u00c9crit par\" \/>\n\t<meta name=\"twitter:data1\" content=\"Aboubacar Bangoura\" \/>\n\t<meta name=\"twitter:label2\" content=\"Dur\u00e9e de lecture estim\u00e9e\" \/>\n\t<meta name=\"twitter:data2\" content=\"1 minute\" \/>\n<script type=\"application\/ld+json\" class=\"yoast-schema-graph\">{\"@context\":\"https:\/\/schema.org\",\"@graph\":[{\"@type\":\"Article\",\"@id\":\"https:\/\/guineediversite.com\/index.php\/2017\/10\/09\/tams-kartel-signe-contrat-de-production-chez-benedi-records\/#article\",\"isPartOf\":{\"@id\":\"https:\/\/guineediversite.com\/index.php\/2017\/10\/09\/tams-kartel-signe-contrat-de-production-chez-benedi-records\/\"},\"author\":{\"name\":\"Aboubacar Bangoura\",\"@id\":\"https:\/\/guineediversite.com\/#\/schema\/person\/5dedff72ab9d6646efe724485147238a\"},\"headline\":\"Tams Kartel signe un contrat de production chez Benedi Records\",\"datePublished\":\"2017-10-09T15:31:27+00:00\",\"dateModified\":\"2017-10-10T15:43:17+00:00\",\"mainEntityOfPage\":{\"@id\":\"https:\/\/guineediversite.com\/index.php\/2017\/10\/09\/tams-kartel-signe-contrat-de-production-chez-benedi-records\/\"},\"wordCount\":173,\"publisher\":{\"@id\":\"https:\/\/guineediversite.com\/#organization\"},\"image\":{\"@id\":\"https:\/\/guineediversite.com\/index.php\/2017\/10\/09\/tams-kartel-signe-contrat-de-production-chez-benedi-records\/#primaryimage\"},\"thumbnailUrl\":\"https:\/\/guineediversite.com\/wp-content\/uploads\/2017\/10\/t\u00e9l\u00e9chargement-6.jpg\",\"keywords\":[\"TAMSIR\"],\"articleSection\":[\"Culture\"],\"inLanguage\":\"fr-FR\"},{\"@type\":\"WebPage\",\"@id\":\"https:\/\/guineediversite.com\/index.php\/2017\/10\/09\/tams-kartel-signe-contrat-de-production-chez-benedi-records\/\",\"url\":\"https:\/\/guineediversite.com\/index.php\/2017\/10\/09\/tams-kartel-signe-contrat-de-production-chez-benedi-records\/\",\"name\":\"Tams Kartel signe un contrat de production chez Benedi Records | Guin\u00e9e Diversit\u00e9\",\"isPartOf\":{\"@id\":\"https:\/\/guineediversite.com\/#website\"},\"primaryImageOfPage\":{\"@id\":\"https:\/\/guineediversite.com\/index.php\/2017\/10\/09\/tams-kartel-signe-contrat-de-production-chez-benedi-records\/#primaryimage\"},\"image\":{\"@id\":\"https:\/\/guineediversite.com\/index.php\/2017\/10\/09\/tams-kartel-signe-contrat-de-production-chez-benedi-records\/#primaryimage\"},\"thumbnailUrl\":\"https:\/\/guineediversite.com\/wp-content\/uploads\/2017\/10\/t\u00e9l\u00e9chargement-6.jpg\",\"datePublished\":\"2017-10-09T15:31:27+00:00\",\"dateModified\":\"2017-10-10T15:43:17+00:00\",\"breadcrumb\":{\"@id\":\"https:\/\/guineediversite.com\/index.php\/2017\/10\/09\/tams-kartel-signe-contrat-de-production-chez-benedi-records\/#breadcrumb\"},\"inLanguage\":\"fr-FR\",\"potentialAction\":[{\"@type\":\"ReadAction\",\"target\":[\"https:\/\/guineediversite.com\/index.php\/2017\/10\/09\/tams-kartel-signe-contrat-de-production-chez-benedi-records\/\"]}]},{\"@type\":\"ImageObject\",\"inLanguage\":\"fr-FR\",\"@id\":\"https:\/\/guineediversite.com\/index.php\/2017\/10\/09\/tams-kartel-signe-contrat-de-production-chez-benedi-records\/#primaryimage\",\"url\":\"https:\/\/guineediversite.com\/wp-content\/uploads\/2017\/10\/t\u00e9l\u00e9chargement-6.jpg\",\"contentUrl\":\"https:\/\/guineediversite.com\/wp-content\/uploads\/2017\/10\/t\u00e9l\u00e9chargement-6.jpg\",\"width\":\"1024\",\"height\":\"768\"},{\"@type\":\"BreadcrumbList\",\"@id\":\"https:\/\/guineediversite.com\/index.php\/2017\/10\/09\/tams-kartel-signe-contrat-de-production-chez-benedi-records\/#breadcrumb\",\"itemListElement\":[{\"@type\":\"ListItem\",\"position\":1,\"name\":\"Accueil\",\"item\":\"https:\/\/guineediversite.com\/\"},{\"@type\":\"ListItem\",\"position\":2,\"name\":\"Tams Kartel signe un contrat de production chez Benedi Records\"}]},{\"@type\":\"WebSite\",\"@id\":\"https:\/\/guineediversite.com\/#website\",\"url\":\"https:\/\/guineediversite.com\/\",\"name\":\"Guin\u00e9e Diversit\u00e9\",\"description\":\"L&#039;Info dans toute sa diversit\u00e9\",\"publisher\":{\"@id\":\"https:\/\/guineediversite.com\/#organization\"},\"potentialAction\":[{\"@type\":\"SearchAction\",\"target\":{\"@type\":\"EntryPoint\",\"urlTemplate\":\"https:\/\/guineediversite.com\/?s={search_term_string}\"},\"query-input\":{\"@type\":\"PropertyValueSpecification\",\"valueRequired\":true,\"valueName\":\"search_term_string\"}}],\"inLanguage\":\"fr-FR\"},{\"@type\":\"Organization\",\"@id\":\"https:\/\/guineediversite.com\/#organization\",\"name\":\"Guin\u00e9e Diversit\u00e9\",\"url\":\"https:\/\/guineediversite.com\/\",\"logo\":{\"@type\":\"ImageObject\",\"inLanguage\":\"fr-FR\",\"@id\":\"https:\/\/guineediversite.com\/#\/schema\/logo\/image\/\",\"url\":\"https:\/\/guineediversite.com\/wp-content\/uploads\/2017\/04\/cropped-1jojlxEOMkX9Wyqfhe43D6kjPOGqBBKmx3EwWJqZ0cMrFF54yM49.png\",\"contentUrl\":\"https:\/\/guineediversite.com\/wp-content\/uploads\/2017\/04\/cropped-1jojlxEOMkX9Wyqfhe43D6kjPOGqBBKmx3EwWJqZ0cMrFF54yM49.png\",\"width\":186,\"height\":112,\"caption\":\"Guin\u00e9e Diversit\u00e9\"},\"image\":{\"@id\":\"https:\/\/guineediversite.com\/#\/schema\/logo\/image\/\"},\"sameAs\":[\"https:\/\/www.facebook.com\/guineediversite\/\",\"https:\/\/x.com\/GuineeDiversite\",\"https:\/\/www.youtube.com\/channel\/UC8sUY16qelG5ge6_D5SB83g\"]},{\"@type\":\"Person\",\"@id\":\"https:\/\/guineediversite.com\/#\/schema\/person\/5dedff72ab9d6646efe724485147238a\",\"name\":\"Aboubacar Bangoura\",\"image\":{\"@type\":\"ImageObject\",\"inLanguage\":\"fr-FR\",\"@id\":\"https:\/\/guineediversite.com\/#\/schema\/person\/image\/\",\"url\":\"https:\/\/secure.gravatar.com\/avatar\/c2b1df80e8be800cc94c8d8543e88ccc?s=96&d=mm&r=g\",\"contentUrl\":\"https:\/\/secure.gravatar.com\/avatar\/c2b1df80e8be800cc94c8d8543e88ccc?s=96&d=mm&r=g\",\"caption\":\"Aboubacar Bangoura\"},\"url\":\"https:\/\/guineediversite.com\/index.php\/author\/aboubacar\/\"}]}<\/script>\n<!-- \/ Yoast SEO plugin. -->","yoast_head_json":{"title":"Tams Kartel signe un contrat de production chez Benedi Records | Guin\u00e9e Diversit\u00e9","robots":{"index":"index","follow":"follow","max-snippet":"max-snippet:-1","max-image-preview":"max-image-preview:large","max-video-preview":"max-video-preview:-1"},"canonical":"https:\/\/guineediversite.com\/index.php\/2017\/10\/09\/tams-kartel-signe-contrat-de-production-chez-benedi-records\/","og_locale":"fr_FR","og_type":"article","og_title":"Tams Kartel signe un contrat de production chez Benedi Records | Guin\u00e9e Diversit\u00e9","og_description":"Ce n&rsquo;est plus une rumeur pour les fans de Tams Kartel. Le jeune artiste a enfin sign\u00e9 \u00a0son premier contrat de production \u00a0chez Benedi Records. La nouvelle maison de production de \u00a0Tams Kartel a officialis\u00e9 la signature de ce contrat via sa page facebook\u00a0en \u00e9crivant\u00a0: \u00ab\u00a0OFFICIEL CHEZ\u00a0Benedi Records\u00a0!!!\u00a0 Bienvenue dans\u00a0Beni Kha Crew\u00a0 Tamsir. Un\u00a0mongol\u00a0de plus [&hellip;]","og_url":"https:\/\/guineediversite.com\/index.php\/2017\/10\/09\/tams-kartel-signe-contrat-de-production-chez-benedi-records\/","og_site_name":"Guin\u00e9e Diversit\u00e9","article_publisher":"https:\/\/www.facebook.com\/guineediversite\/","article_published_time":"2017-10-09T15:31:27+00:00","article_modified_time":"2017-10-10T15:43:17+00:00","og_image":[{"width":1024,"height":768,"url":"https:\/\/guineediversite.com\/wp-content\/uploads\/2017\/10\/t\u00e9l\u00e9chargement-6.jpg","type":"image\/jpeg"}],"author":"Aboubacar Bangoura","twitter_card":"summary_large_image","twitter_creator":"@GuineeDiversite","twitter_site":"@GuineeDiversite","twitter_misc":{"\u00c9crit par":"Aboubacar Bangoura","Dur\u00e9e de lecture estim\u00e9e":"1 minute"},"schema":{"@context":"https:\/\/schema.org","@graph":[{"@type":"Article","@id":"https:\/\/guineediversite.com\/index.php\/2017\/10\/09\/tams-kartel-signe-contrat-de-production-chez-benedi-records\/#article","isPartOf":{"@id":"https:\/\/guineediversite.com\/index.php\/2017\/10\/09\/tams-kartel-signe-contrat-de-production-chez-benedi-records\/"},"author":{"name":"Aboubacar Bangoura","@id":"https:\/\/guineediversite.com\/#\/schema\/person\/5dedff72ab9d6646efe724485147238a"},"headline":"Tams Kartel signe un contrat de production chez Benedi Records","datePublished":"2017-10-09T15:31:27+00:00","dateModified":"2017-10-10T15:43:17+00:00","mainEntityOfPage":{"@id":"https:\/\/guineediversite.com\/index.php\/2017\/10\/09\/tams-kartel-signe-contrat-de-production-chez-benedi-records\/"},"wordCount":173,"publisher":{"@id":"https:\/\/guineediversite.com\/#organization"},"image":{"@id":"https:\/\/guineediversite.com\/index.php\/2017\/10\/09\/tams-kartel-signe-contrat-de-production-chez-benedi-records\/#primaryimage"},"thumbnailUrl":"https:\/\/guineediversite.com\/wp-content\/uploads\/2017\/10\/t\u00e9l\u00e9chargement-6.jpg","keywords":["TAMSIR"],"articleSection":["Culture"],"inLanguage":"fr-FR"},{"@type":"WebPage","@id":"https:\/\/guineediversite.com\/index.php\/2017\/10\/09\/tams-kartel-signe-contrat-de-production-chez-benedi-records\/","url":"https:\/\/guineediversite.com\/index.php\/2017\/10\/09\/tams-kartel-signe-contrat-de-production-chez-benedi-records\/","name":"Tams Kartel signe un contrat de production chez Benedi Records | Guin\u00e9e Diversit\u00e9","isPartOf":{"@id":"https:\/\/guineediversite.com\/#website"},"primaryImageOfPage":{"@id":"https:\/\/guineediversite.com\/index.php\/2017\/10\/09\/tams-kartel-signe-contrat-de-production-chez-benedi-records\/#primaryimage"},"image":{"@id":"https:\/\/guineediversite.com\/index.php\/2017\/10\/09\/tams-kartel-signe-contrat-de-production-chez-benedi-records\/#primaryimage"},"thumbnailUrl":"https:\/\/guineediversite.com\/wp-content\/uploads\/2017\/10\/t\u00e9l\u00e9chargement-6.jpg","datePublished":"2017-10-09T15:31:27+00:00","dateModified":"2017-10-10T15:43:17+00:00","breadcrumb":{"@id":"https:\/\/guineediversite.com\/index.php\/2017\/10\/09\/tams-kartel-signe-contrat-de-production-chez-benedi-records\/#breadcrumb"},"inLanguage":"fr-FR","potentialAction":[{"@type":"ReadAction","target":["https:\/\/guineediversite.com\/index.php\/2017\/10\/09\/tams-kartel-signe-contrat-de-production-chez-benedi-records\/"]}]},{"@type":"ImageObject","inLanguage":"fr-FR","@id":"https:\/\/guineediversite.com\/index.php\/2017\/10\/09\/tams-kartel-signe-contrat-de-production-chez-benedi-records\/#primaryimage","url":"https:\/\/guineediversite.com\/wp-content\/uploads\/2017\/10\/t\u00e9l\u00e9chargement-6.jpg","contentUrl":"https:\/\/guineediversite.com\/wp-content\/uploads\/2017\/10\/t\u00e9l\u00e9chargement-6.jpg","width":"1024","height":"768"},{"@type":"BreadcrumbList","@id":"https:\/\/guineediversite.com\/index.php\/2017\/10\/09\/tams-kartel-signe-contrat-de-production-chez-benedi-records\/#breadcrumb","itemListElement":[{"@type":"ListItem","position":1,"name":"Accueil","item":"https:\/\/guineediversite.com\/"},{"@type":"ListItem","position":2,"name":"Tams Kartel signe un contrat de production chez Benedi Records"}]},{"@type":"WebSite","@id":"https:\/\/guineediversite.com\/#website","url":"https:\/\/guineediversite.com\/","name":"Guin\u00e9e Diversit\u00e9","description":"L&#039;Info dans toute sa diversit\u00e9","publisher":{"@id":"https:\/\/guineediversite.com\/#organization"},"potentialAction":[{"@type":"SearchAction","target":{"@type":"EntryPoint","urlTemplate":"https:\/\/guineediversite.com\/?s={search_term_string}"},"query-input":{"@type":"PropertyValueSpecification","valueRequired":true,"valueName":"search_term_string"}}],"inLanguage":"fr-FR"},{"@type":"Organization","@id":"https:\/\/guineediversite.com\/#organization","name":"Guin\u00e9e Diversit\u00e9","url":"https:\/\/guineediversite.com\/","logo":{"@type":"ImageObject","inLanguage":"fr-FR","@id":"https:\/\/guineediversite.com\/#\/schema\/logo\/image\/","url":"https:\/\/guineediversite.com\/wp-content\/uploads\/2017\/04\/cropped-1jojlxEOMkX9Wyqfhe43D6kjPOGqBBKmx3EwWJqZ0cMrFF54yM49.png","contentUrl":"https:\/\/guineediversite.com\/wp-content\/uploads\/2017\/04\/cropped-1jojlxEOMkX9Wyqfhe43D6kjPOGqBBKmx3EwWJqZ0cMrFF54yM49.png","width":186,"height":112,"caption":"Guin\u00e9e Diversit\u00e9"},"image":{"@id":"https:\/\/guineediversite.com\/#\/schema\/logo\/image\/"},"sameAs":["https:\/\/www.facebook.com\/guineediversite\/","https:\/\/x.com\/GuineeDiversite","https:\/\/www.youtube.com\/channel\/UC8sUY16qelG5ge6_D5SB83g"]},{"@type":"Person","@id":"https:\/\/guineediversite.com\/#\/schema\/person\/5dedff72ab9d6646efe724485147238a","name":"Aboubacar Bangoura","image":{"@type":"ImageObject","inLanguage":"fr-FR","@id":"https:\/\/guineediversite.com\/#\/schema\/person\/image\/","url":"https:\/\/secure.gravatar.com\/avatar\/c2b1df80e8be800cc94c8d8543e88ccc?s=96&d=mm&r=g","contentUrl":"https:\/\/secure.gravatar.com\/avatar\/c2b1df80e8be800cc94c8d8543e88ccc?s=96&d=mm&r=g","caption":"Aboubacar Bangoura"},"url":"https:\/\/guineediversite.com\/index.php\/author\/aboubacar\/"}]}},"_links":{"self":[{"href":"https:\/\/guineediversite.com\/index.php\/wp-json\/wp\/v2\/posts\/22360"}],"collection":[{"href":"https:\/\/guineediversite.com\/index.php\/wp-json\/wp\/v2\/posts"}],"about":[{"href":"https:\/\/guineediversite.com\/index.php\/wp-json\/wp\/v2\/types\/post"}],"author":[{"embeddable":true,"href":"https:\/\/guineediversite.com\/index.php\/wp-json\/wp\/v2\/users\/8"}],"replies":[{"embeddable":true,"href":"https:\/\/guineediversite.com\/index.php\/wp-json\/wp\/v2\/comments?post=22360"}],"version-history":[{"count":0,"href":"https:\/\/guineediversite.com\/index.php\/wp-json\/wp\/v2\/posts\/22360\/revisions"}],"wp:featuredmedia":[{"embeddable":true,"href":"https:\/\/guineediversite.com\/index.php\/wp-json\/wp\/v2\/media\/22361"}],"wp:attachment":[{"href":"https:\/\/guineediversite.com\/index.php\/wp-json\/wp\/v2\/media?parent=22360"}],"wp:term":[{"taxonomy":"category","embeddable":true,"href":"https:\/\/guineediversite.com\/index.php\/wp-json\/wp\/v2\/categories?post=22360"},{"taxonomy":"post_tag","embeddable":true,"href":"https:\/\/guineediversite.com\/index.php\/wp-json\/wp\/v2\/tags?post=22360"}],"curies":[{"name":"wp","href":"https:\/\/api.w.org\/{rel}","templated":true}]}}