{"id":22325,"date":"2017-10-08T13:00:58","date_gmt":"2017-10-08T11:00:58","guid":{"rendered":"https:\/\/guineediversite.com\/?p=22325"},"modified":"2017-10-08T13:00:58","modified_gmt":"2017-10-08T11:00:58","slug":"cellou-dalein-diallo-lopposition-sera-extremement-vigilante","status":"publish","type":"post","link":"https:\/\/guineediversite.com\/index.php\/2017\/10\/08\/cellou-dalein-diallo-lopposition-sera-extremement-vigilante\/","title":{"rendered":"Cellou\u00a0Dalein\u00a0Diallo\u00a0:\u00a0\u00ab L\u2019opposition sera extr\u00eamement vigilante \u00bb"},"content":{"rendered":"<p><strong><span id=\"p187\">Comme \u00e0\u00a0l&rsquo;accoutum\u00e9e, l\u2019assembl\u00e9e g\u00e9n\u00e9rale de l\u2019Union des Forces D\u00e9mocratiques de Guin\u00e9e\u00a0<span id=\"202\" class=\"s-rg-t\">UFDG<\/span>\u00a0s\u2019est tenue samedi 7 octobre 2017 \u00e0 son si\u00e8ge, \u00e0 la mini\u00e8re sous la pr\u00e9sidence du leader\u00a0<span id=\"203\" class=\"s-rg-t\">Cellou<\/span>\u00a0<span id=\"204\" class=\"s-rg-t\">Dalein<\/span>\u00a0<span id=\"205\" class=\"s-rg-t\">Diallo<\/span>.<\/span><span id=\"p188\">\u00a0<\/span><\/strong><\/p>\n<p><span id=\"p224\">Le patron de l\u2019opposition guin\u00e9enne promet d\u2019\u00eatre vigilant sur l\u2019\u00e9volution de toutes les activit\u00e9s concernant l\u2019organisation des \u00e9lections, mais aussi, il compte maintenir la pression sur le Gouvernement pour l\u2019indemnisation des victimes des pillages et celles des familles endeuill\u00e9es lors des marches.<\/span><span id=\"p190\">\u00a0Par rapport \u00e0 la\u00a0<span id=\"207\">tenue des<\/span>\u00a0\u00e9lections communales,\u00a0<span id=\"208\">Cellou<\/span>\u00a0<span id=\"209\">Dalein<\/span>\u00a0<span id=\"210\">Diallo<\/span>\u00a0<span id=\"211\">a<\/span>\u00a0indiqu\u00e9 qu\u2019aucune d\u00e9faillance ne sera tol\u00e9r\u00e9e.<br \/>\n<\/span><br \/>\n<span id=\"p228\">\u00ab <em>L\u2019opposition sera extr\u00eames vigilant et ferme par rapport aux respects scrupuleux de la date des \u00e9lections qui a \u00e9t\u00e9 donn\u00e9e, c&rsquo;est-\u00e0-dire pour le 4 f\u00e9vrier 2018.<\/em><\/span><em><span id=\"p192\">\u00a0Toute d\u00e9faillance \u00e0 cet \u00e9gard ramera notre combat dans la rue.<\/span><\/em><span id=\"p193\"><em>\u00a0L\u2019argent a \u00e9t\u00e9 donn\u00e9, le reste a \u00e9t\u00e9 promis, nous allons \u00eatre vigilant \u00bb<\/em>, affirme le pr\u00e9sident de cette formation politique.<\/span><br \/>\n<span id=\"p194\">S\u2019exprimant sur la lutte contre l\u2019impunit\u00e9 et l\u2019indemnisation des victimes,\u00a0<span id=\"214\" class=\"s-rg-t\">Cellou<\/span>\u00a0<span id=\"215\" class=\"s-rg-t\">Dalein<\/span>\u00a0<span id=\"216\" class=\"s-rg-t\">Diallo<\/span>\u00a0annonce que des commissions seront mise en place et iront vers les autorit\u00e9s pour s\u2019enqu\u00e9rir de l\u2019\u00e9tat d\u2019avancement des deux points.<\/span><span id=\"p195\">\u00a0\u00ab<em>S\u2019il\u00a0<span id=\"217\">y a<\/span>\u00a0une volont\u00e9 politique r\u00e9elle et des actes concrets sont prises imm\u00e9diatement dans les jours qui arrivent, nous rentrons et nous pr\u00e9parons les \u00e9lections\u00bb<\/em> pr\u00e9cise le pr\u00e9sident de l\u2019<span id=\"218\">UFDG<\/span>.<br \/>\n<\/span><br \/>\n<span id=\"p196\">L\u2019appel \u00e0 la mobilisation a \u00e9t\u00e9 r\u00e9it\u00e9r\u00e9 aux militants au cas o\u00f9 des actes concrets ne seront pas entrepris a conclut\u00a0<span id=\"221\">Cellou<\/span>\u00a0<span id=\"222\">Dalein<\/span>\u00a0<span id=\"223\">Diallo<\/span>.<\/span><\/p>\n","protected":false},"excerpt":{"rendered":"<p>Comme \u00e0\u00a0l&rsquo;accoutum\u00e9e, l\u2019assembl\u00e9e g\u00e9n\u00e9rale de l\u2019Union des Forces D\u00e9mocratiques de Guin\u00e9e\u00a0UFDG\u00a0s\u2019est tenue samedi 7 octobre 2017 \u00e0 son si\u00e8ge, \u00e0 la mini\u00e8re sous la pr\u00e9sidence du leader\u00a0Cellou\u00a0Dalein\u00a0Diallo.\u00a0 Le patron de l\u2019opposition guin\u00e9enne promet d\u2019\u00eatre vigilant sur l\u2019\u00e9volution de toutes les activit\u00e9s concernant l\u2019organisation des \u00e9lections, mais aussi, il compte maintenir la pression sur le Gouvernement [&hellip;]<\/p>\n","protected":false},"author":16,"featured_media":22326,"comment_status":"closed","ping_status":"closed","sticky":false,"template":"","format":"standard","meta":{"_exactmetrics_skip_tracking":false,"_exactmetrics_sitenote_active":false,"_exactmetrics_sitenote_note":"","_exactmetrics_sitenote_category":0,"tdm_status":"","tdm_grid_status":"","footnotes":""},"categories":[14],"tags":[],"class_list":{"0":"post-22325","1":"post","2":"type-post","3":"status-publish","4":"format-standard","5":"has-post-thumbnail","7":"category-politique"},"yoast_head":"<!-- This site is optimized with the Yoast SEO plugin v24.2 - https:\/\/yoast.com\/wordpress\/plugins\/seo\/ -->\n<title>Cellou\u00a0Dalein\u00a0Diallo\u00a0:\u00a0\u00ab L\u2019opposition sera extr\u00eamement vigilante \u00bb | Guin\u00e9e Diversit\u00e9<\/title>\n<meta name=\"robots\" content=\"index, follow, max-snippet:-1, max-image-preview:large, max-video-preview:-1\" \/>\n<link rel=\"canonical\" href=\"https:\/\/guineediversite.com\/index.php\/2017\/10\/08\/cellou-dalein-diallo-lopposition-sera-extremement-vigilante\/\" \/>\n<meta property=\"og:locale\" content=\"fr_FR\" \/>\n<meta property=\"og:type\" content=\"article\" \/>\n<meta property=\"og:title\" content=\"Cellou\u00a0Dalein\u00a0Diallo\u00a0:\u00a0\u00ab L\u2019opposition sera extr\u00eamement vigilante \u00bb | Guin\u00e9e Diversit\u00e9\" \/>\n<meta property=\"og:description\" content=\"Comme \u00e0\u00a0l&rsquo;accoutum\u00e9e, l\u2019assembl\u00e9e g\u00e9n\u00e9rale de l\u2019Union des Forces D\u00e9mocratiques de Guin\u00e9e\u00a0UFDG\u00a0s\u2019est tenue samedi 7 octobre 2017 \u00e0 son si\u00e8ge, \u00e0 la mini\u00e8re sous la pr\u00e9sidence du leader\u00a0Cellou\u00a0Dalein\u00a0Diallo.\u00a0 Le patron de l\u2019opposition guin\u00e9enne promet d\u2019\u00eatre vigilant sur l\u2019\u00e9volution de toutes les activit\u00e9s concernant l\u2019organisation des \u00e9lections, mais aussi, il compte maintenir la pression sur le Gouvernement [&hellip;]\" \/>\n<meta property=\"og:url\" content=\"https:\/\/guineediversite.com\/index.php\/2017\/10\/08\/cellou-dalein-diallo-lopposition-sera-extremement-vigilante\/\" \/>\n<meta property=\"og:site_name\" content=\"Guin\u00e9e Diversit\u00e9\" \/>\n<meta property=\"article:publisher\" content=\"https:\/\/www.facebook.com\/guineediversite\/\" \/>\n<meta property=\"article:published_time\" content=\"2017-10-08T11:00:58+00:00\" \/>\n<meta property=\"og:image\" content=\"https:\/\/guineediversite.com\/wp-content\/uploads\/2017\/10\/10967_received_1988187961396034.jpg\" \/>\n\t<meta property=\"og:image:width\" content=\"1334\" \/>\n\t<meta property=\"og:image:height\" content=\"1000\" \/>\n\t<meta property=\"og:image:type\" content=\"image\/jpeg\" \/>\n<meta name=\"author\" content=\"Moussa Mo\u00efse K\u00e9ita\" \/>\n<meta name=\"twitter:card\" content=\"summary_large_image\" \/>\n<meta name=\"twitter:creator\" content=\"@GuineeDiversite\" \/>\n<meta name=\"twitter:site\" content=\"@GuineeDiversite\" \/>\n<meta name=\"twitter:label1\" content=\"\u00c9crit par\" \/>\n\t<meta name=\"twitter:data1\" content=\"Moussa Mo\u00efse K\u00e9ita\" \/>\n\t<meta name=\"twitter:label2\" content=\"Dur\u00e9e de lecture estim\u00e9e\" \/>\n\t<meta name=\"twitter:data2\" content=\"1 minute\" \/>\n<script type=\"application\/ld+json\" class=\"yoast-schema-graph\">{\"@context\":\"https:\/\/schema.org\",\"@graph\":[{\"@type\":\"Article\",\"@id\":\"https:\/\/guineediversite.com\/index.php\/2017\/10\/08\/cellou-dalein-diallo-lopposition-sera-extremement-vigilante\/#article\",\"isPartOf\":{\"@id\":\"https:\/\/guineediversite.com\/index.php\/2017\/10\/08\/cellou-dalein-diallo-lopposition-sera-extremement-vigilante\/\"},\"author\":{\"name\":\"Moussa Mo\u00efse K\u00e9ita\",\"@id\":\"https:\/\/guineediversite.com\/#\/schema\/person\/079ec347f72d2acde4b56a50a4fd46dc\"},\"headline\":\"Cellou\u00a0Dalein\u00a0Diallo\u00a0:\u00a0\u00ab L\u2019opposition sera extr\u00eamement vigilante \u00bb\",\"datePublished\":\"2017-10-08T11:00:58+00:00\",\"dateModified\":\"2017-10-08T11:00:58+00:00\",\"mainEntityOfPage\":{\"@id\":\"https:\/\/guineediversite.com\/index.php\/2017\/10\/08\/cellou-dalein-diallo-lopposition-sera-extremement-vigilante\/\"},\"wordCount\":290,\"publisher\":{\"@id\":\"https:\/\/guineediversite.com\/#organization\"},\"image\":{\"@id\":\"https:\/\/guineediversite.com\/index.php\/2017\/10\/08\/cellou-dalein-diallo-lopposition-sera-extremement-vigilante\/#primaryimage\"},\"thumbnailUrl\":\"https:\/\/guineediversite.com\/wp-content\/uploads\/2017\/10\/10967_received_1988187961396034.jpg\",\"articleSection\":[\"Politique\"],\"inLanguage\":\"fr-FR\"},{\"@type\":\"WebPage\",\"@id\":\"https:\/\/guineediversite.com\/index.php\/2017\/10\/08\/cellou-dalein-diallo-lopposition-sera-extremement-vigilante\/\",\"url\":\"https:\/\/guineediversite.com\/index.php\/2017\/10\/08\/cellou-dalein-diallo-lopposition-sera-extremement-vigilante\/\",\"name\":\"Cellou\u00a0Dalein\u00a0Diallo\u00a0:\u00a0\u00ab L\u2019opposition sera extr\u00eamement vigilante \u00bb | Guin\u00e9e Diversit\u00e9\",\"isPartOf\":{\"@id\":\"https:\/\/guineediversite.com\/#website\"},\"primaryImageOfPage\":{\"@id\":\"https:\/\/guineediversite.com\/index.php\/2017\/10\/08\/cellou-dalein-diallo-lopposition-sera-extremement-vigilante\/#primaryimage\"},\"image\":{\"@id\":\"https:\/\/guineediversite.com\/index.php\/2017\/10\/08\/cellou-dalein-diallo-lopposition-sera-extremement-vigilante\/#primaryimage\"},\"thumbnailUrl\":\"https:\/\/guineediversite.com\/wp-content\/uploads\/2017\/10\/10967_received_1988187961396034.jpg\",\"datePublished\":\"2017-10-08T11:00:58+00:00\",\"dateModified\":\"2017-10-08T11:00:58+00:00\",\"breadcrumb\":{\"@id\":\"https:\/\/guineediversite.com\/index.php\/2017\/10\/08\/cellou-dalein-diallo-lopposition-sera-extremement-vigilante\/#breadcrumb\"},\"inLanguage\":\"fr-FR\",\"potentialAction\":[{\"@type\":\"ReadAction\",\"target\":[\"https:\/\/guineediversite.com\/index.php\/2017\/10\/08\/cellou-dalein-diallo-lopposition-sera-extremement-vigilante\/\"]}]},{\"@type\":\"ImageObject\",\"inLanguage\":\"fr-FR\",\"@id\":\"https:\/\/guineediversite.com\/index.php\/2017\/10\/08\/cellou-dalein-diallo-lopposition-sera-extremement-vigilante\/#primaryimage\",\"url\":\"https:\/\/guineediversite.com\/wp-content\/uploads\/2017\/10\/10967_received_1988187961396034.jpg\",\"contentUrl\":\"https:\/\/guineediversite.com\/wp-content\/uploads\/2017\/10\/10967_received_1988187961396034.jpg\",\"width\":\"1334\",\"height\":\"1000\"},{\"@type\":\"BreadcrumbList\",\"@id\":\"https:\/\/guineediversite.com\/index.php\/2017\/10\/08\/cellou-dalein-diallo-lopposition-sera-extremement-vigilante\/#breadcrumb\",\"itemListElement\":[{\"@type\":\"ListItem\",\"position\":1,\"name\":\"Accueil\",\"item\":\"https:\/\/guineediversite.com\/\"},{\"@type\":\"ListItem\",\"position\":2,\"name\":\"Cellou\u00a0Dalein\u00a0Diallo\u00a0:\u00a0\u00ab L\u2019opposition sera extr\u00eamement vigilante \u00bb\"}]},{\"@type\":\"WebSite\",\"@id\":\"https:\/\/guineediversite.com\/#website\",\"url\":\"https:\/\/guineediversite.com\/\",\"name\":\"Guin\u00e9e Diversit\u00e9\",\"description\":\"L&#039;Info dans toute sa diversit\u00e9\",\"publisher\":{\"@id\":\"https:\/\/guineediversite.com\/#organization\"},\"potentialAction\":[{\"@type\":\"SearchAction\",\"target\":{\"@type\":\"EntryPoint\",\"urlTemplate\":\"https:\/\/guineediversite.com\/?s={search_term_string}\"},\"query-input\":{\"@type\":\"PropertyValueSpecification\",\"valueRequired\":true,\"valueName\":\"search_term_string\"}}],\"inLanguage\":\"fr-FR\"},{\"@type\":\"Organization\",\"@id\":\"https:\/\/guineediversite.com\/#organization\",\"name\":\"Guin\u00e9e Diversit\u00e9\",\"url\":\"https:\/\/guineediversite.com\/\",\"logo\":{\"@type\":\"ImageObject\",\"inLanguage\":\"fr-FR\",\"@id\":\"https:\/\/guineediversite.com\/#\/schema\/logo\/image\/\",\"url\":\"https:\/\/guineediversite.com\/wp-content\/uploads\/2017\/04\/cropped-1jojlxEOMkX9Wyqfhe43D6kjPOGqBBKmx3EwWJqZ0cMrFF54yM49.png\",\"contentUrl\":\"https:\/\/guineediversite.com\/wp-content\/uploads\/2017\/04\/cropped-1jojlxEOMkX9Wyqfhe43D6kjPOGqBBKmx3EwWJqZ0cMrFF54yM49.png\",\"width\":186,\"height\":112,\"caption\":\"Guin\u00e9e Diversit\u00e9\"},\"image\":{\"@id\":\"https:\/\/guineediversite.com\/#\/schema\/logo\/image\/\"},\"sameAs\":[\"https:\/\/www.facebook.com\/guineediversite\/\",\"https:\/\/x.com\/GuineeDiversite\",\"https:\/\/www.youtube.com\/channel\/UC8sUY16qelG5ge6_D5SB83g\"]},{\"@type\":\"Person\",\"@id\":\"https:\/\/guineediversite.com\/#\/schema\/person\/079ec347f72d2acde4b56a50a4fd46dc\",\"name\":\"Moussa Mo\u00efse K\u00e9ita\",\"image\":{\"@type\":\"ImageObject\",\"inLanguage\":\"fr-FR\",\"@id\":\"https:\/\/guineediversite.com\/#\/schema\/person\/image\/\",\"url\":\"https:\/\/secure.gravatar.com\/avatar\/edf1ea2cc01841e6c0b49384bcb1385b?s=96&d=mm&r=g\",\"contentUrl\":\"https:\/\/secure.gravatar.com\/avatar\/edf1ea2cc01841e6c0b49384bcb1385b?s=96&d=mm&r=g\",\"caption\":\"Moussa Mo\u00efse K\u00e9ita\"},\"url\":\"https:\/\/guineediversite.com\/index.php\/author\/moussa-moise\/\"}]}<\/script>\n<!-- \/ Yoast SEO plugin. -->","yoast_head_json":{"title":"Cellou\u00a0Dalein\u00a0Diallo\u00a0:\u00a0\u00ab L\u2019opposition sera extr\u00eamement vigilante \u00bb | Guin\u00e9e Diversit\u00e9","robots":{"index":"index","follow":"follow","max-snippet":"max-snippet:-1","max-image-preview":"max-image-preview:large","max-video-preview":"max-video-preview:-1"},"canonical":"https:\/\/guineediversite.com\/index.php\/2017\/10\/08\/cellou-dalein-diallo-lopposition-sera-extremement-vigilante\/","og_locale":"fr_FR","og_type":"article","og_title":"Cellou\u00a0Dalein\u00a0Diallo\u00a0:\u00a0\u00ab L\u2019opposition sera extr\u00eamement vigilante \u00bb | Guin\u00e9e Diversit\u00e9","og_description":"Comme \u00e0\u00a0l&rsquo;accoutum\u00e9e, l\u2019assembl\u00e9e g\u00e9n\u00e9rale de l\u2019Union des Forces D\u00e9mocratiques de Guin\u00e9e\u00a0UFDG\u00a0s\u2019est tenue samedi 7 octobre 2017 \u00e0 son si\u00e8ge, \u00e0 la mini\u00e8re sous la pr\u00e9sidence du leader\u00a0Cellou\u00a0Dalein\u00a0Diallo.\u00a0 Le patron de l\u2019opposition guin\u00e9enne promet d\u2019\u00eatre vigilant sur l\u2019\u00e9volution de toutes les activit\u00e9s concernant l\u2019organisation des \u00e9lections, mais aussi, il compte maintenir la pression sur le Gouvernement [&hellip;]","og_url":"https:\/\/guineediversite.com\/index.php\/2017\/10\/08\/cellou-dalein-diallo-lopposition-sera-extremement-vigilante\/","og_site_name":"Guin\u00e9e Diversit\u00e9","article_publisher":"https:\/\/www.facebook.com\/guineediversite\/","article_published_time":"2017-10-08T11:00:58+00:00","og_image":[{"width":1334,"height":1000,"url":"https:\/\/guineediversite.com\/wp-content\/uploads\/2017\/10\/10967_received_1988187961396034.jpg","type":"image\/jpeg"}],"author":"Moussa Mo\u00efse K\u00e9ita","twitter_card":"summary_large_image","twitter_creator":"@GuineeDiversite","twitter_site":"@GuineeDiversite","twitter_misc":{"\u00c9crit par":"Moussa Mo\u00efse K\u00e9ita","Dur\u00e9e de lecture estim\u00e9e":"1 minute"},"schema":{"@context":"https:\/\/schema.org","@graph":[{"@type":"Article","@id":"https:\/\/guineediversite.com\/index.php\/2017\/10\/08\/cellou-dalein-diallo-lopposition-sera-extremement-vigilante\/#article","isPartOf":{"@id":"https:\/\/guineediversite.com\/index.php\/2017\/10\/08\/cellou-dalein-diallo-lopposition-sera-extremement-vigilante\/"},"author":{"name":"Moussa Mo\u00efse K\u00e9ita","@id":"https:\/\/guineediversite.com\/#\/schema\/person\/079ec347f72d2acde4b56a50a4fd46dc"},"headline":"Cellou\u00a0Dalein\u00a0Diallo\u00a0:\u00a0\u00ab L\u2019opposition sera extr\u00eamement vigilante \u00bb","datePublished":"2017-10-08T11:00:58+00:00","dateModified":"2017-10-08T11:00:58+00:00","mainEntityOfPage":{"@id":"https:\/\/guineediversite.com\/index.php\/2017\/10\/08\/cellou-dalein-diallo-lopposition-sera-extremement-vigilante\/"},"wordCount":290,"publisher":{"@id":"https:\/\/guineediversite.com\/#organization"},"image":{"@id":"https:\/\/guineediversite.com\/index.php\/2017\/10\/08\/cellou-dalein-diallo-lopposition-sera-extremement-vigilante\/#primaryimage"},"thumbnailUrl":"https:\/\/guineediversite.com\/wp-content\/uploads\/2017\/10\/10967_received_1988187961396034.jpg","articleSection":["Politique"],"inLanguage":"fr-FR"},{"@type":"WebPage","@id":"https:\/\/guineediversite.com\/index.php\/2017\/10\/08\/cellou-dalein-diallo-lopposition-sera-extremement-vigilante\/","url":"https:\/\/guineediversite.com\/index.php\/2017\/10\/08\/cellou-dalein-diallo-lopposition-sera-extremement-vigilante\/","name":"Cellou\u00a0Dalein\u00a0Diallo\u00a0:\u00a0\u00ab L\u2019opposition sera extr\u00eamement vigilante \u00bb | Guin\u00e9e Diversit\u00e9","isPartOf":{"@id":"https:\/\/guineediversite.com\/#website"},"primaryImageOfPage":{"@id":"https:\/\/guineediversite.com\/index.php\/2017\/10\/08\/cellou-dalein-diallo-lopposition-sera-extremement-vigilante\/#primaryimage"},"image":{"@id":"https:\/\/guineediversite.com\/index.php\/2017\/10\/08\/cellou-dalein-diallo-lopposition-sera-extremement-vigilante\/#primaryimage"},"thumbnailUrl":"https:\/\/guineediversite.com\/wp-content\/uploads\/2017\/10\/10967_received_1988187961396034.jpg","datePublished":"2017-10-08T11:00:58+00:00","dateModified":"2017-10-08T11:00:58+00:00","breadcrumb":{"@id":"https:\/\/guineediversite.com\/index.php\/2017\/10\/08\/cellou-dalein-diallo-lopposition-sera-extremement-vigilante\/#breadcrumb"},"inLanguage":"fr-FR","potentialAction":[{"@type":"ReadAction","target":["https:\/\/guineediversite.com\/index.php\/2017\/10\/08\/cellou-dalein-diallo-lopposition-sera-extremement-vigilante\/"]}]},{"@type":"ImageObject","inLanguage":"fr-FR","@id":"https:\/\/guineediversite.com\/index.php\/2017\/10\/08\/cellou-dalein-diallo-lopposition-sera-extremement-vigilante\/#primaryimage","url":"https:\/\/guineediversite.com\/wp-content\/uploads\/2017\/10\/10967_received_1988187961396034.jpg","contentUrl":"https:\/\/guineediversite.com\/wp-content\/uploads\/2017\/10\/10967_received_1988187961396034.jpg","width":"1334","height":"1000"},{"@type":"BreadcrumbList","@id":"https:\/\/guineediversite.com\/index.php\/2017\/10\/08\/cellou-dalein-diallo-lopposition-sera-extremement-vigilante\/#breadcrumb","itemListElement":[{"@type":"ListItem","position":1,"name":"Accueil","item":"https:\/\/guineediversite.com\/"},{"@type":"ListItem","position":2,"name":"Cellou\u00a0Dalein\u00a0Diallo\u00a0:\u00a0\u00ab L\u2019opposition sera extr\u00eamement vigilante \u00bb"}]},{"@type":"WebSite","@id":"https:\/\/guineediversite.com\/#website","url":"https:\/\/guineediversite.com\/","name":"Guin\u00e9e Diversit\u00e9","description":"L&#039;Info dans toute sa diversit\u00e9","publisher":{"@id":"https:\/\/guineediversite.com\/#organization"},"potentialAction":[{"@type":"SearchAction","target":{"@type":"EntryPoint","urlTemplate":"https:\/\/guineediversite.com\/?s={search_term_string}"},"query-input":{"@type":"PropertyValueSpecification","valueRequired":true,"valueName":"search_term_string"}}],"inLanguage":"fr-FR"},{"@type":"Organization","@id":"https:\/\/guineediversite.com\/#organization","name":"Guin\u00e9e Diversit\u00e9","url":"https:\/\/guineediversite.com\/","logo":{"@type":"ImageObject","inLanguage":"fr-FR","@id":"https:\/\/guineediversite.com\/#\/schema\/logo\/image\/","url":"https:\/\/guineediversite.com\/wp-content\/uploads\/2017\/04\/cropped-1jojlxEOMkX9Wyqfhe43D6kjPOGqBBKmx3EwWJqZ0cMrFF54yM49.png","contentUrl":"https:\/\/guineediversite.com\/wp-content\/uploads\/2017\/04\/cropped-1jojlxEOMkX9Wyqfhe43D6kjPOGqBBKmx3EwWJqZ0cMrFF54yM49.png","width":186,"height":112,"caption":"Guin\u00e9e Diversit\u00e9"},"image":{"@id":"https:\/\/guineediversite.com\/#\/schema\/logo\/image\/"},"sameAs":["https:\/\/www.facebook.com\/guineediversite\/","https:\/\/x.com\/GuineeDiversite","https:\/\/www.youtube.com\/channel\/UC8sUY16qelG5ge6_D5SB83g"]},{"@type":"Person","@id":"https:\/\/guineediversite.com\/#\/schema\/person\/079ec347f72d2acde4b56a50a4fd46dc","name":"Moussa Mo\u00efse K\u00e9ita","image":{"@type":"ImageObject","inLanguage":"fr-FR","@id":"https:\/\/guineediversite.com\/#\/schema\/person\/image\/","url":"https:\/\/secure.gravatar.com\/avatar\/edf1ea2cc01841e6c0b49384bcb1385b?s=96&d=mm&r=g","contentUrl":"https:\/\/secure.gravatar.com\/avatar\/edf1ea2cc01841e6c0b49384bcb1385b?s=96&d=mm&r=g","caption":"Moussa Mo\u00efse K\u00e9ita"},"url":"https:\/\/guineediversite.com\/index.php\/author\/moussa-moise\/"}]}},"_links":{"self":[{"href":"https:\/\/guineediversite.com\/index.php\/wp-json\/wp\/v2\/posts\/22325"}],"collection":[{"href":"https:\/\/guineediversite.com\/index.php\/wp-json\/wp\/v2\/posts"}],"about":[{"href":"https:\/\/guineediversite.com\/index.php\/wp-json\/wp\/v2\/types\/post"}],"author":[{"embeddable":true,"href":"https:\/\/guineediversite.com\/index.php\/wp-json\/wp\/v2\/users\/16"}],"replies":[{"embeddable":true,"href":"https:\/\/guineediversite.com\/index.php\/wp-json\/wp\/v2\/comments?post=22325"}],"version-history":[{"count":0,"href":"https:\/\/guineediversite.com\/index.php\/wp-json\/wp\/v2\/posts\/22325\/revisions"}],"wp:featuredmedia":[{"embeddable":true,"href":"https:\/\/guineediversite.com\/index.php\/wp-json\/wp\/v2\/media\/22326"}],"wp:attachment":[{"href":"https:\/\/guineediversite.com\/index.php\/wp-json\/wp\/v2\/media?parent=22325"}],"wp:term":[{"taxonomy":"category","embeddable":true,"href":"https:\/\/guineediversite.com\/index.php\/wp-json\/wp\/v2\/categories?post=22325"},{"taxonomy":"post_tag","embeddable":true,"href":"https:\/\/guineediversite.com\/index.php\/wp-json\/wp\/v2\/tags?post=22325"}],"curies":[{"name":"wp","href":"https:\/\/api.w.org\/{rel}","templated":true}]}}